{"id":15590,"date":"2022-07-07T09:34:26","date_gmt":"2022-07-07T07:34:26","guid":{"rendered":"https:\/\/www.m-q.ch\/?p=16597"},"modified":"2022-07-21T12:01:36","modified_gmt":"2022-07-21T10:01:36","slug":"bereichsuebergreifende-datenloeschung-datenschutz-umfrage-zeigt-luft-nach-oben","status":"publish","type":"post","link":"https:\/\/www.organisator.ch\/it\/operational-excellence\/2022-07-07\/bereichsuebergreifende-datenloeschung-datenschutz-umfrage-zeigt-luft-nach-oben\/","title":{"rendered":"Cancellazione trasversale dei dati: l'indagine sulla protezione dei dati mostra margini di miglioramento"},"content":{"rendered":"<figure id=\"attachment_16598\" class=\"wp-caption alignnone\" style=\"width: 680px\" aria-describedby=\"caption-attachment-16598\"><img class=\"alignnone wp-image-16598 size-full\" src=\"https:\/\/www.m-q.ch\/wp-content\/uploads\/2022\/07\/Bereichsuebergreifende-Datenloeschung-Datenschutz-Umfrage-zeigt-Luft-nach-oben_MQ.jpg\" alt=\"Legge sulla protezione dei dati personali Svizzera\" width=\"680\" height=\"432\" \/><figcaption id=\"caption-attachment-16598\" class=\"wp-caption-text\">L'indagine Swiss Infosec e Swiss GRC Heartbeat tasta il polso ai temi attuali. (Immagine: Adobe Stock\/stock.adobe.com)<\/figcaption><\/figure>\r\n115 persone hanno partecipato al sondaggio Swiss Infosec Heartbeat sulla protezione dei dati. La maggior parte di loro (40%) lavora nel reparto IT della propria azienda. Tuttavia, numerose risposte sono arrivate anche dai dipartimenti Legale e Risorse Umane e dal Consiglio di Amministrazione\/Direzione esecutiva. Il fatto che la protezione dei dati sia percepita e presa sul serio come un argomento importante a livello di consiglio di amministrazione e di direzione rende gli autori di questo sondaggio sulla protezione dei dati fiduciosi e parla di una maggiore priorit\u00e0 della protezione dei dati.\r\n<h3>Buona pagella in termini di requisiti interni di protezione dei dati<\/h3>\r\n83% delle organizzazioni che hanno partecipato all'indagine sulla protezione dei dati hanno un documento interno con linee guida sulla protezione dei dati. 12% non dispongono di tale documento e i restanti 5% non sanno se esistono linee guida interne per la protezione dei dati. L'esistenza di linee guida interne sulla protezione dei dati dimostra che le organizzazioni si occupano del tema della protezione dei dati\/della legge sulla protezione dei dati e che la gestione della protezione dei dati non \u00e8 arbitraria, ma \u00e8 chiaramente stabilita in relazione all'azienda. Questo crea sicurezza e continuit\u00e0. 66% delle organizzazioni impiegano titolari di dati che sono responsabili di una certa parte dei dati all'interno dell'organizzazione.\r\n<h3>Solo poche aziende non hanno ancora un'informativa sulla privacy<\/h3>\r\n104 dei 115 intervistati o 90% confermano che la loro organizzazione ha una dichiarazione sulla protezione dei dati (DSE). Questo valore elevato \u00e8 piacevole. Tuttavia, gli esperti di protezione dei dati di Swiss Infosec AG si pongono la domanda - che non \u00e8 stata posta esplicitamente nel sondaggio - se questi DSE coprano anche il trattamento dei dati al di fuori del sito web. L'esperienza dimostra che probabilmente non \u00e8 cos\u00ec ovunque. Alla luce della nuova legge sulla protezione dei dati, tuttavia, queste attivit\u00e0 di trattamento dei dati dovrebbero essere coperte dalle dichiarazioni sulla protezione dei dati.\r\n<h3>Il sondaggio sulla protezione dei dati mostra un margine di miglioramento per quanto riguarda la cancellazione regolare e trasversale di dati<\/h3>\r\nNon inaspettatamente, il maggior potenziale di ottimizzazione \u00e8 rappresentato dalla cancellazione dei dati. Sebbene 39% dei partecipanti all'indagine affermino che i dati vengono cancellati regolarmente e in tutti i reparti della loro organizzazione, ci\u00f2 non avviene in 43% delle aziende. Tuttavia, in 43% delle aziende la cancellazione dei dati non avviene e il restante 8% degli intervistati non ne \u00e8 a conoscenza. Eugen Roesle, responsabile dell'ufficio legale e della privacy di Swiss Infosec AG, parla in questo contesto dell'\"ultimo miglio della protezione dei dati\" che molte aziende devono ancora percorrere, anche se l'NDSG non cambia nulla in termini puramente legali per quanto riguarda la cancellazione dei dati. I dati personali che non sono pi\u00f9 necessari perch\u00e9 hanno raggiunto il loro scopo devono essere cancellati gi\u00e0 in base alla legge vigente.\r\n<h3>Considerare la governance della protezione dei dati<\/h3>\r\nUn requisito fondamentale della governance della protezione dei dati \u00e8 l'implementazione di un processo che verifichi la conformit\u00e0 alla protezione dei dati per i nuovi progetti che coinvolgono dati personali. 57% delle organizzazioni partecipanti soddisfano questo requisito, 43% non lo soddisfano o meglio non lo soddisfano. \u00c8 necessario intervenire nell'area della governance della protezione dei dati, soprattutto perch\u00e9 la revisione tempestiva e, nel migliore dei casi, automatica della conformit\u00e0 alla protezione dei dati per i nuovi progetti fa risparmiare tempo ed elimina incertezze e spiacevoli sorprese.\r\n<h3>Supporto attraverso strumenti specifici\/soluzioni software?<\/h3>\r\nSecondo l'indagine, le organizzazioni che si affidano a strumenti\/soluzioni software specifici nell'ambito della protezione dei dati sono sottorappresentate. Dopo tutto, 40% delle aziende si avvalgono di tale supporto, 60% non lo fanno (ancora). Resta aperto il problema se le dimensioni dell'azienda o la sua complessit\u00e0 influenzino la decisione di utilizzare gli strumenti o se le offerte corrispondenti e le loro soluzioni personalizzate siano troppo poco conosciute.\r\n\r\n<em>Fonte: <a href=\"http:\/\/www.infosec.ch\/\">Infosec Svizzera<\/a><\/em>\n<p class=\"syndicated-attribution\">Questo articolo \u00e8 apparso originariamente su m-q.ch - <a href=\"https:\/\/www.m-q.ch\/de\/bereichsuebergreifende-datenloeschung-datenschutz-umfrage-zeigt-luft-nach-oben\/\" target=\"_blank\">https:\/\/www.m-q.ch\/de\/bereichsuebergreifende-datenloeschung-datenschutz-umfrage-zeigt-luft-nach-oben\/<\/a><\/p>","protected":false},"excerpt":{"rendered":"<p>An der Swiss Infosec Heartbeat-Umfrage zum Thema Datenschutz haben 115 Personen teilgenommen. Die meisten davon (40%) arbeiten in der IT-Abteilung ihres Unternehmens. Zahlreiche Antworten kamen aber auch aus den Abteilungen Legal und HR und aus dem Bereich Verwaltungsrat\/Gesch\u00e4ftsleitung. Die Tatsache, dass Datenschutz auf Verwaltungsrat- und Managementebene als wichtiges Thema wahr- und ernstgenommen wird, stimmt die [\u2026]<\/p>\n","protected":false},"author":8,"featured_media":0,"comment_status":"closed","ping_status":"closed","sticky":false,"template":"","format":"standard","meta":{"_acf_changed":false,"_yoast_wpseo_focuskw":"Datenschutzgesetz Schweiz","_yoast_wpseo_metadesc":"Das neue Datenschutzgesetz (NDSG) tritt im kommenden Jahr in Kraft. Die Swiss Infosec AG wollte zusammen mit der Swiss GRC AG im Rahmen einer Datenschutz-Umfrage erfahren, ob die Aussicht auf das Inkrafttreten des NDSG per 1. September 2023 bereits Auswirkungen darauf hat, wie in den Unternehmen mit Datenschutz umgegangen wird.","articlekey":"","footnotes":""},"categories":[582],"tags":[3053,3020,3054],"class_list":["post-15590","post","type-post","status-publish","format-standard","hentry","category-operational-excellence","tag-datenschutz-umfrage","tag-datenschutzgesetz-schweiz","tag-ndsg"],"acf":[],"yoast_head":"<!-- This site is optimized with the Yoast SEO plugin v27.5 - https:\/\/yoast.com\/product\/yoast-seo-wordpress\/ -->\n<title>Bereichs\u00fcbergreifende Datenl\u00f6schung: Datenschutz-Umfrage zeigt Luft nach oben - Organisator<\/title>\n<meta name=\"description\" content=\"Das neue Datenschutzgesetz (NDSG) tritt im kommenden Jahr in Kraft. Die Swiss Infosec AG wollte zusammen mit der Swiss GRC AG im Rahmen einer Datenschutz-Umfrage erfahren, ob die Aussicht auf das Inkrafttreten des NDSG per 1. September 2023 bereits Auswirkungen darauf hat, wie in den Unternehmen mit Datenschutz umgegangen wird.\" \/>\n<meta name=\"robots\" content=\"index, follow, max-snippet:-1, max-image-preview:large, max-video-preview:-1\" \/>\n<link rel=\"canonical\" href=\"https:\/\/www.m-q.ch\/de\/bereichsuebergreifende-datenloeschung-datenschutz-umfrage-zeigt-luft-nach-oben\/\" \/>\n<meta property=\"og:locale\" content=\"it_IT\" \/>\n<meta property=\"og:type\" content=\"article\" \/>\n<meta property=\"og:title\" content=\"Bereichs\u00fcbergreifende Datenl\u00f6schung: Datenschutz-Umfrage zeigt Luft nach oben - Organisator\" \/>\n<meta property=\"og:description\" content=\"Das neue Datenschutzgesetz (NDSG) tritt im kommenden Jahr in Kraft. Die Swiss Infosec AG wollte zusammen mit der Swiss GRC AG im Rahmen einer Datenschutz-Umfrage erfahren, ob die Aussicht auf das Inkrafttreten des NDSG per 1. September 2023 bereits Auswirkungen darauf hat, wie in den Unternehmen mit Datenschutz umgegangen wird.\" \/>\n<meta property=\"og:url\" content=\"https:\/\/www.m-q.ch\/de\/bereichsuebergreifende-datenloeschung-datenschutz-umfrage-zeigt-luft-nach-oben\/\" \/>\n<meta property=\"og:site_name\" content=\"Organisator\" \/>\n<meta property=\"article:publisher\" content=\"https:\/\/www.facebook.com\/OrganisatorFachmagazin\" \/>\n<meta property=\"article:published_time\" content=\"2022-07-07T07:34:26+00:00\" \/>\n<meta property=\"article:modified_time\" content=\"2022-07-21T10:01:36+00:00\" \/>\n<meta property=\"og:image\" content=\"https:\/\/www.m-q.ch\/wp-content\/uploads\/2022\/07\/Bereichsuebergreifende-Datenloeschung-Datenschutz-Umfrage-zeigt-Luft-nach-oben_MQ.jpg\" \/>\n<meta name=\"author\" content=\"galledia\" \/>\n<meta name=\"twitter:card\" content=\"summary_large_image\" \/>\n<meta name=\"twitter:creator\" content=\"@admin\" \/>\n<script type=\"application\/ld+json\" class=\"yoast-schema-graph\">{\"@context\":\"https:\\\/\\\/schema.org\",\"@graph\":[{\"@type\":\"Article\",\"@id\":\"https:\\\/\\\/www.m-q.ch\\\/de\\\/bereichsuebergreifende-datenloeschung-datenschutz-umfrage-zeigt-luft-nach-oben\\\/#article\",\"isPartOf\":{\"@id\":\"https:\\\/\\\/www.organisator.ch\\\/operational-excellence\\\/2022-07-07\\\/bereichsuebergreifende-datenloeschung-datenschutz-umfrage-zeigt-luft-nach-oben\\\/\"},\"author\":{\"name\":\"galledia\",\"@id\":\"https:\\\/\\\/www.organisator.ch\\\/#\\\/schema\\\/person\\\/4e51799071cd2dd1232ac003643ef5f0\"},\"headline\":\"Bereichs\u00fcbergreifende Datenl\u00f6schung: Datenschutz-Umfrage zeigt Luft nach oben\",\"datePublished\":\"2022-07-07T07:34:26+00:00\",\"dateModified\":\"2022-07-21T10:01:36+00:00\",\"mainEntityOfPage\":{\"@id\":\"https:\\\/\\\/www.organisator.ch\\\/operational-excellence\\\/2022-07-07\\\/bereichsuebergreifende-datenloeschung-datenschutz-umfrage-zeigt-luft-nach-oben\\\/\"},\"wordCount\":552,\"publisher\":{\"@id\":\"https:\\\/\\\/www.organisator.ch\\\/#organization\"},\"image\":{\"@id\":\"https:\\\/\\\/www.m-q.ch\\\/de\\\/bereichsuebergreifende-datenloeschung-datenschutz-umfrage-zeigt-luft-nach-oben\\\/#primaryimage\"},\"thumbnailUrl\":\"https:\\\/\\\/www.m-q.ch\\\/wp-content\\\/uploads\\\/2022\\\/07\\\/Bereichsuebergreifende-Datenloeschung-Datenschutz-Umfrage-zeigt-Luft-nach-oben_MQ.jpg\",\"keywords\":[\"Datenschutz-Umfrage\",\"Datenschutzgesetz Schweiz\",\"NDSG\"],\"articleSection\":[\"OPERATIONAL EXCELLENCE\"],\"inLanguage\":\"it-IT\"},{\"@type\":\"WebPage\",\"@id\":\"https:\\\/\\\/www.organisator.ch\\\/operational-excellence\\\/2022-07-07\\\/bereichsuebergreifende-datenloeschung-datenschutz-umfrage-zeigt-luft-nach-oben\\\/\",\"url\":\"https:\\\/\\\/www.m-q.ch\\\/de\\\/bereichsuebergreifende-datenloeschung-datenschutz-umfrage-zeigt-luft-nach-oben\\\/\",\"name\":\"Bereichs\u00fcbergreifende Datenl\u00f6schung: Datenschutz-Umfrage zeigt Luft nach oben - Organisator\",\"isPartOf\":{\"@id\":\"https:\\\/\\\/www.organisator.ch\\\/#website\"},\"primaryImageOfPage\":{\"@id\":\"https:\\\/\\\/www.m-q.ch\\\/de\\\/bereichsuebergreifende-datenloeschung-datenschutz-umfrage-zeigt-luft-nach-oben\\\/#primaryimage\"},\"image\":{\"@id\":\"https:\\\/\\\/www.m-q.ch\\\/de\\\/bereichsuebergreifende-datenloeschung-datenschutz-umfrage-zeigt-luft-nach-oben\\\/#primaryimage\"},\"thumbnailUrl\":\"https:\\\/\\\/www.m-q.ch\\\/wp-content\\\/uploads\\\/2022\\\/07\\\/Bereichsuebergreifende-Datenloeschung-Datenschutz-Umfrage-zeigt-Luft-nach-oben_MQ.jpg\",\"datePublished\":\"2022-07-07T07:34:26+00:00\",\"dateModified\":\"2022-07-21T10:01:36+00:00\",\"description\":\"Das neue Datenschutzgesetz (NDSG) tritt im kommenden Jahr in Kraft. Die Swiss Infosec AG wollte zusammen mit der Swiss GRC AG im Rahmen einer Datenschutz-Umfrage erfahren, ob die Aussicht auf das Inkrafttreten des NDSG per 1. September 2023 bereits Auswirkungen darauf hat, wie in den Unternehmen mit Datenschutz umgegangen wird.\",\"breadcrumb\":{\"@id\":\"https:\\\/\\\/www.m-q.ch\\\/de\\\/bereichsuebergreifende-datenloeschung-datenschutz-umfrage-zeigt-luft-nach-oben\\\/#breadcrumb\"},\"inLanguage\":\"it-IT\",\"potentialAction\":[{\"@type\":\"ReadAction\",\"target\":[\"https:\\\/\\\/www.m-q.ch\\\/de\\\/bereichsuebergreifende-datenloeschung-datenschutz-umfrage-zeigt-luft-nach-oben\\\/\"]}]},{\"@type\":\"ImageObject\",\"inLanguage\":\"it-IT\",\"@id\":\"https:\\\/\\\/www.m-q.ch\\\/de\\\/bereichsuebergreifende-datenloeschung-datenschutz-umfrage-zeigt-luft-nach-oben\\\/#primaryimage\",\"url\":\"https:\\\/\\\/www.m-q.ch\\\/wp-content\\\/uploads\\\/2022\\\/07\\\/Bereichsuebergreifende-Datenloeschung-Datenschutz-Umfrage-zeigt-Luft-nach-oben_MQ.jpg\",\"contentUrl\":\"https:\\\/\\\/www.m-q.ch\\\/wp-content\\\/uploads\\\/2022\\\/07\\\/Bereichsuebergreifende-Datenloeschung-Datenschutz-Umfrage-zeigt-Luft-nach-oben_MQ.jpg\"},{\"@type\":\"BreadcrumbList\",\"@id\":\"https:\\\/\\\/www.m-q.ch\\\/de\\\/bereichsuebergreifende-datenloeschung-datenschutz-umfrage-zeigt-luft-nach-oben\\\/#breadcrumb\",\"itemListElement\":[{\"@type\":\"ListItem\",\"position\":1,\"name\":\"Home\",\"item\":\"https:\\\/\\\/www.organisator.ch\\\/\"},{\"@type\":\"ListItem\",\"position\":2,\"name\":\"Bereichs\u00fcbergreifende Datenl\u00f6schung: Datenschutz-Umfrage zeigt Luft nach oben\"}]},{\"@type\":\"WebSite\",\"@id\":\"https:\\\/\\\/www.organisator.ch\\\/#website\",\"url\":\"https:\\\/\\\/www.organisator.ch\\\/\",\"name\":\"Organisator\",\"description\":\"Kompetent. Praxisnah. Der ORGANISATOR bereitet in 10 Ausgaben pro Jahr die wesentlichen Themen f\u00fcr F\u00fchrungskr\u00e4fte von KMU auf.\",\"publisher\":{\"@id\":\"https:\\\/\\\/www.organisator.ch\\\/#organization\"},\"potentialAction\":[{\"@type\":\"SearchAction\",\"target\":{\"@type\":\"EntryPoint\",\"urlTemplate\":\"https:\\\/\\\/www.organisator.ch\\\/?s={search_term_string}\"},\"query-input\":{\"@type\":\"PropertyValueSpecification\",\"valueRequired\":true,\"valueName\":\"search_term_string\"}}],\"inLanguage\":\"it-IT\"},{\"@type\":\"Organization\",\"@id\":\"https:\\\/\\\/www.organisator.ch\\\/#organization\",\"name\":\"Organisator\",\"url\":\"https:\\\/\\\/www.organisator.ch\\\/\",\"logo\":{\"@type\":\"ImageObject\",\"inLanguage\":\"it-IT\",\"@id\":\"https:\\\/\\\/www.organisator.ch\\\/#\\\/schema\\\/logo\\\/image\\\/\",\"url\":\"https:\\\/\\\/www.organisator.ch\\\/wp-content\\\/uploads\\\/2022\\\/01\\\/Logo_Organisator_Website.png\",\"contentUrl\":\"https:\\\/\\\/www.organisator.ch\\\/wp-content\\\/uploads\\\/2022\\\/01\\\/Logo_Organisator_Website.png\",\"width\":800,\"height\":77,\"caption\":\"Organisator\"},\"image\":{\"@id\":\"https:\\\/\\\/www.organisator.ch\\\/#\\\/schema\\\/logo\\\/image\\\/\"},\"sameAs\":[\"https:\\\/\\\/www.facebook.com\\\/OrganisatorFachmagazin\",\"https:\\\/\\\/www.linkedin.com\\\/showcase\\\/organisator-das-magazin-fr-kmu\",\"https:\\\/\\\/www.xing.com\\\/news\\\/pages\\\/organisator-ch-695\",\"https:\\\/\\\/www.youtube.com\\\/channel\\\/UCGP2Sq0iWaZwT3BdIAQFYpw\"]},{\"@type\":\"Person\",\"@id\":\"https:\\\/\\\/www.organisator.ch\\\/#\\\/schema\\\/person\\\/4e51799071cd2dd1232ac003643ef5f0\",\"name\":\"galledia\",\"image\":{\"@type\":\"ImageObject\",\"inLanguage\":\"it-IT\",\"@id\":\"https:\\\/\\\/secure.gravatar.com\\\/avatar\\\/78a7f90c01fc2bfc875782a0d4922b37cde2cf184ce347b91316d23cd7f69a36?s=96&d=mm&r=g\",\"url\":\"https:\\\/\\\/secure.gravatar.com\\\/avatar\\\/78a7f90c01fc2bfc875782a0d4922b37cde2cf184ce347b91316d23cd7f69a36?s=96&d=mm&r=g\",\"contentUrl\":\"https:\\\/\\\/secure.gravatar.com\\\/avatar\\\/78a7f90c01fc2bfc875782a0d4922b37cde2cf184ce347b91316d23cd7f69a36?s=96&d=mm&r=g\",\"caption\":\"galledia\"},\"sameAs\":[\"https:\\\/\\\/x.com\\\/admin\"],\"url\":\"https:\\\/\\\/www.organisator.ch\\\/it\\\/author\\\/galledia\\\/\"}]}<\/script>\n<!-- \/ Yoast SEO plugin. -->","yoast_head_json":{"title":"Cancellazione trasversale dei dati: l'indagine sulla protezione dei dati mostra margini di miglioramento - Organizzatore","description":"La nuova legge sulla protezione dei dati (NDSG) entrer\u00e0 in vigore il prossimo anno. Swiss Infosec AG, insieme a Swiss GRC AG, ha voluto scoprire in un sondaggio sulla protezione dei dati se la prospettiva dell'entrata in vigore dell'NDSG il 1\u00b0 settembre 2023 ha gi\u00e0 un impatto sulla gestione della protezione dei dati nelle aziende.","robots":{"index":"index","follow":"follow","max-snippet":"max-snippet:-1","max-image-preview":"max-image-preview:large","max-video-preview":"max-video-preview:-1"},"canonical":"https:\/\/www.m-q.ch\/de\/bereichsuebergreifende-datenloeschung-datenschutz-umfrage-zeigt-luft-nach-oben\/","og_locale":"it_IT","og_type":"article","og_title":"Bereichs\u00fcbergreifende Datenl\u00f6schung: Datenschutz-Umfrage zeigt Luft nach oben - Organisator","og_description":"Das neue Datenschutzgesetz (NDSG) tritt im kommenden Jahr in Kraft. Die Swiss Infosec AG wollte zusammen mit der Swiss GRC AG im Rahmen einer Datenschutz-Umfrage erfahren, ob die Aussicht auf das Inkrafttreten des NDSG per 1. September 2023 bereits Auswirkungen darauf hat, wie in den Unternehmen mit Datenschutz umgegangen wird.","og_url":"https:\/\/www.m-q.ch\/de\/bereichsuebergreifende-datenloeschung-datenschutz-umfrage-zeigt-luft-nach-oben\/","og_site_name":"Organisator","article_publisher":"https:\/\/www.facebook.com\/OrganisatorFachmagazin","article_published_time":"2022-07-07T07:34:26+00:00","article_modified_time":"2022-07-21T10:01:36+00:00","og_image":[{"url":"https:\/\/www.m-q.ch\/wp-content\/uploads\/2022\/07\/Bereichsuebergreifende-Datenloeschung-Datenschutz-Umfrage-zeigt-Luft-nach-oben_MQ.jpg","type":"","width":"","height":""}],"author":"galledia","twitter_card":"summary_large_image","twitter_creator":"@admin","schema":{"@context":"https:\/\/schema.org","@graph":[{"@type":"Article","@id":"https:\/\/www.m-q.ch\/de\/bereichsuebergreifende-datenloeschung-datenschutz-umfrage-zeigt-luft-nach-oben\/#article","isPartOf":{"@id":"https:\/\/www.organisator.ch\/operational-excellence\/2022-07-07\/bereichsuebergreifende-datenloeschung-datenschutz-umfrage-zeigt-luft-nach-oben\/"},"author":{"name":"galledia","@id":"https:\/\/www.organisator.ch\/#\/schema\/person\/4e51799071cd2dd1232ac003643ef5f0"},"headline":"Bereichs\u00fcbergreifende Datenl\u00f6schung: Datenschutz-Umfrage zeigt Luft nach oben","datePublished":"2022-07-07T07:34:26+00:00","dateModified":"2022-07-21T10:01:36+00:00","mainEntityOfPage":{"@id":"https:\/\/www.organisator.ch\/operational-excellence\/2022-07-07\/bereichsuebergreifende-datenloeschung-datenschutz-umfrage-zeigt-luft-nach-oben\/"},"wordCount":552,"publisher":{"@id":"https:\/\/www.organisator.ch\/#organization"},"image":{"@id":"https:\/\/www.m-q.ch\/de\/bereichsuebergreifende-datenloeschung-datenschutz-umfrage-zeigt-luft-nach-oben\/#primaryimage"},"thumbnailUrl":"https:\/\/www.m-q.ch\/wp-content\/uploads\/2022\/07\/Bereichsuebergreifende-Datenloeschung-Datenschutz-Umfrage-zeigt-Luft-nach-oben_MQ.jpg","keywords":["Datenschutz-Umfrage","Datenschutzgesetz Schweiz","NDSG"],"articleSection":["OPERATIONAL EXCELLENCE"],"inLanguage":"it-IT"},{"@type":"WebPage","@id":"https:\/\/www.organisator.ch\/operational-excellence\/2022-07-07\/bereichsuebergreifende-datenloeschung-datenschutz-umfrage-zeigt-luft-nach-oben\/","url":"https:\/\/www.m-q.ch\/de\/bereichsuebergreifende-datenloeschung-datenschutz-umfrage-zeigt-luft-nach-oben\/","name":"Cancellazione trasversale dei dati: l'indagine sulla protezione dei dati mostra margini di miglioramento - Organizzatore","isPartOf":{"@id":"https:\/\/www.organisator.ch\/#website"},"primaryImageOfPage":{"@id":"https:\/\/www.m-q.ch\/de\/bereichsuebergreifende-datenloeschung-datenschutz-umfrage-zeigt-luft-nach-oben\/#primaryimage"},"image":{"@id":"https:\/\/www.m-q.ch\/de\/bereichsuebergreifende-datenloeschung-datenschutz-umfrage-zeigt-luft-nach-oben\/#primaryimage"},"thumbnailUrl":"https:\/\/www.m-q.ch\/wp-content\/uploads\/2022\/07\/Bereichsuebergreifende-Datenloeschung-Datenschutz-Umfrage-zeigt-Luft-nach-oben_MQ.jpg","datePublished":"2022-07-07T07:34:26+00:00","dateModified":"2022-07-21T10:01:36+00:00","description":"La nuova legge sulla protezione dei dati (NDSG) entrer\u00e0 in vigore il prossimo anno. Swiss Infosec AG, insieme a Swiss GRC AG, ha voluto scoprire in un sondaggio sulla protezione dei dati se la prospettiva dell'entrata in vigore dell'NDSG il 1\u00b0 settembre 2023 ha gi\u00e0 un impatto sulla gestione della protezione dei dati nelle aziende.","breadcrumb":{"@id":"https:\/\/www.m-q.ch\/de\/bereichsuebergreifende-datenloeschung-datenschutz-umfrage-zeigt-luft-nach-oben\/#breadcrumb"},"inLanguage":"it-IT","potentialAction":[{"@type":"ReadAction","target":["https:\/\/www.m-q.ch\/de\/bereichsuebergreifende-datenloeschung-datenschutz-umfrage-zeigt-luft-nach-oben\/"]}]},{"@type":"ImageObject","inLanguage":"it-IT","@id":"https:\/\/www.m-q.ch\/de\/bereichsuebergreifende-datenloeschung-datenschutz-umfrage-zeigt-luft-nach-oben\/#primaryimage","url":"https:\/\/www.m-q.ch\/wp-content\/uploads\/2022\/07\/Bereichsuebergreifende-Datenloeschung-Datenschutz-Umfrage-zeigt-Luft-nach-oben_MQ.jpg","contentUrl":"https:\/\/www.m-q.ch\/wp-content\/uploads\/2022\/07\/Bereichsuebergreifende-Datenloeschung-Datenschutz-Umfrage-zeigt-Luft-nach-oben_MQ.jpg"},{"@type":"BreadcrumbList","@id":"https:\/\/www.m-q.ch\/de\/bereichsuebergreifende-datenloeschung-datenschutz-umfrage-zeigt-luft-nach-oben\/#breadcrumb","itemListElement":[{"@type":"ListItem","position":1,"name":"Home","item":"https:\/\/www.organisator.ch\/"},{"@type":"ListItem","position":2,"name":"Bereichs\u00fcbergreifende Datenl\u00f6schung: Datenschutz-Umfrage zeigt Luft nach oben"}]},{"@type":"WebSite","@id":"https:\/\/www.organisator.ch\/#website","url":"https:\/\/www.organisator.ch\/","name":"Organizzatore","description":"Competente. Pratico. In 10 numeri all'anno, ORGANISATOR presenta i temi essenziali per i manager delle PMI.","publisher":{"@id":"https:\/\/www.organisator.ch\/#organization"},"potentialAction":[{"@type":"SearchAction","target":{"@type":"EntryPoint","urlTemplate":"https:\/\/www.organisator.ch\/?s={search_term_string}"},"query-input":{"@type":"PropertyValueSpecification","valueRequired":true,"valueName":"search_term_string"}}],"inLanguage":"it-IT"},{"@type":"Organization","@id":"https:\/\/www.organisator.ch\/#organization","name":"Organizzatore","url":"https:\/\/www.organisator.ch\/","logo":{"@type":"ImageObject","inLanguage":"it-IT","@id":"https:\/\/www.organisator.ch\/#\/schema\/logo\/image\/","url":"https:\/\/www.organisator.ch\/wp-content\/uploads\/2022\/01\/Logo_Organisator_Website.png","contentUrl":"https:\/\/www.organisator.ch\/wp-content\/uploads\/2022\/01\/Logo_Organisator_Website.png","width":800,"height":77,"caption":"Organisator"},"image":{"@id":"https:\/\/www.organisator.ch\/#\/schema\/logo\/image\/"},"sameAs":["https:\/\/www.facebook.com\/OrganisatorFachmagazin","https:\/\/www.linkedin.com\/showcase\/organisator-das-magazin-fr-kmu","https:\/\/www.xing.com\/news\/pages\/organisator-ch-695","https:\/\/www.youtube.com\/channel\/UCGP2Sq0iWaZwT3BdIAQFYpw"]},{"@type":"Person","@id":"https:\/\/www.organisator.ch\/#\/schema\/person\/4e51799071cd2dd1232ac003643ef5f0","name":"galledia","image":{"@type":"ImageObject","inLanguage":"it-IT","@id":"https:\/\/secure.gravatar.com\/avatar\/78a7f90c01fc2bfc875782a0d4922b37cde2cf184ce347b91316d23cd7f69a36?s=96&d=mm&r=g","url":"https:\/\/secure.gravatar.com\/avatar\/78a7f90c01fc2bfc875782a0d4922b37cde2cf184ce347b91316d23cd7f69a36?s=96&d=mm&r=g","contentUrl":"https:\/\/secure.gravatar.com\/avatar\/78a7f90c01fc2bfc875782a0d4922b37cde2cf184ce347b91316d23cd7f69a36?s=96&d=mm&r=g","caption":"galledia"},"sameAs":["https:\/\/x.com\/admin"],"url":"https:\/\/www.organisator.ch\/it\/author\/galledia\/"}]}},"_links":{"self":[{"href":"https:\/\/www.organisator.ch\/it\/wp-json\/wp\/v2\/posts\/15590","targetHints":{"allow":["GET"]}}],"collection":[{"href":"https:\/\/www.organisator.ch\/it\/wp-json\/wp\/v2\/posts"}],"about":[{"href":"https:\/\/www.organisator.ch\/it\/wp-json\/wp\/v2\/types\/post"}],"author":[{"embeddable":true,"href":"https:\/\/www.organisator.ch\/it\/wp-json\/wp\/v2\/users\/8"}],"replies":[{"embeddable":true,"href":"https:\/\/www.organisator.ch\/it\/wp-json\/wp\/v2\/comments?post=15590"}],"version-history":[{"count":4,"href":"https:\/\/www.organisator.ch\/it\/wp-json\/wp\/v2\/posts\/15590\/revisions"}],"predecessor-version":[{"id":15729,"href":"https:\/\/www.organisator.ch\/it\/wp-json\/wp\/v2\/posts\/15590\/revisions\/15729"}],"wp:attachment":[{"href":"https:\/\/www.organisator.ch\/it\/wp-json\/wp\/v2\/media?parent=15590"}],"wp:term":[{"taxonomy":"category","embeddable":true,"href":"https:\/\/www.organisator.ch\/it\/wp-json\/wp\/v2\/categories?post=15590"},{"taxonomy":"post_tag","embeddable":true,"href":"https:\/\/www.organisator.ch\/it\/wp-json\/wp\/v2\/tags?post=15590"}],"curies":[{"name":"wp","href":"https:\/\/api.w.org\/{rel}","templated":true}]}}