{"id":15593,"date":"2022-07-07T14:48:18","date_gmt":"2022-07-07T12:48:18","guid":{"rendered":"https:\/\/www.organisator.ch\/?p=15593"},"modified":"2022-07-07T09:58:59","modified_gmt":"2022-07-07T07:58:59","slug":"viaggio-daffari-svizzero-per-prendere-continuamente-a","status":"publish","type":"post","link":"https:\/\/www.organisator.ch\/it\/allgemein\/2022-07-07\/schweizer-geschaeftsreisen-nehmen-kontinuierlich-zu\/","title":{"rendered":"I viaggi d'affari in Svizzera continuano ad aumentare"},"content":{"rendered":"<figure id=\"attachment_15594\" aria-describedby=\"caption-attachment-15594\" style=\"width: 680px\" class=\"wp-caption alignnone\"><img loading=\"lazy\" decoding=\"async\" class=\"size-full wp-image-15594\" src=\"https:\/\/www.organisator.ch\/wp-content\/uploads\/2022\/07\/Schweizer-Geschaeftsreisen-nehmen-kontinuierlich-zu_Organisator.jpg\" alt=\"\" width=\"680\" height=\"435\" srcset=\"https:\/\/www.organisator.ch\/wp-content\/uploads\/2022\/07\/Schweizer-Geschaeftsreisen-nehmen-kontinuierlich-zu_Organisator.jpg 680w, https:\/\/www.organisator.ch\/wp-content\/uploads\/2022\/07\/Schweizer-Geschaeftsreisen-nehmen-kontinuierlich-zu_Organisator-18x12.jpg 18w, https:\/\/www.organisator.ch\/wp-content\/uploads\/2022\/07\/Schweizer-Geschaeftsreisen-nehmen-kontinuierlich-zu_Organisator-274x175.jpg 274w, https:\/\/www.organisator.ch\/wp-content\/uploads\/2022\/07\/Schweizer-Geschaeftsreisen-nehmen-kontinuierlich-zu_Organisator-547x350.jpg 547w, https:\/\/www.organisator.ch\/wp-content\/uploads\/2022\/07\/Schweizer-Geschaeftsreisen-nehmen-kontinuierlich-zu_Organisator-300x192.jpg 300w\" sizes=\"auto, (max-width: 680px) 100vw, 680px\" \/><figcaption id=\"caption-attachment-15594\" class=\"wp-caption-text\">I viaggi d'affari in Svizzera sono di nuovo in aumento, e non solo: Le aziende fanno s\u00ec che volare costi qualcosa. (Immagine: Airplus International \/ Pixabay.com)<\/figcaption><\/figure>\n<p>Gli incontri faccia a faccia e il networking professionale si sono praticamente fermati all'inizio della pandemia di Corona. Ma secondo un sondaggio condotto da AirPlus International, specialista in pagamenti aziendali, su 111 top manager tedeschi, l'84% degli intervistati ritiene che questi incontri personali siano essenziali per costruire relazioni commerciali e fiducia reciproca. Questo non vale solo per il nostro vicino settentrionale: \"Vediamo questo atteggiamento molto chiaramente in Svizzera\", conferma anche Andy Stehrenberger, direttore generale di AirPlus International in Svizzera. La maggior parte degli intervistati preferisce anche gli incontri faccia a faccia per le trattative (citati dal 76%), gli eventi con contenuti di comunicazione emotiva (73%), gli incontri di contenuto confidenziale e sensibile (71%), l'acquisizione e la fidelizzazione dei clienti, le visite alle fiere e gli incontri di settore (70% ciascuno), nonch\u00e9 gli incontri interni strategici (56%). Al contrario, occasioni come lo scambio di conoscenze o la collaborazione in team di progetto possono continuare a svolgersi virtualmente anche in futuro, secondo gli intervistati.<\/p>\n<h3>I viaggi d'affari in Svizzera sono aumentati notevolmente dall'inizio dell'anno<\/h3>\n<p>In Svizzera, il numero di transazioni di biglietti aerei effettuate tramite AirPlus \u00e8 in costante aumento dall'inizio dell'anno, come mostra l'AirPlus Business Travel Index. Dopo una breve stagnazione in aprile, nel maggio 2022 il numero di voli prenotati tramite AirPlus \u00e8 quasi triplicato rispetto a gennaio. Con la ripresa dell'attivit\u00e0 di viaggio, anche il divario rispetto all'anno pre-crisi 2019 si sta riducendo di mese in mese. Nel mese di maggio 2022, il volume di fatturazione in Svizzera \u00e8 stato inferiore solo del 15,1% al livello di maggio 2019.<\/p>\n<p>\u00c8 sorprendente che le aziende svizzere stiano rendendo pi\u00f9 costosi i viaggi nell'anno in corso e permettano sempre pi\u00f9 ai loro dipendenti di viaggiare in Business Class. Sui voli intercontinentali, la quota di voli in classe business \u00e8 aumentata di 2,3 punti percentuali al 50,5% da gennaio a maggio 2022 rispetto all'anno 2019 pre-Corona, e sulle rotte europee di 1,9 punti percentuali al 5,2%. Questo sviluppo \u00e8 particolarmente evidente sulle rotte nazionali svizzere: In questo caso, la quota della classe business \u00e8 aumentata di 18,8 punti percentuali, raggiungendo il 26,4% nei primi cinque mesi del 2022 (gennaio-maggio 2019: 7,6%).<\/p>\n<h3>Svizzeri in viaggio d'affari pi\u00f9 a lungo<\/h3>\n<p>Mentre il periodo medio di prenotazione anticipata nella primavera del 2022 \u00e8 diminuito solo per i voli intercontinentali - da 34,2 giorni nel 2019 a 31 giorni nel 2022 - ci sono chiari spostamenti nella durata di alcuni viaggi. Da gennaio a maggio 2022, i viaggi intercontinentali sono durati in media 12,5 giorni (2019: 10,3 giorni), quelli europei 4,6 giorni (2019: 3,7 giorni) e i viaggi d'affari in Svizzera sono aumentati notevolmente, raggiungendo una media di 18,5 giorni (2019: 3,4 giorni). \"Questo dimostra chiaramente le possibilit\u00e0 odierne e l'accettazione del 'lavoro a distanza'\", afferma Andy Stehrenberger. \"Invece di viaggiare pi\u00f9 volte in Svizzera da A a B, i viaggi vengono combinati o il luogo di lavoro viene trasferito per un periodo pi\u00f9 lungo. Questo fatto testimonia anche un ripensamento ecologico\", afferma Stehrenberger.<\/p>\n<p>I risultati dell'indagine AirPlus in Germania mostrano anche che il tema dei viaggi d'affari sostenibili \u00e8 molto importante per le aziende. Quasi tutte le aziende intervistate dichiarano di avere l'argomento in agenda. Tra le misure pi\u00f9 importanti c'\u00e8 l'accorpamento degli appuntamenti di lavoro in viaggi meno frequenti ma pi\u00f9 lunghi (citato dal 60%) - solo la scelta del mezzo di trasporto pi\u00f9 ecologico possibile \u00e8 stata citata ancora pi\u00f9 frequentemente (64%).<\/p>","protected":false},"excerpt":{"rendered":"<p>Pers\u00f6nliche Treffen und berufliches Networking kamen zu Beginn der Corona-Pandemie quasi zum Stillstand. Doch gem\u00e4ss einer Umfrage des Corporate-Payment-Spezialisten AirPlus International unter 111 Topmanagern in Deutschland sind 84 Prozent der Befragten der Meinung, dass insbesondere diese pers\u00f6nlichen Treffen unerl\u00e4sslich sind, um Gesch\u00e4ftsbeziehungen und gegenseitiges Vertrauen aufzubauen. Dies gilt nicht nur in unserem n\u00f6rdlichen Nachbarland: \u00abDiese [&hellip;]<\/p>\n","protected":false},"author":4,"featured_media":15594,"comment_status":"closed","ping_status":"closed","sticky":false,"template":"","format":"standard","meta":{"_acf_changed":false,"_yoast_wpseo_focuskw":"Schweizer Gesch\u00e4ftsreisen","_yoast_wpseo_metadesc":"Schweizer Gesch\u00e4ftsreisen nehmen zu. Es zeigt sich auch ein leichter Trend zu teureren Buchungsklassen sowie einer l\u00e4ngeren Reisedauer.","articlekey":"","footnotes":""},"categories":[1],"tags":[107,487],"class_list":["post-15593","post","type-post","status-publish","format-standard","has-post-thumbnail","hentry","category-allgemein","tag-business-travel","tag-umfrage"],"acf":[],"yoast_head":"<!-- This site is optimized with the Yoast SEO plugin v27.5 - https:\/\/yoast.com\/product\/yoast-seo-wordpress\/ -->\n<title>Schweizer Gesch\u00e4ftsreisen nehmen kontinuierlich zu - Organisator<\/title>\n<meta name=\"description\" content=\"Schweizer Gesch\u00e4ftsreisen nehmen zu. Es zeigt sich auch ein leichter Trend zu teureren Buchungsklassen sowie einer l\u00e4ngeren Reisedauer.\" \/>\n<meta name=\"robots\" content=\"index, follow, max-snippet:-1, max-image-preview:large, max-video-preview:-1\" \/>\n<link rel=\"canonical\" href=\"https:\/\/www.organisator.ch\/it\/generale\/2022-07-07\/viaggio-daffari-svizzero-per-prendere-continuamente-a\/\" \/>\n<meta property=\"og:locale\" content=\"it_IT\" \/>\n<meta property=\"og:type\" content=\"article\" \/>\n<meta property=\"og:title\" content=\"Schweizer Gesch\u00e4ftsreisen nehmen kontinuierlich zu\" \/>\n<meta property=\"og:description\" content=\"Schweizer Gesch\u00e4ftsreisen nehmen zu. Es zeigt sich auch ein leichter Trend zu teureren Buchungsklassen sowie einer l\u00e4ngeren Reisedauer.\" \/>\n<meta property=\"og:url\" content=\"https:\/\/www.organisator.ch\/it\/generale\/2022-07-07\/viaggio-daffari-svizzero-per-prendere-continuamente-a\/\" \/>\n<meta property=\"og:site_name\" content=\"Organisator\" \/>\n<meta property=\"article:publisher\" content=\"https:\/\/www.facebook.com\/OrganisatorFachmagazin\" \/>\n<meta property=\"article:published_time\" content=\"2022-07-07T12:48:18+00:00\" \/>\n<meta property=\"og:image\" content=\"https:\/\/www.organisator.ch\/wp-content\/uploads\/2022\/07\/Schweizer-Geschaeftsreisen-nehmen-kontinuierlich-zu_Organisator.jpg\" \/>\n\t<meta property=\"og:image:width\" content=\"680\" \/>\n\t<meta property=\"og:image:height\" content=\"435\" \/>\n\t<meta property=\"og:image:type\" content=\"image\/jpeg\" \/>\n<meta name=\"author\" content=\"thomas.berner\" \/>\n<meta name=\"twitter:card\" content=\"summary_large_image\" \/>\n<meta name=\"twitter:title\" content=\"Schweizer #Gesch\u00e4ftsreisen nehmen kontinuierlich zu\" \/>\n<meta name=\"twitter:description\" content=\"Schweizer #Gesch\u00e4ftsreisen nehmen zu. Es zeigt sich auch ein leichter Trend zu teureren #Buchungsklassen sowie einer l\u00e4ngeren #Reisedauer.\" \/>\n<meta name=\"twitter:image\" content=\"https:\/\/www.organisator.ch\/wp-content\/uploads\/2022\/07\/Schweizer-Geschaeftsreisen-nehmen-kontinuierlich-zu_Organisator.jpg\" \/>\n<script type=\"application\/ld+json\" class=\"yoast-schema-graph\">{\"@context\":\"https:\\\/\\\/schema.org\",\"@graph\":[{\"@type\":\"Article\",\"@id\":\"https:\\\/\\\/www.organisator.ch\\\/en\\\/general\\\/2022-07-07\\\/swiss-business-travel-take-continuously-to\\\/#article\",\"isPartOf\":{\"@id\":\"https:\\\/\\\/www.organisator.ch\\\/en\\\/general\\\/2022-07-07\\\/swiss-business-travel-take-continuously-to\\\/\"},\"author\":{\"name\":\"thomas.berner\",\"@id\":\"https:\\\/\\\/www.organisator.ch\\\/#\\\/schema\\\/person\\\/6f650f90b2842cd4c0cc334b4e36f67e\"},\"headline\":\"Schweizer Gesch\u00e4ftsreisen nehmen kontinuierlich zu\",\"datePublished\":\"2022-07-07T12:48:18+00:00\",\"mainEntityOfPage\":{\"@id\":\"https:\\\/\\\/www.organisator.ch\\\/en\\\/general\\\/2022-07-07\\\/swiss-business-travel-take-continuously-to\\\/\"},\"wordCount\":544,\"publisher\":{\"@id\":\"https:\\\/\\\/www.organisator.ch\\\/#organization\"},\"image\":{\"@id\":\"https:\\\/\\\/www.organisator.ch\\\/en\\\/general\\\/2022-07-07\\\/swiss-business-travel-take-continuously-to\\\/#primaryimage\"},\"thumbnailUrl\":\"https:\\\/\\\/www.organisator.ch\\\/wp-content\\\/uploads\\\/2022\\\/07\\\/Schweizer-Geschaeftsreisen-nehmen-kontinuierlich-zu_Organisator.jpg\",\"keywords\":[\"Business Travel\",\"Umfrage\"],\"articleSection\":[\"Allgemein\"],\"inLanguage\":\"it-IT\"},{\"@type\":\"WebPage\",\"@id\":\"https:\\\/\\\/www.organisator.ch\\\/en\\\/general\\\/2022-07-07\\\/swiss-business-travel-take-continuously-to\\\/\",\"url\":\"https:\\\/\\\/www.organisator.ch\\\/en\\\/general\\\/2022-07-07\\\/swiss-business-travel-take-continuously-to\\\/\",\"name\":\"Schweizer Gesch\u00e4ftsreisen nehmen kontinuierlich zu - Organisator\",\"isPartOf\":{\"@id\":\"https:\\\/\\\/www.organisator.ch\\\/#website\"},\"primaryImageOfPage\":{\"@id\":\"https:\\\/\\\/www.organisator.ch\\\/en\\\/general\\\/2022-07-07\\\/swiss-business-travel-take-continuously-to\\\/#primaryimage\"},\"image\":{\"@id\":\"https:\\\/\\\/www.organisator.ch\\\/en\\\/general\\\/2022-07-07\\\/swiss-business-travel-take-continuously-to\\\/#primaryimage\"},\"thumbnailUrl\":\"https:\\\/\\\/www.organisator.ch\\\/wp-content\\\/uploads\\\/2022\\\/07\\\/Schweizer-Geschaeftsreisen-nehmen-kontinuierlich-zu_Organisator.jpg\",\"datePublished\":\"2022-07-07T12:48:18+00:00\",\"description\":\"Schweizer Gesch\u00e4ftsreisen nehmen zu. Es zeigt sich auch ein leichter Trend zu teureren Buchungsklassen sowie einer l\u00e4ngeren Reisedauer.\",\"breadcrumb\":{\"@id\":\"https:\\\/\\\/www.organisator.ch\\\/en\\\/general\\\/2022-07-07\\\/swiss-business-travel-take-continuously-to\\\/#breadcrumb\"},\"inLanguage\":\"it-IT\",\"potentialAction\":[{\"@type\":\"ReadAction\",\"target\":[\"https:\\\/\\\/www.organisator.ch\\\/en\\\/general\\\/2022-07-07\\\/swiss-business-travel-take-continuously-to\\\/\"]}]},{\"@type\":\"ImageObject\",\"inLanguage\":\"it-IT\",\"@id\":\"https:\\\/\\\/www.organisator.ch\\\/en\\\/general\\\/2022-07-07\\\/swiss-business-travel-take-continuously-to\\\/#primaryimage\",\"url\":\"https:\\\/\\\/www.organisator.ch\\\/wp-content\\\/uploads\\\/2022\\\/07\\\/Schweizer-Geschaeftsreisen-nehmen-kontinuierlich-zu_Organisator.jpg\",\"contentUrl\":\"https:\\\/\\\/www.organisator.ch\\\/wp-content\\\/uploads\\\/2022\\\/07\\\/Schweizer-Geschaeftsreisen-nehmen-kontinuierlich-zu_Organisator.jpg\",\"width\":680,\"height\":435,\"caption\":\"Schweizer Gesch\u00e4ftsreisen nehmen wieder zu, und nicht nur dies: Unternehmen lassen sich Fliegen etwas kosten. (Bild: Airplus International \\\/ Pixabay.com)\"},{\"@type\":\"BreadcrumbList\",\"@id\":\"https:\\\/\\\/www.organisator.ch\\\/en\\\/general\\\/2022-07-07\\\/swiss-business-travel-take-continuously-to\\\/#breadcrumb\",\"itemListElement\":[{\"@type\":\"ListItem\",\"position\":1,\"name\":\"Home\",\"item\":\"https:\\\/\\\/www.organisator.ch\\\/\"},{\"@type\":\"ListItem\",\"position\":2,\"name\":\"Schweizer Gesch\u00e4ftsreisen nehmen kontinuierlich zu\"}]},{\"@type\":\"WebSite\",\"@id\":\"https:\\\/\\\/www.organisator.ch\\\/#website\",\"url\":\"https:\\\/\\\/www.organisator.ch\\\/\",\"name\":\"Organisator\",\"description\":\"Kompetent. Praxisnah. Der ORGANISATOR bereitet in 10 Ausgaben pro Jahr die wesentlichen Themen f\u00fcr F\u00fchrungskr\u00e4fte von KMU auf.\",\"publisher\":{\"@id\":\"https:\\\/\\\/www.organisator.ch\\\/#organization\"},\"potentialAction\":[{\"@type\":\"SearchAction\",\"target\":{\"@type\":\"EntryPoint\",\"urlTemplate\":\"https:\\\/\\\/www.organisator.ch\\\/?s={search_term_string}\"},\"query-input\":{\"@type\":\"PropertyValueSpecification\",\"valueRequired\":true,\"valueName\":\"search_term_string\"}}],\"inLanguage\":\"it-IT\"},{\"@type\":\"Organization\",\"@id\":\"https:\\\/\\\/www.organisator.ch\\\/#organization\",\"name\":\"Organisator\",\"url\":\"https:\\\/\\\/www.organisator.ch\\\/\",\"logo\":{\"@type\":\"ImageObject\",\"inLanguage\":\"it-IT\",\"@id\":\"https:\\\/\\\/www.organisator.ch\\\/#\\\/schema\\\/logo\\\/image\\\/\",\"url\":\"https:\\\/\\\/www.organisator.ch\\\/wp-content\\\/uploads\\\/2022\\\/01\\\/Logo_Organisator_Website.png\",\"contentUrl\":\"https:\\\/\\\/www.organisator.ch\\\/wp-content\\\/uploads\\\/2022\\\/01\\\/Logo_Organisator_Website.png\",\"width\":800,\"height\":77,\"caption\":\"Organisator\"},\"image\":{\"@id\":\"https:\\\/\\\/www.organisator.ch\\\/#\\\/schema\\\/logo\\\/image\\\/\"},\"sameAs\":[\"https:\\\/\\\/www.facebook.com\\\/OrganisatorFachmagazin\",\"https:\\\/\\\/www.linkedin.com\\\/showcase\\\/organisator-das-magazin-fr-kmu\",\"https:\\\/\\\/www.xing.com\\\/news\\\/pages\\\/organisator-ch-695\",\"https:\\\/\\\/www.youtube.com\\\/channel\\\/UCGP2Sq0iWaZwT3BdIAQFYpw\"]},{\"@type\":\"Person\",\"@id\":\"https:\\\/\\\/www.organisator.ch\\\/#\\\/schema\\\/person\\\/6f650f90b2842cd4c0cc334b4e36f67e\",\"name\":\"thomas.berner\",\"image\":{\"@type\":\"ImageObject\",\"inLanguage\":\"it-IT\",\"@id\":\"https:\\\/\\\/secure.gravatar.com\\\/avatar\\\/ac5001d2a36cb6c6cd3e50789007ffca834b477b74a2144564522e944eabff61?s=96&d=mm&r=g\",\"url\":\"https:\\\/\\\/secure.gravatar.com\\\/avatar\\\/ac5001d2a36cb6c6cd3e50789007ffca834b477b74a2144564522e944eabff61?s=96&d=mm&r=g\",\"contentUrl\":\"https:\\\/\\\/secure.gravatar.com\\\/avatar\\\/ac5001d2a36cb6c6cd3e50789007ffca834b477b74a2144564522e944eabff61?s=96&d=mm&r=g\",\"caption\":\"thomas.berner\"},\"url\":\"https:\\\/\\\/www.organisator.ch\\\/it\\\/author\\\/thomas-berner\\\/\"}]}<\/script>\n<!-- \/ Yoast SEO plugin. -->","yoast_head_json":{"title":"I viaggi d'affari in Svizzera continuano ad aumentare - Organizzatore","description":"I viaggi d'affari in Svizzera sono in aumento. C'\u00e8 anche una leggera tendenza verso classi di prenotazione pi\u00f9 costose e durate di viaggio pi\u00f9 lunghe.","robots":{"index":"index","follow":"follow","max-snippet":"max-snippet:-1","max-image-preview":"max-image-preview:large","max-video-preview":"max-video-preview:-1"},"canonical":"https:\/\/www.organisator.ch\/it\/generale\/2022-07-07\/viaggio-daffari-svizzero-per-prendere-continuamente-a\/","og_locale":"it_IT","og_type":"article","og_title":"Schweizer Gesch\u00e4ftsreisen nehmen kontinuierlich zu","og_description":"Schweizer Gesch\u00e4ftsreisen nehmen zu. Es zeigt sich auch ein leichter Trend zu teureren Buchungsklassen sowie einer l\u00e4ngeren Reisedauer.","og_url":"https:\/\/www.organisator.ch\/it\/generale\/2022-07-07\/viaggio-daffari-svizzero-per-prendere-continuamente-a\/","og_site_name":"Organisator","article_publisher":"https:\/\/www.facebook.com\/OrganisatorFachmagazin","article_published_time":"2022-07-07T12:48:18+00:00","og_image":[{"width":680,"height":435,"url":"https:\/\/www.organisator.ch\/wp-content\/uploads\/2022\/07\/Schweizer-Geschaeftsreisen-nehmen-kontinuierlich-zu_Organisator.jpg","type":"image\/jpeg"}],"author":"thomas.berner","twitter_card":"summary_large_image","twitter_title":"Schweizer #Gesch\u00e4ftsreisen nehmen kontinuierlich zu","twitter_description":"Schweizer #Gesch\u00e4ftsreisen nehmen zu. Es zeigt sich auch ein leichter Trend zu teureren #Buchungsklassen sowie einer l\u00e4ngeren #Reisedauer.","twitter_image":"https:\/\/www.organisator.ch\/wp-content\/uploads\/2022\/07\/Schweizer-Geschaeftsreisen-nehmen-kontinuierlich-zu_Organisator.jpg","schema":{"@context":"https:\/\/schema.org","@graph":[{"@type":"Article","@id":"https:\/\/www.organisator.ch\/en\/general\/2022-07-07\/swiss-business-travel-take-continuously-to\/#article","isPartOf":{"@id":"https:\/\/www.organisator.ch\/en\/general\/2022-07-07\/swiss-business-travel-take-continuously-to\/"},"author":{"name":"thomas.berner","@id":"https:\/\/www.organisator.ch\/#\/schema\/person\/6f650f90b2842cd4c0cc334b4e36f67e"},"headline":"Schweizer Gesch\u00e4ftsreisen nehmen kontinuierlich zu","datePublished":"2022-07-07T12:48:18+00:00","mainEntityOfPage":{"@id":"https:\/\/www.organisator.ch\/en\/general\/2022-07-07\/swiss-business-travel-take-continuously-to\/"},"wordCount":544,"publisher":{"@id":"https:\/\/www.organisator.ch\/#organization"},"image":{"@id":"https:\/\/www.organisator.ch\/en\/general\/2022-07-07\/swiss-business-travel-take-continuously-to\/#primaryimage"},"thumbnailUrl":"https:\/\/www.organisator.ch\/wp-content\/uploads\/2022\/07\/Schweizer-Geschaeftsreisen-nehmen-kontinuierlich-zu_Organisator.jpg","keywords":["Business Travel","Umfrage"],"articleSection":["Allgemein"],"inLanguage":"it-IT"},{"@type":"WebPage","@id":"https:\/\/www.organisator.ch\/en\/general\/2022-07-07\/swiss-business-travel-take-continuously-to\/","url":"https:\/\/www.organisator.ch\/en\/general\/2022-07-07\/swiss-business-travel-take-continuously-to\/","name":"I viaggi d'affari in Svizzera continuano ad aumentare - Organizzatore","isPartOf":{"@id":"https:\/\/www.organisator.ch\/#website"},"primaryImageOfPage":{"@id":"https:\/\/www.organisator.ch\/en\/general\/2022-07-07\/swiss-business-travel-take-continuously-to\/#primaryimage"},"image":{"@id":"https:\/\/www.organisator.ch\/en\/general\/2022-07-07\/swiss-business-travel-take-continuously-to\/#primaryimage"},"thumbnailUrl":"https:\/\/www.organisator.ch\/wp-content\/uploads\/2022\/07\/Schweizer-Geschaeftsreisen-nehmen-kontinuierlich-zu_Organisator.jpg","datePublished":"2022-07-07T12:48:18+00:00","description":"I viaggi d'affari in Svizzera sono in aumento. C'\u00e8 anche una leggera tendenza verso classi di prenotazione pi\u00f9 costose e durate di viaggio pi\u00f9 lunghe.","breadcrumb":{"@id":"https:\/\/www.organisator.ch\/en\/general\/2022-07-07\/swiss-business-travel-take-continuously-to\/#breadcrumb"},"inLanguage":"it-IT","potentialAction":[{"@type":"ReadAction","target":["https:\/\/www.organisator.ch\/en\/general\/2022-07-07\/swiss-business-travel-take-continuously-to\/"]}]},{"@type":"ImageObject","inLanguage":"it-IT","@id":"https:\/\/www.organisator.ch\/en\/general\/2022-07-07\/swiss-business-travel-take-continuously-to\/#primaryimage","url":"https:\/\/www.organisator.ch\/wp-content\/uploads\/2022\/07\/Schweizer-Geschaeftsreisen-nehmen-kontinuierlich-zu_Organisator.jpg","contentUrl":"https:\/\/www.organisator.ch\/wp-content\/uploads\/2022\/07\/Schweizer-Geschaeftsreisen-nehmen-kontinuierlich-zu_Organisator.jpg","width":680,"height":435,"caption":"Schweizer Gesch\u00e4ftsreisen nehmen wieder zu, und nicht nur dies: Unternehmen lassen sich Fliegen etwas kosten. (Bild: Airplus International \/ Pixabay.com)"},{"@type":"BreadcrumbList","@id":"https:\/\/www.organisator.ch\/en\/general\/2022-07-07\/swiss-business-travel-take-continuously-to\/#breadcrumb","itemListElement":[{"@type":"ListItem","position":1,"name":"Home","item":"https:\/\/www.organisator.ch\/"},{"@type":"ListItem","position":2,"name":"Schweizer Gesch\u00e4ftsreisen nehmen kontinuierlich zu"}]},{"@type":"WebSite","@id":"https:\/\/www.organisator.ch\/#website","url":"https:\/\/www.organisator.ch\/","name":"Organizzatore","description":"Competente. Pratico. In 10 numeri all'anno, ORGANISATOR presenta i temi essenziali per i manager delle PMI.","publisher":{"@id":"https:\/\/www.organisator.ch\/#organization"},"potentialAction":[{"@type":"SearchAction","target":{"@type":"EntryPoint","urlTemplate":"https:\/\/www.organisator.ch\/?s={search_term_string}"},"query-input":{"@type":"PropertyValueSpecification","valueRequired":true,"valueName":"search_term_string"}}],"inLanguage":"it-IT"},{"@type":"Organization","@id":"https:\/\/www.organisator.ch\/#organization","name":"Organizzatore","url":"https:\/\/www.organisator.ch\/","logo":{"@type":"ImageObject","inLanguage":"it-IT","@id":"https:\/\/www.organisator.ch\/#\/schema\/logo\/image\/","url":"https:\/\/www.organisator.ch\/wp-content\/uploads\/2022\/01\/Logo_Organisator_Website.png","contentUrl":"https:\/\/www.organisator.ch\/wp-content\/uploads\/2022\/01\/Logo_Organisator_Website.png","width":800,"height":77,"caption":"Organisator"},"image":{"@id":"https:\/\/www.organisator.ch\/#\/schema\/logo\/image\/"},"sameAs":["https:\/\/www.facebook.com\/OrganisatorFachmagazin","https:\/\/www.linkedin.com\/showcase\/organisator-das-magazin-fr-kmu","https:\/\/www.xing.com\/news\/pages\/organisator-ch-695","https:\/\/www.youtube.com\/channel\/UCGP2Sq0iWaZwT3BdIAQFYpw"]},{"@type":"Person","@id":"https:\/\/www.organisator.ch\/#\/schema\/person\/6f650f90b2842cd4c0cc334b4e36f67e","name":"Tommaso.berner","image":{"@type":"ImageObject","inLanguage":"it-IT","@id":"https:\/\/secure.gravatar.com\/avatar\/ac5001d2a36cb6c6cd3e50789007ffca834b477b74a2144564522e944eabff61?s=96&d=mm&r=g","url":"https:\/\/secure.gravatar.com\/avatar\/ac5001d2a36cb6c6cd3e50789007ffca834b477b74a2144564522e944eabff61?s=96&d=mm&r=g","contentUrl":"https:\/\/secure.gravatar.com\/avatar\/ac5001d2a36cb6c6cd3e50789007ffca834b477b74a2144564522e944eabff61?s=96&d=mm&r=g","caption":"thomas.berner"},"url":"https:\/\/www.organisator.ch\/it\/author\/thomas-berner\/"}]}},"_links":{"self":[{"href":"https:\/\/www.organisator.ch\/it\/wp-json\/wp\/v2\/posts\/15593","targetHints":{"allow":["GET"]}}],"collection":[{"href":"https:\/\/www.organisator.ch\/it\/wp-json\/wp\/v2\/posts"}],"about":[{"href":"https:\/\/www.organisator.ch\/it\/wp-json\/wp\/v2\/types\/post"}],"author":[{"embeddable":true,"href":"https:\/\/www.organisator.ch\/it\/wp-json\/wp\/v2\/users\/4"}],"replies":[{"embeddable":true,"href":"https:\/\/www.organisator.ch\/it\/wp-json\/wp\/v2\/comments?post=15593"}],"version-history":[{"count":1,"href":"https:\/\/www.organisator.ch\/it\/wp-json\/wp\/v2\/posts\/15593\/revisions"}],"predecessor-version":[{"id":15596,"href":"https:\/\/www.organisator.ch\/it\/wp-json\/wp\/v2\/posts\/15593\/revisions\/15596"}],"wp:featuredmedia":[{"embeddable":true,"href":"https:\/\/www.organisator.ch\/it\/wp-json\/wp\/v2\/media\/15594"}],"wp:attachment":[{"href":"https:\/\/www.organisator.ch\/it\/wp-json\/wp\/v2\/media?parent=15593"}],"wp:term":[{"taxonomy":"category","embeddable":true,"href":"https:\/\/www.organisator.ch\/it\/wp-json\/wp\/v2\/categories?post=15593"},{"taxonomy":"post_tag","embeddable":true,"href":"https:\/\/www.organisator.ch\/it\/wp-json\/wp\/v2\/tags?post=15593"}],"curies":[{"name":"wp","href":"https:\/\/api.w.org\/{rel}","templated":true}]}}