{"id":15606,"date":"2022-07-13T07:32:08","date_gmt":"2022-07-13T05:32:08","guid":{"rendered":"https:\/\/www.organisator.ch\/?p=15606"},"modified":"2022-07-08T08:50:22","modified_gmt":"2022-07-08T06:50:22","slug":"rund-1150-junge-berufsleute-bereit-fuer-die-schweizer-berufs-meisterschaft","status":"publish","type":"post","link":"https:\/\/www.organisator.ch\/it\/human-resources\/2022-07-13\/rund-1150-junge-berufsleute-bereit-fuer-die-schweizer-berufs-meisterschaft\/","title":{"rendered":"Circa 1.150 giovani professionisti pronti per i Campionati svizzeri delle competenze"},"content":{"rendered":"<figure id=\"attachment_15607\" aria-describedby=\"caption-attachment-15607\" style=\"width: 679px\" class=\"wp-caption alignnone\"><img loading=\"lazy\" decoding=\"async\" class=\"size-full wp-image-15607\" src=\"https:\/\/www.organisator.ch\/wp-content\/uploads\/2022\/07\/Rund-1150-junge-Berufsleute-bereit-fuer-die-Schweizer-Berufs-Meisterschaft_Organisator.jpg\" alt=\"\" width=\"679\" height=\"396\" srcset=\"https:\/\/www.organisator.ch\/wp-content\/uploads\/2022\/07\/Rund-1150-junge-Berufsleute-bereit-fuer-die-Schweizer-Berufs-Meisterschaft_Organisator.jpg 679w, https:\/\/www.organisator.ch\/wp-content\/uploads\/2022\/07\/Rund-1150-junge-Berufsleute-bereit-fuer-die-Schweizer-Berufs-Meisterschaft_Organisator-18x10.jpg 18w, https:\/\/www.organisator.ch\/wp-content\/uploads\/2022\/07\/Rund-1150-junge-Berufsleute-bereit-fuer-die-Schweizer-Berufs-Meisterschaft_Organisator-300x175.jpg 300w, https:\/\/www.organisator.ch\/wp-content\/uploads\/2022\/07\/Rund-1150-junge-Berufsleute-bereit-fuer-die-Schweizer-Berufs-Meisterschaft_Organisator-600x350.jpg 600w\" sizes=\"auto, (max-width: 679px) 100vw, 679px\" \/><figcaption id=\"caption-attachment-15607\" class=\"wp-caption-text\">Campionati professionali di nuovo davanti a un grande pubblico: circa 1.150 giovani professionisti si preparano per i Campionati svizzeri delle competenze a Berna. (Immagine: zVg SwissSkills)<\/figcaption><\/figure>\n<p>Dal 7 all'11 settembre 2022, il sito di Bernexpo si trasformer\u00e0 per la terza volta dopo il 2014 e il 2018 in un enorme palcoscenico temporaneo per i giovani talenti di circa 150 diverse professioni di apprendistato. Circa 1.150 tra i migliori giovani professionisti svizzeri offriranno una visione stimolante della diversit\u00e0 e dell'eccellenza della formazione professionale svizzera durante SwissSkills 2022. La terza edizione di questi campionati professionali della Svizzera centrale, originariamente prevista per il 2020, ha dovuto essere posticipata di due anni a causa della pandemia di Corona. Ci\u00f2 rende ancora pi\u00f9 gratificante il fatto che la vetrina generale della formazione professionale svizzera possa nuovamente svolgersi in modo completo.<\/p>\n<h3>I partecipanti alle professioni sono stati determinati<\/h3>\n<p>Un totale di circa 1.150 apprendisti e laureati in apprendistato competeranno a SwissSkills 2022. I criteri di partecipazione a SwissSkills stabiliti dalle rispettive associazioni professionali sono altrettanto variegati quanto le professioni coinvolte in SwissSkills. Ad eccezione di alcune associazioni che determineranno i loro partecipanti solo dopo gli esami finali di apprendistato nell'estate del 2022, la maggior parte delle associazioni professionali ha completato il processo di selezione.<\/p>\n<p>Gli oltre 850 candidati attualmente nominati saranno pubblicati sul sito web di SwissSkills 2022 all'indirizzo <a href=\"http:\/\/www.swiss-skills2022.ch\/de\/teilnehmende\" target=\"_blank\" rel=\"noopener\">www.swiss-skills2022.ch\/de\/teilnehmende<\/a> presentato. L'elenco sar\u00e0 costantemente aggiornato con altri partecipanti.<\/p>\n<h3>Campionato dei professionisti: un'attrazione per le folle<\/h3>\n<p>Il formato unico della centrale SwissSkills consente al pubblico, e in particolare ai giovani in fase di orientamento professionale, di guardare alle spalle i migliori giovani professionisti del Paese al lavoro e di sperimentare cos\u00ec un'ampia variet\u00e0 di apprendistati in modalit\u00e0 1:1. Inoltre, le oltre 60 associazioni professionali partecipanti offrono al pubblico interessanti opportunit\u00e0 di provare le professioni direttamente sul posto.<\/p>\n<p>Per cinque giorni sono attesi circa 120.000 visitatori. Tra gli altri, 2426 classi scolastiche con oltre 60.000 alunni provenienti da tutta la Svizzera visiteranno l'evento.<\/p>\n<h3>Vetrina per l'istruzione e la formazione professionale<\/h3>\n<p>\"Il sistema svizzero di formazione professionale ha dimostrato di essere un pilastro centrale della Svizzera come luogo di lavoro e di pensiero, soprattutto durante la pandemia di Corona, e offre ai giovani del Paese molte prospettive\", afferma il presidente dell'OC Daniel Arn. \"Pi\u00f9 che mai, SwissSkills 2022 sar\u00e0 una grande vetrina per l'istruzione e la formazione professionale. Insieme a tutti i soggetti coinvolti e soprattutto ai giovani professionisti, lanceremo un importante segnale di cambiamento.<\/p>","protected":false},"excerpt":{"rendered":"<p>Das Gel\u00e4nde der Bernexpo wird vom 7. bis 11. September 2022 zum dritten Mal nach 2014 und 2018 zur riesigen tempor\u00e4ren B\u00fchne f\u00fcr den Nachwuchs aus rund 150 verschiedenen Lehrberufen. Etwa 1\u2019150 der besten jungen Schweizer Berufsleute bieten w\u00e4hrend den SwissSkills 2022 einen inspirierenden Einblick in die Vielfalt und Exzellenz der Schweizer Berufsbildung. Die dritte [&hellip;]<\/p>\n","protected":false},"author":4,"featured_media":15607,"comment_status":"closed","ping_status":"closed","sticky":false,"template":"","format":"standard","meta":{"_acf_changed":false,"_yoast_wpseo_focuskw":"Berufsleute","_yoast_wpseo_metadesc":"An den \u00abSwissSkills 2022\u00bb, die in zwei Monaten in Bern er\u00f6ffnet werden, stellen die besten jungen Berufsleute der Schweiz ihr K\u00f6nnen vor.","articlekey":"","footnotes":""},"categories":[579],"tags":[62,254,2699],"class_list":["post-15606","post","type-post","status-publish","format-standard","has-post-thumbnail","hentry","category-human-resources","tag-aus-weiterbildung","tag-hrm","tag-swissskills"],"acf":[],"yoast_head":"<!-- This site is optimized with the Yoast SEO plugin v27.5 - https:\/\/yoast.com\/product\/yoast-seo-wordpress\/ -->\n<title>Rund 1&#039;150 junge Berufsleute bereit f\u00fcr die Schweizer Berufs-Meisterschaft - Organisator<\/title>\n<meta name=\"description\" content=\"An den \u00abSwissSkills 2022\u00bb, die in zwei Monaten in Bern er\u00f6ffnet werden, stellen die besten jungen Berufsleute der Schweiz ihr K\u00f6nnen vor.\" \/>\n<meta name=\"robots\" content=\"index, follow, max-snippet:-1, max-image-preview:large, max-video-preview:-1\" \/>\n<link rel=\"canonical\" href=\"https:\/\/www.organisator.ch\/it\/risorse-umane\/2022-07-13\/rund-1150-junge-berufsleute-bereit-fuer-die-schweizer-berufs-meisterschaft\/\" \/>\n<meta property=\"og:locale\" content=\"it_IT\" \/>\n<meta property=\"og:type\" content=\"article\" \/>\n<meta property=\"og:title\" content=\"Rund 1&#039;150 junge Berufsleute bereit f\u00fcr die Schweizer Berufs-Meisterschaft\" \/>\n<meta property=\"og:description\" content=\"An den \u00abSwissSkills 2022\u00bb, die in zwei Monaten in Bern er\u00f6ffnet werden, stellen die besten jungen Berufsleute der Schweiz ihr K\u00f6nnen vor.\" \/>\n<meta property=\"og:url\" content=\"https:\/\/www.organisator.ch\/it\/risorse-umane\/2022-07-13\/rund-1150-junge-berufsleute-bereit-fuer-die-schweizer-berufs-meisterschaft\/\" \/>\n<meta property=\"og:site_name\" content=\"Organisator\" \/>\n<meta property=\"article:publisher\" content=\"https:\/\/www.facebook.com\/OrganisatorFachmagazin\" \/>\n<meta property=\"article:published_time\" content=\"2022-07-13T05:32:08+00:00\" \/>\n<meta property=\"og:image\" content=\"https:\/\/www.organisator.ch\/wp-content\/uploads\/2022\/07\/Rund-1150-junge-Berufsleute-bereit-fuer-die-Schweizer-Berufs-Meisterschaft_Organisator.jpg\" \/>\n\t<meta property=\"og:image:width\" content=\"679\" \/>\n\t<meta property=\"og:image:height\" content=\"396\" \/>\n\t<meta property=\"og:image:type\" content=\"image\/jpeg\" \/>\n<meta name=\"author\" content=\"thomas.berner\" \/>\n<meta name=\"twitter:card\" content=\"summary_large_image\" \/>\n<meta name=\"twitter:title\" content=\"Rund 1&#039;150 junge #Berufsleute bereit f\u00fcr die Schweizer #Berufs-Meisterschaft\" \/>\n<meta name=\"twitter:description\" content=\"An den \u00ab#SwissSkills 2022\u00bb, die in zwei Monaten in Bern er\u00f6ffnet werden, stellen die besten jungen #Berufsleute der Schweiz ihr K\u00f6nnen vor.\" \/>\n<meta name=\"twitter:image\" content=\"https:\/\/www.organisator.ch\/wp-content\/uploads\/2022\/07\/Rund-1150-junge-Berufsleute-bereit-fuer-die-Schweizer-Berufs-Meisterschaft_Organisator.jpg\" \/>\n<script type=\"application\/ld+json\" class=\"yoast-schema-graph\">{\"@context\":\"https:\\\/\\\/schema.org\",\"@graph\":[{\"@type\":\"Article\",\"@id\":\"https:\\\/\\\/www.organisator.ch\\\/human-resources\\\/2022-07-13\\\/rund-1150-junge-berufsleute-bereit-fuer-die-schweizer-berufs-meisterschaft\\\/#article\",\"isPartOf\":{\"@id\":\"https:\\\/\\\/www.organisator.ch\\\/human-resources\\\/2022-07-13\\\/rund-1150-junge-berufsleute-bereit-fuer-die-schweizer-berufs-meisterschaft\\\/\"},\"author\":{\"name\":\"thomas.berner\",\"@id\":\"https:\\\/\\\/www.organisator.ch\\\/#\\\/schema\\\/person\\\/6f650f90b2842cd4c0cc334b4e36f67e\"},\"headline\":\"Rund 1&#8217;150 junge Berufsleute bereit f\u00fcr die Schweizer Berufs-Meisterschaft\",\"datePublished\":\"2022-07-13T05:32:08+00:00\",\"mainEntityOfPage\":{\"@id\":\"https:\\\/\\\/www.organisator.ch\\\/human-resources\\\/2022-07-13\\\/rund-1150-junge-berufsleute-bereit-fuer-die-schweizer-berufs-meisterschaft\\\/\"},\"wordCount\":389,\"publisher\":{\"@id\":\"https:\\\/\\\/www.organisator.ch\\\/#organization\"},\"image\":{\"@id\":\"https:\\\/\\\/www.organisator.ch\\\/human-resources\\\/2022-07-13\\\/rund-1150-junge-berufsleute-bereit-fuer-die-schweizer-berufs-meisterschaft\\\/#primaryimage\"},\"thumbnailUrl\":\"https:\\\/\\\/www.organisator.ch\\\/wp-content\\\/uploads\\\/2022\\\/07\\\/Rund-1150-junge-Berufsleute-bereit-fuer-die-Schweizer-Berufs-Meisterschaft_Organisator.jpg\",\"keywords\":[\"Aus-\\\/Weiterbildung\",\"HRM\",\"SwissSkills\"],\"articleSection\":[\"HUMAN RESOURCES\"],\"inLanguage\":\"it-IT\"},{\"@type\":\"WebPage\",\"@id\":\"https:\\\/\\\/www.organisator.ch\\\/human-resources\\\/2022-07-13\\\/rund-1150-junge-berufsleute-bereit-fuer-die-schweizer-berufs-meisterschaft\\\/\",\"url\":\"https:\\\/\\\/www.organisator.ch\\\/human-resources\\\/2022-07-13\\\/rund-1150-junge-berufsleute-bereit-fuer-die-schweizer-berufs-meisterschaft\\\/\",\"name\":\"Rund 1'150 junge Berufsleute bereit f\u00fcr die Schweizer Berufs-Meisterschaft - Organisator\",\"isPartOf\":{\"@id\":\"https:\\\/\\\/www.organisator.ch\\\/#website\"},\"primaryImageOfPage\":{\"@id\":\"https:\\\/\\\/www.organisator.ch\\\/human-resources\\\/2022-07-13\\\/rund-1150-junge-berufsleute-bereit-fuer-die-schweizer-berufs-meisterschaft\\\/#primaryimage\"},\"image\":{\"@id\":\"https:\\\/\\\/www.organisator.ch\\\/human-resources\\\/2022-07-13\\\/rund-1150-junge-berufsleute-bereit-fuer-die-schweizer-berufs-meisterschaft\\\/#primaryimage\"},\"thumbnailUrl\":\"https:\\\/\\\/www.organisator.ch\\\/wp-content\\\/uploads\\\/2022\\\/07\\\/Rund-1150-junge-Berufsleute-bereit-fuer-die-Schweizer-Berufs-Meisterschaft_Organisator.jpg\",\"datePublished\":\"2022-07-13T05:32:08+00:00\",\"description\":\"An den \u00abSwissSkills 2022\u00bb, die in zwei Monaten in Bern er\u00f6ffnet werden, stellen die besten jungen Berufsleute der Schweiz ihr K\u00f6nnen vor.\",\"breadcrumb\":{\"@id\":\"https:\\\/\\\/www.organisator.ch\\\/human-resources\\\/2022-07-13\\\/rund-1150-junge-berufsleute-bereit-fuer-die-schweizer-berufs-meisterschaft\\\/#breadcrumb\"},\"inLanguage\":\"it-IT\",\"potentialAction\":[{\"@type\":\"ReadAction\",\"target\":[\"https:\\\/\\\/www.organisator.ch\\\/human-resources\\\/2022-07-13\\\/rund-1150-junge-berufsleute-bereit-fuer-die-schweizer-berufs-meisterschaft\\\/\"]}]},{\"@type\":\"ImageObject\",\"inLanguage\":\"it-IT\",\"@id\":\"https:\\\/\\\/www.organisator.ch\\\/human-resources\\\/2022-07-13\\\/rund-1150-junge-berufsleute-bereit-fuer-die-schweizer-berufs-meisterschaft\\\/#primaryimage\",\"url\":\"https:\\\/\\\/www.organisator.ch\\\/wp-content\\\/uploads\\\/2022\\\/07\\\/Rund-1150-junge-Berufsleute-bereit-fuer-die-Schweizer-Berufs-Meisterschaft_Organisator.jpg\",\"contentUrl\":\"https:\\\/\\\/www.organisator.ch\\\/wp-content\\\/uploads\\\/2022\\\/07\\\/Rund-1150-junge-Berufsleute-bereit-fuer-die-Schweizer-Berufs-Meisterschaft_Organisator.jpg\",\"width\":679,\"height\":396,\"caption\":\"Wieder Berufsmeisterschaft vor grossem Publikum: Rund 1'150 junge Berufsleute machen sich f\u00fcr die Schweizer Meisterschaften der Berufsleute in Bern bereit. (Bild: zVg SwissSkills)\"},{\"@type\":\"BreadcrumbList\",\"@id\":\"https:\\\/\\\/www.organisator.ch\\\/human-resources\\\/2022-07-13\\\/rund-1150-junge-berufsleute-bereit-fuer-die-schweizer-berufs-meisterschaft\\\/#breadcrumb\",\"itemListElement\":[{\"@type\":\"ListItem\",\"position\":1,\"name\":\"Home\",\"item\":\"https:\\\/\\\/www.organisator.ch\\\/\"},{\"@type\":\"ListItem\",\"position\":2,\"name\":\"Rund 1&#8217;150 junge Berufsleute bereit f\u00fcr die Schweizer Berufs-Meisterschaft\"}]},{\"@type\":\"WebSite\",\"@id\":\"https:\\\/\\\/www.organisator.ch\\\/#website\",\"url\":\"https:\\\/\\\/www.organisator.ch\\\/\",\"name\":\"Organisator\",\"description\":\"Kompetent. Praxisnah. Der ORGANISATOR bereitet in 10 Ausgaben pro Jahr die wesentlichen Themen f\u00fcr F\u00fchrungskr\u00e4fte von KMU auf.\",\"publisher\":{\"@id\":\"https:\\\/\\\/www.organisator.ch\\\/#organization\"},\"potentialAction\":[{\"@type\":\"SearchAction\",\"target\":{\"@type\":\"EntryPoint\",\"urlTemplate\":\"https:\\\/\\\/www.organisator.ch\\\/?s={search_term_string}\"},\"query-input\":{\"@type\":\"PropertyValueSpecification\",\"valueRequired\":true,\"valueName\":\"search_term_string\"}}],\"inLanguage\":\"it-IT\"},{\"@type\":\"Organization\",\"@id\":\"https:\\\/\\\/www.organisator.ch\\\/#organization\",\"name\":\"Organisator\",\"url\":\"https:\\\/\\\/www.organisator.ch\\\/\",\"logo\":{\"@type\":\"ImageObject\",\"inLanguage\":\"it-IT\",\"@id\":\"https:\\\/\\\/www.organisator.ch\\\/#\\\/schema\\\/logo\\\/image\\\/\",\"url\":\"https:\\\/\\\/www.organisator.ch\\\/wp-content\\\/uploads\\\/2022\\\/01\\\/Logo_Organisator_Website.png\",\"contentUrl\":\"https:\\\/\\\/www.organisator.ch\\\/wp-content\\\/uploads\\\/2022\\\/01\\\/Logo_Organisator_Website.png\",\"width\":800,\"height\":77,\"caption\":\"Organisator\"},\"image\":{\"@id\":\"https:\\\/\\\/www.organisator.ch\\\/#\\\/schema\\\/logo\\\/image\\\/\"},\"sameAs\":[\"https:\\\/\\\/www.facebook.com\\\/OrganisatorFachmagazin\",\"https:\\\/\\\/www.linkedin.com\\\/showcase\\\/organisator-das-magazin-fr-kmu\",\"https:\\\/\\\/www.xing.com\\\/news\\\/pages\\\/organisator-ch-695\",\"https:\\\/\\\/www.youtube.com\\\/channel\\\/UCGP2Sq0iWaZwT3BdIAQFYpw\"]},{\"@type\":\"Person\",\"@id\":\"https:\\\/\\\/www.organisator.ch\\\/#\\\/schema\\\/person\\\/6f650f90b2842cd4c0cc334b4e36f67e\",\"name\":\"thomas.berner\",\"image\":{\"@type\":\"ImageObject\",\"inLanguage\":\"it-IT\",\"@id\":\"https:\\\/\\\/secure.gravatar.com\\\/avatar\\\/ac5001d2a36cb6c6cd3e50789007ffca834b477b74a2144564522e944eabff61?s=96&d=mm&r=g\",\"url\":\"https:\\\/\\\/secure.gravatar.com\\\/avatar\\\/ac5001d2a36cb6c6cd3e50789007ffca834b477b74a2144564522e944eabff61?s=96&d=mm&r=g\",\"contentUrl\":\"https:\\\/\\\/secure.gravatar.com\\\/avatar\\\/ac5001d2a36cb6c6cd3e50789007ffca834b477b74a2144564522e944eabff61?s=96&d=mm&r=g\",\"caption\":\"thomas.berner\"},\"url\":\"https:\\\/\\\/www.organisator.ch\\\/it\\\/author\\\/thomas-berner\\\/\"}]}<\/script>\n<!-- \/ Yoast SEO plugin. -->","yoast_head_json":{"title":"Circa 1.150 giovani professionisti pronti per i Campionati svizzeri delle competenze - Organizzatore","description":"Agli \"SwissSkills 2022\", che si apriranno a Berna tra due mesi, i migliori giovani professionisti svizzeri metteranno in mostra le loro competenze.","robots":{"index":"index","follow":"follow","max-snippet":"max-snippet:-1","max-image-preview":"max-image-preview:large","max-video-preview":"max-video-preview:-1"},"canonical":"https:\/\/www.organisator.ch\/it\/risorse-umane\/2022-07-13\/rund-1150-junge-berufsleute-bereit-fuer-die-schweizer-berufs-meisterschaft\/","og_locale":"it_IT","og_type":"article","og_title":"Rund 1'150 junge Berufsleute bereit f\u00fcr die Schweizer Berufs-Meisterschaft","og_description":"An den \u00abSwissSkills 2022\u00bb, die in zwei Monaten in Bern er\u00f6ffnet werden, stellen die besten jungen Berufsleute der Schweiz ihr K\u00f6nnen vor.","og_url":"https:\/\/www.organisator.ch\/it\/risorse-umane\/2022-07-13\/rund-1150-junge-berufsleute-bereit-fuer-die-schweizer-berufs-meisterschaft\/","og_site_name":"Organisator","article_publisher":"https:\/\/www.facebook.com\/OrganisatorFachmagazin","article_published_time":"2022-07-13T05:32:08+00:00","og_image":[{"width":679,"height":396,"url":"https:\/\/www.organisator.ch\/wp-content\/uploads\/2022\/07\/Rund-1150-junge-Berufsleute-bereit-fuer-die-Schweizer-Berufs-Meisterschaft_Organisator.jpg","type":"image\/jpeg"}],"author":"thomas.berner","twitter_card":"summary_large_image","twitter_title":"Rund 1'150 junge #Berufsleute bereit f\u00fcr die Schweizer #Berufs-Meisterschaft","twitter_description":"An den \u00ab#SwissSkills 2022\u00bb, die in zwei Monaten in Bern er\u00f6ffnet werden, stellen die besten jungen #Berufsleute der Schweiz ihr K\u00f6nnen vor.","twitter_image":"https:\/\/www.organisator.ch\/wp-content\/uploads\/2022\/07\/Rund-1150-junge-Berufsleute-bereit-fuer-die-Schweizer-Berufs-Meisterschaft_Organisator.jpg","schema":{"@context":"https:\/\/schema.org","@graph":[{"@type":"Article","@id":"https:\/\/www.organisator.ch\/human-resources\/2022-07-13\/rund-1150-junge-berufsleute-bereit-fuer-die-schweizer-berufs-meisterschaft\/#article","isPartOf":{"@id":"https:\/\/www.organisator.ch\/human-resources\/2022-07-13\/rund-1150-junge-berufsleute-bereit-fuer-die-schweizer-berufs-meisterschaft\/"},"author":{"name":"thomas.berner","@id":"https:\/\/www.organisator.ch\/#\/schema\/person\/6f650f90b2842cd4c0cc334b4e36f67e"},"headline":"Rund 1&#8217;150 junge Berufsleute bereit f\u00fcr die Schweizer Berufs-Meisterschaft","datePublished":"2022-07-13T05:32:08+00:00","mainEntityOfPage":{"@id":"https:\/\/www.organisator.ch\/human-resources\/2022-07-13\/rund-1150-junge-berufsleute-bereit-fuer-die-schweizer-berufs-meisterschaft\/"},"wordCount":389,"publisher":{"@id":"https:\/\/www.organisator.ch\/#organization"},"image":{"@id":"https:\/\/www.organisator.ch\/human-resources\/2022-07-13\/rund-1150-junge-berufsleute-bereit-fuer-die-schweizer-berufs-meisterschaft\/#primaryimage"},"thumbnailUrl":"https:\/\/www.organisator.ch\/wp-content\/uploads\/2022\/07\/Rund-1150-junge-Berufsleute-bereit-fuer-die-Schweizer-Berufs-Meisterschaft_Organisator.jpg","keywords":["Aus-\/Weiterbildung","HRM","SwissSkills"],"articleSection":["HUMAN RESOURCES"],"inLanguage":"it-IT"},{"@type":"WebPage","@id":"https:\/\/www.organisator.ch\/human-resources\/2022-07-13\/rund-1150-junge-berufsleute-bereit-fuer-die-schweizer-berufs-meisterschaft\/","url":"https:\/\/www.organisator.ch\/human-resources\/2022-07-13\/rund-1150-junge-berufsleute-bereit-fuer-die-schweizer-berufs-meisterschaft\/","name":"Circa 1.150 giovani professionisti pronti per i Campionati svizzeri delle competenze - Organizzatore","isPartOf":{"@id":"https:\/\/www.organisator.ch\/#website"},"primaryImageOfPage":{"@id":"https:\/\/www.organisator.ch\/human-resources\/2022-07-13\/rund-1150-junge-berufsleute-bereit-fuer-die-schweizer-berufs-meisterschaft\/#primaryimage"},"image":{"@id":"https:\/\/www.organisator.ch\/human-resources\/2022-07-13\/rund-1150-junge-berufsleute-bereit-fuer-die-schweizer-berufs-meisterschaft\/#primaryimage"},"thumbnailUrl":"https:\/\/www.organisator.ch\/wp-content\/uploads\/2022\/07\/Rund-1150-junge-Berufsleute-bereit-fuer-die-Schweizer-Berufs-Meisterschaft_Organisator.jpg","datePublished":"2022-07-13T05:32:08+00:00","description":"Agli \"SwissSkills 2022\", che si apriranno a Berna tra due mesi, i migliori giovani professionisti svizzeri metteranno in mostra le loro competenze.","breadcrumb":{"@id":"https:\/\/www.organisator.ch\/human-resources\/2022-07-13\/rund-1150-junge-berufsleute-bereit-fuer-die-schweizer-berufs-meisterschaft\/#breadcrumb"},"inLanguage":"it-IT","potentialAction":[{"@type":"ReadAction","target":["https:\/\/www.organisator.ch\/human-resources\/2022-07-13\/rund-1150-junge-berufsleute-bereit-fuer-die-schweizer-berufs-meisterschaft\/"]}]},{"@type":"ImageObject","inLanguage":"it-IT","@id":"https:\/\/www.organisator.ch\/human-resources\/2022-07-13\/rund-1150-junge-berufsleute-bereit-fuer-die-schweizer-berufs-meisterschaft\/#primaryimage","url":"https:\/\/www.organisator.ch\/wp-content\/uploads\/2022\/07\/Rund-1150-junge-Berufsleute-bereit-fuer-die-Schweizer-Berufs-Meisterschaft_Organisator.jpg","contentUrl":"https:\/\/www.organisator.ch\/wp-content\/uploads\/2022\/07\/Rund-1150-junge-Berufsleute-bereit-fuer-die-Schweizer-Berufs-Meisterschaft_Organisator.jpg","width":679,"height":396,"caption":"Wieder Berufsmeisterschaft vor grossem Publikum: Rund 1'150 junge Berufsleute machen sich f\u00fcr die Schweizer Meisterschaften der Berufsleute in Bern bereit. (Bild: zVg SwissSkills)"},{"@type":"BreadcrumbList","@id":"https:\/\/www.organisator.ch\/human-resources\/2022-07-13\/rund-1150-junge-berufsleute-bereit-fuer-die-schweizer-berufs-meisterschaft\/#breadcrumb","itemListElement":[{"@type":"ListItem","position":1,"name":"Home","item":"https:\/\/www.organisator.ch\/"},{"@type":"ListItem","position":2,"name":"Rund 1&#8217;150 junge Berufsleute bereit f\u00fcr die Schweizer Berufs-Meisterschaft"}]},{"@type":"WebSite","@id":"https:\/\/www.organisator.ch\/#website","url":"https:\/\/www.organisator.ch\/","name":"Organizzatore","description":"Competente. Pratico. In 10 numeri all'anno, ORGANISATOR presenta i temi essenziali per i manager delle PMI.","publisher":{"@id":"https:\/\/www.organisator.ch\/#organization"},"potentialAction":[{"@type":"SearchAction","target":{"@type":"EntryPoint","urlTemplate":"https:\/\/www.organisator.ch\/?s={search_term_string}"},"query-input":{"@type":"PropertyValueSpecification","valueRequired":true,"valueName":"search_term_string"}}],"inLanguage":"it-IT"},{"@type":"Organization","@id":"https:\/\/www.organisator.ch\/#organization","name":"Organizzatore","url":"https:\/\/www.organisator.ch\/","logo":{"@type":"ImageObject","inLanguage":"it-IT","@id":"https:\/\/www.organisator.ch\/#\/schema\/logo\/image\/","url":"https:\/\/www.organisator.ch\/wp-content\/uploads\/2022\/01\/Logo_Organisator_Website.png","contentUrl":"https:\/\/www.organisator.ch\/wp-content\/uploads\/2022\/01\/Logo_Organisator_Website.png","width":800,"height":77,"caption":"Organisator"},"image":{"@id":"https:\/\/www.organisator.ch\/#\/schema\/logo\/image\/"},"sameAs":["https:\/\/www.facebook.com\/OrganisatorFachmagazin","https:\/\/www.linkedin.com\/showcase\/organisator-das-magazin-fr-kmu","https:\/\/www.xing.com\/news\/pages\/organisator-ch-695","https:\/\/www.youtube.com\/channel\/UCGP2Sq0iWaZwT3BdIAQFYpw"]},{"@type":"Person","@id":"https:\/\/www.organisator.ch\/#\/schema\/person\/6f650f90b2842cd4c0cc334b4e36f67e","name":"Tommaso.berner","image":{"@type":"ImageObject","inLanguage":"it-IT","@id":"https:\/\/secure.gravatar.com\/avatar\/ac5001d2a36cb6c6cd3e50789007ffca834b477b74a2144564522e944eabff61?s=96&d=mm&r=g","url":"https:\/\/secure.gravatar.com\/avatar\/ac5001d2a36cb6c6cd3e50789007ffca834b477b74a2144564522e944eabff61?s=96&d=mm&r=g","contentUrl":"https:\/\/secure.gravatar.com\/avatar\/ac5001d2a36cb6c6cd3e50789007ffca834b477b74a2144564522e944eabff61?s=96&d=mm&r=g","caption":"thomas.berner"},"url":"https:\/\/www.organisator.ch\/it\/author\/thomas-berner\/"}]}},"_links":{"self":[{"href":"https:\/\/www.organisator.ch\/it\/wp-json\/wp\/v2\/posts\/15606","targetHints":{"allow":["GET"]}}],"collection":[{"href":"https:\/\/www.organisator.ch\/it\/wp-json\/wp\/v2\/posts"}],"about":[{"href":"https:\/\/www.organisator.ch\/it\/wp-json\/wp\/v2\/types\/post"}],"author":[{"embeddable":true,"href":"https:\/\/www.organisator.ch\/it\/wp-json\/wp\/v2\/users\/4"}],"replies":[{"embeddable":true,"href":"https:\/\/www.organisator.ch\/it\/wp-json\/wp\/v2\/comments?post=15606"}],"version-history":[{"count":1,"href":"https:\/\/www.organisator.ch\/it\/wp-json\/wp\/v2\/posts\/15606\/revisions"}],"predecessor-version":[{"id":15608,"href":"https:\/\/www.organisator.ch\/it\/wp-json\/wp\/v2\/posts\/15606\/revisions\/15608"}],"wp:featuredmedia":[{"embeddable":true,"href":"https:\/\/www.organisator.ch\/it\/wp-json\/wp\/v2\/media\/15607"}],"wp:attachment":[{"href":"https:\/\/www.organisator.ch\/it\/wp-json\/wp\/v2\/media?parent=15606"}],"wp:term":[{"taxonomy":"category","embeddable":true,"href":"https:\/\/www.organisator.ch\/it\/wp-json\/wp\/v2\/categories?post=15606"},{"taxonomy":"post_tag","embeddable":true,"href":"https:\/\/www.organisator.ch\/it\/wp-json\/wp\/v2\/tags?post=15606"}],"curies":[{"name":"wp","href":"https:\/\/api.w.org\/{rel}","templated":true}]}}