{"id":15650,"date":"2022-07-15T11:02:41","date_gmt":"2022-07-15T09:02:41","guid":{"rendered":"https:\/\/www.organisator.ch\/?p=15650"},"modified":"2022-07-14T11:20:23","modified_gmt":"2022-07-14T09:20:23","slug":"waldbuero-ein-startup-bringt-das-buero-in-die-natur","status":"publish","type":"post","link":"https:\/\/www.organisator.ch\/it\/human-resources\/fit_im_job\/2022-07-15\/waldbuero-ein-startup-bringt-das-buero-in-die-natur\/","title":{"rendered":"Ufficio nella foresta: una start-up porta l'ufficio nella natura"},"content":{"rendered":"<figure id=\"attachment_15653\" aria-describedby=\"caption-attachment-15653\" style=\"width: 680px\" class=\"wp-caption alignnone\"><img loading=\"lazy\" decoding=\"async\" class=\"size-full wp-image-15653\" src=\"https:\/\/www.organisator.ch\/wp-content\/uploads\/2022\/07\/Waldbuero-Ein-Startup-bringt-das-Buero-in-die-Natur_Organisator.jpg\" alt=\"\" width=\"680\" height=\"510\" srcset=\"https:\/\/www.organisator.ch\/wp-content\/uploads\/2022\/07\/Waldbuero-Ein-Startup-bringt-das-Buero-in-die-Natur_Organisator.jpg 680w, https:\/\/www.organisator.ch\/wp-content\/uploads\/2022\/07\/Waldbuero-Ein-Startup-bringt-das-Buero-in-die-Natur_Organisator-16x12.jpg 16w, https:\/\/www.organisator.ch\/wp-content\/uploads\/2022\/07\/Waldbuero-Ein-Startup-bringt-das-Buero-in-die-Natur_Organisator-233x175.jpg 233w, https:\/\/www.organisator.ch\/wp-content\/uploads\/2022\/07\/Waldbuero-Ein-Startup-bringt-das-Buero-in-die-Natur_Organisator-467x350.jpg 467w, https:\/\/www.organisator.ch\/wp-content\/uploads\/2022\/07\/Waldbuero-Ein-Startup-bringt-das-Buero-in-die-Natur_Organisator-300x225.jpg 300w\" sizes=\"auto, (max-width: 680px) 100vw, 680px\" \/><figcaption id=\"caption-attachment-15653\" class=\"wp-caption-text\">Lavoro rilassato nel fresco della foresta: un'offerta non proprio quotidiana offre variet\u00e0 al lavoro. (Immagine: Waldbuero.com)<\/figcaption><\/figure>\n<p>Lavorare in modo pi\u00f9 produttivo, tenere riunioni pi\u00f9 mirate, comunicare in modo pi\u00f9 rilassato e rigenerarsi pi\u00f9 rapidamente. Questi sono solo alcuni degli evidenti vantaggi che promette il posto di lavoro per i lavoratori della conoscenza nella foresta. Peter Fibich e Roland L\u00fcthi, i fondatori di Waldb\u00fcro, trascorrono da tempo una parte significativa del loro tempo di lavoro nella foresta. Entusiasti delle possibilit\u00e0 e dei vantaggi offerti dalle loro esperienze di giornate di lavoro in ufficio, riunioni, seminari ed eventi di gruppo in varie foreste, ora offrono le loro esperienze e i loro servizi ad aziende innovative come ufficio forestale in tutta la Svizzera.<\/p>\n<h3>Pionieri in materia di uffici forestali<\/h3>\n<p>L'ufficio forestale offre postazioni di lavoro digitali \"plug in &amp; work\" completamente attrezzate, nonch\u00e9 ambienti di lavoro personalizzati per riunioni speciali in un'atmosfera forestale unica. Secondo le sue stesse informazioni, questa offerta \u00e8 unica in Svizzera. A seconda del compito, del tempo o dell'umore, ogni dipendente pu\u00f2 lavorare all'interno della spaziosa e accogliente casa nella foresta o all'aperto, sotto gli alberi. Non manca nulla: collegato al mondo tramite W-LAN e dotato del necessario materiale da ufficio, lavorare in questo ambiente diventa un'esperienza speciale. Soprattutto quando \u00e8 in programma una riunione o un seminario, la lavagna a fogli mobili e la bacheca sono strumenti utili per le presentazioni.<\/p>\n<h3><strong>La portineria della foresta garantisce un servizio all-inclusive<\/strong><\/h3>\n<p>Due offerte standard per team fino a 15 persone e offerte speciali per uffici forestali pianificabili individualmente non lasciano praticamente nessun desiderio insoddisfatto. In qualit\u00e0 di custode della foresta, l'esperto team dell'ufficio forestale assicura che non manchi nulla quando si lavora in questo speciale ambiente naturale. All-inclusive significa che il wi-fi \u00e8 disponibile in ogni postazione di lavoro all'interno e, naturalmente, all'esterno, o che i membri del team vengono accolti con un caff\u00e8 meravigliosamente profumato non appena arrivano.<\/p>\n<h3><strong>La gestione della salute sul lavoro rafforza la resilienza \u00a0<\/strong><\/h3>\n<p>I due formatori certificati di mindfulness forestale e i professionisti degli eventi pongono particolare enfasi sugli effetti positivi dimostrabili che il bosco ha sulla salute fisica e mentale dei nuovi \"lavoratori del bosco\". Grazie alla loro esperienza come allenatori di bagni nella foresta e come formatori di mindfulness e resilienza, sanno come trasmettere in modo tangibile il potere della natura e della foresta. In qualit\u00e0 di membri di varie associazioni nei settori della salute mentale e della gestione della salute sul lavoro, trasmettono la loro esperienza e il loro know-how a tutti i partecipanti attraverso sessioni di rilassamento e attivazione consapevoli.<\/p>\n<h3>Concludere il lavoro nell'ufficio forestale con le delizie culinarie<\/h3>\n<p>Un'altra esperienza speciale \u00e8 rappresentata dai cuochi della foresta e del fuoco per i pasti del mattino, il pranzo, l'aperitivo o la cena. I piatti naturali di origine locale vengono preparati, conditi, cotti al forno, stufati, cotti al vapore, arrostiti o affumicati davanti agli ospiti. Su richiesta, vengono servite creazioni gastronomiche inaspettate con un legame con la foresta.<\/p>\n<p>Naturalmente, queste offerte sono <a href=\"https:\/\/waldbuero.com\/\">Prenotabile tutto l'anno, al giorno o alla settimana, indipendentemente dal tempo.<\/a>.<\/p>","protected":false},"excerpt":{"rendered":"<p>Produktiver arbeiten, fokussierter tagen, entspannter kommunizieren und schneller regenerieren. Das sind nur einige der offensichtlichen Vorteile welche der Arbeitsplatz f\u00fcr Wissensarbeiter im Wald verspricht. Peter Fibich und Roland L\u00fcthi, die Gr\u00fcnder vom Waldb\u00fcro verbringen schon seit L\u00e4ngerem einen wesentlichen Teil ihrer Arbeitszeit im Wald. Begeistert von den M\u00f6glichkeiten und Vorz\u00fcgen ihrer Erfahrungen aus B\u00fcroarbeitstagen, Sitzungen, [&hellip;]<\/p>\n","protected":false},"author":4,"featured_media":15653,"comment_status":"closed","ping_status":"closed","sticky":false,"template":"","format":"standard","meta":{"_acf_changed":false,"_yoast_wpseo_focuskw":"Waldb\u00fcro","_yoast_wpseo_metadesc":"Die Arbeitswelt mit seinen bekannten Arbeitsformen ist im Wandel. Ein Startup bietet ein Waldb\u00fcro an - f\u00fcr innovativ denkende Unternehmen.","articlekey":"","footnotes":""},"categories":[25],"tags":[254,363,393],"class_list":["post-15650","post","type-post","status-publish","format-standard","has-post-thumbnail","hentry","category-fit_im_job","tag-hrm","tag-new-work","tag-produkte"],"acf":[],"yoast_head":"<!-- This site is optimized with the Yoast SEO plugin v27.4 - https:\/\/yoast.com\/product\/yoast-seo-wordpress\/ -->\n<title>Waldb\u00fcro: Ein Startup bringt das B\u00fcro in die Natur - Organisator<\/title>\n<meta name=\"description\" content=\"Die Arbeitswelt mit seinen bekannten Arbeitsformen ist im Wandel. Ein Startup bietet ein Waldb\u00fcro an - f\u00fcr innovativ denkende Unternehmen.\" \/>\n<meta name=\"robots\" content=\"index, follow, max-snippet:-1, max-image-preview:large, max-video-preview:-1\" \/>\n<link rel=\"canonical\" href=\"https:\/\/www.organisator.ch\/it\/risorse-umane\/fit_im_job\/2022-07-15\/waldbuero-ein-startup-bringt-das-buero-in-die-natur\/\" \/>\n<meta property=\"og:locale\" content=\"it_IT\" \/>\n<meta property=\"og:type\" content=\"article\" \/>\n<meta property=\"og:title\" content=\"Waldb\u00fcro: Ein Startup bringt das B\u00fcro in die Natur\" \/>\n<meta property=\"og:description\" content=\"Die Arbeitswelt mit seinen bekannten Arbeitsformen ist im Wandel. Ein Startup bietet ein Waldb\u00fcro an - f\u00fcr innovativ denkende Unternehmen.\" \/>\n<meta property=\"og:url\" content=\"https:\/\/www.organisator.ch\/it\/risorse-umane\/fit_im_job\/2022-07-15\/waldbuero-ein-startup-bringt-das-buero-in-die-natur\/\" \/>\n<meta property=\"og:site_name\" content=\"Organisator\" \/>\n<meta property=\"article:publisher\" content=\"https:\/\/www.facebook.com\/OrganisatorFachmagazin\" \/>\n<meta property=\"article:published_time\" content=\"2022-07-15T09:02:41+00:00\" \/>\n<meta property=\"og:image\" content=\"https:\/\/www.organisator.ch\/wp-content\/uploads\/2022\/07\/Waldbuero-Ein-Startup-bringt-das-Buero-in-die-Natur_Organisator.jpg\" \/>\n\t<meta property=\"og:image:width\" content=\"680\" \/>\n\t<meta property=\"og:image:height\" content=\"510\" \/>\n\t<meta property=\"og:image:type\" content=\"image\/jpeg\" \/>\n<meta name=\"author\" content=\"thomas.berner\" \/>\n<meta name=\"twitter:card\" content=\"summary_large_image\" \/>\n<meta name=\"twitter:title\" content=\"#Waldb\u00fcro: Ein Startup bringt das B\u00fcro in die Natur\" \/>\n<meta name=\"twitter:description\" content=\"Die #Arbeitswelt mit seinen bekannten Arbeitsformen ist im Wandel. Ein Startup bietet ein #Waldb\u00fcro an - f\u00fcr innovativ denkende Unternehmen.\" \/>\n<meta name=\"twitter:image\" content=\"https:\/\/www.organisator.ch\/wp-content\/uploads\/2022\/07\/Waldbuero-Ein-Startup-bringt-das-Buero-in-die-Natur_Organisator.jpg\" \/>\n<script type=\"application\/ld+json\" class=\"yoast-schema-graph\">{\"@context\":\"https:\\\/\\\/schema.org\",\"@graph\":[{\"@type\":\"Article\",\"@id\":\"https:\\\/\\\/www.organisator.ch\\\/human-resources\\\/fit_im_job\\\/2022-07-15\\\/waldbuero-ein-startup-bringt-das-buero-in-die-natur\\\/#article\",\"isPartOf\":{\"@id\":\"https:\\\/\\\/www.organisator.ch\\\/human-resources\\\/fit_im_job\\\/2022-07-15\\\/waldbuero-ein-startup-bringt-das-buero-in-die-natur\\\/\"},\"author\":{\"name\":\"thomas.berner\",\"@id\":\"https:\\\/\\\/www.organisator.ch\\\/#\\\/schema\\\/person\\\/6f650f90b2842cd4c0cc334b4e36f67e\"},\"headline\":\"Waldb\u00fcro: Ein Startup bringt das B\u00fcro in die Natur\",\"datePublished\":\"2022-07-15T09:02:41+00:00\",\"mainEntityOfPage\":{\"@id\":\"https:\\\/\\\/www.organisator.ch\\\/human-resources\\\/fit_im_job\\\/2022-07-15\\\/waldbuero-ein-startup-bringt-das-buero-in-die-natur\\\/\"},\"wordCount\":493,\"publisher\":{\"@id\":\"https:\\\/\\\/www.organisator.ch\\\/#organization\"},\"image\":{\"@id\":\"https:\\\/\\\/www.organisator.ch\\\/human-resources\\\/fit_im_job\\\/2022-07-15\\\/waldbuero-ein-startup-bringt-das-buero-in-die-natur\\\/#primaryimage\"},\"thumbnailUrl\":\"https:\\\/\\\/www.organisator.ch\\\/wp-content\\\/uploads\\\/2022\\\/07\\\/Waldbuero-Ein-Startup-bringt-das-Buero-in-die-Natur_Organisator.jpg\",\"keywords\":[\"HRM\",\"New Work\",\"Produkte\"],\"articleSection\":[\"FIT IM JOB\"],\"inLanguage\":\"it-IT\"},{\"@type\":\"WebPage\",\"@id\":\"https:\\\/\\\/www.organisator.ch\\\/human-resources\\\/fit_im_job\\\/2022-07-15\\\/waldbuero-ein-startup-bringt-das-buero-in-die-natur\\\/\",\"url\":\"https:\\\/\\\/www.organisator.ch\\\/human-resources\\\/fit_im_job\\\/2022-07-15\\\/waldbuero-ein-startup-bringt-das-buero-in-die-natur\\\/\",\"name\":\"Waldb\u00fcro: Ein Startup bringt das B\u00fcro in die Natur - Organisator\",\"isPartOf\":{\"@id\":\"https:\\\/\\\/www.organisator.ch\\\/#website\"},\"primaryImageOfPage\":{\"@id\":\"https:\\\/\\\/www.organisator.ch\\\/human-resources\\\/fit_im_job\\\/2022-07-15\\\/waldbuero-ein-startup-bringt-das-buero-in-die-natur\\\/#primaryimage\"},\"image\":{\"@id\":\"https:\\\/\\\/www.organisator.ch\\\/human-resources\\\/fit_im_job\\\/2022-07-15\\\/waldbuero-ein-startup-bringt-das-buero-in-die-natur\\\/#primaryimage\"},\"thumbnailUrl\":\"https:\\\/\\\/www.organisator.ch\\\/wp-content\\\/uploads\\\/2022\\\/07\\\/Waldbuero-Ein-Startup-bringt-das-Buero-in-die-Natur_Organisator.jpg\",\"datePublished\":\"2022-07-15T09:02:41+00:00\",\"description\":\"Die Arbeitswelt mit seinen bekannten Arbeitsformen ist im Wandel. Ein Startup bietet ein Waldb\u00fcro an - f\u00fcr innovativ denkende Unternehmen.\",\"breadcrumb\":{\"@id\":\"https:\\\/\\\/www.organisator.ch\\\/human-resources\\\/fit_im_job\\\/2022-07-15\\\/waldbuero-ein-startup-bringt-das-buero-in-die-natur\\\/#breadcrumb\"},\"inLanguage\":\"it-IT\",\"potentialAction\":[{\"@type\":\"ReadAction\",\"target\":[\"https:\\\/\\\/www.organisator.ch\\\/human-resources\\\/fit_im_job\\\/2022-07-15\\\/waldbuero-ein-startup-bringt-das-buero-in-die-natur\\\/\"]}]},{\"@type\":\"ImageObject\",\"inLanguage\":\"it-IT\",\"@id\":\"https:\\\/\\\/www.organisator.ch\\\/human-resources\\\/fit_im_job\\\/2022-07-15\\\/waldbuero-ein-startup-bringt-das-buero-in-die-natur\\\/#primaryimage\",\"url\":\"https:\\\/\\\/www.organisator.ch\\\/wp-content\\\/uploads\\\/2022\\\/07\\\/Waldbuero-Ein-Startup-bringt-das-Buero-in-die-Natur_Organisator.jpg\",\"contentUrl\":\"https:\\\/\\\/www.organisator.ch\\\/wp-content\\\/uploads\\\/2022\\\/07\\\/Waldbuero-Ein-Startup-bringt-das-Buero-in-die-Natur_Organisator.jpg\",\"width\":680,\"height\":510,\"caption\":\"Entspannt arbeiten im k\u00fchlen Wald: Ein nicht ganz allt\u00e4gliches Angebot sorgt f\u00fcr Abwechslung bei der Arbeit. (Bild: Waldbuero.com)\"},{\"@type\":\"BreadcrumbList\",\"@id\":\"https:\\\/\\\/www.organisator.ch\\\/human-resources\\\/fit_im_job\\\/2022-07-15\\\/waldbuero-ein-startup-bringt-das-buero-in-die-natur\\\/#breadcrumb\",\"itemListElement\":[{\"@type\":\"ListItem\",\"position\":1,\"name\":\"Home\",\"item\":\"https:\\\/\\\/www.organisator.ch\\\/\"},{\"@type\":\"ListItem\",\"position\":2,\"name\":\"Waldb\u00fcro: Ein Startup bringt das B\u00fcro in die Natur\"}]},{\"@type\":\"WebSite\",\"@id\":\"https:\\\/\\\/www.organisator.ch\\\/#website\",\"url\":\"https:\\\/\\\/www.organisator.ch\\\/\",\"name\":\"Organisator\",\"description\":\"Kompetent. Praxisnah. Der ORGANISATOR bereitet in 10 Ausgaben pro Jahr die wesentlichen Themen f\u00fcr F\u00fchrungskr\u00e4fte von KMU auf.\",\"publisher\":{\"@id\":\"https:\\\/\\\/www.organisator.ch\\\/#organization\"},\"potentialAction\":[{\"@type\":\"SearchAction\",\"target\":{\"@type\":\"EntryPoint\",\"urlTemplate\":\"https:\\\/\\\/www.organisator.ch\\\/?s={search_term_string}\"},\"query-input\":{\"@type\":\"PropertyValueSpecification\",\"valueRequired\":true,\"valueName\":\"search_term_string\"}}],\"inLanguage\":\"it-IT\"},{\"@type\":\"Organization\",\"@id\":\"https:\\\/\\\/www.organisator.ch\\\/#organization\",\"name\":\"Organisator\",\"url\":\"https:\\\/\\\/www.organisator.ch\\\/\",\"logo\":{\"@type\":\"ImageObject\",\"inLanguage\":\"it-IT\",\"@id\":\"https:\\\/\\\/www.organisator.ch\\\/#\\\/schema\\\/logo\\\/image\\\/\",\"url\":\"https:\\\/\\\/www.organisator.ch\\\/wp-content\\\/uploads\\\/2022\\\/01\\\/Logo_Organisator_Website.png\",\"contentUrl\":\"https:\\\/\\\/www.organisator.ch\\\/wp-content\\\/uploads\\\/2022\\\/01\\\/Logo_Organisator_Website.png\",\"width\":800,\"height\":77,\"caption\":\"Organisator\"},\"image\":{\"@id\":\"https:\\\/\\\/www.organisator.ch\\\/#\\\/schema\\\/logo\\\/image\\\/\"},\"sameAs\":[\"https:\\\/\\\/www.facebook.com\\\/OrganisatorFachmagazin\",\"https:\\\/\\\/www.linkedin.com\\\/showcase\\\/organisator-das-magazin-fr-kmu\",\"https:\\\/\\\/www.xing.com\\\/news\\\/pages\\\/organisator-ch-695\",\"https:\\\/\\\/www.youtube.com\\\/channel\\\/UCGP2Sq0iWaZwT3BdIAQFYpw\"]},{\"@type\":\"Person\",\"@id\":\"https:\\\/\\\/www.organisator.ch\\\/#\\\/schema\\\/person\\\/6f650f90b2842cd4c0cc334b4e36f67e\",\"name\":\"thomas.berner\",\"image\":{\"@type\":\"ImageObject\",\"inLanguage\":\"it-IT\",\"@id\":\"https:\\\/\\\/secure.gravatar.com\\\/avatar\\\/ac5001d2a36cb6c6cd3e50789007ffca834b477b74a2144564522e944eabff61?s=96&d=mm&r=g\",\"url\":\"https:\\\/\\\/secure.gravatar.com\\\/avatar\\\/ac5001d2a36cb6c6cd3e50789007ffca834b477b74a2144564522e944eabff61?s=96&d=mm&r=g\",\"contentUrl\":\"https:\\\/\\\/secure.gravatar.com\\\/avatar\\\/ac5001d2a36cb6c6cd3e50789007ffca834b477b74a2144564522e944eabff61?s=96&d=mm&r=g\",\"caption\":\"thomas.berner\"},\"url\":\"https:\\\/\\\/www.organisator.ch\\\/it\\\/author\\\/thomas-berner\\\/\"}]}<\/script>\n<!-- \/ Yoast SEO plugin. -->","yoast_head_json":{"title":"Forest Office: una start-up porta l'ufficio nella natura - Organizzatore","description":"Il mondo del lavoro, con le sue forme familiari, sta cambiando. Una start-up offre un ufficio nella foresta - per aziende che pensano in modo innovativo.","robots":{"index":"index","follow":"follow","max-snippet":"max-snippet:-1","max-image-preview":"max-image-preview:large","max-video-preview":"max-video-preview:-1"},"canonical":"https:\/\/www.organisator.ch\/it\/risorse-umane\/fit_im_job\/2022-07-15\/waldbuero-ein-startup-bringt-das-buero-in-die-natur\/","og_locale":"it_IT","og_type":"article","og_title":"Waldb\u00fcro: Ein Startup bringt das B\u00fcro in die Natur","og_description":"Die Arbeitswelt mit seinen bekannten Arbeitsformen ist im Wandel. Ein Startup bietet ein Waldb\u00fcro an - f\u00fcr innovativ denkende Unternehmen.","og_url":"https:\/\/www.organisator.ch\/it\/risorse-umane\/fit_im_job\/2022-07-15\/waldbuero-ein-startup-bringt-das-buero-in-die-natur\/","og_site_name":"Organisator","article_publisher":"https:\/\/www.facebook.com\/OrganisatorFachmagazin","article_published_time":"2022-07-15T09:02:41+00:00","og_image":[{"width":680,"height":510,"url":"https:\/\/www.organisator.ch\/wp-content\/uploads\/2022\/07\/Waldbuero-Ein-Startup-bringt-das-Buero-in-die-Natur_Organisator.jpg","type":"image\/jpeg"}],"author":"thomas.berner","twitter_card":"summary_large_image","twitter_title":"#Waldb\u00fcro: Ein Startup bringt das B\u00fcro in die Natur","twitter_description":"Die #Arbeitswelt mit seinen bekannten Arbeitsformen ist im Wandel. Ein Startup bietet ein #Waldb\u00fcro an - f\u00fcr innovativ denkende Unternehmen.","twitter_image":"https:\/\/www.organisator.ch\/wp-content\/uploads\/2022\/07\/Waldbuero-Ein-Startup-bringt-das-Buero-in-die-Natur_Organisator.jpg","schema":{"@context":"https:\/\/schema.org","@graph":[{"@type":"Article","@id":"https:\/\/www.organisator.ch\/human-resources\/fit_im_job\/2022-07-15\/waldbuero-ein-startup-bringt-das-buero-in-die-natur\/#article","isPartOf":{"@id":"https:\/\/www.organisator.ch\/human-resources\/fit_im_job\/2022-07-15\/waldbuero-ein-startup-bringt-das-buero-in-die-natur\/"},"author":{"name":"thomas.berner","@id":"https:\/\/www.organisator.ch\/#\/schema\/person\/6f650f90b2842cd4c0cc334b4e36f67e"},"headline":"Waldb\u00fcro: Ein Startup bringt das B\u00fcro in die Natur","datePublished":"2022-07-15T09:02:41+00:00","mainEntityOfPage":{"@id":"https:\/\/www.organisator.ch\/human-resources\/fit_im_job\/2022-07-15\/waldbuero-ein-startup-bringt-das-buero-in-die-natur\/"},"wordCount":493,"publisher":{"@id":"https:\/\/www.organisator.ch\/#organization"},"image":{"@id":"https:\/\/www.organisator.ch\/human-resources\/fit_im_job\/2022-07-15\/waldbuero-ein-startup-bringt-das-buero-in-die-natur\/#primaryimage"},"thumbnailUrl":"https:\/\/www.organisator.ch\/wp-content\/uploads\/2022\/07\/Waldbuero-Ein-Startup-bringt-das-Buero-in-die-Natur_Organisator.jpg","keywords":["HRM","New Work","Produkte"],"articleSection":["FIT IM JOB"],"inLanguage":"it-IT"},{"@type":"WebPage","@id":"https:\/\/www.organisator.ch\/human-resources\/fit_im_job\/2022-07-15\/waldbuero-ein-startup-bringt-das-buero-in-die-natur\/","url":"https:\/\/www.organisator.ch\/human-resources\/fit_im_job\/2022-07-15\/waldbuero-ein-startup-bringt-das-buero-in-die-natur\/","name":"Forest Office: una start-up porta l'ufficio nella natura - Organizzatore","isPartOf":{"@id":"https:\/\/www.organisator.ch\/#website"},"primaryImageOfPage":{"@id":"https:\/\/www.organisator.ch\/human-resources\/fit_im_job\/2022-07-15\/waldbuero-ein-startup-bringt-das-buero-in-die-natur\/#primaryimage"},"image":{"@id":"https:\/\/www.organisator.ch\/human-resources\/fit_im_job\/2022-07-15\/waldbuero-ein-startup-bringt-das-buero-in-die-natur\/#primaryimage"},"thumbnailUrl":"https:\/\/www.organisator.ch\/wp-content\/uploads\/2022\/07\/Waldbuero-Ein-Startup-bringt-das-Buero-in-die-Natur_Organisator.jpg","datePublished":"2022-07-15T09:02:41+00:00","description":"Il mondo del lavoro, con le sue forme familiari, sta cambiando. Una start-up offre un ufficio nella foresta - per aziende che pensano in modo innovativo.","breadcrumb":{"@id":"https:\/\/www.organisator.ch\/human-resources\/fit_im_job\/2022-07-15\/waldbuero-ein-startup-bringt-das-buero-in-die-natur\/#breadcrumb"},"inLanguage":"it-IT","potentialAction":[{"@type":"ReadAction","target":["https:\/\/www.organisator.ch\/human-resources\/fit_im_job\/2022-07-15\/waldbuero-ein-startup-bringt-das-buero-in-die-natur\/"]}]},{"@type":"ImageObject","inLanguage":"it-IT","@id":"https:\/\/www.organisator.ch\/human-resources\/fit_im_job\/2022-07-15\/waldbuero-ein-startup-bringt-das-buero-in-die-natur\/#primaryimage","url":"https:\/\/www.organisator.ch\/wp-content\/uploads\/2022\/07\/Waldbuero-Ein-Startup-bringt-das-Buero-in-die-Natur_Organisator.jpg","contentUrl":"https:\/\/www.organisator.ch\/wp-content\/uploads\/2022\/07\/Waldbuero-Ein-Startup-bringt-das-Buero-in-die-Natur_Organisator.jpg","width":680,"height":510,"caption":"Entspannt arbeiten im k\u00fchlen Wald: Ein nicht ganz allt\u00e4gliches Angebot sorgt f\u00fcr Abwechslung bei der Arbeit. (Bild: Waldbuero.com)"},{"@type":"BreadcrumbList","@id":"https:\/\/www.organisator.ch\/human-resources\/fit_im_job\/2022-07-15\/waldbuero-ein-startup-bringt-das-buero-in-die-natur\/#breadcrumb","itemListElement":[{"@type":"ListItem","position":1,"name":"Home","item":"https:\/\/www.organisator.ch\/"},{"@type":"ListItem","position":2,"name":"Waldb\u00fcro: Ein Startup bringt das B\u00fcro in die Natur"}]},{"@type":"WebSite","@id":"https:\/\/www.organisator.ch\/#website","url":"https:\/\/www.organisator.ch\/","name":"Organizzatore","description":"Competente. Pratico. In 10 numeri all'anno, ORGANISATOR presenta i temi essenziali per i manager delle PMI.","publisher":{"@id":"https:\/\/www.organisator.ch\/#organization"},"potentialAction":[{"@type":"SearchAction","target":{"@type":"EntryPoint","urlTemplate":"https:\/\/www.organisator.ch\/?s={search_term_string}"},"query-input":{"@type":"PropertyValueSpecification","valueRequired":true,"valueName":"search_term_string"}}],"inLanguage":"it-IT"},{"@type":"Organization","@id":"https:\/\/www.organisator.ch\/#organization","name":"Organizzatore","url":"https:\/\/www.organisator.ch\/","logo":{"@type":"ImageObject","inLanguage":"it-IT","@id":"https:\/\/www.organisator.ch\/#\/schema\/logo\/image\/","url":"https:\/\/www.organisator.ch\/wp-content\/uploads\/2022\/01\/Logo_Organisator_Website.png","contentUrl":"https:\/\/www.organisator.ch\/wp-content\/uploads\/2022\/01\/Logo_Organisator_Website.png","width":800,"height":77,"caption":"Organisator"},"image":{"@id":"https:\/\/www.organisator.ch\/#\/schema\/logo\/image\/"},"sameAs":["https:\/\/www.facebook.com\/OrganisatorFachmagazin","https:\/\/www.linkedin.com\/showcase\/organisator-das-magazin-fr-kmu","https:\/\/www.xing.com\/news\/pages\/organisator-ch-695","https:\/\/www.youtube.com\/channel\/UCGP2Sq0iWaZwT3BdIAQFYpw"]},{"@type":"Person","@id":"https:\/\/www.organisator.ch\/#\/schema\/person\/6f650f90b2842cd4c0cc334b4e36f67e","name":"Tommaso.berner","image":{"@type":"ImageObject","inLanguage":"it-IT","@id":"https:\/\/secure.gravatar.com\/avatar\/ac5001d2a36cb6c6cd3e50789007ffca834b477b74a2144564522e944eabff61?s=96&d=mm&r=g","url":"https:\/\/secure.gravatar.com\/avatar\/ac5001d2a36cb6c6cd3e50789007ffca834b477b74a2144564522e944eabff61?s=96&d=mm&r=g","contentUrl":"https:\/\/secure.gravatar.com\/avatar\/ac5001d2a36cb6c6cd3e50789007ffca834b477b74a2144564522e944eabff61?s=96&d=mm&r=g","caption":"thomas.berner"},"url":"https:\/\/www.organisator.ch\/it\/author\/thomas-berner\/"}]}},"_links":{"self":[{"href":"https:\/\/www.organisator.ch\/it\/wp-json\/wp\/v2\/posts\/15650","targetHints":{"allow":["GET"]}}],"collection":[{"href":"https:\/\/www.organisator.ch\/it\/wp-json\/wp\/v2\/posts"}],"about":[{"href":"https:\/\/www.organisator.ch\/it\/wp-json\/wp\/v2\/types\/post"}],"author":[{"embeddable":true,"href":"https:\/\/www.organisator.ch\/it\/wp-json\/wp\/v2\/users\/4"}],"replies":[{"embeddable":true,"href":"https:\/\/www.organisator.ch\/it\/wp-json\/wp\/v2\/comments?post=15650"}],"version-history":[{"count":1,"href":"https:\/\/www.organisator.ch\/it\/wp-json\/wp\/v2\/posts\/15650\/revisions"}],"predecessor-version":[{"id":15654,"href":"https:\/\/www.organisator.ch\/it\/wp-json\/wp\/v2\/posts\/15650\/revisions\/15654"}],"wp:featuredmedia":[{"embeddable":true,"href":"https:\/\/www.organisator.ch\/it\/wp-json\/wp\/v2\/media\/15653"}],"wp:attachment":[{"href":"https:\/\/www.organisator.ch\/it\/wp-json\/wp\/v2\/media?parent=15650"}],"wp:term":[{"taxonomy":"category","embeddable":true,"href":"https:\/\/www.organisator.ch\/it\/wp-json\/wp\/v2\/categories?post=15650"},{"taxonomy":"post_tag","embeddable":true,"href":"https:\/\/www.organisator.ch\/it\/wp-json\/wp\/v2\/tags?post=15650"}],"curies":[{"name":"wp","href":"https:\/\/api.w.org\/{rel}","templated":true}]}}