{"id":15661,"date":"2022-07-21T14:15:25","date_gmt":"2022-07-21T12:15:25","guid":{"rendered":"https:\/\/www.organisator.ch\/?p=15661"},"modified":"2022-09-20T13:23:45","modified_gmt":"2022-09-20T11:23:45","slug":"hochqualifizierte-selbstbewusste-mitarbeiter-fuehren","status":"publish","type":"post","link":"https:\/\/www.organisator.ch\/it\/management\/2022-07-21\/hochqualifizierte-selbstbewusste-mitarbeiter-fuehren\/","title":{"rendered":"Gestire dipendenti altamente qualificati e sicuri di s\u00e9"},"content":{"rendered":"<figure id=\"attachment_15662\" aria-describedby=\"caption-attachment-15662\" style=\"width: 680px\" class=\"wp-caption alignnone\"><img loading=\"lazy\" decoding=\"async\" class=\"size-full wp-image-15662\" src=\"https:\/\/www.organisator.ch\/wp-content\/uploads\/2022\/07\/Hochqualifizierte-selbstbewusste-Mitarbeiter-fuehren_Organisator.jpg\" alt=\"\" width=\"680\" height=\"426\" srcset=\"https:\/\/www.organisator.ch\/wp-content\/uploads\/2022\/07\/Hochqualifizierte-selbstbewusste-Mitarbeiter-fuehren_Organisator.jpg 680w, https:\/\/www.organisator.ch\/wp-content\/uploads\/2022\/07\/Hochqualifizierte-selbstbewusste-Mitarbeiter-fuehren_Organisator-18x12.jpg 18w, https:\/\/www.organisator.ch\/wp-content\/uploads\/2022\/07\/Hochqualifizierte-selbstbewusste-Mitarbeiter-fuehren_Organisator-279x175.jpg 279w, https:\/\/www.organisator.ch\/wp-content\/uploads\/2022\/07\/Hochqualifizierte-selbstbewusste-Mitarbeiter-fuehren_Organisator-559x350.jpg 559w, https:\/\/www.organisator.ch\/wp-content\/uploads\/2022\/07\/Hochqualifizierte-selbstbewusste-Mitarbeiter-fuehren_Organisator-300x188.jpg 300w\" sizes=\"auto, (max-width: 680px) 100vw, 680px\" \/><figcaption id=\"caption-attachment-15662\" class=\"wp-caption-text\">Guidare collaboratori fiduciosi \u00e8 impegnativo. (Immagine: Unsplash.com)<\/figcaption><\/figure>\n<p>Oggi i manager spesso non sono pi\u00f9 avvantaggiati rispetto ai loro collaboratori in termini di conoscenze ed esperienze professionali. Questi ultimi, infatti, non di rado sono specialisti altamente qualificati. Questi dipendenti sono di conseguenza sicuri di s\u00e9, soprattutto quando sanno che l'azienda dipende dalle loro competenze. Poi vogliono sentire l'apprezzamento che credono di meritare nelle loro interazioni quotidiane. Se questo manca, la loro motivazione al lavoro diminuisce e, in casi estremi, cambiano datore di lavoro.<\/p>\n<h3><strong>Comunicare di pi\u00f9 e in modo diverso<\/strong><\/h3>\n<p>Molti manager hanno difficolt\u00e0 a guidare dipendenti cos\u00ec sicuri di s\u00e9, anche perch\u00e9 alcuni hanno ancora segretamente interiorizzato il credo che le loro istruzioni debbano essere seguite ciecamente. Ma molti membri della cosiddetta Generazione Y, che sono nati dopo il 1980 e oggi costituiscono gi\u00e0 la spina dorsale di molte aziende, vedono le cose in modo diverso. Spesso mettono in discussione le istruzioni e le decisioni dei loro manager e vogliono avere quelle che considerano ragioni plausibili per cui certe cose sono necessarie.<\/p>\n<p>Per i manager, questo significa: Devono comunicare di pi\u00f9 e in modo diverso con i propri dipendenti rispetto al passato. Invece di istruzioni dall'alto verso il basso, oggi \u00e8 necessario coinvolgere i dipendenti nei processi decisionali. Se questo non \u00e8 possibile, i manager devono almeno accettare che i dipendenti a volte mettano in discussione il loro comportamento e le loro decisioni.<\/p>\n<p>In teoria, la maggior parte dei manager ne \u00e8 consapevole. Tuttavia, questo non significa che mostrino sempre il giusto comportamento di leadership nel lavoro quotidiano. Spesso si nota che i supervisori, soprattutto in situazioni in cui essi stessi sono tesi, mostrano un comportamento che corrisponde pi\u00f9 a uno stile di leadership autoritario che cooperativo. Di conseguenza, spesso causano conflitti evitabili.<\/p>\n<h3><strong>I dipendenti \"spuntano\" in modo molto diverso<\/strong><\/h3>\n<p>Nel lavoro quotidiano di team composti da molti dipendenti sicuri di s\u00e9, si nota anche che i manager non hanno mai problemi con alcuni di essi; nei rapporti con gli altri, invece, sorgono continuamente conflitti, motivo per cui i dipendenti in questione vengono mentalmente etichettati come \"difficili\" dai loro manager.<\/p>\n<p>Se si analizzano le ragioni di questo fenomeno, spesso si scopre che: se il rapporto tra manager e dipendente \u00e8 corretto, i manager di solito hanno<\/p>\n<ul>\n<li>un sistema di valori simile a quello del personale con cui si armonizzano bene, e\/o<\/li>\n<li>le loro preferenze comportamentali corrispondono alle aspettative che i dipendenti hanno nei confronti del loro manager in base al loro sistema di valori.<\/li>\n<\/ul>\n<p>Il discorso \u00e8 diverso per i \"dipendenti difficili\". O hanno un sistema di valori diverso da quello del loro manager, per cui per loro sono importanti altre cose. Oppure, a causa del loro sistema di valori, hanno aspettative nei confronti del loro manager che il manager non soddisfa a causa delle loro preferenze.<\/p>\n<h3><strong>Conoscere i diversi sistemi di valori<\/strong><\/h3>\n<p>I sistemi di valori e le aspettative divergenti di solito non costituiscono un problema nel lavoro quotidiano, se i dirigenti ne sono consapevoli. Tuttavia, molti supervisori non sono nemmeno consapevoli del proprio sistema di valori e delle proprie preferenze comportamentali. E questo \u00e8 ancora meno vero per quanto riguarda i dipendenti. Eppure questo aspetto sta diventando sempre pi\u00f9 importante per una leadership di successo, anche perch\u00e9 oggi sempre meno persone sono disposte ad accettare senza riserve autorit\u00e0 che non hanno scelto loro stessi.<\/p>\n<p>Se i supervisori vogliono guidare i loro dipendenti individualmente e secondo i loro sistemi di valori, devono sapere quanto segue:<\/p>\n<ul>\n<li>Che cosa rende il mio dipendente \"tick\"?<\/li>\n<li>Come appare il mondo attraverso i suoi \"occhiali\"?<\/li>\n<li>Di cosa ha bisogno per sviluppare il suo potenziale?<\/li>\n<\/ul>\n<p>Solo cos\u00ec i manager possono davvero adattare il loro comportamento di leadership alle loro controparti. Inoltre, solo cos\u00ec \u00e8 possibile raggiungere un accordo sostenibile con ciascun dipendente su ci\u00f2 di cui ha bisogno per vivere il proprio lavoro come soddisfacente perch\u00e9 significativo e corrispondente al suo sistema di valori.<\/p>\n<p><strong>Autore<br \/>\n<\/strong><em>Joachim Simon, Braunschweig, \u00e8 un formatore e relatore di leadership specializzato nel tema della (auto)leadership (<a href=\"http:\/\/www.joachimsimon.info\/\">www.joachimsimon.info<\/a>). \u00c8 autore del libro \"Selbstverantwortung im Unternehmen\" (Autoresponsabilit\u00e0 in azienda) pubblicato da Haufe-Verlag e cofondatore dell'applicazione di (auto)leadership coaching Mindshine (<a href=\"http:\/\/www.mindshine.app\">www.mindshine.app<\/a>).<\/em><\/p>","protected":false},"excerpt":{"rendered":"<p>F\u00fchrungskr\u00e4fte haben heute oft keinen fachlichen Wissens- und Erfahrungsvorsprung mehr vor ihren Mitarbeitenden. Denn diese sind nicht selten hochqualifizierte Spezialisten. Entsprechend selbstbewusst sind diese Mitarbeiter \u2013 insbesondere, wenn sie wissen, dass das Unternehmen auf ihre Expertise angewiesen ist. Dann wollen sie im t\u00e4glichen Miteinander die Wertsch\u00e4tzung sp\u00fcren, die ihnen ihrer Auffassung nach geb\u00fchrt. Fehlt diese, [&hellip;]<\/p>\n","protected":false},"author":4,"featured_media":15662,"comment_status":"closed","ping_status":"closed","sticky":false,"template":"","format":"standard","meta":{"_acf_changed":false,"_yoast_wpseo_focuskw":"selbstbewusste Mitarbeiter","_yoast_wpseo_metadesc":"Hochqualifizierte und selbstbewusste Mitarbeiter hinterfragen h\u00e4ufig die Meinungen und Entscheidungen ihrer Vorgesetzten. Wie damit umgehen?","articlekey":"","footnotes":""},"categories":[28],"tags":[320,335],"class_list":["post-15661","post","type-post","status-publish","format-standard","has-post-thumbnail","hentry","category-management","tag-leadership","tag-management-und-unternehmensfuehrung"],"acf":[],"yoast_head":"<!-- This site is optimized with the Yoast SEO plugin v27.5 - https:\/\/yoast.com\/product\/yoast-seo-wordpress\/ -->\n<title>Hochqualifizierte, selbstbewusste Mitarbeiter f\u00fchren - Organisator<\/title>\n<meta name=\"description\" content=\"Hochqualifizierte und selbstbewusste Mitarbeiter hinterfragen h\u00e4ufig die Meinungen und Entscheidungen ihrer Vorgesetzten. Wie damit umgehen?\" \/>\n<meta name=\"robots\" content=\"index, follow, max-snippet:-1, max-image-preview:large, max-video-preview:-1\" \/>\n<link rel=\"canonical\" href=\"https:\/\/www.organisator.ch\/it\/gestione-2\/2022-07-21\/hochqualifizierte-selbstbewusste-mitarbeiter-fuehren\/\" \/>\n<meta property=\"og:locale\" content=\"it_IT\" \/>\n<meta property=\"og:type\" content=\"article\" \/>\n<meta property=\"og:title\" content=\"Hochqualifizierte, selbstbewusste Mitarbeiter f\u00fchren\" \/>\n<meta property=\"og:description\" content=\"Hochqualifizierte und selbstbewusste Mitarbeiter hinterfragen h\u00e4ufig die Meinungen und Entscheidungen ihrer Vorgesetzten. Wie damit umgehen?\" \/>\n<meta property=\"og:url\" content=\"https:\/\/www.organisator.ch\/it\/gestione-2\/2022-07-21\/hochqualifizierte-selbstbewusste-mitarbeiter-fuehren\/\" \/>\n<meta property=\"og:site_name\" content=\"Organisator\" \/>\n<meta property=\"article:publisher\" content=\"https:\/\/www.facebook.com\/OrganisatorFachmagazin\" \/>\n<meta property=\"article:published_time\" content=\"2022-07-21T12:15:25+00:00\" \/>\n<meta property=\"article:modified_time\" content=\"2022-09-20T11:23:45+00:00\" \/>\n<meta property=\"og:image\" content=\"https:\/\/www.organisator.ch\/wp-content\/uploads\/2022\/07\/Hochqualifizierte-selbstbewusste-Mitarbeiter-fuehren_Organisator.jpg\" \/>\n\t<meta property=\"og:image:width\" content=\"680\" \/>\n\t<meta property=\"og:image:height\" content=\"426\" \/>\n\t<meta property=\"og:image:type\" content=\"image\/jpeg\" \/>\n<meta name=\"author\" content=\"thomas.berner\" \/>\n<meta name=\"twitter:card\" content=\"summary_large_image\" \/>\n<meta name=\"twitter:title\" content=\"Hochqualifizierte, selbstbewusste #Mitarbeiter f\u00fchren\" \/>\n<meta name=\"twitter:description\" content=\"Hochqualifizierte und selbstbewusste #Mitarbeiter hinterfragen h\u00e4ufig die Meinungen und Entscheidungen ihrer #Vorgesetzten. Wie damit umgehen?\" \/>\n<meta name=\"twitter:image\" content=\"https:\/\/www.organisator.ch\/wp-content\/uploads\/2022\/07\/Hochqualifizierte-selbstbewusste-Mitarbeiter-fuehren_Organisator.jpg\" \/>\n<script type=\"application\/ld+json\" class=\"yoast-schema-graph\">{\"@context\":\"https:\\\/\\\/schema.org\",\"@graph\":[{\"@type\":\"Article\",\"@id\":\"https:\\\/\\\/www.organisator.ch\\\/management\\\/2022-07-21\\\/hochqualifizierte-selbstbewusste-mitarbeiter-fuehren\\\/#article\",\"isPartOf\":{\"@id\":\"https:\\\/\\\/www.organisator.ch\\\/management\\\/2022-07-21\\\/hochqualifizierte-selbstbewusste-mitarbeiter-fuehren\\\/\"},\"author\":{\"name\":\"thomas.berner\",\"@id\":\"https:\\\/\\\/www.organisator.ch\\\/#\\\/schema\\\/person\\\/6f650f90b2842cd4c0cc334b4e36f67e\"},\"headline\":\"Hochqualifizierte, selbstbewusste Mitarbeiter f\u00fchren\",\"datePublished\":\"2022-07-21T12:15:25+00:00\",\"dateModified\":\"2022-09-20T11:23:45+00:00\",\"mainEntityOfPage\":{\"@id\":\"https:\\\/\\\/www.organisator.ch\\\/management\\\/2022-07-21\\\/hochqualifizierte-selbstbewusste-mitarbeiter-fuehren\\\/\"},\"wordCount\":659,\"publisher\":{\"@id\":\"https:\\\/\\\/www.organisator.ch\\\/#organization\"},\"image\":{\"@id\":\"https:\\\/\\\/www.organisator.ch\\\/management\\\/2022-07-21\\\/hochqualifizierte-selbstbewusste-mitarbeiter-fuehren\\\/#primaryimage\"},\"thumbnailUrl\":\"https:\\\/\\\/www.organisator.ch\\\/wp-content\\\/uploads\\\/2022\\\/07\\\/Hochqualifizierte-selbstbewusste-Mitarbeiter-fuehren_Organisator.jpg\",\"keywords\":[\"Leadership\",\"Management und Unternehmensf\u00fchrung\"],\"articleSection\":[\"MANAGEMENT\"],\"inLanguage\":\"it-IT\"},{\"@type\":\"WebPage\",\"@id\":\"https:\\\/\\\/www.organisator.ch\\\/management\\\/2022-07-21\\\/hochqualifizierte-selbstbewusste-mitarbeiter-fuehren\\\/\",\"url\":\"https:\\\/\\\/www.organisator.ch\\\/management\\\/2022-07-21\\\/hochqualifizierte-selbstbewusste-mitarbeiter-fuehren\\\/\",\"name\":\"Hochqualifizierte, selbstbewusste Mitarbeiter f\u00fchren - Organisator\",\"isPartOf\":{\"@id\":\"https:\\\/\\\/www.organisator.ch\\\/#website\"},\"primaryImageOfPage\":{\"@id\":\"https:\\\/\\\/www.organisator.ch\\\/management\\\/2022-07-21\\\/hochqualifizierte-selbstbewusste-mitarbeiter-fuehren\\\/#primaryimage\"},\"image\":{\"@id\":\"https:\\\/\\\/www.organisator.ch\\\/management\\\/2022-07-21\\\/hochqualifizierte-selbstbewusste-mitarbeiter-fuehren\\\/#primaryimage\"},\"thumbnailUrl\":\"https:\\\/\\\/www.organisator.ch\\\/wp-content\\\/uploads\\\/2022\\\/07\\\/Hochqualifizierte-selbstbewusste-Mitarbeiter-fuehren_Organisator.jpg\",\"datePublished\":\"2022-07-21T12:15:25+00:00\",\"dateModified\":\"2022-09-20T11:23:45+00:00\",\"description\":\"Hochqualifizierte und selbstbewusste Mitarbeiter hinterfragen h\u00e4ufig die Meinungen und Entscheidungen ihrer Vorgesetzten. Wie damit umgehen?\",\"breadcrumb\":{\"@id\":\"https:\\\/\\\/www.organisator.ch\\\/management\\\/2022-07-21\\\/hochqualifizierte-selbstbewusste-mitarbeiter-fuehren\\\/#breadcrumb\"},\"inLanguage\":\"it-IT\",\"potentialAction\":[{\"@type\":\"ReadAction\",\"target\":[\"https:\\\/\\\/www.organisator.ch\\\/management\\\/2022-07-21\\\/hochqualifizierte-selbstbewusste-mitarbeiter-fuehren\\\/\"]}]},{\"@type\":\"ImageObject\",\"inLanguage\":\"it-IT\",\"@id\":\"https:\\\/\\\/www.organisator.ch\\\/management\\\/2022-07-21\\\/hochqualifizierte-selbstbewusste-mitarbeiter-fuehren\\\/#primaryimage\",\"url\":\"https:\\\/\\\/www.organisator.ch\\\/wp-content\\\/uploads\\\/2022\\\/07\\\/Hochqualifizierte-selbstbewusste-Mitarbeiter-fuehren_Organisator.jpg\",\"contentUrl\":\"https:\\\/\\\/www.organisator.ch\\\/wp-content\\\/uploads\\\/2022\\\/07\\\/Hochqualifizierte-selbstbewusste-Mitarbeiter-fuehren_Organisator.jpg\",\"width\":680,\"height\":426,\"caption\":\"Selbstbewusste Mitarbeiter und Mitarbeiterinnen f\u00fchren ist anspruchsvoll. (Bild: Unsplash.com)\"},{\"@type\":\"BreadcrumbList\",\"@id\":\"https:\\\/\\\/www.organisator.ch\\\/management\\\/2022-07-21\\\/hochqualifizierte-selbstbewusste-mitarbeiter-fuehren\\\/#breadcrumb\",\"itemListElement\":[{\"@type\":\"ListItem\",\"position\":1,\"name\":\"Home\",\"item\":\"https:\\\/\\\/www.organisator.ch\\\/\"},{\"@type\":\"ListItem\",\"position\":2,\"name\":\"Hochqualifizierte, selbstbewusste Mitarbeiter f\u00fchren\"}]},{\"@type\":\"WebSite\",\"@id\":\"https:\\\/\\\/www.organisator.ch\\\/#website\",\"url\":\"https:\\\/\\\/www.organisator.ch\\\/\",\"name\":\"Organisator\",\"description\":\"Kompetent. Praxisnah. Der ORGANISATOR bereitet in 10 Ausgaben pro Jahr die wesentlichen Themen f\u00fcr F\u00fchrungskr\u00e4fte von KMU auf.\",\"publisher\":{\"@id\":\"https:\\\/\\\/www.organisator.ch\\\/#organization\"},\"potentialAction\":[{\"@type\":\"SearchAction\",\"target\":{\"@type\":\"EntryPoint\",\"urlTemplate\":\"https:\\\/\\\/www.organisator.ch\\\/?s={search_term_string}\"},\"query-input\":{\"@type\":\"PropertyValueSpecification\",\"valueRequired\":true,\"valueName\":\"search_term_string\"}}],\"inLanguage\":\"it-IT\"},{\"@type\":\"Organization\",\"@id\":\"https:\\\/\\\/www.organisator.ch\\\/#organization\",\"name\":\"Organisator\",\"url\":\"https:\\\/\\\/www.organisator.ch\\\/\",\"logo\":{\"@type\":\"ImageObject\",\"inLanguage\":\"it-IT\",\"@id\":\"https:\\\/\\\/www.organisator.ch\\\/#\\\/schema\\\/logo\\\/image\\\/\",\"url\":\"https:\\\/\\\/www.organisator.ch\\\/wp-content\\\/uploads\\\/2022\\\/01\\\/Logo_Organisator_Website.png\",\"contentUrl\":\"https:\\\/\\\/www.organisator.ch\\\/wp-content\\\/uploads\\\/2022\\\/01\\\/Logo_Organisator_Website.png\",\"width\":800,\"height\":77,\"caption\":\"Organisator\"},\"image\":{\"@id\":\"https:\\\/\\\/www.organisator.ch\\\/#\\\/schema\\\/logo\\\/image\\\/\"},\"sameAs\":[\"https:\\\/\\\/www.facebook.com\\\/OrganisatorFachmagazin\",\"https:\\\/\\\/www.linkedin.com\\\/showcase\\\/organisator-das-magazin-fr-kmu\",\"https:\\\/\\\/www.xing.com\\\/news\\\/pages\\\/organisator-ch-695\",\"https:\\\/\\\/www.youtube.com\\\/channel\\\/UCGP2Sq0iWaZwT3BdIAQFYpw\"]},{\"@type\":\"Person\",\"@id\":\"https:\\\/\\\/www.organisator.ch\\\/#\\\/schema\\\/person\\\/6f650f90b2842cd4c0cc334b4e36f67e\",\"name\":\"thomas.berner\",\"image\":{\"@type\":\"ImageObject\",\"inLanguage\":\"it-IT\",\"@id\":\"https:\\\/\\\/secure.gravatar.com\\\/avatar\\\/ac5001d2a36cb6c6cd3e50789007ffca834b477b74a2144564522e944eabff61?s=96&d=mm&r=g\",\"url\":\"https:\\\/\\\/secure.gravatar.com\\\/avatar\\\/ac5001d2a36cb6c6cd3e50789007ffca834b477b74a2144564522e944eabff61?s=96&d=mm&r=g\",\"contentUrl\":\"https:\\\/\\\/secure.gravatar.com\\\/avatar\\\/ac5001d2a36cb6c6cd3e50789007ffca834b477b74a2144564522e944eabff61?s=96&d=mm&r=g\",\"caption\":\"thomas.berner\"},\"url\":\"https:\\\/\\\/www.organisator.ch\\\/it\\\/author\\\/thomas-berner\\\/\"}]}<\/script>\n<!-- \/ Yoast SEO plugin. -->","yoast_head_json":{"title":"Guidare dipendenti altamente qualificati e sicuri di s\u00e9 - Organizzatore","description":"I dipendenti altamente qualificati e sicuri di s\u00e9 spesso mettono in discussione le opinioni e le decisioni dei loro superiori. Come affrontare questo problema?","robots":{"index":"index","follow":"follow","max-snippet":"max-snippet:-1","max-image-preview":"max-image-preview:large","max-video-preview":"max-video-preview:-1"},"canonical":"https:\/\/www.organisator.ch\/it\/gestione-2\/2022-07-21\/hochqualifizierte-selbstbewusste-mitarbeiter-fuehren\/","og_locale":"it_IT","og_type":"article","og_title":"Hochqualifizierte, selbstbewusste Mitarbeiter f\u00fchren","og_description":"Hochqualifizierte und selbstbewusste Mitarbeiter hinterfragen h\u00e4ufig die Meinungen und Entscheidungen ihrer Vorgesetzten. Wie damit umgehen?","og_url":"https:\/\/www.organisator.ch\/it\/gestione-2\/2022-07-21\/hochqualifizierte-selbstbewusste-mitarbeiter-fuehren\/","og_site_name":"Organisator","article_publisher":"https:\/\/www.facebook.com\/OrganisatorFachmagazin","article_published_time":"2022-07-21T12:15:25+00:00","article_modified_time":"2022-09-20T11:23:45+00:00","og_image":[{"width":680,"height":426,"url":"https:\/\/www.organisator.ch\/wp-content\/uploads\/2022\/07\/Hochqualifizierte-selbstbewusste-Mitarbeiter-fuehren_Organisator.jpg","type":"image\/jpeg"}],"author":"thomas.berner","twitter_card":"summary_large_image","twitter_title":"Hochqualifizierte, selbstbewusste #Mitarbeiter f\u00fchren","twitter_description":"Hochqualifizierte und selbstbewusste #Mitarbeiter hinterfragen h\u00e4ufig die Meinungen und Entscheidungen ihrer #Vorgesetzten. Wie damit umgehen?","twitter_image":"https:\/\/www.organisator.ch\/wp-content\/uploads\/2022\/07\/Hochqualifizierte-selbstbewusste-Mitarbeiter-fuehren_Organisator.jpg","schema":{"@context":"https:\/\/schema.org","@graph":[{"@type":"Article","@id":"https:\/\/www.organisator.ch\/management\/2022-07-21\/hochqualifizierte-selbstbewusste-mitarbeiter-fuehren\/#article","isPartOf":{"@id":"https:\/\/www.organisator.ch\/management\/2022-07-21\/hochqualifizierte-selbstbewusste-mitarbeiter-fuehren\/"},"author":{"name":"thomas.berner","@id":"https:\/\/www.organisator.ch\/#\/schema\/person\/6f650f90b2842cd4c0cc334b4e36f67e"},"headline":"Hochqualifizierte, selbstbewusste Mitarbeiter f\u00fchren","datePublished":"2022-07-21T12:15:25+00:00","dateModified":"2022-09-20T11:23:45+00:00","mainEntityOfPage":{"@id":"https:\/\/www.organisator.ch\/management\/2022-07-21\/hochqualifizierte-selbstbewusste-mitarbeiter-fuehren\/"},"wordCount":659,"publisher":{"@id":"https:\/\/www.organisator.ch\/#organization"},"image":{"@id":"https:\/\/www.organisator.ch\/management\/2022-07-21\/hochqualifizierte-selbstbewusste-mitarbeiter-fuehren\/#primaryimage"},"thumbnailUrl":"https:\/\/www.organisator.ch\/wp-content\/uploads\/2022\/07\/Hochqualifizierte-selbstbewusste-Mitarbeiter-fuehren_Organisator.jpg","keywords":["Leadership","Management und Unternehmensf\u00fchrung"],"articleSection":["MANAGEMENT"],"inLanguage":"it-IT"},{"@type":"WebPage","@id":"https:\/\/www.organisator.ch\/management\/2022-07-21\/hochqualifizierte-selbstbewusste-mitarbeiter-fuehren\/","url":"https:\/\/www.organisator.ch\/management\/2022-07-21\/hochqualifizierte-selbstbewusste-mitarbeiter-fuehren\/","name":"Guidare dipendenti altamente qualificati e sicuri di s\u00e9 - Organizzatore","isPartOf":{"@id":"https:\/\/www.organisator.ch\/#website"},"primaryImageOfPage":{"@id":"https:\/\/www.organisator.ch\/management\/2022-07-21\/hochqualifizierte-selbstbewusste-mitarbeiter-fuehren\/#primaryimage"},"image":{"@id":"https:\/\/www.organisator.ch\/management\/2022-07-21\/hochqualifizierte-selbstbewusste-mitarbeiter-fuehren\/#primaryimage"},"thumbnailUrl":"https:\/\/www.organisator.ch\/wp-content\/uploads\/2022\/07\/Hochqualifizierte-selbstbewusste-Mitarbeiter-fuehren_Organisator.jpg","datePublished":"2022-07-21T12:15:25+00:00","dateModified":"2022-09-20T11:23:45+00:00","description":"I dipendenti altamente qualificati e sicuri di s\u00e9 spesso mettono in discussione le opinioni e le decisioni dei loro superiori. Come affrontare questo problema?","breadcrumb":{"@id":"https:\/\/www.organisator.ch\/management\/2022-07-21\/hochqualifizierte-selbstbewusste-mitarbeiter-fuehren\/#breadcrumb"},"inLanguage":"it-IT","potentialAction":[{"@type":"ReadAction","target":["https:\/\/www.organisator.ch\/management\/2022-07-21\/hochqualifizierte-selbstbewusste-mitarbeiter-fuehren\/"]}]},{"@type":"ImageObject","inLanguage":"it-IT","@id":"https:\/\/www.organisator.ch\/management\/2022-07-21\/hochqualifizierte-selbstbewusste-mitarbeiter-fuehren\/#primaryimage","url":"https:\/\/www.organisator.ch\/wp-content\/uploads\/2022\/07\/Hochqualifizierte-selbstbewusste-Mitarbeiter-fuehren_Organisator.jpg","contentUrl":"https:\/\/www.organisator.ch\/wp-content\/uploads\/2022\/07\/Hochqualifizierte-selbstbewusste-Mitarbeiter-fuehren_Organisator.jpg","width":680,"height":426,"caption":"Selbstbewusste Mitarbeiter und Mitarbeiterinnen f\u00fchren ist anspruchsvoll. (Bild: Unsplash.com)"},{"@type":"BreadcrumbList","@id":"https:\/\/www.organisator.ch\/management\/2022-07-21\/hochqualifizierte-selbstbewusste-mitarbeiter-fuehren\/#breadcrumb","itemListElement":[{"@type":"ListItem","position":1,"name":"Home","item":"https:\/\/www.organisator.ch\/"},{"@type":"ListItem","position":2,"name":"Hochqualifizierte, selbstbewusste Mitarbeiter f\u00fchren"}]},{"@type":"WebSite","@id":"https:\/\/www.organisator.ch\/#website","url":"https:\/\/www.organisator.ch\/","name":"Organizzatore","description":"Competente. Pratico. In 10 numeri all'anno, ORGANISATOR presenta i temi essenziali per i manager delle PMI.","publisher":{"@id":"https:\/\/www.organisator.ch\/#organization"},"potentialAction":[{"@type":"SearchAction","target":{"@type":"EntryPoint","urlTemplate":"https:\/\/www.organisator.ch\/?s={search_term_string}"},"query-input":{"@type":"PropertyValueSpecification","valueRequired":true,"valueName":"search_term_string"}}],"inLanguage":"it-IT"},{"@type":"Organization","@id":"https:\/\/www.organisator.ch\/#organization","name":"Organizzatore","url":"https:\/\/www.organisator.ch\/","logo":{"@type":"ImageObject","inLanguage":"it-IT","@id":"https:\/\/www.organisator.ch\/#\/schema\/logo\/image\/","url":"https:\/\/www.organisator.ch\/wp-content\/uploads\/2022\/01\/Logo_Organisator_Website.png","contentUrl":"https:\/\/www.organisator.ch\/wp-content\/uploads\/2022\/01\/Logo_Organisator_Website.png","width":800,"height":77,"caption":"Organisator"},"image":{"@id":"https:\/\/www.organisator.ch\/#\/schema\/logo\/image\/"},"sameAs":["https:\/\/www.facebook.com\/OrganisatorFachmagazin","https:\/\/www.linkedin.com\/showcase\/organisator-das-magazin-fr-kmu","https:\/\/www.xing.com\/news\/pages\/organisator-ch-695","https:\/\/www.youtube.com\/channel\/UCGP2Sq0iWaZwT3BdIAQFYpw"]},{"@type":"Person","@id":"https:\/\/www.organisator.ch\/#\/schema\/person\/6f650f90b2842cd4c0cc334b4e36f67e","name":"Tommaso.berner","image":{"@type":"ImageObject","inLanguage":"it-IT","@id":"https:\/\/secure.gravatar.com\/avatar\/ac5001d2a36cb6c6cd3e50789007ffca834b477b74a2144564522e944eabff61?s=96&d=mm&r=g","url":"https:\/\/secure.gravatar.com\/avatar\/ac5001d2a36cb6c6cd3e50789007ffca834b477b74a2144564522e944eabff61?s=96&d=mm&r=g","contentUrl":"https:\/\/secure.gravatar.com\/avatar\/ac5001d2a36cb6c6cd3e50789007ffca834b477b74a2144564522e944eabff61?s=96&d=mm&r=g","caption":"thomas.berner"},"url":"https:\/\/www.organisator.ch\/it\/author\/thomas-berner\/"}]}},"_links":{"self":[{"href":"https:\/\/www.organisator.ch\/it\/wp-json\/wp\/v2\/posts\/15661","targetHints":{"allow":["GET"]}}],"collection":[{"href":"https:\/\/www.organisator.ch\/it\/wp-json\/wp\/v2\/posts"}],"about":[{"href":"https:\/\/www.organisator.ch\/it\/wp-json\/wp\/v2\/types\/post"}],"author":[{"embeddable":true,"href":"https:\/\/www.organisator.ch\/it\/wp-json\/wp\/v2\/users\/4"}],"replies":[{"embeddable":true,"href":"https:\/\/www.organisator.ch\/it\/wp-json\/wp\/v2\/comments?post=15661"}],"version-history":[{"count":1,"href":"https:\/\/www.organisator.ch\/it\/wp-json\/wp\/v2\/posts\/15661\/revisions"}],"predecessor-version":[{"id":15663,"href":"https:\/\/www.organisator.ch\/it\/wp-json\/wp\/v2\/posts\/15661\/revisions\/15663"}],"wp:featuredmedia":[{"embeddable":true,"href":"https:\/\/www.organisator.ch\/it\/wp-json\/wp\/v2\/media\/15662"}],"wp:attachment":[{"href":"https:\/\/www.organisator.ch\/it\/wp-json\/wp\/v2\/media?parent=15661"}],"wp:term":[{"taxonomy":"category","embeddable":true,"href":"https:\/\/www.organisator.ch\/it\/wp-json\/wp\/v2\/categories?post=15661"},{"taxonomy":"post_tag","embeddable":true,"href":"https:\/\/www.organisator.ch\/it\/wp-json\/wp\/v2\/tags?post=15661"}],"curies":[{"name":"wp","href":"https:\/\/api.w.org\/{rel}","templated":true}]}}