{"id":15741,"date":"2022-07-22T03:35:24","date_gmt":"2022-07-22T01:35:24","guid":{"rendered":"https:\/\/www.m-q.ch\/?p=16669"},"modified":"2022-07-23T15:18:09","modified_gmt":"2022-07-23T13:18:09","slug":"3d-metrology-conference-messtechnik-als-innovationstreiber","status":"publish","type":"post","link":"https:\/\/www.organisator.ch\/it\/operational-excellence\/2022-07-22\/3d-metrology-conference-messtechnik-als-innovationstreiber\/","title":{"rendered":"Conferenza sulla metrologia 3D: la metrologia come motore dell'innovazione"},"content":{"rendered":"<figure id=\"attachment_16670\" class=\"wp-caption alignnone\" style=\"width: 680px\" aria-describedby=\"caption-attachment-16670\"><img class=\"alignnone wp-image-16670 size-full\" src=\"https:\/\/www.m-q.ch\/wp-content\/uploads\/2022\/07\/3D-Metrology-Conference-Messtechnik-als-Innovationstreiber_MQ.jpg\" alt=\"Conferenza sulla metrologia 3D\" width=\"680\" height=\"453\" \/><figcaption id=\"caption-attachment-16670\" class=\"wp-caption-text\">La Conferenza sulla metrologia 3D si terr\u00e0 ad Aquisgrana dal 15 al 17 novembre 2022. (Immagine: zVg \/ Ufficio stampa WZL Aachen)<\/figcaption><\/figure>\r\nDopo le edizioni di successo di Aquisgrana, Amburgo e Londra e, pi\u00f9 recentemente, due edizioni virtuali, la Conferenza di Metrologia 3D torna ora alla sua sede principale, il Melaten Campus.\r\n<h3>Conferenza sulla metrologia 3D con esposizione industriale<\/h3>\r\nAl 3DMC, fino a 200 utenti industriali ed esperti di fama accademica si scambiano idee e danno forma al carattere innovativo e aperto dell'evento. Ci\u00f2 si riflette anche nella struttura del programma: un programma di conferenze di alto livello \u00e8 abbinato a una mostra aperta al settore, a sessioni di interesse speciale e a formati di networking dedicati. Il Prof. Ben Hughes e il Prof. Robert Schmitt modereranno e daranno forma all'evento in qualit\u00e0 di presidente e conduttore.\r\n<h3>Presentazione di casi d'uso e risultati della ricerca<\/h3>\r\nLa conferenza si concentrer\u00e0 sulla tecnologia di misura come motore dell'innovazione nell'automazione e nell'assicurazione della qualit\u00e0. Da un lato, gli utenti finali industriali presenteranno casi d'uso di successo provenienti da vari settori, ad esempio dall'ingegneria automobilistica, dall'aviazione o dall'industria energetica. D'altro canto, scienziati di fama internazionale presenteranno i progressi della tecnologia di misura stessa, che consentiranno nuove applicazioni. I dati 3D e la visione artificiale costituiscono il DNA della conferenza e sono integrati da altre tecnologie, ad esempio dai campi della digitalizzazione e dell'intelligenza artificiale.\r\n<h3>Varie innovazioni<\/h3>\r\nNel 2022, il 3DMC introdurr\u00e0 due innovazioni: Per la prima volta, l'esposizione del settore si svolger\u00e0 nella nuova sala macchine del WZL, consentendo agli espositori di presentare dal vivo casi d'uso innovativi e di discuterne con la comunit\u00e0. I vantaggi di una fiera, di un laboratorio di tecnologia di produzione e di un forum di esperti si riuniranno cos\u00ec in un unico luogo. Come ulteriore innovazione, le relazioni selezionate saranno integrate da un articolo peer-reviewed associato nella rivista open access Metrology, che rafforzer\u00e0 ulteriormente l'eccellenza scientifica sostenibile della conferenza.\r\n\r\n<em>Sito web dell'evento: <a href=\"https:\/\/www.3dmc.events\/\">https:\/\/www.3dmc.events<\/a><\/em>\n<p class=\"syndicated-attribution\">Questo articolo \u00e8 apparso originariamente su m-q.ch - <a href=\"https:\/\/www.m-q.ch\/de\/3d-metrology-conference-messtechnik-als-innovationstreiber\/\" target=\"_blank\">https:\/\/www.m-q.ch\/de\/3d-metrology-conference-messtechnik-als-innovationstreiber\/<\/a><\/p>","protected":false},"excerpt":{"rendered":"<p>Nach erfolgreichen Editionen in Aachen, Hamburg und London sowie zuletzt zwei virtuellen Austragungen kehrt die 3D Metrology Conference nun an ihren Gr\u00fcndungsort, den Campus Melaten, zur\u00fcck. 3D Metrology Conference mit Industrieausstellung Auf der 3DMC tauschen sich bis zu 200 industrielle Anwender und akademisch renommierte Experten aus und pr\u00e4gen den innovativen und offenen Charakter der Veranstaltung. [\u2026]<\/p>\n","protected":false},"author":8,"featured_media":0,"comment_status":"closed","ping_status":"closed","sticky":false,"template":"","format":"standard","meta":{"_acf_changed":false,"_yoast_wpseo_focuskw":"3D Metrology Conference","_yoast_wpseo_metadesc":"Dieses Jahr findet vom 15. bis zum 17. November die 3D Metrology Conference in Aachen statt. Die 3DMC ist eine der bedeutendsten Konferenzen","articlekey":"","footnotes":""},"categories":[582],"tags":[3062,3063],"class_list":["post-15741","post","type-post","status-publish","format-standard","hentry","category-operational-excellence","tag-3d-metrology-conference","tag-innovationstreiber"],"acf":[],"yoast_head":"<!-- This site is optimized with the Yoast SEO plugin v27.5 - https:\/\/yoast.com\/product\/yoast-seo-wordpress\/ -->\n<title>3D Metrology Conference: Messtechnik als Innovationstreiber - Organisator<\/title>\n<meta name=\"description\" content=\"Dieses Jahr findet vom 15. bis zum 17. November die 3D Metrology Conference in Aachen statt. Die 3DMC ist eine der bedeutendsten Konferenzen\" \/>\n<meta name=\"robots\" content=\"index, follow, max-snippet:-1, max-image-preview:large, max-video-preview:-1\" \/>\n<link rel=\"canonical\" href=\"https:\/\/www.m-q.ch\/de\/3d-metrology-conference-messtechnik-als-innovationstreiber\/\" \/>\n<meta property=\"og:locale\" content=\"it_IT\" \/>\n<meta property=\"og:type\" content=\"article\" \/>\n<meta property=\"og:title\" content=\"3D Metrology Conference: Messtechnik als Innovationstreiber - Organisator\" \/>\n<meta property=\"og:description\" content=\"Dieses Jahr findet vom 15. bis zum 17. November die 3D Metrology Conference in Aachen statt. Die 3DMC ist eine der bedeutendsten Konferenzen\" \/>\n<meta property=\"og:url\" content=\"https:\/\/www.m-q.ch\/de\/3d-metrology-conference-messtechnik-als-innovationstreiber\/\" \/>\n<meta property=\"og:site_name\" content=\"Organisator\" \/>\n<meta property=\"article:publisher\" content=\"https:\/\/www.facebook.com\/OrganisatorFachmagazin\" \/>\n<meta property=\"article:published_time\" content=\"2022-07-22T01:35:24+00:00\" \/>\n<meta property=\"article:modified_time\" content=\"2022-07-23T13:18:09+00:00\" \/>\n<meta property=\"og:image\" content=\"https:\/\/www.m-q.ch\/wp-content\/uploads\/2022\/07\/3D-Metrology-Conference-Messtechnik-als-Innovationstreiber_MQ.jpg\" \/>\n<meta name=\"author\" content=\"galledia\" \/>\n<meta name=\"twitter:card\" content=\"summary_large_image\" \/>\n<meta name=\"twitter:creator\" content=\"@admin\" \/>\n<script type=\"application\/ld+json\" class=\"yoast-schema-graph\">{\"@context\":\"https:\\\/\\\/schema.org\",\"@graph\":[{\"@type\":\"Article\",\"@id\":\"https:\\\/\\\/www.m-q.ch\\\/de\\\/3d-metrology-conference-messtechnik-als-innovationstreiber\\\/#article\",\"isPartOf\":{\"@id\":\"https:\\\/\\\/www.organisator.ch\\\/operational-excellence\\\/2022-07-22\\\/3d-metrology-conference-messtechnik-als-innovationstreiber\\\/\"},\"author\":{\"name\":\"galledia\",\"@id\":\"https:\\\/\\\/www.organisator.ch\\\/#\\\/schema\\\/person\\\/4e51799071cd2dd1232ac003643ef5f0\"},\"headline\":\"3D Metrology Conference: Messtechnik als Innovationstreiber\",\"datePublished\":\"2022-07-22T01:35:24+00:00\",\"dateModified\":\"2022-07-23T13:18:09+00:00\",\"mainEntityOfPage\":{\"@id\":\"https:\\\/\\\/www.organisator.ch\\\/operational-excellence\\\/2022-07-22\\\/3d-metrology-conference-messtechnik-als-innovationstreiber\\\/\"},\"wordCount\":304,\"publisher\":{\"@id\":\"https:\\\/\\\/www.organisator.ch\\\/#organization\"},\"image\":{\"@id\":\"https:\\\/\\\/www.m-q.ch\\\/de\\\/3d-metrology-conference-messtechnik-als-innovationstreiber\\\/#primaryimage\"},\"thumbnailUrl\":\"https:\\\/\\\/www.m-q.ch\\\/wp-content\\\/uploads\\\/2022\\\/07\\\/3D-Metrology-Conference-Messtechnik-als-Innovationstreiber_MQ.jpg\",\"keywords\":[\"3D Metrology Conference\",\"Innovationstreiber\"],\"articleSection\":[\"OPERATIONAL EXCELLENCE\"],\"inLanguage\":\"it-IT\"},{\"@type\":\"WebPage\",\"@id\":\"https:\\\/\\\/www.organisator.ch\\\/operational-excellence\\\/2022-07-22\\\/3d-metrology-conference-messtechnik-als-innovationstreiber\\\/\",\"url\":\"https:\\\/\\\/www.m-q.ch\\\/de\\\/3d-metrology-conference-messtechnik-als-innovationstreiber\\\/\",\"name\":\"3D Metrology Conference: Messtechnik als Innovationstreiber - Organisator\",\"isPartOf\":{\"@id\":\"https:\\\/\\\/www.organisator.ch\\\/#website\"},\"primaryImageOfPage\":{\"@id\":\"https:\\\/\\\/www.m-q.ch\\\/de\\\/3d-metrology-conference-messtechnik-als-innovationstreiber\\\/#primaryimage\"},\"image\":{\"@id\":\"https:\\\/\\\/www.m-q.ch\\\/de\\\/3d-metrology-conference-messtechnik-als-innovationstreiber\\\/#primaryimage\"},\"thumbnailUrl\":\"https:\\\/\\\/www.m-q.ch\\\/wp-content\\\/uploads\\\/2022\\\/07\\\/3D-Metrology-Conference-Messtechnik-als-Innovationstreiber_MQ.jpg\",\"datePublished\":\"2022-07-22T01:35:24+00:00\",\"dateModified\":\"2022-07-23T13:18:09+00:00\",\"description\":\"Dieses Jahr findet vom 15. bis zum 17. November die 3D Metrology Conference in Aachen statt. Die 3DMC ist eine der bedeutendsten Konferenzen\",\"breadcrumb\":{\"@id\":\"https:\\\/\\\/www.m-q.ch\\\/de\\\/3d-metrology-conference-messtechnik-als-innovationstreiber\\\/#breadcrumb\"},\"inLanguage\":\"it-IT\",\"potentialAction\":[{\"@type\":\"ReadAction\",\"target\":[\"https:\\\/\\\/www.m-q.ch\\\/de\\\/3d-metrology-conference-messtechnik-als-innovationstreiber\\\/\"]}]},{\"@type\":\"ImageObject\",\"inLanguage\":\"it-IT\",\"@id\":\"https:\\\/\\\/www.m-q.ch\\\/de\\\/3d-metrology-conference-messtechnik-als-innovationstreiber\\\/#primaryimage\",\"url\":\"https:\\\/\\\/www.m-q.ch\\\/wp-content\\\/uploads\\\/2022\\\/07\\\/3D-Metrology-Conference-Messtechnik-als-Innovationstreiber_MQ.jpg\",\"contentUrl\":\"https:\\\/\\\/www.m-q.ch\\\/wp-content\\\/uploads\\\/2022\\\/07\\\/3D-Metrology-Conference-Messtechnik-als-Innovationstreiber_MQ.jpg\"},{\"@type\":\"BreadcrumbList\",\"@id\":\"https:\\\/\\\/www.m-q.ch\\\/de\\\/3d-metrology-conference-messtechnik-als-innovationstreiber\\\/#breadcrumb\",\"itemListElement\":[{\"@type\":\"ListItem\",\"position\":1,\"name\":\"Home\",\"item\":\"https:\\\/\\\/www.organisator.ch\\\/\"},{\"@type\":\"ListItem\",\"position\":2,\"name\":\"3D Metrology Conference: Messtechnik als Innovationstreiber\"}]},{\"@type\":\"WebSite\",\"@id\":\"https:\\\/\\\/www.organisator.ch\\\/#website\",\"url\":\"https:\\\/\\\/www.organisator.ch\\\/\",\"name\":\"Organisator\",\"description\":\"Kompetent. Praxisnah. Der ORGANISATOR bereitet in 10 Ausgaben pro Jahr die wesentlichen Themen f\u00fcr F\u00fchrungskr\u00e4fte von KMU auf.\",\"publisher\":{\"@id\":\"https:\\\/\\\/www.organisator.ch\\\/#organization\"},\"potentialAction\":[{\"@type\":\"SearchAction\",\"target\":{\"@type\":\"EntryPoint\",\"urlTemplate\":\"https:\\\/\\\/www.organisator.ch\\\/?s={search_term_string}\"},\"query-input\":{\"@type\":\"PropertyValueSpecification\",\"valueRequired\":true,\"valueName\":\"search_term_string\"}}],\"inLanguage\":\"it-IT\"},{\"@type\":\"Organization\",\"@id\":\"https:\\\/\\\/www.organisator.ch\\\/#organization\",\"name\":\"Organisator\",\"url\":\"https:\\\/\\\/www.organisator.ch\\\/\",\"logo\":{\"@type\":\"ImageObject\",\"inLanguage\":\"it-IT\",\"@id\":\"https:\\\/\\\/www.organisator.ch\\\/#\\\/schema\\\/logo\\\/image\\\/\",\"url\":\"https:\\\/\\\/www.organisator.ch\\\/wp-content\\\/uploads\\\/2022\\\/01\\\/Logo_Organisator_Website.png\",\"contentUrl\":\"https:\\\/\\\/www.organisator.ch\\\/wp-content\\\/uploads\\\/2022\\\/01\\\/Logo_Organisator_Website.png\",\"width\":800,\"height\":77,\"caption\":\"Organisator\"},\"image\":{\"@id\":\"https:\\\/\\\/www.organisator.ch\\\/#\\\/schema\\\/logo\\\/image\\\/\"},\"sameAs\":[\"https:\\\/\\\/www.facebook.com\\\/OrganisatorFachmagazin\",\"https:\\\/\\\/www.linkedin.com\\\/showcase\\\/organisator-das-magazin-fr-kmu\",\"https:\\\/\\\/www.xing.com\\\/news\\\/pages\\\/organisator-ch-695\",\"https:\\\/\\\/www.youtube.com\\\/channel\\\/UCGP2Sq0iWaZwT3BdIAQFYpw\"]},{\"@type\":\"Person\",\"@id\":\"https:\\\/\\\/www.organisator.ch\\\/#\\\/schema\\\/person\\\/4e51799071cd2dd1232ac003643ef5f0\",\"name\":\"galledia\",\"image\":{\"@type\":\"ImageObject\",\"inLanguage\":\"it-IT\",\"@id\":\"https:\\\/\\\/secure.gravatar.com\\\/avatar\\\/78a7f90c01fc2bfc875782a0d4922b37cde2cf184ce347b91316d23cd7f69a36?s=96&d=mm&r=g\",\"url\":\"https:\\\/\\\/secure.gravatar.com\\\/avatar\\\/78a7f90c01fc2bfc875782a0d4922b37cde2cf184ce347b91316d23cd7f69a36?s=96&d=mm&r=g\",\"contentUrl\":\"https:\\\/\\\/secure.gravatar.com\\\/avatar\\\/78a7f90c01fc2bfc875782a0d4922b37cde2cf184ce347b91316d23cd7f69a36?s=96&d=mm&r=g\",\"caption\":\"galledia\"},\"sameAs\":[\"https:\\\/\\\/x.com\\\/admin\"],\"url\":\"https:\\\/\\\/www.organisator.ch\\\/it\\\/author\\\/galledia\\\/\"}]}<\/script>\n<!-- \/ Yoast SEO plugin. -->","yoast_head_json":{"title":"Conferenza sulla metrologia 3D: la metrologia come motore dell'innovazione - Organizzatore","description":"Quest'anno la Conferenza sulla metrologia 3D si terr\u00e0 ad Aquisgrana dal 15 al 17 novembre. Il 3DMC \u00e8 una delle pi\u00f9 importanti conferenze","robots":{"index":"index","follow":"follow","max-snippet":"max-snippet:-1","max-image-preview":"max-image-preview:large","max-video-preview":"max-video-preview:-1"},"canonical":"https:\/\/www.m-q.ch\/de\/3d-metrology-conference-messtechnik-als-innovationstreiber\/","og_locale":"it_IT","og_type":"article","og_title":"3D Metrology Conference: Messtechnik als Innovationstreiber - Organisator","og_description":"Dieses Jahr findet vom 15. bis zum 17. November die 3D Metrology Conference in Aachen statt. Die 3DMC ist eine der bedeutendsten Konferenzen","og_url":"https:\/\/www.m-q.ch\/de\/3d-metrology-conference-messtechnik-als-innovationstreiber\/","og_site_name":"Organisator","article_publisher":"https:\/\/www.facebook.com\/OrganisatorFachmagazin","article_published_time":"2022-07-22T01:35:24+00:00","article_modified_time":"2022-07-23T13:18:09+00:00","og_image":[{"url":"https:\/\/www.m-q.ch\/wp-content\/uploads\/2022\/07\/3D-Metrology-Conference-Messtechnik-als-Innovationstreiber_MQ.jpg","type":"","width":"","height":""}],"author":"galledia","twitter_card":"summary_large_image","twitter_creator":"@admin","schema":{"@context":"https:\/\/schema.org","@graph":[{"@type":"Article","@id":"https:\/\/www.m-q.ch\/de\/3d-metrology-conference-messtechnik-als-innovationstreiber\/#article","isPartOf":{"@id":"https:\/\/www.organisator.ch\/operational-excellence\/2022-07-22\/3d-metrology-conference-messtechnik-als-innovationstreiber\/"},"author":{"name":"galledia","@id":"https:\/\/www.organisator.ch\/#\/schema\/person\/4e51799071cd2dd1232ac003643ef5f0"},"headline":"3D Metrology Conference: Messtechnik als Innovationstreiber","datePublished":"2022-07-22T01:35:24+00:00","dateModified":"2022-07-23T13:18:09+00:00","mainEntityOfPage":{"@id":"https:\/\/www.organisator.ch\/operational-excellence\/2022-07-22\/3d-metrology-conference-messtechnik-als-innovationstreiber\/"},"wordCount":304,"publisher":{"@id":"https:\/\/www.organisator.ch\/#organization"},"image":{"@id":"https:\/\/www.m-q.ch\/de\/3d-metrology-conference-messtechnik-als-innovationstreiber\/#primaryimage"},"thumbnailUrl":"https:\/\/www.m-q.ch\/wp-content\/uploads\/2022\/07\/3D-Metrology-Conference-Messtechnik-als-Innovationstreiber_MQ.jpg","keywords":["3D Metrology Conference","Innovationstreiber"],"articleSection":["OPERATIONAL EXCELLENCE"],"inLanguage":"it-IT"},{"@type":"WebPage","@id":"https:\/\/www.organisator.ch\/operational-excellence\/2022-07-22\/3d-metrology-conference-messtechnik-als-innovationstreiber\/","url":"https:\/\/www.m-q.ch\/de\/3d-metrology-conference-messtechnik-als-innovationstreiber\/","name":"Conferenza sulla metrologia 3D: la metrologia come motore dell'innovazione - Organizzatore","isPartOf":{"@id":"https:\/\/www.organisator.ch\/#website"},"primaryImageOfPage":{"@id":"https:\/\/www.m-q.ch\/de\/3d-metrology-conference-messtechnik-als-innovationstreiber\/#primaryimage"},"image":{"@id":"https:\/\/www.m-q.ch\/de\/3d-metrology-conference-messtechnik-als-innovationstreiber\/#primaryimage"},"thumbnailUrl":"https:\/\/www.m-q.ch\/wp-content\/uploads\/2022\/07\/3D-Metrology-Conference-Messtechnik-als-Innovationstreiber_MQ.jpg","datePublished":"2022-07-22T01:35:24+00:00","dateModified":"2022-07-23T13:18:09+00:00","description":"Quest'anno la Conferenza sulla metrologia 3D si terr\u00e0 ad Aquisgrana dal 15 al 17 novembre. Il 3DMC \u00e8 una delle pi\u00f9 importanti conferenze","breadcrumb":{"@id":"https:\/\/www.m-q.ch\/de\/3d-metrology-conference-messtechnik-als-innovationstreiber\/#breadcrumb"},"inLanguage":"it-IT","potentialAction":[{"@type":"ReadAction","target":["https:\/\/www.m-q.ch\/de\/3d-metrology-conference-messtechnik-als-innovationstreiber\/"]}]},{"@type":"ImageObject","inLanguage":"it-IT","@id":"https:\/\/www.m-q.ch\/de\/3d-metrology-conference-messtechnik-als-innovationstreiber\/#primaryimage","url":"https:\/\/www.m-q.ch\/wp-content\/uploads\/2022\/07\/3D-Metrology-Conference-Messtechnik-als-Innovationstreiber_MQ.jpg","contentUrl":"https:\/\/www.m-q.ch\/wp-content\/uploads\/2022\/07\/3D-Metrology-Conference-Messtechnik-als-Innovationstreiber_MQ.jpg"},{"@type":"BreadcrumbList","@id":"https:\/\/www.m-q.ch\/de\/3d-metrology-conference-messtechnik-als-innovationstreiber\/#breadcrumb","itemListElement":[{"@type":"ListItem","position":1,"name":"Home","item":"https:\/\/www.organisator.ch\/"},{"@type":"ListItem","position":2,"name":"3D Metrology Conference: Messtechnik als Innovationstreiber"}]},{"@type":"WebSite","@id":"https:\/\/www.organisator.ch\/#website","url":"https:\/\/www.organisator.ch\/","name":"Organizzatore","description":"Competente. Pratico. In 10 numeri all'anno, ORGANISATOR presenta i temi essenziali per i manager delle PMI.","publisher":{"@id":"https:\/\/www.organisator.ch\/#organization"},"potentialAction":[{"@type":"SearchAction","target":{"@type":"EntryPoint","urlTemplate":"https:\/\/www.organisator.ch\/?s={search_term_string}"},"query-input":{"@type":"PropertyValueSpecification","valueRequired":true,"valueName":"search_term_string"}}],"inLanguage":"it-IT"},{"@type":"Organization","@id":"https:\/\/www.organisator.ch\/#organization","name":"Organizzatore","url":"https:\/\/www.organisator.ch\/","logo":{"@type":"ImageObject","inLanguage":"it-IT","@id":"https:\/\/www.organisator.ch\/#\/schema\/logo\/image\/","url":"https:\/\/www.organisator.ch\/wp-content\/uploads\/2022\/01\/Logo_Organisator_Website.png","contentUrl":"https:\/\/www.organisator.ch\/wp-content\/uploads\/2022\/01\/Logo_Organisator_Website.png","width":800,"height":77,"caption":"Organisator"},"image":{"@id":"https:\/\/www.organisator.ch\/#\/schema\/logo\/image\/"},"sameAs":["https:\/\/www.facebook.com\/OrganisatorFachmagazin","https:\/\/www.linkedin.com\/showcase\/organisator-das-magazin-fr-kmu","https:\/\/www.xing.com\/news\/pages\/organisator-ch-695","https:\/\/www.youtube.com\/channel\/UCGP2Sq0iWaZwT3BdIAQFYpw"]},{"@type":"Person","@id":"https:\/\/www.organisator.ch\/#\/schema\/person\/4e51799071cd2dd1232ac003643ef5f0","name":"galledia","image":{"@type":"ImageObject","inLanguage":"it-IT","@id":"https:\/\/secure.gravatar.com\/avatar\/78a7f90c01fc2bfc875782a0d4922b37cde2cf184ce347b91316d23cd7f69a36?s=96&d=mm&r=g","url":"https:\/\/secure.gravatar.com\/avatar\/78a7f90c01fc2bfc875782a0d4922b37cde2cf184ce347b91316d23cd7f69a36?s=96&d=mm&r=g","contentUrl":"https:\/\/secure.gravatar.com\/avatar\/78a7f90c01fc2bfc875782a0d4922b37cde2cf184ce347b91316d23cd7f69a36?s=96&d=mm&r=g","caption":"galledia"},"sameAs":["https:\/\/x.com\/admin"],"url":"https:\/\/www.organisator.ch\/it\/author\/galledia\/"}]}},"_links":{"self":[{"href":"https:\/\/www.organisator.ch\/it\/wp-json\/wp\/v2\/posts\/15741","targetHints":{"allow":["GET"]}}],"collection":[{"href":"https:\/\/www.organisator.ch\/it\/wp-json\/wp\/v2\/posts"}],"about":[{"href":"https:\/\/www.organisator.ch\/it\/wp-json\/wp\/v2\/types\/post"}],"author":[{"embeddable":true,"href":"https:\/\/www.organisator.ch\/it\/wp-json\/wp\/v2\/users\/8"}],"replies":[{"embeddable":true,"href":"https:\/\/www.organisator.ch\/it\/wp-json\/wp\/v2\/comments?post=15741"}],"version-history":[{"count":4,"href":"https:\/\/www.organisator.ch\/it\/wp-json\/wp\/v2\/posts\/15741\/revisions"}],"predecessor-version":[{"id":15746,"href":"https:\/\/www.organisator.ch\/it\/wp-json\/wp\/v2\/posts\/15741\/revisions\/15746"}],"wp:attachment":[{"href":"https:\/\/www.organisator.ch\/it\/wp-json\/wp\/v2\/media?parent=15741"}],"wp:term":[{"taxonomy":"category","embeddable":true,"href":"https:\/\/www.organisator.ch\/it\/wp-json\/wp\/v2\/categories?post=15741"},{"taxonomy":"post_tag","embeddable":true,"href":"https:\/\/www.organisator.ch\/it\/wp-json\/wp\/v2\/tags?post=15741"}],"curies":[{"name":"wp","href":"https:\/\/api.w.org\/{rel}","templated":true}]}}