{"id":15832,"date":"2022-07-26T09:18:57","date_gmt":"2022-07-26T07:18:57","guid":{"rendered":"https:\/\/www.organisator.ch\/?p=15832"},"modified":"2022-07-28T08:10:46","modified_gmt":"2022-07-28T06:10:46","slug":"come-il-vostro-ufficio-rimane-fresco-senza-aria-condizionata","status":"publish","type":"post","link":"https:\/\/www.organisator.ch\/it\/sustainability\/2022-07-26\/wie-ihr-buero-auch-ohne-klimaanlage-kuehl-bleibt\/","title":{"rendered":"Come il vostro ufficio rimane fresco senza aria condizionata"},"content":{"rendered":"<figure id=\"attachment_15836\" aria-describedby=\"caption-attachment-15836\" style=\"width: 680px\" class=\"wp-caption alignnone\"><img loading=\"lazy\" decoding=\"async\" class=\"size-full wp-image-15836\" src=\"https:\/\/www.organisator.ch\/wp-content\/uploads\/2022\/07\/Wie-Ihr-Buro-auch-ohne-Klimaanlage-kuhl-bleibt_Organisator.jpg\" alt=\"\" width=\"680\" height=\"453\" srcset=\"https:\/\/www.organisator.ch\/wp-content\/uploads\/2022\/07\/Wie-Ihr-Buro-auch-ohne-Klimaanlage-kuhl-bleibt_Organisator.jpg 680w, https:\/\/www.organisator.ch\/wp-content\/uploads\/2022\/07\/Wie-Ihr-Buro-auch-ohne-Klimaanlage-kuhl-bleibt_Organisator-18x12.jpg 18w, https:\/\/www.organisator.ch\/wp-content\/uploads\/2022\/07\/Wie-Ihr-Buro-auch-ohne-Klimaanlage-kuhl-bleibt_Organisator-263x175.jpg 263w, https:\/\/www.organisator.ch\/wp-content\/uploads\/2022\/07\/Wie-Ihr-Buro-auch-ohne-Klimaanlage-kuhl-bleibt_Organisator-525x350.jpg 525w, https:\/\/www.organisator.ch\/wp-content\/uploads\/2022\/07\/Wie-Ihr-Buro-auch-ohne-Klimaanlage-kuhl-bleibt_Organisator-300x200.jpg 300w\" sizes=\"auto, (max-width: 680px) 100vw, 680px\" \/><figcaption id=\"caption-attachment-15836\" class=\"wp-caption-text\">Chiunque debba trascorrere le giornate di caldo in ufficio desidera l'aria condizionata. Ma esistono alternative efficaci e a risparmio energetico. (Immagine: Pixabay.com)<\/figcaption><\/figure>\n<p>Trascorrete i giorni di caldo in ufficio? Una corretta ventilazione, l'uso di protezioni solari e l'eliminazione delle fonti di calore spesso portano gi\u00e0 un notevole sollievo. <a href=\"https:\/\/www.energieschweiz.ch\/\">SwissEnergy<\/a> fornisce i seguenti consigli per avere uffici freschi anche senza aria condizionata:<\/p>\n<h3 class=\"css-jwzag6 e1g4pdih10\">Suggerimento 1: Usare la protezione solare abbastanza presto e in modo intelligente<\/h3>\n<p class=\"css-1letcl4 e1g4pdih5\">Chi non l'ha mai provato: le previsioni meteo annunciano una calda giornata estiva e noi ci prepariamo gi\u00e0 a sudare in ufficio. Ma il caldo si fa sentire solo verso mezzogiorno. Chiudere le tendine parasole davanti alle finestre a quell'ora \u00e8 poco utile. Ecco perch\u00e9 \u00e8 meglio bloccare i raggi solari gi\u00e0 al mattino. La chiave del successo \u00e8 il coordinamento: chi si trova in ufficio di prima mattina deve immediatamente oscurare tutte le finestre. In alternativa, vale la pena considerare un controllo automatico e orientato alla domanda dei sistemi di protezione solare.<\/p>\n<h3 class=\"css-jwzag6 e1g4pdih10\">Suggerimento 2: ventilare correttamente<\/h3>\n<p class=\"css-1letcl4 e1g4pdih5\">Se gli uffici si trovano ai piani superiori e le finestre aperte non sono quindi un invito per i ladri, conviene tenere le finestre aperte durante la notte. La ventilazione incrociata \u00e8 particolarmente efficace: aprite le finestre opposte per creare una corrente d'aria. Come per la protezione solare, lo stesso vale per la ventilazione: organizzatevi. \u00c8 meglio aprire tutte le finestre insieme al mattino piuttosto che in momenti diversi durante la giornata.<\/p>\n<h3 class=\"css-jwzag6 e1g4pdih10\">Suggerimento 3: creare correnti d'aria con ventilatori a basso consumo energetico<\/h3>\n<p class=\"css-1letcl4 e1g4pdih5\">L'aria in movimento sottrae calore al corpo. Questo effetto \u00e8 chiamato effetto wind chill e pu\u00f2 essere creato artificialmente con dei ventilatori. Le unit\u00e0 di raffreddamento hanno bisogno di circa 1000 watt per funzionare, mentre le ventole hanno bisogno solo di circa 50 watt. I ventilatori richiedono quindi molta meno energia dei condizionatori d'aria e spesso producono una sensazione di raffreddamento simile. Al momento dell'acquisto, cercate ventilatori silenziosi e dal funzionamento lento, con un grande diametro. Se possibile, posizionateli vicino al pavimento. In questo modo, si indirizza l'aria pi\u00f9 fredda verso l'alto.<\/p>\n<h3 class=\"css-jwzag6 e1g4pdih10\">Suggerimento 4: ridurre le fonti di calore<\/h3>\n<p class=\"css-1letcl4 e1g4pdih5\">Gli apparecchi elettrici e l'illuminazione emettono calore residuo durante il funzionamento. Spegnere costantemente i monitor esterni, i dispositivi di archiviazione, le stampanti o l'illuminazione quando non vengono utilizzati. Quando si sostituiscono gli elettrodomestici, al momento dell'acquisto \u00e8 bene cercare quanto segue <a class=\"evvf3860 animate eux6jt0 css-3dyknz enf8sk48\" href=\"https:\/\/www.energieschweiz.ch\/elektronische-geraete\/\"><span class=\"label\">elettrodomestici ad alta efficienza energetica<\/span><\/a> consultando l'etichetta energetica. La pagina <a class=\"evvf3860 animate erio7tc0 css-17lnxcu enf8sk48\" href=\"https:\/\/www.topten.ch\/private\" target=\"_blank\" rel=\"noopener\"><span class=\"label\">topten.ch<\/span><\/a> offre una panoramica di apparecchi elettrici raccomandabili e ad alta efficienza energetica.<\/p>\n<h3 class=\"css-jwzag6 e1g4pdih10\">Suggerimento 5: Adattare il comportamento<\/h3>\n<p class=\"css-1letcl4 e1g4pdih5\">La vostra azienda offre l'orario flessibile? Allora iniziate prima la vostra giornata lavorativa e approfittate delle fresche ore del mattino. Questo lascia anche pi\u00f9 tempo la sera per rinfrescarsi in piscina o per una gita alla gelateria pi\u00f9 vicina. Bevete almeno un litro e mezzo al giorno e scegliete un pasto facilmente digeribile nelle giornate calde. Una pausa pranzo pi\u00f9 lunga (siesta) e un abbigliamento estivo adatto all'ufficio in lino, seta o cotone sono altrettanto utili.<\/p>","protected":false},"excerpt":{"rendered":"<p>Die Hitzetage im B\u00fcro verbringen? Richtig l\u00fcften, Sonnenschutz einsetzen und W\u00e4rmequellen eliminieren bringen oft bereits sp\u00fcrbare Erleichterung. EnergieSchweiz gibt folgende Tipps f\u00fcr k\u00fchle B\u00fcros auch ohne Klimaanlage: Tipp 1: Den Sonnenschutz fr\u00fch genug und smart nutzen Wer kennt es nicht: Die Wettervorhersage prognostiziert einen heissen Sommertag und wir stellen uns schon aufs Schwitzen im B\u00fcro [&hellip;]<\/p>\n","protected":false},"author":4,"featured_media":15836,"comment_status":"closed","ping_status":"closed","sticky":false,"template":"","format":"standard","meta":{"_acf_changed":false,"_yoast_wpseo_focuskw":"Klimaanlage","_yoast_wpseo_metadesc":"EnergieSchweiz resp. das Bundesamt f\u00fcr Energie gibt Tipps, damit das B\u00fcro auch ohne Klimaanlage k\u00fchl bleibt.","articlekey":"","footnotes":""},"categories":[580],"tags":[115,208,596,508],"class_list":["post-15832","post","type-post","status-publish","format-standard","has-post-thumbnail","hentry","category-sustainability","tag-checklisten","tag-fit-im-job","tag-klima","tag-vermischtes"],"acf":[],"yoast_head":"<!-- This site is optimized with the Yoast SEO plugin v27.4 - https:\/\/yoast.com\/product\/yoast-seo-wordpress\/ -->\n<title>Wie Ihr B\u00fcro auch ohne Klimaanlage k\u00fchl bleibt - Organisator<\/title>\n<meta name=\"description\" content=\"EnergieSchweiz resp. das Bundesamt f\u00fcr Energie gibt Tipps, damit das B\u00fcro auch ohne Klimaanlage k\u00fchl bleibt.\" \/>\n<meta name=\"robots\" content=\"index, follow, max-snippet:-1, max-image-preview:large, max-video-preview:-1\" \/>\n<link rel=\"canonical\" href=\"https:\/\/www.organisator.ch\/it\/sostenibilita\/2022-07-26\/come-il-vostro-ufficio-rimane-fresco-senza-aria-condizionata\/\" \/>\n<meta property=\"og:locale\" content=\"it_IT\" \/>\n<meta property=\"og:type\" content=\"article\" \/>\n<meta property=\"og:title\" content=\"Wie Ihr B\u00fcro auch ohne Klimaanlage k\u00fchl bleibt\" \/>\n<meta property=\"og:description\" content=\"EnergieSchweiz resp. das Bundesamt f\u00fcr Energie gibt Tipps, damit das B\u00fcro auch ohne Klimaanlage k\u00fchl bleibt.\" \/>\n<meta property=\"og:url\" content=\"https:\/\/www.organisator.ch\/it\/sostenibilita\/2022-07-26\/come-il-vostro-ufficio-rimane-fresco-senza-aria-condizionata\/\" \/>\n<meta property=\"og:site_name\" content=\"Organisator\" \/>\n<meta property=\"article:publisher\" content=\"https:\/\/www.facebook.com\/OrganisatorFachmagazin\" \/>\n<meta property=\"article:published_time\" content=\"2022-07-26T07:18:57+00:00\" \/>\n<meta property=\"article:modified_time\" content=\"2022-07-28T06:10:46+00:00\" \/>\n<meta property=\"og:image\" content=\"https:\/\/www.organisator.ch\/wp-content\/uploads\/2022\/07\/Wie-Ihr-Buro-auch-ohne-Klimaanlage-kuhl-bleibt_Organisator.jpg\" \/>\n\t<meta property=\"og:image:width\" content=\"680\" \/>\n\t<meta property=\"og:image:height\" content=\"453\" \/>\n\t<meta property=\"og:image:type\" content=\"image\/jpeg\" \/>\n<meta name=\"author\" content=\"thomas.berner\" \/>\n<meta name=\"twitter:card\" content=\"summary_large_image\" \/>\n<meta name=\"twitter:title\" content=\"Wie Ihr B\u00fcro auch ohne #Klimaanlage k\u00fchl bleibt\" \/>\n<meta name=\"twitter:description\" content=\"#EnergieSchweiz resp. das Bundesamt f\u00fcr Energie gibt Tipps, damit das B\u00fcro auch ohne #Klimaanlage k\u00fchl bleibt.\" \/>\n<meta name=\"twitter:image\" content=\"https:\/\/www.organisator.ch\/wp-content\/uploads\/2022\/07\/Wie-Ihr-Buro-auch-ohne-Klimaanlage-kuhl-bleibt_Organisator.jpg\" \/>\n<script type=\"application\/ld+json\" class=\"yoast-schema-graph\">{\"@context\":\"https:\\\/\\\/schema.org\",\"@graph\":[{\"@type\":\"Article\",\"@id\":\"https:\\\/\\\/www.organisator.ch\\\/sustainability\\\/2022-07-26\\\/wie-ihr-buero-auch-ohne-klimaanlage-kuehl-bleibt\\\/#article\",\"isPartOf\":{\"@id\":\"https:\\\/\\\/www.organisator.ch\\\/sustainability\\\/2022-07-26\\\/wie-ihr-buero-auch-ohne-klimaanlage-kuehl-bleibt\\\/\"},\"author\":{\"name\":\"thomas.berner\",\"@id\":\"https:\\\/\\\/www.organisator.ch\\\/#\\\/schema\\\/person\\\/6f650f90b2842cd4c0cc334b4e36f67e\"},\"headline\":\"Wie Ihr B\u00fcro auch ohne Klimaanlage k\u00fchl bleibt\",\"datePublished\":\"2022-07-26T07:18:57+00:00\",\"dateModified\":\"2022-07-28T06:10:46+00:00\",\"mainEntityOfPage\":{\"@id\":\"https:\\\/\\\/www.organisator.ch\\\/sustainability\\\/2022-07-26\\\/wie-ihr-buero-auch-ohne-klimaanlage-kuehl-bleibt\\\/\"},\"wordCount\":492,\"publisher\":{\"@id\":\"https:\\\/\\\/www.organisator.ch\\\/#organization\"},\"image\":{\"@id\":\"https:\\\/\\\/www.organisator.ch\\\/sustainability\\\/2022-07-26\\\/wie-ihr-buero-auch-ohne-klimaanlage-kuehl-bleibt\\\/#primaryimage\"},\"thumbnailUrl\":\"https:\\\/\\\/www.organisator.ch\\\/wp-content\\\/uploads\\\/2022\\\/07\\\/Wie-Ihr-Buro-auch-ohne-Klimaanlage-kuhl-bleibt_Organisator.jpg\",\"keywords\":[\"Checklisten\",\"Fit im Job\",\"KLIMA\",\"Vermischtes\"],\"articleSection\":[\"SUSTAINABILITY\"],\"inLanguage\":\"it-IT\"},{\"@type\":\"WebPage\",\"@id\":\"https:\\\/\\\/www.organisator.ch\\\/sustainability\\\/2022-07-26\\\/wie-ihr-buero-auch-ohne-klimaanlage-kuehl-bleibt\\\/\",\"url\":\"https:\\\/\\\/www.organisator.ch\\\/sustainability\\\/2022-07-26\\\/wie-ihr-buero-auch-ohne-klimaanlage-kuehl-bleibt\\\/\",\"name\":\"Wie Ihr B\u00fcro auch ohne Klimaanlage k\u00fchl bleibt - Organisator\",\"isPartOf\":{\"@id\":\"https:\\\/\\\/www.organisator.ch\\\/#website\"},\"primaryImageOfPage\":{\"@id\":\"https:\\\/\\\/www.organisator.ch\\\/sustainability\\\/2022-07-26\\\/wie-ihr-buero-auch-ohne-klimaanlage-kuehl-bleibt\\\/#primaryimage\"},\"image\":{\"@id\":\"https:\\\/\\\/www.organisator.ch\\\/sustainability\\\/2022-07-26\\\/wie-ihr-buero-auch-ohne-klimaanlage-kuehl-bleibt\\\/#primaryimage\"},\"thumbnailUrl\":\"https:\\\/\\\/www.organisator.ch\\\/wp-content\\\/uploads\\\/2022\\\/07\\\/Wie-Ihr-Buro-auch-ohne-Klimaanlage-kuhl-bleibt_Organisator.jpg\",\"datePublished\":\"2022-07-26T07:18:57+00:00\",\"dateModified\":\"2022-07-28T06:10:46+00:00\",\"description\":\"EnergieSchweiz resp. das Bundesamt f\u00fcr Energie gibt Tipps, damit das B\u00fcro auch ohne Klimaanlage k\u00fchl bleibt.\",\"breadcrumb\":{\"@id\":\"https:\\\/\\\/www.organisator.ch\\\/sustainability\\\/2022-07-26\\\/wie-ihr-buero-auch-ohne-klimaanlage-kuehl-bleibt\\\/#breadcrumb\"},\"inLanguage\":\"it-IT\",\"potentialAction\":[{\"@type\":\"ReadAction\",\"target\":[\"https:\\\/\\\/www.organisator.ch\\\/sustainability\\\/2022-07-26\\\/wie-ihr-buero-auch-ohne-klimaanlage-kuehl-bleibt\\\/\"]}]},{\"@type\":\"ImageObject\",\"inLanguage\":\"it-IT\",\"@id\":\"https:\\\/\\\/www.organisator.ch\\\/sustainability\\\/2022-07-26\\\/wie-ihr-buero-auch-ohne-klimaanlage-kuehl-bleibt\\\/#primaryimage\",\"url\":\"https:\\\/\\\/www.organisator.ch\\\/wp-content\\\/uploads\\\/2022\\\/07\\\/Wie-Ihr-Buro-auch-ohne-Klimaanlage-kuhl-bleibt_Organisator.jpg\",\"contentUrl\":\"https:\\\/\\\/www.organisator.ch\\\/wp-content\\\/uploads\\\/2022\\\/07\\\/Wie-Ihr-Buro-auch-ohne-Klimaanlage-kuhl-bleibt_Organisator.jpg\",\"width\":680,\"height\":453,\"caption\":\"Wer die Hitzetage in einem B\u00fcro verbringen muss, sehnt sich nach einer Klimaanlage. Doch es gibt wirksame und energiesparende Alternativen. (Bild: Pixabay.com)\"},{\"@type\":\"BreadcrumbList\",\"@id\":\"https:\\\/\\\/www.organisator.ch\\\/sustainability\\\/2022-07-26\\\/wie-ihr-buero-auch-ohne-klimaanlage-kuehl-bleibt\\\/#breadcrumb\",\"itemListElement\":[{\"@type\":\"ListItem\",\"position\":1,\"name\":\"Home\",\"item\":\"https:\\\/\\\/www.organisator.ch\\\/\"},{\"@type\":\"ListItem\",\"position\":2,\"name\":\"Wie Ihr B\u00fcro auch ohne Klimaanlage k\u00fchl bleibt\"}]},{\"@type\":\"WebSite\",\"@id\":\"https:\\\/\\\/www.organisator.ch\\\/#website\",\"url\":\"https:\\\/\\\/www.organisator.ch\\\/\",\"name\":\"Organisator\",\"description\":\"Kompetent. Praxisnah. Der ORGANISATOR bereitet in 10 Ausgaben pro Jahr die wesentlichen Themen f\u00fcr F\u00fchrungskr\u00e4fte von KMU auf.\",\"publisher\":{\"@id\":\"https:\\\/\\\/www.organisator.ch\\\/#organization\"},\"potentialAction\":[{\"@type\":\"SearchAction\",\"target\":{\"@type\":\"EntryPoint\",\"urlTemplate\":\"https:\\\/\\\/www.organisator.ch\\\/?s={search_term_string}\"},\"query-input\":{\"@type\":\"PropertyValueSpecification\",\"valueRequired\":true,\"valueName\":\"search_term_string\"}}],\"inLanguage\":\"it-IT\"},{\"@type\":\"Organization\",\"@id\":\"https:\\\/\\\/www.organisator.ch\\\/#organization\",\"name\":\"Organisator\",\"url\":\"https:\\\/\\\/www.organisator.ch\\\/\",\"logo\":{\"@type\":\"ImageObject\",\"inLanguage\":\"it-IT\",\"@id\":\"https:\\\/\\\/www.organisator.ch\\\/#\\\/schema\\\/logo\\\/image\\\/\",\"url\":\"https:\\\/\\\/www.organisator.ch\\\/wp-content\\\/uploads\\\/2022\\\/01\\\/Logo_Organisator_Website.png\",\"contentUrl\":\"https:\\\/\\\/www.organisator.ch\\\/wp-content\\\/uploads\\\/2022\\\/01\\\/Logo_Organisator_Website.png\",\"width\":800,\"height\":77,\"caption\":\"Organisator\"},\"image\":{\"@id\":\"https:\\\/\\\/www.organisator.ch\\\/#\\\/schema\\\/logo\\\/image\\\/\"},\"sameAs\":[\"https:\\\/\\\/www.facebook.com\\\/OrganisatorFachmagazin\",\"https:\\\/\\\/www.linkedin.com\\\/showcase\\\/organisator-das-magazin-fr-kmu\",\"https:\\\/\\\/www.xing.com\\\/news\\\/pages\\\/organisator-ch-695\",\"https:\\\/\\\/www.youtube.com\\\/channel\\\/UCGP2Sq0iWaZwT3BdIAQFYpw\"]},{\"@type\":\"Person\",\"@id\":\"https:\\\/\\\/www.organisator.ch\\\/#\\\/schema\\\/person\\\/6f650f90b2842cd4c0cc334b4e36f67e\",\"name\":\"thomas.berner\",\"image\":{\"@type\":\"ImageObject\",\"inLanguage\":\"it-IT\",\"@id\":\"https:\\\/\\\/secure.gravatar.com\\\/avatar\\\/ac5001d2a36cb6c6cd3e50789007ffca834b477b74a2144564522e944eabff61?s=96&d=mm&r=g\",\"url\":\"https:\\\/\\\/secure.gravatar.com\\\/avatar\\\/ac5001d2a36cb6c6cd3e50789007ffca834b477b74a2144564522e944eabff61?s=96&d=mm&r=g\",\"contentUrl\":\"https:\\\/\\\/secure.gravatar.com\\\/avatar\\\/ac5001d2a36cb6c6cd3e50789007ffca834b477b74a2144564522e944eabff61?s=96&d=mm&r=g\",\"caption\":\"thomas.berner\"},\"url\":\"https:\\\/\\\/www.organisator.ch\\\/it\\\/author\\\/thomas-berner\\\/\"}]}<\/script>\n<!-- \/ Yoast SEO plugin. -->","yoast_head_json":{"title":"Come mantenere fresco l'ufficio senza aria condizionata - Organiser","description":"SwissEnergy e l'Ufficio Federale dell'Energia forniscono suggerimenti per mantenere l'ufficio fresco anche senza aria condizionata.","robots":{"index":"index","follow":"follow","max-snippet":"max-snippet:-1","max-image-preview":"max-image-preview:large","max-video-preview":"max-video-preview:-1"},"canonical":"https:\/\/www.organisator.ch\/it\/sostenibilita\/2022-07-26\/come-il-vostro-ufficio-rimane-fresco-senza-aria-condizionata\/","og_locale":"it_IT","og_type":"article","og_title":"Wie Ihr B\u00fcro auch ohne Klimaanlage k\u00fchl bleibt","og_description":"EnergieSchweiz resp. das Bundesamt f\u00fcr Energie gibt Tipps, damit das B\u00fcro auch ohne Klimaanlage k\u00fchl bleibt.","og_url":"https:\/\/www.organisator.ch\/it\/sostenibilita\/2022-07-26\/come-il-vostro-ufficio-rimane-fresco-senza-aria-condizionata\/","og_site_name":"Organisator","article_publisher":"https:\/\/www.facebook.com\/OrganisatorFachmagazin","article_published_time":"2022-07-26T07:18:57+00:00","article_modified_time":"2022-07-28T06:10:46+00:00","og_image":[{"width":680,"height":453,"url":"https:\/\/www.organisator.ch\/wp-content\/uploads\/2022\/07\/Wie-Ihr-Buro-auch-ohne-Klimaanlage-kuhl-bleibt_Organisator.jpg","type":"image\/jpeg"}],"author":"thomas.berner","twitter_card":"summary_large_image","twitter_title":"Wie Ihr B\u00fcro auch ohne #Klimaanlage k\u00fchl bleibt","twitter_description":"#EnergieSchweiz resp. das Bundesamt f\u00fcr Energie gibt Tipps, damit das B\u00fcro auch ohne #Klimaanlage k\u00fchl bleibt.","twitter_image":"https:\/\/www.organisator.ch\/wp-content\/uploads\/2022\/07\/Wie-Ihr-Buro-auch-ohne-Klimaanlage-kuhl-bleibt_Organisator.jpg","schema":{"@context":"https:\/\/schema.org","@graph":[{"@type":"Article","@id":"https:\/\/www.organisator.ch\/sustainability\/2022-07-26\/wie-ihr-buero-auch-ohne-klimaanlage-kuehl-bleibt\/#article","isPartOf":{"@id":"https:\/\/www.organisator.ch\/sustainability\/2022-07-26\/wie-ihr-buero-auch-ohne-klimaanlage-kuehl-bleibt\/"},"author":{"name":"thomas.berner","@id":"https:\/\/www.organisator.ch\/#\/schema\/person\/6f650f90b2842cd4c0cc334b4e36f67e"},"headline":"Wie Ihr B\u00fcro auch ohne Klimaanlage k\u00fchl bleibt","datePublished":"2022-07-26T07:18:57+00:00","dateModified":"2022-07-28T06:10:46+00:00","mainEntityOfPage":{"@id":"https:\/\/www.organisator.ch\/sustainability\/2022-07-26\/wie-ihr-buero-auch-ohne-klimaanlage-kuehl-bleibt\/"},"wordCount":492,"publisher":{"@id":"https:\/\/www.organisator.ch\/#organization"},"image":{"@id":"https:\/\/www.organisator.ch\/sustainability\/2022-07-26\/wie-ihr-buero-auch-ohne-klimaanlage-kuehl-bleibt\/#primaryimage"},"thumbnailUrl":"https:\/\/www.organisator.ch\/wp-content\/uploads\/2022\/07\/Wie-Ihr-Buro-auch-ohne-Klimaanlage-kuhl-bleibt_Organisator.jpg","keywords":["Checklisten","Fit im Job","KLIMA","Vermischtes"],"articleSection":["SUSTAINABILITY"],"inLanguage":"it-IT"},{"@type":"WebPage","@id":"https:\/\/www.organisator.ch\/sustainability\/2022-07-26\/wie-ihr-buero-auch-ohne-klimaanlage-kuehl-bleibt\/","url":"https:\/\/www.organisator.ch\/sustainability\/2022-07-26\/wie-ihr-buero-auch-ohne-klimaanlage-kuehl-bleibt\/","name":"Come mantenere fresco l'ufficio senza aria condizionata - Organiser","isPartOf":{"@id":"https:\/\/www.organisator.ch\/#website"},"primaryImageOfPage":{"@id":"https:\/\/www.organisator.ch\/sustainability\/2022-07-26\/wie-ihr-buero-auch-ohne-klimaanlage-kuehl-bleibt\/#primaryimage"},"image":{"@id":"https:\/\/www.organisator.ch\/sustainability\/2022-07-26\/wie-ihr-buero-auch-ohne-klimaanlage-kuehl-bleibt\/#primaryimage"},"thumbnailUrl":"https:\/\/www.organisator.ch\/wp-content\/uploads\/2022\/07\/Wie-Ihr-Buro-auch-ohne-Klimaanlage-kuhl-bleibt_Organisator.jpg","datePublished":"2022-07-26T07:18:57+00:00","dateModified":"2022-07-28T06:10:46+00:00","description":"SwissEnergy e l'Ufficio Federale dell'Energia forniscono suggerimenti per mantenere l'ufficio fresco anche senza aria condizionata.","breadcrumb":{"@id":"https:\/\/www.organisator.ch\/sustainability\/2022-07-26\/wie-ihr-buero-auch-ohne-klimaanlage-kuehl-bleibt\/#breadcrumb"},"inLanguage":"it-IT","potentialAction":[{"@type":"ReadAction","target":["https:\/\/www.organisator.ch\/sustainability\/2022-07-26\/wie-ihr-buero-auch-ohne-klimaanlage-kuehl-bleibt\/"]}]},{"@type":"ImageObject","inLanguage":"it-IT","@id":"https:\/\/www.organisator.ch\/sustainability\/2022-07-26\/wie-ihr-buero-auch-ohne-klimaanlage-kuehl-bleibt\/#primaryimage","url":"https:\/\/www.organisator.ch\/wp-content\/uploads\/2022\/07\/Wie-Ihr-Buro-auch-ohne-Klimaanlage-kuhl-bleibt_Organisator.jpg","contentUrl":"https:\/\/www.organisator.ch\/wp-content\/uploads\/2022\/07\/Wie-Ihr-Buro-auch-ohne-Klimaanlage-kuhl-bleibt_Organisator.jpg","width":680,"height":453,"caption":"Wer die Hitzetage in einem B\u00fcro verbringen muss, sehnt sich nach einer Klimaanlage. Doch es gibt wirksame und energiesparende Alternativen. (Bild: Pixabay.com)"},{"@type":"BreadcrumbList","@id":"https:\/\/www.organisator.ch\/sustainability\/2022-07-26\/wie-ihr-buero-auch-ohne-klimaanlage-kuehl-bleibt\/#breadcrumb","itemListElement":[{"@type":"ListItem","position":1,"name":"Home","item":"https:\/\/www.organisator.ch\/"},{"@type":"ListItem","position":2,"name":"Wie Ihr B\u00fcro auch ohne Klimaanlage k\u00fchl bleibt"}]},{"@type":"WebSite","@id":"https:\/\/www.organisator.ch\/#website","url":"https:\/\/www.organisator.ch\/","name":"Organizzatore","description":"Competente. Pratico. In 10 numeri all'anno, ORGANISATOR presenta i temi essenziali per i manager delle PMI.","publisher":{"@id":"https:\/\/www.organisator.ch\/#organization"},"potentialAction":[{"@type":"SearchAction","target":{"@type":"EntryPoint","urlTemplate":"https:\/\/www.organisator.ch\/?s={search_term_string}"},"query-input":{"@type":"PropertyValueSpecification","valueRequired":true,"valueName":"search_term_string"}}],"inLanguage":"it-IT"},{"@type":"Organization","@id":"https:\/\/www.organisator.ch\/#organization","name":"Organizzatore","url":"https:\/\/www.organisator.ch\/","logo":{"@type":"ImageObject","inLanguage":"it-IT","@id":"https:\/\/www.organisator.ch\/#\/schema\/logo\/image\/","url":"https:\/\/www.organisator.ch\/wp-content\/uploads\/2022\/01\/Logo_Organisator_Website.png","contentUrl":"https:\/\/www.organisator.ch\/wp-content\/uploads\/2022\/01\/Logo_Organisator_Website.png","width":800,"height":77,"caption":"Organisator"},"image":{"@id":"https:\/\/www.organisator.ch\/#\/schema\/logo\/image\/"},"sameAs":["https:\/\/www.facebook.com\/OrganisatorFachmagazin","https:\/\/www.linkedin.com\/showcase\/organisator-das-magazin-fr-kmu","https:\/\/www.xing.com\/news\/pages\/organisator-ch-695","https:\/\/www.youtube.com\/channel\/UCGP2Sq0iWaZwT3BdIAQFYpw"]},{"@type":"Person","@id":"https:\/\/www.organisator.ch\/#\/schema\/person\/6f650f90b2842cd4c0cc334b4e36f67e","name":"Tommaso.berner","image":{"@type":"ImageObject","inLanguage":"it-IT","@id":"https:\/\/secure.gravatar.com\/avatar\/ac5001d2a36cb6c6cd3e50789007ffca834b477b74a2144564522e944eabff61?s=96&d=mm&r=g","url":"https:\/\/secure.gravatar.com\/avatar\/ac5001d2a36cb6c6cd3e50789007ffca834b477b74a2144564522e944eabff61?s=96&d=mm&r=g","contentUrl":"https:\/\/secure.gravatar.com\/avatar\/ac5001d2a36cb6c6cd3e50789007ffca834b477b74a2144564522e944eabff61?s=96&d=mm&r=g","caption":"thomas.berner"},"url":"https:\/\/www.organisator.ch\/it\/author\/thomas-berner\/"}]}},"_links":{"self":[{"href":"https:\/\/www.organisator.ch\/it\/wp-json\/wp\/v2\/posts\/15832","targetHints":{"allow":["GET"]}}],"collection":[{"href":"https:\/\/www.organisator.ch\/it\/wp-json\/wp\/v2\/posts"}],"about":[{"href":"https:\/\/www.organisator.ch\/it\/wp-json\/wp\/v2\/types\/post"}],"author":[{"embeddable":true,"href":"https:\/\/www.organisator.ch\/it\/wp-json\/wp\/v2\/users\/4"}],"replies":[{"embeddable":true,"href":"https:\/\/www.organisator.ch\/it\/wp-json\/wp\/v2\/comments?post=15832"}],"version-history":[{"count":4,"href":"https:\/\/www.organisator.ch\/it\/wp-json\/wp\/v2\/posts\/15832\/revisions"}],"predecessor-version":[{"id":15890,"href":"https:\/\/www.organisator.ch\/it\/wp-json\/wp\/v2\/posts\/15832\/revisions\/15890"}],"wp:featuredmedia":[{"embeddable":true,"href":"https:\/\/www.organisator.ch\/it\/wp-json\/wp\/v2\/media\/15836"}],"wp:attachment":[{"href":"https:\/\/www.organisator.ch\/it\/wp-json\/wp\/v2\/media?parent=15832"}],"wp:term":[{"taxonomy":"category","embeddable":true,"href":"https:\/\/www.organisator.ch\/it\/wp-json\/wp\/v2\/categories?post=15832"},{"taxonomy":"post_tag","embeddable":true,"href":"https:\/\/www.organisator.ch\/it\/wp-json\/wp\/v2\/tags?post=15832"}],"curies":[{"name":"wp","href":"https:\/\/api.w.org\/{rel}","templated":true}]}}