{"id":15839,"date":"2022-07-26T09:22:34","date_gmt":"2022-07-26T07:22:34","guid":{"rendered":"https:\/\/www.m-q.ch\/?p=16623"},"modified":"2022-07-26T11:09:36","modified_gmt":"2022-07-26T09:09:36","slug":"gelungene-synprovis-erfa-tagung","status":"publish","type":"post","link":"https:\/\/www.organisator.ch\/it\/operational-excellence\/2022-07-26\/gelungene-synprovis-erfa-tagung\/","title":{"rendered":"Riunione Synprovis-ERFA di successo"},"content":{"rendered":"<figure id=\"attachment_16624\" class=\"wp-caption alignnone\" style=\"width: 925px\" aria-describedby=\"caption-attachment-16624\"><img class=\"alignnone wp-image-16624 size-full\" src=\"https:\/\/www.m-q.ch\/wp-content\/uploads\/2022\/07\/MQ-Management-Qualitaet-Gelungene-Synprovis-ERFA-Tagung.jpg\" alt=\"Conferenza Synprovis-ERFA\" width=\"925\" height=\"625\" \/><figcaption id=\"caption-attachment-16624\" class=\"wp-caption-text\">Il team Synprovis con l'atleta sponsorizzato Joel L\u00fctolf (4\u00b0 da sinistra) e l'artista Wetz (2\u00b0 da destra).\r\nImmagine: Christian Hartmann<\/figcaption><\/figure>\r\nSynprovis GmbH di Eich (LU) \u00e8 uno dei principali attori nel campo della gestione olistica della qualit\u00e0 con il suo software Improve. Lo scambio intensivo con i clienti viene coltivato anche nelle conferenze annuali dell'ERFA. Il decimo incontro si \u00e8 svolto il 19 maggio 2022 presso il KKLB (Kunst und Kultur im Landessender Berom\u00fcnster). 70 clienti partecipanti sono stati ispirati dal pluripremiato artista ospite Wetz e dalle sue avvincenti presentazioni. L'attuale mostra \"Fiori per l'arte\", con i contributi di numerosi artisti, ha offerto ai partecipanti alla conferenza un'affascinante cornice culturale.\r\n\r\nAnche le presentazioni di Improve del CEO Hubert Geisseler e degli sviluppatori del software Synprovis hanno ottenuto un feedback positivo. La filosofia vissuta dello sviluppo permanente del software, la visione lungimirante del futuro delle prestazioni a medio termine e la protezione ottimale degli investimenti per gli utenti sono stati presentati in modo convincente sulla base di vari argomenti. \"L'introduzione di Improve ha portato la nostra tecnologia dei sensori di qualit\u00e0 molto pi\u00f9 vicina alle persone, ai processi e ai prodotti\" - secondo Geisseler, questa dichiarazione del cliente descrive perfettamente l'effetto che Synprovis vuole ottenere con gli utenti.\r\n<h2>Synprovis GmbH - 20 anni di competenza QM<\/h2>\r\nSin dalla sua fondazione nel 2002, Synprovis si occupa di gestione olistica della qualit\u00e0 per le PMI. Synprovis ha successo in tutta Europa con il suo software web Improve QM. L'azienda vede la chiave del successo nell'estrema facilit\u00e0 d'uso del suo software, che si traduce naturalmente anche in un basso livello di formazione. L'idea di base \u00e8 quella di utilizzare gli errori come fonte indispensabile di conoscenza per migliorare i processi. Per ogni singolo messaggio di errore deve essere prevista una misura di ottimizzazione misurabile o l'eliminazione della causa dell'errore. Un'altra ragione del successo di mercato delle aziende di produzione, servizi e commercio \u00e8 l'elevato ritmo di sviluppo del software. Il team di Synprovis implementa rapidamente gli standard di qualit\u00e0 nuovi o rivisti nei moduli o nelle nuove release. Lo stretto contatto con i clienti, anche attraverso le conferenze ERFA, assicura che lo strumento sia sempre al massimo livello di idoneit\u00e0 pratica. \"Oggi Improve \u00e8 un sistema di gestione integrato per il monitoraggio e il controllo completo di tutti i processi\", afferma Hubert Geisseler.\r\n<h2>Software modulare<\/h2>\r\nLo strumento basato sugli eventi funziona coerentemente secondo la struttura \"registrare, decidere, completare, migliorare\" e mappa completamente la gestione della qualit\u00e0 con i seguenti moduli: rapporto 8D, sicurezza sul lavoro, gestione degli audit, misure\/costi, valutazione dei dipendenti, gestione delle apparecchiature di prova, gestione del rischio, gestione ambientale, conoscenze e competenze.\r\n<h2>Azienda familiare<\/h2>\r\nHubert e Lisbeth Geisseler sono i proprietari dell'azienda e Lisbeth Geisseler \u00e8 responsabile delle finanze e dell'amministrazione. I quattro qualificati sviluppatori di software Pirmin Stalder, Alex Bosshard, Philipp Gr\u00fcter e Kevin Leisibach sono anche project manager con un contatto intensivo con i clienti: una soluzione speciale che contribuisce chiaramente al successo dell'azienda.\r\n<h2>Autore<\/h2>\r\nUeli Eigenmann \u00e8 un designer concettuale\/copywriter freelance con uno zaino in marketing e studi commerciali.\r\n&gt; <a href=\"http:\/\/www.werbung-texte.ch\/home.html\">pubblicit\u00e0-testi.ch<\/a>\n<p class=\"syndicated-attribution\">Questo articolo \u00e8 apparso originariamente su m-q.ch - <a href=\"https:\/\/www.m-q.ch\/de\/gelungene-synprovis-erfa-tagung\/\" target=\"_blank\">https:\/\/www.m-q.ch\/de\/gelungene-synprovis-erfa-tagung\/<\/a><\/p>","protected":false},"excerpt":{"rendered":"<p>Die Synprovis GmbH aus Eich (LU) geh\u00f6rt mit ihrer Software Improve zu den f\u00fchrenden Playern im Bereich des ganzheitlichen Qualit\u00e4tsmanagements. Der intensive Austausch mit den Kunden wird auch in j\u00e4hrlichen ERFA-Tagungen gepflegt. Die 10. Tagung ging am 19. Mai 2022 im KKLB (Kunst und Kultur im Landessender Berom\u00fcnster) \u00fcber die B\u00fchne. 70 teilnehmende Kundinnen und [\u2026]<\/p>\n","protected":false},"author":8,"featured_media":0,"comment_status":"closed","ping_status":"closed","sticky":false,"template":"","format":"standard","meta":{"_acf_changed":false,"_yoast_wpseo_focuskw":"Synprovis","_yoast_wpseo_metadesc":"Am 19. Mai 2022 f\u00fchrte Synprovis, Hersteller von Software f\u00fcr das Qualit\u00e4tsmanagement, zum zehnten Mal eine Kundentagung durch.","articlekey":"","footnotes":""},"categories":[582],"tags":[3105,3108,3109],"class_list":["post-15839","post","type-post","status-publish","format-standard","hentry","category-operational-excellence","tag-ausgabe-7-8-2022","tag-erfa","tag-synprovis"],"acf":[],"yoast_head":"<!-- This site is optimized with the Yoast SEO plugin v27.5 - https:\/\/yoast.com\/product\/yoast-seo-wordpress\/ -->\n<title>Gelungene Synprovis-ERFA-Tagung - Organisator<\/title>\n<meta name=\"description\" content=\"Am 19. Mai 2022 f\u00fchrte Synprovis, Hersteller von Software f\u00fcr das Qualit\u00e4tsmanagement, zum zehnten Mal eine Kundentagung durch.\" \/>\n<meta name=\"robots\" content=\"index, follow, max-snippet:-1, max-image-preview:large, max-video-preview:-1\" \/>\n<link rel=\"canonical\" href=\"https:\/\/www.m-q.ch\/de\/gelungene-synprovis-erfa-tagung\/\" \/>\n<meta property=\"og:locale\" content=\"it_IT\" \/>\n<meta property=\"og:type\" content=\"article\" \/>\n<meta property=\"og:title\" content=\"Gelungene Synprovis-ERFA-Tagung - Organisator\" \/>\n<meta property=\"og:description\" content=\"Am 19. Mai 2022 f\u00fchrte Synprovis, Hersteller von Software f\u00fcr das Qualit\u00e4tsmanagement, zum zehnten Mal eine Kundentagung durch.\" \/>\n<meta property=\"og:url\" content=\"https:\/\/www.m-q.ch\/de\/gelungene-synprovis-erfa-tagung\/\" \/>\n<meta property=\"og:site_name\" content=\"Organisator\" \/>\n<meta property=\"article:publisher\" content=\"https:\/\/www.facebook.com\/OrganisatorFachmagazin\" \/>\n<meta property=\"article:published_time\" content=\"2022-07-26T07:22:34+00:00\" \/>\n<meta property=\"article:modified_time\" content=\"2022-07-26T09:09:36+00:00\" \/>\n<meta property=\"og:image\" content=\"https:\/\/www.m-q.ch\/wp-content\/uploads\/2022\/07\/MQ-Management-Qualitaet-Gelungene-Synprovis-ERFA-Tagung.jpg\" \/>\n<meta name=\"author\" content=\"galledia\" \/>\n<meta name=\"twitter:card\" content=\"summary_large_image\" \/>\n<meta name=\"twitter:creator\" content=\"@admin\" \/>\n<script type=\"application\/ld+json\" class=\"yoast-schema-graph\">{\"@context\":\"https:\\\/\\\/schema.org\",\"@graph\":[{\"@type\":\"Article\",\"@id\":\"https:\\\/\\\/www.m-q.ch\\\/de\\\/gelungene-synprovis-erfa-tagung\\\/#article\",\"isPartOf\":{\"@id\":\"https:\\\/\\\/www.organisator.ch\\\/operational-excellence\\\/2022-07-26\\\/gelungene-synprovis-erfa-tagung\\\/\"},\"author\":{\"name\":\"galledia\",\"@id\":\"https:\\\/\\\/www.organisator.ch\\\/#\\\/schema\\\/person\\\/4e51799071cd2dd1232ac003643ef5f0\"},\"headline\":\"Gelungene Synprovis-ERFA-Tagung\",\"datePublished\":\"2022-07-26T07:22:34+00:00\",\"dateModified\":\"2022-07-26T09:09:36+00:00\",\"mainEntityOfPage\":{\"@id\":\"https:\\\/\\\/www.organisator.ch\\\/operational-excellence\\\/2022-07-26\\\/gelungene-synprovis-erfa-tagung\\\/\"},\"wordCount\":444,\"publisher\":{\"@id\":\"https:\\\/\\\/www.organisator.ch\\\/#organization\"},\"image\":{\"@id\":\"https:\\\/\\\/www.m-q.ch\\\/de\\\/gelungene-synprovis-erfa-tagung\\\/#primaryimage\"},\"thumbnailUrl\":\"https:\\\/\\\/www.m-q.ch\\\/wp-content\\\/uploads\\\/2022\\\/07\\\/MQ-Management-Qualitaet-Gelungene-Synprovis-ERFA-Tagung.jpg\",\"keywords\":[\"Ausgabe 7-8\\\/2022\",\"ERFA\",\"Synprovis\"],\"articleSection\":[\"OPERATIONAL EXCELLENCE\"],\"inLanguage\":\"it-IT\"},{\"@type\":\"WebPage\",\"@id\":\"https:\\\/\\\/www.organisator.ch\\\/operational-excellence\\\/2022-07-26\\\/gelungene-synprovis-erfa-tagung\\\/\",\"url\":\"https:\\\/\\\/www.m-q.ch\\\/de\\\/gelungene-synprovis-erfa-tagung\\\/\",\"name\":\"Gelungene Synprovis-ERFA-Tagung - Organisator\",\"isPartOf\":{\"@id\":\"https:\\\/\\\/www.organisator.ch\\\/#website\"},\"primaryImageOfPage\":{\"@id\":\"https:\\\/\\\/www.m-q.ch\\\/de\\\/gelungene-synprovis-erfa-tagung\\\/#primaryimage\"},\"image\":{\"@id\":\"https:\\\/\\\/www.m-q.ch\\\/de\\\/gelungene-synprovis-erfa-tagung\\\/#primaryimage\"},\"thumbnailUrl\":\"https:\\\/\\\/www.m-q.ch\\\/wp-content\\\/uploads\\\/2022\\\/07\\\/MQ-Management-Qualitaet-Gelungene-Synprovis-ERFA-Tagung.jpg\",\"datePublished\":\"2022-07-26T07:22:34+00:00\",\"dateModified\":\"2022-07-26T09:09:36+00:00\",\"description\":\"Am 19. Mai 2022 f\u00fchrte Synprovis, Hersteller von Software f\u00fcr das Qualit\u00e4tsmanagement, zum zehnten Mal eine Kundentagung durch.\",\"breadcrumb\":{\"@id\":\"https:\\\/\\\/www.m-q.ch\\\/de\\\/gelungene-synprovis-erfa-tagung\\\/#breadcrumb\"},\"inLanguage\":\"it-IT\",\"potentialAction\":[{\"@type\":\"ReadAction\",\"target\":[\"https:\\\/\\\/www.m-q.ch\\\/de\\\/gelungene-synprovis-erfa-tagung\\\/\"]}]},{\"@type\":\"ImageObject\",\"inLanguage\":\"it-IT\",\"@id\":\"https:\\\/\\\/www.m-q.ch\\\/de\\\/gelungene-synprovis-erfa-tagung\\\/#primaryimage\",\"url\":\"https:\\\/\\\/www.m-q.ch\\\/wp-content\\\/uploads\\\/2022\\\/07\\\/MQ-Management-Qualitaet-Gelungene-Synprovis-ERFA-Tagung.jpg\",\"contentUrl\":\"https:\\\/\\\/www.m-q.ch\\\/wp-content\\\/uploads\\\/2022\\\/07\\\/MQ-Management-Qualitaet-Gelungene-Synprovis-ERFA-Tagung.jpg\"},{\"@type\":\"BreadcrumbList\",\"@id\":\"https:\\\/\\\/www.m-q.ch\\\/de\\\/gelungene-synprovis-erfa-tagung\\\/#breadcrumb\",\"itemListElement\":[{\"@type\":\"ListItem\",\"position\":1,\"name\":\"Home\",\"item\":\"https:\\\/\\\/www.organisator.ch\\\/\"},{\"@type\":\"ListItem\",\"position\":2,\"name\":\"Gelungene Synprovis-ERFA-Tagung\"}]},{\"@type\":\"WebSite\",\"@id\":\"https:\\\/\\\/www.organisator.ch\\\/#website\",\"url\":\"https:\\\/\\\/www.organisator.ch\\\/\",\"name\":\"Organisator\",\"description\":\"Kompetent. Praxisnah. Der ORGANISATOR bereitet in 10 Ausgaben pro Jahr die wesentlichen Themen f\u00fcr F\u00fchrungskr\u00e4fte von KMU auf.\",\"publisher\":{\"@id\":\"https:\\\/\\\/www.organisator.ch\\\/#organization\"},\"potentialAction\":[{\"@type\":\"SearchAction\",\"target\":{\"@type\":\"EntryPoint\",\"urlTemplate\":\"https:\\\/\\\/www.organisator.ch\\\/?s={search_term_string}\"},\"query-input\":{\"@type\":\"PropertyValueSpecification\",\"valueRequired\":true,\"valueName\":\"search_term_string\"}}],\"inLanguage\":\"it-IT\"},{\"@type\":\"Organization\",\"@id\":\"https:\\\/\\\/www.organisator.ch\\\/#organization\",\"name\":\"Organisator\",\"url\":\"https:\\\/\\\/www.organisator.ch\\\/\",\"logo\":{\"@type\":\"ImageObject\",\"inLanguage\":\"it-IT\",\"@id\":\"https:\\\/\\\/www.organisator.ch\\\/#\\\/schema\\\/logo\\\/image\\\/\",\"url\":\"https:\\\/\\\/www.organisator.ch\\\/wp-content\\\/uploads\\\/2022\\\/01\\\/Logo_Organisator_Website.png\",\"contentUrl\":\"https:\\\/\\\/www.organisator.ch\\\/wp-content\\\/uploads\\\/2022\\\/01\\\/Logo_Organisator_Website.png\",\"width\":800,\"height\":77,\"caption\":\"Organisator\"},\"image\":{\"@id\":\"https:\\\/\\\/www.organisator.ch\\\/#\\\/schema\\\/logo\\\/image\\\/\"},\"sameAs\":[\"https:\\\/\\\/www.facebook.com\\\/OrganisatorFachmagazin\",\"https:\\\/\\\/www.linkedin.com\\\/showcase\\\/organisator-das-magazin-fr-kmu\",\"https:\\\/\\\/www.xing.com\\\/news\\\/pages\\\/organisator-ch-695\",\"https:\\\/\\\/www.youtube.com\\\/channel\\\/UCGP2Sq0iWaZwT3BdIAQFYpw\"]},{\"@type\":\"Person\",\"@id\":\"https:\\\/\\\/www.organisator.ch\\\/#\\\/schema\\\/person\\\/4e51799071cd2dd1232ac003643ef5f0\",\"name\":\"galledia\",\"image\":{\"@type\":\"ImageObject\",\"inLanguage\":\"it-IT\",\"@id\":\"https:\\\/\\\/secure.gravatar.com\\\/avatar\\\/78a7f90c01fc2bfc875782a0d4922b37cde2cf184ce347b91316d23cd7f69a36?s=96&d=mm&r=g\",\"url\":\"https:\\\/\\\/secure.gravatar.com\\\/avatar\\\/78a7f90c01fc2bfc875782a0d4922b37cde2cf184ce347b91316d23cd7f69a36?s=96&d=mm&r=g\",\"contentUrl\":\"https:\\\/\\\/secure.gravatar.com\\\/avatar\\\/78a7f90c01fc2bfc875782a0d4922b37cde2cf184ce347b91316d23cd7f69a36?s=96&d=mm&r=g\",\"caption\":\"galledia\"},\"sameAs\":[\"https:\\\/\\\/x.com\\\/admin\"],\"url\":\"https:\\\/\\\/www.organisator.ch\\\/it\\\/author\\\/galledia\\\/\"}]}<\/script>\n<!-- \/ Yoast SEO plugin. -->","yoast_head_json":{"title":"Riunione di successo di Synprovis-ERFA - Organizzatore","description":"Il 19 maggio 2022, Synprovis, produttore di software per la gestione della qualit\u00e0, ha tenuto la sua decima conferenza con i clienti.","robots":{"index":"index","follow":"follow","max-snippet":"max-snippet:-1","max-image-preview":"max-image-preview:large","max-video-preview":"max-video-preview:-1"},"canonical":"https:\/\/www.m-q.ch\/de\/gelungene-synprovis-erfa-tagung\/","og_locale":"it_IT","og_type":"article","og_title":"Gelungene Synprovis-ERFA-Tagung - Organisator","og_description":"Am 19. Mai 2022 f\u00fchrte Synprovis, Hersteller von Software f\u00fcr das Qualit\u00e4tsmanagement, zum zehnten Mal eine Kundentagung durch.","og_url":"https:\/\/www.m-q.ch\/de\/gelungene-synprovis-erfa-tagung\/","og_site_name":"Organisator","article_publisher":"https:\/\/www.facebook.com\/OrganisatorFachmagazin","article_published_time":"2022-07-26T07:22:34+00:00","article_modified_time":"2022-07-26T09:09:36+00:00","og_image":[{"url":"https:\/\/www.m-q.ch\/wp-content\/uploads\/2022\/07\/MQ-Management-Qualitaet-Gelungene-Synprovis-ERFA-Tagung.jpg","type":"","width":"","height":""}],"author":"galledia","twitter_card":"summary_large_image","twitter_creator":"@admin","schema":{"@context":"https:\/\/schema.org","@graph":[{"@type":"Article","@id":"https:\/\/www.m-q.ch\/de\/gelungene-synprovis-erfa-tagung\/#article","isPartOf":{"@id":"https:\/\/www.organisator.ch\/operational-excellence\/2022-07-26\/gelungene-synprovis-erfa-tagung\/"},"author":{"name":"galledia","@id":"https:\/\/www.organisator.ch\/#\/schema\/person\/4e51799071cd2dd1232ac003643ef5f0"},"headline":"Gelungene Synprovis-ERFA-Tagung","datePublished":"2022-07-26T07:22:34+00:00","dateModified":"2022-07-26T09:09:36+00:00","mainEntityOfPage":{"@id":"https:\/\/www.organisator.ch\/operational-excellence\/2022-07-26\/gelungene-synprovis-erfa-tagung\/"},"wordCount":444,"publisher":{"@id":"https:\/\/www.organisator.ch\/#organization"},"image":{"@id":"https:\/\/www.m-q.ch\/de\/gelungene-synprovis-erfa-tagung\/#primaryimage"},"thumbnailUrl":"https:\/\/www.m-q.ch\/wp-content\/uploads\/2022\/07\/MQ-Management-Qualitaet-Gelungene-Synprovis-ERFA-Tagung.jpg","keywords":["Ausgabe 7-8\/2022","ERFA","Synprovis"],"articleSection":["OPERATIONAL EXCELLENCE"],"inLanguage":"it-IT"},{"@type":"WebPage","@id":"https:\/\/www.organisator.ch\/operational-excellence\/2022-07-26\/gelungene-synprovis-erfa-tagung\/","url":"https:\/\/www.m-q.ch\/de\/gelungene-synprovis-erfa-tagung\/","name":"Riunione di successo di Synprovis-ERFA - Organizzatore","isPartOf":{"@id":"https:\/\/www.organisator.ch\/#website"},"primaryImageOfPage":{"@id":"https:\/\/www.m-q.ch\/de\/gelungene-synprovis-erfa-tagung\/#primaryimage"},"image":{"@id":"https:\/\/www.m-q.ch\/de\/gelungene-synprovis-erfa-tagung\/#primaryimage"},"thumbnailUrl":"https:\/\/www.m-q.ch\/wp-content\/uploads\/2022\/07\/MQ-Management-Qualitaet-Gelungene-Synprovis-ERFA-Tagung.jpg","datePublished":"2022-07-26T07:22:34+00:00","dateModified":"2022-07-26T09:09:36+00:00","description":"Il 19 maggio 2022, Synprovis, produttore di software per la gestione della qualit\u00e0, ha tenuto la sua decima conferenza con i clienti.","breadcrumb":{"@id":"https:\/\/www.m-q.ch\/de\/gelungene-synprovis-erfa-tagung\/#breadcrumb"},"inLanguage":"it-IT","potentialAction":[{"@type":"ReadAction","target":["https:\/\/www.m-q.ch\/de\/gelungene-synprovis-erfa-tagung\/"]}]},{"@type":"ImageObject","inLanguage":"it-IT","@id":"https:\/\/www.m-q.ch\/de\/gelungene-synprovis-erfa-tagung\/#primaryimage","url":"https:\/\/www.m-q.ch\/wp-content\/uploads\/2022\/07\/MQ-Management-Qualitaet-Gelungene-Synprovis-ERFA-Tagung.jpg","contentUrl":"https:\/\/www.m-q.ch\/wp-content\/uploads\/2022\/07\/MQ-Management-Qualitaet-Gelungene-Synprovis-ERFA-Tagung.jpg"},{"@type":"BreadcrumbList","@id":"https:\/\/www.m-q.ch\/de\/gelungene-synprovis-erfa-tagung\/#breadcrumb","itemListElement":[{"@type":"ListItem","position":1,"name":"Home","item":"https:\/\/www.organisator.ch\/"},{"@type":"ListItem","position":2,"name":"Gelungene Synprovis-ERFA-Tagung"}]},{"@type":"WebSite","@id":"https:\/\/www.organisator.ch\/#website","url":"https:\/\/www.organisator.ch\/","name":"Organizzatore","description":"Competente. Pratico. In 10 numeri all'anno, ORGANISATOR presenta i temi essenziali per i manager delle PMI.","publisher":{"@id":"https:\/\/www.organisator.ch\/#organization"},"potentialAction":[{"@type":"SearchAction","target":{"@type":"EntryPoint","urlTemplate":"https:\/\/www.organisator.ch\/?s={search_term_string}"},"query-input":{"@type":"PropertyValueSpecification","valueRequired":true,"valueName":"search_term_string"}}],"inLanguage":"it-IT"},{"@type":"Organization","@id":"https:\/\/www.organisator.ch\/#organization","name":"Organizzatore","url":"https:\/\/www.organisator.ch\/","logo":{"@type":"ImageObject","inLanguage":"it-IT","@id":"https:\/\/www.organisator.ch\/#\/schema\/logo\/image\/","url":"https:\/\/www.organisator.ch\/wp-content\/uploads\/2022\/01\/Logo_Organisator_Website.png","contentUrl":"https:\/\/www.organisator.ch\/wp-content\/uploads\/2022\/01\/Logo_Organisator_Website.png","width":800,"height":77,"caption":"Organisator"},"image":{"@id":"https:\/\/www.organisator.ch\/#\/schema\/logo\/image\/"},"sameAs":["https:\/\/www.facebook.com\/OrganisatorFachmagazin","https:\/\/www.linkedin.com\/showcase\/organisator-das-magazin-fr-kmu","https:\/\/www.xing.com\/news\/pages\/organisator-ch-695","https:\/\/www.youtube.com\/channel\/UCGP2Sq0iWaZwT3BdIAQFYpw"]},{"@type":"Person","@id":"https:\/\/www.organisator.ch\/#\/schema\/person\/4e51799071cd2dd1232ac003643ef5f0","name":"galledia","image":{"@type":"ImageObject","inLanguage":"it-IT","@id":"https:\/\/secure.gravatar.com\/avatar\/78a7f90c01fc2bfc875782a0d4922b37cde2cf184ce347b91316d23cd7f69a36?s=96&d=mm&r=g","url":"https:\/\/secure.gravatar.com\/avatar\/78a7f90c01fc2bfc875782a0d4922b37cde2cf184ce347b91316d23cd7f69a36?s=96&d=mm&r=g","contentUrl":"https:\/\/secure.gravatar.com\/avatar\/78a7f90c01fc2bfc875782a0d4922b37cde2cf184ce347b91316d23cd7f69a36?s=96&d=mm&r=g","caption":"galledia"},"sameAs":["https:\/\/x.com\/admin"],"url":"https:\/\/www.organisator.ch\/it\/author\/galledia\/"}]}},"_links":{"self":[{"href":"https:\/\/www.organisator.ch\/it\/wp-json\/wp\/v2\/posts\/15839","targetHints":{"allow":["GET"]}}],"collection":[{"href":"https:\/\/www.organisator.ch\/it\/wp-json\/wp\/v2\/posts"}],"about":[{"href":"https:\/\/www.organisator.ch\/it\/wp-json\/wp\/v2\/types\/post"}],"author":[{"embeddable":true,"href":"https:\/\/www.organisator.ch\/it\/wp-json\/wp\/v2\/users\/8"}],"replies":[{"embeddable":true,"href":"https:\/\/www.organisator.ch\/it\/wp-json\/wp\/v2\/comments?post=15839"}],"version-history":[{"count":4,"href":"https:\/\/www.organisator.ch\/it\/wp-json\/wp\/v2\/posts\/15839\/revisions"}],"predecessor-version":[{"id":15844,"href":"https:\/\/www.organisator.ch\/it\/wp-json\/wp\/v2\/posts\/15839\/revisions\/15844"}],"wp:attachment":[{"href":"https:\/\/www.organisator.ch\/it\/wp-json\/wp\/v2\/media?parent=15839"}],"wp:term":[{"taxonomy":"category","embeddable":true,"href":"https:\/\/www.organisator.ch\/it\/wp-json\/wp\/v2\/categories?post=15839"},{"taxonomy":"post_tag","embeddable":true,"href":"https:\/\/www.organisator.ch\/it\/wp-json\/wp\/v2\/tags?post=15839"}],"curies":[{"name":"wp","href":"https:\/\/api.w.org\/{rel}","templated":true}]}}