{"id":1609,"date":"2017-03-09T11:41:48","date_gmt":"2017-03-09T10:41:48","guid":{"rendered":"https:\/\/www.organisator.ch\/?p=1609"},"modified":"2017-03-09T11:41:48","modified_gmt":"2017-03-09T10:41:48","slug":"1609-2","status":"publish","type":"post","link":"https:\/\/www.organisator.ch\/it\/allgemein\/2017-03-09\/1609-2\/","title":{"rendered":"Heiniger AG vince il Prix SVC Espace Mittelland 2017"},"content":{"rendered":"<figure id=\"attachment_1610\" aria-describedby=\"caption-attachment-1610\" style=\"width: 680px\" class=\"wp-caption alignnone\"><img loading=\"lazy\" decoding=\"async\" class=\"size-medium wp-image-1610\" src=\"https:\/\/www.organisator.ch\/wp-content\/uploads\/2017\/03\/Heiniger-AG-gewinnt-den-Prix-SVC-Espace-Mittelland-2017-org-organisator.jpg\" alt=\"\" width=\"680\" height=\"453\" \/><figcaption id=\"caption-attachment-1610\" class=\"wp-caption-text\">I candidati del Prix SVC Espace Mittelland 2017, e il vincitore del primo premio, Daniel Heiniger, terzo da destra, dopo la cerimonia di premiazione. (PPR\/Lukas Lehmann)<\/figcaption><\/figure>\n<p>Grazie alle numerose innovazioni e all'attenzione costante alle esigenze dei clienti, la Heiniger AG \u00e8 oggi il leader del mercato mondiale nel settore della tosatura degli animali: milioni di animali da allevamento come pecore, mucche, cavalli o anche cani e cammelli vengono tosati e strigliati ogni giorno in tutto il mondo con le attrezzature Heiniger. Ci sono 40 coltelli diversi solo per la tosatura delle pecore, come ha spiegato Daniel Heiniger al pubblico. \"La Heiniger AG ha impressionato la giuria con il suo modello di business innovativo. L'azienda familiare \u00e8 riuscita a diventare leader di mercato in una nicchia di mercato mondiale altamente competitiva. Uno dei motivi principali \u00e8 l'alta qualit\u00e0 dei prodotti SwissMade e la comprensione delle esigenze reali dei clienti di tutto il mondo\", ha sottolineato infine il presidente della giuria Walter Steinlin nella sua lode.<\/p>\n<figure id=\"attachment_1617\" aria-describedby=\"caption-attachment-1617\" style=\"width: 640px\" class=\"wp-caption alignnone\"><img loading=\"lazy\" decoding=\"async\" class=\"size-full wp-image-1617\" src=\"https:\/\/www.organisator.ch\/wp-content\/uploads\/2017\/03\/Heiniger-AG-gewinnt-den-Prix-SVC-Espace-Mittelland-2017-3_Organisator.jpg\" alt=\"\" width=\"640\" height=\"425\" srcset=\"https:\/\/www.organisator.ch\/wp-content\/uploads\/2017\/03\/Heiniger-AG-gewinnt-den-Prix-SVC-Espace-Mittelland-2017-3_Organisator.jpg 640w, https:\/\/www.organisator.ch\/wp-content\/uploads\/2017\/03\/Heiniger-AG-gewinnt-den-Prix-SVC-Espace-Mittelland-2017-3_Organisator-16x12.jpg 16w, https:\/\/www.organisator.ch\/wp-content\/uploads\/2017\/03\/Heiniger-AG-gewinnt-den-Prix-SVC-Espace-Mittelland-2017-3_Organisator-264x175.jpg 264w, https:\/\/www.organisator.ch\/wp-content\/uploads\/2017\/03\/Heiniger-AG-gewinnt-den-Prix-SVC-Espace-Mittelland-2017-3_Organisator-527x350.jpg 527w, https:\/\/www.organisator.ch\/wp-content\/uploads\/2017\/03\/Heiniger-AG-gewinnt-den-Prix-SVC-Espace-Mittelland-2017-3_Organisator-300x199.jpg 300w\" sizes=\"auto, (max-width: 640px) 100vw, 640px\" \/><figcaption id=\"caption-attachment-1617\" class=\"wp-caption-text\">Il successivo vincitore del premio Daniel Heiniger in conversazione con il moderatore Patrick Rohr (a sinistra) e il presidente della giuria Walter Steinlin... (Foto: Thomas Berner)<\/figcaption><\/figure>\n<p>L'azienda di famiglia \u00e8 stata fondata nel 1946 da Hermann Heiniger ed \u00e8 ora gestita dalla terza generazione della famiglia, il CEO Daniel Heiniger. Impiega pi\u00f9 di 100 persone, di cui 33 nella filiale in Australia e otto in Nuova Zelanda.<\/p>\n<figure id=\"attachment_1618\" aria-describedby=\"caption-attachment-1618\" style=\"width: 499px\" class=\"wp-caption alignnone\"><img loading=\"lazy\" decoding=\"async\" class=\"size-full wp-image-1618\" src=\"https:\/\/www.organisator.ch\/wp-content\/uploads\/2017\/03\/Heiniger-AG-gewinnt-den-Prix-SVC-Espace-Mittelland-2017-4_Organisator.jpg\" alt=\"\" width=\"499\" height=\"480\" srcset=\"https:\/\/www.organisator.ch\/wp-content\/uploads\/2017\/03\/Heiniger-AG-gewinnt-den-Prix-SVC-Espace-Mittelland-2017-4_Organisator.jpg 499w, https:\/\/www.organisator.ch\/wp-content\/uploads\/2017\/03\/Heiniger-AG-gewinnt-den-Prix-SVC-Espace-Mittelland-2017-4_Organisator-12x12.jpg 12w, https:\/\/www.organisator.ch\/wp-content\/uploads\/2017\/03\/Heiniger-AG-gewinnt-den-Prix-SVC-Espace-Mittelland-2017-4_Organisator-182x175.jpg 182w, https:\/\/www.organisator.ch\/wp-content\/uploads\/2017\/03\/Heiniger-AG-gewinnt-den-Prix-SVC-Espace-Mittelland-2017-4_Organisator-364x350.jpg 364w, https:\/\/www.organisator.ch\/wp-content\/uploads\/2017\/03\/Heiniger-AG-gewinnt-den-Prix-SVC-Espace-Mittelland-2017-4_Organisator-300x289.jpg 300w\" sizes=\"auto, (max-width: 499px) 100vw, 499px\" \/><figcaption id=\"caption-attachment-1618\" class=\"wp-caption-text\">... e qui tiene in mano il trofeo del Prix SVC Espace Mittelland 2017 con suo padre. (Foto: Thomas Berner)<\/figcaption><\/figure>\n<p><strong>Vincitori del 2\u00b0 e 3\u00b0 premio <\/strong><br \/>\nIl secondo posto va alla Moser-Baer AG di Sumiswald, produttore del leggendario orologio ferroviario. Con il suo marchio MOBATIME, l'azienda a conduzione familiare, oggi guidata dall'amministratore delegato Reto Reist, \u00e8 leader internazionale nello sviluppo, nella produzione e nella vendita di sistemi di orologi, sistemi orari e riferimenti temporali. In tutto il mondo, decine di migliaia di sistemi Moser-Baer sono in funzione in aeroporti, stazioni ferroviarie e ospedali. L'azienda ha costruito un secondo pilastro nel campo della tecnologia medica. \"La qualit\u00e0 svizzera, la tecnologia dell'informazione e un'alta comprensione del servizio confluiscono ogni giorno nello sviluppo di prodotti e servizi\", spiega Walter Steinlin il successo dell'azienda. E continua: \"Con acquisizioni strategiche, l'azienda \u00e8 cresciuta continuamente dal 1938 e oggi, con 140 dipendenti, \u00e8 uno dei datori di lavoro pi\u00f9 importanti dell'Emmental.<\/p>\n<p>La K\u00fchni AG di Ramsei ha ottenuto il terzo posto. Da un originale laboratorio di carpenteria, \u00e8 emerso un fornitore leader di servizi completi nella costruzione in legno. Con 160 dipendenti, 34 dei quali sono apprendisti, l'azienda a conduzione familiare offre un servizio di mercato end-to-end, dalla progettazione alla costruzione di case chiavi in mano. Utilizza macchinari all'avanguardia - in definitiva, la K\u00fchni AG \u00e8 un'azienda artigianale completamente digitalizzata nell'Emmental.<\/p>\n<p><strong>Altri vincitori del premio<\/strong><br \/>\nAltri vincitori della serata sono il produttore di orologi Armin Strom AG di Bienne, la Carrosserie HESS AG di Bellach, specializzata nella costruzione di veicoli, e la Furrer + Frey AG di Berna, specializzata nella costruzione di linee aeree. Nel caso di Armin Strohm, \u00e8 particolarmente degno di nota il fatto che la direzione dell'azienda, ancora giovane, si sia assunta il rischio della propria fabbricazione - qualcosa che molti altri noti produttori di orologi lasciano volutamente perdere... E il nome HESS \u00e8 anche conosciuto in tutto il mondo: Pi\u00f9 di 3500 autobus \"Cobus\" sono in uso negli aeroporti internazionali per trasferire i passeggeri dai terminal agli aerei. Infine, Furrer + Frey AG \u00e8 uno dei leader di mercato in Cina, per esempio: l'azienda ha una quota di mercato del 50% nell'equipaggiare le metropolitane con linee di contatto aeree. Per il presidente dell'SVC Hans-Ulrich M\u00fcller era chiaro: \"Tutte e sei le aziende sono vincitrici\".<\/p>\n<figure id=\"attachment_1619\" aria-describedby=\"caption-attachment-1619\" style=\"width: 480px\" class=\"wp-caption alignnone\"><img loading=\"lazy\" decoding=\"async\" class=\"size-full wp-image-1619\" src=\"https:\/\/www.organisator.ch\/wp-content\/uploads\/2017\/03\/Heiniger-AG-gewinnt-den-Prix-SVC-Espace-Mittelland-2017-2_Organisator.jpg\" alt=\"\" width=\"480\" height=\"636\" srcset=\"https:\/\/www.organisator.ch\/wp-content\/uploads\/2017\/03\/Heiniger-AG-gewinnt-den-Prix-SVC-Espace-Mittelland-2017-2_Organisator.jpg 480w, https:\/\/www.organisator.ch\/wp-content\/uploads\/2017\/03\/Heiniger-AG-gewinnt-den-Prix-SVC-Espace-Mittelland-2017-2_Organisator-9x12.jpg 9w, https:\/\/www.organisator.ch\/wp-content\/uploads\/2017\/03\/Heiniger-AG-gewinnt-den-Prix-SVC-Espace-Mittelland-2017-2_Organisator-132x175.jpg 132w, https:\/\/www.organisator.ch\/wp-content\/uploads\/2017\/03\/Heiniger-AG-gewinnt-den-Prix-SVC-Espace-Mittelland-2017-2_Organisator-264x350.jpg 264w, https:\/\/www.organisator.ch\/wp-content\/uploads\/2017\/03\/Heiniger-AG-gewinnt-den-Prix-SVC-Espace-Mittelland-2017-2_Organisator-300x398.jpg 300w\" sizes=\"auto, (max-width: 480px) 100vw, 480px\" \/><figcaption id=\"caption-attachment-1619\" class=\"wp-caption-text\">Il presidente dell'USC Hans-Ulrich M\u00fcller viene omaggiato dall'ex consigliera del governo bernese Elisabeth Z\u00f6lch per il 50\u00b0 premio. (Foto: Thomas Berner)<\/figcaption><\/figure>\n<p><strong>50\u00b0 Premio SVC Cerimonia di premiazione<\/strong><br \/>\n\u00c8 la dodicesima volta che lo Swiss Venture Club (SVC) assegna il Prix SVC Espace Mittelland a piccole e medie imprese (PMI) esemplari della regione che impressionano per i loro prodotti, il loro modello commerciale innovativo e il loro track record sostenibile. L'evento nel Kursaal Bern \u00e8 stato ospitato da Patrick Rohr. 1.400 ospiti della politica, dell'economia e della cultura hanno reso ancora una volta la cerimonia di premiazione un importante punto d'incontro per gli affari nell'Espace Mittelland.<\/p>\n<p>In questa cerimonia di premiazione, anche l'USC stesso ha avuto qualcosa da festeggiare - il suo 50\u00b0 Prix SVC. Dal primo evento a Berna nel 2003, un totale di 299 aziende in sette regioni economiche e tre regioni linguistiche hanno ricevuto premi in 50 cerimonie Prix SVC in tutta la Svizzera. Per una volta, Hans-Ulrich M\u00fcller ha potuto ricevere lui stesso un trofeo in questa occasione.<\/p>\n<p><a href=\"http:\/\/www.swiss-venture-club.ch\">www.swiss-venture-club.ch<\/a><\/p>\n<p>&nbsp;<\/p>\n<p>&nbsp;<\/p>\n<p>&nbsp;<\/p>","protected":false},"excerpt":{"rendered":"<p>Dank zahlreicher Innovationen und der konsequenten Ausrichtung auf die Kundenbed\u00fcrfnisse ist die Heiniger AG heute Weltmarktf\u00fchrer im Gesch\u00e4ft mit Tierschuren: Millionen Nutztiere wie Schafe, K\u00fche, Pferde oder auch Hunde und Kamele werden weltweit tagt\u00e4glich mit Heiniger Ger\u00e4ten geschoren und gepflegt. Allein f\u00fcr die Schafschur existieren 40 verschiedene Messer, wie Daniel Heiniger dem Publikum erkl\u00e4rte.\u00a0&#8222;Die Heiniger [&hellip;]<\/p>\n","protected":false},"author":5,"featured_media":1610,"comment_status":"open","ping_status":"open","sticky":false,"template":"","format":"standard","meta":{"_acf_changed":false,"_yoast_wpseo_focuskw":"Prix SVC Espace Mittelland","_yoast_wpseo_metadesc":"Die Gewinnerin des Prix SVC Espace Mittelland 2017 ist die Heiniger AG aus Herzogenbuchsee, spezialisiert auf Tierschur-Produkte.","articlekey":"","footnotes":""},"categories":[1],"tags":[391,492,502,508],"class_list":["post-1609","post","type-post","status-publish","format-standard","has-post-thumbnail","hentry","category-allgemein","tag-prix-svc-espace-mittelland","tag-unternehmen","tag-veranstaltungen","tag-vermischtes"],"acf":[],"yoast_head":"<!-- This site is optimized with the Yoast SEO plugin v27.4 - https:\/\/yoast.com\/product\/yoast-seo-wordpress\/ -->\n<title>Heiniger AG gewinnt den Prix SVC Espace Mittelland 2017 - Organisator<\/title>\n<meta name=\"description\" content=\"Die Gewinnerin des Prix SVC Espace Mittelland 2017 ist die Heiniger AG aus Herzogenbuchsee, spezialisiert auf Tierschur-Produkte.\" \/>\n<meta name=\"robots\" content=\"index, follow, max-snippet:-1, max-image-preview:large, max-video-preview:-1\" \/>\n<link rel=\"canonical\" href=\"https:\/\/www.organisator.ch\/it\/generale\/2017-03-09\/1609-2\/\" \/>\n<meta property=\"og:locale\" content=\"it_IT\" \/>\n<meta property=\"og:type\" content=\"article\" \/>\n<meta property=\"og:title\" content=\"Heiniger AG gewinnt den Prix SVC Espace Mittelland 2017 - Organisator\" \/>\n<meta property=\"og:description\" content=\"Die Gewinnerin des Prix SVC Espace Mittelland 2017 ist die Heiniger AG aus Herzogenbuchsee, spezialisiert auf Tierschur-Produkte.\" \/>\n<meta property=\"og:url\" content=\"https:\/\/www.organisator.ch\/it\/generale\/2017-03-09\/1609-2\/\" \/>\n<meta property=\"og:site_name\" content=\"Organisator\" \/>\n<meta property=\"article:publisher\" content=\"https:\/\/www.facebook.com\/OrganisatorFachmagazin\" \/>\n<meta property=\"article:published_time\" content=\"2017-03-09T10:41:48+00:00\" \/>\n<meta property=\"og:image\" content=\"https:\/\/www.organisator.ch\/wp-content\/uploads\/2017\/03\/Heiniger-AG-gewinnt-den-Prix-SVC-Espace-Mittelland-2017-org-organisator-scaled.jpg\" \/>\n\t<meta property=\"og:image:width\" content=\"2560\" \/>\n\t<meta property=\"og:image:height\" content=\"1707\" \/>\n\t<meta property=\"og:image:type\" content=\"image\/jpeg\" \/>\n<meta name=\"author\" content=\"michael.merz\" \/>\n<meta name=\"twitter:card\" content=\"summary_large_image\" \/>\n<script type=\"application\/ld+json\" class=\"yoast-schema-graph\">{\"@context\":\"https:\\\/\\\/schema.org\",\"@graph\":[{\"@type\":\"Article\",\"@id\":\"https:\\\/\\\/www.organisator.ch\\\/en\\\/general\\\/2017-03-09\\\/1609-2\\\/#article\",\"isPartOf\":{\"@id\":\"https:\\\/\\\/www.organisator.ch\\\/en\\\/general\\\/2017-03-09\\\/1609-2\\\/\"},\"author\":{\"name\":\"michael.merz\",\"@id\":\"https:\\\/\\\/www.organisator.ch\\\/#\\\/schema\\\/person\\\/134708ca9321c57b0362cceb7948ffbd\"},\"headline\":\"Heiniger AG gewinnt den Prix SVC Espace Mittelland 2017\",\"datePublished\":\"2017-03-09T10:41:48+00:00\",\"mainEntityOfPage\":{\"@id\":\"https:\\\/\\\/www.organisator.ch\\\/en\\\/general\\\/2017-03-09\\\/1609-2\\\/\"},\"wordCount\":755,\"commentCount\":0,\"publisher\":{\"@id\":\"https:\\\/\\\/www.organisator.ch\\\/#organization\"},\"image\":{\"@id\":\"https:\\\/\\\/www.organisator.ch\\\/en\\\/general\\\/2017-03-09\\\/1609-2\\\/#primaryimage\"},\"thumbnailUrl\":\"https:\\\/\\\/www.organisator.ch\\\/wp-content\\\/uploads\\\/2017\\\/03\\\/Heiniger-AG-gewinnt-den-Prix-SVC-Espace-Mittelland-2017-org-organisator-scaled.jpg\",\"keywords\":[\"Prix SVC Espace Mittelland\",\"Unternehmen\",\"Veranstaltungen\",\"Vermischtes\"],\"articleSection\":[\"Allgemein\"],\"inLanguage\":\"it-IT\"},{\"@type\":\"WebPage\",\"@id\":\"https:\\\/\\\/www.organisator.ch\\\/en\\\/general\\\/2017-03-09\\\/1609-2\\\/\",\"url\":\"https:\\\/\\\/www.organisator.ch\\\/en\\\/general\\\/2017-03-09\\\/1609-2\\\/\",\"name\":\"Heiniger AG gewinnt den Prix SVC Espace Mittelland 2017 - Organisator\",\"isPartOf\":{\"@id\":\"https:\\\/\\\/www.organisator.ch\\\/#website\"},\"primaryImageOfPage\":{\"@id\":\"https:\\\/\\\/www.organisator.ch\\\/en\\\/general\\\/2017-03-09\\\/1609-2\\\/#primaryimage\"},\"image\":{\"@id\":\"https:\\\/\\\/www.organisator.ch\\\/en\\\/general\\\/2017-03-09\\\/1609-2\\\/#primaryimage\"},\"thumbnailUrl\":\"https:\\\/\\\/www.organisator.ch\\\/wp-content\\\/uploads\\\/2017\\\/03\\\/Heiniger-AG-gewinnt-den-Prix-SVC-Espace-Mittelland-2017-org-organisator-scaled.jpg\",\"datePublished\":\"2017-03-09T10:41:48+00:00\",\"description\":\"Die Gewinnerin des Prix SVC Espace Mittelland 2017 ist die Heiniger AG aus Herzogenbuchsee, spezialisiert auf Tierschur-Produkte.\",\"breadcrumb\":{\"@id\":\"https:\\\/\\\/www.organisator.ch\\\/en\\\/general\\\/2017-03-09\\\/1609-2\\\/#breadcrumb\"},\"inLanguage\":\"it-IT\",\"potentialAction\":[{\"@type\":\"ReadAction\",\"target\":[\"https:\\\/\\\/www.organisator.ch\\\/en\\\/general\\\/2017-03-09\\\/1609-2\\\/\"]}]},{\"@type\":\"ImageObject\",\"inLanguage\":\"it-IT\",\"@id\":\"https:\\\/\\\/www.organisator.ch\\\/en\\\/general\\\/2017-03-09\\\/1609-2\\\/#primaryimage\",\"url\":\"https:\\\/\\\/www.organisator.ch\\\/wp-content\\\/uploads\\\/2017\\\/03\\\/Heiniger-AG-gewinnt-den-Prix-SVC-Espace-Mittelland-2017-org-organisator-scaled.jpg\",\"contentUrl\":\"https:\\\/\\\/www.organisator.ch\\\/wp-content\\\/uploads\\\/2017\\\/03\\\/Heiniger-AG-gewinnt-den-Prix-SVC-Espace-Mittelland-2017-org-organisator-scaled.jpg\",\"width\":2560,\"height\":1707,\"caption\":\"Die Nominierten des Prix SVC Espace Mittelland 2017, und der Gewinner des ersten Preises, Daniel Heiniger, 3. von rechts, nach der Preisverleihung. (PPR\\\/Lukas Lehmann)\"},{\"@type\":\"BreadcrumbList\",\"@id\":\"https:\\\/\\\/www.organisator.ch\\\/en\\\/general\\\/2017-03-09\\\/1609-2\\\/#breadcrumb\",\"itemListElement\":[{\"@type\":\"ListItem\",\"position\":1,\"name\":\"Home\",\"item\":\"https:\\\/\\\/www.organisator.ch\\\/\"},{\"@type\":\"ListItem\",\"position\":2,\"name\":\"Heiniger AG gewinnt den Prix SVC Espace Mittelland 2017\"}]},{\"@type\":\"WebSite\",\"@id\":\"https:\\\/\\\/www.organisator.ch\\\/#website\",\"url\":\"https:\\\/\\\/www.organisator.ch\\\/\",\"name\":\"Organisator\",\"description\":\"Kompetent. Praxisnah. Der ORGANISATOR bereitet in 10 Ausgaben pro Jahr die wesentlichen Themen f\u00fcr F\u00fchrungskr\u00e4fte von KMU auf.\",\"publisher\":{\"@id\":\"https:\\\/\\\/www.organisator.ch\\\/#organization\"},\"potentialAction\":[{\"@type\":\"SearchAction\",\"target\":{\"@type\":\"EntryPoint\",\"urlTemplate\":\"https:\\\/\\\/www.organisator.ch\\\/?s={search_term_string}\"},\"query-input\":{\"@type\":\"PropertyValueSpecification\",\"valueRequired\":true,\"valueName\":\"search_term_string\"}}],\"inLanguage\":\"it-IT\"},{\"@type\":\"Organization\",\"@id\":\"https:\\\/\\\/www.organisator.ch\\\/#organization\",\"name\":\"Organisator\",\"url\":\"https:\\\/\\\/www.organisator.ch\\\/\",\"logo\":{\"@type\":\"ImageObject\",\"inLanguage\":\"it-IT\",\"@id\":\"https:\\\/\\\/www.organisator.ch\\\/#\\\/schema\\\/logo\\\/image\\\/\",\"url\":\"https:\\\/\\\/www.organisator.ch\\\/wp-content\\\/uploads\\\/2022\\\/01\\\/Logo_Organisator_Website.png\",\"contentUrl\":\"https:\\\/\\\/www.organisator.ch\\\/wp-content\\\/uploads\\\/2022\\\/01\\\/Logo_Organisator_Website.png\",\"width\":800,\"height\":77,\"caption\":\"Organisator\"},\"image\":{\"@id\":\"https:\\\/\\\/www.organisator.ch\\\/#\\\/schema\\\/logo\\\/image\\\/\"},\"sameAs\":[\"https:\\\/\\\/www.facebook.com\\\/OrganisatorFachmagazin\",\"https:\\\/\\\/www.linkedin.com\\\/showcase\\\/organisator-das-magazin-fr-kmu\",\"https:\\\/\\\/www.xing.com\\\/news\\\/pages\\\/organisator-ch-695\",\"https:\\\/\\\/www.youtube.com\\\/channel\\\/UCGP2Sq0iWaZwT3BdIAQFYpw\"]},{\"@type\":\"Person\",\"@id\":\"https:\\\/\\\/www.organisator.ch\\\/#\\\/schema\\\/person\\\/134708ca9321c57b0362cceb7948ffbd\",\"name\":\"michael.merz\",\"image\":{\"@type\":\"ImageObject\",\"inLanguage\":\"it-IT\",\"@id\":\"https:\\\/\\\/secure.gravatar.com\\\/avatar\\\/?s=96&d=mm&r=g\",\"url\":\"https:\\\/\\\/secure.gravatar.com\\\/avatar\\\/?s=96&d=mm&r=g\",\"contentUrl\":\"https:\\\/\\\/secure.gravatar.com\\\/avatar\\\/?s=96&d=mm&r=g\",\"caption\":\"michael.merz\"},\"url\":\"https:\\\/\\\/www.organisator.ch\\\/it\\\/author\\\/michael-merz\\\/\"}]}<\/script>\n<!-- \/ Yoast SEO plugin. -->","yoast_head_json":{"title":"Heiniger AG vince il Prix SVC Espace Mittelland 2017 - Organizzatore","description":"Il vincitore del Prix SVC Espace Mittelland 2017 \u00e8 la Heiniger AG di Herzogenbuchsee, specializzata in prodotti per la tosatura degli animali.","robots":{"index":"index","follow":"follow","max-snippet":"max-snippet:-1","max-image-preview":"max-image-preview:large","max-video-preview":"max-video-preview:-1"},"canonical":"https:\/\/www.organisator.ch\/it\/generale\/2017-03-09\/1609-2\/","og_locale":"it_IT","og_type":"article","og_title":"Heiniger AG gewinnt den Prix SVC Espace Mittelland 2017 - Organisator","og_description":"Die Gewinnerin des Prix SVC Espace Mittelland 2017 ist die Heiniger AG aus Herzogenbuchsee, spezialisiert auf Tierschur-Produkte.","og_url":"https:\/\/www.organisator.ch\/it\/generale\/2017-03-09\/1609-2\/","og_site_name":"Organisator","article_publisher":"https:\/\/www.facebook.com\/OrganisatorFachmagazin","article_published_time":"2017-03-09T10:41:48+00:00","og_image":[{"width":2560,"height":1707,"url":"https:\/\/www.organisator.ch\/wp-content\/uploads\/2017\/03\/Heiniger-AG-gewinnt-den-Prix-SVC-Espace-Mittelland-2017-org-organisator-scaled.jpg","type":"image\/jpeg"}],"author":"michael.merz","twitter_card":"summary_large_image","schema":{"@context":"https:\/\/schema.org","@graph":[{"@type":"Article","@id":"https:\/\/www.organisator.ch\/en\/general\/2017-03-09\/1609-2\/#article","isPartOf":{"@id":"https:\/\/www.organisator.ch\/en\/general\/2017-03-09\/1609-2\/"},"author":{"name":"michael.merz","@id":"https:\/\/www.organisator.ch\/#\/schema\/person\/134708ca9321c57b0362cceb7948ffbd"},"headline":"Heiniger AG gewinnt den Prix SVC Espace Mittelland 2017","datePublished":"2017-03-09T10:41:48+00:00","mainEntityOfPage":{"@id":"https:\/\/www.organisator.ch\/en\/general\/2017-03-09\/1609-2\/"},"wordCount":755,"commentCount":0,"publisher":{"@id":"https:\/\/www.organisator.ch\/#organization"},"image":{"@id":"https:\/\/www.organisator.ch\/en\/general\/2017-03-09\/1609-2\/#primaryimage"},"thumbnailUrl":"https:\/\/www.organisator.ch\/wp-content\/uploads\/2017\/03\/Heiniger-AG-gewinnt-den-Prix-SVC-Espace-Mittelland-2017-org-organisator-scaled.jpg","keywords":["Prix SVC Espace Mittelland","Unternehmen","Veranstaltungen","Vermischtes"],"articleSection":["Allgemein"],"inLanguage":"it-IT"},{"@type":"WebPage","@id":"https:\/\/www.organisator.ch\/en\/general\/2017-03-09\/1609-2\/","url":"https:\/\/www.organisator.ch\/en\/general\/2017-03-09\/1609-2\/","name":"Heiniger AG vince il Prix SVC Espace Mittelland 2017 - Organizzatore","isPartOf":{"@id":"https:\/\/www.organisator.ch\/#website"},"primaryImageOfPage":{"@id":"https:\/\/www.organisator.ch\/en\/general\/2017-03-09\/1609-2\/#primaryimage"},"image":{"@id":"https:\/\/www.organisator.ch\/en\/general\/2017-03-09\/1609-2\/#primaryimage"},"thumbnailUrl":"https:\/\/www.organisator.ch\/wp-content\/uploads\/2017\/03\/Heiniger-AG-gewinnt-den-Prix-SVC-Espace-Mittelland-2017-org-organisator-scaled.jpg","datePublished":"2017-03-09T10:41:48+00:00","description":"Il vincitore del Prix SVC Espace Mittelland 2017 \u00e8 la Heiniger AG di Herzogenbuchsee, specializzata in prodotti per la tosatura degli animali.","breadcrumb":{"@id":"https:\/\/www.organisator.ch\/en\/general\/2017-03-09\/1609-2\/#breadcrumb"},"inLanguage":"it-IT","potentialAction":[{"@type":"ReadAction","target":["https:\/\/www.organisator.ch\/en\/general\/2017-03-09\/1609-2\/"]}]},{"@type":"ImageObject","inLanguage":"it-IT","@id":"https:\/\/www.organisator.ch\/en\/general\/2017-03-09\/1609-2\/#primaryimage","url":"https:\/\/www.organisator.ch\/wp-content\/uploads\/2017\/03\/Heiniger-AG-gewinnt-den-Prix-SVC-Espace-Mittelland-2017-org-organisator-scaled.jpg","contentUrl":"https:\/\/www.organisator.ch\/wp-content\/uploads\/2017\/03\/Heiniger-AG-gewinnt-den-Prix-SVC-Espace-Mittelland-2017-org-organisator-scaled.jpg","width":2560,"height":1707,"caption":"Die Nominierten des Prix SVC Espace Mittelland 2017, und der Gewinner des ersten Preises, Daniel Heiniger, 3. von rechts, nach der Preisverleihung. (PPR\/Lukas Lehmann)"},{"@type":"BreadcrumbList","@id":"https:\/\/www.organisator.ch\/en\/general\/2017-03-09\/1609-2\/#breadcrumb","itemListElement":[{"@type":"ListItem","position":1,"name":"Home","item":"https:\/\/www.organisator.ch\/"},{"@type":"ListItem","position":2,"name":"Heiniger AG gewinnt den Prix SVC Espace Mittelland 2017"}]},{"@type":"WebSite","@id":"https:\/\/www.organisator.ch\/#website","url":"https:\/\/www.organisator.ch\/","name":"Organizzatore","description":"Competente. Pratico. In 10 numeri all'anno, ORGANISATOR presenta i temi essenziali per i manager delle PMI.","publisher":{"@id":"https:\/\/www.organisator.ch\/#organization"},"potentialAction":[{"@type":"SearchAction","target":{"@type":"EntryPoint","urlTemplate":"https:\/\/www.organisator.ch\/?s={search_term_string}"},"query-input":{"@type":"PropertyValueSpecification","valueRequired":true,"valueName":"search_term_string"}}],"inLanguage":"it-IT"},{"@type":"Organization","@id":"https:\/\/www.organisator.ch\/#organization","name":"Organizzatore","url":"https:\/\/www.organisator.ch\/","logo":{"@type":"ImageObject","inLanguage":"it-IT","@id":"https:\/\/www.organisator.ch\/#\/schema\/logo\/image\/","url":"https:\/\/www.organisator.ch\/wp-content\/uploads\/2022\/01\/Logo_Organisator_Website.png","contentUrl":"https:\/\/www.organisator.ch\/wp-content\/uploads\/2022\/01\/Logo_Organisator_Website.png","width":800,"height":77,"caption":"Organisator"},"image":{"@id":"https:\/\/www.organisator.ch\/#\/schema\/logo\/image\/"},"sameAs":["https:\/\/www.facebook.com\/OrganisatorFachmagazin","https:\/\/www.linkedin.com\/showcase\/organisator-das-magazin-fr-kmu","https:\/\/www.xing.com\/news\/pages\/organisator-ch-695","https:\/\/www.youtube.com\/channel\/UCGP2Sq0iWaZwT3BdIAQFYpw"]},{"@type":"Person","@id":"https:\/\/www.organisator.ch\/#\/schema\/person\/134708ca9321c57b0362cceb7948ffbd","name":"michael.merz","image":{"@type":"ImageObject","inLanguage":"it-IT","@id":"https:\/\/secure.gravatar.com\/avatar\/?s=96&d=mm&r=g","url":"https:\/\/secure.gravatar.com\/avatar\/?s=96&d=mm&r=g","contentUrl":"https:\/\/secure.gravatar.com\/avatar\/?s=96&d=mm&r=g","caption":"michael.merz"},"url":"https:\/\/www.organisator.ch\/it\/author\/michael-merz\/"}]}},"_links":{"self":[{"href":"https:\/\/www.organisator.ch\/it\/wp-json\/wp\/v2\/posts\/1609","targetHints":{"allow":["GET"]}}],"collection":[{"href":"https:\/\/www.organisator.ch\/it\/wp-json\/wp\/v2\/posts"}],"about":[{"href":"https:\/\/www.organisator.ch\/it\/wp-json\/wp\/v2\/types\/post"}],"author":[{"embeddable":true,"href":"https:\/\/www.organisator.ch\/it\/wp-json\/wp\/v2\/users\/5"}],"replies":[{"embeddable":true,"href":"https:\/\/www.organisator.ch\/it\/wp-json\/wp\/v2\/comments?post=1609"}],"version-history":[{"count":0,"href":"https:\/\/www.organisator.ch\/it\/wp-json\/wp\/v2\/posts\/1609\/revisions"}],"wp:featuredmedia":[{"embeddable":true,"href":"https:\/\/www.organisator.ch\/it\/wp-json\/wp\/v2\/media\/1610"}],"wp:attachment":[{"href":"https:\/\/www.organisator.ch\/it\/wp-json\/wp\/v2\/media?parent=1609"}],"wp:term":[{"taxonomy":"category","embeddable":true,"href":"https:\/\/www.organisator.ch\/it\/wp-json\/wp\/v2\/categories?post=1609"},{"taxonomy":"post_tag","embeddable":true,"href":"https:\/\/www.organisator.ch\/it\/wp-json\/wp\/v2\/tags?post=1609"}],"curies":[{"name":"wp","href":"https:\/\/api.w.org\/{rel}","templated":true}]}}