{"id":1621,"date":"2017-03-10T09:19:48","date_gmt":"2017-03-10T08:19:48","guid":{"rendered":"https:\/\/www.organisator.ch\/?p=1621"},"modified":"2017-03-10T09:19:48","modified_gmt":"2017-03-10T08:19:48","slug":"schulterschluss-fuer-familienunternehmen","status":"publish","type":"post","link":"https:\/\/www.organisator.ch\/it\/management\/2017-03-10\/schulterschluss-fuer-familienunternehmen\/","title":{"rendered":"Chiusura dei ranghi per le imprese familiari"},"content":{"rendered":"<figure id=\"attachment_1623\" aria-describedby=\"caption-attachment-1623\" style=\"width: 615px\" class=\"wp-caption alignnone\"><img loading=\"lazy\" decoding=\"async\" class=\"size-full wp-image-1623\" src=\"https:\/\/www.organisator.ch\/wp-content\/uploads\/2017\/03\/Schulterschluss-fuer-Familienunternehmen_Organisator.jpg\" alt=\"\" width=\"615\" height=\"480\" srcset=\"https:\/\/www.organisator.ch\/wp-content\/uploads\/2017\/03\/Schulterschluss-fuer-Familienunternehmen_Organisator.jpg 615w, https:\/\/www.organisator.ch\/wp-content\/uploads\/2017\/03\/Schulterschluss-fuer-Familienunternehmen_Organisator-16x12.jpg 16w, https:\/\/www.organisator.ch\/wp-content\/uploads\/2017\/03\/Schulterschluss-fuer-Familienunternehmen_Organisator-224x175.jpg 224w, https:\/\/www.organisator.ch\/wp-content\/uploads\/2017\/03\/Schulterschluss-fuer-Familienunternehmen_Organisator-448x350.jpg 448w, https:\/\/www.organisator.ch\/wp-content\/uploads\/2017\/03\/Schulterschluss-fuer-Familienunternehmen_Organisator-300x234.jpg 300w\" sizes=\"auto, (max-width: 615px) 100vw, 615px\" \/><figcaption id=\"caption-attachment-1623\" class=\"wp-caption-text\">PwC e l'Accademia INTES offrono alle aziende a conduzione familiare in Svizzera una combinazione unica di consulenza per il proprietario e la strategia aziendale. (Immagine: Fotolia.com)<\/figcaption><\/figure>\n<p><span style=\"font-size: medium;\">L'Accademia INTES \u00e8 considerata il leader del mercato e il primo punto di contatto per la qualificazione intergenerazionale, il networking e la consulenza proprietaria strategica per le imprese familiari e le famiglie imprenditoriali. INTES \u00e8 una societ\u00e0 del gruppo tedesco PwC dal 2013. Come risultato di questa collaborazione di successo e della passione condivisa, anche PwC Svizzera e INTES stanno percorrendo la stessa strada e sviluppando strutture sostenibili per le imprese e le famiglie svizzere. <\/span>INTES porta l'esperienza di quasi due decenni di consulenza alle famiglie proprietarie. PwC pu\u00f2 ora arricchire questo con competenze di alta qualit\u00e0 in materia di revisione contabile, nonch\u00e9 di strategia, gestione, consulenza legale e fiscale, secondo le due societ\u00e0.<\/p>\n<p><span style=\"font-size: medium;\">\"Le aziende a conduzione familiare formano l'economia svizzera. Siamo lieti di lavorare con INTES per sostenere il loro successo in Svizzera. La nostra missione comune \u00e8 quella di rendere queste imprese pi\u00f9 di successo e le famiglie imprenditoriali pi\u00f9 forti\", dice Norbert K\u00fchnis, responsabile delle imprese familiari e delle PMI di PwC Svizzera. <\/span>Il dottor Dominik von Au, amministratore delegato dell'Accademia INTES per le imprese familiari, aggiunge: \"INTES sostiene le imprese familiari nel raggiungimento di una governance familiare e aziendale sostenibile attraverso una chiara strategia proprietaria. PwC rende le imprese familiari ancora migliori. INTES rende le famiglie proprietarie ancora pi\u00f9 forti. Non vediamo l'ora di sviluppare soluzioni sostenibili per le imprese e le famiglie in Svizzera insieme a PwC Svizzera e ai suoi esperti\".<\/p>\n<p><em>Fonte: <a href=\"http:\/\/www.pwc.ch\">www.pwc.ch<\/a><\/em><\/p>\n<p>&nbsp;<\/p>","protected":false},"excerpt":{"rendered":"<p>Die INTES Akademie gilt als Marktf\u00fchrer und erster Ansprechpartner f\u00fcr die generations\u00fcbergreifende Qualifizierung, Vernetzung und inhaberstrategische Beratung von Familienunternehmen und Unternehmerfamilien. Seit 2013 ist INTES ein Unternehmen der deutschen PwC-Gruppe. Aufgrund dieser erfolgreichen Zusammenarbeit und der gemeinsamen Leidenschaft gehen nun auch PwC Schweiz und INTES gemeinsame Wege und entwickeln zukunftsf\u00e4hige Strukturen f\u00fcr Schweizer Unternehmen und [&hellip;]<\/p>\n","protected":false},"author":4,"featured_media":1623,"comment_status":"open","ping_status":"open","sticky":false,"template":"","format":"standard","meta":{"_acf_changed":false,"_yoast_wpseo_focuskw":"Familienunternehmen","_yoast_wpseo_metadesc":"PwC Schweiz und die INTES Akademie f\u00fcr Familienunternehmen spannen zusammen. Gemeinsam bieten sie Schweizer Familienunternehmen ihre Beratungsprodukte an.","articlekey":"","footnotes":""},"categories":[28],"tags":[196,335,492,496],"class_list":["post-1621","post","type-post","status-publish","format-standard","has-post-thumbnail","hentry","category-management","tag-familienunternehmen","tag-management-und-unternehmensfuehrung","tag-unternehmen","tag-unternehmensfuehrung"],"acf":[],"yoast_head":"<!-- This site is optimized with the Yoast SEO plugin v27.4 - https:\/\/yoast.com\/product\/yoast-seo-wordpress\/ -->\n<title>Schulterschluss f\u00fcr Familienunternehmen - Organisator<\/title>\n<meta name=\"description\" content=\"PwC Schweiz und die INTES Akademie f\u00fcr Familienunternehmen spannen zusammen. Gemeinsam bieten sie Schweizer Familienunternehmen ihre Beratungsprodukte an.\" \/>\n<meta name=\"robots\" content=\"index, follow, max-snippet:-1, max-image-preview:large, max-video-preview:-1\" \/>\n<link rel=\"canonical\" href=\"https:\/\/www.organisator.ch\/it\/gestione-2\/2017-03-10\/schulterschluss-fuer-familienunternehmen\/\" \/>\n<meta property=\"og:locale\" content=\"it_IT\" \/>\n<meta property=\"og:type\" content=\"article\" \/>\n<meta property=\"og:title\" content=\"Schulterschluss f\u00fcr Familienunternehmen\" \/>\n<meta property=\"og:description\" content=\"#PwCSchweiz und die #INTES Akademie f\u00fcr #Familienunternehmen spannen zusammen. Gemeinsam bieten sie familiengef\u00fchrten Unternehmen in der Schweiz eine einzigartige Kombination aus inhaber- und unternehmensstrategischer Beratung.\" \/>\n<meta property=\"og:url\" content=\"https:\/\/www.organisator.ch\/it\/gestione-2\/2017-03-10\/schulterschluss-fuer-familienunternehmen\/\" \/>\n<meta property=\"og:site_name\" content=\"Organisator\" \/>\n<meta property=\"article:publisher\" content=\"https:\/\/www.facebook.com\/OrganisatorFachmagazin\" \/>\n<meta property=\"article:published_time\" content=\"2017-03-10T08:19:48+00:00\" \/>\n<meta property=\"og:image\" content=\"https:\/\/www.organisator.ch\/wp-content\/uploads\/2017\/03\/Schulterschluss-fuer-Familienunternehmen_Organisator.jpg\" \/>\n\t<meta property=\"og:image:width\" content=\"615\" \/>\n\t<meta property=\"og:image:height\" content=\"480\" \/>\n\t<meta property=\"og:image:type\" content=\"image\/jpeg\" \/>\n<meta name=\"author\" content=\"thomas.berner\" \/>\n<meta name=\"twitter:card\" content=\"summary_large_image\" \/>\n<script type=\"application\/ld+json\" class=\"yoast-schema-graph\">{\"@context\":\"https:\\\/\\\/schema.org\",\"@graph\":[{\"@type\":\"Article\",\"@id\":\"https:\\\/\\\/www.organisator.ch\\\/management\\\/2017-03-10\\\/schulterschluss-fuer-familienunternehmen\\\/#article\",\"isPartOf\":{\"@id\":\"https:\\\/\\\/www.organisator.ch\\\/management\\\/2017-03-10\\\/schulterschluss-fuer-familienunternehmen\\\/\"},\"author\":{\"name\":\"thomas.berner\",\"@id\":\"https:\\\/\\\/www.organisator.ch\\\/#\\\/schema\\\/person\\\/6f650f90b2842cd4c0cc334b4e36f67e\"},\"headline\":\"Schulterschluss f\u00fcr Familienunternehmen\",\"datePublished\":\"2017-03-10T08:19:48+00:00\",\"mainEntityOfPage\":{\"@id\":\"https:\\\/\\\/www.organisator.ch\\\/management\\\/2017-03-10\\\/schulterschluss-fuer-familienunternehmen\\\/\"},\"wordCount\":251,\"commentCount\":0,\"publisher\":{\"@id\":\"https:\\\/\\\/www.organisator.ch\\\/#organization\"},\"image\":{\"@id\":\"https:\\\/\\\/www.organisator.ch\\\/management\\\/2017-03-10\\\/schulterschluss-fuer-familienunternehmen\\\/#primaryimage\"},\"thumbnailUrl\":\"https:\\\/\\\/www.organisator.ch\\\/wp-content\\\/uploads\\\/2017\\\/03\\\/Schulterschluss-fuer-Familienunternehmen_Organisator.jpg\",\"keywords\":[\"Familienunternehmen\",\"Management und Unternehmensf\u00fchrung\",\"Unternehmen\",\"Unternehmensf\u00fchrung\"],\"articleSection\":[\"MANAGEMENT\"],\"inLanguage\":\"it-IT\"},{\"@type\":\"WebPage\",\"@id\":\"https:\\\/\\\/www.organisator.ch\\\/management\\\/2017-03-10\\\/schulterschluss-fuer-familienunternehmen\\\/\",\"url\":\"https:\\\/\\\/www.organisator.ch\\\/management\\\/2017-03-10\\\/schulterschluss-fuer-familienunternehmen\\\/\",\"name\":\"Schulterschluss f\u00fcr Familienunternehmen - Organisator\",\"isPartOf\":{\"@id\":\"https:\\\/\\\/www.organisator.ch\\\/#website\"},\"primaryImageOfPage\":{\"@id\":\"https:\\\/\\\/www.organisator.ch\\\/management\\\/2017-03-10\\\/schulterschluss-fuer-familienunternehmen\\\/#primaryimage\"},\"image\":{\"@id\":\"https:\\\/\\\/www.organisator.ch\\\/management\\\/2017-03-10\\\/schulterschluss-fuer-familienunternehmen\\\/#primaryimage\"},\"thumbnailUrl\":\"https:\\\/\\\/www.organisator.ch\\\/wp-content\\\/uploads\\\/2017\\\/03\\\/Schulterschluss-fuer-Familienunternehmen_Organisator.jpg\",\"datePublished\":\"2017-03-10T08:19:48+00:00\",\"description\":\"PwC Schweiz und die INTES Akademie f\u00fcr Familienunternehmen spannen zusammen. Gemeinsam bieten sie Schweizer Familienunternehmen ihre Beratungsprodukte an.\",\"breadcrumb\":{\"@id\":\"https:\\\/\\\/www.organisator.ch\\\/management\\\/2017-03-10\\\/schulterschluss-fuer-familienunternehmen\\\/#breadcrumb\"},\"inLanguage\":\"it-IT\",\"potentialAction\":[{\"@type\":\"ReadAction\",\"target\":[\"https:\\\/\\\/www.organisator.ch\\\/management\\\/2017-03-10\\\/schulterschluss-fuer-familienunternehmen\\\/\"]}]},{\"@type\":\"ImageObject\",\"inLanguage\":\"it-IT\",\"@id\":\"https:\\\/\\\/www.organisator.ch\\\/management\\\/2017-03-10\\\/schulterschluss-fuer-familienunternehmen\\\/#primaryimage\",\"url\":\"https:\\\/\\\/www.organisator.ch\\\/wp-content\\\/uploads\\\/2017\\\/03\\\/Schulterschluss-fuer-Familienunternehmen_Organisator.jpg\",\"contentUrl\":\"https:\\\/\\\/www.organisator.ch\\\/wp-content\\\/uploads\\\/2017\\\/03\\\/Schulterschluss-fuer-Familienunternehmen_Organisator.jpg\",\"width\":615,\"height\":480,\"caption\":\"PwC und die INTES Akademie bieten familiengef\u00fchrten Unternehmen in der Schweiz eine einzigartige Kombination aus inhaber- und unternehmensstrategischer Beratung. (Bild: Fotolia.com)\"},{\"@type\":\"BreadcrumbList\",\"@id\":\"https:\\\/\\\/www.organisator.ch\\\/management\\\/2017-03-10\\\/schulterschluss-fuer-familienunternehmen\\\/#breadcrumb\",\"itemListElement\":[{\"@type\":\"ListItem\",\"position\":1,\"name\":\"Home\",\"item\":\"https:\\\/\\\/www.organisator.ch\\\/\"},{\"@type\":\"ListItem\",\"position\":2,\"name\":\"Schulterschluss f\u00fcr Familienunternehmen\"}]},{\"@type\":\"WebSite\",\"@id\":\"https:\\\/\\\/www.organisator.ch\\\/#website\",\"url\":\"https:\\\/\\\/www.organisator.ch\\\/\",\"name\":\"Organisator\",\"description\":\"Kompetent. Praxisnah. Der ORGANISATOR bereitet in 10 Ausgaben pro Jahr die wesentlichen Themen f\u00fcr F\u00fchrungskr\u00e4fte von KMU auf.\",\"publisher\":{\"@id\":\"https:\\\/\\\/www.organisator.ch\\\/#organization\"},\"potentialAction\":[{\"@type\":\"SearchAction\",\"target\":{\"@type\":\"EntryPoint\",\"urlTemplate\":\"https:\\\/\\\/www.organisator.ch\\\/?s={search_term_string}\"},\"query-input\":{\"@type\":\"PropertyValueSpecification\",\"valueRequired\":true,\"valueName\":\"search_term_string\"}}],\"inLanguage\":\"it-IT\"},{\"@type\":\"Organization\",\"@id\":\"https:\\\/\\\/www.organisator.ch\\\/#organization\",\"name\":\"Organisator\",\"url\":\"https:\\\/\\\/www.organisator.ch\\\/\",\"logo\":{\"@type\":\"ImageObject\",\"inLanguage\":\"it-IT\",\"@id\":\"https:\\\/\\\/www.organisator.ch\\\/#\\\/schema\\\/logo\\\/image\\\/\",\"url\":\"https:\\\/\\\/www.organisator.ch\\\/wp-content\\\/uploads\\\/2022\\\/01\\\/Logo_Organisator_Website.png\",\"contentUrl\":\"https:\\\/\\\/www.organisator.ch\\\/wp-content\\\/uploads\\\/2022\\\/01\\\/Logo_Organisator_Website.png\",\"width\":800,\"height\":77,\"caption\":\"Organisator\"},\"image\":{\"@id\":\"https:\\\/\\\/www.organisator.ch\\\/#\\\/schema\\\/logo\\\/image\\\/\"},\"sameAs\":[\"https:\\\/\\\/www.facebook.com\\\/OrganisatorFachmagazin\",\"https:\\\/\\\/www.linkedin.com\\\/showcase\\\/organisator-das-magazin-fr-kmu\",\"https:\\\/\\\/www.xing.com\\\/news\\\/pages\\\/organisator-ch-695\",\"https:\\\/\\\/www.youtube.com\\\/channel\\\/UCGP2Sq0iWaZwT3BdIAQFYpw\"]},{\"@type\":\"Person\",\"@id\":\"https:\\\/\\\/www.organisator.ch\\\/#\\\/schema\\\/person\\\/6f650f90b2842cd4c0cc334b4e36f67e\",\"name\":\"thomas.berner\",\"image\":{\"@type\":\"ImageObject\",\"inLanguage\":\"it-IT\",\"@id\":\"https:\\\/\\\/secure.gravatar.com\\\/avatar\\\/ac5001d2a36cb6c6cd3e50789007ffca834b477b74a2144564522e944eabff61?s=96&d=mm&r=g\",\"url\":\"https:\\\/\\\/secure.gravatar.com\\\/avatar\\\/ac5001d2a36cb6c6cd3e50789007ffca834b477b74a2144564522e944eabff61?s=96&d=mm&r=g\",\"contentUrl\":\"https:\\\/\\\/secure.gravatar.com\\\/avatar\\\/ac5001d2a36cb6c6cd3e50789007ffca834b477b74a2144564522e944eabff61?s=96&d=mm&r=g\",\"caption\":\"thomas.berner\"},\"url\":\"https:\\\/\\\/www.organisator.ch\\\/it\\\/author\\\/thomas-berner\\\/\"}]}<\/script>\n<!-- \/ Yoast SEO plugin. -->","yoast_head_json":{"title":"Chiusura dei ranghi per le imprese familiari - Organizzatore","description":"PwC Svizzera e l'INTES Academy for Family Businesses uniscono le forze. Insieme, offrono i loro prodotti di consulenza alle imprese familiari svizzere.","robots":{"index":"index","follow":"follow","max-snippet":"max-snippet:-1","max-image-preview":"max-image-preview:large","max-video-preview":"max-video-preview:-1"},"canonical":"https:\/\/www.organisator.ch\/it\/gestione-2\/2017-03-10\/schulterschluss-fuer-familienunternehmen\/","og_locale":"it_IT","og_type":"article","og_title":"Schulterschluss f\u00fcr Familienunternehmen","og_description":"#PwCSchweiz und die #INTES Akademie f\u00fcr #Familienunternehmen spannen zusammen. Gemeinsam bieten sie familiengef\u00fchrten Unternehmen in der Schweiz eine einzigartige Kombination aus inhaber- und unternehmensstrategischer Beratung.","og_url":"https:\/\/www.organisator.ch\/it\/gestione-2\/2017-03-10\/schulterschluss-fuer-familienunternehmen\/","og_site_name":"Organisator","article_publisher":"https:\/\/www.facebook.com\/OrganisatorFachmagazin","article_published_time":"2017-03-10T08:19:48+00:00","og_image":[{"width":615,"height":480,"url":"https:\/\/www.organisator.ch\/wp-content\/uploads\/2017\/03\/Schulterschluss-fuer-Familienunternehmen_Organisator.jpg","type":"image\/jpeg"}],"author":"thomas.berner","twitter_card":"summary_large_image","schema":{"@context":"https:\/\/schema.org","@graph":[{"@type":"Article","@id":"https:\/\/www.organisator.ch\/management\/2017-03-10\/schulterschluss-fuer-familienunternehmen\/#article","isPartOf":{"@id":"https:\/\/www.organisator.ch\/management\/2017-03-10\/schulterschluss-fuer-familienunternehmen\/"},"author":{"name":"thomas.berner","@id":"https:\/\/www.organisator.ch\/#\/schema\/person\/6f650f90b2842cd4c0cc334b4e36f67e"},"headline":"Schulterschluss f\u00fcr Familienunternehmen","datePublished":"2017-03-10T08:19:48+00:00","mainEntityOfPage":{"@id":"https:\/\/www.organisator.ch\/management\/2017-03-10\/schulterschluss-fuer-familienunternehmen\/"},"wordCount":251,"commentCount":0,"publisher":{"@id":"https:\/\/www.organisator.ch\/#organization"},"image":{"@id":"https:\/\/www.organisator.ch\/management\/2017-03-10\/schulterschluss-fuer-familienunternehmen\/#primaryimage"},"thumbnailUrl":"https:\/\/www.organisator.ch\/wp-content\/uploads\/2017\/03\/Schulterschluss-fuer-Familienunternehmen_Organisator.jpg","keywords":["Familienunternehmen","Management und Unternehmensf\u00fchrung","Unternehmen","Unternehmensf\u00fchrung"],"articleSection":["MANAGEMENT"],"inLanguage":"it-IT"},{"@type":"WebPage","@id":"https:\/\/www.organisator.ch\/management\/2017-03-10\/schulterschluss-fuer-familienunternehmen\/","url":"https:\/\/www.organisator.ch\/management\/2017-03-10\/schulterschluss-fuer-familienunternehmen\/","name":"Chiusura dei ranghi per le imprese familiari - Organizzatore","isPartOf":{"@id":"https:\/\/www.organisator.ch\/#website"},"primaryImageOfPage":{"@id":"https:\/\/www.organisator.ch\/management\/2017-03-10\/schulterschluss-fuer-familienunternehmen\/#primaryimage"},"image":{"@id":"https:\/\/www.organisator.ch\/management\/2017-03-10\/schulterschluss-fuer-familienunternehmen\/#primaryimage"},"thumbnailUrl":"https:\/\/www.organisator.ch\/wp-content\/uploads\/2017\/03\/Schulterschluss-fuer-Familienunternehmen_Organisator.jpg","datePublished":"2017-03-10T08:19:48+00:00","description":"PwC Svizzera e l'INTES Academy for Family Businesses uniscono le forze. Insieme, offrono i loro prodotti di consulenza alle imprese familiari svizzere.","breadcrumb":{"@id":"https:\/\/www.organisator.ch\/management\/2017-03-10\/schulterschluss-fuer-familienunternehmen\/#breadcrumb"},"inLanguage":"it-IT","potentialAction":[{"@type":"ReadAction","target":["https:\/\/www.organisator.ch\/management\/2017-03-10\/schulterschluss-fuer-familienunternehmen\/"]}]},{"@type":"ImageObject","inLanguage":"it-IT","@id":"https:\/\/www.organisator.ch\/management\/2017-03-10\/schulterschluss-fuer-familienunternehmen\/#primaryimage","url":"https:\/\/www.organisator.ch\/wp-content\/uploads\/2017\/03\/Schulterschluss-fuer-Familienunternehmen_Organisator.jpg","contentUrl":"https:\/\/www.organisator.ch\/wp-content\/uploads\/2017\/03\/Schulterschluss-fuer-Familienunternehmen_Organisator.jpg","width":615,"height":480,"caption":"PwC und die INTES Akademie bieten familiengef\u00fchrten Unternehmen in der Schweiz eine einzigartige Kombination aus inhaber- und unternehmensstrategischer Beratung. (Bild: Fotolia.com)"},{"@type":"BreadcrumbList","@id":"https:\/\/www.organisator.ch\/management\/2017-03-10\/schulterschluss-fuer-familienunternehmen\/#breadcrumb","itemListElement":[{"@type":"ListItem","position":1,"name":"Home","item":"https:\/\/www.organisator.ch\/"},{"@type":"ListItem","position":2,"name":"Schulterschluss f\u00fcr Familienunternehmen"}]},{"@type":"WebSite","@id":"https:\/\/www.organisator.ch\/#website","url":"https:\/\/www.organisator.ch\/","name":"Organizzatore","description":"Competente. Pratico. In 10 numeri all'anno, ORGANISATOR presenta i temi essenziali per i manager delle PMI.","publisher":{"@id":"https:\/\/www.organisator.ch\/#organization"},"potentialAction":[{"@type":"SearchAction","target":{"@type":"EntryPoint","urlTemplate":"https:\/\/www.organisator.ch\/?s={search_term_string}"},"query-input":{"@type":"PropertyValueSpecification","valueRequired":true,"valueName":"search_term_string"}}],"inLanguage":"it-IT"},{"@type":"Organization","@id":"https:\/\/www.organisator.ch\/#organization","name":"Organizzatore","url":"https:\/\/www.organisator.ch\/","logo":{"@type":"ImageObject","inLanguage":"it-IT","@id":"https:\/\/www.organisator.ch\/#\/schema\/logo\/image\/","url":"https:\/\/www.organisator.ch\/wp-content\/uploads\/2022\/01\/Logo_Organisator_Website.png","contentUrl":"https:\/\/www.organisator.ch\/wp-content\/uploads\/2022\/01\/Logo_Organisator_Website.png","width":800,"height":77,"caption":"Organisator"},"image":{"@id":"https:\/\/www.organisator.ch\/#\/schema\/logo\/image\/"},"sameAs":["https:\/\/www.facebook.com\/OrganisatorFachmagazin","https:\/\/www.linkedin.com\/showcase\/organisator-das-magazin-fr-kmu","https:\/\/www.xing.com\/news\/pages\/organisator-ch-695","https:\/\/www.youtube.com\/channel\/UCGP2Sq0iWaZwT3BdIAQFYpw"]},{"@type":"Person","@id":"https:\/\/www.organisator.ch\/#\/schema\/person\/6f650f90b2842cd4c0cc334b4e36f67e","name":"Tommaso.berner","image":{"@type":"ImageObject","inLanguage":"it-IT","@id":"https:\/\/secure.gravatar.com\/avatar\/ac5001d2a36cb6c6cd3e50789007ffca834b477b74a2144564522e944eabff61?s=96&d=mm&r=g","url":"https:\/\/secure.gravatar.com\/avatar\/ac5001d2a36cb6c6cd3e50789007ffca834b477b74a2144564522e944eabff61?s=96&d=mm&r=g","contentUrl":"https:\/\/secure.gravatar.com\/avatar\/ac5001d2a36cb6c6cd3e50789007ffca834b477b74a2144564522e944eabff61?s=96&d=mm&r=g","caption":"thomas.berner"},"url":"https:\/\/www.organisator.ch\/it\/author\/thomas-berner\/"}]}},"_links":{"self":[{"href":"https:\/\/www.organisator.ch\/it\/wp-json\/wp\/v2\/posts\/1621","targetHints":{"allow":["GET"]}}],"collection":[{"href":"https:\/\/www.organisator.ch\/it\/wp-json\/wp\/v2\/posts"}],"about":[{"href":"https:\/\/www.organisator.ch\/it\/wp-json\/wp\/v2\/types\/post"}],"author":[{"embeddable":true,"href":"https:\/\/www.organisator.ch\/it\/wp-json\/wp\/v2\/users\/4"}],"replies":[{"embeddable":true,"href":"https:\/\/www.organisator.ch\/it\/wp-json\/wp\/v2\/comments?post=1621"}],"version-history":[{"count":0,"href":"https:\/\/www.organisator.ch\/it\/wp-json\/wp\/v2\/posts\/1621\/revisions"}],"wp:featuredmedia":[{"embeddable":true,"href":"https:\/\/www.organisator.ch\/it\/wp-json\/wp\/v2\/media\/1623"}],"wp:attachment":[{"href":"https:\/\/www.organisator.ch\/it\/wp-json\/wp\/v2\/media?parent=1621"}],"wp:term":[{"taxonomy":"category","embeddable":true,"href":"https:\/\/www.organisator.ch\/it\/wp-json\/wp\/v2\/categories?post=1621"},{"taxonomy":"post_tag","embeddable":true,"href":"https:\/\/www.organisator.ch\/it\/wp-json\/wp\/v2\/tags?post=1621"}],"curies":[{"name":"wp","href":"https:\/\/api.w.org\/{rel}","templated":true}]}}