{"id":16329,"date":"2022-08-03T11:55:27","date_gmt":"2022-08-03T09:55:27","guid":{"rendered":"https:\/\/www.organisator.ch\/?p=16329"},"modified":"2022-08-03T11:55:27","modified_gmt":"2022-08-03T09:55:27","slug":"swiss-detail-trade-riporta-perdite-nel-primo-meta-del-2022","status":"publish","type":"post","link":"https:\/\/www.organisator.ch\/it\/allgemein\/2022-08-03\/schweizer-detailhandel-verzeichnet-im-ersten-halbjahr-2022-einbussen\/","title":{"rendered":"Il commercio al dettaglio svizzero registra perdite nel primo semestre del 2022"},"content":{"rendered":"<figure id=\"attachment_16330\" aria-describedby=\"caption-attachment-16330\" style=\"width: 680px\" class=\"wp-caption alignnone\"><img loading=\"lazy\" decoding=\"async\" class=\"size-full wp-image-16330\" src=\"https:\/\/www.organisator.ch\/wp-content\/uploads\/2022\/08\/Schweizer-Detailhandel-verzeichnet-im-ersten-Halbjahr-2022-Einbussen_Organisator.jpg\" alt=\"\" width=\"680\" height=\"441\" srcset=\"https:\/\/www.organisator.ch\/wp-content\/uploads\/2022\/08\/Schweizer-Detailhandel-verzeichnet-im-ersten-Halbjahr-2022-Einbussen_Organisator.jpg 680w, https:\/\/www.organisator.ch\/wp-content\/uploads\/2022\/08\/Schweizer-Detailhandel-verzeichnet-im-ersten-Halbjahr-2022-Einbussen_Organisator-18x12.jpg 18w, https:\/\/www.organisator.ch\/wp-content\/uploads\/2022\/08\/Schweizer-Detailhandel-verzeichnet-im-ersten-Halbjahr-2022-Einbussen_Organisator-270x175.jpg 270w, https:\/\/www.organisator.ch\/wp-content\/uploads\/2022\/08\/Schweizer-Detailhandel-verzeichnet-im-ersten-Halbjahr-2022-Einbussen_Organisator-540x350.jpg 540w, https:\/\/www.organisator.ch\/wp-content\/uploads\/2022\/08\/Schweizer-Detailhandel-verzeichnet-im-ersten-Halbjahr-2022-Einbussen_Organisator-300x195.jpg 300w\" sizes=\"auto, (max-width: 680px) 100vw, 680px\" \/><figcaption id=\"caption-attachment-16330\" class=\"wp-caption-text\">Il commercio al dettaglio svizzero \u00e8 in declino? I dati relativi al primo semestre dell'anno sono piuttosto contrastanti. (Immagine: GfK)<\/figcaption><\/figure>\n<p>Il commercio al dettaglio svizzero pu\u00f2 guardare al primo semestre del 2022 con un bilancio contrastante. Secondo il GfK Market Monitor, il segmento non alimentare ha registrato un calo nel primo semestre del 2022 ed \u00e8 inferiore del 3,0% rispetto al risultato positivo a due cifre dell'anno precedente, che era stato influenzato dalla crisi di Corona. Anche i prodotti alimentari\/quasi-alimentari sono diminuiti del 7,4%. Il risultato del settore non alimentare, ancora influenzato dalle chiusure e riaperture dello scorso anno per i negozi e i prodotti non durevoli, ha subito perdite particolarmente pesanti a marzo e aprile (le riaperture dello scorso anno il 1\u00b0 marzo 2021 hanno portato a depositi particolarmente elevati). Nei mesi di maggio e giugno 2022 si pu\u00f2 notare un livellamento in questo senso.<\/p>\n<h3>Diversi sviluppi nel commercio al dettaglio svizzero<\/h3>\n<p>Tuttavia, i seguenti mercati hanno registrato una crescita nella prima met\u00e0 del 2022: ad esempio, il segmento del tempo libero continua a crescere, e nello sport le tavole elettroniche si distinguono in modo particolarmente positivo. Sono di tendenza anche gruppi di prodotti come l'alimentazione sportiva, gli occhiali sportivi, gli articoli da campeggio e, su un periodo pi\u00f9 lungo, le biciclette elettriche. Inoltre, l'aumento dell'attivit\u00e0 di viaggio continua a guidare la ripresa del gruppo di prodotti \"valigeria\". Chiaramente in testa in termini di crescita cumulativa, il mercato della moda sta registrando una crescita significativa nella prima met\u00e0 del 2022 e continua a recuperare in tutti i settori.<\/p>\n<p>Il mercato dell'arredamento e del fai-da-te, invece, sono in calo a partire dalla fine di giugno 2022. Anche l'elettronica domestica \u00e8 in calo. I mesi pi\u00f9 colpiti sono stati marzo e aprile, mentre per maggio e giugno 2022 si nota gi\u00e0 una stabilizzazione. La maggiore saturazione \u00e8 evidente nei telefoni cellulari, sempre pi\u00f9 spesso a causa di colli di bottiglia nella disponibilit\u00e0, soprattutto per i dispositivi di lusso. La saturazione \u00e8 ancora evidente in alcuni dei top performer degli anni precedenti, come le console per videogiochi e i televisori a schermo piatto. Tuttavia, alcuni gruppi di prodotti hanno attualmente maggiori probabilit\u00e0 di essere in eccesso di scorte, il che comporta una maggiore pressione sui prezzi. Favorito dall'aumento dell'attivit\u00e0 di viaggio, il settore fotografico sta registrando una crescita. Gli acquisti online sono in calo rispetto ai risultati elevati dell'anno precedente e sono diminuiti dell'8% cumulativamente a partire dalla prima met\u00e0 del 2022.<\/p>\n<h3>Previsioni economiche contenute<\/h3>\n<p>Le previsioni economiche sono meno buone dell'ultima volta. Il gruppo di esperti GfK abbassa le previsioni di crescita per la Svizzera nel 2022 al 2,6% e nel 2023 all'1,9% (PIL corretto per gli eventi). Secondo il gruppo di esperti, l'economia svizzera ha iniziato l'anno 2022 con una nota positiva, ma le prospettive del contesto internazionale si sono offuscate. Secondo il gruppo di esperti, i rischi per l'economia globale derivano in particolare dalla guerra in Ucraina e dagli sviluppi in Cina. L'Ufficio federale di statistica prevede inoltre un'inflazione annua del 2,5% per il 2022 e dell'1,4% per il 2023. D'altra parte, gli sviluppi del mercato del lavoro continuano a essere positivi: per il 2022 si prevede un tasso di disoccupazione medio del 2,1%; per il 2023, l'Ufficio federale di statistica (UST) prevede un tasso di disoccupazione medio del 2,0%.<\/p>\n<p><em>Fonte e ulteriori informazioni: <a href=\"http:\/\/www.gfk.com\/de-ch\">GfK<\/a><\/em><\/p>","protected":false},"excerpt":{"rendered":"<p>Der Schweizer Detailhandel blickt auf ein durchzogenes erstes Halbjahr 2022 zur\u00fcck. Der Bereich Non Food verzeichnet gem\u00e4ss GfK Markt Monitor im ersten Halbjahr 2022 einen R\u00fcckgang und liegt 3.0 Prozent unter dem durch die Corona-Krise gepr\u00e4gten positiven zweistelligen Vorjahresergebnis. Food-\/ Nearfood verl\u00e4uft ebenfalls r\u00fcckl\u00e4ufig mit minus 7.4 Prozent. Das Non Food Ergebnis erlitt, noch immer [&hellip;]<\/p>\n","protected":false},"author":4,"featured_media":16330,"comment_status":"closed","ping_status":"closed","sticky":false,"template":"","format":"standard","meta":{"_acf_changed":false,"_yoast_wpseo_focuskw":"Schweizer Detailhandel","_yoast_wpseo_metadesc":"Der GfK Markt Monitor zum Schweizer Detailhandel entwickelt sich zum ersten Halbjahr 2022 r\u00fcckl\u00e4ufig mit einem Minus von 5.7 Prozent.","articlekey":"","footnotes":""},"categories":[1],"tags":[149,310,508],"class_list":["post-16329","post","type-post","status-publish","format-standard","has-post-thumbnail","hentry","category-allgemein","tag-detailhandel","tag-konjunktur","tag-vermischtes"],"acf":[],"yoast_head":"<!-- This site is optimized with the Yoast SEO plugin v27.4 - https:\/\/yoast.com\/product\/yoast-seo-wordpress\/ -->\n<title>Schweizer Detailhandel verzeichnet im ersten Halbjahr 2022 Einbussen - Organisator<\/title>\n<meta name=\"description\" content=\"Der GfK Markt Monitor zum Schweizer Detailhandel entwickelt sich zum ersten Halbjahr 2022 r\u00fcckl\u00e4ufig mit einem Minus von 5.7 Prozent.\" \/>\n<meta name=\"robots\" content=\"index, follow, max-snippet:-1, max-image-preview:large, max-video-preview:-1\" \/>\n<link rel=\"canonical\" href=\"https:\/\/www.organisator.ch\/it\/generale\/2022-08-03\/swiss-detail-trade-riporta-perdite-nel-primo-meta-del-2022\/\" \/>\n<meta property=\"og:locale\" content=\"it_IT\" \/>\n<meta property=\"og:type\" content=\"article\" \/>\n<meta property=\"og:title\" content=\"Schweizer Detailhandel verzeichnet im ersten Halbjahr 2022 Einbussen\" \/>\n<meta property=\"og:description\" content=\"Der GfK Markt Monitor zum Schweizer Detailhandel entwickelt sich zum ersten Halbjahr 2022 r\u00fcckl\u00e4ufig mit einem Minus von 5.7 Prozent.\" \/>\n<meta property=\"og:url\" content=\"https:\/\/www.organisator.ch\/it\/generale\/2022-08-03\/swiss-detail-trade-riporta-perdite-nel-primo-meta-del-2022\/\" \/>\n<meta property=\"og:site_name\" content=\"Organisator\" \/>\n<meta property=\"article:publisher\" content=\"https:\/\/www.facebook.com\/OrganisatorFachmagazin\" \/>\n<meta property=\"article:published_time\" content=\"2022-08-03T09:55:27+00:00\" \/>\n<meta property=\"og:image\" content=\"https:\/\/www.organisator.ch\/wp-content\/uploads\/2022\/08\/Schweizer-Detailhandel-verzeichnet-im-ersten-Halbjahr-2022-Einbussen_Organisator.jpg\" \/>\n\t<meta property=\"og:image:width\" content=\"680\" \/>\n\t<meta property=\"og:image:height\" content=\"441\" \/>\n\t<meta property=\"og:image:type\" content=\"image\/jpeg\" \/>\n<meta name=\"author\" content=\"thomas.berner\" \/>\n<meta name=\"twitter:card\" content=\"summary_large_image\" \/>\n<meta name=\"twitter:title\" content=\"Schweizer #Detailhandel verzeichnet im ersten Halbjahr 2022 #Einbussen\" \/>\n<meta name=\"twitter:description\" content=\"Der #GfK Markt Monitor zum Schweizer #Detailhandel entwickelt sich zum ersten Halbjahr 2022 r\u00fcckl\u00e4ufig mit einem Minus von 5.7 Prozent.\" \/>\n<meta name=\"twitter:image\" content=\"https:\/\/www.organisator.ch\/wp-content\/uploads\/2022\/08\/Schweizer-Detailhandel-verzeichnet-im-ersten-Halbjahr-2022-Einbussen_Organisator.jpg\" \/>\n<script type=\"application\/ld+json\" class=\"yoast-schema-graph\">{\"@context\":\"https:\\\/\\\/schema.org\",\"@graph\":[{\"@type\":\"Article\",\"@id\":\"https:\\\/\\\/www.organisator.ch\\\/it\\\/generale\\\/2022-08-03\\\/swiss-detail-trade-riporta-perdite-nel-primo-meta-del-2022\\\/#article\",\"isPartOf\":{\"@id\":\"https:\\\/\\\/www.organisator.ch\\\/it\\\/generale\\\/2022-08-03\\\/swiss-detail-trade-riporta-perdite-nel-primo-meta-del-2022\\\/\"},\"author\":{\"name\":\"thomas.berner\",\"@id\":\"https:\\\/\\\/www.organisator.ch\\\/#\\\/schema\\\/person\\\/6f650f90b2842cd4c0cc334b4e36f67e\"},\"headline\":\"Schweizer Detailhandel verzeichnet im ersten Halbjahr 2022 Einbussen\",\"datePublished\":\"2022-08-03T09:55:27+00:00\",\"mainEntityOfPage\":{\"@id\":\"https:\\\/\\\/www.organisator.ch\\\/it\\\/generale\\\/2022-08-03\\\/swiss-detail-trade-riporta-perdite-nel-primo-meta-del-2022\\\/\"},\"wordCount\":504,\"publisher\":{\"@id\":\"https:\\\/\\\/www.organisator.ch\\\/#organization\"},\"image\":{\"@id\":\"https:\\\/\\\/www.organisator.ch\\\/it\\\/generale\\\/2022-08-03\\\/swiss-detail-trade-riporta-perdite-nel-primo-meta-del-2022\\\/#primaryimage\"},\"thumbnailUrl\":\"https:\\\/\\\/www.organisator.ch\\\/wp-content\\\/uploads\\\/2022\\\/08\\\/Schweizer-Detailhandel-verzeichnet-im-ersten-Halbjahr-2022-Einbussen_Organisator.jpg\",\"keywords\":[\"Detailhandel\",\"Konjunktur\",\"Vermischtes\"],\"articleSection\":[\"Allgemein\"],\"inLanguage\":\"it-IT\"},{\"@type\":\"WebPage\",\"@id\":\"https:\\\/\\\/www.organisator.ch\\\/it\\\/generale\\\/2022-08-03\\\/swiss-detail-trade-riporta-perdite-nel-primo-meta-del-2022\\\/\",\"url\":\"https:\\\/\\\/www.organisator.ch\\\/it\\\/generale\\\/2022-08-03\\\/swiss-detail-trade-riporta-perdite-nel-primo-meta-del-2022\\\/\",\"name\":\"Schweizer Detailhandel verzeichnet im ersten Halbjahr 2022 Einbussen - Organisator\",\"isPartOf\":{\"@id\":\"https:\\\/\\\/www.organisator.ch\\\/#website\"},\"primaryImageOfPage\":{\"@id\":\"https:\\\/\\\/www.organisator.ch\\\/it\\\/generale\\\/2022-08-03\\\/swiss-detail-trade-riporta-perdite-nel-primo-meta-del-2022\\\/#primaryimage\"},\"image\":{\"@id\":\"https:\\\/\\\/www.organisator.ch\\\/it\\\/generale\\\/2022-08-03\\\/swiss-detail-trade-riporta-perdite-nel-primo-meta-del-2022\\\/#primaryimage\"},\"thumbnailUrl\":\"https:\\\/\\\/www.organisator.ch\\\/wp-content\\\/uploads\\\/2022\\\/08\\\/Schweizer-Detailhandel-verzeichnet-im-ersten-Halbjahr-2022-Einbussen_Organisator.jpg\",\"datePublished\":\"2022-08-03T09:55:27+00:00\",\"description\":\"Der GfK Markt Monitor zum Schweizer Detailhandel entwickelt sich zum ersten Halbjahr 2022 r\u00fcckl\u00e4ufig mit einem Minus von 5.7 Prozent.\",\"breadcrumb\":{\"@id\":\"https:\\\/\\\/www.organisator.ch\\\/it\\\/generale\\\/2022-08-03\\\/swiss-detail-trade-riporta-perdite-nel-primo-meta-del-2022\\\/#breadcrumb\"},\"inLanguage\":\"it-IT\",\"potentialAction\":[{\"@type\":\"ReadAction\",\"target\":[\"https:\\\/\\\/www.organisator.ch\\\/it\\\/generale\\\/2022-08-03\\\/swiss-detail-trade-riporta-perdite-nel-primo-meta-del-2022\\\/\"]}]},{\"@type\":\"ImageObject\",\"inLanguage\":\"it-IT\",\"@id\":\"https:\\\/\\\/www.organisator.ch\\\/it\\\/generale\\\/2022-08-03\\\/swiss-detail-trade-riporta-perdite-nel-primo-meta-del-2022\\\/#primaryimage\",\"url\":\"https:\\\/\\\/www.organisator.ch\\\/wp-content\\\/uploads\\\/2022\\\/08\\\/Schweizer-Detailhandel-verzeichnet-im-ersten-Halbjahr-2022-Einbussen_Organisator.jpg\",\"contentUrl\":\"https:\\\/\\\/www.organisator.ch\\\/wp-content\\\/uploads\\\/2022\\\/08\\\/Schweizer-Detailhandel-verzeichnet-im-ersten-Halbjahr-2022-Einbussen_Organisator.jpg\",\"width\":680,\"height\":441,\"caption\":\"Geht es abw\u00e4rts mit dem Schweizer Detailhandel? Die Zahlen des ersten Halbjahrs sind eher durchzogen. (Bild: GfK)\"},{\"@type\":\"BreadcrumbList\",\"@id\":\"https:\\\/\\\/www.organisator.ch\\\/it\\\/generale\\\/2022-08-03\\\/swiss-detail-trade-riporta-perdite-nel-primo-meta-del-2022\\\/#breadcrumb\",\"itemListElement\":[{\"@type\":\"ListItem\",\"position\":1,\"name\":\"Home\",\"item\":\"https:\\\/\\\/www.organisator.ch\\\/\"},{\"@type\":\"ListItem\",\"position\":2,\"name\":\"Schweizer Detailhandel verzeichnet im ersten Halbjahr 2022 Einbussen\"}]},{\"@type\":\"WebSite\",\"@id\":\"https:\\\/\\\/www.organisator.ch\\\/#website\",\"url\":\"https:\\\/\\\/www.organisator.ch\\\/\",\"name\":\"Organisator\",\"description\":\"Kompetent. Praxisnah. Der ORGANISATOR bereitet in 10 Ausgaben pro Jahr die wesentlichen Themen f\u00fcr F\u00fchrungskr\u00e4fte von KMU auf.\",\"publisher\":{\"@id\":\"https:\\\/\\\/www.organisator.ch\\\/#organization\"},\"potentialAction\":[{\"@type\":\"SearchAction\",\"target\":{\"@type\":\"EntryPoint\",\"urlTemplate\":\"https:\\\/\\\/www.organisator.ch\\\/?s={search_term_string}\"},\"query-input\":{\"@type\":\"PropertyValueSpecification\",\"valueRequired\":true,\"valueName\":\"search_term_string\"}}],\"inLanguage\":\"it-IT\"},{\"@type\":\"Organization\",\"@id\":\"https:\\\/\\\/www.organisator.ch\\\/#organization\",\"name\":\"Organisator\",\"url\":\"https:\\\/\\\/www.organisator.ch\\\/\",\"logo\":{\"@type\":\"ImageObject\",\"inLanguage\":\"it-IT\",\"@id\":\"https:\\\/\\\/www.organisator.ch\\\/#\\\/schema\\\/logo\\\/image\\\/\",\"url\":\"https:\\\/\\\/www.organisator.ch\\\/wp-content\\\/uploads\\\/2022\\\/01\\\/Logo_Organisator_Website.png\",\"contentUrl\":\"https:\\\/\\\/www.organisator.ch\\\/wp-content\\\/uploads\\\/2022\\\/01\\\/Logo_Organisator_Website.png\",\"width\":800,\"height\":77,\"caption\":\"Organisator\"},\"image\":{\"@id\":\"https:\\\/\\\/www.organisator.ch\\\/#\\\/schema\\\/logo\\\/image\\\/\"},\"sameAs\":[\"https:\\\/\\\/www.facebook.com\\\/OrganisatorFachmagazin\",\"https:\\\/\\\/www.linkedin.com\\\/showcase\\\/organisator-das-magazin-fr-kmu\",\"https:\\\/\\\/www.xing.com\\\/news\\\/pages\\\/organisator-ch-695\",\"https:\\\/\\\/www.youtube.com\\\/channel\\\/UCGP2Sq0iWaZwT3BdIAQFYpw\"]},{\"@type\":\"Person\",\"@id\":\"https:\\\/\\\/www.organisator.ch\\\/#\\\/schema\\\/person\\\/6f650f90b2842cd4c0cc334b4e36f67e\",\"name\":\"thomas.berner\",\"image\":{\"@type\":\"ImageObject\",\"inLanguage\":\"it-IT\",\"@id\":\"https:\\\/\\\/secure.gravatar.com\\\/avatar\\\/ac5001d2a36cb6c6cd3e50789007ffca834b477b74a2144564522e944eabff61?s=96&d=mm&r=g\",\"url\":\"https:\\\/\\\/secure.gravatar.com\\\/avatar\\\/ac5001d2a36cb6c6cd3e50789007ffca834b477b74a2144564522e944eabff61?s=96&d=mm&r=g\",\"contentUrl\":\"https:\\\/\\\/secure.gravatar.com\\\/avatar\\\/ac5001d2a36cb6c6cd3e50789007ffca834b477b74a2144564522e944eabff61?s=96&d=mm&r=g\",\"caption\":\"thomas.berner\"},\"url\":\"https:\\\/\\\/www.organisator.ch\\\/it\\\/author\\\/thomas-berner\\\/\"}]}<\/script>\n<!-- \/ Yoast SEO plugin. -->","yoast_head_json":{"title":"Il commercio al dettaglio svizzero registra perdite nel primo semestre del 2022 - Organizzatore","description":"Il Market Monitor GfK sul commercio al dettaglio svizzero mostra un calo del 5,7% nella prima met\u00e0 del 2022.","robots":{"index":"index","follow":"follow","max-snippet":"max-snippet:-1","max-image-preview":"max-image-preview:large","max-video-preview":"max-video-preview:-1"},"canonical":"https:\/\/www.organisator.ch\/it\/generale\/2022-08-03\/swiss-detail-trade-riporta-perdite-nel-primo-meta-del-2022\/","og_locale":"it_IT","og_type":"article","og_title":"Schweizer Detailhandel verzeichnet im ersten Halbjahr 2022 Einbussen","og_description":"Der GfK Markt Monitor zum Schweizer Detailhandel entwickelt sich zum ersten Halbjahr 2022 r\u00fcckl\u00e4ufig mit einem Minus von 5.7 Prozent.","og_url":"https:\/\/www.organisator.ch\/it\/generale\/2022-08-03\/swiss-detail-trade-riporta-perdite-nel-primo-meta-del-2022\/","og_site_name":"Organisator","article_publisher":"https:\/\/www.facebook.com\/OrganisatorFachmagazin","article_published_time":"2022-08-03T09:55:27+00:00","og_image":[{"width":680,"height":441,"url":"https:\/\/www.organisator.ch\/wp-content\/uploads\/2022\/08\/Schweizer-Detailhandel-verzeichnet-im-ersten-Halbjahr-2022-Einbussen_Organisator.jpg","type":"image\/jpeg"}],"author":"thomas.berner","twitter_card":"summary_large_image","twitter_title":"Schweizer #Detailhandel verzeichnet im ersten Halbjahr 2022 #Einbussen","twitter_description":"Der #GfK Markt Monitor zum Schweizer #Detailhandel entwickelt sich zum ersten Halbjahr 2022 r\u00fcckl\u00e4ufig mit einem Minus von 5.7 Prozent.","twitter_image":"https:\/\/www.organisator.ch\/wp-content\/uploads\/2022\/08\/Schweizer-Detailhandel-verzeichnet-im-ersten-Halbjahr-2022-Einbussen_Organisator.jpg","schema":{"@context":"https:\/\/schema.org","@graph":[{"@type":"Article","@id":"https:\/\/www.organisator.ch\/it\/generale\/2022-08-03\/swiss-detail-trade-riporta-perdite-nel-primo-meta-del-2022\/#article","isPartOf":{"@id":"https:\/\/www.organisator.ch\/it\/generale\/2022-08-03\/swiss-detail-trade-riporta-perdite-nel-primo-meta-del-2022\/"},"author":{"name":"thomas.berner","@id":"https:\/\/www.organisator.ch\/#\/schema\/person\/6f650f90b2842cd4c0cc334b4e36f67e"},"headline":"Schweizer Detailhandel verzeichnet im ersten Halbjahr 2022 Einbussen","datePublished":"2022-08-03T09:55:27+00:00","mainEntityOfPage":{"@id":"https:\/\/www.organisator.ch\/it\/generale\/2022-08-03\/swiss-detail-trade-riporta-perdite-nel-primo-meta-del-2022\/"},"wordCount":504,"publisher":{"@id":"https:\/\/www.organisator.ch\/#organization"},"image":{"@id":"https:\/\/www.organisator.ch\/it\/generale\/2022-08-03\/swiss-detail-trade-riporta-perdite-nel-primo-meta-del-2022\/#primaryimage"},"thumbnailUrl":"https:\/\/www.organisator.ch\/wp-content\/uploads\/2022\/08\/Schweizer-Detailhandel-verzeichnet-im-ersten-Halbjahr-2022-Einbussen_Organisator.jpg","keywords":["Detailhandel","Konjunktur","Vermischtes"],"articleSection":["Allgemein"],"inLanguage":"it-IT"},{"@type":"WebPage","@id":"https:\/\/www.organisator.ch\/it\/generale\/2022-08-03\/swiss-detail-trade-riporta-perdite-nel-primo-meta-del-2022\/","url":"https:\/\/www.organisator.ch\/it\/generale\/2022-08-03\/swiss-detail-trade-riporta-perdite-nel-primo-meta-del-2022\/","name":"Il commercio al dettaglio svizzero registra perdite nel primo semestre del 2022 - Organizzatore","isPartOf":{"@id":"https:\/\/www.organisator.ch\/#website"},"primaryImageOfPage":{"@id":"https:\/\/www.organisator.ch\/it\/generale\/2022-08-03\/swiss-detail-trade-riporta-perdite-nel-primo-meta-del-2022\/#primaryimage"},"image":{"@id":"https:\/\/www.organisator.ch\/it\/generale\/2022-08-03\/swiss-detail-trade-riporta-perdite-nel-primo-meta-del-2022\/#primaryimage"},"thumbnailUrl":"https:\/\/www.organisator.ch\/wp-content\/uploads\/2022\/08\/Schweizer-Detailhandel-verzeichnet-im-ersten-Halbjahr-2022-Einbussen_Organisator.jpg","datePublished":"2022-08-03T09:55:27+00:00","description":"Il Market Monitor GfK sul commercio al dettaglio svizzero mostra un calo del 5,7% nella prima met\u00e0 del 2022.","breadcrumb":{"@id":"https:\/\/www.organisator.ch\/it\/generale\/2022-08-03\/swiss-detail-trade-riporta-perdite-nel-primo-meta-del-2022\/#breadcrumb"},"inLanguage":"it-IT","potentialAction":[{"@type":"ReadAction","target":["https:\/\/www.organisator.ch\/it\/generale\/2022-08-03\/swiss-detail-trade-riporta-perdite-nel-primo-meta-del-2022\/"]}]},{"@type":"ImageObject","inLanguage":"it-IT","@id":"https:\/\/www.organisator.ch\/it\/generale\/2022-08-03\/swiss-detail-trade-riporta-perdite-nel-primo-meta-del-2022\/#primaryimage","url":"https:\/\/www.organisator.ch\/wp-content\/uploads\/2022\/08\/Schweizer-Detailhandel-verzeichnet-im-ersten-Halbjahr-2022-Einbussen_Organisator.jpg","contentUrl":"https:\/\/www.organisator.ch\/wp-content\/uploads\/2022\/08\/Schweizer-Detailhandel-verzeichnet-im-ersten-Halbjahr-2022-Einbussen_Organisator.jpg","width":680,"height":441,"caption":"Geht es abw\u00e4rts mit dem Schweizer Detailhandel? Die Zahlen des ersten Halbjahrs sind eher durchzogen. (Bild: GfK)"},{"@type":"BreadcrumbList","@id":"https:\/\/www.organisator.ch\/it\/generale\/2022-08-03\/swiss-detail-trade-riporta-perdite-nel-primo-meta-del-2022\/#breadcrumb","itemListElement":[{"@type":"ListItem","position":1,"name":"Home","item":"https:\/\/www.organisator.ch\/"},{"@type":"ListItem","position":2,"name":"Schweizer Detailhandel verzeichnet im ersten Halbjahr 2022 Einbussen"}]},{"@type":"WebSite","@id":"https:\/\/www.organisator.ch\/#website","url":"https:\/\/www.organisator.ch\/","name":"Organizzatore","description":"Competente. Pratico. In 10 numeri all'anno, ORGANISATOR presenta i temi essenziali per i manager delle PMI.","publisher":{"@id":"https:\/\/www.organisator.ch\/#organization"},"potentialAction":[{"@type":"SearchAction","target":{"@type":"EntryPoint","urlTemplate":"https:\/\/www.organisator.ch\/?s={search_term_string}"},"query-input":{"@type":"PropertyValueSpecification","valueRequired":true,"valueName":"search_term_string"}}],"inLanguage":"it-IT"},{"@type":"Organization","@id":"https:\/\/www.organisator.ch\/#organization","name":"Organizzatore","url":"https:\/\/www.organisator.ch\/","logo":{"@type":"ImageObject","inLanguage":"it-IT","@id":"https:\/\/www.organisator.ch\/#\/schema\/logo\/image\/","url":"https:\/\/www.organisator.ch\/wp-content\/uploads\/2022\/01\/Logo_Organisator_Website.png","contentUrl":"https:\/\/www.organisator.ch\/wp-content\/uploads\/2022\/01\/Logo_Organisator_Website.png","width":800,"height":77,"caption":"Organisator"},"image":{"@id":"https:\/\/www.organisator.ch\/#\/schema\/logo\/image\/"},"sameAs":["https:\/\/www.facebook.com\/OrganisatorFachmagazin","https:\/\/www.linkedin.com\/showcase\/organisator-das-magazin-fr-kmu","https:\/\/www.xing.com\/news\/pages\/organisator-ch-695","https:\/\/www.youtube.com\/channel\/UCGP2Sq0iWaZwT3BdIAQFYpw"]},{"@type":"Person","@id":"https:\/\/www.organisator.ch\/#\/schema\/person\/6f650f90b2842cd4c0cc334b4e36f67e","name":"Tommaso.berner","image":{"@type":"ImageObject","inLanguage":"it-IT","@id":"https:\/\/secure.gravatar.com\/avatar\/ac5001d2a36cb6c6cd3e50789007ffca834b477b74a2144564522e944eabff61?s=96&d=mm&r=g","url":"https:\/\/secure.gravatar.com\/avatar\/ac5001d2a36cb6c6cd3e50789007ffca834b477b74a2144564522e944eabff61?s=96&d=mm&r=g","contentUrl":"https:\/\/secure.gravatar.com\/avatar\/ac5001d2a36cb6c6cd3e50789007ffca834b477b74a2144564522e944eabff61?s=96&d=mm&r=g","caption":"thomas.berner"},"url":"https:\/\/www.organisator.ch\/it\/author\/thomas-berner\/"}]}},"_links":{"self":[{"href":"https:\/\/www.organisator.ch\/it\/wp-json\/wp\/v2\/posts\/16329","targetHints":{"allow":["GET"]}}],"collection":[{"href":"https:\/\/www.organisator.ch\/it\/wp-json\/wp\/v2\/posts"}],"about":[{"href":"https:\/\/www.organisator.ch\/it\/wp-json\/wp\/v2\/types\/post"}],"author":[{"embeddable":true,"href":"https:\/\/www.organisator.ch\/it\/wp-json\/wp\/v2\/users\/4"}],"replies":[{"embeddable":true,"href":"https:\/\/www.organisator.ch\/it\/wp-json\/wp\/v2\/comments?post=16329"}],"version-history":[{"count":1,"href":"https:\/\/www.organisator.ch\/it\/wp-json\/wp\/v2\/posts\/16329\/revisions"}],"predecessor-version":[{"id":16331,"href":"https:\/\/www.organisator.ch\/it\/wp-json\/wp\/v2\/posts\/16329\/revisions\/16331"}],"wp:featuredmedia":[{"embeddable":true,"href":"https:\/\/www.organisator.ch\/it\/wp-json\/wp\/v2\/media\/16330"}],"wp:attachment":[{"href":"https:\/\/www.organisator.ch\/it\/wp-json\/wp\/v2\/media?parent=16329"}],"wp:term":[{"taxonomy":"category","embeddable":true,"href":"https:\/\/www.organisator.ch\/it\/wp-json\/wp\/v2\/categories?post=16329"},{"taxonomy":"post_tag","embeddable":true,"href":"https:\/\/www.organisator.ch\/it\/wp-json\/wp\/v2\/tags?post=16329"}],"curies":[{"name":"wp","href":"https:\/\/api.w.org\/{rel}","templated":true}]}}