{"id":16346,"date":"2022-08-04T13:34:53","date_gmt":"2022-08-04T11:34:53","guid":{"rendered":"https:\/\/www.organisator.ch\/?p=16346"},"modified":"2022-08-04T13:34:53","modified_gmt":"2022-08-04T11:34:53","slug":"einstieg-in-die-mobilitaet-fuer-840-lernende","status":"publish","type":"post","link":"https:\/\/www.organisator.ch\/it\/human-resources\/2022-08-04\/einstieg-in-die-mobilitaet-fuer-840-lernende\/","title":{"rendered":"Ingresso in mobilit\u00e0 per 840 studenti"},"content":{"rendered":"<figure id=\"attachment_16347\" aria-describedby=\"caption-attachment-16347\" style=\"width: 680px\" class=\"wp-caption alignnone\"><img loading=\"lazy\" decoding=\"async\" class=\"size-full wp-image-16347\" src=\"https:\/\/www.organisator.ch\/wp-content\/uploads\/2022\/08\/Einstieg-in-die-Mobilitat-fur-840-Lernende_Organisator.jpg\" alt=\"\" width=\"680\" height=\"429\" srcset=\"https:\/\/www.organisator.ch\/wp-content\/uploads\/2022\/08\/Einstieg-in-die-Mobilitat-fur-840-Lernende_Organisator.jpg 680w, https:\/\/www.organisator.ch\/wp-content\/uploads\/2022\/08\/Einstieg-in-die-Mobilitat-fur-840-Lernende_Organisator-18x12.jpg 18w, https:\/\/www.organisator.ch\/wp-content\/uploads\/2022\/08\/Einstieg-in-die-Mobilitat-fur-840-Lernende_Organisator-277x175.jpg 277w, https:\/\/www.organisator.ch\/wp-content\/uploads\/2022\/08\/Einstieg-in-die-Mobilitat-fur-840-Lernende_Organisator-555x350.jpg 555w, https:\/\/www.organisator.ch\/wp-content\/uploads\/2022\/08\/Einstieg-in-die-Mobilitat-fur-840-Lernende_Organisator-300x189.jpg 300w\" sizes=\"auto, (max-width: 680px) 100vw, 680px\" \/><figcaption id=\"caption-attachment-16347\" class=\"wp-caption-text\">Il settore della mobilit\u00e0 attrae giovani apprendisti: quest'anno 840 apprendisti inizieranno la formazione professionale nel settore dei trasporti pubblici. (Immagine: login Berufsbildung AG)<\/figcaption><\/figure>\n<p>Il 2 agosto 2022 \u00e8 iniziata una nuova fase di vita per 840 apprendisti: I giovani hanno iniziato la loro formazione con un apprendistato presso le FFS, la BLS, le Ferrovie Retiche o una delle oltre 50 aziende partner dell'associazione di formazione login nel mondo della mobilit\u00e0. La settimana introduttiva, il cosiddetto \"lowo\", segna l'inizio dell'apprendistato. Qui i giovani imparano cosa li aspetta durante l'apprendistato e conoscono i loro formatori, nonch\u00e9 gli strumenti e i processi. Infine, ma non meno importante, conoscono i loro futuri \"Gsp\u00e4nli\". \"Insieme alle nostre aziende partner del settore della mobilit\u00e0, diamo un caloroso benvenuto ai nuovi apprendisti e tirocinanti. Possono aspettarsi una formazione varia ed entusiasmante. Durante il periodo di formazione diventeranno professionisti nella loro professione, cresceranno come personalit\u00e0 e potranno avere ottime prospettive di carriera\", afferma Michael Schweizer, CEO di login.<\/p>\n<h3>Due apprendistati professionali di nuova concezione con un profilo di \"mobilit\u00e0\".<\/h3>\n<p>L'apprendistato di nuova concezione \"Retail Specialist EFZ, Trasporto Pubblico\" offrir\u00e0 in futuro due percorsi di carriera: Gli assistenti alla clientela guidano i treni passeggeri, informano gli ospiti, garantiscono la puntualit\u00e0 e un'esperienza di viaggio sicura; i consulenti alla clientela lavorano nel centro viaggi, consigliano i clienti e organizzano i loro viaggi. Inoltre, l'apprendistato \"Specialista del trasporto pubblico EFZ\" \u00e8 stato ridisegnato con un focus su \"Mobilit\u00e0\" e \"Gestione del traffico ferroviario\".<\/p>\n<h3>Grande soddisfazione tra i discenti<\/h3>\n<p>Il fatto che gli apprendistati siano ben accolti dai giovani \u00e8 dimostrato dalla rinnovata certificazione di login come azienda \"Great Start!\". Per la quarta volta consecutiva, login 2022 ha ricevuto l'ambito riconoscimento dell'istituto \"Great Place to Work\u00ae\". In un sondaggio anonimo, gli apprendisti e i tirocinanti hanno confermato la loro grande soddisfazione per il luogo di formazione. Una delle caratteristiche principali dei programmi di formazione di login sono le forme e i luoghi di formazione diversificati e attraenti, come le Stazioni Junior, in cui gli apprendisti al dettaglio, accompagnati dagli allenatori, gestiscono la propria stazione. In questo modo, i giovani imparano ad assumersi precocemente le proprie responsabilit\u00e0 e a pensare e agire in modo imprenditoriale.<\/p>\n<h3>login festeggia il suo 20\u00b0 anniversario<\/h3>\n<p>Quest'anno login Vocational Training festeggia il suo 20\u00b0 compleanno. Dal 1\u00b0 gennaio 2002, login \u00e8 l'organizzazione di apprendistato leader nel mondo del trasporto pubblico e della mobilit\u00e0. Dal 2014 \u00e8 una societ\u00e0 per azioni con le aziende sponsor FFS, BLS, RhB e l'Associazione dei trasporti pubblici (V\u00f6V). In questi 20 anni, l'associazione di formazione \u00e8 cresciuta in modo significativo: oggi, pi\u00f9 di 2.000 apprendisti si preparano ogni anno a conseguire le loro qualifiche in oltre 25 diversi apprendistati professionali presso login. Dal 2002, circa 15.000 giovani professionisti sono stati formati per il mondo della mobilit\u00e0. Se all'inizio login contava otto aziende di trasporto pubblico tra i suoi clienti, oggi ne conta 58, comprese le aziende sponsor. Agli apprendisti viene data l'opportunit\u00e0 di fare rete tra le varie professioni e di acquisire le proprie competenze in aziende e reparti diversi.<\/p>\n<p><em>Fonte: <a href=\"http:\/\/www.login.org\">login Formazione professionale Ltd<\/a><\/em><\/p>","protected":false},"excerpt":{"rendered":"<p>F\u00fcr 840 Lernende hat am 2. August 2022 ein neuer Lebensabschnitt begonnen: Die Jugendlichen begannen ihre Ausbildung an einem Ausbildungsplatz bei der SBB, BLS, Rh\u00e4tische Bahn oder einem der mehr als 50 Partnerunternehmen des Ausbildungsverbands login in der Welt der Mobilit\u00e4t. Die Einf\u00fchrungswoche, die sogenannte \u00ablowo\u00bb, markiert den Startschuss in die Lehre. Hier erfahren die [&hellip;]<\/p>\n","protected":false},"author":4,"featured_media":0,"comment_status":"closed","ping_status":"closed","sticky":false,"template":"","format":"standard","meta":{"_acf_changed":false,"_yoast_wpseo_focuskw":"Mobilit\u00e4t","_yoast_wpseo_metadesc":"Am 2. August 2022 starteten 840 Jugendliche eine Berufslehre oder ein Praktikum im Bereich Mobilit\u00e4t - eine Zunahme gegen\u00fcber dem Vorjahr.","articlekey":"","footnotes":""},"categories":[579],"tags":[62,73,254,354],"class_list":["post-16346","post","type-post","status-publish","format-standard","hentry","category-human-resources","tag-aus-weiterbildung","tag-berufsbildung","tag-hrm","tag-mobilitaet"],"acf":[],"yoast_head":"<!-- This site is optimized with the Yoast SEO plugin v27.5 - https:\/\/yoast.com\/product\/yoast-seo-wordpress\/ -->\n<title>Einstieg in die Mobilit\u00e4t f\u00fcr 840 Lernende - Organisator<\/title>\n<meta name=\"description\" content=\"Am 2. August 2022 starteten 840 Jugendliche eine Berufslehre oder ein Praktikum im Bereich Mobilit\u00e4t - eine Zunahme gegen\u00fcber dem Vorjahr.\" \/>\n<meta name=\"robots\" content=\"index, follow, max-snippet:-1, max-image-preview:large, max-video-preview:-1\" \/>\n<link rel=\"canonical\" href=\"https:\/\/www.organisator.ch\/it\/risorse-umane\/2022-08-04\/einstieg-in-die-mobilitaet-fuer-840-lernende\/\" \/>\n<meta property=\"og:locale\" content=\"it_IT\" \/>\n<meta property=\"og:type\" content=\"article\" \/>\n<meta property=\"og:title\" content=\"Einstieg in die Mobilit\u00e4t f\u00fcr 840 Lernende\" \/>\n<meta property=\"og:description\" content=\"Am 2. August 2022 starteten 840 Jugendliche eine Berufslehre oder ein Praktikum im Bereich Mobilit\u00e4t - eine Zunahme gegen\u00fcber dem Vorjahr.\" \/>\n<meta property=\"og:url\" content=\"https:\/\/www.organisator.ch\/it\/risorse-umane\/2022-08-04\/einstieg-in-die-mobilitaet-fuer-840-lernende\/\" \/>\n<meta property=\"og:site_name\" content=\"Organisator\" \/>\n<meta property=\"article:publisher\" content=\"https:\/\/www.facebook.com\/OrganisatorFachmagazin\" \/>\n<meta property=\"article:published_time\" content=\"2022-08-04T11:34:53+00:00\" \/>\n<meta property=\"og:image\" content=\"https:\/\/www.organisator.ch\/wp-content\/uploads\/2022\/08\/Einstieg-in-die-Mobilitat-fur-840-Lernende_Organisator.jpg\" \/>\n\t<meta property=\"og:image:width\" content=\"680\" \/>\n\t<meta property=\"og:image:height\" content=\"429\" \/>\n\t<meta property=\"og:image:type\" content=\"image\/jpeg\" \/>\n<meta name=\"author\" content=\"thomas.berner\" \/>\n<meta name=\"twitter:card\" content=\"summary_large_image\" \/>\n<meta name=\"twitter:title\" content=\"Einstieg in die #Mobilit\u00e4t f\u00fcr 840 #Lernende\" \/>\n<meta name=\"twitter:description\" content=\"Am 2. August 2022 starteten 840 #Jugendliche eine #Berufslehre oder ein Praktikum im Bereich #Mobilit\u00e4t - eine Zunahme gegen\u00fcber dem Vorjahr.\" \/>\n<meta name=\"twitter:image\" content=\"https:\/\/www.organisator.ch\/wp-content\/uploads\/2022\/08\/Einstieg-in-die-Mobilitat-fur-840-Lernende_Organisator.jpg\" \/>\n<script type=\"application\/ld+json\" class=\"yoast-schema-graph\">{\"@context\":\"https:\\\/\\\/schema.org\",\"@graph\":[{\"@type\":\"Article\",\"@id\":\"https:\\\/\\\/www.organisator.ch\\\/human-resources\\\/2022-08-04\\\/einstieg-in-die-mobilitaet-fuer-840-lernende\\\/#article\",\"isPartOf\":{\"@id\":\"https:\\\/\\\/www.organisator.ch\\\/human-resources\\\/2022-08-04\\\/einstieg-in-die-mobilitaet-fuer-840-lernende\\\/\"},\"author\":{\"name\":\"thomas.berner\",\"@id\":\"https:\\\/\\\/www.organisator.ch\\\/#\\\/schema\\\/person\\\/6f650f90b2842cd4c0cc334b4e36f67e\"},\"headline\":\"Einstieg in die Mobilit\u00e4t f\u00fcr 840 Lernende\",\"datePublished\":\"2022-08-04T11:34:53+00:00\",\"mainEntityOfPage\":{\"@id\":\"https:\\\/\\\/www.organisator.ch\\\/human-resources\\\/2022-08-04\\\/einstieg-in-die-mobilitaet-fuer-840-lernende\\\/\"},\"wordCount\":492,\"publisher\":{\"@id\":\"https:\\\/\\\/www.organisator.ch\\\/#organization\"},\"image\":{\"@id\":\"https:\\\/\\\/www.organisator.ch\\\/human-resources\\\/2022-08-04\\\/einstieg-in-die-mobilitaet-fuer-840-lernende\\\/#primaryimage\"},\"thumbnailUrl\":\"https:\\\/\\\/www.organisator.ch\\\/wp-content\\\/uploads\\\/2022\\\/08\\\/Einstieg-in-die-Mobilitat-fur-840-Lernende_Organisator.jpg\",\"keywords\":[\"Aus-\\\/Weiterbildung\",\"Berufsbildung\",\"HRM\",\"Mobilit\u00e4t\"],\"articleSection\":[\"HUMAN RESOURCES\"],\"inLanguage\":\"it-IT\"},{\"@type\":\"WebPage\",\"@id\":\"https:\\\/\\\/www.organisator.ch\\\/human-resources\\\/2022-08-04\\\/einstieg-in-die-mobilitaet-fuer-840-lernende\\\/\",\"url\":\"https:\\\/\\\/www.organisator.ch\\\/human-resources\\\/2022-08-04\\\/einstieg-in-die-mobilitaet-fuer-840-lernende\\\/\",\"name\":\"Einstieg in die Mobilit\u00e4t f\u00fcr 840 Lernende - Organisator\",\"isPartOf\":{\"@id\":\"https:\\\/\\\/www.organisator.ch\\\/#website\"},\"primaryImageOfPage\":{\"@id\":\"https:\\\/\\\/www.organisator.ch\\\/human-resources\\\/2022-08-04\\\/einstieg-in-die-mobilitaet-fuer-840-lernende\\\/#primaryimage\"},\"image\":{\"@id\":\"https:\\\/\\\/www.organisator.ch\\\/human-resources\\\/2022-08-04\\\/einstieg-in-die-mobilitaet-fuer-840-lernende\\\/#primaryimage\"},\"thumbnailUrl\":\"https:\\\/\\\/www.organisator.ch\\\/wp-content\\\/uploads\\\/2022\\\/08\\\/Einstieg-in-die-Mobilitat-fur-840-Lernende_Organisator.jpg\",\"datePublished\":\"2022-08-04T11:34:53+00:00\",\"description\":\"Am 2. August 2022 starteten 840 Jugendliche eine Berufslehre oder ein Praktikum im Bereich Mobilit\u00e4t - eine Zunahme gegen\u00fcber dem Vorjahr.\",\"breadcrumb\":{\"@id\":\"https:\\\/\\\/www.organisator.ch\\\/human-resources\\\/2022-08-04\\\/einstieg-in-die-mobilitaet-fuer-840-lernende\\\/#breadcrumb\"},\"inLanguage\":\"it-IT\",\"potentialAction\":[{\"@type\":\"ReadAction\",\"target\":[\"https:\\\/\\\/www.organisator.ch\\\/human-resources\\\/2022-08-04\\\/einstieg-in-die-mobilitaet-fuer-840-lernende\\\/\"]}]},{\"@type\":\"ImageObject\",\"inLanguage\":\"it-IT\",\"@id\":\"https:\\\/\\\/www.organisator.ch\\\/human-resources\\\/2022-08-04\\\/einstieg-in-die-mobilitaet-fuer-840-lernende\\\/#primaryimage\",\"url\":\"https:\\\/\\\/www.organisator.ch\\\/wp-content\\\/uploads\\\/2022\\\/08\\\/Einstieg-in-die-Mobilitat-fur-840-Lernende_Organisator.jpg\",\"contentUrl\":\"https:\\\/\\\/www.organisator.ch\\\/wp-content\\\/uploads\\\/2022\\\/08\\\/Einstieg-in-die-Mobilitat-fur-840-Lernende_Organisator.jpg\"},{\"@type\":\"BreadcrumbList\",\"@id\":\"https:\\\/\\\/www.organisator.ch\\\/human-resources\\\/2022-08-04\\\/einstieg-in-die-mobilitaet-fuer-840-lernende\\\/#breadcrumb\",\"itemListElement\":[{\"@type\":\"ListItem\",\"position\":1,\"name\":\"Home\",\"item\":\"https:\\\/\\\/www.organisator.ch\\\/\"},{\"@type\":\"ListItem\",\"position\":2,\"name\":\"Einstieg in die Mobilit\u00e4t f\u00fcr 840 Lernende\"}]},{\"@type\":\"WebSite\",\"@id\":\"https:\\\/\\\/www.organisator.ch\\\/#website\",\"url\":\"https:\\\/\\\/www.organisator.ch\\\/\",\"name\":\"Organisator\",\"description\":\"Kompetent. Praxisnah. Der ORGANISATOR bereitet in 10 Ausgaben pro Jahr die wesentlichen Themen f\u00fcr F\u00fchrungskr\u00e4fte von KMU auf.\",\"publisher\":{\"@id\":\"https:\\\/\\\/www.organisator.ch\\\/#organization\"},\"potentialAction\":[{\"@type\":\"SearchAction\",\"target\":{\"@type\":\"EntryPoint\",\"urlTemplate\":\"https:\\\/\\\/www.organisator.ch\\\/?s={search_term_string}\"},\"query-input\":{\"@type\":\"PropertyValueSpecification\",\"valueRequired\":true,\"valueName\":\"search_term_string\"}}],\"inLanguage\":\"it-IT\"},{\"@type\":\"Organization\",\"@id\":\"https:\\\/\\\/www.organisator.ch\\\/#organization\",\"name\":\"Organisator\",\"url\":\"https:\\\/\\\/www.organisator.ch\\\/\",\"logo\":{\"@type\":\"ImageObject\",\"inLanguage\":\"it-IT\",\"@id\":\"https:\\\/\\\/www.organisator.ch\\\/#\\\/schema\\\/logo\\\/image\\\/\",\"url\":\"https:\\\/\\\/www.organisator.ch\\\/wp-content\\\/uploads\\\/2022\\\/01\\\/Logo_Organisator_Website.png\",\"contentUrl\":\"https:\\\/\\\/www.organisator.ch\\\/wp-content\\\/uploads\\\/2022\\\/01\\\/Logo_Organisator_Website.png\",\"width\":800,\"height\":77,\"caption\":\"Organisator\"},\"image\":{\"@id\":\"https:\\\/\\\/www.organisator.ch\\\/#\\\/schema\\\/logo\\\/image\\\/\"},\"sameAs\":[\"https:\\\/\\\/www.facebook.com\\\/OrganisatorFachmagazin\",\"https:\\\/\\\/www.linkedin.com\\\/showcase\\\/organisator-das-magazin-fr-kmu\",\"https:\\\/\\\/www.xing.com\\\/news\\\/pages\\\/organisator-ch-695\",\"https:\\\/\\\/www.youtube.com\\\/channel\\\/UCGP2Sq0iWaZwT3BdIAQFYpw\"]},{\"@type\":\"Person\",\"@id\":\"https:\\\/\\\/www.organisator.ch\\\/#\\\/schema\\\/person\\\/6f650f90b2842cd4c0cc334b4e36f67e\",\"name\":\"thomas.berner\",\"image\":{\"@type\":\"ImageObject\",\"inLanguage\":\"it-IT\",\"@id\":\"https:\\\/\\\/secure.gravatar.com\\\/avatar\\\/ac5001d2a36cb6c6cd3e50789007ffca834b477b74a2144564522e944eabff61?s=96&d=mm&r=g\",\"url\":\"https:\\\/\\\/secure.gravatar.com\\\/avatar\\\/ac5001d2a36cb6c6cd3e50789007ffca834b477b74a2144564522e944eabff61?s=96&d=mm&r=g\",\"contentUrl\":\"https:\\\/\\\/secure.gravatar.com\\\/avatar\\\/ac5001d2a36cb6c6cd3e50789007ffca834b477b74a2144564522e944eabff61?s=96&d=mm&r=g\",\"caption\":\"thomas.berner\"},\"url\":\"https:\\\/\\\/www.organisator.ch\\\/it\\\/author\\\/thomas-berner\\\/\"}]}<\/script>\n<!-- \/ Yoast SEO plugin. -->","yoast_head_json":{"title":"Ingresso in mobilit\u00e0 per 840 studenti - Organizzatore","description":"Il 2 agosto 2022, 840 giovani hanno iniziato un apprendistato o un tirocinio nel settore della mobilit\u00e0, con un aumento rispetto all'anno precedente.","robots":{"index":"index","follow":"follow","max-snippet":"max-snippet:-1","max-image-preview":"max-image-preview:large","max-video-preview":"max-video-preview:-1"},"canonical":"https:\/\/www.organisator.ch\/it\/risorse-umane\/2022-08-04\/einstieg-in-die-mobilitaet-fuer-840-lernende\/","og_locale":"it_IT","og_type":"article","og_title":"Einstieg in die Mobilit\u00e4t f\u00fcr 840 Lernende","og_description":"Am 2. August 2022 starteten 840 Jugendliche eine Berufslehre oder ein Praktikum im Bereich Mobilit\u00e4t - eine Zunahme gegen\u00fcber dem Vorjahr.","og_url":"https:\/\/www.organisator.ch\/it\/risorse-umane\/2022-08-04\/einstieg-in-die-mobilitaet-fuer-840-lernende\/","og_site_name":"Organisator","article_publisher":"https:\/\/www.facebook.com\/OrganisatorFachmagazin","article_published_time":"2022-08-04T11:34:53+00:00","og_image":[{"width":680,"height":429,"url":"https:\/\/www.organisator.ch\/wp-content\/uploads\/2022\/08\/Einstieg-in-die-Mobilitat-fur-840-Lernende_Organisator.jpg","type":"image\/jpeg"}],"author":"thomas.berner","twitter_card":"summary_large_image","twitter_title":"Einstieg in die #Mobilit\u00e4t f\u00fcr 840 #Lernende","twitter_description":"Am 2. August 2022 starteten 840 #Jugendliche eine #Berufslehre oder ein Praktikum im Bereich #Mobilit\u00e4t - eine Zunahme gegen\u00fcber dem Vorjahr.","twitter_image":"https:\/\/www.organisator.ch\/wp-content\/uploads\/2022\/08\/Einstieg-in-die-Mobilitat-fur-840-Lernende_Organisator.jpg","schema":{"@context":"https:\/\/schema.org","@graph":[{"@type":"Article","@id":"https:\/\/www.organisator.ch\/human-resources\/2022-08-04\/einstieg-in-die-mobilitaet-fuer-840-lernende\/#article","isPartOf":{"@id":"https:\/\/www.organisator.ch\/human-resources\/2022-08-04\/einstieg-in-die-mobilitaet-fuer-840-lernende\/"},"author":{"name":"thomas.berner","@id":"https:\/\/www.organisator.ch\/#\/schema\/person\/6f650f90b2842cd4c0cc334b4e36f67e"},"headline":"Einstieg in die Mobilit\u00e4t f\u00fcr 840 Lernende","datePublished":"2022-08-04T11:34:53+00:00","mainEntityOfPage":{"@id":"https:\/\/www.organisator.ch\/human-resources\/2022-08-04\/einstieg-in-die-mobilitaet-fuer-840-lernende\/"},"wordCount":492,"publisher":{"@id":"https:\/\/www.organisator.ch\/#organization"},"image":{"@id":"https:\/\/www.organisator.ch\/human-resources\/2022-08-04\/einstieg-in-die-mobilitaet-fuer-840-lernende\/#primaryimage"},"thumbnailUrl":"https:\/\/www.organisator.ch\/wp-content\/uploads\/2022\/08\/Einstieg-in-die-Mobilitat-fur-840-Lernende_Organisator.jpg","keywords":["Aus-\/Weiterbildung","Berufsbildung","HRM","Mobilit\u00e4t"],"articleSection":["HUMAN RESOURCES"],"inLanguage":"it-IT"},{"@type":"WebPage","@id":"https:\/\/www.organisator.ch\/human-resources\/2022-08-04\/einstieg-in-die-mobilitaet-fuer-840-lernende\/","url":"https:\/\/www.organisator.ch\/human-resources\/2022-08-04\/einstieg-in-die-mobilitaet-fuer-840-lernende\/","name":"Ingresso in mobilit\u00e0 per 840 studenti - Organizzatore","isPartOf":{"@id":"https:\/\/www.organisator.ch\/#website"},"primaryImageOfPage":{"@id":"https:\/\/www.organisator.ch\/human-resources\/2022-08-04\/einstieg-in-die-mobilitaet-fuer-840-lernende\/#primaryimage"},"image":{"@id":"https:\/\/www.organisator.ch\/human-resources\/2022-08-04\/einstieg-in-die-mobilitaet-fuer-840-lernende\/#primaryimage"},"thumbnailUrl":"https:\/\/www.organisator.ch\/wp-content\/uploads\/2022\/08\/Einstieg-in-die-Mobilitat-fur-840-Lernende_Organisator.jpg","datePublished":"2022-08-04T11:34:53+00:00","description":"Il 2 agosto 2022, 840 giovani hanno iniziato un apprendistato o un tirocinio nel settore della mobilit\u00e0, con un aumento rispetto all'anno precedente.","breadcrumb":{"@id":"https:\/\/www.organisator.ch\/human-resources\/2022-08-04\/einstieg-in-die-mobilitaet-fuer-840-lernende\/#breadcrumb"},"inLanguage":"it-IT","potentialAction":[{"@type":"ReadAction","target":["https:\/\/www.organisator.ch\/human-resources\/2022-08-04\/einstieg-in-die-mobilitaet-fuer-840-lernende\/"]}]},{"@type":"ImageObject","inLanguage":"it-IT","@id":"https:\/\/www.organisator.ch\/human-resources\/2022-08-04\/einstieg-in-die-mobilitaet-fuer-840-lernende\/#primaryimage","url":"https:\/\/www.organisator.ch\/wp-content\/uploads\/2022\/08\/Einstieg-in-die-Mobilitat-fur-840-Lernende_Organisator.jpg","contentUrl":"https:\/\/www.organisator.ch\/wp-content\/uploads\/2022\/08\/Einstieg-in-die-Mobilitat-fur-840-Lernende_Organisator.jpg"},{"@type":"BreadcrumbList","@id":"https:\/\/www.organisator.ch\/human-resources\/2022-08-04\/einstieg-in-die-mobilitaet-fuer-840-lernende\/#breadcrumb","itemListElement":[{"@type":"ListItem","position":1,"name":"Home","item":"https:\/\/www.organisator.ch\/"},{"@type":"ListItem","position":2,"name":"Einstieg in die Mobilit\u00e4t f\u00fcr 840 Lernende"}]},{"@type":"WebSite","@id":"https:\/\/www.organisator.ch\/#website","url":"https:\/\/www.organisator.ch\/","name":"Organizzatore","description":"Competente. Pratico. In 10 numeri all'anno, ORGANISATOR presenta i temi essenziali per i manager delle PMI.","publisher":{"@id":"https:\/\/www.organisator.ch\/#organization"},"potentialAction":[{"@type":"SearchAction","target":{"@type":"EntryPoint","urlTemplate":"https:\/\/www.organisator.ch\/?s={search_term_string}"},"query-input":{"@type":"PropertyValueSpecification","valueRequired":true,"valueName":"search_term_string"}}],"inLanguage":"it-IT"},{"@type":"Organization","@id":"https:\/\/www.organisator.ch\/#organization","name":"Organizzatore","url":"https:\/\/www.organisator.ch\/","logo":{"@type":"ImageObject","inLanguage":"it-IT","@id":"https:\/\/www.organisator.ch\/#\/schema\/logo\/image\/","url":"https:\/\/www.organisator.ch\/wp-content\/uploads\/2022\/01\/Logo_Organisator_Website.png","contentUrl":"https:\/\/www.organisator.ch\/wp-content\/uploads\/2022\/01\/Logo_Organisator_Website.png","width":800,"height":77,"caption":"Organisator"},"image":{"@id":"https:\/\/www.organisator.ch\/#\/schema\/logo\/image\/"},"sameAs":["https:\/\/www.facebook.com\/OrganisatorFachmagazin","https:\/\/www.linkedin.com\/showcase\/organisator-das-magazin-fr-kmu","https:\/\/www.xing.com\/news\/pages\/organisator-ch-695","https:\/\/www.youtube.com\/channel\/UCGP2Sq0iWaZwT3BdIAQFYpw"]},{"@type":"Person","@id":"https:\/\/www.organisator.ch\/#\/schema\/person\/6f650f90b2842cd4c0cc334b4e36f67e","name":"Tommaso.berner","image":{"@type":"ImageObject","inLanguage":"it-IT","@id":"https:\/\/secure.gravatar.com\/avatar\/ac5001d2a36cb6c6cd3e50789007ffca834b477b74a2144564522e944eabff61?s=96&d=mm&r=g","url":"https:\/\/secure.gravatar.com\/avatar\/ac5001d2a36cb6c6cd3e50789007ffca834b477b74a2144564522e944eabff61?s=96&d=mm&r=g","contentUrl":"https:\/\/secure.gravatar.com\/avatar\/ac5001d2a36cb6c6cd3e50789007ffca834b477b74a2144564522e944eabff61?s=96&d=mm&r=g","caption":"thomas.berner"},"url":"https:\/\/www.organisator.ch\/it\/author\/thomas-berner\/"}]}},"_links":{"self":[{"href":"https:\/\/www.organisator.ch\/it\/wp-json\/wp\/v2\/posts\/16346","targetHints":{"allow":["GET"]}}],"collection":[{"href":"https:\/\/www.organisator.ch\/it\/wp-json\/wp\/v2\/posts"}],"about":[{"href":"https:\/\/www.organisator.ch\/it\/wp-json\/wp\/v2\/types\/post"}],"author":[{"embeddable":true,"href":"https:\/\/www.organisator.ch\/it\/wp-json\/wp\/v2\/users\/4"}],"replies":[{"embeddable":true,"href":"https:\/\/www.organisator.ch\/it\/wp-json\/wp\/v2\/comments?post=16346"}],"version-history":[{"count":1,"href":"https:\/\/www.organisator.ch\/it\/wp-json\/wp\/v2\/posts\/16346\/revisions"}],"predecessor-version":[{"id":16348,"href":"https:\/\/www.organisator.ch\/it\/wp-json\/wp\/v2\/posts\/16346\/revisions\/16348"}],"wp:attachment":[{"href":"https:\/\/www.organisator.ch\/it\/wp-json\/wp\/v2\/media?parent=16346"}],"wp:term":[{"taxonomy":"category","embeddable":true,"href":"https:\/\/www.organisator.ch\/it\/wp-json\/wp\/v2\/categories?post=16346"},{"taxonomy":"post_tag","embeddable":true,"href":"https:\/\/www.organisator.ch\/it\/wp-json\/wp\/v2\/tags?post=16346"}],"curies":[{"name":"wp","href":"https:\/\/api.w.org\/{rel}","templated":true}]}}