{"id":16372,"date":"2022-08-08T08:32:39","date_gmt":"2022-08-08T06:32:39","guid":{"rendered":"https:\/\/www.m-q.ch\/?p=16753"},"modified":"2024-11-19T13:57:39","modified_gmt":"2024-11-19T12:57:39","slug":"graubuendner-kantonalbank-in-sachen-nachhaltigkeit-mit-aa-bewertet","status":"publish","type":"post","link":"https:\/\/www.organisator.ch\/it\/operational-excellence\/2022-08-08\/graubuendner-kantonalbank-in-sachen-nachhaltigkeit-mit-aa-bewertet\/","title":{"rendered":"La Banca Cantonale Grigione ha ottenuto il rating \"AA\" per la sostenibilit\u00e0"},"content":{"rendered":"<figure id=\"attachment_16754\" class=\"wp-caption alignnone\" style=\"width: 680px;\" aria-describedby=\"caption-attachment-16754\"><img class=\"alignnone wp-image-16754 size-full\" src=\"https:\/\/www.m-q.ch\/wp-content\/uploads\/2022\/08\/Graubuendner-Kantonalbank-in-Sachen-Nachhaltigkeit-mit-AA-bewertet_MQ.jpg\" sizes=\"(max-width: 680px) 100vw, 680px\" srcset=\"https:\/\/www.m-q.ch\/wp-content\/uploads\/2022\/08\/Graubuendner-Kantonalbank-in-Sachen-Nachhaltigkeit-mit-AA-bewertet_MQ.jpg 680w, https:\/\/www.m-q.ch\/wp-content\/uploads\/2022\/08\/Graubuendner-Kantonalbank-in-Sachen-Nachhaltigkeit-mit-AA-bewertet_MQ-18x8.jpg 18w, https:\/\/www.m-q.ch\/wp-content\/uploads\/2022\/08\/Graubuendner-Kantonalbank-in-Sachen-Nachhaltigkeit-mit-AA-bewertet_MQ-375x166.jpg 375w, https:\/\/www.m-q.ch\/wp-content\/uploads\/2022\/08\/Graubuendner-Kantonalbank-in-Sachen-Nachhaltigkeit-mit-AA-bewertet_MQ-300x133.jpg 300w\" alt=\"Rating di sostenibilit\u00e0 GKB\" width=\"680\" height=\"301\" \/>\r\n<figcaption id=\"caption-attachment-16754\" class=\"wp-caption-text\">L'esposizione di GKB \u00e8 ora valutata \"AA\" dall'agenzia di rating MSCI. (Immagine: GKB)<\/figcaption>\r\n<\/figure>\r\n<p>Con il rating \"AA\", la Graub\u00fcndner Kantonalbank GKB riceve il secondo rating di sostenibilit\u00e0 pi\u00f9 alto da MSCI. I rating di sostenibilit\u00e0 di agenzie come MSCI mirano a misurare la gestione dei rischi e delle opportunit\u00e0 ESG finanziariamente rilevanti da parte di una societ\u00e0. Il rating tiene conto di criteri sociali, di buon governo e di aspetti ambientali.<\/p>\r\n<h3><strong>Sostenibilit\u00e0: impegno e trasparenza<\/strong><\/h3>\r\n<p>La sostenibilit\u00e0 \u00e8 saldamente ancorata alla strategia di GKB, afferma la banca. \"Sono ancora pi\u00f9 soddisfatto che il nostro impegno e le nostre prestazioni siano ora classificate come AA\", afferma il suo CEO Daniel Fust. \"Da anni siamo impegnati nello sviluppo sostenibile del Cantone e nel settore degli investimenti e dei finanziamenti. Con il nostro nuovo rapporto di sostenibilit\u00e0 GRI, comunichiamo le nostre attivit\u00e0 in modo trasparente e comprensibile\". L'agenzia di rating MSCI conferma inoltre che la Graub\u00fcndner Kantonalbank soddisfa i requisiti pi\u00f9 elevati in materia di riciclaggio di denaro, corruzione e protezione dei dati. Secondo il comunicato stampa della Graub\u00fcndner Kantonalbank, MSCI sottolinea anche le attivit\u00e0 della GKB nel campo della promozione dei talenti e della formazione dei dipendenti.<\/p>\r\n<h3><strong>La Banca Cantonale Grigione si impegna a favore della Fondazione Svizzera per il Clima<\/strong><\/h3>\r\n<p>La Banca Cantonale Grigione sostiene ora la Fondazione Svizzera per il Clima. \"Per un'efficace protezione del clima, dobbiamo unire le nostre risorse e promuovere l'innovazione al di l\u00e0 dei confini cantonali. Questo \u00e8 esattamente ci\u00f2 che otteniamo come partner della Fondazione Svizzera per il Clima\", afferma Daniel Fust. I finanziamenti della fondazione confluiscono nello sviluppo di tecnologie innovative per la protezione del clima, anche nel settore dell'edilizia e dell'agricoltura, o in progetti nell'ambito dell'economia circolare.<\/p>\r\n<p>La Banca Cantonale Grigione e altre 27 aziende del settore dei servizi sostengono gli investimenti della Fondazione Svizzera per il Clima. \"Con l'adesione alla Fondazione Svizzera per il Clima, la Banca Cantonale Grigione lancia un chiaro segnale: la protezione del clima non si ferma al confine cantonale. Il cambiamento climatico \u00e8 una sfida immensa che possiamo vincere solo unendo le forze e adottando soluzioni e tecnologie lungimiranti\", afferma Vincent Eckert, direttore generale della Fondazione svizzera per il clima. Dalla sua istituzione nel 2009, la fondazione ha sostenuto circa 2100 PMI in Svizzera e nel Liechtenstein con oltre 33 milioni di franchi.<\/p>\r\n<p><em>Fonte: <a href=\"https:\/\/www.gkb.ch\/de\">GKB<\/a><\/em><\/p>\n<p class=\"syndicated-attribution\">Questo articolo \u00e8 apparso originariamente su m-q.ch - <a href=\"https:\/\/www.m-q.ch\/de\/graubuendner-kantonalbank-in-sachen-nachhaltigkeit-mit-aa-bewertet\/\" target=\"_blank\">https:\/\/www.m-q.ch\/de\/graubuendner-kantonalbank-in-sachen-nachhaltigkeit-mit-aa-bewertet\/<\/a><\/p>","protected":false},"excerpt":{"rendered":"<p>Mit der \u00abAA\u00bb Bewertung erh\u00e4lt die Graub\u00fcndner Kantonalbank GKB das zweith\u00f6chste Nachhaltigkeitsrating von MSCI. Die Nachhaltigkeits-Ratings von Agenturen wie MSCI zielen darauf ab, den Umgang eines Unternehmens mit finanziell relevanten ESG-Risiken und -Chancen zu messen. In das Rating fliessen sozial-gesellschaftliche Kriterien (Social), solche der guten Unternehmensf\u00fchrung (Governance) und Aspekte von Umweltauswirkungen (Environmental) mit ein. Nachhaltigkeit: [\u2026]<\/p>\n","protected":false},"author":8,"featured_media":0,"comment_status":"closed","ping_status":"closed","sticky":false,"template":"","format":"standard","meta":{"_acf_changed":false,"_yoast_wpseo_focuskw":"GKB Nachhaltigkeitsrating","_yoast_wpseo_metadesc":"Die GKB erh\u00e4lt ein AA-Nachhaltigkeitsrating von MSCI. Erfahren Sie mehr \u00fcber ihr Engagement und ihre Transparenz.","articlekey":"","footnotes":""},"categories":[582],"tags":[4769,300,4770,1787,3318],"class_list":["post-16372","post","type-post","status-publish","format-standard","hentry","category-operational-excellence","tag-gkb","tag-klimaschutz","tag-msci","tag-nachhaltigkeit","tag-rating"],"acf":[],"yoast_head":"<!-- This site is optimized with the Yoast SEO plugin v27.4 - https:\/\/yoast.com\/product\/yoast-seo-wordpress\/ -->\n<title>Graub\u00fcndner Kantonalbank in Sachen Nachhaltigkeit mit \u00abAA\u00bb bewertet - Organisator<\/title>\n<meta name=\"description\" content=\"Die GKB erh\u00e4lt ein AA-Nachhaltigkeitsrating von MSCI. Erfahren Sie mehr \u00fcber ihr Engagement und ihre Transparenz.\" \/>\n<meta name=\"robots\" content=\"index, follow, max-snippet:-1, max-image-preview:large, max-video-preview:-1\" \/>\n<link rel=\"canonical\" href=\"https:\/\/www.organisator.ch\/it\/eccellenza-operativa\/2022-08-08\/graubuendner-kantonalbank-in-sachen-nachhaltigkeit-mit-aa-bewertet\/\" \/>\n<meta property=\"og:locale\" content=\"it_IT\" \/>\n<meta property=\"og:type\" content=\"article\" \/>\n<meta property=\"og:title\" content=\"Graub\u00fcndner Kantonalbank in Sachen Nachhaltigkeit mit \u00abAA\u00bb bewertet - Organisator\" \/>\n<meta property=\"og:description\" content=\"Die GKB erh\u00e4lt ein AA-Nachhaltigkeitsrating von MSCI. Erfahren Sie mehr \u00fcber ihr Engagement und ihre Transparenz.\" \/>\n<meta property=\"og:url\" content=\"https:\/\/www.organisator.ch\/it\/eccellenza-operativa\/2022-08-08\/graubuendner-kantonalbank-in-sachen-nachhaltigkeit-mit-aa-bewertet\/\" \/>\n<meta property=\"og:site_name\" content=\"Organisator\" \/>\n<meta property=\"article:publisher\" content=\"https:\/\/www.facebook.com\/OrganisatorFachmagazin\" \/>\n<meta property=\"article:published_time\" content=\"2022-08-08T06:32:39+00:00\" \/>\n<meta property=\"article:modified_time\" content=\"2024-11-19T12:57:39+00:00\" \/>\n<meta name=\"author\" content=\"galledia\" \/>\n<meta name=\"twitter:card\" content=\"summary_large_image\" \/>\n<meta name=\"twitter:creator\" content=\"@admin\" \/>\n<script type=\"application\/ld+json\" class=\"yoast-schema-graph\">{\"@context\":\"https:\\\/\\\/schema.org\",\"@graph\":[{\"@type\":\"Article\",\"@id\":\"https:\\\/\\\/www.organisator.ch\\\/operational-excellence\\\/2022-08-08\\\/graubuendner-kantonalbank-in-sachen-nachhaltigkeit-mit-aa-bewertet\\\/#article\",\"isPartOf\":{\"@id\":\"https:\\\/\\\/www.organisator.ch\\\/operational-excellence\\\/2022-08-08\\\/graubuendner-kantonalbank-in-sachen-nachhaltigkeit-mit-aa-bewertet\\\/\"},\"author\":{\"name\":\"galledia\",\"@id\":\"https:\\\/\\\/www.organisator.ch\\\/#\\\/schema\\\/person\\\/4e51799071cd2dd1232ac003643ef5f0\"},\"headline\":\"Graub\u00fcndner Kantonalbank in Sachen Nachhaltigkeit mit \u00abAA\u00bb bewertet\",\"datePublished\":\"2022-08-08T06:32:39+00:00\",\"dateModified\":\"2024-11-19T12:57:39+00:00\",\"mainEntityOfPage\":{\"@id\":\"https:\\\/\\\/www.organisator.ch\\\/operational-excellence\\\/2022-08-08\\\/graubuendner-kantonalbank-in-sachen-nachhaltigkeit-mit-aa-bewertet\\\/\"},\"wordCount\":388,\"publisher\":{\"@id\":\"https:\\\/\\\/www.organisator.ch\\\/#organization\"},\"image\":{\"@id\":\"https:\\\/\\\/www.organisator.ch\\\/operational-excellence\\\/2022-08-08\\\/graubuendner-kantonalbank-in-sachen-nachhaltigkeit-mit-aa-bewertet\\\/#primaryimage\"},\"thumbnailUrl\":\"https:\\\/\\\/www.m-q.ch\\\/wp-content\\\/uploads\\\/2022\\\/08\\\/Graubuendner-Kantonalbank-in-Sachen-Nachhaltigkeit-mit-AA-bewertet_MQ.jpg\",\"keywords\":[\"GKB\",\"Klimaschutz\",\"MSCI\",\"Nachhaltigkeit\",\"Rating\"],\"articleSection\":[\"OPERATIONAL EXCELLENCE\"],\"inLanguage\":\"it-IT\"},{\"@type\":\"WebPage\",\"@id\":\"https:\\\/\\\/www.organisator.ch\\\/operational-excellence\\\/2022-08-08\\\/graubuendner-kantonalbank-in-sachen-nachhaltigkeit-mit-aa-bewertet\\\/\",\"url\":\"https:\\\/\\\/www.organisator.ch\\\/operational-excellence\\\/2022-08-08\\\/graubuendner-kantonalbank-in-sachen-nachhaltigkeit-mit-aa-bewertet\\\/\",\"name\":\"Graub\u00fcndner Kantonalbank in Sachen Nachhaltigkeit mit \u00abAA\u00bb bewertet - Organisator\",\"isPartOf\":{\"@id\":\"https:\\\/\\\/www.organisator.ch\\\/#website\"},\"primaryImageOfPage\":{\"@id\":\"https:\\\/\\\/www.organisator.ch\\\/operational-excellence\\\/2022-08-08\\\/graubuendner-kantonalbank-in-sachen-nachhaltigkeit-mit-aa-bewertet\\\/#primaryimage\"},\"image\":{\"@id\":\"https:\\\/\\\/www.organisator.ch\\\/operational-excellence\\\/2022-08-08\\\/graubuendner-kantonalbank-in-sachen-nachhaltigkeit-mit-aa-bewertet\\\/#primaryimage\"},\"thumbnailUrl\":\"https:\\\/\\\/www.m-q.ch\\\/wp-content\\\/uploads\\\/2022\\\/08\\\/Graubuendner-Kantonalbank-in-Sachen-Nachhaltigkeit-mit-AA-bewertet_MQ.jpg\",\"datePublished\":\"2022-08-08T06:32:39+00:00\",\"dateModified\":\"2024-11-19T12:57:39+00:00\",\"description\":\"Die GKB erh\u00e4lt ein AA-Nachhaltigkeitsrating von MSCI. Erfahren Sie mehr \u00fcber ihr Engagement und ihre Transparenz.\",\"breadcrumb\":{\"@id\":\"https:\\\/\\\/www.organisator.ch\\\/operational-excellence\\\/2022-08-08\\\/graubuendner-kantonalbank-in-sachen-nachhaltigkeit-mit-aa-bewertet\\\/#breadcrumb\"},\"inLanguage\":\"it-IT\",\"potentialAction\":[{\"@type\":\"ReadAction\",\"target\":[\"https:\\\/\\\/www.organisator.ch\\\/operational-excellence\\\/2022-08-08\\\/graubuendner-kantonalbank-in-sachen-nachhaltigkeit-mit-aa-bewertet\\\/\"]}]},{\"@type\":\"ImageObject\",\"inLanguage\":\"it-IT\",\"@id\":\"https:\\\/\\\/www.organisator.ch\\\/operational-excellence\\\/2022-08-08\\\/graubuendner-kantonalbank-in-sachen-nachhaltigkeit-mit-aa-bewertet\\\/#primaryimage\",\"url\":\"https:\\\/\\\/www.m-q.ch\\\/wp-content\\\/uploads\\\/2022\\\/08\\\/Graubuendner-Kantonalbank-in-Sachen-Nachhaltigkeit-mit-AA-bewertet_MQ.jpg\",\"contentUrl\":\"https:\\\/\\\/www.m-q.ch\\\/wp-content\\\/uploads\\\/2022\\\/08\\\/Graubuendner-Kantonalbank-in-Sachen-Nachhaltigkeit-mit-AA-bewertet_MQ.jpg\"},{\"@type\":\"BreadcrumbList\",\"@id\":\"https:\\\/\\\/www.organisator.ch\\\/operational-excellence\\\/2022-08-08\\\/graubuendner-kantonalbank-in-sachen-nachhaltigkeit-mit-aa-bewertet\\\/#breadcrumb\",\"itemListElement\":[{\"@type\":\"ListItem\",\"position\":1,\"name\":\"Home\",\"item\":\"https:\\\/\\\/www.organisator.ch\\\/\"},{\"@type\":\"ListItem\",\"position\":2,\"name\":\"Graub\u00fcndner Kantonalbank in Sachen Nachhaltigkeit mit \u00abAA\u00bb bewertet\"}]},{\"@type\":\"WebSite\",\"@id\":\"https:\\\/\\\/www.organisator.ch\\\/#website\",\"url\":\"https:\\\/\\\/www.organisator.ch\\\/\",\"name\":\"Organisator\",\"description\":\"Kompetent. Praxisnah. Der ORGANISATOR bereitet in 10 Ausgaben pro Jahr die wesentlichen Themen f\u00fcr F\u00fchrungskr\u00e4fte von KMU auf.\",\"publisher\":{\"@id\":\"https:\\\/\\\/www.organisator.ch\\\/#organization\"},\"potentialAction\":[{\"@type\":\"SearchAction\",\"target\":{\"@type\":\"EntryPoint\",\"urlTemplate\":\"https:\\\/\\\/www.organisator.ch\\\/?s={search_term_string}\"},\"query-input\":{\"@type\":\"PropertyValueSpecification\",\"valueRequired\":true,\"valueName\":\"search_term_string\"}}],\"inLanguage\":\"it-IT\"},{\"@type\":\"Organization\",\"@id\":\"https:\\\/\\\/www.organisator.ch\\\/#organization\",\"name\":\"Organisator\",\"url\":\"https:\\\/\\\/www.organisator.ch\\\/\",\"logo\":{\"@type\":\"ImageObject\",\"inLanguage\":\"it-IT\",\"@id\":\"https:\\\/\\\/www.organisator.ch\\\/#\\\/schema\\\/logo\\\/image\\\/\",\"url\":\"https:\\\/\\\/www.organisator.ch\\\/wp-content\\\/uploads\\\/2022\\\/01\\\/Logo_Organisator_Website.png\",\"contentUrl\":\"https:\\\/\\\/www.organisator.ch\\\/wp-content\\\/uploads\\\/2022\\\/01\\\/Logo_Organisator_Website.png\",\"width\":800,\"height\":77,\"caption\":\"Organisator\"},\"image\":{\"@id\":\"https:\\\/\\\/www.organisator.ch\\\/#\\\/schema\\\/logo\\\/image\\\/\"},\"sameAs\":[\"https:\\\/\\\/www.facebook.com\\\/OrganisatorFachmagazin\",\"https:\\\/\\\/www.linkedin.com\\\/showcase\\\/organisator-das-magazin-fr-kmu\",\"https:\\\/\\\/www.xing.com\\\/news\\\/pages\\\/organisator-ch-695\",\"https:\\\/\\\/www.youtube.com\\\/channel\\\/UCGP2Sq0iWaZwT3BdIAQFYpw\"]},{\"@type\":\"Person\",\"@id\":\"https:\\\/\\\/www.organisator.ch\\\/#\\\/schema\\\/person\\\/4e51799071cd2dd1232ac003643ef5f0\",\"name\":\"galledia\",\"image\":{\"@type\":\"ImageObject\",\"inLanguage\":\"it-IT\",\"@id\":\"https:\\\/\\\/secure.gravatar.com\\\/avatar\\\/78a7f90c01fc2bfc875782a0d4922b37cde2cf184ce347b91316d23cd7f69a36?s=96&d=mm&r=g\",\"url\":\"https:\\\/\\\/secure.gravatar.com\\\/avatar\\\/78a7f90c01fc2bfc875782a0d4922b37cde2cf184ce347b91316d23cd7f69a36?s=96&d=mm&r=g\",\"contentUrl\":\"https:\\\/\\\/secure.gravatar.com\\\/avatar\\\/78a7f90c01fc2bfc875782a0d4922b37cde2cf184ce347b91316d23cd7f69a36?s=96&d=mm&r=g\",\"caption\":\"galledia\"},\"sameAs\":[\"https:\\\/\\\/x.com\\\/admin\"],\"url\":\"https:\\\/\\\/www.organisator.ch\\\/it\\\/author\\\/galledia\\\/\"}]}<\/script>\n<!-- \/ Yoast SEO plugin. -->","yoast_head_json":{"title":"La Banca Cantonale Grigione ha ottenuto il rating \"AA\" per la sostenibilit\u00e0 - Organizzatore","description":"GKB riceve il rating di sostenibilit\u00e0 AA da MSCI. Scoprite di pi\u00f9 sul suo impegno e sulla sua trasparenza.","robots":{"index":"index","follow":"follow","max-snippet":"max-snippet:-1","max-image-preview":"max-image-preview:large","max-video-preview":"max-video-preview:-1"},"canonical":"https:\/\/www.organisator.ch\/it\/eccellenza-operativa\/2022-08-08\/graubuendner-kantonalbank-in-sachen-nachhaltigkeit-mit-aa-bewertet\/","og_locale":"it_IT","og_type":"article","og_title":"Graub\u00fcndner Kantonalbank in Sachen Nachhaltigkeit mit \u00abAA\u00bb bewertet - Organisator","og_description":"Die GKB erh\u00e4lt ein AA-Nachhaltigkeitsrating von MSCI. Erfahren Sie mehr \u00fcber ihr Engagement und ihre Transparenz.","og_url":"https:\/\/www.organisator.ch\/it\/eccellenza-operativa\/2022-08-08\/graubuendner-kantonalbank-in-sachen-nachhaltigkeit-mit-aa-bewertet\/","og_site_name":"Organisator","article_publisher":"https:\/\/www.facebook.com\/OrganisatorFachmagazin","article_published_time":"2022-08-08T06:32:39+00:00","article_modified_time":"2024-11-19T12:57:39+00:00","author":"galledia","twitter_card":"summary_large_image","twitter_creator":"@admin","schema":{"@context":"https:\/\/schema.org","@graph":[{"@type":"Article","@id":"https:\/\/www.organisator.ch\/operational-excellence\/2022-08-08\/graubuendner-kantonalbank-in-sachen-nachhaltigkeit-mit-aa-bewertet\/#article","isPartOf":{"@id":"https:\/\/www.organisator.ch\/operational-excellence\/2022-08-08\/graubuendner-kantonalbank-in-sachen-nachhaltigkeit-mit-aa-bewertet\/"},"author":{"name":"galledia","@id":"https:\/\/www.organisator.ch\/#\/schema\/person\/4e51799071cd2dd1232ac003643ef5f0"},"headline":"Graub\u00fcndner Kantonalbank in Sachen Nachhaltigkeit mit \u00abAA\u00bb bewertet","datePublished":"2022-08-08T06:32:39+00:00","dateModified":"2024-11-19T12:57:39+00:00","mainEntityOfPage":{"@id":"https:\/\/www.organisator.ch\/operational-excellence\/2022-08-08\/graubuendner-kantonalbank-in-sachen-nachhaltigkeit-mit-aa-bewertet\/"},"wordCount":388,"publisher":{"@id":"https:\/\/www.organisator.ch\/#organization"},"image":{"@id":"https:\/\/www.organisator.ch\/operational-excellence\/2022-08-08\/graubuendner-kantonalbank-in-sachen-nachhaltigkeit-mit-aa-bewertet\/#primaryimage"},"thumbnailUrl":"https:\/\/www.m-q.ch\/wp-content\/uploads\/2022\/08\/Graubuendner-Kantonalbank-in-Sachen-Nachhaltigkeit-mit-AA-bewertet_MQ.jpg","keywords":["GKB","Klimaschutz","MSCI","Nachhaltigkeit","Rating"],"articleSection":["OPERATIONAL EXCELLENCE"],"inLanguage":"it-IT"},{"@type":"WebPage","@id":"https:\/\/www.organisator.ch\/operational-excellence\/2022-08-08\/graubuendner-kantonalbank-in-sachen-nachhaltigkeit-mit-aa-bewertet\/","url":"https:\/\/www.organisator.ch\/operational-excellence\/2022-08-08\/graubuendner-kantonalbank-in-sachen-nachhaltigkeit-mit-aa-bewertet\/","name":"La Banca Cantonale Grigione ha ottenuto il rating \"AA\" per la sostenibilit\u00e0 - Organizzatore","isPartOf":{"@id":"https:\/\/www.organisator.ch\/#website"},"primaryImageOfPage":{"@id":"https:\/\/www.organisator.ch\/operational-excellence\/2022-08-08\/graubuendner-kantonalbank-in-sachen-nachhaltigkeit-mit-aa-bewertet\/#primaryimage"},"image":{"@id":"https:\/\/www.organisator.ch\/operational-excellence\/2022-08-08\/graubuendner-kantonalbank-in-sachen-nachhaltigkeit-mit-aa-bewertet\/#primaryimage"},"thumbnailUrl":"https:\/\/www.m-q.ch\/wp-content\/uploads\/2022\/08\/Graubuendner-Kantonalbank-in-Sachen-Nachhaltigkeit-mit-AA-bewertet_MQ.jpg","datePublished":"2022-08-08T06:32:39+00:00","dateModified":"2024-11-19T12:57:39+00:00","description":"GKB riceve il rating di sostenibilit\u00e0 AA da MSCI. Scoprite di pi\u00f9 sul suo impegno e sulla sua trasparenza.","breadcrumb":{"@id":"https:\/\/www.organisator.ch\/operational-excellence\/2022-08-08\/graubuendner-kantonalbank-in-sachen-nachhaltigkeit-mit-aa-bewertet\/#breadcrumb"},"inLanguage":"it-IT","potentialAction":[{"@type":"ReadAction","target":["https:\/\/www.organisator.ch\/operational-excellence\/2022-08-08\/graubuendner-kantonalbank-in-sachen-nachhaltigkeit-mit-aa-bewertet\/"]}]},{"@type":"ImageObject","inLanguage":"it-IT","@id":"https:\/\/www.organisator.ch\/operational-excellence\/2022-08-08\/graubuendner-kantonalbank-in-sachen-nachhaltigkeit-mit-aa-bewertet\/#primaryimage","url":"https:\/\/www.m-q.ch\/wp-content\/uploads\/2022\/08\/Graubuendner-Kantonalbank-in-Sachen-Nachhaltigkeit-mit-AA-bewertet_MQ.jpg","contentUrl":"https:\/\/www.m-q.ch\/wp-content\/uploads\/2022\/08\/Graubuendner-Kantonalbank-in-Sachen-Nachhaltigkeit-mit-AA-bewertet_MQ.jpg"},{"@type":"BreadcrumbList","@id":"https:\/\/www.organisator.ch\/operational-excellence\/2022-08-08\/graubuendner-kantonalbank-in-sachen-nachhaltigkeit-mit-aa-bewertet\/#breadcrumb","itemListElement":[{"@type":"ListItem","position":1,"name":"Home","item":"https:\/\/www.organisator.ch\/"},{"@type":"ListItem","position":2,"name":"Graub\u00fcndner Kantonalbank in Sachen Nachhaltigkeit mit \u00abAA\u00bb bewertet"}]},{"@type":"WebSite","@id":"https:\/\/www.organisator.ch\/#website","url":"https:\/\/www.organisator.ch\/","name":"Organizzatore","description":"Competente. Pratico. In 10 numeri all'anno, ORGANISATOR presenta i temi essenziali per i manager delle PMI.","publisher":{"@id":"https:\/\/www.organisator.ch\/#organization"},"potentialAction":[{"@type":"SearchAction","target":{"@type":"EntryPoint","urlTemplate":"https:\/\/www.organisator.ch\/?s={search_term_string}"},"query-input":{"@type":"PropertyValueSpecification","valueRequired":true,"valueName":"search_term_string"}}],"inLanguage":"it-IT"},{"@type":"Organization","@id":"https:\/\/www.organisator.ch\/#organization","name":"Organizzatore","url":"https:\/\/www.organisator.ch\/","logo":{"@type":"ImageObject","inLanguage":"it-IT","@id":"https:\/\/www.organisator.ch\/#\/schema\/logo\/image\/","url":"https:\/\/www.organisator.ch\/wp-content\/uploads\/2022\/01\/Logo_Organisator_Website.png","contentUrl":"https:\/\/www.organisator.ch\/wp-content\/uploads\/2022\/01\/Logo_Organisator_Website.png","width":800,"height":77,"caption":"Organisator"},"image":{"@id":"https:\/\/www.organisator.ch\/#\/schema\/logo\/image\/"},"sameAs":["https:\/\/www.facebook.com\/OrganisatorFachmagazin","https:\/\/www.linkedin.com\/showcase\/organisator-das-magazin-fr-kmu","https:\/\/www.xing.com\/news\/pages\/organisator-ch-695","https:\/\/www.youtube.com\/channel\/UCGP2Sq0iWaZwT3BdIAQFYpw"]},{"@type":"Person","@id":"https:\/\/www.organisator.ch\/#\/schema\/person\/4e51799071cd2dd1232ac003643ef5f0","name":"galledia","image":{"@type":"ImageObject","inLanguage":"it-IT","@id":"https:\/\/secure.gravatar.com\/avatar\/78a7f90c01fc2bfc875782a0d4922b37cde2cf184ce347b91316d23cd7f69a36?s=96&d=mm&r=g","url":"https:\/\/secure.gravatar.com\/avatar\/78a7f90c01fc2bfc875782a0d4922b37cde2cf184ce347b91316d23cd7f69a36?s=96&d=mm&r=g","contentUrl":"https:\/\/secure.gravatar.com\/avatar\/78a7f90c01fc2bfc875782a0d4922b37cde2cf184ce347b91316d23cd7f69a36?s=96&d=mm&r=g","caption":"galledia"},"sameAs":["https:\/\/x.com\/admin"],"url":"https:\/\/www.organisator.ch\/it\/author\/galledia\/"}]}},"_links":{"self":[{"href":"https:\/\/www.organisator.ch\/it\/wp-json\/wp\/v2\/posts\/16372","targetHints":{"allow":["GET"]}}],"collection":[{"href":"https:\/\/www.organisator.ch\/it\/wp-json\/wp\/v2\/posts"}],"about":[{"href":"https:\/\/www.organisator.ch\/it\/wp-json\/wp\/v2\/types\/post"}],"author":[{"embeddable":true,"href":"https:\/\/www.organisator.ch\/it\/wp-json\/wp\/v2\/users\/8"}],"replies":[{"embeddable":true,"href":"https:\/\/www.organisator.ch\/it\/wp-json\/wp\/v2\/comments?post=16372"}],"version-history":[{"count":3,"href":"https:\/\/www.organisator.ch\/it\/wp-json\/wp\/v2\/posts\/16372\/revisions"}],"predecessor-version":[{"id":33530,"href":"https:\/\/www.organisator.ch\/it\/wp-json\/wp\/v2\/posts\/16372\/revisions\/33530"}],"wp:attachment":[{"href":"https:\/\/www.organisator.ch\/it\/wp-json\/wp\/v2\/media?parent=16372"}],"wp:term":[{"taxonomy":"category","embeddable":true,"href":"https:\/\/www.organisator.ch\/it\/wp-json\/wp\/v2\/categories?post=16372"},{"taxonomy":"post_tag","embeddable":true,"href":"https:\/\/www.organisator.ch\/it\/wp-json\/wp\/v2\/tags?post=16372"}],"curies":[{"name":"wp","href":"https:\/\/api.w.org\/{rel}","templated":true}]}}