{"id":1639,"date":"2017-03-14T08:17:40","date_gmt":"2017-03-14T07:17:40","guid":{"rendered":"https:\/\/www.organisator.ch\/?p=1639"},"modified":"2017-03-14T08:17:40","modified_gmt":"2017-03-14T07:17:40","slug":"schweizer-trauen-versicherungen-mehr-als-google-oder-facebook","status":"publish","type":"post","link":"https:\/\/www.organisator.ch\/it\/management\/finanzen_recht\/2017-03-14\/schweizer-trauen-versicherungen-mehr-als-google-oder-facebook\/","title":{"rendered":"Gli svizzeri si fidano pi\u00f9 delle compagnie di assicurazione che di Google o Facebook"},"content":{"rendered":"<figure id=\"attachment_1641\" aria-describedby=\"caption-attachment-1641\" style=\"width: 640px\" class=\"wp-caption alignnone\"><img loading=\"lazy\" decoding=\"async\" class=\"size-full wp-image-1641\" src=\"https:\/\/www.organisator.ch\/wp-content\/uploads\/2017\/03\/Schweizer-trauen-Versicherungen-mehr-als-Google-oder-Facebook_Organisator.png\" alt=\"\" width=\"640\" height=\"427\" srcset=\"https:\/\/www.organisator.ch\/wp-content\/uploads\/2017\/03\/Schweizer-trauen-Versicherungen-mehr-als-Google-oder-Facebook_Organisator.png 640w, https:\/\/www.organisator.ch\/wp-content\/uploads\/2017\/03\/Schweizer-trauen-Versicherungen-mehr-als-Google-oder-Facebook_Organisator-16x12.png 16w, https:\/\/www.organisator.ch\/wp-content\/uploads\/2017\/03\/Schweizer-trauen-Versicherungen-mehr-als-Google-oder-Facebook_Organisator-262x175.png 262w, https:\/\/www.organisator.ch\/wp-content\/uploads\/2017\/03\/Schweizer-trauen-Versicherungen-mehr-als-Google-oder-Facebook_Organisator-525x350.png 525w, https:\/\/www.organisator.ch\/wp-content\/uploads\/2017\/03\/Schweizer-trauen-Versicherungen-mehr-als-Google-oder-Facebook_Organisator-300x200.png 300w\" sizes=\"auto, (max-width: 640px) 100vw, 640px\" \/><figcaption id=\"caption-attachment-1641\" class=\"wp-caption-text\">Gli svizzeri si fidano pi\u00f9 delle compagnie di assicurazione che di Google o Facebook (Immagine: PD)<\/figcaption><\/figure>\n<p>Sempre pi\u00f9 persone sono disposte a fornire alle loro compagnie di assicurazione dati comportamentali specifici e personalizzati se ci\u00f2 significa che possono beneficiare come clienti di tariffe pi\u00f9 favorevoli. Per esempio, il 66% degli svizzeri crede che darebbe alla sua compagnia di assicurazione auto l'accesso ai suoi dati personali di guida se questo significasse che la guida responsabile sarebbe premiata finanziariamente. E un chiaro 85% degli intervistati crede di fidarsi pi\u00f9 delle compagnie di assicurazione che di Google o Facebook per gestire questi dati personali in modo responsabile.  Questi sono i risultati principali di un sondaggio online condotto dalla societ\u00e0 di consulenza globale Prophet sul tema \"Quanto \u00e8 importante per lei la trasparenza sui suoi contratti assicurativi?\", per il quale sono stati interrogati 250 adulti in Svizzera nel febbraio di quest'anno.<\/p>\n<p><strong>Gli assicuratori lottano con la digitalizzazione<\/strong><\/p>\n<p>Gli assicuratori, tuttavia, hanno ancora difficolt\u00e0 con la trasformazione digitale. Secondo l'opinione di molti clienti, le compagnie di assicurazione hanno finora fallito nell'implementare in modo coerente la digitalizzazione del business assicurativo. Il 73% degli intervistati si lamenta della scarsa qualit\u00e0 della presenza online delle compagnie di assicurazione. I consumatori preferiscono quindi informarsi su tariffe e prezzi del settore sui portali di comparazione. Il 55% degli svizzeri si lamenta anche di non avere una panoramica sufficiente della propria copertura assicurativa personale.<\/p>\n<p><strong>Molta fiducia nell'assicurazione<\/strong><\/p>\n<p>Oltre agli aspetti tecnici, si tratta anche di una profonda trasformazione organizzativa e culturale dell'industria. \"Coloro che vogliono sopravvivere nel futuro ambiente competitivo devono utilizzare la digitalizzazione che avanza nell'interazione con i clienti, l'integrazione dei processi e l'offerta di prodotti per creare un'esperienza moderna e coerente per i clienti\", \u00e8 cos\u00ec che il nuovo partner Prophet Wolfgang Jacob valuta i risultati dell'indagine. Jacob, che in futuro diriger\u00e0 la divisione \"Financial Services\" per Prophet in Svizzera e Germania, ha precedentemente ricoperto posizioni di rilievo presso Credit Suisse, Commerzbank e il gruppo Gerling (ora HDI).<\/p>\n<p>Gli assicuratori di successo approfitterebbero del fatto che la gente si fida molto di pi\u00f9 di Google o Facebook quando si tratta di sicurezza dei dati, dice l'esperto di assicurazioni Jacob: \"I giovani in particolare sono abituati ad avere i loro dati raccolti tutto il tempo\". Le possibilit\u00e0 tecniche e legali per le tariffe personalizzate ci sono per lo pi\u00f9, dice. \"L'unica cosa che resta da vedere \u00e8 quale azienda sar\u00e0 la prima a mettere in rete gli elementi in modo veramente intelligente e orientato al cliente per generare un vantaggio competitivo\", dice Jacob.<\/p>\n<p><em>Fonte: <a href=\"http:\/\/www.prophet.com\">www.prophet.com<\/a><\/em><\/p>","protected":false},"excerpt":{"rendered":"<p>Immer mehr Menschen sind bereit, ihren Versicherungen spezifische, personalisierte Verhaltensdaten zur Verf\u00fcgung zu stellen, wenn sie dadurch als Kunde von g\u00fcnstigeren Tarifen profitieren k\u00f6nnen. So meinen immerhin 66 Prozent der Schweizer, dass sie ihrer Autoversicherung Zugang \u00a0zu ihren pers\u00f6nlichen Fahrdaten geben w\u00fcrden, falls dadurch eine verantwortungsvolle Fahrweise finanziell entlohnt werde. Und deutliche 85 Prozent der [&hellip;]<\/p>\n","protected":false},"author":4,"featured_media":1641,"comment_status":"open","ping_status":"open","sticky":false,"template":"","format":"standard","meta":{"_acf_changed":false,"_yoast_wpseo_focuskw":"Versicherungen","_yoast_wpseo_metadesc":"Zwei Drittel der Schweizer w\u00fcrden den Versicherungen Daten \u00fcber ihr pers\u00f6nliches Verhalten zur Verf\u00fcgung stellen - gegen g\u00fcnstigere Pr\u00e4mien.","articlekey":"","footnotes":""},"categories":[24],"tags":[156,393,434,511],"class_list":["post-1639","post","type-post","status-publish","format-standard","has-post-thumbnail","hentry","category-finanzen_recht","tag-digitalisierung","tag-produkte","tag-sicherheit","tag-versicherungen"],"acf":[],"yoast_head":"<!-- This site is optimized with the Yoast SEO plugin v27.4 - https:\/\/yoast.com\/product\/yoast-seo-wordpress\/ -->\n<title>Schweizer trauen Versicherungen mehr als Google oder Facebook - Organisator<\/title>\n<meta name=\"description\" content=\"Zwei Drittel der Schweizer w\u00fcrden den Versicherungen Daten \u00fcber ihr pers\u00f6nliches Verhalten zur Verf\u00fcgung stellen - gegen g\u00fcnstigere Pr\u00e4mien.\" \/>\n<meta name=\"robots\" content=\"index, follow, max-snippet:-1, max-image-preview:large, max-video-preview:-1\" \/>\n<link rel=\"canonical\" href=\"https:\/\/www.organisator.ch\/it\/gestione-2\/finanzen_recht\/2017-03-14\/schweizer-trauen-versicherungen-mehr-als-google-oder-facebook\/\" \/>\n<meta property=\"og:locale\" content=\"it_IT\" \/>\n<meta property=\"og:type\" content=\"article\" \/>\n<meta property=\"og:title\" content=\"Schweizer trauen Versicherungen mehr als Google oder Facebook\" \/>\n<meta property=\"og:description\" content=\"Zwei Drittel der Schweizer w\u00fcrden den #Versicherungen Daten \u00fcber ihr pers\u00f6nliches Verhalten zur Verf\u00fcgung stellen, wenn sie daf\u00fcr in Genuss von g\u00fcnstigeren #Pr\u00e4mien kommen. Andererseits hinken Versicherer der Digitalisierung noch hinterher.\" \/>\n<meta property=\"og:url\" content=\"https:\/\/www.organisator.ch\/it\/gestione-2\/finanzen_recht\/2017-03-14\/schweizer-trauen-versicherungen-mehr-als-google-oder-facebook\/\" \/>\n<meta property=\"og:site_name\" content=\"Organisator\" \/>\n<meta property=\"article:publisher\" content=\"https:\/\/www.facebook.com\/OrganisatorFachmagazin\" \/>\n<meta property=\"article:published_time\" content=\"2017-03-14T07:17:40+00:00\" \/>\n<meta property=\"og:image\" content=\"https:\/\/www.organisator.ch\/wp-content\/uploads\/2017\/03\/Schweizer-trauen-Versicherungen-mehr-als-Google-oder-Facebook_Organisator.png\" \/>\n\t<meta property=\"og:image:width\" content=\"640\" \/>\n\t<meta property=\"og:image:height\" content=\"427\" \/>\n\t<meta property=\"og:image:type\" content=\"image\/png\" \/>\n<meta name=\"author\" content=\"thomas.berner\" \/>\n<meta name=\"twitter:card\" content=\"summary_large_image\" \/>\n<meta name=\"twitter:title\" content=\"#Schweizer trauen #Versicherungen mehr als #Google oder #Facebook\" \/>\n<meta name=\"twitter:description\" content=\"Zwei Drittel der Schweizer w\u00fcrden den #Versicherungen Daten \u00fcber ihr pers\u00f6nliches Verhalten zur Verf\u00fcgung stellen, wenn sie daf\u00fcr in Genuss von g\u00fcnstigeren #Pr\u00e4mien kommen. Andererseits hinken Versicherer der Digitalisierung noch hinterher.\" \/>\n<meta name=\"twitter:image\" content=\"https:\/\/www.organisator.ch\/wp-content\/uploads\/2017\/03\/Schweizer-trauen-Versicherungen-mehr-als-Google-oder-Facebook_Organisator.png\" \/>\n<script type=\"application\/ld+json\" class=\"yoast-schema-graph\">{\"@context\":\"https:\\\/\\\/schema.org\",\"@graph\":[{\"@type\":\"Article\",\"@id\":\"https:\\\/\\\/www.organisator.ch\\\/management\\\/finanzen_recht\\\/2017-03-14\\\/schweizer-trauen-versicherungen-mehr-als-google-oder-facebook\\\/#article\",\"isPartOf\":{\"@id\":\"https:\\\/\\\/www.organisator.ch\\\/management\\\/finanzen_recht\\\/2017-03-14\\\/schweizer-trauen-versicherungen-mehr-als-google-oder-facebook\\\/\"},\"author\":{\"name\":\"thomas.berner\",\"@id\":\"https:\\\/\\\/www.organisator.ch\\\/#\\\/schema\\\/person\\\/6f650f90b2842cd4c0cc334b4e36f67e\"},\"headline\":\"Schweizer trauen Versicherungen mehr als Google oder Facebook\",\"datePublished\":\"2017-03-14T07:17:40+00:00\",\"mainEntityOfPage\":{\"@id\":\"https:\\\/\\\/www.organisator.ch\\\/management\\\/finanzen_recht\\\/2017-03-14\\\/schweizer-trauen-versicherungen-mehr-als-google-oder-facebook\\\/\"},\"wordCount\":385,\"commentCount\":0,\"publisher\":{\"@id\":\"https:\\\/\\\/www.organisator.ch\\\/#organization\"},\"image\":{\"@id\":\"https:\\\/\\\/www.organisator.ch\\\/management\\\/finanzen_recht\\\/2017-03-14\\\/schweizer-trauen-versicherungen-mehr-als-google-oder-facebook\\\/#primaryimage\"},\"thumbnailUrl\":\"https:\\\/\\\/www.organisator.ch\\\/wp-content\\\/uploads\\\/2017\\\/03\\\/Schweizer-trauen-Versicherungen-mehr-als-Google-oder-Facebook_Organisator.png\",\"keywords\":[\"Digitalisierung\",\"Produkte\",\"Sicherheit\",\"Versicherungen\"],\"articleSection\":[\"FINANZEN\\\/RECHT\"],\"inLanguage\":\"it-IT\"},{\"@type\":\"WebPage\",\"@id\":\"https:\\\/\\\/www.organisator.ch\\\/management\\\/finanzen_recht\\\/2017-03-14\\\/schweizer-trauen-versicherungen-mehr-als-google-oder-facebook\\\/\",\"url\":\"https:\\\/\\\/www.organisator.ch\\\/management\\\/finanzen_recht\\\/2017-03-14\\\/schweizer-trauen-versicherungen-mehr-als-google-oder-facebook\\\/\",\"name\":\"Schweizer trauen Versicherungen mehr als Google oder Facebook - Organisator\",\"isPartOf\":{\"@id\":\"https:\\\/\\\/www.organisator.ch\\\/#website\"},\"primaryImageOfPage\":{\"@id\":\"https:\\\/\\\/www.organisator.ch\\\/management\\\/finanzen_recht\\\/2017-03-14\\\/schweizer-trauen-versicherungen-mehr-als-google-oder-facebook\\\/#primaryimage\"},\"image\":{\"@id\":\"https:\\\/\\\/www.organisator.ch\\\/management\\\/finanzen_recht\\\/2017-03-14\\\/schweizer-trauen-versicherungen-mehr-als-google-oder-facebook\\\/#primaryimage\"},\"thumbnailUrl\":\"https:\\\/\\\/www.organisator.ch\\\/wp-content\\\/uploads\\\/2017\\\/03\\\/Schweizer-trauen-Versicherungen-mehr-als-Google-oder-Facebook_Organisator.png\",\"datePublished\":\"2017-03-14T07:17:40+00:00\",\"description\":\"Zwei Drittel der Schweizer w\u00fcrden den Versicherungen Daten \u00fcber ihr pers\u00f6nliches Verhalten zur Verf\u00fcgung stellen - gegen g\u00fcnstigere Pr\u00e4mien.\",\"breadcrumb\":{\"@id\":\"https:\\\/\\\/www.organisator.ch\\\/management\\\/finanzen_recht\\\/2017-03-14\\\/schweizer-trauen-versicherungen-mehr-als-google-oder-facebook\\\/#breadcrumb\"},\"inLanguage\":\"it-IT\",\"potentialAction\":[{\"@type\":\"ReadAction\",\"target\":[\"https:\\\/\\\/www.organisator.ch\\\/management\\\/finanzen_recht\\\/2017-03-14\\\/schweizer-trauen-versicherungen-mehr-als-google-oder-facebook\\\/\"]}]},{\"@type\":\"ImageObject\",\"inLanguage\":\"it-IT\",\"@id\":\"https:\\\/\\\/www.organisator.ch\\\/management\\\/finanzen_recht\\\/2017-03-14\\\/schweizer-trauen-versicherungen-mehr-als-google-oder-facebook\\\/#primaryimage\",\"url\":\"https:\\\/\\\/www.organisator.ch\\\/wp-content\\\/uploads\\\/2017\\\/03\\\/Schweizer-trauen-Versicherungen-mehr-als-Google-oder-Facebook_Organisator.png\",\"contentUrl\":\"https:\\\/\\\/www.organisator.ch\\\/wp-content\\\/uploads\\\/2017\\\/03\\\/Schweizer-trauen-Versicherungen-mehr-als-Google-oder-Facebook_Organisator.png\",\"width\":640,\"height\":427,\"caption\":\"Schweizer trauen Versicherungen mehr als Google oder Facebook (Bild: PD)\"},{\"@type\":\"BreadcrumbList\",\"@id\":\"https:\\\/\\\/www.organisator.ch\\\/management\\\/finanzen_recht\\\/2017-03-14\\\/schweizer-trauen-versicherungen-mehr-als-google-oder-facebook\\\/#breadcrumb\",\"itemListElement\":[{\"@type\":\"ListItem\",\"position\":1,\"name\":\"Home\",\"item\":\"https:\\\/\\\/www.organisator.ch\\\/\"},{\"@type\":\"ListItem\",\"position\":2,\"name\":\"Schweizer trauen Versicherungen mehr als Google oder Facebook\"}]},{\"@type\":\"WebSite\",\"@id\":\"https:\\\/\\\/www.organisator.ch\\\/#website\",\"url\":\"https:\\\/\\\/www.organisator.ch\\\/\",\"name\":\"Organisator\",\"description\":\"Kompetent. Praxisnah. Der ORGANISATOR bereitet in 10 Ausgaben pro Jahr die wesentlichen Themen f\u00fcr F\u00fchrungskr\u00e4fte von KMU auf.\",\"publisher\":{\"@id\":\"https:\\\/\\\/www.organisator.ch\\\/#organization\"},\"potentialAction\":[{\"@type\":\"SearchAction\",\"target\":{\"@type\":\"EntryPoint\",\"urlTemplate\":\"https:\\\/\\\/www.organisator.ch\\\/?s={search_term_string}\"},\"query-input\":{\"@type\":\"PropertyValueSpecification\",\"valueRequired\":true,\"valueName\":\"search_term_string\"}}],\"inLanguage\":\"it-IT\"},{\"@type\":\"Organization\",\"@id\":\"https:\\\/\\\/www.organisator.ch\\\/#organization\",\"name\":\"Organisator\",\"url\":\"https:\\\/\\\/www.organisator.ch\\\/\",\"logo\":{\"@type\":\"ImageObject\",\"inLanguage\":\"it-IT\",\"@id\":\"https:\\\/\\\/www.organisator.ch\\\/#\\\/schema\\\/logo\\\/image\\\/\",\"url\":\"https:\\\/\\\/www.organisator.ch\\\/wp-content\\\/uploads\\\/2022\\\/01\\\/Logo_Organisator_Website.png\",\"contentUrl\":\"https:\\\/\\\/www.organisator.ch\\\/wp-content\\\/uploads\\\/2022\\\/01\\\/Logo_Organisator_Website.png\",\"width\":800,\"height\":77,\"caption\":\"Organisator\"},\"image\":{\"@id\":\"https:\\\/\\\/www.organisator.ch\\\/#\\\/schema\\\/logo\\\/image\\\/\"},\"sameAs\":[\"https:\\\/\\\/www.facebook.com\\\/OrganisatorFachmagazin\",\"https:\\\/\\\/www.linkedin.com\\\/showcase\\\/organisator-das-magazin-fr-kmu\",\"https:\\\/\\\/www.xing.com\\\/news\\\/pages\\\/organisator-ch-695\",\"https:\\\/\\\/www.youtube.com\\\/channel\\\/UCGP2Sq0iWaZwT3BdIAQFYpw\"]},{\"@type\":\"Person\",\"@id\":\"https:\\\/\\\/www.organisator.ch\\\/#\\\/schema\\\/person\\\/6f650f90b2842cd4c0cc334b4e36f67e\",\"name\":\"thomas.berner\",\"image\":{\"@type\":\"ImageObject\",\"inLanguage\":\"it-IT\",\"@id\":\"https:\\\/\\\/secure.gravatar.com\\\/avatar\\\/ac5001d2a36cb6c6cd3e50789007ffca834b477b74a2144564522e944eabff61?s=96&d=mm&r=g\",\"url\":\"https:\\\/\\\/secure.gravatar.com\\\/avatar\\\/ac5001d2a36cb6c6cd3e50789007ffca834b477b74a2144564522e944eabff61?s=96&d=mm&r=g\",\"contentUrl\":\"https:\\\/\\\/secure.gravatar.com\\\/avatar\\\/ac5001d2a36cb6c6cd3e50789007ffca834b477b74a2144564522e944eabff61?s=96&d=mm&r=g\",\"caption\":\"thomas.berner\"},\"url\":\"https:\\\/\\\/www.organisator.ch\\\/it\\\/author\\\/thomas-berner\\\/\"}]}<\/script>\n<!-- \/ Yoast SEO plugin. -->","yoast_head_json":{"title":"Gli svizzeri si fidano pi\u00f9 delle compagnie di assicurazione che di Google o Facebook - Organizzatore","description":"Due terzi degli svizzeri sarebbero disposti a fornire alle compagnie assicurative dati sul loro comportamento personale, in cambio di premi pi\u00f9 convenienti.","robots":{"index":"index","follow":"follow","max-snippet":"max-snippet:-1","max-image-preview":"max-image-preview:large","max-video-preview":"max-video-preview:-1"},"canonical":"https:\/\/www.organisator.ch\/it\/gestione-2\/finanzen_recht\/2017-03-14\/schweizer-trauen-versicherungen-mehr-als-google-oder-facebook\/","og_locale":"it_IT","og_type":"article","og_title":"Schweizer trauen Versicherungen mehr als Google oder Facebook","og_description":"Zwei Drittel der Schweizer w\u00fcrden den #Versicherungen Daten \u00fcber ihr pers\u00f6nliches Verhalten zur Verf\u00fcgung stellen, wenn sie daf\u00fcr in Genuss von g\u00fcnstigeren #Pr\u00e4mien kommen. Andererseits hinken Versicherer der Digitalisierung noch hinterher.","og_url":"https:\/\/www.organisator.ch\/it\/gestione-2\/finanzen_recht\/2017-03-14\/schweizer-trauen-versicherungen-mehr-als-google-oder-facebook\/","og_site_name":"Organisator","article_publisher":"https:\/\/www.facebook.com\/OrganisatorFachmagazin","article_published_time":"2017-03-14T07:17:40+00:00","og_image":[{"width":640,"height":427,"url":"https:\/\/www.organisator.ch\/wp-content\/uploads\/2017\/03\/Schweizer-trauen-Versicherungen-mehr-als-Google-oder-Facebook_Organisator.png","type":"image\/png"}],"author":"thomas.berner","twitter_card":"summary_large_image","twitter_title":"#Schweizer trauen #Versicherungen mehr als #Google oder #Facebook","twitter_description":"Zwei Drittel der Schweizer w\u00fcrden den #Versicherungen Daten \u00fcber ihr pers\u00f6nliches Verhalten zur Verf\u00fcgung stellen, wenn sie daf\u00fcr in Genuss von g\u00fcnstigeren #Pr\u00e4mien kommen. Andererseits hinken Versicherer der Digitalisierung noch hinterher.","twitter_image":"https:\/\/www.organisator.ch\/wp-content\/uploads\/2017\/03\/Schweizer-trauen-Versicherungen-mehr-als-Google-oder-Facebook_Organisator.png","schema":{"@context":"https:\/\/schema.org","@graph":[{"@type":"Article","@id":"https:\/\/www.organisator.ch\/management\/finanzen_recht\/2017-03-14\/schweizer-trauen-versicherungen-mehr-als-google-oder-facebook\/#article","isPartOf":{"@id":"https:\/\/www.organisator.ch\/management\/finanzen_recht\/2017-03-14\/schweizer-trauen-versicherungen-mehr-als-google-oder-facebook\/"},"author":{"name":"thomas.berner","@id":"https:\/\/www.organisator.ch\/#\/schema\/person\/6f650f90b2842cd4c0cc334b4e36f67e"},"headline":"Schweizer trauen Versicherungen mehr als Google oder Facebook","datePublished":"2017-03-14T07:17:40+00:00","mainEntityOfPage":{"@id":"https:\/\/www.organisator.ch\/management\/finanzen_recht\/2017-03-14\/schweizer-trauen-versicherungen-mehr-als-google-oder-facebook\/"},"wordCount":385,"commentCount":0,"publisher":{"@id":"https:\/\/www.organisator.ch\/#organization"},"image":{"@id":"https:\/\/www.organisator.ch\/management\/finanzen_recht\/2017-03-14\/schweizer-trauen-versicherungen-mehr-als-google-oder-facebook\/#primaryimage"},"thumbnailUrl":"https:\/\/www.organisator.ch\/wp-content\/uploads\/2017\/03\/Schweizer-trauen-Versicherungen-mehr-als-Google-oder-Facebook_Organisator.png","keywords":["Digitalisierung","Produkte","Sicherheit","Versicherungen"],"articleSection":["FINANZEN\/RECHT"],"inLanguage":"it-IT"},{"@type":"WebPage","@id":"https:\/\/www.organisator.ch\/management\/finanzen_recht\/2017-03-14\/schweizer-trauen-versicherungen-mehr-als-google-oder-facebook\/","url":"https:\/\/www.organisator.ch\/management\/finanzen_recht\/2017-03-14\/schweizer-trauen-versicherungen-mehr-als-google-oder-facebook\/","name":"Gli svizzeri si fidano pi\u00f9 delle compagnie di assicurazione che di Google o Facebook - Organizzatore","isPartOf":{"@id":"https:\/\/www.organisator.ch\/#website"},"primaryImageOfPage":{"@id":"https:\/\/www.organisator.ch\/management\/finanzen_recht\/2017-03-14\/schweizer-trauen-versicherungen-mehr-als-google-oder-facebook\/#primaryimage"},"image":{"@id":"https:\/\/www.organisator.ch\/management\/finanzen_recht\/2017-03-14\/schweizer-trauen-versicherungen-mehr-als-google-oder-facebook\/#primaryimage"},"thumbnailUrl":"https:\/\/www.organisator.ch\/wp-content\/uploads\/2017\/03\/Schweizer-trauen-Versicherungen-mehr-als-Google-oder-Facebook_Organisator.png","datePublished":"2017-03-14T07:17:40+00:00","description":"Due terzi degli svizzeri sarebbero disposti a fornire alle compagnie assicurative dati sul loro comportamento personale, in cambio di premi pi\u00f9 convenienti.","breadcrumb":{"@id":"https:\/\/www.organisator.ch\/management\/finanzen_recht\/2017-03-14\/schweizer-trauen-versicherungen-mehr-als-google-oder-facebook\/#breadcrumb"},"inLanguage":"it-IT","potentialAction":[{"@type":"ReadAction","target":["https:\/\/www.organisator.ch\/management\/finanzen_recht\/2017-03-14\/schweizer-trauen-versicherungen-mehr-als-google-oder-facebook\/"]}]},{"@type":"ImageObject","inLanguage":"it-IT","@id":"https:\/\/www.organisator.ch\/management\/finanzen_recht\/2017-03-14\/schweizer-trauen-versicherungen-mehr-als-google-oder-facebook\/#primaryimage","url":"https:\/\/www.organisator.ch\/wp-content\/uploads\/2017\/03\/Schweizer-trauen-Versicherungen-mehr-als-Google-oder-Facebook_Organisator.png","contentUrl":"https:\/\/www.organisator.ch\/wp-content\/uploads\/2017\/03\/Schweizer-trauen-Versicherungen-mehr-als-Google-oder-Facebook_Organisator.png","width":640,"height":427,"caption":"Schweizer trauen Versicherungen mehr als Google oder Facebook (Bild: PD)"},{"@type":"BreadcrumbList","@id":"https:\/\/www.organisator.ch\/management\/finanzen_recht\/2017-03-14\/schweizer-trauen-versicherungen-mehr-als-google-oder-facebook\/#breadcrumb","itemListElement":[{"@type":"ListItem","position":1,"name":"Home","item":"https:\/\/www.organisator.ch\/"},{"@type":"ListItem","position":2,"name":"Schweizer trauen Versicherungen mehr als Google oder Facebook"}]},{"@type":"WebSite","@id":"https:\/\/www.organisator.ch\/#website","url":"https:\/\/www.organisator.ch\/","name":"Organizzatore","description":"Competente. Pratico. In 10 numeri all'anno, ORGANISATOR presenta i temi essenziali per i manager delle PMI.","publisher":{"@id":"https:\/\/www.organisator.ch\/#organization"},"potentialAction":[{"@type":"SearchAction","target":{"@type":"EntryPoint","urlTemplate":"https:\/\/www.organisator.ch\/?s={search_term_string}"},"query-input":{"@type":"PropertyValueSpecification","valueRequired":true,"valueName":"search_term_string"}}],"inLanguage":"it-IT"},{"@type":"Organization","@id":"https:\/\/www.organisator.ch\/#organization","name":"Organizzatore","url":"https:\/\/www.organisator.ch\/","logo":{"@type":"ImageObject","inLanguage":"it-IT","@id":"https:\/\/www.organisator.ch\/#\/schema\/logo\/image\/","url":"https:\/\/www.organisator.ch\/wp-content\/uploads\/2022\/01\/Logo_Organisator_Website.png","contentUrl":"https:\/\/www.organisator.ch\/wp-content\/uploads\/2022\/01\/Logo_Organisator_Website.png","width":800,"height":77,"caption":"Organisator"},"image":{"@id":"https:\/\/www.organisator.ch\/#\/schema\/logo\/image\/"},"sameAs":["https:\/\/www.facebook.com\/OrganisatorFachmagazin","https:\/\/www.linkedin.com\/showcase\/organisator-das-magazin-fr-kmu","https:\/\/www.xing.com\/news\/pages\/organisator-ch-695","https:\/\/www.youtube.com\/channel\/UCGP2Sq0iWaZwT3BdIAQFYpw"]},{"@type":"Person","@id":"https:\/\/www.organisator.ch\/#\/schema\/person\/6f650f90b2842cd4c0cc334b4e36f67e","name":"Tommaso.berner","image":{"@type":"ImageObject","inLanguage":"it-IT","@id":"https:\/\/secure.gravatar.com\/avatar\/ac5001d2a36cb6c6cd3e50789007ffca834b477b74a2144564522e944eabff61?s=96&d=mm&r=g","url":"https:\/\/secure.gravatar.com\/avatar\/ac5001d2a36cb6c6cd3e50789007ffca834b477b74a2144564522e944eabff61?s=96&d=mm&r=g","contentUrl":"https:\/\/secure.gravatar.com\/avatar\/ac5001d2a36cb6c6cd3e50789007ffca834b477b74a2144564522e944eabff61?s=96&d=mm&r=g","caption":"thomas.berner"},"url":"https:\/\/www.organisator.ch\/it\/author\/thomas-berner\/"}]}},"_links":{"self":[{"href":"https:\/\/www.organisator.ch\/it\/wp-json\/wp\/v2\/posts\/1639","targetHints":{"allow":["GET"]}}],"collection":[{"href":"https:\/\/www.organisator.ch\/it\/wp-json\/wp\/v2\/posts"}],"about":[{"href":"https:\/\/www.organisator.ch\/it\/wp-json\/wp\/v2\/types\/post"}],"author":[{"embeddable":true,"href":"https:\/\/www.organisator.ch\/it\/wp-json\/wp\/v2\/users\/4"}],"replies":[{"embeddable":true,"href":"https:\/\/www.organisator.ch\/it\/wp-json\/wp\/v2\/comments?post=1639"}],"version-history":[{"count":0,"href":"https:\/\/www.organisator.ch\/it\/wp-json\/wp\/v2\/posts\/1639\/revisions"}],"wp:featuredmedia":[{"embeddable":true,"href":"https:\/\/www.organisator.ch\/it\/wp-json\/wp\/v2\/media\/1641"}],"wp:attachment":[{"href":"https:\/\/www.organisator.ch\/it\/wp-json\/wp\/v2\/media?parent=1639"}],"wp:term":[{"taxonomy":"category","embeddable":true,"href":"https:\/\/www.organisator.ch\/it\/wp-json\/wp\/v2\/categories?post=1639"},{"taxonomy":"post_tag","embeddable":true,"href":"https:\/\/www.organisator.ch\/it\/wp-json\/wp\/v2\/tags?post=1639"}],"curies":[{"name":"wp","href":"https:\/\/api.w.org\/{rel}","templated":true}]}}