{"id":16406,"date":"2022-08-10T12:25:09","date_gmt":"2022-08-10T10:25:09","guid":{"rendered":"https:\/\/www.organisator.ch\/?p=16406"},"modified":"2022-08-10T11:48:50","modified_gmt":"2022-08-10T09:48:50","slug":"neuer-general-manager-sales-marketing-bei-der-ta-triumph-adler-schweiz","status":"publish","type":"post","link":"https:\/\/www.organisator.ch\/it\/management\/2022-08-10\/neuer-general-manager-sales-marketing-bei-der-ta-triumph-adler-schweiz\/","title":{"rendered":"Nuovo direttore generale vendite e marketing presso TA Triumph-Adler Svizzera"},"content":{"rendered":"<figure id=\"attachment_16407\" aria-describedby=\"caption-attachment-16407\" style=\"width: 680px\" class=\"wp-caption alignnone\"><img loading=\"lazy\" decoding=\"async\" class=\"size-full wp-image-16407\" src=\"https:\/\/www.organisator.ch\/wp-content\/uploads\/2022\/08\/Neuer-General-Manager-Sales-Marketing-bei-der-TA-Triumph-Adler-Schweiz_Organisator.jpg\" alt=\"\" width=\"680\" height=\"567\" srcset=\"https:\/\/www.organisator.ch\/wp-content\/uploads\/2022\/08\/Neuer-General-Manager-Sales-Marketing-bei-der-TA-Triumph-Adler-Schweiz_Organisator.jpg 680w, https:\/\/www.organisator.ch\/wp-content\/uploads\/2022\/08\/Neuer-General-Manager-Sales-Marketing-bei-der-TA-Triumph-Adler-Schweiz_Organisator-14x12.jpg 14w, https:\/\/www.organisator.ch\/wp-content\/uploads\/2022\/08\/Neuer-General-Manager-Sales-Marketing-bei-der-TA-Triumph-Adler-Schweiz_Organisator-210x175.jpg 210w, https:\/\/www.organisator.ch\/wp-content\/uploads\/2022\/08\/Neuer-General-Manager-Sales-Marketing-bei-der-TA-Triumph-Adler-Schweiz_Organisator-420x350.jpg 420w, https:\/\/www.organisator.ch\/wp-content\/uploads\/2022\/08\/Neuer-General-Manager-Sales-Marketing-bei-der-TA-Triumph-Adler-Schweiz_Organisator-300x250.jpg 300w\" sizes=\"auto, (max-width: 680px) 100vw, 680px\" \/><figcaption id=\"caption-attachment-16407\" class=\"wp-caption-text\">Michael Heegewald assume la carica di Direttore Generale Vendite e Marketing di TA Triumph-Adler Svizzera. (Immagine: zVg)<\/figcaption><\/figure>\n<p>TA Triumph-Adler GmbH \u00e8 uno specialista tedesco nel campo dei sistemi multifunzione e delle soluzioni digitali per l'ufficio e ha una filiale interamente controllata, TA Triumph-Adler Schweiz AG. Il suo management si sta ora riallineando per l'espansione del business delle soluzioni digitali e ha un nuovo Direttore Generale Vendite e Marketing in Michael Heegewald. Secondo l'azienda, i suoi compiti principali comprendono l'espansione strategica dell'area ECM &amp; ICT (Enterprise Content Management &amp; Information and Communication Technology) e del settore dei servizi. Heegewald guider\u00e0 l'ulteriore sviluppo dell'azienda come fornitore di soluzioni informatiche complete per il settore documentale e contribuir\u00e0 con la sua esperienza nella vendita di soluzioni software e di servizi a questo scopo, secondo il comunicato.<\/p>\n<p>\"Qui c'\u00e8 un grande potenziale\", dice Michael Heegewald a proposito del motivo per cui \u00e8 entrato a far parte di TA Triumph-Adler Schweiz AG. \"TA \u00e8 un'azienda tradizionale e molto ambiziosa. Mi si addice molto bene. Considero una grande sfida dare forma al business ECM insieme al team e guidare la trasformazione dell'azienda in Svizzera.\" Michael Heegewald lavora nel settore IT da oltre 20 anni, principalmente nei settori delle vendite e dello sviluppo commerciale. Recentemente ha guidato l'attivit\u00e0 dell'integratore di sistemi IT Infoniqa SQL AG a Zurigo in qualit\u00e0 di amministratore delegato. In precedenza, ha lavorato per circa 17 anni come amministratore delegato di Hirt Informatik AG, dove ha costruito un data center cloud come imprenditore indipendente e ha commercializzato soluzioni di storage e backup prima di vendere l'azienda circa quattro anni fa.<\/p>\n<p>\"Con la sua forte conoscenza del business del cloud, i suoi molti anni di esperienza come imprenditore e la sua vasta rete nel settore IT svizzero, Michael Heegewald possiede le migliori qualifiche per questo ruolo. Egli completer\u00e0 in modo ottimale il nostro attuale team di gestione in Svizzera. Non vedo l'ora di lavorare con lui\", afferma Christopher Rheidt, amministratore delegato di TA Triumph-Adler GmbH. Con la nuova aggiunta al team di gestione, la direzione di TA Triumph-Adler Schweiz AG continuer\u00e0 a seguire la stessa costellazione di tre membri anche in futuro, dopo l'imminente partenza di Michael Gasser alla fine di agosto di quest'anno, secondo la dichiarazione dell'azienda. Michael Heegewald lavorer\u00e0 ora (per procura) con i membri di lunga data Corina Schupp, responsabile della gestione commerciale (per procura), e Marcel Graf, responsabile della gestione tecnica (per procura). Michael Gasser ha deciso di affrontare nuove sfide dopo oltre 15 anni trascorsi con TA Triumph-Adler Schweiz AG.<\/p>\n<p><a href=\"https:\/\/www.triumph-adler.ch\/\"><em>Ulteriori informazioni<\/em><\/a><\/p>","protected":false},"excerpt":{"rendered":"<p>Die TA Triumph-Adler GmbH ist ein deutscher Spezialist im Bereich Multifunktionssysteme und digitale B\u00fcrol\u00f6sungen und verf\u00fcgt mit der\u00a0TA Triumph-Adler Schweiz AG \u00fcber eine hundertprozentige Tochter. Deren Gesch\u00e4ftsleitung stellt sich f\u00fcr den Ausbau des digitalen L\u00f6sungsgesch\u00e4fts nun neu auf und hat mit Michael Heegewald einen neuen General Manager Sales &amp; Marketing. Zu seinen Kernaufgaben geh\u00f6ren der [&hellip;]<\/p>\n","protected":false},"author":4,"featured_media":0,"comment_status":"closed","ping_status":"closed","sticky":false,"template":"","format":"standard","meta":{"_acf_changed":false,"_yoast_wpseo_focuskw":"TA Triumph-Adler Schweiz","_yoast_wpseo_metadesc":"Seit dem 1. Juli 2022 ist Michael Heegewald General Manager Sales & Marketing bei der TA Triumph-Adler Schweiz AG.","articlekey":"","footnotes":""},"categories":[28],"tags":[286,335,381],"class_list":["post-16406","post","type-post","status-publish","format-standard","hentry","category-management","tag-it","tag-management-und-unternehmensfuehrung","tag-personalia"],"acf":[],"yoast_head":"<!-- This site is optimized with the Yoast SEO plugin v27.5 - https:\/\/yoast.com\/product\/yoast-seo-wordpress\/ -->\n<title>Neuer General Manager Sales &amp; Marketing bei der TA Triumph-Adler Schweiz - Organisator<\/title>\n<meta name=\"description\" content=\"Seit dem 1. Juli 2022 ist Michael Heegewald General Manager Sales &amp; Marketing bei der TA Triumph-Adler Schweiz AG.\" \/>\n<meta name=\"robots\" content=\"index, follow, max-snippet:-1, max-image-preview:large, max-video-preview:-1\" \/>\n<link rel=\"canonical\" href=\"https:\/\/www.organisator.ch\/it\/gestione-2\/2022-08-10\/neuer-general-manager-sales-marketing-bei-der-ta-triumph-adler-schweiz\/\" \/>\n<meta property=\"og:locale\" content=\"it_IT\" \/>\n<meta property=\"og:type\" content=\"article\" \/>\n<meta property=\"og:title\" content=\"Neuer General Manager Sales &amp; Marketing bei der TA Triumph-Adler Schweiz\" \/>\n<meta property=\"og:description\" content=\"Seit dem 1. Juli 2022 ist Michael Heegewald General Manager Sales &amp; Marketing bei der TA Triumph-Adler Schweiz AG.\" \/>\n<meta property=\"og:url\" content=\"https:\/\/www.organisator.ch\/it\/gestione-2\/2022-08-10\/neuer-general-manager-sales-marketing-bei-der-ta-triumph-adler-schweiz\/\" \/>\n<meta property=\"og:site_name\" content=\"Organisator\" \/>\n<meta property=\"article:publisher\" content=\"https:\/\/www.facebook.com\/OrganisatorFachmagazin\" \/>\n<meta property=\"article:published_time\" content=\"2022-08-10T10:25:09+00:00\" \/>\n<meta property=\"og:image\" content=\"https:\/\/www.organisator.ch\/wp-content\/uploads\/2022\/08\/Neuer-General-Manager-Sales-Marketing-bei-der-TA-Triumph-Adler-Schweiz_Organisator.jpg\" \/>\n\t<meta property=\"og:image:width\" content=\"680\" \/>\n\t<meta property=\"og:image:height\" content=\"567\" \/>\n\t<meta property=\"og:image:type\" content=\"image\/jpeg\" \/>\n<meta name=\"author\" content=\"thomas.berner\" \/>\n<meta name=\"twitter:card\" content=\"summary_large_image\" \/>\n<meta name=\"twitter:title\" content=\"Neuer General Manager Sales &amp; Marketing bei der TA #Triumph-Adler Schweiz\" \/>\n<meta name=\"twitter:description\" content=\"Seit dem 1. Juli 2022 ist Michael #Heegewald General Manager Sales &amp; Marketing bei der TA #Triumph-Adler Schweiz AG.\" \/>\n<meta name=\"twitter:image\" content=\"https:\/\/www.organisator.ch\/wp-content\/uploads\/2022\/08\/Neuer-General-Manager-Sales-Marketing-bei-der-TA-Triumph-Adler-Schweiz_Organisator.jpg\" \/>\n<script type=\"application\/ld+json\" class=\"yoast-schema-graph\">{\"@context\":\"https:\\\/\\\/schema.org\",\"@graph\":[{\"@type\":\"Article\",\"@id\":\"https:\\\/\\\/www.organisator.ch\\\/management\\\/2022-08-10\\\/neuer-general-manager-sales-marketing-bei-der-ta-triumph-adler-schweiz\\\/#article\",\"isPartOf\":{\"@id\":\"https:\\\/\\\/www.organisator.ch\\\/management\\\/2022-08-10\\\/neuer-general-manager-sales-marketing-bei-der-ta-triumph-adler-schweiz\\\/\"},\"author\":{\"name\":\"thomas.berner\",\"@id\":\"https:\\\/\\\/www.organisator.ch\\\/#\\\/schema\\\/person\\\/6f650f90b2842cd4c0cc334b4e36f67e\"},\"headline\":\"Neuer General Manager Sales &#038; Marketing bei der TA Triumph-Adler Schweiz\",\"datePublished\":\"2022-08-10T10:25:09+00:00\",\"mainEntityOfPage\":{\"@id\":\"https:\\\/\\\/www.organisator.ch\\\/management\\\/2022-08-10\\\/neuer-general-manager-sales-marketing-bei-der-ta-triumph-adler-schweiz\\\/\"},\"wordCount\":452,\"publisher\":{\"@id\":\"https:\\\/\\\/www.organisator.ch\\\/#organization\"},\"image\":{\"@id\":\"https:\\\/\\\/www.organisator.ch\\\/management\\\/2022-08-10\\\/neuer-general-manager-sales-marketing-bei-der-ta-triumph-adler-schweiz\\\/#primaryimage\"},\"thumbnailUrl\":\"https:\\\/\\\/www.organisator.ch\\\/wp-content\\\/uploads\\\/2022\\\/08\\\/Neuer-General-Manager-Sales-Marketing-bei-der-TA-Triumph-Adler-Schweiz_Organisator.jpg\",\"keywords\":[\"IT\",\"Management und Unternehmensf\u00fchrung\",\"Personalia\"],\"articleSection\":[\"MANAGEMENT\"],\"inLanguage\":\"it-IT\"},{\"@type\":\"WebPage\",\"@id\":\"https:\\\/\\\/www.organisator.ch\\\/management\\\/2022-08-10\\\/neuer-general-manager-sales-marketing-bei-der-ta-triumph-adler-schweiz\\\/\",\"url\":\"https:\\\/\\\/www.organisator.ch\\\/management\\\/2022-08-10\\\/neuer-general-manager-sales-marketing-bei-der-ta-triumph-adler-schweiz\\\/\",\"name\":\"Neuer General Manager Sales & Marketing bei der TA Triumph-Adler Schweiz - Organisator\",\"isPartOf\":{\"@id\":\"https:\\\/\\\/www.organisator.ch\\\/#website\"},\"primaryImageOfPage\":{\"@id\":\"https:\\\/\\\/www.organisator.ch\\\/management\\\/2022-08-10\\\/neuer-general-manager-sales-marketing-bei-der-ta-triumph-adler-schweiz\\\/#primaryimage\"},\"image\":{\"@id\":\"https:\\\/\\\/www.organisator.ch\\\/management\\\/2022-08-10\\\/neuer-general-manager-sales-marketing-bei-der-ta-triumph-adler-schweiz\\\/#primaryimage\"},\"thumbnailUrl\":\"https:\\\/\\\/www.organisator.ch\\\/wp-content\\\/uploads\\\/2022\\\/08\\\/Neuer-General-Manager-Sales-Marketing-bei-der-TA-Triumph-Adler-Schweiz_Organisator.jpg\",\"datePublished\":\"2022-08-10T10:25:09+00:00\",\"description\":\"Seit dem 1. Juli 2022 ist Michael Heegewald General Manager Sales & Marketing bei der TA Triumph-Adler Schweiz AG.\",\"breadcrumb\":{\"@id\":\"https:\\\/\\\/www.organisator.ch\\\/management\\\/2022-08-10\\\/neuer-general-manager-sales-marketing-bei-der-ta-triumph-adler-schweiz\\\/#breadcrumb\"},\"inLanguage\":\"it-IT\",\"potentialAction\":[{\"@type\":\"ReadAction\",\"target\":[\"https:\\\/\\\/www.organisator.ch\\\/management\\\/2022-08-10\\\/neuer-general-manager-sales-marketing-bei-der-ta-triumph-adler-schweiz\\\/\"]}]},{\"@type\":\"ImageObject\",\"inLanguage\":\"it-IT\",\"@id\":\"https:\\\/\\\/www.organisator.ch\\\/management\\\/2022-08-10\\\/neuer-general-manager-sales-marketing-bei-der-ta-triumph-adler-schweiz\\\/#primaryimage\",\"url\":\"https:\\\/\\\/www.organisator.ch\\\/wp-content\\\/uploads\\\/2022\\\/08\\\/Neuer-General-Manager-Sales-Marketing-bei-der-TA-Triumph-Adler-Schweiz_Organisator.jpg\",\"contentUrl\":\"https:\\\/\\\/www.organisator.ch\\\/wp-content\\\/uploads\\\/2022\\\/08\\\/Neuer-General-Manager-Sales-Marketing-bei-der-TA-Triumph-Adler-Schweiz_Organisator.jpg\"},{\"@type\":\"BreadcrumbList\",\"@id\":\"https:\\\/\\\/www.organisator.ch\\\/management\\\/2022-08-10\\\/neuer-general-manager-sales-marketing-bei-der-ta-triumph-adler-schweiz\\\/#breadcrumb\",\"itemListElement\":[{\"@type\":\"ListItem\",\"position\":1,\"name\":\"Home\",\"item\":\"https:\\\/\\\/www.organisator.ch\\\/\"},{\"@type\":\"ListItem\",\"position\":2,\"name\":\"Neuer General Manager Sales &#038; Marketing bei der TA Triumph-Adler Schweiz\"}]},{\"@type\":\"WebSite\",\"@id\":\"https:\\\/\\\/www.organisator.ch\\\/#website\",\"url\":\"https:\\\/\\\/www.organisator.ch\\\/\",\"name\":\"Organisator\",\"description\":\"Kompetent. Praxisnah. Der ORGANISATOR bereitet in 10 Ausgaben pro Jahr die wesentlichen Themen f\u00fcr F\u00fchrungskr\u00e4fte von KMU auf.\",\"publisher\":{\"@id\":\"https:\\\/\\\/www.organisator.ch\\\/#organization\"},\"potentialAction\":[{\"@type\":\"SearchAction\",\"target\":{\"@type\":\"EntryPoint\",\"urlTemplate\":\"https:\\\/\\\/www.organisator.ch\\\/?s={search_term_string}\"},\"query-input\":{\"@type\":\"PropertyValueSpecification\",\"valueRequired\":true,\"valueName\":\"search_term_string\"}}],\"inLanguage\":\"it-IT\"},{\"@type\":\"Organization\",\"@id\":\"https:\\\/\\\/www.organisator.ch\\\/#organization\",\"name\":\"Organisator\",\"url\":\"https:\\\/\\\/www.organisator.ch\\\/\",\"logo\":{\"@type\":\"ImageObject\",\"inLanguage\":\"it-IT\",\"@id\":\"https:\\\/\\\/www.organisator.ch\\\/#\\\/schema\\\/logo\\\/image\\\/\",\"url\":\"https:\\\/\\\/www.organisator.ch\\\/wp-content\\\/uploads\\\/2022\\\/01\\\/Logo_Organisator_Website.png\",\"contentUrl\":\"https:\\\/\\\/www.organisator.ch\\\/wp-content\\\/uploads\\\/2022\\\/01\\\/Logo_Organisator_Website.png\",\"width\":800,\"height\":77,\"caption\":\"Organisator\"},\"image\":{\"@id\":\"https:\\\/\\\/www.organisator.ch\\\/#\\\/schema\\\/logo\\\/image\\\/\"},\"sameAs\":[\"https:\\\/\\\/www.facebook.com\\\/OrganisatorFachmagazin\",\"https:\\\/\\\/www.linkedin.com\\\/showcase\\\/organisator-das-magazin-fr-kmu\",\"https:\\\/\\\/www.xing.com\\\/news\\\/pages\\\/organisator-ch-695\",\"https:\\\/\\\/www.youtube.com\\\/channel\\\/UCGP2Sq0iWaZwT3BdIAQFYpw\"]},{\"@type\":\"Person\",\"@id\":\"https:\\\/\\\/www.organisator.ch\\\/#\\\/schema\\\/person\\\/6f650f90b2842cd4c0cc334b4e36f67e\",\"name\":\"thomas.berner\",\"image\":{\"@type\":\"ImageObject\",\"inLanguage\":\"it-IT\",\"@id\":\"https:\\\/\\\/secure.gravatar.com\\\/avatar\\\/ac5001d2a36cb6c6cd3e50789007ffca834b477b74a2144564522e944eabff61?s=96&d=mm&r=g\",\"url\":\"https:\\\/\\\/secure.gravatar.com\\\/avatar\\\/ac5001d2a36cb6c6cd3e50789007ffca834b477b74a2144564522e944eabff61?s=96&d=mm&r=g\",\"contentUrl\":\"https:\\\/\\\/secure.gravatar.com\\\/avatar\\\/ac5001d2a36cb6c6cd3e50789007ffca834b477b74a2144564522e944eabff61?s=96&d=mm&r=g\",\"caption\":\"thomas.berner\"},\"url\":\"https:\\\/\\\/www.organisator.ch\\\/it\\\/author\\\/thomas-berner\\\/\"}]}<\/script>\n<!-- \/ Yoast SEO plugin. -->","yoast_head_json":{"title":"Nuovo direttore generale vendite e marketing presso TA Triumph-Adler Svizzera - Organizzatore","description":"Michael Heegewald \u00e8 Direttore Generale Vendite e Marketing di TA Triumph-Adler Schweiz AG dal 1\u00b0 luglio 2022.","robots":{"index":"index","follow":"follow","max-snippet":"max-snippet:-1","max-image-preview":"max-image-preview:large","max-video-preview":"max-video-preview:-1"},"canonical":"https:\/\/www.organisator.ch\/it\/gestione-2\/2022-08-10\/neuer-general-manager-sales-marketing-bei-der-ta-triumph-adler-schweiz\/","og_locale":"it_IT","og_type":"article","og_title":"Neuer General Manager Sales & Marketing bei der TA Triumph-Adler Schweiz","og_description":"Seit dem 1. Juli 2022 ist Michael Heegewald General Manager Sales & Marketing bei der TA Triumph-Adler Schweiz AG.","og_url":"https:\/\/www.organisator.ch\/it\/gestione-2\/2022-08-10\/neuer-general-manager-sales-marketing-bei-der-ta-triumph-adler-schweiz\/","og_site_name":"Organisator","article_publisher":"https:\/\/www.facebook.com\/OrganisatorFachmagazin","article_published_time":"2022-08-10T10:25:09+00:00","og_image":[{"width":680,"height":567,"url":"https:\/\/www.organisator.ch\/wp-content\/uploads\/2022\/08\/Neuer-General-Manager-Sales-Marketing-bei-der-TA-Triumph-Adler-Schweiz_Organisator.jpg","type":"image\/jpeg"}],"author":"thomas.berner","twitter_card":"summary_large_image","twitter_title":"Neuer General Manager Sales & Marketing bei der TA #Triumph-Adler Schweiz","twitter_description":"Seit dem 1. Juli 2022 ist Michael #Heegewald General Manager Sales & Marketing bei der TA #Triumph-Adler Schweiz AG.","twitter_image":"https:\/\/www.organisator.ch\/wp-content\/uploads\/2022\/08\/Neuer-General-Manager-Sales-Marketing-bei-der-TA-Triumph-Adler-Schweiz_Organisator.jpg","schema":{"@context":"https:\/\/schema.org","@graph":[{"@type":"Article","@id":"https:\/\/www.organisator.ch\/management\/2022-08-10\/neuer-general-manager-sales-marketing-bei-der-ta-triumph-adler-schweiz\/#article","isPartOf":{"@id":"https:\/\/www.organisator.ch\/management\/2022-08-10\/neuer-general-manager-sales-marketing-bei-der-ta-triumph-adler-schweiz\/"},"author":{"name":"thomas.berner","@id":"https:\/\/www.organisator.ch\/#\/schema\/person\/6f650f90b2842cd4c0cc334b4e36f67e"},"headline":"Neuer General Manager Sales &#038; Marketing bei der TA Triumph-Adler Schweiz","datePublished":"2022-08-10T10:25:09+00:00","mainEntityOfPage":{"@id":"https:\/\/www.organisator.ch\/management\/2022-08-10\/neuer-general-manager-sales-marketing-bei-der-ta-triumph-adler-schweiz\/"},"wordCount":452,"publisher":{"@id":"https:\/\/www.organisator.ch\/#organization"},"image":{"@id":"https:\/\/www.organisator.ch\/management\/2022-08-10\/neuer-general-manager-sales-marketing-bei-der-ta-triumph-adler-schweiz\/#primaryimage"},"thumbnailUrl":"https:\/\/www.organisator.ch\/wp-content\/uploads\/2022\/08\/Neuer-General-Manager-Sales-Marketing-bei-der-TA-Triumph-Adler-Schweiz_Organisator.jpg","keywords":["IT","Management und Unternehmensf\u00fchrung","Personalia"],"articleSection":["MANAGEMENT"],"inLanguage":"it-IT"},{"@type":"WebPage","@id":"https:\/\/www.organisator.ch\/management\/2022-08-10\/neuer-general-manager-sales-marketing-bei-der-ta-triumph-adler-schweiz\/","url":"https:\/\/www.organisator.ch\/management\/2022-08-10\/neuer-general-manager-sales-marketing-bei-der-ta-triumph-adler-schweiz\/","name":"Nuovo direttore generale vendite e marketing presso TA Triumph-Adler Svizzera - Organizzatore","isPartOf":{"@id":"https:\/\/www.organisator.ch\/#website"},"primaryImageOfPage":{"@id":"https:\/\/www.organisator.ch\/management\/2022-08-10\/neuer-general-manager-sales-marketing-bei-der-ta-triumph-adler-schweiz\/#primaryimage"},"image":{"@id":"https:\/\/www.organisator.ch\/management\/2022-08-10\/neuer-general-manager-sales-marketing-bei-der-ta-triumph-adler-schweiz\/#primaryimage"},"thumbnailUrl":"https:\/\/www.organisator.ch\/wp-content\/uploads\/2022\/08\/Neuer-General-Manager-Sales-Marketing-bei-der-TA-Triumph-Adler-Schweiz_Organisator.jpg","datePublished":"2022-08-10T10:25:09+00:00","description":"Michael Heegewald \u00e8 Direttore Generale Vendite e Marketing di TA Triumph-Adler Schweiz AG dal 1\u00b0 luglio 2022.","breadcrumb":{"@id":"https:\/\/www.organisator.ch\/management\/2022-08-10\/neuer-general-manager-sales-marketing-bei-der-ta-triumph-adler-schweiz\/#breadcrumb"},"inLanguage":"it-IT","potentialAction":[{"@type":"ReadAction","target":["https:\/\/www.organisator.ch\/management\/2022-08-10\/neuer-general-manager-sales-marketing-bei-der-ta-triumph-adler-schweiz\/"]}]},{"@type":"ImageObject","inLanguage":"it-IT","@id":"https:\/\/www.organisator.ch\/management\/2022-08-10\/neuer-general-manager-sales-marketing-bei-der-ta-triumph-adler-schweiz\/#primaryimage","url":"https:\/\/www.organisator.ch\/wp-content\/uploads\/2022\/08\/Neuer-General-Manager-Sales-Marketing-bei-der-TA-Triumph-Adler-Schweiz_Organisator.jpg","contentUrl":"https:\/\/www.organisator.ch\/wp-content\/uploads\/2022\/08\/Neuer-General-Manager-Sales-Marketing-bei-der-TA-Triumph-Adler-Schweiz_Organisator.jpg"},{"@type":"BreadcrumbList","@id":"https:\/\/www.organisator.ch\/management\/2022-08-10\/neuer-general-manager-sales-marketing-bei-der-ta-triumph-adler-schweiz\/#breadcrumb","itemListElement":[{"@type":"ListItem","position":1,"name":"Home","item":"https:\/\/www.organisator.ch\/"},{"@type":"ListItem","position":2,"name":"Neuer General Manager Sales &#038; Marketing bei der TA Triumph-Adler Schweiz"}]},{"@type":"WebSite","@id":"https:\/\/www.organisator.ch\/#website","url":"https:\/\/www.organisator.ch\/","name":"Organizzatore","description":"Competente. Pratico. In 10 numeri all'anno, ORGANISATOR presenta i temi essenziali per i manager delle PMI.","publisher":{"@id":"https:\/\/www.organisator.ch\/#organization"},"potentialAction":[{"@type":"SearchAction","target":{"@type":"EntryPoint","urlTemplate":"https:\/\/www.organisator.ch\/?s={search_term_string}"},"query-input":{"@type":"PropertyValueSpecification","valueRequired":true,"valueName":"search_term_string"}}],"inLanguage":"it-IT"},{"@type":"Organization","@id":"https:\/\/www.organisator.ch\/#organization","name":"Organizzatore","url":"https:\/\/www.organisator.ch\/","logo":{"@type":"ImageObject","inLanguage":"it-IT","@id":"https:\/\/www.organisator.ch\/#\/schema\/logo\/image\/","url":"https:\/\/www.organisator.ch\/wp-content\/uploads\/2022\/01\/Logo_Organisator_Website.png","contentUrl":"https:\/\/www.organisator.ch\/wp-content\/uploads\/2022\/01\/Logo_Organisator_Website.png","width":800,"height":77,"caption":"Organisator"},"image":{"@id":"https:\/\/www.organisator.ch\/#\/schema\/logo\/image\/"},"sameAs":["https:\/\/www.facebook.com\/OrganisatorFachmagazin","https:\/\/www.linkedin.com\/showcase\/organisator-das-magazin-fr-kmu","https:\/\/www.xing.com\/news\/pages\/organisator-ch-695","https:\/\/www.youtube.com\/channel\/UCGP2Sq0iWaZwT3BdIAQFYpw"]},{"@type":"Person","@id":"https:\/\/www.organisator.ch\/#\/schema\/person\/6f650f90b2842cd4c0cc334b4e36f67e","name":"Tommaso.berner","image":{"@type":"ImageObject","inLanguage":"it-IT","@id":"https:\/\/secure.gravatar.com\/avatar\/ac5001d2a36cb6c6cd3e50789007ffca834b477b74a2144564522e944eabff61?s=96&d=mm&r=g","url":"https:\/\/secure.gravatar.com\/avatar\/ac5001d2a36cb6c6cd3e50789007ffca834b477b74a2144564522e944eabff61?s=96&d=mm&r=g","contentUrl":"https:\/\/secure.gravatar.com\/avatar\/ac5001d2a36cb6c6cd3e50789007ffca834b477b74a2144564522e944eabff61?s=96&d=mm&r=g","caption":"thomas.berner"},"url":"https:\/\/www.organisator.ch\/it\/author\/thomas-berner\/"}]}},"_links":{"self":[{"href":"https:\/\/www.organisator.ch\/it\/wp-json\/wp\/v2\/posts\/16406","targetHints":{"allow":["GET"]}}],"collection":[{"href":"https:\/\/www.organisator.ch\/it\/wp-json\/wp\/v2\/posts"}],"about":[{"href":"https:\/\/www.organisator.ch\/it\/wp-json\/wp\/v2\/types\/post"}],"author":[{"embeddable":true,"href":"https:\/\/www.organisator.ch\/it\/wp-json\/wp\/v2\/users\/4"}],"replies":[{"embeddable":true,"href":"https:\/\/www.organisator.ch\/it\/wp-json\/wp\/v2\/comments?post=16406"}],"version-history":[{"count":1,"href":"https:\/\/www.organisator.ch\/it\/wp-json\/wp\/v2\/posts\/16406\/revisions"}],"predecessor-version":[{"id":16408,"href":"https:\/\/www.organisator.ch\/it\/wp-json\/wp\/v2\/posts\/16406\/revisions\/16408"}],"wp:attachment":[{"href":"https:\/\/www.organisator.ch\/it\/wp-json\/wp\/v2\/media?parent=16406"}],"wp:term":[{"taxonomy":"category","embeddable":true,"href":"https:\/\/www.organisator.ch\/it\/wp-json\/wp\/v2\/categories?post=16406"},{"taxonomy":"post_tag","embeddable":true,"href":"https:\/\/www.organisator.ch\/it\/wp-json\/wp\/v2\/tags?post=16406"}],"curies":[{"name":"wp","href":"https:\/\/api.w.org\/{rel}","templated":true}]}}