{"id":16409,"date":"2022-08-10T14:03:43","date_gmt":"2022-08-10T12:03:43","guid":{"rendered":"https:\/\/www.m-q.ch\/?p=16772"},"modified":"2024-11-19T14:01:13","modified_gmt":"2024-11-19T13:01:13","slug":"qm-software-entwickler-consense-kuendigt-virtuelle-herbst-expo-an","status":"publish","type":"post","link":"https:\/\/www.organisator.ch\/it\/operational-excellence\/2022-08-10\/qm-software-entwickler-consense-kuendigt-virtuelle-herbst-expo-an\/","title":{"rendered":"Lo sviluppatore di software QM ConSense annuncia una fiera autunnale virtuale"},"content":{"rendered":"<figure id=\"attachment_16773\" class=\"wp-caption alignnone\" style=\"width: 680px;\" aria-describedby=\"caption-attachment-16773\"><img class=\"alignnone wp-image-16773 size-full\" src=\"https:\/\/www.m-q.ch\/wp-content\/uploads\/2022\/08\/QM-Software-Entwickler-ConSense-kuendigt-virtuelle-Herbst-Expo-an_MQ.jpg\" sizes=\"(max-width: 680px) 100vw, 680px\" srcset=\"https:\/\/www.m-q.ch\/wp-content\/uploads\/2022\/08\/QM-Software-Entwickler-ConSense-kuendigt-virtuelle-Herbst-Expo-an_MQ.jpg 680w, https:\/\/www.m-q.ch\/wp-content\/uploads\/2022\/08\/QM-Software-Entwickler-ConSense-kuendigt-virtuelle-Herbst-Expo-an_MQ-18x12.jpg 18w, https:\/\/www.m-q.ch\/wp-content\/uploads\/2022\/08\/QM-Software-Entwickler-ConSense-kuendigt-virtuelle-Herbst-Expo-an_MQ-242x175.jpg 242w, https:\/\/www.m-q.ch\/wp-content\/uploads\/2022\/08\/QM-Software-Entwickler-ConSense-kuendigt-virtuelle-Herbst-Expo-an_MQ-485x350.jpg 485w, https:\/\/www.m-q.ch\/wp-content\/uploads\/2022\/08\/QM-Software-Entwickler-ConSense-kuendigt-virtuelle-Herbst-Expo-an_MQ-300x217.jpg 300w\" alt=\"ConSense EXPO 2024\" width=\"680\" height=\"491\" \/>\r\n<figcaption id=\"caption-attachment-16773\" class=\"wp-caption-text\">Lo sviluppatore di software QM ConSense GmbH di Aquisgrana sta lanciando un'altra fiera virtuale per l'autunno. (Immagine: ConSense GmbH)<\/figcaption>\r\n<\/figure>\r\n<p>Tra i punti salienti del <a href=\"https:\/\/www.m-q.ch\/de\/consense-expo-vom-april-2022-qualitaetsmanagement-bleibt-klassisches-thema\/\">ConSense EXPO<\/a> \u00e8 il modo in cui lo sviluppatore di software QM di Aquisgrana valuta regolarmente il suo ampio programma di conferenze. Per l'edizione autunnale, ConSense GmbH ha nuovamente raccolto molti argomenti rilevanti del mondo QM, presentati da esperti di note aziende e istituzioni e dall'organizzatore. Nel suo intervento, il Dr. Markus Reimer, esperto di business e qualit\u00e0, affronter\u00e0 il tema \"La sfida digitale - cosa ci aspetta e perch\u00e9 non possiamo pi\u00f9 aspettare\". Il Dr. Benedikt Sommerhoff, esperto DGQ per la qualit\u00e0 e l'innovazione, promette suggerimenti per una maggiore efficienza nella gestione della qualit\u00e0 nella sua conferenza \"Leva strategica invece di impantanamento operativo - come il dipartimento QM pu\u00f2 ottenere un maggiore impatto per la qualit\u00e0\". Il Dr. Bernhard M\u00fcller, consulente e auditor con particolare attenzione alla sicurezza alimentare, parler\u00e0 nella sua conferenza dei principi e delle procedure per l'impostazione e l'ulteriore sviluppo di un concetto HACCP, nonch\u00e9 dell'analisi dei pericoli e della valutazione dei rischi.<\/p>\r\n<h3>Eventi e presentazioni su vari argomenti del settore<\/h3>\r\n<p>Inoltre, la serie di conferenze in tre parti \"Introduzione di un sistema di gestione\" fornisce preziosi suggerimenti pratici sulla struttura e sui contenuti di un sistema di gestione della qualit\u00e0 o di un SGI. Come ottenere l'approvazione dell'applicazione \u00e8 mostrato dall'evento \"Maggiore accettazione del sistema QM attraverso il marketing interno\". Questi e molti altri eventi dal vivo su vari argomenti del settore sono disponibili per il pubblico. I clienti esistenti di ConSense GmbH possono aspettarsi un programma di conferenze aggiuntive, ad esempio \"ConSense PowerUser: sessione interattiva con suggerimenti e risposte da parte dei professionisti ConSense\" o \"Vantaggi e benefici del system check per il vostro sistema di gestione ConSense esistente\". Inoltre, possono riservare slot esclusivi per consulenze personali.<\/p>\r\n<h3><strong>Sistema di gestione modulare, utilizzo mobile, servizi di hosting moderni<\/strong><\/h3>\r\n<p>Gli esperti di ConSense forniranno informazioni specifiche sui dettagli delle varie soluzioni software in numerosi stand virtuali a tema. Grazie a dimostrazioni dal vivo, i visitatori potranno sperimentare nella pratica le soluzioni per l'IMS, la gestione degli audit e la gestione delle misure. Inoltre, i visitatori della fiera hanno a disposizione diversi webinar on-demand per approfondire le loro conoscenze su ConSense.<\/p>\r\n<p>\"Ma non \u00e8 tutto: i nostri ospiti della fiera possono anche aspettarsi un'area di networking per lo scambio diretto, chat in diretta per le domande durante tutta la fiera e un concorso di ricerca ed enigmistica con grandi premi. Il regolare feedback sulla ConSense EXPO ci dimostra che con il nostro evento virtuale copriamo molto bene le esigenze di informazione sulla gestione della qualit\u00e0 accettata e vivente e sui sistemi di gestione integrati a diversi livelli\", afferma la dottoressa Iris Bruns della direzione di ConSense GmbH.<\/p>\r\n<p><em>Le iscrizioni alla visita sono aperte all'indirizzo <a href=\"http:\/\/www.consense-gmbh.de\/expo\">www.consense-gmbh.de\/expo<\/a><strong>\u00a0<\/strong>possibile. Il programma completo della conferenza e le iscrizioni ai singoli eventi sono disponibili all'indirizzo <a href=\"http:\/\/www.consense-gmbh.de\/expo-konferenzen\">www.consense-gmbh.de\/expo-konferenzen<\/a> pronto.<\/em><\/p>\n<p class=\"syndicated-attribution\">Questo articolo \u00e8 apparso originariamente su m-q.ch - <a href=\"https:\/\/www.m-q.ch\/de\/qm-software-entwickler-consense-kuendigt-virtuelle-herbst-expo-an\/\" target=\"_blank\">https:\/\/www.m-q.ch\/de\/qm-software-entwickler-consense-kuendigt-virtuelle-herbst-expo-an\/<\/a><\/p>","protected":false},"excerpt":{"rendered":"<p>Zu den Highlights der ConSense EXPO z\u00e4hlt der QM-Software-Entwickler aus Aachen regelm\u00e4ssig das breit gef\u00e4cherte Konferenzprogramm. F\u00fcr die Herbstedition hat die ConSense GmbH wieder viele relevante Themen aus der QM-Welt zusammengestellt, vorgetragen von Experten\/-innen namhafter Unternehmen und Institutionen sowie des Veranstalters. In seiner Keynote greift etwa Dr. Markus Reimer, Business- und Qualit\u00e4tsexperte, das Thema \u201eDie [\u2026]<\/p>\n","protected":false},"author":8,"featured_media":0,"comment_status":"closed","ping_status":"closed","sticky":false,"template":"","format":"standard","meta":{"_acf_changed":false,"_yoast_wpseo_focuskw":"ConSense EXPO 2024","_yoast_wpseo_metadesc":"Die ConSense EXPO bietet im Herbst ein umfangreiches Konferenzprogramm zu QM-Themen. Erfahren Sie mehr \u00fcber die Highlights und Anmeldung.","articlekey":"","footnotes":""},"categories":[582],"tags":[3154,3155,3343,3306,3772],"class_list":["post-16409","post","type-post","status-publish","format-standard","hentry","category-operational-excellence","tag-consense","tag-expo","tag-konferenz","tag-managementsystem","tag-qm-software"],"acf":[],"yoast_head":"<!-- This site is optimized with the Yoast SEO plugin v27.5 - https:\/\/yoast.com\/product\/yoast-seo-wordpress\/ -->\n<title>QM-Software-Entwickler ConSense k\u00fcndigt virtuelle Herbst-Expo an - Organisator<\/title>\n<meta name=\"description\" content=\"Die ConSense EXPO bietet im Herbst ein umfangreiches Konferenzprogramm zu QM-Themen. Erfahren Sie mehr \u00fcber die Highlights und Anmeldung.\" \/>\n<meta name=\"robots\" content=\"index, follow, max-snippet:-1, max-image-preview:large, max-video-preview:-1\" \/>\n<link rel=\"canonical\" href=\"https:\/\/www.organisator.ch\/it\/eccellenza-operativa\/2022-08-10\/qm-software-entwickler-consense-kuendigt-virtuelle-herbst-expo-an\/\" \/>\n<meta property=\"og:locale\" content=\"it_IT\" \/>\n<meta property=\"og:type\" content=\"article\" \/>\n<meta property=\"og:title\" content=\"QM-Software-Entwickler ConSense k\u00fcndigt virtuelle Herbst-Expo an - Organisator\" \/>\n<meta property=\"og:description\" content=\"Die ConSense EXPO bietet im Herbst ein umfangreiches Konferenzprogramm zu QM-Themen. Erfahren Sie mehr \u00fcber die Highlights und Anmeldung.\" \/>\n<meta property=\"og:url\" content=\"https:\/\/www.organisator.ch\/it\/eccellenza-operativa\/2022-08-10\/qm-software-entwickler-consense-kuendigt-virtuelle-herbst-expo-an\/\" \/>\n<meta property=\"og:site_name\" content=\"Organisator\" \/>\n<meta property=\"article:publisher\" content=\"https:\/\/www.facebook.com\/OrganisatorFachmagazin\" \/>\n<meta property=\"article:published_time\" content=\"2022-08-10T12:03:43+00:00\" \/>\n<meta property=\"article:modified_time\" content=\"2024-11-19T13:01:13+00:00\" \/>\n<meta name=\"author\" content=\"galledia\" \/>\n<meta name=\"twitter:card\" content=\"summary_large_image\" \/>\n<meta name=\"twitter:creator\" content=\"@admin\" \/>\n<script type=\"application\/ld+json\" class=\"yoast-schema-graph\">{\"@context\":\"https:\\\/\\\/schema.org\",\"@graph\":[{\"@type\":\"Article\",\"@id\":\"https:\\\/\\\/www.organisator.ch\\\/operational-excellence\\\/2022-08-10\\\/qm-software-entwickler-consense-kuendigt-virtuelle-herbst-expo-an\\\/#article\",\"isPartOf\":{\"@id\":\"https:\\\/\\\/www.organisator.ch\\\/operational-excellence\\\/2022-08-10\\\/qm-software-entwickler-consense-kuendigt-virtuelle-herbst-expo-an\\\/\"},\"author\":{\"name\":\"galledia\",\"@id\":\"https:\\\/\\\/www.organisator.ch\\\/#\\\/schema\\\/person\\\/4e51799071cd2dd1232ac003643ef5f0\"},\"headline\":\"QM-Software-Entwickler ConSense k\u00fcndigt virtuelle Herbst-Expo an\",\"datePublished\":\"2022-08-10T12:03:43+00:00\",\"dateModified\":\"2024-11-19T13:01:13+00:00\",\"mainEntityOfPage\":{\"@id\":\"https:\\\/\\\/www.organisator.ch\\\/operational-excellence\\\/2022-08-10\\\/qm-software-entwickler-consense-kuendigt-virtuelle-herbst-expo-an\\\/\"},\"wordCount\":469,\"publisher\":{\"@id\":\"https:\\\/\\\/www.organisator.ch\\\/#organization\"},\"image\":{\"@id\":\"https:\\\/\\\/www.organisator.ch\\\/operational-excellence\\\/2022-08-10\\\/qm-software-entwickler-consense-kuendigt-virtuelle-herbst-expo-an\\\/#primaryimage\"},\"thumbnailUrl\":\"https:\\\/\\\/www.m-q.ch\\\/wp-content\\\/uploads\\\/2022\\\/08\\\/QM-Software-Entwickler-ConSense-kuendigt-virtuelle-Herbst-Expo-an_MQ.jpg\",\"keywords\":[\"ConSense\",\"EXPO\",\"Konferenz\",\"Managementsystem\",\"QM-Software\"],\"articleSection\":[\"OPERATIONAL EXCELLENCE\"],\"inLanguage\":\"it-IT\"},{\"@type\":\"WebPage\",\"@id\":\"https:\\\/\\\/www.organisator.ch\\\/operational-excellence\\\/2022-08-10\\\/qm-software-entwickler-consense-kuendigt-virtuelle-herbst-expo-an\\\/\",\"url\":\"https:\\\/\\\/www.organisator.ch\\\/operational-excellence\\\/2022-08-10\\\/qm-software-entwickler-consense-kuendigt-virtuelle-herbst-expo-an\\\/\",\"name\":\"QM-Software-Entwickler ConSense k\u00fcndigt virtuelle Herbst-Expo an - Organisator\",\"isPartOf\":{\"@id\":\"https:\\\/\\\/www.organisator.ch\\\/#website\"},\"primaryImageOfPage\":{\"@id\":\"https:\\\/\\\/www.organisator.ch\\\/operational-excellence\\\/2022-08-10\\\/qm-software-entwickler-consense-kuendigt-virtuelle-herbst-expo-an\\\/#primaryimage\"},\"image\":{\"@id\":\"https:\\\/\\\/www.organisator.ch\\\/operational-excellence\\\/2022-08-10\\\/qm-software-entwickler-consense-kuendigt-virtuelle-herbst-expo-an\\\/#primaryimage\"},\"thumbnailUrl\":\"https:\\\/\\\/www.m-q.ch\\\/wp-content\\\/uploads\\\/2022\\\/08\\\/QM-Software-Entwickler-ConSense-kuendigt-virtuelle-Herbst-Expo-an_MQ.jpg\",\"datePublished\":\"2022-08-10T12:03:43+00:00\",\"dateModified\":\"2024-11-19T13:01:13+00:00\",\"description\":\"Die ConSense EXPO bietet im Herbst ein umfangreiches Konferenzprogramm zu QM-Themen. Erfahren Sie mehr \u00fcber die Highlights und Anmeldung.\",\"breadcrumb\":{\"@id\":\"https:\\\/\\\/www.organisator.ch\\\/operational-excellence\\\/2022-08-10\\\/qm-software-entwickler-consense-kuendigt-virtuelle-herbst-expo-an\\\/#breadcrumb\"},\"inLanguage\":\"it-IT\",\"potentialAction\":[{\"@type\":\"ReadAction\",\"target\":[\"https:\\\/\\\/www.organisator.ch\\\/operational-excellence\\\/2022-08-10\\\/qm-software-entwickler-consense-kuendigt-virtuelle-herbst-expo-an\\\/\"]}]},{\"@type\":\"ImageObject\",\"inLanguage\":\"it-IT\",\"@id\":\"https:\\\/\\\/www.organisator.ch\\\/operational-excellence\\\/2022-08-10\\\/qm-software-entwickler-consense-kuendigt-virtuelle-herbst-expo-an\\\/#primaryimage\",\"url\":\"https:\\\/\\\/www.m-q.ch\\\/wp-content\\\/uploads\\\/2022\\\/08\\\/QM-Software-Entwickler-ConSense-kuendigt-virtuelle-Herbst-Expo-an_MQ.jpg\",\"contentUrl\":\"https:\\\/\\\/www.m-q.ch\\\/wp-content\\\/uploads\\\/2022\\\/08\\\/QM-Software-Entwickler-ConSense-kuendigt-virtuelle-Herbst-Expo-an_MQ.jpg\"},{\"@type\":\"BreadcrumbList\",\"@id\":\"https:\\\/\\\/www.organisator.ch\\\/operational-excellence\\\/2022-08-10\\\/qm-software-entwickler-consense-kuendigt-virtuelle-herbst-expo-an\\\/#breadcrumb\",\"itemListElement\":[{\"@type\":\"ListItem\",\"position\":1,\"name\":\"Home\",\"item\":\"https:\\\/\\\/www.organisator.ch\\\/\"},{\"@type\":\"ListItem\",\"position\":2,\"name\":\"QM-Software-Entwickler ConSense k\u00fcndigt virtuelle Herbst-Expo an\"}]},{\"@type\":\"WebSite\",\"@id\":\"https:\\\/\\\/www.organisator.ch\\\/#website\",\"url\":\"https:\\\/\\\/www.organisator.ch\\\/\",\"name\":\"Organisator\",\"description\":\"Kompetent. Praxisnah. Der ORGANISATOR bereitet in 10 Ausgaben pro Jahr die wesentlichen Themen f\u00fcr F\u00fchrungskr\u00e4fte von KMU auf.\",\"publisher\":{\"@id\":\"https:\\\/\\\/www.organisator.ch\\\/#organization\"},\"potentialAction\":[{\"@type\":\"SearchAction\",\"target\":{\"@type\":\"EntryPoint\",\"urlTemplate\":\"https:\\\/\\\/www.organisator.ch\\\/?s={search_term_string}\"},\"query-input\":{\"@type\":\"PropertyValueSpecification\",\"valueRequired\":true,\"valueName\":\"search_term_string\"}}],\"inLanguage\":\"it-IT\"},{\"@type\":\"Organization\",\"@id\":\"https:\\\/\\\/www.organisator.ch\\\/#organization\",\"name\":\"Organisator\",\"url\":\"https:\\\/\\\/www.organisator.ch\\\/\",\"logo\":{\"@type\":\"ImageObject\",\"inLanguage\":\"it-IT\",\"@id\":\"https:\\\/\\\/www.organisator.ch\\\/#\\\/schema\\\/logo\\\/image\\\/\",\"url\":\"https:\\\/\\\/www.organisator.ch\\\/wp-content\\\/uploads\\\/2022\\\/01\\\/Logo_Organisator_Website.png\",\"contentUrl\":\"https:\\\/\\\/www.organisator.ch\\\/wp-content\\\/uploads\\\/2022\\\/01\\\/Logo_Organisator_Website.png\",\"width\":800,\"height\":77,\"caption\":\"Organisator\"},\"image\":{\"@id\":\"https:\\\/\\\/www.organisator.ch\\\/#\\\/schema\\\/logo\\\/image\\\/\"},\"sameAs\":[\"https:\\\/\\\/www.facebook.com\\\/OrganisatorFachmagazin\",\"https:\\\/\\\/www.linkedin.com\\\/showcase\\\/organisator-das-magazin-fr-kmu\",\"https:\\\/\\\/www.xing.com\\\/news\\\/pages\\\/organisator-ch-695\",\"https:\\\/\\\/www.youtube.com\\\/channel\\\/UCGP2Sq0iWaZwT3BdIAQFYpw\"]},{\"@type\":\"Person\",\"@id\":\"https:\\\/\\\/www.organisator.ch\\\/#\\\/schema\\\/person\\\/4e51799071cd2dd1232ac003643ef5f0\",\"name\":\"galledia\",\"image\":{\"@type\":\"ImageObject\",\"inLanguage\":\"it-IT\",\"@id\":\"https:\\\/\\\/secure.gravatar.com\\\/avatar\\\/78a7f90c01fc2bfc875782a0d4922b37cde2cf184ce347b91316d23cd7f69a36?s=96&d=mm&r=g\",\"url\":\"https:\\\/\\\/secure.gravatar.com\\\/avatar\\\/78a7f90c01fc2bfc875782a0d4922b37cde2cf184ce347b91316d23cd7f69a36?s=96&d=mm&r=g\",\"contentUrl\":\"https:\\\/\\\/secure.gravatar.com\\\/avatar\\\/78a7f90c01fc2bfc875782a0d4922b37cde2cf184ce347b91316d23cd7f69a36?s=96&d=mm&r=g\",\"caption\":\"galledia\"},\"sameAs\":[\"https:\\\/\\\/x.com\\\/admin\"],\"url\":\"https:\\\/\\\/www.organisator.ch\\\/it\\\/author\\\/galledia\\\/\"}]}<\/script>\n<!-- \/ Yoast SEO plugin. -->","yoast_head_json":{"title":"Lo sviluppatore di software QM ConSense annuncia un'esposizione autunnale virtuale - organizzatore","description":"ConSense EXPO offre un ampio programma di conferenze sui temi del QM in autunno. Per saperne di pi\u00f9 sui punti salienti e sulla registrazione.","robots":{"index":"index","follow":"follow","max-snippet":"max-snippet:-1","max-image-preview":"max-image-preview:large","max-video-preview":"max-video-preview:-1"},"canonical":"https:\/\/www.organisator.ch\/it\/eccellenza-operativa\/2022-08-10\/qm-software-entwickler-consense-kuendigt-virtuelle-herbst-expo-an\/","og_locale":"it_IT","og_type":"article","og_title":"QM-Software-Entwickler ConSense k\u00fcndigt virtuelle Herbst-Expo an - Organisator","og_description":"Die ConSense EXPO bietet im Herbst ein umfangreiches Konferenzprogramm zu QM-Themen. Erfahren Sie mehr \u00fcber die Highlights und Anmeldung.","og_url":"https:\/\/www.organisator.ch\/it\/eccellenza-operativa\/2022-08-10\/qm-software-entwickler-consense-kuendigt-virtuelle-herbst-expo-an\/","og_site_name":"Organisator","article_publisher":"https:\/\/www.facebook.com\/OrganisatorFachmagazin","article_published_time":"2022-08-10T12:03:43+00:00","article_modified_time":"2024-11-19T13:01:13+00:00","author":"galledia","twitter_card":"summary_large_image","twitter_creator":"@admin","schema":{"@context":"https:\/\/schema.org","@graph":[{"@type":"Article","@id":"https:\/\/www.organisator.ch\/operational-excellence\/2022-08-10\/qm-software-entwickler-consense-kuendigt-virtuelle-herbst-expo-an\/#article","isPartOf":{"@id":"https:\/\/www.organisator.ch\/operational-excellence\/2022-08-10\/qm-software-entwickler-consense-kuendigt-virtuelle-herbst-expo-an\/"},"author":{"name":"galledia","@id":"https:\/\/www.organisator.ch\/#\/schema\/person\/4e51799071cd2dd1232ac003643ef5f0"},"headline":"QM-Software-Entwickler ConSense k\u00fcndigt virtuelle Herbst-Expo an","datePublished":"2022-08-10T12:03:43+00:00","dateModified":"2024-11-19T13:01:13+00:00","mainEntityOfPage":{"@id":"https:\/\/www.organisator.ch\/operational-excellence\/2022-08-10\/qm-software-entwickler-consense-kuendigt-virtuelle-herbst-expo-an\/"},"wordCount":469,"publisher":{"@id":"https:\/\/www.organisator.ch\/#organization"},"image":{"@id":"https:\/\/www.organisator.ch\/operational-excellence\/2022-08-10\/qm-software-entwickler-consense-kuendigt-virtuelle-herbst-expo-an\/#primaryimage"},"thumbnailUrl":"https:\/\/www.m-q.ch\/wp-content\/uploads\/2022\/08\/QM-Software-Entwickler-ConSense-kuendigt-virtuelle-Herbst-Expo-an_MQ.jpg","keywords":["ConSense","EXPO","Konferenz","Managementsystem","QM-Software"],"articleSection":["OPERATIONAL EXCELLENCE"],"inLanguage":"it-IT"},{"@type":"WebPage","@id":"https:\/\/www.organisator.ch\/operational-excellence\/2022-08-10\/qm-software-entwickler-consense-kuendigt-virtuelle-herbst-expo-an\/","url":"https:\/\/www.organisator.ch\/operational-excellence\/2022-08-10\/qm-software-entwickler-consense-kuendigt-virtuelle-herbst-expo-an\/","name":"Lo sviluppatore di software QM ConSense annuncia un'esposizione autunnale virtuale - organizzatore","isPartOf":{"@id":"https:\/\/www.organisator.ch\/#website"},"primaryImageOfPage":{"@id":"https:\/\/www.organisator.ch\/operational-excellence\/2022-08-10\/qm-software-entwickler-consense-kuendigt-virtuelle-herbst-expo-an\/#primaryimage"},"image":{"@id":"https:\/\/www.organisator.ch\/operational-excellence\/2022-08-10\/qm-software-entwickler-consense-kuendigt-virtuelle-herbst-expo-an\/#primaryimage"},"thumbnailUrl":"https:\/\/www.m-q.ch\/wp-content\/uploads\/2022\/08\/QM-Software-Entwickler-ConSense-kuendigt-virtuelle-Herbst-Expo-an_MQ.jpg","datePublished":"2022-08-10T12:03:43+00:00","dateModified":"2024-11-19T13:01:13+00:00","description":"ConSense EXPO offre un ampio programma di conferenze sui temi del QM in autunno. Per saperne di pi\u00f9 sui punti salienti e sulla registrazione.","breadcrumb":{"@id":"https:\/\/www.organisator.ch\/operational-excellence\/2022-08-10\/qm-software-entwickler-consense-kuendigt-virtuelle-herbst-expo-an\/#breadcrumb"},"inLanguage":"it-IT","potentialAction":[{"@type":"ReadAction","target":["https:\/\/www.organisator.ch\/operational-excellence\/2022-08-10\/qm-software-entwickler-consense-kuendigt-virtuelle-herbst-expo-an\/"]}]},{"@type":"ImageObject","inLanguage":"it-IT","@id":"https:\/\/www.organisator.ch\/operational-excellence\/2022-08-10\/qm-software-entwickler-consense-kuendigt-virtuelle-herbst-expo-an\/#primaryimage","url":"https:\/\/www.m-q.ch\/wp-content\/uploads\/2022\/08\/QM-Software-Entwickler-ConSense-kuendigt-virtuelle-Herbst-Expo-an_MQ.jpg","contentUrl":"https:\/\/www.m-q.ch\/wp-content\/uploads\/2022\/08\/QM-Software-Entwickler-ConSense-kuendigt-virtuelle-Herbst-Expo-an_MQ.jpg"},{"@type":"BreadcrumbList","@id":"https:\/\/www.organisator.ch\/operational-excellence\/2022-08-10\/qm-software-entwickler-consense-kuendigt-virtuelle-herbst-expo-an\/#breadcrumb","itemListElement":[{"@type":"ListItem","position":1,"name":"Home","item":"https:\/\/www.organisator.ch\/"},{"@type":"ListItem","position":2,"name":"QM-Software-Entwickler ConSense k\u00fcndigt virtuelle Herbst-Expo an"}]},{"@type":"WebSite","@id":"https:\/\/www.organisator.ch\/#website","url":"https:\/\/www.organisator.ch\/","name":"Organizzatore","description":"Competente. Pratico. In 10 numeri all'anno, ORGANISATOR presenta i temi essenziali per i manager delle PMI.","publisher":{"@id":"https:\/\/www.organisator.ch\/#organization"},"potentialAction":[{"@type":"SearchAction","target":{"@type":"EntryPoint","urlTemplate":"https:\/\/www.organisator.ch\/?s={search_term_string}"},"query-input":{"@type":"PropertyValueSpecification","valueRequired":true,"valueName":"search_term_string"}}],"inLanguage":"it-IT"},{"@type":"Organization","@id":"https:\/\/www.organisator.ch\/#organization","name":"Organizzatore","url":"https:\/\/www.organisator.ch\/","logo":{"@type":"ImageObject","inLanguage":"it-IT","@id":"https:\/\/www.organisator.ch\/#\/schema\/logo\/image\/","url":"https:\/\/www.organisator.ch\/wp-content\/uploads\/2022\/01\/Logo_Organisator_Website.png","contentUrl":"https:\/\/www.organisator.ch\/wp-content\/uploads\/2022\/01\/Logo_Organisator_Website.png","width":800,"height":77,"caption":"Organisator"},"image":{"@id":"https:\/\/www.organisator.ch\/#\/schema\/logo\/image\/"},"sameAs":["https:\/\/www.facebook.com\/OrganisatorFachmagazin","https:\/\/www.linkedin.com\/showcase\/organisator-das-magazin-fr-kmu","https:\/\/www.xing.com\/news\/pages\/organisator-ch-695","https:\/\/www.youtube.com\/channel\/UCGP2Sq0iWaZwT3BdIAQFYpw"]},{"@type":"Person","@id":"https:\/\/www.organisator.ch\/#\/schema\/person\/4e51799071cd2dd1232ac003643ef5f0","name":"galledia","image":{"@type":"ImageObject","inLanguage":"it-IT","@id":"https:\/\/secure.gravatar.com\/avatar\/78a7f90c01fc2bfc875782a0d4922b37cde2cf184ce347b91316d23cd7f69a36?s=96&d=mm&r=g","url":"https:\/\/secure.gravatar.com\/avatar\/78a7f90c01fc2bfc875782a0d4922b37cde2cf184ce347b91316d23cd7f69a36?s=96&d=mm&r=g","contentUrl":"https:\/\/secure.gravatar.com\/avatar\/78a7f90c01fc2bfc875782a0d4922b37cde2cf184ce347b91316d23cd7f69a36?s=96&d=mm&r=g","caption":"galledia"},"sameAs":["https:\/\/x.com\/admin"],"url":"https:\/\/www.organisator.ch\/it\/author\/galledia\/"}]}},"_links":{"self":[{"href":"https:\/\/www.organisator.ch\/it\/wp-json\/wp\/v2\/posts\/16409","targetHints":{"allow":["GET"]}}],"collection":[{"href":"https:\/\/www.organisator.ch\/it\/wp-json\/wp\/v2\/posts"}],"about":[{"href":"https:\/\/www.organisator.ch\/it\/wp-json\/wp\/v2\/types\/post"}],"author":[{"embeddable":true,"href":"https:\/\/www.organisator.ch\/it\/wp-json\/wp\/v2\/users\/8"}],"replies":[{"embeddable":true,"href":"https:\/\/www.organisator.ch\/it\/wp-json\/wp\/v2\/comments?post=16409"}],"version-history":[{"count":3,"href":"https:\/\/www.organisator.ch\/it\/wp-json\/wp\/v2\/posts\/16409\/revisions"}],"predecessor-version":[{"id":33536,"href":"https:\/\/www.organisator.ch\/it\/wp-json\/wp\/v2\/posts\/16409\/revisions\/33536"}],"wp:attachment":[{"href":"https:\/\/www.organisator.ch\/it\/wp-json\/wp\/v2\/media?parent=16409"}],"wp:term":[{"taxonomy":"category","embeddable":true,"href":"https:\/\/www.organisator.ch\/it\/wp-json\/wp\/v2\/categories?post=16409"},{"taxonomy":"post_tag","embeddable":true,"href":"https:\/\/www.organisator.ch\/it\/wp-json\/wp\/v2\/tags?post=16409"}],"curies":[{"name":"wp","href":"https:\/\/api.w.org\/{rel}","templated":true}]}}