{"id":16424,"date":"2022-08-11T13:58:56","date_gmt":"2022-08-11T11:58:56","guid":{"rendered":"https:\/\/www.organisator.ch\/?p=16424"},"modified":"2022-08-11T11:13:50","modified_gmt":"2022-08-11T09:13:50","slug":"viaggio-daffari-internazionale-nuovi-fattori-in-primo-piano","status":"publish","type":"post","link":"https:\/\/www.organisator.ch\/it\/human-resources\/2022-08-11\/internationale-geschaeftsreisen-neue-faktoren-im-fokus\/","title":{"rendered":"Viaggi d'affari internazionali: Nuovi fattori in primo piano"},"content":{"rendered":"<figure id=\"attachment_16425\" aria-describedby=\"caption-attachment-16425\" style=\"width: 680px\" class=\"wp-caption alignnone\"><img loading=\"lazy\" decoding=\"async\" class=\"size-full wp-image-16425\" src=\"https:\/\/www.organisator.ch\/wp-content\/uploads\/2022\/08\/Internationale-Geschaftsreisen-Neue-Faktoren-im-Fokus_Organisator.jpg\" alt=\"\" width=\"680\" height=\"430\" srcset=\"https:\/\/www.organisator.ch\/wp-content\/uploads\/2022\/08\/Internationale-Geschaftsreisen-Neue-Faktoren-im-Fokus_Organisator.jpg 680w, https:\/\/www.organisator.ch\/wp-content\/uploads\/2022\/08\/Internationale-Geschaftsreisen-Neue-Faktoren-im-Fokus_Organisator-18x12.jpg 18w, https:\/\/www.organisator.ch\/wp-content\/uploads\/2022\/08\/Internationale-Geschaftsreisen-Neue-Faktoren-im-Fokus_Organisator-277x175.jpg 277w, https:\/\/www.organisator.ch\/wp-content\/uploads\/2022\/08\/Internationale-Geschaftsreisen-Neue-Faktoren-im-Fokus_Organisator-553x350.jpg 553w, https:\/\/www.organisator.ch\/wp-content\/uploads\/2022\/08\/Internationale-Geschaftsreisen-Neue-Faktoren-im-Fokus_Organisator-300x190.jpg 300w\" sizes=\"auto, (max-width: 680px) 100vw, 680px\" \/><figcaption id=\"caption-attachment-16425\" class=\"wp-caption-text\">I viaggi d'affari internazionali sono sempre pi\u00f9 valutati dalle aziende in base a fattori quali la sostenibilit\u00e0 e il benessere. (Immagine: Pixabay.com)<\/figcaption><\/figure>\n<p>Il Rapporto sulla mobilit\u00e0 internazionale 2022 di Aon plc mostra che nuovi fattori sono al centro dell'attenzione quando si tratta di viaggi d'affari internazionali: Le aziende stanno rivalutando il valore dei viaggi d'affari. In cima alla lista ci sono la sostenibilit\u00e0, ma anche <a href=\"https:\/\/www.organisator.ch\/de\/allgemein\/2022-08-10\/dienstreisen-werden-2023-deutlich-teurer\/\">Costi<\/a> e disordini politici. Allo stesso tempo, la sicurezza e il benessere dei dipendenti sono una delle maggiori sfide delle missioni internazionali. Ci\u00f2 significa che anche i datori di lavoro devono essere preparati ad accogliere i talenti internazionali e a stabilire per loro un ambiente di lavoro e politiche commerciali internazionali. I risultati del rapporto si basano su un'indagine condotta su oltre duecento aziende in tutto il mondo.<\/p>\n<h3>Corona \u00e8 corresponsabile delle modifiche<\/h3>\n<p>Ingo Trosiner, Head of International People Mobility di Aon, \u00e8 dell'opinione che la pandemia di Corona, in particolare, abbia cambiato in modo permanente i viaggi d'affari internazionali: \"Se si guarda al numero attuale e anche al modo in cui le aziende gestiscono i viaggi d'affari, si pu\u00f2 notare che \u00e8 in corso una vera e propria rivalutazione. Fattori come i costi, il benessere dei dipendenti e la situazione attuale nel Paese di assegnazione decideranno in futuro se un viaggio \u00e8 considerato necessario o meno. In questo modo \u00e8 possibile prendere decisioni migliori. Questo non vuol dire che i viaggi d'affari diventeranno obsoleti, perch\u00e9 aggiungono un valore reale in diversi settori, ma il mondo dopo COVID-19 non \u00e8 pi\u00f9 lo stesso.<\/p>\n<p>Gianluca Galli, Broker Health Solutions di Aon, aggiunge: \"I datori di lavoro hanno imparato a conoscere i vantaggi del lavoro a distanza e vogliono continuare a proporlo. Non da ultimo per garantire il miglior equilibrio possibile tra vita privata e lavoro ai propri dipendenti e creare cos\u00ec una maggiore resilienza. Allo stesso tempo, per\u00f2, \u00e8 necessario che le aziende non si concentrino solo sui vantaggi del lavoro a distanza, ma che formulino strategie concrete su come affrontare le sfide e i requisiti legali - e che li comunichino ai propri dipendenti in modo comprensibile.\"<\/p>\n<h3><strong>Viaggi d'affari internazionali messi alla prova<\/strong><\/h3>\n<p>Dopo un'assenza di viaggi nel 2020 e nella prima met\u00e0 del 2021, i viaggi d'affari in Europa sono aumentati nuovamente nella seconda met\u00e0 del 2021. Tuttavia, \u00e8 in atto una rivalutazione dei viaggi internazionali da parte delle aziende: La sicurezza generale (75 %) e il benessere dei dipendenti (60 %) sono le sfide maggiori. Anche la capacit\u00e0 di lavorare con i lavoratori distaccati e di guidarli (36,2 %) e il rispetto di leggi e regolamenti (31,9 %) sono stati spesso citati come motivi decisivi per decidere se attuare un distacco o un viaggio di lavoro. Le emissioni di CO2, invece, sono all'ultimo posto con 15 %.<\/p>\n<p>Molti datori di lavoro si concentrano ora sulla qualit\u00e0 piuttosto che sulla quantit\u00e0. Ci\u00f2 significa che le aziende sono sempre pi\u00f9 alla ricerca di talenti locali, motivo per cui non si prevede un aumento del numero di incarichi internazionali. Allo stesso tempo, il lavoro a distanza internazionale \u00e8 visto come una soluzione in caso di carenza di talenti. Nel 2021, in particolare, i dipendenti delle vendite (66 %) e della direzione (65 %) sono tornati a viaggiare per lavoro. L'obiettivo principale \u00e8 stato quello di mantenere le relazioni e la fiducia attraverso il contatto personale.<\/p>\n<p>In generale, il ritorno sull'investimento \u00e8 al primo posto: il valore effettivo per un'azienda, il beneficio misurabile e la capacit\u00e0 di dimostrarlo agli stakeholder interni sono considerati i criteri pi\u00f9 importanti nella valutazione a favore o contro un viaggio.  Un altro fattore decisivo \u00e8 il fatto che un viaggio d'affari pone sempre maggiori requisiti di diligenza e preparazione, come il rispetto di leggi e regolamenti e la garanzia di sicurezza e benessere dei dipendenti.<\/p>\n<h3><strong>Tendenza crescente al lavoro a distanza internazionale<\/strong><\/h3>\n<p>Oltre alle sfide gi\u00e0 menzionate, il lavoro internazionale comporta molte altre problematiche per le aziende, che i datori di lavoro devono necessariamente affrontare prima che i loro dipendenti vengano distaccati o viaggino per lavoro. Questi includono, ad esempio, la conformit\u00e0 normativa (54,6 %), la previdenza sociale (51,5 %) e le tasse (49,5 %). Tuttavia, il 40 % delle aziende che offrono lavoro a distanza internazionale non dispone di politiche in merito. Tuttavia, gestire male la questione del lavoro all'estero pu\u00f2 avere conseguenze enormi.<\/p>\n<p>Le ragioni gi\u00e0 citate spiegano spesso la decisione delle aziende di affidarsi al lavoro a distanza internazionale invece che ai distacchi. Quasi il 60 % dei datori di lavoro ha indicato nello studio che il lavoro a distanza \u00e8 un'opzione nella loro azienda. Questo va di pari passo con l'esigenza di molte persone di poter lavorare in modo flessibile da qualsiasi parte del mondo, combinando tempo libero e lavoro lontano dall'ufficio o per essere pi\u00f9 vicini alla famiglia. Inoltre, il lavoro a distanza pu\u00f2 essere una possibile soluzione quando si tratta di reclutare e trattenere i talenti necessari.<\/p>\n<p><em>Fonte: <a href=\"https:\/\/www.aon.com\/home\/index\">Aon plc<\/a><\/em><\/p>","protected":false},"excerpt":{"rendered":"<p>Der International Mobility Report 2022 von Aon plc zeigt, dass in Sachen internationale Gesch\u00e4ftsreisen neue Faktoren im Fokus stehen: Bei den Unternehmen steht die Neubewertung von Gesch\u00e4ftsreisen im Mittelpunkt der \u00dcberlegungen. Ganz oben stehen hier Nachhaltigkeit, aber auch Kosten und politische Unruhen. Zugleich stellen die Sicherheit und das Wohlbefinden der Mitarbeitenden eine der gr\u00f6ssten Herausforderungen [&hellip;]<\/p>\n","protected":false},"author":4,"featured_media":16425,"comment_status":"closed","ping_status":"closed","sticky":false,"template":"","format":"standard","meta":{"_acf_changed":false,"_yoast_wpseo_focuskw":"Internationale Gesch\u00e4ftsreisen","_yoast_wpseo_metadesc":"Aon plc hat den \u201eInternational Mobility Report 2022\u201c ver\u00f6ffentlicht. Dieser zeigt, dass internationale Gesch\u00e4ftsreisen neu bewertet werden.","articlekey":"","footnotes":""},"categories":[579],"tags":[77,239,254,358],"class_list":["post-16424","post","type-post","status-publish","format-standard","has-post-thumbnail","hentry","category-human-resources","tag-betriebliches-gesundheitsmanagement","tag-geschaeftsreisen","tag-hrm","tag-nachhaltige-wirtschaft"],"acf":[],"yoast_head":"<!-- This site is optimized with the Yoast SEO plugin v27.5 - https:\/\/yoast.com\/product\/yoast-seo-wordpress\/ -->\n<title>Internationale Gesch\u00e4ftsreisen: Neue Faktoren im Fokus - Organisator<\/title>\n<meta name=\"description\" content=\"Aon plc hat den \u201eInternational Mobility Report 2022\u201c ver\u00f6ffentlicht. Dieser zeigt, dass internationale Gesch\u00e4ftsreisen neu bewertet werden.\" \/>\n<meta name=\"robots\" content=\"index, follow, max-snippet:-1, max-image-preview:large, max-video-preview:-1\" \/>\n<link rel=\"canonical\" href=\"https:\/\/www.organisator.ch\/it\/risorse-umane\/2022-08-11\/viaggio-daffari-internazionale-nuovi-fattori-in-primo-piano\/\" \/>\n<meta property=\"og:locale\" content=\"it_IT\" \/>\n<meta property=\"og:type\" content=\"article\" \/>\n<meta property=\"og:title\" content=\"Internationale Gesch\u00e4ftsreisen: Neue Faktoren im Fokus\" \/>\n<meta property=\"og:description\" content=\"Aon plc hat den \u201eInternational Mobility Report 2022\u201c ver\u00f6ffentlicht. Dieser zeigt, dass internationale Gesch\u00e4ftsreisen neu bewertet werden.\" \/>\n<meta property=\"og:url\" content=\"https:\/\/www.organisator.ch\/it\/risorse-umane\/2022-08-11\/viaggio-daffari-internazionale-nuovi-fattori-in-primo-piano\/\" \/>\n<meta property=\"og:site_name\" content=\"Organisator\" \/>\n<meta property=\"article:publisher\" content=\"https:\/\/www.facebook.com\/OrganisatorFachmagazin\" \/>\n<meta property=\"article:published_time\" content=\"2022-08-11T11:58:56+00:00\" \/>\n<meta property=\"og:image\" content=\"https:\/\/www.organisator.ch\/wp-content\/uploads\/2022\/08\/Internationale-Geschaftsreisen-Neue-Faktoren-im-Fokus_Organisator.jpg\" \/>\n\t<meta property=\"og:image:width\" content=\"680\" \/>\n\t<meta property=\"og:image:height\" content=\"430\" \/>\n\t<meta property=\"og:image:type\" content=\"image\/jpeg\" \/>\n<meta name=\"author\" content=\"thomas.berner\" \/>\n<meta name=\"twitter:card\" content=\"summary_large_image\" \/>\n<meta name=\"twitter:title\" content=\"Internationale #Gesch\u00e4ftsreisen: Neue Faktoren im Fokus\" \/>\n<meta name=\"twitter:description\" content=\"#Aon plc hat den \u201eInternational Mobility Report 2022\u201c ver\u00f6ffentlicht. Dieser zeigt, dass internationale #Gesch\u00e4ftsreisen neu bewertet werden.\" \/>\n<meta name=\"twitter:image\" content=\"https:\/\/www.organisator.ch\/wp-content\/uploads\/2022\/08\/Internationale-Geschaftsreisen-Neue-Faktoren-im-Fokus_Organisator.jpg\" \/>\n<script type=\"application\/ld+json\" class=\"yoast-schema-graph\">{\"@context\":\"https:\\\/\\\/schema.org\",\"@graph\":[{\"@type\":\"Article\",\"@id\":\"https:\\\/\\\/www.organisator.ch\\\/human-resources\\\/2022-08-11\\\/internationale-geschaeftsreisen-neue-faktoren-im-fokus\\\/#article\",\"isPartOf\":{\"@id\":\"https:\\\/\\\/www.organisator.ch\\\/human-resources\\\/2022-08-11\\\/internationale-geschaeftsreisen-neue-faktoren-im-fokus\\\/\"},\"author\":{\"name\":\"thomas.berner\",\"@id\":\"https:\\\/\\\/www.organisator.ch\\\/#\\\/schema\\\/person\\\/6f650f90b2842cd4c0cc334b4e36f67e\"},\"headline\":\"Internationale Gesch\u00e4ftsreisen: Neue Faktoren im Fokus\",\"datePublished\":\"2022-08-11T11:58:56+00:00\",\"mainEntityOfPage\":{\"@id\":\"https:\\\/\\\/www.organisator.ch\\\/human-resources\\\/2022-08-11\\\/internationale-geschaeftsreisen-neue-faktoren-im-fokus\\\/\"},\"wordCount\":774,\"publisher\":{\"@id\":\"https:\\\/\\\/www.organisator.ch\\\/#organization\"},\"image\":{\"@id\":\"https:\\\/\\\/www.organisator.ch\\\/human-resources\\\/2022-08-11\\\/internationale-geschaeftsreisen-neue-faktoren-im-fokus\\\/#primaryimage\"},\"thumbnailUrl\":\"https:\\\/\\\/www.organisator.ch\\\/wp-content\\\/uploads\\\/2022\\\/08\\\/Internationale-Geschaftsreisen-Neue-Faktoren-im-Fokus_Organisator.jpg\",\"keywords\":[\"Betriebliches Gesundheitsmanagement\",\"Gesch\u00e4ftsreisen\",\"HRM\",\"Nachhaltige Wirtschaft\"],\"articleSection\":[\"HUMAN RESOURCES\"],\"inLanguage\":\"it-IT\"},{\"@type\":\"WebPage\",\"@id\":\"https:\\\/\\\/www.organisator.ch\\\/human-resources\\\/2022-08-11\\\/internationale-geschaeftsreisen-neue-faktoren-im-fokus\\\/\",\"url\":\"https:\\\/\\\/www.organisator.ch\\\/human-resources\\\/2022-08-11\\\/internationale-geschaeftsreisen-neue-faktoren-im-fokus\\\/\",\"name\":\"Internationale Gesch\u00e4ftsreisen: Neue Faktoren im Fokus - Organisator\",\"isPartOf\":{\"@id\":\"https:\\\/\\\/www.organisator.ch\\\/#website\"},\"primaryImageOfPage\":{\"@id\":\"https:\\\/\\\/www.organisator.ch\\\/human-resources\\\/2022-08-11\\\/internationale-geschaeftsreisen-neue-faktoren-im-fokus\\\/#primaryimage\"},\"image\":{\"@id\":\"https:\\\/\\\/www.organisator.ch\\\/human-resources\\\/2022-08-11\\\/internationale-geschaeftsreisen-neue-faktoren-im-fokus\\\/#primaryimage\"},\"thumbnailUrl\":\"https:\\\/\\\/www.organisator.ch\\\/wp-content\\\/uploads\\\/2022\\\/08\\\/Internationale-Geschaftsreisen-Neue-Faktoren-im-Fokus_Organisator.jpg\",\"datePublished\":\"2022-08-11T11:58:56+00:00\",\"description\":\"Aon plc hat den \u201eInternational Mobility Report 2022\u201c ver\u00f6ffentlicht. Dieser zeigt, dass internationale Gesch\u00e4ftsreisen neu bewertet werden.\",\"breadcrumb\":{\"@id\":\"https:\\\/\\\/www.organisator.ch\\\/human-resources\\\/2022-08-11\\\/internationale-geschaeftsreisen-neue-faktoren-im-fokus\\\/#breadcrumb\"},\"inLanguage\":\"it-IT\",\"potentialAction\":[{\"@type\":\"ReadAction\",\"target\":[\"https:\\\/\\\/www.organisator.ch\\\/human-resources\\\/2022-08-11\\\/internationale-geschaeftsreisen-neue-faktoren-im-fokus\\\/\"]}]},{\"@type\":\"ImageObject\",\"inLanguage\":\"it-IT\",\"@id\":\"https:\\\/\\\/www.organisator.ch\\\/human-resources\\\/2022-08-11\\\/internationale-geschaeftsreisen-neue-faktoren-im-fokus\\\/#primaryimage\",\"url\":\"https:\\\/\\\/www.organisator.ch\\\/wp-content\\\/uploads\\\/2022\\\/08\\\/Internationale-Geschaftsreisen-Neue-Faktoren-im-Fokus_Organisator.jpg\",\"contentUrl\":\"https:\\\/\\\/www.organisator.ch\\\/wp-content\\\/uploads\\\/2022\\\/08\\\/Internationale-Geschaftsreisen-Neue-Faktoren-im-Fokus_Organisator.jpg\",\"width\":680,\"height\":430,\"caption\":\"Internationale Gesch\u00e4ftsreisen werden von Unternehmen zunehmend nach Faktoren wie Nachhaltigkeit und Wohlbefinden bewertet. (Bild: Pixabay.com)\"},{\"@type\":\"BreadcrumbList\",\"@id\":\"https:\\\/\\\/www.organisator.ch\\\/human-resources\\\/2022-08-11\\\/internationale-geschaeftsreisen-neue-faktoren-im-fokus\\\/#breadcrumb\",\"itemListElement\":[{\"@type\":\"ListItem\",\"position\":1,\"name\":\"Home\",\"item\":\"https:\\\/\\\/www.organisator.ch\\\/\"},{\"@type\":\"ListItem\",\"position\":2,\"name\":\"Internationale Gesch\u00e4ftsreisen: Neue Faktoren im Fokus\"}]},{\"@type\":\"WebSite\",\"@id\":\"https:\\\/\\\/www.organisator.ch\\\/#website\",\"url\":\"https:\\\/\\\/www.organisator.ch\\\/\",\"name\":\"Organisator\",\"description\":\"Kompetent. Praxisnah. Der ORGANISATOR bereitet in 10 Ausgaben pro Jahr die wesentlichen Themen f\u00fcr F\u00fchrungskr\u00e4fte von KMU auf.\",\"publisher\":{\"@id\":\"https:\\\/\\\/www.organisator.ch\\\/#organization\"},\"potentialAction\":[{\"@type\":\"SearchAction\",\"target\":{\"@type\":\"EntryPoint\",\"urlTemplate\":\"https:\\\/\\\/www.organisator.ch\\\/?s={search_term_string}\"},\"query-input\":{\"@type\":\"PropertyValueSpecification\",\"valueRequired\":true,\"valueName\":\"search_term_string\"}}],\"inLanguage\":\"it-IT\"},{\"@type\":\"Organization\",\"@id\":\"https:\\\/\\\/www.organisator.ch\\\/#organization\",\"name\":\"Organisator\",\"url\":\"https:\\\/\\\/www.organisator.ch\\\/\",\"logo\":{\"@type\":\"ImageObject\",\"inLanguage\":\"it-IT\",\"@id\":\"https:\\\/\\\/www.organisator.ch\\\/#\\\/schema\\\/logo\\\/image\\\/\",\"url\":\"https:\\\/\\\/www.organisator.ch\\\/wp-content\\\/uploads\\\/2022\\\/01\\\/Logo_Organisator_Website.png\",\"contentUrl\":\"https:\\\/\\\/www.organisator.ch\\\/wp-content\\\/uploads\\\/2022\\\/01\\\/Logo_Organisator_Website.png\",\"width\":800,\"height\":77,\"caption\":\"Organisator\"},\"image\":{\"@id\":\"https:\\\/\\\/www.organisator.ch\\\/#\\\/schema\\\/logo\\\/image\\\/\"},\"sameAs\":[\"https:\\\/\\\/www.facebook.com\\\/OrganisatorFachmagazin\",\"https:\\\/\\\/www.linkedin.com\\\/showcase\\\/organisator-das-magazin-fr-kmu\",\"https:\\\/\\\/www.xing.com\\\/news\\\/pages\\\/organisator-ch-695\",\"https:\\\/\\\/www.youtube.com\\\/channel\\\/UCGP2Sq0iWaZwT3BdIAQFYpw\"]},{\"@type\":\"Person\",\"@id\":\"https:\\\/\\\/www.organisator.ch\\\/#\\\/schema\\\/person\\\/6f650f90b2842cd4c0cc334b4e36f67e\",\"name\":\"thomas.berner\",\"image\":{\"@type\":\"ImageObject\",\"inLanguage\":\"it-IT\",\"@id\":\"https:\\\/\\\/secure.gravatar.com\\\/avatar\\\/ac5001d2a36cb6c6cd3e50789007ffca834b477b74a2144564522e944eabff61?s=96&d=mm&r=g\",\"url\":\"https:\\\/\\\/secure.gravatar.com\\\/avatar\\\/ac5001d2a36cb6c6cd3e50789007ffca834b477b74a2144564522e944eabff61?s=96&d=mm&r=g\",\"contentUrl\":\"https:\\\/\\\/secure.gravatar.com\\\/avatar\\\/ac5001d2a36cb6c6cd3e50789007ffca834b477b74a2144564522e944eabff61?s=96&d=mm&r=g\",\"caption\":\"thomas.berner\"},\"url\":\"https:\\\/\\\/www.organisator.ch\\\/it\\\/author\\\/thomas-berner\\\/\"}]}<\/script>\n<!-- \/ Yoast SEO plugin. -->","yoast_head_json":{"title":"Viaggi d'affari internazionali: Nuovi fattori in primo piano - Organizzatore","description":"Aon plc ha pubblicato il \"Rapporto sulla mobilit\u00e0 internazionale 2022\". Questo dimostra che i viaggi d'affari internazionali vengono rivalutati.","robots":{"index":"index","follow":"follow","max-snippet":"max-snippet:-1","max-image-preview":"max-image-preview:large","max-video-preview":"max-video-preview:-1"},"canonical":"https:\/\/www.organisator.ch\/it\/risorse-umane\/2022-08-11\/viaggio-daffari-internazionale-nuovi-fattori-in-primo-piano\/","og_locale":"it_IT","og_type":"article","og_title":"Internationale Gesch\u00e4ftsreisen: Neue Faktoren im Fokus","og_description":"Aon plc hat den \u201eInternational Mobility Report 2022\u201c ver\u00f6ffentlicht. Dieser zeigt, dass internationale Gesch\u00e4ftsreisen neu bewertet werden.","og_url":"https:\/\/www.organisator.ch\/it\/risorse-umane\/2022-08-11\/viaggio-daffari-internazionale-nuovi-fattori-in-primo-piano\/","og_site_name":"Organisator","article_publisher":"https:\/\/www.facebook.com\/OrganisatorFachmagazin","article_published_time":"2022-08-11T11:58:56+00:00","og_image":[{"width":680,"height":430,"url":"https:\/\/www.organisator.ch\/wp-content\/uploads\/2022\/08\/Internationale-Geschaftsreisen-Neue-Faktoren-im-Fokus_Organisator.jpg","type":"image\/jpeg"}],"author":"thomas.berner","twitter_card":"summary_large_image","twitter_title":"Internationale #Gesch\u00e4ftsreisen: Neue Faktoren im Fokus","twitter_description":"#Aon plc hat den \u201eInternational Mobility Report 2022\u201c ver\u00f6ffentlicht. Dieser zeigt, dass internationale #Gesch\u00e4ftsreisen neu bewertet werden.","twitter_image":"https:\/\/www.organisator.ch\/wp-content\/uploads\/2022\/08\/Internationale-Geschaftsreisen-Neue-Faktoren-im-Fokus_Organisator.jpg","schema":{"@context":"https:\/\/schema.org","@graph":[{"@type":"Article","@id":"https:\/\/www.organisator.ch\/human-resources\/2022-08-11\/internationale-geschaeftsreisen-neue-faktoren-im-fokus\/#article","isPartOf":{"@id":"https:\/\/www.organisator.ch\/human-resources\/2022-08-11\/internationale-geschaeftsreisen-neue-faktoren-im-fokus\/"},"author":{"name":"thomas.berner","@id":"https:\/\/www.organisator.ch\/#\/schema\/person\/6f650f90b2842cd4c0cc334b4e36f67e"},"headline":"Internationale Gesch\u00e4ftsreisen: Neue Faktoren im Fokus","datePublished":"2022-08-11T11:58:56+00:00","mainEntityOfPage":{"@id":"https:\/\/www.organisator.ch\/human-resources\/2022-08-11\/internationale-geschaeftsreisen-neue-faktoren-im-fokus\/"},"wordCount":774,"publisher":{"@id":"https:\/\/www.organisator.ch\/#organization"},"image":{"@id":"https:\/\/www.organisator.ch\/human-resources\/2022-08-11\/internationale-geschaeftsreisen-neue-faktoren-im-fokus\/#primaryimage"},"thumbnailUrl":"https:\/\/www.organisator.ch\/wp-content\/uploads\/2022\/08\/Internationale-Geschaftsreisen-Neue-Faktoren-im-Fokus_Organisator.jpg","keywords":["Betriebliches Gesundheitsmanagement","Gesch\u00e4ftsreisen","HRM","Nachhaltige Wirtschaft"],"articleSection":["HUMAN RESOURCES"],"inLanguage":"it-IT"},{"@type":"WebPage","@id":"https:\/\/www.organisator.ch\/human-resources\/2022-08-11\/internationale-geschaeftsreisen-neue-faktoren-im-fokus\/","url":"https:\/\/www.organisator.ch\/human-resources\/2022-08-11\/internationale-geschaeftsreisen-neue-faktoren-im-fokus\/","name":"Viaggi d'affari internazionali: Nuovi fattori in primo piano - Organizzatore","isPartOf":{"@id":"https:\/\/www.organisator.ch\/#website"},"primaryImageOfPage":{"@id":"https:\/\/www.organisator.ch\/human-resources\/2022-08-11\/internationale-geschaeftsreisen-neue-faktoren-im-fokus\/#primaryimage"},"image":{"@id":"https:\/\/www.organisator.ch\/human-resources\/2022-08-11\/internationale-geschaeftsreisen-neue-faktoren-im-fokus\/#primaryimage"},"thumbnailUrl":"https:\/\/www.organisator.ch\/wp-content\/uploads\/2022\/08\/Internationale-Geschaftsreisen-Neue-Faktoren-im-Fokus_Organisator.jpg","datePublished":"2022-08-11T11:58:56+00:00","description":"Aon plc ha pubblicato il \"Rapporto sulla mobilit\u00e0 internazionale 2022\". Questo dimostra che i viaggi d'affari internazionali vengono rivalutati.","breadcrumb":{"@id":"https:\/\/www.organisator.ch\/human-resources\/2022-08-11\/internationale-geschaeftsreisen-neue-faktoren-im-fokus\/#breadcrumb"},"inLanguage":"it-IT","potentialAction":[{"@type":"ReadAction","target":["https:\/\/www.organisator.ch\/human-resources\/2022-08-11\/internationale-geschaeftsreisen-neue-faktoren-im-fokus\/"]}]},{"@type":"ImageObject","inLanguage":"it-IT","@id":"https:\/\/www.organisator.ch\/human-resources\/2022-08-11\/internationale-geschaeftsreisen-neue-faktoren-im-fokus\/#primaryimage","url":"https:\/\/www.organisator.ch\/wp-content\/uploads\/2022\/08\/Internationale-Geschaftsreisen-Neue-Faktoren-im-Fokus_Organisator.jpg","contentUrl":"https:\/\/www.organisator.ch\/wp-content\/uploads\/2022\/08\/Internationale-Geschaftsreisen-Neue-Faktoren-im-Fokus_Organisator.jpg","width":680,"height":430,"caption":"Internationale Gesch\u00e4ftsreisen werden von Unternehmen zunehmend nach Faktoren wie Nachhaltigkeit und Wohlbefinden bewertet. (Bild: Pixabay.com)"},{"@type":"BreadcrumbList","@id":"https:\/\/www.organisator.ch\/human-resources\/2022-08-11\/internationale-geschaeftsreisen-neue-faktoren-im-fokus\/#breadcrumb","itemListElement":[{"@type":"ListItem","position":1,"name":"Home","item":"https:\/\/www.organisator.ch\/"},{"@type":"ListItem","position":2,"name":"Internationale Gesch\u00e4ftsreisen: Neue Faktoren im Fokus"}]},{"@type":"WebSite","@id":"https:\/\/www.organisator.ch\/#website","url":"https:\/\/www.organisator.ch\/","name":"Organizzatore","description":"Competente. Pratico. In 10 numeri all'anno, ORGANISATOR presenta i temi essenziali per i manager delle PMI.","publisher":{"@id":"https:\/\/www.organisator.ch\/#organization"},"potentialAction":[{"@type":"SearchAction","target":{"@type":"EntryPoint","urlTemplate":"https:\/\/www.organisator.ch\/?s={search_term_string}"},"query-input":{"@type":"PropertyValueSpecification","valueRequired":true,"valueName":"search_term_string"}}],"inLanguage":"it-IT"},{"@type":"Organization","@id":"https:\/\/www.organisator.ch\/#organization","name":"Organizzatore","url":"https:\/\/www.organisator.ch\/","logo":{"@type":"ImageObject","inLanguage":"it-IT","@id":"https:\/\/www.organisator.ch\/#\/schema\/logo\/image\/","url":"https:\/\/www.organisator.ch\/wp-content\/uploads\/2022\/01\/Logo_Organisator_Website.png","contentUrl":"https:\/\/www.organisator.ch\/wp-content\/uploads\/2022\/01\/Logo_Organisator_Website.png","width":800,"height":77,"caption":"Organisator"},"image":{"@id":"https:\/\/www.organisator.ch\/#\/schema\/logo\/image\/"},"sameAs":["https:\/\/www.facebook.com\/OrganisatorFachmagazin","https:\/\/www.linkedin.com\/showcase\/organisator-das-magazin-fr-kmu","https:\/\/www.xing.com\/news\/pages\/organisator-ch-695","https:\/\/www.youtube.com\/channel\/UCGP2Sq0iWaZwT3BdIAQFYpw"]},{"@type":"Person","@id":"https:\/\/www.organisator.ch\/#\/schema\/person\/6f650f90b2842cd4c0cc334b4e36f67e","name":"Tommaso.berner","image":{"@type":"ImageObject","inLanguage":"it-IT","@id":"https:\/\/secure.gravatar.com\/avatar\/ac5001d2a36cb6c6cd3e50789007ffca834b477b74a2144564522e944eabff61?s=96&d=mm&r=g","url":"https:\/\/secure.gravatar.com\/avatar\/ac5001d2a36cb6c6cd3e50789007ffca834b477b74a2144564522e944eabff61?s=96&d=mm&r=g","contentUrl":"https:\/\/secure.gravatar.com\/avatar\/ac5001d2a36cb6c6cd3e50789007ffca834b477b74a2144564522e944eabff61?s=96&d=mm&r=g","caption":"thomas.berner"},"url":"https:\/\/www.organisator.ch\/it\/author\/thomas-berner\/"}]}},"_links":{"self":[{"href":"https:\/\/www.organisator.ch\/it\/wp-json\/wp\/v2\/posts\/16424","targetHints":{"allow":["GET"]}}],"collection":[{"href":"https:\/\/www.organisator.ch\/it\/wp-json\/wp\/v2\/posts"}],"about":[{"href":"https:\/\/www.organisator.ch\/it\/wp-json\/wp\/v2\/types\/post"}],"author":[{"embeddable":true,"href":"https:\/\/www.organisator.ch\/it\/wp-json\/wp\/v2\/users\/4"}],"replies":[{"embeddable":true,"href":"https:\/\/www.organisator.ch\/it\/wp-json\/wp\/v2\/comments?post=16424"}],"version-history":[{"count":1,"href":"https:\/\/www.organisator.ch\/it\/wp-json\/wp\/v2\/posts\/16424\/revisions"}],"predecessor-version":[{"id":16426,"href":"https:\/\/www.organisator.ch\/it\/wp-json\/wp\/v2\/posts\/16424\/revisions\/16426"}],"wp:featuredmedia":[{"embeddable":true,"href":"https:\/\/www.organisator.ch\/it\/wp-json\/wp\/v2\/media\/16425"}],"wp:attachment":[{"href":"https:\/\/www.organisator.ch\/it\/wp-json\/wp\/v2\/media?parent=16424"}],"wp:term":[{"taxonomy":"category","embeddable":true,"href":"https:\/\/www.organisator.ch\/it\/wp-json\/wp\/v2\/categories?post=16424"},{"taxonomy":"post_tag","embeddable":true,"href":"https:\/\/www.organisator.ch\/it\/wp-json\/wp\/v2\/tags?post=16424"}],"curies":[{"name":"wp","href":"https:\/\/api.w.org\/{rel}","templated":true}]}}