{"id":1647,"date":"2018-04-17T13:32:13","date_gmt":"2018-04-17T11:32:13","guid":{"rendered":"https:\/\/www.umweltperspektiven.ch\/?p=1647"},"modified":"2018-04-17T13:32:13","modified_gmt":"2018-04-17T11:32:13","slug":"drohne-bringt-auch-vorteile-fuer-den-flugverkehr","status":"publish","type":"post","link":"https:\/\/www.organisator.ch\/it\/allgemein\/2018-04-17\/drohne-bringt-auch-vorteile-fuer-den-flugverkehr\/","title":{"rendered":"Il drone porta anche vantaggi per il traffico aereo"},"content":{"rendered":"<figure id=\"attachment_1648\" aria-describedby=\"caption-attachment-1648\" style=\"width: 680px\" class=\"wp-caption alignnone\"><img loading=\"lazy\" decoding=\"async\" class=\"size-medium wp-image-1648\" src=\"\/\/www.umweltperspektiven.ch\/wp-content\/uploads\/2018\/04\/Drohnen-bringen-auch-Vorteile-f\u00fcr-den-Flugverkehr-up-umweltperspektiven.jpg\" alt=\"\" width=\"680\" height=\"453\" \/><figcaption id=\"caption-attachment-1648\" class=\"wp-caption-text\">Skyguide pu\u00f2 anche ridurre le emissioni di CO2 utilizzando i droni per controllare i suoi sistemi di atterraggio automatico. (Immagine: pixabay)<\/figcaption><\/figure>\n<p>Ogni drone in pi\u00f9 nello spazio aereo porta a nuove sfide per la sicurezza. Ma i droni offrono anche nuove opportunit\u00e0 di innovazione. Skyguide ha lanciato un progetto nel 2016 per utilizzare i droni per la manutenzione dei sistemi di atterraggio automatico. I sistemi di atterraggio automatico permettono ai piloti di avvicinarsi e atterrare in sicurezza sulla pista in condizioni di scarsa visibilit\u00e0.<\/p>\n<p>Questi sistemi devono essere calibrati ogni sei mesi negli aeroporti svizzeri. Attualmente, i voli di calibrazione sono effettuati per questo scopo a diverse altitudini di volo e angoli di planata. Un velivolo di misurazione appositamente attrezzato viene trasportato dalla Germania per questo scopo. Questo causa costi, emissioni di gas serra e rumore durante le ore non di punta (di solito durante la notte negli aeroporti internazionali).<\/p>\n<p><strong>Vantaggi del drone a Zurigo e Ginevra <\/strong><\/p>\n<p>\"Grazie all'uso di droni per controllare i sistemi di atterraggio automatico, skyguide pu\u00f2 ridurre notevolmente i costi, le interruzioni operative, il rumore e le emissioni di CO2\", spiega Herv\u00e9 Demule, ingegnere e project manager. Da gennaio 2018, i droni sono stati utilizzati negli aeroporti di Zurigo e Ginevra per la manutenzione preventiva e correttiva del sistema di atterraggio strumentale (ILS).<\/p>\n<p>Nella seconda met\u00e0 dell'anno, saranno utilizzati anche negli aeroporti regionali. Inoltre, si sta esaminando l'uso di droni in altri sistemi di aiuto alla navigazione.<\/p>\n<p>Herv\u00e9 Demule continua: \"Attualmente stiamo raccogliendo dati per garantire risultati di misurazione stabili e precisi. Alla fine del 2019, una volta confermata la precisione delle misurazioni e la correlazione con i dati raccolti dagli aerei, skyguide prevede di condurre un numero inferiore di voli di calibrazione\".<\/p>\n<p><strong>Numero di voli di calibrazione dimezzato entro il 2020<\/strong><br \/>\nL'uso di droni dotati di strumenti di misura dovrebbe ridurre il numero di voli di calibrazione per ILS del 50 per cento dal 2020 e del 70 per cento dal 2023. Questo ridurr\u00e0 le emissioni di CO2 di 142 tonnellate all'anno dal 2020. A partire dal 2023, skyguide prevede che 199 tonnellate di CO2 saranno risparmiate ogni anno.<\/p>\n<p><em>Gli esperti di Skyguide presenteranno la loro soluzione innovativa all'International Flight Inspection Symposium IFIS a Monterey, California, gioved\u00ec 19 aprile. <\/em><\/p>\n<p><a href=\"\/\/www.ion.org\/ifis\/abstracts.cfm?paperID=5590\"><em>Ulteriori informazioni<\/em><\/a><\/p>","protected":false},"excerpt":{"rendered":"<p>Jede Drohne mehr im Luftraum f\u00fchrt zu neuen Herausforderungen bei der Sicherheit. Drohnen bieten aber auch neue Innovationsm\u00f6glichkeiten. Skyguide hat im Jahr 2016 ein Projekt f\u00fcr den Einsatz von Drohnen zur Instandhaltung von automatischen Landesystemen lanciert. Die automatischen Landessysteme erm\u00f6glichen den Piloten bei schlechter Sicht einen sicheren Anflug und eine sichere Landung auf der Piste. [&hellip;]<\/p>\n","protected":false},"author":5,"featured_media":1648,"comment_status":"open","ping_status":"open","sticky":false,"template":"","format":"standard","meta":{"_acf_changed":false,"_yoast_wpseo_focuskw":"Drohne","_yoast_wpseo_metadesc":"Seit Januar 2018 wird auf den Flugh\u00e4fen Z\u00fcrich und Genf eine Drohne eingesetzt. Damit kann skyguide die Kosten und die Umweltbelastung eind\u00e4mmen.","articlekey":"","footnotes":""},"categories":[1],"tags":[992,1197,1470,2351],"class_list":["post-1647","post","type-post","status-publish","format-standard","has-post-thumbnail","hentry","category-allgemein","tag-drohnen","tag-flugverkehr","tag-kalibrierung","tag-umwelt"],"acf":[],"yoast_head":"<!-- This site is optimized with the Yoast SEO plugin v27.4 - https:\/\/yoast.com\/product\/yoast-seo-wordpress\/ -->\n<title>Drohne bringt auch Vorteile f\u00fcr den Flugverkehr - Organisator<\/title>\n<meta name=\"description\" content=\"Seit Januar 2018 wird auf den Flugh\u00e4fen Z\u00fcrich und Genf eine Drohne eingesetzt. Damit kann skyguide die Kosten und die Umweltbelastung eind\u00e4mmen.\" \/>\n<meta name=\"robots\" content=\"index, follow, max-snippet:-1, max-image-preview:large, max-video-preview:-1\" \/>\n<link rel=\"canonical\" href=\"https:\/\/www.organisator.ch\/it\/generale\/2018-04-17\/drohne-bringt-auch-vorteile-fuer-den-flugverkehr\/\" \/>\n<meta property=\"og:locale\" content=\"it_IT\" \/>\n<meta property=\"og:type\" content=\"article\" \/>\n<meta property=\"og:title\" content=\"Drohne bringt auch Vorteile f\u00fcr den Flugverkehr - Organisator\" \/>\n<meta property=\"og:description\" content=\"Seit Januar 2018 wird auf den Flugh\u00e4fen Z\u00fcrich und Genf eine Drohne eingesetzt. Damit kann skyguide die Kosten und die Umweltbelastung eind\u00e4mmen.\" \/>\n<meta property=\"og:url\" content=\"https:\/\/www.organisator.ch\/it\/generale\/2018-04-17\/drohne-bringt-auch-vorteile-fuer-den-flugverkehr\/\" \/>\n<meta property=\"og:site_name\" content=\"Organisator\" \/>\n<meta property=\"article:publisher\" content=\"https:\/\/www.facebook.com\/OrganisatorFachmagazin\" \/>\n<meta property=\"article:published_time\" content=\"2018-04-17T11:32:13+00:00\" \/>\n<meta property=\"og:image\" content=\"https:\/\/www.organisator.ch\/wp-content\/uploads\/2018\/04\/Drohnen-bringen-auch-Vorteile-fuer-den-Flugverkehr-up-umweltperspektiven.jpg\" \/>\n\t<meta property=\"og:image:width\" content=\"1280\" \/>\n\t<meta property=\"og:image:height\" content=\"853\" \/>\n\t<meta property=\"og:image:type\" content=\"image\/jpeg\" \/>\n<meta name=\"author\" content=\"michael.merz\" \/>\n<meta name=\"twitter:card\" content=\"summary_large_image\" \/>\n<script type=\"application\/ld+json\" class=\"yoast-schema-graph\">{\"@context\":\"https:\\\/\\\/schema.org\",\"@graph\":[{\"@type\":\"Article\",\"@id\":\"https:\\\/\\\/www.organisator.ch\\\/it\\\/generale\\\/2018-04-17\\\/drohne-bringt-auch-vorteile-fuer-den-flugverkehr\\\/#article\",\"isPartOf\":{\"@id\":\"https:\\\/\\\/www.organisator.ch\\\/it\\\/generale\\\/2018-04-17\\\/drohne-bringt-auch-vorteile-fuer-den-flugverkehr\\\/\"},\"author\":{\"name\":\"michael.merz\",\"@id\":\"https:\\\/\\\/www.organisator.ch\\\/#\\\/schema\\\/person\\\/134708ca9321c57b0362cceb7948ffbd\"},\"headline\":\"Drohne bringt auch Vorteile f\u00fcr den Flugverkehr\",\"datePublished\":\"2018-04-17T11:32:13+00:00\",\"mainEntityOfPage\":{\"@id\":\"https:\\\/\\\/www.organisator.ch\\\/it\\\/generale\\\/2018-04-17\\\/drohne-bringt-auch-vorteile-fuer-den-flugverkehr\\\/\"},\"wordCount\":355,\"commentCount\":0,\"publisher\":{\"@id\":\"https:\\\/\\\/www.organisator.ch\\\/#organization\"},\"image\":{\"@id\":\"https:\\\/\\\/www.organisator.ch\\\/it\\\/generale\\\/2018-04-17\\\/drohne-bringt-auch-vorteile-fuer-den-flugverkehr\\\/#primaryimage\"},\"thumbnailUrl\":\"https:\\\/\\\/www.organisator.ch\\\/wp-content\\\/uploads\\\/2018\\\/04\\\/Drohnen-bringen-auch-Vorteile-fuer-den-Flugverkehr-up-umweltperspektiven.jpg\",\"keywords\":[\"Drohnen\",\"Flugverkehr\",\"Kalibrierung\",\"Umwelt\"],\"articleSection\":[\"Allgemein\"],\"inLanguage\":\"it-IT\"},{\"@type\":\"WebPage\",\"@id\":\"https:\\\/\\\/www.organisator.ch\\\/it\\\/generale\\\/2018-04-17\\\/drohne-bringt-auch-vorteile-fuer-den-flugverkehr\\\/\",\"url\":\"https:\\\/\\\/www.organisator.ch\\\/it\\\/generale\\\/2018-04-17\\\/drohne-bringt-auch-vorteile-fuer-den-flugverkehr\\\/\",\"name\":\"Drohne bringt auch Vorteile f\u00fcr den Flugverkehr - Organisator\",\"isPartOf\":{\"@id\":\"https:\\\/\\\/www.organisator.ch\\\/#website\"},\"primaryImageOfPage\":{\"@id\":\"https:\\\/\\\/www.organisator.ch\\\/it\\\/generale\\\/2018-04-17\\\/drohne-bringt-auch-vorteile-fuer-den-flugverkehr\\\/#primaryimage\"},\"image\":{\"@id\":\"https:\\\/\\\/www.organisator.ch\\\/it\\\/generale\\\/2018-04-17\\\/drohne-bringt-auch-vorteile-fuer-den-flugverkehr\\\/#primaryimage\"},\"thumbnailUrl\":\"https:\\\/\\\/www.organisator.ch\\\/wp-content\\\/uploads\\\/2018\\\/04\\\/Drohnen-bringen-auch-Vorteile-fuer-den-Flugverkehr-up-umweltperspektiven.jpg\",\"datePublished\":\"2018-04-17T11:32:13+00:00\",\"description\":\"Seit Januar 2018 wird auf den Flugh\u00e4fen Z\u00fcrich und Genf eine Drohne eingesetzt. Damit kann skyguide die Kosten und die Umweltbelastung eind\u00e4mmen.\",\"breadcrumb\":{\"@id\":\"https:\\\/\\\/www.organisator.ch\\\/it\\\/generale\\\/2018-04-17\\\/drohne-bringt-auch-vorteile-fuer-den-flugverkehr\\\/#breadcrumb\"},\"inLanguage\":\"it-IT\",\"potentialAction\":[{\"@type\":\"ReadAction\",\"target\":[\"https:\\\/\\\/www.organisator.ch\\\/it\\\/generale\\\/2018-04-17\\\/drohne-bringt-auch-vorteile-fuer-den-flugverkehr\\\/\"]}]},{\"@type\":\"ImageObject\",\"inLanguage\":\"it-IT\",\"@id\":\"https:\\\/\\\/www.organisator.ch\\\/it\\\/generale\\\/2018-04-17\\\/drohne-bringt-auch-vorteile-fuer-den-flugverkehr\\\/#primaryimage\",\"url\":\"https:\\\/\\\/www.organisator.ch\\\/wp-content\\\/uploads\\\/2018\\\/04\\\/Drohnen-bringen-auch-Vorteile-fuer-den-Flugverkehr-up-umweltperspektiven.jpg\",\"contentUrl\":\"https:\\\/\\\/www.organisator.ch\\\/wp-content\\\/uploads\\\/2018\\\/04\\\/Drohnen-bringen-auch-Vorteile-fuer-den-Flugverkehr-up-umweltperspektiven.jpg\",\"width\":1280,\"height\":853,\"caption\":\"Dank dem Einsatz von Drohnen zur Kontrolle der automatischen Landesysteme kann skyguide auch CO2-Emissionen reduzieren. (Bild: pixabay)\"},{\"@type\":\"BreadcrumbList\",\"@id\":\"https:\\\/\\\/www.organisator.ch\\\/it\\\/generale\\\/2018-04-17\\\/drohne-bringt-auch-vorteile-fuer-den-flugverkehr\\\/#breadcrumb\",\"itemListElement\":[{\"@type\":\"ListItem\",\"position\":1,\"name\":\"Home\",\"item\":\"https:\\\/\\\/www.organisator.ch\\\/\"},{\"@type\":\"ListItem\",\"position\":2,\"name\":\"Drohne bringt auch Vorteile f\u00fcr den Flugverkehr\"}]},{\"@type\":\"WebSite\",\"@id\":\"https:\\\/\\\/www.organisator.ch\\\/#website\",\"url\":\"https:\\\/\\\/www.organisator.ch\\\/\",\"name\":\"Organisator\",\"description\":\"Kompetent. Praxisnah. Der ORGANISATOR bereitet in 10 Ausgaben pro Jahr die wesentlichen Themen f\u00fcr F\u00fchrungskr\u00e4fte von KMU auf.\",\"publisher\":{\"@id\":\"https:\\\/\\\/www.organisator.ch\\\/#organization\"},\"potentialAction\":[{\"@type\":\"SearchAction\",\"target\":{\"@type\":\"EntryPoint\",\"urlTemplate\":\"https:\\\/\\\/www.organisator.ch\\\/?s={search_term_string}\"},\"query-input\":{\"@type\":\"PropertyValueSpecification\",\"valueRequired\":true,\"valueName\":\"search_term_string\"}}],\"inLanguage\":\"it-IT\"},{\"@type\":\"Organization\",\"@id\":\"https:\\\/\\\/www.organisator.ch\\\/#organization\",\"name\":\"Organisator\",\"url\":\"https:\\\/\\\/www.organisator.ch\\\/\",\"logo\":{\"@type\":\"ImageObject\",\"inLanguage\":\"it-IT\",\"@id\":\"https:\\\/\\\/www.organisator.ch\\\/#\\\/schema\\\/logo\\\/image\\\/\",\"url\":\"https:\\\/\\\/www.organisator.ch\\\/wp-content\\\/uploads\\\/2022\\\/01\\\/Logo_Organisator_Website.png\",\"contentUrl\":\"https:\\\/\\\/www.organisator.ch\\\/wp-content\\\/uploads\\\/2022\\\/01\\\/Logo_Organisator_Website.png\",\"width\":800,\"height\":77,\"caption\":\"Organisator\"},\"image\":{\"@id\":\"https:\\\/\\\/www.organisator.ch\\\/#\\\/schema\\\/logo\\\/image\\\/\"},\"sameAs\":[\"https:\\\/\\\/www.facebook.com\\\/OrganisatorFachmagazin\",\"https:\\\/\\\/www.linkedin.com\\\/showcase\\\/organisator-das-magazin-fr-kmu\",\"https:\\\/\\\/www.xing.com\\\/news\\\/pages\\\/organisator-ch-695\",\"https:\\\/\\\/www.youtube.com\\\/channel\\\/UCGP2Sq0iWaZwT3BdIAQFYpw\"]},{\"@type\":\"Person\",\"@id\":\"https:\\\/\\\/www.organisator.ch\\\/#\\\/schema\\\/person\\\/134708ca9321c57b0362cceb7948ffbd\",\"name\":\"michael.merz\",\"image\":{\"@type\":\"ImageObject\",\"inLanguage\":\"it-IT\",\"@id\":\"https:\\\/\\\/secure.gravatar.com\\\/avatar\\\/?s=96&d=mm&r=g\",\"url\":\"https:\\\/\\\/secure.gravatar.com\\\/avatar\\\/?s=96&d=mm&r=g\",\"contentUrl\":\"https:\\\/\\\/secure.gravatar.com\\\/avatar\\\/?s=96&d=mm&r=g\",\"caption\":\"michael.merz\"},\"url\":\"https:\\\/\\\/www.organisator.ch\\\/it\\\/author\\\/michael-merz\\\/\"}]}<\/script>\n<!-- \/ Yoast SEO plugin. -->","yoast_head_json":{"title":"I droni portano benefici anche al traffico aereo - Organizzatore","description":"Un drone \u00e8 in uso negli aeroporti di Zurigo e Ginevra dal gennaio 2018. Ci\u00f2 consente a skyguide di contenere i costi e l'inquinamento ambientale.","robots":{"index":"index","follow":"follow","max-snippet":"max-snippet:-1","max-image-preview":"max-image-preview:large","max-video-preview":"max-video-preview:-1"},"canonical":"https:\/\/www.organisator.ch\/it\/generale\/2018-04-17\/drohne-bringt-auch-vorteile-fuer-den-flugverkehr\/","og_locale":"it_IT","og_type":"article","og_title":"Drohne bringt auch Vorteile f\u00fcr den Flugverkehr - Organisator","og_description":"Seit Januar 2018 wird auf den Flugh\u00e4fen Z\u00fcrich und Genf eine Drohne eingesetzt. Damit kann skyguide die Kosten und die Umweltbelastung eind\u00e4mmen.","og_url":"https:\/\/www.organisator.ch\/it\/generale\/2018-04-17\/drohne-bringt-auch-vorteile-fuer-den-flugverkehr\/","og_site_name":"Organisator","article_publisher":"https:\/\/www.facebook.com\/OrganisatorFachmagazin","article_published_time":"2018-04-17T11:32:13+00:00","og_image":[{"width":1280,"height":853,"url":"https:\/\/www.organisator.ch\/wp-content\/uploads\/2018\/04\/Drohnen-bringen-auch-Vorteile-fuer-den-Flugverkehr-up-umweltperspektiven.jpg","type":"image\/jpeg"}],"author":"michael.merz","twitter_card":"summary_large_image","schema":{"@context":"https:\/\/schema.org","@graph":[{"@type":"Article","@id":"https:\/\/www.organisator.ch\/it\/generale\/2018-04-17\/drohne-bringt-auch-vorteile-fuer-den-flugverkehr\/#article","isPartOf":{"@id":"https:\/\/www.organisator.ch\/it\/generale\/2018-04-17\/drohne-bringt-auch-vorteile-fuer-den-flugverkehr\/"},"author":{"name":"michael.merz","@id":"https:\/\/www.organisator.ch\/#\/schema\/person\/134708ca9321c57b0362cceb7948ffbd"},"headline":"Drohne bringt auch Vorteile f\u00fcr den Flugverkehr","datePublished":"2018-04-17T11:32:13+00:00","mainEntityOfPage":{"@id":"https:\/\/www.organisator.ch\/it\/generale\/2018-04-17\/drohne-bringt-auch-vorteile-fuer-den-flugverkehr\/"},"wordCount":355,"commentCount":0,"publisher":{"@id":"https:\/\/www.organisator.ch\/#organization"},"image":{"@id":"https:\/\/www.organisator.ch\/it\/generale\/2018-04-17\/drohne-bringt-auch-vorteile-fuer-den-flugverkehr\/#primaryimage"},"thumbnailUrl":"https:\/\/www.organisator.ch\/wp-content\/uploads\/2018\/04\/Drohnen-bringen-auch-Vorteile-fuer-den-Flugverkehr-up-umweltperspektiven.jpg","keywords":["Drohnen","Flugverkehr","Kalibrierung","Umwelt"],"articleSection":["Allgemein"],"inLanguage":"it-IT"},{"@type":"WebPage","@id":"https:\/\/www.organisator.ch\/it\/generale\/2018-04-17\/drohne-bringt-auch-vorteile-fuer-den-flugverkehr\/","url":"https:\/\/www.organisator.ch\/it\/generale\/2018-04-17\/drohne-bringt-auch-vorteile-fuer-den-flugverkehr\/","name":"I droni portano benefici anche al traffico aereo - Organizzatore","isPartOf":{"@id":"https:\/\/www.organisator.ch\/#website"},"primaryImageOfPage":{"@id":"https:\/\/www.organisator.ch\/it\/generale\/2018-04-17\/drohne-bringt-auch-vorteile-fuer-den-flugverkehr\/#primaryimage"},"image":{"@id":"https:\/\/www.organisator.ch\/it\/generale\/2018-04-17\/drohne-bringt-auch-vorteile-fuer-den-flugverkehr\/#primaryimage"},"thumbnailUrl":"https:\/\/www.organisator.ch\/wp-content\/uploads\/2018\/04\/Drohnen-bringen-auch-Vorteile-fuer-den-Flugverkehr-up-umweltperspektiven.jpg","datePublished":"2018-04-17T11:32:13+00:00","description":"Un drone \u00e8 in uso negli aeroporti di Zurigo e Ginevra dal gennaio 2018. Ci\u00f2 consente a skyguide di contenere i costi e l'inquinamento ambientale.","breadcrumb":{"@id":"https:\/\/www.organisator.ch\/it\/generale\/2018-04-17\/drohne-bringt-auch-vorteile-fuer-den-flugverkehr\/#breadcrumb"},"inLanguage":"it-IT","potentialAction":[{"@type":"ReadAction","target":["https:\/\/www.organisator.ch\/it\/generale\/2018-04-17\/drohne-bringt-auch-vorteile-fuer-den-flugverkehr\/"]}]},{"@type":"ImageObject","inLanguage":"it-IT","@id":"https:\/\/www.organisator.ch\/it\/generale\/2018-04-17\/drohne-bringt-auch-vorteile-fuer-den-flugverkehr\/#primaryimage","url":"https:\/\/www.organisator.ch\/wp-content\/uploads\/2018\/04\/Drohnen-bringen-auch-Vorteile-fuer-den-Flugverkehr-up-umweltperspektiven.jpg","contentUrl":"https:\/\/www.organisator.ch\/wp-content\/uploads\/2018\/04\/Drohnen-bringen-auch-Vorteile-fuer-den-Flugverkehr-up-umweltperspektiven.jpg","width":1280,"height":853,"caption":"Dank dem Einsatz von Drohnen zur Kontrolle der automatischen Landesysteme kann skyguide auch CO2-Emissionen reduzieren. (Bild: pixabay)"},{"@type":"BreadcrumbList","@id":"https:\/\/www.organisator.ch\/it\/generale\/2018-04-17\/drohne-bringt-auch-vorteile-fuer-den-flugverkehr\/#breadcrumb","itemListElement":[{"@type":"ListItem","position":1,"name":"Home","item":"https:\/\/www.organisator.ch\/"},{"@type":"ListItem","position":2,"name":"Drohne bringt auch Vorteile f\u00fcr den Flugverkehr"}]},{"@type":"WebSite","@id":"https:\/\/www.organisator.ch\/#website","url":"https:\/\/www.organisator.ch\/","name":"Organizzatore","description":"Competente. Pratico. In 10 numeri all'anno, ORGANISATOR presenta i temi essenziali per i manager delle PMI.","publisher":{"@id":"https:\/\/www.organisator.ch\/#organization"},"potentialAction":[{"@type":"SearchAction","target":{"@type":"EntryPoint","urlTemplate":"https:\/\/www.organisator.ch\/?s={search_term_string}"},"query-input":{"@type":"PropertyValueSpecification","valueRequired":true,"valueName":"search_term_string"}}],"inLanguage":"it-IT"},{"@type":"Organization","@id":"https:\/\/www.organisator.ch\/#organization","name":"Organizzatore","url":"https:\/\/www.organisator.ch\/","logo":{"@type":"ImageObject","inLanguage":"it-IT","@id":"https:\/\/www.organisator.ch\/#\/schema\/logo\/image\/","url":"https:\/\/www.organisator.ch\/wp-content\/uploads\/2022\/01\/Logo_Organisator_Website.png","contentUrl":"https:\/\/www.organisator.ch\/wp-content\/uploads\/2022\/01\/Logo_Organisator_Website.png","width":800,"height":77,"caption":"Organisator"},"image":{"@id":"https:\/\/www.organisator.ch\/#\/schema\/logo\/image\/"},"sameAs":["https:\/\/www.facebook.com\/OrganisatorFachmagazin","https:\/\/www.linkedin.com\/showcase\/organisator-das-magazin-fr-kmu","https:\/\/www.xing.com\/news\/pages\/organisator-ch-695","https:\/\/www.youtube.com\/channel\/UCGP2Sq0iWaZwT3BdIAQFYpw"]},{"@type":"Person","@id":"https:\/\/www.organisator.ch\/#\/schema\/person\/134708ca9321c57b0362cceb7948ffbd","name":"michael.merz","image":{"@type":"ImageObject","inLanguage":"it-IT","@id":"https:\/\/secure.gravatar.com\/avatar\/?s=96&d=mm&r=g","url":"https:\/\/secure.gravatar.com\/avatar\/?s=96&d=mm&r=g","contentUrl":"https:\/\/secure.gravatar.com\/avatar\/?s=96&d=mm&r=g","caption":"michael.merz"},"url":"https:\/\/www.organisator.ch\/it\/author\/michael-merz\/"}]}},"_links":{"self":[{"href":"https:\/\/www.organisator.ch\/it\/wp-json\/wp\/v2\/posts\/1647","targetHints":{"allow":["GET"]}}],"collection":[{"href":"https:\/\/www.organisator.ch\/it\/wp-json\/wp\/v2\/posts"}],"about":[{"href":"https:\/\/www.organisator.ch\/it\/wp-json\/wp\/v2\/types\/post"}],"author":[{"embeddable":true,"href":"https:\/\/www.organisator.ch\/it\/wp-json\/wp\/v2\/users\/5"}],"replies":[{"embeddable":true,"href":"https:\/\/www.organisator.ch\/it\/wp-json\/wp\/v2\/comments?post=1647"}],"version-history":[{"count":0,"href":"https:\/\/www.organisator.ch\/it\/wp-json\/wp\/v2\/posts\/1647\/revisions"}],"wp:featuredmedia":[{"embeddable":true,"href":"https:\/\/www.organisator.ch\/it\/wp-json\/wp\/v2\/media\/1648"}],"wp:attachment":[{"href":"https:\/\/www.organisator.ch\/it\/wp-json\/wp\/v2\/media?parent=1647"}],"wp:term":[{"taxonomy":"category","embeddable":true,"href":"https:\/\/www.organisator.ch\/it\/wp-json\/wp\/v2\/categories?post=1647"},{"taxonomy":"post_tag","embeddable":true,"href":"https:\/\/www.organisator.ch\/it\/wp-json\/wp\/v2\/tags?post=1647"}],"curies":[{"name":"wp","href":"https:\/\/api.w.org\/{rel}","templated":true}]}}