{"id":165,"date":"2016-01-11T14:06:49","date_gmt":"2016-01-11T13:06:49","guid":{"rendered":"https:\/\/dev.umweltperspektiven.ch\/?p=165"},"modified":"2016-01-11T14:06:49","modified_gmt":"2016-01-11T13:06:49","slug":"klimawandel-belastet-mittelschicht","status":"publish","type":"post","link":"https:\/\/www.organisator.ch\/it\/allgemein\/2016-01-11\/klimawandel-belastet-mittelschicht\/","title":{"rendered":"Il cambiamento climatico grava sulla classe media"},"content":{"rendered":"<figure id=\"attachment_166\" aria-describedby=\"caption-attachment-166\" style=\"width: 680px\" class=\"wp-caption alignnone\"><a href=\"\/\/dev.umweltperspektiven.ch\/wp-content\/uploads\/2016\/12\/Klimawandel-belastet-Mittelschicht-umweltperspektiven.jpg\"><img loading=\"lazy\" decoding=\"async\" class=\"size-medium wp-image-166\" src=\"\/\/dev.umweltperspektiven.ch\/wp-content\/uploads\/2016\/12\/Klimawandel-belastet-Mittelschicht-umweltperspektiven.jpg\" alt=\"Sempre pi\u00f9 persone vivono in citt\u00e0 colpite dal cambiamento climatico.\" width=\"680\" height=\"454\" srcset=\"https:\/\/www.organisator.ch\/wp-content\/uploads\/2016\/12\/Klimawandel-belastet-Mittelschicht-umweltperspektiven.jpg 1000w, https:\/\/www.organisator.ch\/wp-content\/uploads\/2016\/12\/Klimawandel-belastet-Mittelschicht-umweltperspektiven-680x454.jpg 680w, https:\/\/www.organisator.ch\/wp-content\/uploads\/2016\/12\/Klimawandel-belastet-Mittelschicht-umweltperspektiven-768x512.jpg 768w, https:\/\/www.organisator.ch\/wp-content\/uploads\/2016\/12\/Klimawandel-belastet-Mittelschicht-umweltperspektiven-18x12.jpg 18w, https:\/\/www.organisator.ch\/wp-content\/uploads\/2016\/12\/Klimawandel-belastet-Mittelschicht-umweltperspektiven-262x175.jpg 262w, https:\/\/www.organisator.ch\/wp-content\/uploads\/2016\/12\/Klimawandel-belastet-Mittelschicht-umweltperspektiven-525x350.jpg 525w, https:\/\/www.organisator.ch\/wp-content\/uploads\/2016\/12\/Klimawandel-belastet-Mittelschicht-umweltperspektiven-920x614.jpg 920w, https:\/\/www.organisator.ch\/wp-content\/uploads\/2016\/12\/Klimawandel-belastet-Mittelschicht-umweltperspektiven-300x200.jpg 300w\" sizes=\"auto, (max-width: 680px) 100vw, 680px\" \/><\/a><figcaption id=\"caption-attachment-166\" class=\"wp-caption-text\">Sempre pi\u00f9 persone vivono in citt\u00e0 colpite dal cambiamento climatico.<\/figcaption><\/figure>\n<p>In uno studio, UBS ha indagato l'impatto finanziario del cambiamento climatico e le conseguenze per la classe media globale. A tal fine, lo studio ha esaminato il comportamento di consumo della classe media in 215 citt\u00e0 del mondo. Cos\u00ec facendo, le abitudini di consumo sono state messe in contrasto con i rischi del cambiamento climatico per le citt\u00e0 in questione. Lo studio conclude che le persone nelle citt\u00e0 pi\u00f9 minacciate dal cambiamento climatico, come Los Angeles, Tokyo e Shanghai, hanno priorit\u00e0 di spesa molto diverse. A livello nazionale, la classe media in queste citt\u00e0 spende tra 0,6% e 0,8% in pi\u00f9 per l'alloggio. Nelle citt\u00e0 statunitensi pi\u00f9 colpite dal cambiamento climatico, i residenti della classe media spendono tra gli 800 e i 1600 dollari all'anno in pi\u00f9, compensando spendendo relativamente meno in beni di lusso, intrattenimento e beni durevoli per la casa.<\/p>\n<p>Quasi un quarto della popolazione mondiale vive nelle grandi metropoli del mondo, che generano circa la met\u00e0 del PIL globale. Questa concentrazione di persone e ricchezza nei centri urbani \u00e8 di grande importanza non solo per l'economia nazionale, ma anche per le aziende e gli investitori attivi a livello globale. La maggior parte della classe media globale vive nel sud-est asiatico, la regione con la pi\u00f9 rapida crescita della popolazione urbana negli ultimi anni.<\/p>\n<p><strong>I costi del cambiamento climatico<\/strong><br \/>\nIl costo finanziario degli eventi legati al cambiamento climatico per i governi e i contribuenti si sta gi\u00e0 facendo sentire, poich\u00e9 nonostante il rischio crescente di disastri naturali, la classe media globale non \u00e8 sufficientemente assicurata. Negli Stati Uniti, dove la copertura assicurativa \u00e8 pi\u00f9 alta nelle aree coperte dallo studio, il 32% di tutte le perdite legate al tempo sono ancora non assicurate. Le persone che non hanno accesso alla copertura assicurativa si affidano quindi alla rete di sicurezza istituita dal governo americano, che a sua volta ha conseguenze economiche per i contribuenti: Tra il 2011 e il 2013, il costo dell'assistenza governativa ai disastri negli Stati Uniti per i danni causati da uragani, inondazioni e siccit\u00e0 \u00e8 stato di 136 miliardi di dollari, o poco meno di 400 dollari per famiglia all'anno.<\/p>\n<p>Nei paesi meno sviluppati come in quelli emergenti, la classe media \u00e8 generalmente sottoassicurata. Cos\u00ec, la penetrazione assicurativa nei mercati emergenti \u00e8 estremamente bassa rispetto alla propriet\u00e0 e all'immobiliare (ad esempio, 0,12% in Cina e 0,07% in India).<\/p>\n<p><strong>Sono necessarie misure incisive<\/strong><br \/>\nNel 2000, quasi la met\u00e0 dei 6 miliardi di abitanti del mondo viveva nelle citt\u00e0, e le Nazioni Unite prevedono che questo numero salir\u00e0 a 60% entro il 2025. Questo movimento migratorio innescato dallo sviluppo del clima ha un enorme potenziale di conflitto.<\/p>\n<p>Il Dipartimento della Difesa degli Stati Uniti ritiene che la gi\u00e0 volatile situazione di rischio sar\u00e0 ulteriormente \"alimentata\" dal cambiamento climatico e che le ostilit\u00e0 e le tensioni esistenti potrebbero intensificarsi. Esempio: Mentre c'\u00e8 un'ampia copertura mediatica dei siriani che fuggono dalla guerra e dal collasso economico verso l'Europa, l'estrema siccit\u00e0 dal 2006 al 2011 vale al massimo una nota a margine. In soli cinque anni, la Siria ha perso 85% del suo bestiame e ha visto un forte calo dei raccolti. Di conseguenza, la situazione alimentare \u00e8 peggiorata tra i bambini e 1,5 milioni di abitanti delle campagne hanno cercato la loro salvezza in citt\u00e0. Queste condizioni di vita hanno portato a proteste che sono culminate nell'odierna guerra civile.<\/p>\n<p><strong>Aumento della temperatura e mortalit\u00e0<\/strong><br \/>\nGli studi hanno dimostrato che quando le temperature superano i 30\u00b0C, gli esseri umani fanno fatica ad adattarsi alle nuove condizioni e i tassi di mortalit\u00e0 aumentano. Nel 2015, quasi 25% delle citt\u00e0 analizzate nello studio avevano una temperatura media annuale superiore a 20 \u00b0C. Secondo uno studio condotto su un periodo di dieci anni in 15 citt\u00e0 europee, un aumento di solo 1\u00b0C sopra la rispettiva temperatura media in estate causa un aumento stimato di 2-3% della mortalit\u00e0.<\/p>\n<p>A lungo termine, \u00e8 probabile che le temperature salgano a livelli che non solo saranno problematici per la salute delle persone, ma metteranno a dura prova - e potenzialmente danneggeranno - le infrastrutture fisiche. Data l'interconnessione globale, anche gli incidenti locali legati al clima hanno un potenziale impatto sull'economia mondiale.<\/p>\n<p><strong>Dalla conoscenza all'azione<\/strong><br \/>\nTuttavia, lo studio conclude anche che la classe media globale sta diventando sempre pi\u00f9 consapevole di questi problemi e sta iniziando ad adattarsi al cambiamento climatico, anche se questo processo di adattamento \u00e8 ancora piuttosto esitante e sporadico. Data l'importanza politica e sociale della classe media, la crescente vulnerabilit\u00e0 economica potrebbe costringere i decisori ad adottare politiche pi\u00f9 innovative. Ma se gli investimenti e l'innovazione saranno sufficienti a preservare la prosperit\u00e0 e lo status della classe media resta da vedere.<\/p>\n<p>Lo studio \u00e8 disponibile per intero su <a href=\"https:\/\/www.ubs.com\/microsites\/climatechange\/en\/home.html\" target=\"_blank\" data-cke-saved-href=\"\/\/www.ubs.com\/microsites\/climatechange\/en\/home.html\" rel=\"noopener\">www.ubs.com\/climatechange<\/a>.<\/p>","protected":false},"excerpt":{"rendered":"<p>Die UBS hat in einer Studie untersucht, wie sich der Klimawandel finanziell auswirkt und welche Folgen dies f\u00fcr die globale Mittelschicht nach sich zieht. Dazu untersuchte die Studie das Konsumverhalten der Mittelklasse in 215 St\u00e4dten weltweit.\u00a0Dabei wurden die Konsumgewohnheiten den Risiken des Klimawandels f\u00fcr die betreffenden St\u00e4dte gegen\u00fcbergestellt. Die Studie kommt zum Schluss, dass die [&hellip;]<\/p>\n","protected":false},"author":1,"featured_media":166,"comment_status":"open","ping_status":"open","sticky":false,"template":"","format":"standard","meta":{"_acf_changed":false,"_yoast_wpseo_focuskw":"Klimawandel","_yoast_wpseo_metadesc":"Eine neue Studie untersucht, welche Auswirkung der Klimawandel auf die Mittelschicht weltweit hat.","articlekey":"","footnotes":""},"categories":[1],"tags":[1110,1532,1725,459,2345],"class_list":["post-165","post","type-post","status-publish","format-standard","has-post-thumbnail","hentry","category-allgemein","tag-erderwaermung","tag-klimawandel","tag-mittelschicht","tag-studie","tag-ubs"],"acf":[],"yoast_head":"<!-- This site is optimized with the Yoast SEO plugin v27.5 - https:\/\/yoast.com\/product\/yoast-seo-wordpress\/ -->\n<title>Klimawandel belastet Mittelschicht - Organisator<\/title>\n<meta name=\"description\" content=\"Eine neue Studie untersucht, welche Auswirkung der Klimawandel auf die Mittelschicht weltweit hat.\" \/>\n<meta name=\"robots\" content=\"index, follow, max-snippet:-1, max-image-preview:large, max-video-preview:-1\" \/>\n<link rel=\"canonical\" href=\"https:\/\/www.organisator.ch\/it\/generale\/2016-01-11\/klimawandel-belastet-mittelschicht\/\" \/>\n<meta property=\"og:locale\" content=\"it_IT\" \/>\n<meta property=\"og:type\" content=\"article\" \/>\n<meta property=\"og:title\" content=\"Klimawandel belastet Mittelschicht - Organisator\" \/>\n<meta property=\"og:description\" content=\"Eine neue Studie untersucht, welche Auswirkung der Klimawandel auf die Mittelschicht weltweit hat.\" \/>\n<meta property=\"og:url\" content=\"https:\/\/www.organisator.ch\/it\/generale\/2016-01-11\/klimawandel-belastet-mittelschicht\/\" \/>\n<meta property=\"og:site_name\" content=\"Organisator\" \/>\n<meta property=\"article:publisher\" content=\"https:\/\/www.facebook.com\/OrganisatorFachmagazin\" \/>\n<meta property=\"article:published_time\" content=\"2016-01-11T13:06:49+00:00\" \/>\n<meta property=\"og:image\" content=\"https:\/\/www.organisator.ch\/wp-content\/uploads\/2016\/12\/Klimawandel-belastet-Mittelschicht-umweltperspektiven.jpg\" \/>\n\t<meta property=\"og:image:width\" content=\"1000\" \/>\n\t<meta property=\"og:image:height\" content=\"667\" \/>\n\t<meta property=\"og:image:type\" content=\"image\/jpeg\" \/>\n<meta name=\"author\" content=\"admin\" \/>\n<meta name=\"twitter:card\" content=\"summary_large_image\" \/>\n<script type=\"application\/ld+json\" class=\"yoast-schema-graph\">{\"@context\":\"https:\\\/\\\/schema.org\",\"@graph\":[{\"@type\":\"Article\",\"@id\":\"https:\\\/\\\/www.organisator.ch\\\/en\\\/general\\\/2016-01-11\\\/klimawandel-belastet-mittelschicht\\\/#article\",\"isPartOf\":{\"@id\":\"https:\\\/\\\/www.organisator.ch\\\/en\\\/general\\\/2016-01-11\\\/klimawandel-belastet-mittelschicht\\\/\"},\"author\":{\"name\":\"admin\",\"@id\":\"https:\\\/\\\/www.organisator.ch\\\/#\\\/schema\\\/person\\\/aa2bace6c5c5aad60102004a50c4eb1c\"},\"headline\":\"Klimawandel belastet Mittelschicht\",\"datePublished\":\"2016-01-11T13:06:49+00:00\",\"mainEntityOfPage\":{\"@id\":\"https:\\\/\\\/www.organisator.ch\\\/en\\\/general\\\/2016-01-11\\\/klimawandel-belastet-mittelschicht\\\/\"},\"wordCount\":788,\"commentCount\":0,\"publisher\":{\"@id\":\"https:\\\/\\\/www.organisator.ch\\\/#organization\"},\"image\":{\"@id\":\"https:\\\/\\\/www.organisator.ch\\\/en\\\/general\\\/2016-01-11\\\/klimawandel-belastet-mittelschicht\\\/#primaryimage\"},\"thumbnailUrl\":\"https:\\\/\\\/www.organisator.ch\\\/wp-content\\\/uploads\\\/2016\\\/12\\\/Klimawandel-belastet-Mittelschicht-umweltperspektiven.jpg\",\"keywords\":[\"Erderw\u00e4rmung\",\"Klimawandel\",\"Mittelschicht\",\"Studie\",\"UBS\"],\"articleSection\":[\"Allgemein\"],\"inLanguage\":\"it-IT\"},{\"@type\":\"WebPage\",\"@id\":\"https:\\\/\\\/www.organisator.ch\\\/en\\\/general\\\/2016-01-11\\\/klimawandel-belastet-mittelschicht\\\/\",\"url\":\"https:\\\/\\\/www.organisator.ch\\\/en\\\/general\\\/2016-01-11\\\/klimawandel-belastet-mittelschicht\\\/\",\"name\":\"Klimawandel belastet Mittelschicht - Organisator\",\"isPartOf\":{\"@id\":\"https:\\\/\\\/www.organisator.ch\\\/#website\"},\"primaryImageOfPage\":{\"@id\":\"https:\\\/\\\/www.organisator.ch\\\/en\\\/general\\\/2016-01-11\\\/klimawandel-belastet-mittelschicht\\\/#primaryimage\"},\"image\":{\"@id\":\"https:\\\/\\\/www.organisator.ch\\\/en\\\/general\\\/2016-01-11\\\/klimawandel-belastet-mittelschicht\\\/#primaryimage\"},\"thumbnailUrl\":\"https:\\\/\\\/www.organisator.ch\\\/wp-content\\\/uploads\\\/2016\\\/12\\\/Klimawandel-belastet-Mittelschicht-umweltperspektiven.jpg\",\"datePublished\":\"2016-01-11T13:06:49+00:00\",\"description\":\"Eine neue Studie untersucht, welche Auswirkung der Klimawandel auf die Mittelschicht weltweit hat.\",\"breadcrumb\":{\"@id\":\"https:\\\/\\\/www.organisator.ch\\\/en\\\/general\\\/2016-01-11\\\/klimawandel-belastet-mittelschicht\\\/#breadcrumb\"},\"inLanguage\":\"it-IT\",\"potentialAction\":[{\"@type\":\"ReadAction\",\"target\":[\"https:\\\/\\\/www.organisator.ch\\\/en\\\/general\\\/2016-01-11\\\/klimawandel-belastet-mittelschicht\\\/\"]}]},{\"@type\":\"ImageObject\",\"inLanguage\":\"it-IT\",\"@id\":\"https:\\\/\\\/www.organisator.ch\\\/en\\\/general\\\/2016-01-11\\\/klimawandel-belastet-mittelschicht\\\/#primaryimage\",\"url\":\"https:\\\/\\\/www.organisator.ch\\\/wp-content\\\/uploads\\\/2016\\\/12\\\/Klimawandel-belastet-Mittelschicht-umweltperspektiven.jpg\",\"contentUrl\":\"https:\\\/\\\/www.organisator.ch\\\/wp-content\\\/uploads\\\/2016\\\/12\\\/Klimawandel-belastet-Mittelschicht-umweltperspektiven.jpg\",\"width\":1000,\"height\":667,\"caption\":\"Immer mehr Personen leben in vom Klimawandel betroffenen St\u00e4dten.\"},{\"@type\":\"BreadcrumbList\",\"@id\":\"https:\\\/\\\/www.organisator.ch\\\/en\\\/general\\\/2016-01-11\\\/klimawandel-belastet-mittelschicht\\\/#breadcrumb\",\"itemListElement\":[{\"@type\":\"ListItem\",\"position\":1,\"name\":\"Home\",\"item\":\"https:\\\/\\\/www.organisator.ch\\\/\"},{\"@type\":\"ListItem\",\"position\":2,\"name\":\"Klimawandel belastet Mittelschicht\"}]},{\"@type\":\"WebSite\",\"@id\":\"https:\\\/\\\/www.organisator.ch\\\/#website\",\"url\":\"https:\\\/\\\/www.organisator.ch\\\/\",\"name\":\"Organisator\",\"description\":\"Kompetent. Praxisnah. Der ORGANISATOR bereitet in 10 Ausgaben pro Jahr die wesentlichen Themen f\u00fcr F\u00fchrungskr\u00e4fte von KMU auf.\",\"publisher\":{\"@id\":\"https:\\\/\\\/www.organisator.ch\\\/#organization\"},\"potentialAction\":[{\"@type\":\"SearchAction\",\"target\":{\"@type\":\"EntryPoint\",\"urlTemplate\":\"https:\\\/\\\/www.organisator.ch\\\/?s={search_term_string}\"},\"query-input\":{\"@type\":\"PropertyValueSpecification\",\"valueRequired\":true,\"valueName\":\"search_term_string\"}}],\"inLanguage\":\"it-IT\"},{\"@type\":\"Organization\",\"@id\":\"https:\\\/\\\/www.organisator.ch\\\/#organization\",\"name\":\"Organisator\",\"url\":\"https:\\\/\\\/www.organisator.ch\\\/\",\"logo\":{\"@type\":\"ImageObject\",\"inLanguage\":\"it-IT\",\"@id\":\"https:\\\/\\\/www.organisator.ch\\\/#\\\/schema\\\/logo\\\/image\\\/\",\"url\":\"https:\\\/\\\/www.organisator.ch\\\/wp-content\\\/uploads\\\/2022\\\/01\\\/Logo_Organisator_Website.png\",\"contentUrl\":\"https:\\\/\\\/www.organisator.ch\\\/wp-content\\\/uploads\\\/2022\\\/01\\\/Logo_Organisator_Website.png\",\"width\":800,\"height\":77,\"caption\":\"Organisator\"},\"image\":{\"@id\":\"https:\\\/\\\/www.organisator.ch\\\/#\\\/schema\\\/logo\\\/image\\\/\"},\"sameAs\":[\"https:\\\/\\\/www.facebook.com\\\/OrganisatorFachmagazin\",\"https:\\\/\\\/www.linkedin.com\\\/showcase\\\/organisator-das-magazin-fr-kmu\",\"https:\\\/\\\/www.xing.com\\\/news\\\/pages\\\/organisator-ch-695\",\"https:\\\/\\\/www.youtube.com\\\/channel\\\/UCGP2Sq0iWaZwT3BdIAQFYpw\"]},{\"@type\":\"Person\",\"@id\":\"https:\\\/\\\/www.organisator.ch\\\/#\\\/schema\\\/person\\\/aa2bace6c5c5aad60102004a50c4eb1c\",\"name\":\"admin\",\"image\":{\"@type\":\"ImageObject\",\"inLanguage\":\"it-IT\",\"@id\":\"https:\\\/\\\/secure.gravatar.com\\\/avatar\\\/ae2f4d718e6c49043e314ce431e7e645d646302a24a5ef5a8bc8e3f5a032e319?s=96&d=mm&r=g\",\"url\":\"https:\\\/\\\/secure.gravatar.com\\\/avatar\\\/ae2f4d718e6c49043e314ce431e7e645d646302a24a5ef5a8bc8e3f5a032e319?s=96&d=mm&r=g\",\"contentUrl\":\"https:\\\/\\\/secure.gravatar.com\\\/avatar\\\/ae2f4d718e6c49043e314ce431e7e645d646302a24a5ef5a8bc8e3f5a032e319?s=96&d=mm&r=g\",\"caption\":\"admin\"},\"sameAs\":[\"https:\\\/\\\/www.organisator.ch\"],\"url\":\"https:\\\/\\\/www.organisator.ch\\\/it\\\/author\\\/admin\\\/\"}]}<\/script>\n<!-- \/ Yoast SEO plugin. -->","yoast_head_json":{"title":"Il cambiamento climatico grava sulla classe media - Organizzatore","description":"Un nuovo studio esamina l'impatto del cambiamento climatico sulla classe media in tutto il mondo.","robots":{"index":"index","follow":"follow","max-snippet":"max-snippet:-1","max-image-preview":"max-image-preview:large","max-video-preview":"max-video-preview:-1"},"canonical":"https:\/\/www.organisator.ch\/it\/generale\/2016-01-11\/klimawandel-belastet-mittelschicht\/","og_locale":"it_IT","og_type":"article","og_title":"Klimawandel belastet Mittelschicht - Organisator","og_description":"Eine neue Studie untersucht, welche Auswirkung der Klimawandel auf die Mittelschicht weltweit hat.","og_url":"https:\/\/www.organisator.ch\/it\/generale\/2016-01-11\/klimawandel-belastet-mittelschicht\/","og_site_name":"Organisator","article_publisher":"https:\/\/www.facebook.com\/OrganisatorFachmagazin","article_published_time":"2016-01-11T13:06:49+00:00","og_image":[{"width":1000,"height":667,"url":"https:\/\/www.organisator.ch\/wp-content\/uploads\/2016\/12\/Klimawandel-belastet-Mittelschicht-umweltperspektiven.jpg","type":"image\/jpeg"}],"author":"admin","twitter_card":"summary_large_image","schema":{"@context":"https:\/\/schema.org","@graph":[{"@type":"Article","@id":"https:\/\/www.organisator.ch\/en\/general\/2016-01-11\/klimawandel-belastet-mittelschicht\/#article","isPartOf":{"@id":"https:\/\/www.organisator.ch\/en\/general\/2016-01-11\/klimawandel-belastet-mittelschicht\/"},"author":{"name":"admin","@id":"https:\/\/www.organisator.ch\/#\/schema\/person\/aa2bace6c5c5aad60102004a50c4eb1c"},"headline":"Klimawandel belastet Mittelschicht","datePublished":"2016-01-11T13:06:49+00:00","mainEntityOfPage":{"@id":"https:\/\/www.organisator.ch\/en\/general\/2016-01-11\/klimawandel-belastet-mittelschicht\/"},"wordCount":788,"commentCount":0,"publisher":{"@id":"https:\/\/www.organisator.ch\/#organization"},"image":{"@id":"https:\/\/www.organisator.ch\/en\/general\/2016-01-11\/klimawandel-belastet-mittelschicht\/#primaryimage"},"thumbnailUrl":"https:\/\/www.organisator.ch\/wp-content\/uploads\/2016\/12\/Klimawandel-belastet-Mittelschicht-umweltperspektiven.jpg","keywords":["Erderw\u00e4rmung","Klimawandel","Mittelschicht","Studie","UBS"],"articleSection":["Allgemein"],"inLanguage":"it-IT"},{"@type":"WebPage","@id":"https:\/\/www.organisator.ch\/en\/general\/2016-01-11\/klimawandel-belastet-mittelschicht\/","url":"https:\/\/www.organisator.ch\/en\/general\/2016-01-11\/klimawandel-belastet-mittelschicht\/","name":"Il cambiamento climatico grava sulla classe media - Organizzatore","isPartOf":{"@id":"https:\/\/www.organisator.ch\/#website"},"primaryImageOfPage":{"@id":"https:\/\/www.organisator.ch\/en\/general\/2016-01-11\/klimawandel-belastet-mittelschicht\/#primaryimage"},"image":{"@id":"https:\/\/www.organisator.ch\/en\/general\/2016-01-11\/klimawandel-belastet-mittelschicht\/#primaryimage"},"thumbnailUrl":"https:\/\/www.organisator.ch\/wp-content\/uploads\/2016\/12\/Klimawandel-belastet-Mittelschicht-umweltperspektiven.jpg","datePublished":"2016-01-11T13:06:49+00:00","description":"Un nuovo studio esamina l'impatto del cambiamento climatico sulla classe media in tutto il mondo.","breadcrumb":{"@id":"https:\/\/www.organisator.ch\/en\/general\/2016-01-11\/klimawandel-belastet-mittelschicht\/#breadcrumb"},"inLanguage":"it-IT","potentialAction":[{"@type":"ReadAction","target":["https:\/\/www.organisator.ch\/en\/general\/2016-01-11\/klimawandel-belastet-mittelschicht\/"]}]},{"@type":"ImageObject","inLanguage":"it-IT","@id":"https:\/\/www.organisator.ch\/en\/general\/2016-01-11\/klimawandel-belastet-mittelschicht\/#primaryimage","url":"https:\/\/www.organisator.ch\/wp-content\/uploads\/2016\/12\/Klimawandel-belastet-Mittelschicht-umweltperspektiven.jpg","contentUrl":"https:\/\/www.organisator.ch\/wp-content\/uploads\/2016\/12\/Klimawandel-belastet-Mittelschicht-umweltperspektiven.jpg","width":1000,"height":667,"caption":"Immer mehr Personen leben in vom Klimawandel betroffenen St\u00e4dten."},{"@type":"BreadcrumbList","@id":"https:\/\/www.organisator.ch\/en\/general\/2016-01-11\/klimawandel-belastet-mittelschicht\/#breadcrumb","itemListElement":[{"@type":"ListItem","position":1,"name":"Home","item":"https:\/\/www.organisator.ch\/"},{"@type":"ListItem","position":2,"name":"Klimawandel belastet Mittelschicht"}]},{"@type":"WebSite","@id":"https:\/\/www.organisator.ch\/#website","url":"https:\/\/www.organisator.ch\/","name":"Organizzatore","description":"Competente. Pratico. In 10 numeri all'anno, ORGANISATOR presenta i temi essenziali per i manager delle PMI.","publisher":{"@id":"https:\/\/www.organisator.ch\/#organization"},"potentialAction":[{"@type":"SearchAction","target":{"@type":"EntryPoint","urlTemplate":"https:\/\/www.organisator.ch\/?s={search_term_string}"},"query-input":{"@type":"PropertyValueSpecification","valueRequired":true,"valueName":"search_term_string"}}],"inLanguage":"it-IT"},{"@type":"Organization","@id":"https:\/\/www.organisator.ch\/#organization","name":"Organizzatore","url":"https:\/\/www.organisator.ch\/","logo":{"@type":"ImageObject","inLanguage":"it-IT","@id":"https:\/\/www.organisator.ch\/#\/schema\/logo\/image\/","url":"https:\/\/www.organisator.ch\/wp-content\/uploads\/2022\/01\/Logo_Organisator_Website.png","contentUrl":"https:\/\/www.organisator.ch\/wp-content\/uploads\/2022\/01\/Logo_Organisator_Website.png","width":800,"height":77,"caption":"Organisator"},"image":{"@id":"https:\/\/www.organisator.ch\/#\/schema\/logo\/image\/"},"sameAs":["https:\/\/www.facebook.com\/OrganisatorFachmagazin","https:\/\/www.linkedin.com\/showcase\/organisator-das-magazin-fr-kmu","https:\/\/www.xing.com\/news\/pages\/organisator-ch-695","https:\/\/www.youtube.com\/channel\/UCGP2Sq0iWaZwT3BdIAQFYpw"]},{"@type":"Person","@id":"https:\/\/www.organisator.ch\/#\/schema\/person\/aa2bace6c5c5aad60102004a50c4eb1c","name":"amministratore","image":{"@type":"ImageObject","inLanguage":"it-IT","@id":"https:\/\/secure.gravatar.com\/avatar\/ae2f4d718e6c49043e314ce431e7e645d646302a24a5ef5a8bc8e3f5a032e319?s=96&d=mm&r=g","url":"https:\/\/secure.gravatar.com\/avatar\/ae2f4d718e6c49043e314ce431e7e645d646302a24a5ef5a8bc8e3f5a032e319?s=96&d=mm&r=g","contentUrl":"https:\/\/secure.gravatar.com\/avatar\/ae2f4d718e6c49043e314ce431e7e645d646302a24a5ef5a8bc8e3f5a032e319?s=96&d=mm&r=g","caption":"admin"},"sameAs":["https:\/\/www.organisator.ch"],"url":"https:\/\/www.organisator.ch\/it\/author\/admin\/"}]}},"_links":{"self":[{"href":"https:\/\/www.organisator.ch\/it\/wp-json\/wp\/v2\/posts\/165","targetHints":{"allow":["GET"]}}],"collection":[{"href":"https:\/\/www.organisator.ch\/it\/wp-json\/wp\/v2\/posts"}],"about":[{"href":"https:\/\/www.organisator.ch\/it\/wp-json\/wp\/v2\/types\/post"}],"author":[{"embeddable":true,"href":"https:\/\/www.organisator.ch\/it\/wp-json\/wp\/v2\/users\/1"}],"replies":[{"embeddable":true,"href":"https:\/\/www.organisator.ch\/it\/wp-json\/wp\/v2\/comments?post=165"}],"version-history":[{"count":0,"href":"https:\/\/www.organisator.ch\/it\/wp-json\/wp\/v2\/posts\/165\/revisions"}],"wp:featuredmedia":[{"embeddable":true,"href":"https:\/\/www.organisator.ch\/it\/wp-json\/wp\/v2\/media\/166"}],"wp:attachment":[{"href":"https:\/\/www.organisator.ch\/it\/wp-json\/wp\/v2\/media?parent=165"}],"wp:term":[{"taxonomy":"category","embeddable":true,"href":"https:\/\/www.organisator.ch\/it\/wp-json\/wp\/v2\/categories?post=165"},{"taxonomy":"post_tag","embeddable":true,"href":"https:\/\/www.organisator.ch\/it\/wp-json\/wp\/v2\/tags?post=165"}],"curies":[{"name":"wp","href":"https:\/\/api.w.org\/{rel}","templated":true}]}}