{"id":16588,"date":"2022-08-18T09:07:26","date_gmt":"2022-08-18T07:07:26","guid":{"rendered":"https:\/\/www.organisator.ch\/?p=16588"},"modified":"2022-08-18T09:07:26","modified_gmt":"2022-08-18T07:07:26","slug":"kunststoffwerk-silac-feiert-80-jaehriges-jubilaeum","status":"publish","type":"post","link":"https:\/\/www.organisator.ch\/it\/management\/2022-08-18\/kunststoffwerk-silac-feiert-80-jaehriges-jubilaeum\/","title":{"rendered":"Lo stabilimento di materie plastiche Silac festeggia l'80\u00b0 anniversario"},"content":{"rendered":"<figure id=\"attachment_16589\" aria-describedby=\"caption-attachment-16589\" style=\"width: 680px\" class=\"wp-caption alignnone\"><img loading=\"lazy\" decoding=\"async\" class=\"size-full wp-image-16589\" src=\"https:\/\/www.organisator.ch\/wp-content\/uploads\/2022\/08\/Kunststoffwerk-Silac-feiert-80-jahriges-Jubilaum-1_Organisator.jpg\" alt=\"\" width=\"680\" height=\"453\" srcset=\"https:\/\/www.organisator.ch\/wp-content\/uploads\/2022\/08\/Kunststoffwerk-Silac-feiert-80-jahriges-Jubilaum-1_Organisator.jpg 680w, https:\/\/www.organisator.ch\/wp-content\/uploads\/2022\/08\/Kunststoffwerk-Silac-feiert-80-jahriges-Jubilaum-1_Organisator-18x12.jpg 18w, https:\/\/www.organisator.ch\/wp-content\/uploads\/2022\/08\/Kunststoffwerk-Silac-feiert-80-jahriges-Jubilaum-1_Organisator-263x175.jpg 263w, https:\/\/www.organisator.ch\/wp-content\/uploads\/2022\/08\/Kunststoffwerk-Silac-feiert-80-jahriges-Jubilaum-1_Organisator-525x350.jpg 525w, https:\/\/www.organisator.ch\/wp-content\/uploads\/2022\/08\/Kunststoffwerk-Silac-feiert-80-jahriges-Jubilaum-1_Organisator-300x200.jpg 300w\" sizes=\"auto, (max-width: 680px) 100vw, 680px\" \/><figcaption id=\"caption-attachment-16589\" class=\"wp-caption-text\">Giovani professionisti validi e dipendenti motivati e altamente qualificati costituiscono la base del successo a lungo termine di Silac AG, che quest'anno festeggia il suo 80\u00b0 anniversario. (Immagine: zVg \/ Silac)<\/figcaption><\/figure>\n<p>Nella primavera del 1942, Silac inizi\u00f2 a produrre bottoni di plastica in un vecchio edificio scolastico di Oberiberg. Solo due anni dopo la sua fondazione, l'azienda aveva bisogno di pi\u00f9 spazio e si trasfer\u00ec a Euthal. Dopo la fine della guerra, l'azienda ha ampliato la sua gamma con presse idrauliche, presse automatiche e presse a iniezione per termoplastici ad alte prestazioni. Da quel momento \u00e8 stato possibile produrre prodotti in termoindurente e termoplastico come lattine, coperchi, tappi a vite, tappi per bottiglie e maniglie per mobili. La Silac si \u00e8 quindi rapidamente trasformata in un importante datore di lavoro regionale.<\/p>\n<h3>Da produttore di bottoni di plastica ad azienda high-tech<\/h3>\n<p>L'azienda ha riconosciuto fin da subito il potenziale di dipendenti ben formati ed \u00e8 stata desiderosa di assumere giovani fin dall'inizio. Gi\u00e0 nel 1960 \u00e8 stato possibile assumere i primi apprendisti meccanici nell'azienda. Si trattava di un passo importante e logico per il controllo permanente della qualit\u00e0. La formazione degli apprendisti \u00e8 ancora oggi un principio importante nella filosofia dell'azienda. Si investe molto tempo ed energia in una formazione esemplare degli apprendisti. Oggi il Silac forma non solo futuri meccanici di produzione, ma anche tecnologi delle materie plastiche, polimeccanici e imprenditori.<\/p>\n<p>Con la seconda generazione, l'azienda di famiglia si \u00e8 trasformata in un'impresa all'avanguardia con un'ottima reputazione. Herbert Birchler ha deliberatamente posto l'accento sulla tecnologia pi\u00f9 avanzata. Ha investito continuamente in macchinari per stare al passo con la concorrenza. L'automazione era necessaria per garantire la sopravvivenza dell'azienda e quindi il mantenimento dei posti di lavoro nel lungo periodo. Alla fine degli anni '80, Silac os\u00f2 fare un passo avanti e inizi\u00f2 a progettare un edificio completamente nuovo. Il trasferimento nel nuovo edificio dell'attuale sede di Euthal \u00e8 avvenuto nel 1990.<\/p>\n<figure id=\"attachment_16590\" aria-describedby=\"caption-attachment-16590\" style=\"width: 680px\" class=\"wp-caption alignnone\"><img loading=\"lazy\" decoding=\"async\" class=\"size-medium wp-image-16590\" src=\"https:\/\/www.organisator.ch\/wp-content\/uploads\/2022\/08\/Kunststoffwerk-Silac-feiert-80-jahriges-Jubilaum-2_Organisator-680x510.webp\" alt=\"\" width=\"680\" height=\"510\" srcset=\"https:\/\/www.organisator.ch\/wp-content\/uploads\/2022\/08\/Kunststoffwerk-Silac-feiert-80-jahriges-Jubilaum-2_Organisator-680x510.webp 680w, https:\/\/www.organisator.ch\/wp-content\/uploads\/2022\/08\/Kunststoffwerk-Silac-feiert-80-jahriges-Jubilaum-2_Organisator-768x576.webp 768w, https:\/\/www.organisator.ch\/wp-content\/uploads\/2022\/08\/Kunststoffwerk-Silac-feiert-80-jahriges-Jubilaum-2_Organisator-16x12.webp 16w, https:\/\/www.organisator.ch\/wp-content\/uploads\/2022\/08\/Kunststoffwerk-Silac-feiert-80-jahriges-Jubilaum-2_Organisator-233x175.webp 233w, https:\/\/www.organisator.ch\/wp-content\/uploads\/2022\/08\/Kunststoffwerk-Silac-feiert-80-jahriges-Jubilaum-2_Organisator-467x350.webp 467w, https:\/\/www.organisator.ch\/wp-content\/uploads\/2022\/08\/Kunststoffwerk-Silac-feiert-80-jahriges-Jubilaum-2_Organisator-300x225.webp 300w, https:\/\/www.organisator.ch\/wp-content\/uploads\/2022\/08\/Kunststoffwerk-Silac-feiert-80-jahriges-Jubilaum-2_Organisator.webp 800w\" sizes=\"auto, (max-width: 680px) 100vw, 680px\" \/><figcaption id=\"caption-attachment-16590\" class=\"wp-caption-text\">Tre generazioni dell'azienda di famiglia: Peter Birchler, Luca Birchler, Herbert Birchler e Olivier Birchler (da sinistra a destra). (Immagine: zVg \/ Silac AG)<\/figcaption><\/figure>\n<h3>Ampliamento dell'edificio aziendale nel 2020<\/h3>\n<p>Nel 1998, Peter Birchler \u00e8 stato attratto dall'azienda di famiglia. L'amministratore delegato, allora ventisettenne, ha tracciato la rotta e ha sviluppato Silac in una moderna azienda high-tech che continua a puntare consapevolmente sulla qualit\u00e0 svizzera nonostante la pressione internazionale sui prezzi. Peter Birchler era ed \u00e8 convinto che Silac sia in grado di conquistare i suoi clienti grazie alla velocit\u00e0, alla flessibilit\u00e0 e alla qualit\u00e0. Con l'obiettivo di garantire sempre la massima qualit\u00e0 al cliente, Silac, a differenza di molte altre aziende di stampaggio a iniezione, gestisce ancora oggi la propria officina di produzione utensili. Qui, polimeccanici appositamente formati costruiscono stampi a iniezione precisi e fedeli al progetto. Come i suoi predecessori, Peter Birchler sa che il successo di Silac \u00e8 dovuto alle persone. Un buon pool di giovani professionisti e di dipendenti motivati e altamente qualificati costituisce la base del successo a lungo termine.<\/p>\n<p>Un altro momento saliente nella storia di Silac si \u00e8 verificato nel 2020 con l'apertura del nuovo capannone di produzione. Con un nuovo spazio produttivo di 3.000 metri quadrati, l'azienda \u00e8 pronta per il futuro. Il nuovo capannone \u00e8 dotato di impianti di produzione all'avanguardia e completamente automatizzati. Qui si producono soluzioni in plastica di alta qualit\u00e0 nel rispetto dei massimi standard igienici per l'industria alimentare. Inoltre, sono state ampliate le capacit\u00e0 di stoccaggio, in modo che Silac possa continuare a soddisfare le crescenti esigenze dei suoi clienti anche in futuro.<\/p>\n<h3>Silac collega due mondi di plastica<\/h3>\n<p>Silac unisce il mondo dell'imballaggio a quello della tecnologia in un modo che descrive come unico. Stampi stabili e di alta qualit\u00e0, creati nel reparto di attrezzeria dell'azienda, consentono grandi volumi di produzione per soluzioni di imballaggio sofisticate. Uno dei prodotti di punta \u00e8 la cerniera Flex-Spring per chiusure a ribalta con una capacit\u00e0 di carico superiore alla media al massimo angolo di apertura. L'azienda \u00e8 leader nella produzione di sofisticate chiusure in plastica. Anche i pezzi pi\u00f9 complessi per l'industria elettrica o per la costruzione di macchine e apparecchi vengono prodotti rapidamente e in piccole o grandi quantit\u00e0, secondo le esigenze del cliente, grazie a una tecnologia all'avanguardia e a un know-how pluriennale. Grazie all'innovativa tecnologia a 2 componenti, Silac \u00e8 in grado di lavorare materiali solidi e morbidi in un unico passaggio. Il risultato \u00e8 un imballaggio pi\u00f9 denso, nuove possibilit\u00e0 di design, tempi di produzione pi\u00f9 brevi e costi di produzione inferiori. Un altro punto a favore dell'azienda \u00e8 l'ampia gamma di opzioni di stampa per le parti in plastica, che conferiscono ai clienti un aspetto personalizzato.<\/p>\n<h3>Equipaggiati per il futuro<\/h3>\n<p>L'azienda \u00e8 inoltre impegnata nell'uso responsabile dei materiali. Soprattutto in quanto azienda familiare, Silac \u00e8 consapevole della propria responsabilit\u00e0 nei confronti della prossima generazione. L'azienda \u00e8 impegnata in un ciclo chiuso ed ecologico della plastica nelle proprie attivit\u00e0 e ricicla i propri rifiuti di plastica. Inoltre, Silac ha ottenuto le seguenti certificazioni, che rafforzano gli elevati standard di qualit\u00e0 dell'azienda: FSSC 22000 (versione 5.1), ISO 9001:2015 e ISO 14001:2015.<\/p>\n<p>\"La recente certificazione FSSC 22000, la continua espansione della tecnologia e della gamma di stampa e l'uso innovativo di plastiche a base biologica sono ulteriori tappe nella storia di successo di 80 anni di Silac AG. Inoltre, con Luca e Olivier Birchler, la quarta generazione lavora gi\u00e0 in azienda. Sono molto contento che con loro potremo continuare la tradizione di famiglia e offrire ai nostri clienti soluzioni plastiche eccellenti anche in futuro\", aggiunge l'amministratore delegato Peter Birchler.<\/p>\n<p><em>Sabato 10 settembre 2022, Silac invita gli interessati a una giornata di porte aperte. Dalle 10.00 alle 16.00, i visitatori potranno dare un'occhiata dietro le quinte durante un tour e immergersi nell'affascinante mondo della plastica. In questa giornata gli ospiti potranno gustare anche specialit\u00e0 culinarie. <a href=\"http:\/\/www.silac.ch\">www.silac.ch<\/a><\/em><\/p>","protected":false},"excerpt":{"rendered":"<p>Im Fr\u00fchjahr 1942 startete die Silac mit der Produktion von Kunststoffkn\u00f6pfen in einem alten Schulhaus in Oberiberg. Nur zwei Jahre nach der Gr\u00fcndung ben\u00f6tigte das Unternehmen mehr Platz und zog nach Euthal um. Nach Kriegsende erweiterte das Unternehmen sein Angebot mit hydraulischen Pressen, Pressautomaten und leistungsstarken Thermoplast-Spritzmaschinen. Fortan konnten gefragte Duroplast- und Thermoplast-Erzeugnisse wie Dosen, [&hellip;]<\/p>\n","protected":false},"author":4,"featured_media":16589,"comment_status":"closed","ping_status":"closed","sticky":false,"template":"","format":"standard","meta":{"_acf_changed":false,"_yoast_wpseo_focuskw":"Silac","_yoast_wpseo_metadesc":"Die Silac AG, ein Kunststoffwerk mit Sitz in Euthal SZ und ein inhabergef\u00fchrtes Familienunternehmen, feiert das 80-j\u00e4hrige Jubil\u00e4um.","articlekey":"","footnotes":""},"categories":[28],"tags":[196,206,335,492],"class_list":["post-16588","post","type-post","status-publish","format-standard","has-post-thumbnail","hentry","category-management","tag-familienunternehmen","tag-firmenjubilaeum","tag-management-und-unternehmensfuehrung","tag-unternehmen"],"acf":[],"yoast_head":"<!-- This site is optimized with the Yoast SEO plugin v27.5 - https:\/\/yoast.com\/product\/yoast-seo-wordpress\/ -->\n<title>Kunststoffwerk Silac feiert 80-j\u00e4hriges Jubil\u00e4um - Organisator<\/title>\n<meta name=\"description\" content=\"Die Silac AG, ein Kunststoffwerk mit Sitz in Euthal SZ und ein inhabergef\u00fchrtes Familienunternehmen, feiert das 80-j\u00e4hrige Jubil\u00e4um.\" \/>\n<meta name=\"robots\" content=\"index, follow, max-snippet:-1, max-image-preview:large, max-video-preview:-1\" \/>\n<link rel=\"canonical\" href=\"https:\/\/www.organisator.ch\/it\/gestione-2\/2022-08-18\/kunststoffwerk-silac-feiert-80-jaehriges-jubilaeum\/\" \/>\n<meta property=\"og:locale\" content=\"it_IT\" \/>\n<meta property=\"og:type\" content=\"article\" \/>\n<meta property=\"og:title\" content=\"Kunststoffwerk Silac feiert 80-j\u00e4hriges Jubil\u00e4um\" \/>\n<meta property=\"og:description\" content=\"Die Silac AG, ein Kunststoffwerk mit Sitz in Euthal SZ und ein inhabergef\u00fchrtes Familienunternehmen, feiert das 80-j\u00e4hrige Jubil\u00e4um.\" \/>\n<meta property=\"og:url\" content=\"https:\/\/www.organisator.ch\/it\/gestione-2\/2022-08-18\/kunststoffwerk-silac-feiert-80-jaehriges-jubilaeum\/\" \/>\n<meta property=\"og:site_name\" content=\"Organisator\" \/>\n<meta property=\"article:publisher\" content=\"https:\/\/www.facebook.com\/OrganisatorFachmagazin\" \/>\n<meta property=\"article:published_time\" content=\"2022-08-18T07:07:26+00:00\" \/>\n<meta property=\"og:image\" content=\"https:\/\/www.organisator.ch\/wp-content\/uploads\/2022\/08\/Kunststoffwerk-Silac-feiert-80-jahriges-Jubilaum-2_Organisator.webp\" \/>\n\t<meta property=\"og:image:width\" content=\"800\" \/>\n\t<meta property=\"og:image:height\" content=\"600\" \/>\n\t<meta property=\"og:image:type\" content=\"image\/webp\" \/>\n<meta name=\"author\" content=\"thomas.berner\" \/>\n<meta name=\"twitter:card\" content=\"summary_large_image\" \/>\n<meta name=\"twitter:title\" content=\"Kunststoffwerk #Silac feiert 80-j\u00e4hriges Jubil\u00e4um\" \/>\n<meta name=\"twitter:description\" content=\"Die #Silac AG, ein #Kunststoffwerk mit Sitz in #Euthal SZ und ein inhabergef\u00fchrtes #Familienunternehmen, feiert das 80-j\u00e4hrige #Jubil\u00e4um.\" \/>\n<meta name=\"twitter:image\" content=\"https:\/\/www.organisator.ch\/wp-content\/uploads\/2022\/08\/Kunststoffwerk-Silac-feiert-80-jahriges-Jubilaum-2_Organisator.webp\" \/>\n<script type=\"application\/ld+json\" class=\"yoast-schema-graph\">{\"@context\":\"https:\\\/\\\/schema.org\",\"@graph\":[{\"@type\":\"Article\",\"@id\":\"https:\\\/\\\/www.organisator.ch\\\/management\\\/2022-08-18\\\/kunststoffwerk-silac-feiert-80-jaehriges-jubilaeum\\\/#article\",\"isPartOf\":{\"@id\":\"https:\\\/\\\/www.organisator.ch\\\/management\\\/2022-08-18\\\/kunststoffwerk-silac-feiert-80-jaehriges-jubilaeum\\\/\"},\"author\":{\"name\":\"thomas.berner\",\"@id\":\"https:\\\/\\\/www.organisator.ch\\\/#\\\/schema\\\/person\\\/6f650f90b2842cd4c0cc334b4e36f67e\"},\"headline\":\"Kunststoffwerk Silac feiert 80-j\u00e4hriges Jubil\u00e4um\",\"datePublished\":\"2022-08-18T07:07:26+00:00\",\"mainEntityOfPage\":{\"@id\":\"https:\\\/\\\/www.organisator.ch\\\/management\\\/2022-08-18\\\/kunststoffwerk-silac-feiert-80-jaehriges-jubilaeum\\\/\"},\"wordCount\":875,\"publisher\":{\"@id\":\"https:\\\/\\\/www.organisator.ch\\\/#organization\"},\"image\":{\"@id\":\"https:\\\/\\\/www.organisator.ch\\\/management\\\/2022-08-18\\\/kunststoffwerk-silac-feiert-80-jaehriges-jubilaeum\\\/#primaryimage\"},\"thumbnailUrl\":\"https:\\\/\\\/www.organisator.ch\\\/wp-content\\\/uploads\\\/2022\\\/08\\\/Kunststoffwerk-Silac-feiert-80-jahriges-Jubilaum-1_Organisator.jpg\",\"keywords\":[\"Familienunternehmen\",\"Firmenjubil\u00e4um\",\"Management und Unternehmensf\u00fchrung\",\"Unternehmen\"],\"articleSection\":[\"MANAGEMENT\"],\"inLanguage\":\"it-IT\"},{\"@type\":\"WebPage\",\"@id\":\"https:\\\/\\\/www.organisator.ch\\\/management\\\/2022-08-18\\\/kunststoffwerk-silac-feiert-80-jaehriges-jubilaeum\\\/\",\"url\":\"https:\\\/\\\/www.organisator.ch\\\/management\\\/2022-08-18\\\/kunststoffwerk-silac-feiert-80-jaehriges-jubilaeum\\\/\",\"name\":\"Kunststoffwerk Silac feiert 80-j\u00e4hriges Jubil\u00e4um - Organisator\",\"isPartOf\":{\"@id\":\"https:\\\/\\\/www.organisator.ch\\\/#website\"},\"primaryImageOfPage\":{\"@id\":\"https:\\\/\\\/www.organisator.ch\\\/management\\\/2022-08-18\\\/kunststoffwerk-silac-feiert-80-jaehriges-jubilaeum\\\/#primaryimage\"},\"image\":{\"@id\":\"https:\\\/\\\/www.organisator.ch\\\/management\\\/2022-08-18\\\/kunststoffwerk-silac-feiert-80-jaehriges-jubilaeum\\\/#primaryimage\"},\"thumbnailUrl\":\"https:\\\/\\\/www.organisator.ch\\\/wp-content\\\/uploads\\\/2022\\\/08\\\/Kunststoffwerk-Silac-feiert-80-jahriges-Jubilaum-1_Organisator.jpg\",\"datePublished\":\"2022-08-18T07:07:26+00:00\",\"description\":\"Die Silac AG, ein Kunststoffwerk mit Sitz in Euthal SZ und ein inhabergef\u00fchrtes Familienunternehmen, feiert das 80-j\u00e4hrige Jubil\u00e4um.\",\"breadcrumb\":{\"@id\":\"https:\\\/\\\/www.organisator.ch\\\/management\\\/2022-08-18\\\/kunststoffwerk-silac-feiert-80-jaehriges-jubilaeum\\\/#breadcrumb\"},\"inLanguage\":\"it-IT\",\"potentialAction\":[{\"@type\":\"ReadAction\",\"target\":[\"https:\\\/\\\/www.organisator.ch\\\/management\\\/2022-08-18\\\/kunststoffwerk-silac-feiert-80-jaehriges-jubilaeum\\\/\"]}]},{\"@type\":\"ImageObject\",\"inLanguage\":\"it-IT\",\"@id\":\"https:\\\/\\\/www.organisator.ch\\\/management\\\/2022-08-18\\\/kunststoffwerk-silac-feiert-80-jaehriges-jubilaeum\\\/#primaryimage\",\"url\":\"https:\\\/\\\/www.organisator.ch\\\/wp-content\\\/uploads\\\/2022\\\/08\\\/Kunststoffwerk-Silac-feiert-80-jahriges-Jubilaum-1_Organisator.jpg\",\"contentUrl\":\"https:\\\/\\\/www.organisator.ch\\\/wp-content\\\/uploads\\\/2022\\\/08\\\/Kunststoffwerk-Silac-feiert-80-jahriges-Jubilaum-1_Organisator.jpg\",\"width\":680,\"height\":453,\"caption\":\"Ein guter Berufsnachwuchs und motivierte, hochqualifizierte Mitarbeiter bilden das Fundament des langfristigen Erfolgs der Silac AG, die dieses Jahr das 80-Jahr-Jubil\u00e4um feiert. (Bild: zVg \\\/ Silac)\"},{\"@type\":\"BreadcrumbList\",\"@id\":\"https:\\\/\\\/www.organisator.ch\\\/management\\\/2022-08-18\\\/kunststoffwerk-silac-feiert-80-jaehriges-jubilaeum\\\/#breadcrumb\",\"itemListElement\":[{\"@type\":\"ListItem\",\"position\":1,\"name\":\"Home\",\"item\":\"https:\\\/\\\/www.organisator.ch\\\/\"},{\"@type\":\"ListItem\",\"position\":2,\"name\":\"Kunststoffwerk Silac feiert 80-j\u00e4hriges Jubil\u00e4um\"}]},{\"@type\":\"WebSite\",\"@id\":\"https:\\\/\\\/www.organisator.ch\\\/#website\",\"url\":\"https:\\\/\\\/www.organisator.ch\\\/\",\"name\":\"Organisator\",\"description\":\"Kompetent. Praxisnah. Der ORGANISATOR bereitet in 10 Ausgaben pro Jahr die wesentlichen Themen f\u00fcr F\u00fchrungskr\u00e4fte von KMU auf.\",\"publisher\":{\"@id\":\"https:\\\/\\\/www.organisator.ch\\\/#organization\"},\"potentialAction\":[{\"@type\":\"SearchAction\",\"target\":{\"@type\":\"EntryPoint\",\"urlTemplate\":\"https:\\\/\\\/www.organisator.ch\\\/?s={search_term_string}\"},\"query-input\":{\"@type\":\"PropertyValueSpecification\",\"valueRequired\":true,\"valueName\":\"search_term_string\"}}],\"inLanguage\":\"it-IT\"},{\"@type\":\"Organization\",\"@id\":\"https:\\\/\\\/www.organisator.ch\\\/#organization\",\"name\":\"Organisator\",\"url\":\"https:\\\/\\\/www.organisator.ch\\\/\",\"logo\":{\"@type\":\"ImageObject\",\"inLanguage\":\"it-IT\",\"@id\":\"https:\\\/\\\/www.organisator.ch\\\/#\\\/schema\\\/logo\\\/image\\\/\",\"url\":\"https:\\\/\\\/www.organisator.ch\\\/wp-content\\\/uploads\\\/2022\\\/01\\\/Logo_Organisator_Website.png\",\"contentUrl\":\"https:\\\/\\\/www.organisator.ch\\\/wp-content\\\/uploads\\\/2022\\\/01\\\/Logo_Organisator_Website.png\",\"width\":800,\"height\":77,\"caption\":\"Organisator\"},\"image\":{\"@id\":\"https:\\\/\\\/www.organisator.ch\\\/#\\\/schema\\\/logo\\\/image\\\/\"},\"sameAs\":[\"https:\\\/\\\/www.facebook.com\\\/OrganisatorFachmagazin\",\"https:\\\/\\\/www.linkedin.com\\\/showcase\\\/organisator-das-magazin-fr-kmu\",\"https:\\\/\\\/www.xing.com\\\/news\\\/pages\\\/organisator-ch-695\",\"https:\\\/\\\/www.youtube.com\\\/channel\\\/UCGP2Sq0iWaZwT3BdIAQFYpw\"]},{\"@type\":\"Person\",\"@id\":\"https:\\\/\\\/www.organisator.ch\\\/#\\\/schema\\\/person\\\/6f650f90b2842cd4c0cc334b4e36f67e\",\"name\":\"thomas.berner\",\"image\":{\"@type\":\"ImageObject\",\"inLanguage\":\"it-IT\",\"@id\":\"https:\\\/\\\/secure.gravatar.com\\\/avatar\\\/ac5001d2a36cb6c6cd3e50789007ffca834b477b74a2144564522e944eabff61?s=96&d=mm&r=g\",\"url\":\"https:\\\/\\\/secure.gravatar.com\\\/avatar\\\/ac5001d2a36cb6c6cd3e50789007ffca834b477b74a2144564522e944eabff61?s=96&d=mm&r=g\",\"contentUrl\":\"https:\\\/\\\/secure.gravatar.com\\\/avatar\\\/ac5001d2a36cb6c6cd3e50789007ffca834b477b74a2144564522e944eabff61?s=96&d=mm&r=g\",\"caption\":\"thomas.berner\"},\"url\":\"https:\\\/\\\/www.organisator.ch\\\/it\\\/author\\\/thomas-berner\\\/\"}]}<\/script>\n<!-- \/ Yoast SEO plugin. -->","yoast_head_json":{"title":"Lo stabilimento di materie plastiche Silac festeggia l'80\u00b0 anniversario - Organizzatore","description":"Silac AG, un impianto di materie plastiche con sede a Euthal SZ e un'azienda familiare gestita dai proprietari, celebra il suo 80\u00b0 anniversario.","robots":{"index":"index","follow":"follow","max-snippet":"max-snippet:-1","max-image-preview":"max-image-preview:large","max-video-preview":"max-video-preview:-1"},"canonical":"https:\/\/www.organisator.ch\/it\/gestione-2\/2022-08-18\/kunststoffwerk-silac-feiert-80-jaehriges-jubilaeum\/","og_locale":"it_IT","og_type":"article","og_title":"Kunststoffwerk Silac feiert 80-j\u00e4hriges Jubil\u00e4um","og_description":"Die Silac AG, ein Kunststoffwerk mit Sitz in Euthal SZ und ein inhabergef\u00fchrtes Familienunternehmen, feiert das 80-j\u00e4hrige Jubil\u00e4um.","og_url":"https:\/\/www.organisator.ch\/it\/gestione-2\/2022-08-18\/kunststoffwerk-silac-feiert-80-jaehriges-jubilaeum\/","og_site_name":"Organisator","article_publisher":"https:\/\/www.facebook.com\/OrganisatorFachmagazin","article_published_time":"2022-08-18T07:07:26+00:00","og_image":[{"width":800,"height":600,"url":"https:\/\/www.organisator.ch\/wp-content\/uploads\/2022\/08\/Kunststoffwerk-Silac-feiert-80-jahriges-Jubilaum-2_Organisator.webp","type":"image\/webp"}],"author":"thomas.berner","twitter_card":"summary_large_image","twitter_title":"Kunststoffwerk #Silac feiert 80-j\u00e4hriges Jubil\u00e4um","twitter_description":"Die #Silac AG, ein #Kunststoffwerk mit Sitz in #Euthal SZ und ein inhabergef\u00fchrtes #Familienunternehmen, feiert das 80-j\u00e4hrige #Jubil\u00e4um.","twitter_image":"https:\/\/www.organisator.ch\/wp-content\/uploads\/2022\/08\/Kunststoffwerk-Silac-feiert-80-jahriges-Jubilaum-2_Organisator.webp","schema":{"@context":"https:\/\/schema.org","@graph":[{"@type":"Article","@id":"https:\/\/www.organisator.ch\/management\/2022-08-18\/kunststoffwerk-silac-feiert-80-jaehriges-jubilaeum\/#article","isPartOf":{"@id":"https:\/\/www.organisator.ch\/management\/2022-08-18\/kunststoffwerk-silac-feiert-80-jaehriges-jubilaeum\/"},"author":{"name":"thomas.berner","@id":"https:\/\/www.organisator.ch\/#\/schema\/person\/6f650f90b2842cd4c0cc334b4e36f67e"},"headline":"Kunststoffwerk Silac feiert 80-j\u00e4hriges Jubil\u00e4um","datePublished":"2022-08-18T07:07:26+00:00","mainEntityOfPage":{"@id":"https:\/\/www.organisator.ch\/management\/2022-08-18\/kunststoffwerk-silac-feiert-80-jaehriges-jubilaeum\/"},"wordCount":875,"publisher":{"@id":"https:\/\/www.organisator.ch\/#organization"},"image":{"@id":"https:\/\/www.organisator.ch\/management\/2022-08-18\/kunststoffwerk-silac-feiert-80-jaehriges-jubilaeum\/#primaryimage"},"thumbnailUrl":"https:\/\/www.organisator.ch\/wp-content\/uploads\/2022\/08\/Kunststoffwerk-Silac-feiert-80-jahriges-Jubilaum-1_Organisator.jpg","keywords":["Familienunternehmen","Firmenjubil\u00e4um","Management und Unternehmensf\u00fchrung","Unternehmen"],"articleSection":["MANAGEMENT"],"inLanguage":"it-IT"},{"@type":"WebPage","@id":"https:\/\/www.organisator.ch\/management\/2022-08-18\/kunststoffwerk-silac-feiert-80-jaehriges-jubilaeum\/","url":"https:\/\/www.organisator.ch\/management\/2022-08-18\/kunststoffwerk-silac-feiert-80-jaehriges-jubilaeum\/","name":"Lo stabilimento di materie plastiche Silac festeggia l'80\u00b0 anniversario - Organizzatore","isPartOf":{"@id":"https:\/\/www.organisator.ch\/#website"},"primaryImageOfPage":{"@id":"https:\/\/www.organisator.ch\/management\/2022-08-18\/kunststoffwerk-silac-feiert-80-jaehriges-jubilaeum\/#primaryimage"},"image":{"@id":"https:\/\/www.organisator.ch\/management\/2022-08-18\/kunststoffwerk-silac-feiert-80-jaehriges-jubilaeum\/#primaryimage"},"thumbnailUrl":"https:\/\/www.organisator.ch\/wp-content\/uploads\/2022\/08\/Kunststoffwerk-Silac-feiert-80-jahriges-Jubilaum-1_Organisator.jpg","datePublished":"2022-08-18T07:07:26+00:00","description":"Silac AG, un impianto di materie plastiche con sede a Euthal SZ e un'azienda familiare gestita dai proprietari, celebra il suo 80\u00b0 anniversario.","breadcrumb":{"@id":"https:\/\/www.organisator.ch\/management\/2022-08-18\/kunststoffwerk-silac-feiert-80-jaehriges-jubilaeum\/#breadcrumb"},"inLanguage":"it-IT","potentialAction":[{"@type":"ReadAction","target":["https:\/\/www.organisator.ch\/management\/2022-08-18\/kunststoffwerk-silac-feiert-80-jaehriges-jubilaeum\/"]}]},{"@type":"ImageObject","inLanguage":"it-IT","@id":"https:\/\/www.organisator.ch\/management\/2022-08-18\/kunststoffwerk-silac-feiert-80-jaehriges-jubilaeum\/#primaryimage","url":"https:\/\/www.organisator.ch\/wp-content\/uploads\/2022\/08\/Kunststoffwerk-Silac-feiert-80-jahriges-Jubilaum-1_Organisator.jpg","contentUrl":"https:\/\/www.organisator.ch\/wp-content\/uploads\/2022\/08\/Kunststoffwerk-Silac-feiert-80-jahriges-Jubilaum-1_Organisator.jpg","width":680,"height":453,"caption":"Ein guter Berufsnachwuchs und motivierte, hochqualifizierte Mitarbeiter bilden das Fundament des langfristigen Erfolgs der Silac AG, die dieses Jahr das 80-Jahr-Jubil\u00e4um feiert. (Bild: zVg \/ Silac)"},{"@type":"BreadcrumbList","@id":"https:\/\/www.organisator.ch\/management\/2022-08-18\/kunststoffwerk-silac-feiert-80-jaehriges-jubilaeum\/#breadcrumb","itemListElement":[{"@type":"ListItem","position":1,"name":"Home","item":"https:\/\/www.organisator.ch\/"},{"@type":"ListItem","position":2,"name":"Kunststoffwerk Silac feiert 80-j\u00e4hriges Jubil\u00e4um"}]},{"@type":"WebSite","@id":"https:\/\/www.organisator.ch\/#website","url":"https:\/\/www.organisator.ch\/","name":"Organizzatore","description":"Competente. Pratico. In 10 numeri all'anno, ORGANISATOR presenta i temi essenziali per i manager delle PMI.","publisher":{"@id":"https:\/\/www.organisator.ch\/#organization"},"potentialAction":[{"@type":"SearchAction","target":{"@type":"EntryPoint","urlTemplate":"https:\/\/www.organisator.ch\/?s={search_term_string}"},"query-input":{"@type":"PropertyValueSpecification","valueRequired":true,"valueName":"search_term_string"}}],"inLanguage":"it-IT"},{"@type":"Organization","@id":"https:\/\/www.organisator.ch\/#organization","name":"Organizzatore","url":"https:\/\/www.organisator.ch\/","logo":{"@type":"ImageObject","inLanguage":"it-IT","@id":"https:\/\/www.organisator.ch\/#\/schema\/logo\/image\/","url":"https:\/\/www.organisator.ch\/wp-content\/uploads\/2022\/01\/Logo_Organisator_Website.png","contentUrl":"https:\/\/www.organisator.ch\/wp-content\/uploads\/2022\/01\/Logo_Organisator_Website.png","width":800,"height":77,"caption":"Organisator"},"image":{"@id":"https:\/\/www.organisator.ch\/#\/schema\/logo\/image\/"},"sameAs":["https:\/\/www.facebook.com\/OrganisatorFachmagazin","https:\/\/www.linkedin.com\/showcase\/organisator-das-magazin-fr-kmu","https:\/\/www.xing.com\/news\/pages\/organisator-ch-695","https:\/\/www.youtube.com\/channel\/UCGP2Sq0iWaZwT3BdIAQFYpw"]},{"@type":"Person","@id":"https:\/\/www.organisator.ch\/#\/schema\/person\/6f650f90b2842cd4c0cc334b4e36f67e","name":"Tommaso.berner","image":{"@type":"ImageObject","inLanguage":"it-IT","@id":"https:\/\/secure.gravatar.com\/avatar\/ac5001d2a36cb6c6cd3e50789007ffca834b477b74a2144564522e944eabff61?s=96&d=mm&r=g","url":"https:\/\/secure.gravatar.com\/avatar\/ac5001d2a36cb6c6cd3e50789007ffca834b477b74a2144564522e944eabff61?s=96&d=mm&r=g","contentUrl":"https:\/\/secure.gravatar.com\/avatar\/ac5001d2a36cb6c6cd3e50789007ffca834b477b74a2144564522e944eabff61?s=96&d=mm&r=g","caption":"thomas.berner"},"url":"https:\/\/www.organisator.ch\/it\/author\/thomas-berner\/"}]}},"_links":{"self":[{"href":"https:\/\/www.organisator.ch\/it\/wp-json\/wp\/v2\/posts\/16588","targetHints":{"allow":["GET"]}}],"collection":[{"href":"https:\/\/www.organisator.ch\/it\/wp-json\/wp\/v2\/posts"}],"about":[{"href":"https:\/\/www.organisator.ch\/it\/wp-json\/wp\/v2\/types\/post"}],"author":[{"embeddable":true,"href":"https:\/\/www.organisator.ch\/it\/wp-json\/wp\/v2\/users\/4"}],"replies":[{"embeddable":true,"href":"https:\/\/www.organisator.ch\/it\/wp-json\/wp\/v2\/comments?post=16588"}],"version-history":[{"count":2,"href":"https:\/\/www.organisator.ch\/it\/wp-json\/wp\/v2\/posts\/16588\/revisions"}],"predecessor-version":[{"id":16592,"href":"https:\/\/www.organisator.ch\/it\/wp-json\/wp\/v2\/posts\/16588\/revisions\/16592"}],"wp:featuredmedia":[{"embeddable":true,"href":"https:\/\/www.organisator.ch\/it\/wp-json\/wp\/v2\/media\/16589"}],"wp:attachment":[{"href":"https:\/\/www.organisator.ch\/it\/wp-json\/wp\/v2\/media?parent=16588"}],"wp:term":[{"taxonomy":"category","embeddable":true,"href":"https:\/\/www.organisator.ch\/it\/wp-json\/wp\/v2\/categories?post=16588"},{"taxonomy":"post_tag","embeddable":true,"href":"https:\/\/www.organisator.ch\/it\/wp-json\/wp\/v2\/tags?post=16588"}],"curies":[{"name":"wp","href":"https:\/\/api.w.org\/{rel}","templated":true}]}}