{"id":16605,"date":"2022-08-18T14:55:31","date_gmt":"2022-08-18T12:55:31","guid":{"rendered":"https:\/\/www.organisator.ch\/?p=16605"},"modified":"2022-08-18T14:55:31","modified_gmt":"2022-08-18T12:55:31","slug":"ukraine-fluechtlinge-mehr-planungssicherheit-gefordert","status":"publish","type":"post","link":"https:\/\/www.organisator.ch\/it\/human-resources\/2022-08-18\/ukraine-fluechtlinge-mehr-planungssicherheit-gefordert\/","title":{"rendered":"Rifugiati ucraini: richiesta maggiore sicurezza nella pianificazione"},"content":{"rendered":"<figure id=\"attachment_16608\" aria-describedby=\"caption-attachment-16608\" style=\"width: 680px\" class=\"wp-caption alignnone\"><img loading=\"lazy\" decoding=\"async\" class=\"size-full wp-image-16608\" src=\"https:\/\/www.organisator.ch\/wp-content\/uploads\/2022\/08\/Ukraine-Fluchtlinge-Mehr-Planungssicherheit-gefordert_Organisator.jpg\" alt=\"\" width=\"680\" height=\"455\" srcset=\"https:\/\/www.organisator.ch\/wp-content\/uploads\/2022\/08\/Ukraine-Fluchtlinge-Mehr-Planungssicherheit-gefordert_Organisator.jpg 680w, https:\/\/www.organisator.ch\/wp-content\/uploads\/2022\/08\/Ukraine-Fluchtlinge-Mehr-Planungssicherheit-gefordert_Organisator-18x12.jpg 18w, https:\/\/www.organisator.ch\/wp-content\/uploads\/2022\/08\/Ukraine-Fluchtlinge-Mehr-Planungssicherheit-gefordert_Organisator-262x175.jpg 262w, https:\/\/www.organisator.ch\/wp-content\/uploads\/2022\/08\/Ukraine-Fluchtlinge-Mehr-Planungssicherheit-gefordert_Organisator-523x350.jpg 523w, https:\/\/www.organisator.ch\/wp-content\/uploads\/2022\/08\/Ukraine-Fluchtlinge-Mehr-Planungssicherheit-gefordert_Organisator-300x201.jpg 300w\" sizes=\"auto, (max-width: 680px) 100vw, 680px\" \/><figcaption id=\"caption-attachment-16608\" class=\"wp-caption-text\">Rifugiati ucraini: un'azienda svizzera su dieci offre una mano per l'impiego. (Immagine: Unsplash.com)<\/figcaption><\/figure>\n<p>Poco dopo l'inizio del conflitto armato in Ucraina, il Consiglio federale ha deciso di concedere lo status di protezione S ai rifugiati. Questa decisione \u00e8 stata ampiamente sostenuta dalla comunit\u00e0 imprenditoriale, compresa l'Associazione svizzera dei datori di lavoro (ASB). Sono stati registrati circa 60.000 rifugiati ucraini. Poco pi\u00f9 della met\u00e0, circa 33.000, sono in et\u00e0 lavorativa. Secondo la Segreteria di Stato per la Migrazione, circa il 10% delle persone in et\u00e0 lavorativa ha un'occupazione. In occasione di una conferenza stampa tenutasi il 18 agosto 2022, l'Associazione svizzera dei datori di lavoro si \u00e8 rallegrata del fatto che le aziende stiano dando un importante contributo all'integrazione delle persone provenienti dall'Ucraina in Svizzera. Un'occupazione qualificata consente una vita quotidiana strutturata, l'indipendenza finanziaria e la partecipazione alla vita sociale durante il soggiorno in Svizzera. Per conoscere meglio l'interesse, ma anche le sfide e le esigenze delle aziende svizzere in merito all'impiego dei rifugiati ucraini, la SAV ha commissionato all'istituto di ricerca Sotomo un'indagine rappresentativa delle aziende.<\/p>\n<h3>Pi\u00f9 della met\u00e0 delle aziende vuole assumere rifugiati ucraini<\/h3>\n<p>L'indagine mostra che il 56% delle aziende \u00e8 generalmente interessato ad assumerli e che quasi un'azienda su dieci ha gi\u00e0 assunto persone con lo status di protezione S. Le aziende che hanno assunto rifugiati ucraini sono soddisfatte delle loro prestazioni. Secondo l'indagine, assumendo persone provenienti dall'Ucraina, le aziende dimostrano la loro intenzione di dare un contributo alla solidariet\u00e0. Anche la qualit\u00e0 dei lavoratori ucraini e la loro elevata motivazione sono stati citati come fattori importanti.<\/p>\n<p>Allo stesso tempo, ci sono fattori che rendono pi\u00f9 difficile l'occupazione. Le competenze linguistiche inadeguate sono citate con particolare frequenza in questo contesto: sono una delle principali ragioni di non occupazione, soprattutto nel caso delle aziende di ristorazione e di quelle che operano nei settori della sanit\u00e0 e dei servizi sociali. Questi sono anche i settori che in genere vedono il maggior potenziale di impiego dei rifugiati ucraini. Il 62% delle aziende chiede anche un maggiore impegno e un aumento degli sforzi da parte del governo federale e dei cantoni per quanto riguarda i corsi di lingua.<\/p>\n<h3>Estensione del diritto di soggiorno desiderata<\/h3>\n<p>Il diritto di soggiorno delle persone con status di protezione S \u00e8 attualmente limitato a un anno - il permesso di soggiorno delle prime persone scadr\u00e0 quindi gi\u00e0 tra circa mezzo anno. Queste incertezze sul modo in cui procedere con lo status di protezione S mettono in crisi molte aziende. Ad esempio, l'81% delle aziende intervistate che hanno gi\u00e0 assunto personale sarebbe favorevole a un'estensione del diritto di soggiorno per la durata dell'impiego. Alla conferenza stampa, il presidente della SAV Valentin Vogt ha sottolineato l'importanza della sicurezza della pianificazione: \"Una prospettiva relativa al soggiorno dei rifugiati ucraini in Svizzera incoraggerebbe le aziende a continuare o addirittura intensificare l'integrazione attraverso stage e apprendistati\".<\/p>\n<p>Tuttavia, alcuni intervistati affermano anche che al momento mancano semplicemente le candidature di persone provenienti dall'Ucraina. Chiedono quindi un ruolo pi\u00f9 attivo degli OTR nella registrazione e nel collocamento delle persone con status di protezione S. Judith Bellaiche, direttrice di Swico, del settore ICT, ha riferito che ci sono difficolt\u00e0 di assunzione. Secondo Bellaiche, \u00e8 estremamente difficile per le aziende entrare in contatto diretto con i rifugiati, e questo \u00e8 reso ancora pi\u00f9 difficile dalle responsabilit\u00e0 decentrate e su piccola scala. Alcuni rifugiati, inoltre, non conoscono il mercato del lavoro svizzero, il che rende difficile il loro posizionamento sul mercato. \"Il sostegno dei Centri regionali per l'impiego (CAV) sarebbe molto gradito in questo caso. Grazie alle loro strutture e alla loro conoscenza del mercato del lavoro, possono offrire aiuto nella ricerca di un impiego\", spiega Bellaiche.<\/p>\n<h3>Carenza di manodopera: una goccia nell'oceano<\/h3>\n<p>E i rifugiati ucraini sono in grado di attenuare in qualche modo la carenza di lavoratori qualificati? Sembra che l'immigrazione di rifugiati dall'Ucraina sia solo una goccia nel mare. Tuttavia, secondo una buona met\u00e0 delle aziende intervistate, le persone provenienti dall'Ucraina con lo status di protezione S possono contrastare almeno in parte la carenza di manodopera. Le aziende che hanno avuto o hanno ancora bisogno di manodopera da marzo di quest'anno sono pi\u00f9 propense a considerare le persone con status di protezione S come un modo per alleviare l'attuale carenza di manodopera nel rispettivo settore. D'altra parte, le aziende del settore industriale vedono un potenziale minore per contrastare la carenza di manodopera rispetto, ad esempio, ai settori dell'ospitalit\u00e0 e della sanit\u00e0.<\/p>\n<p><em>Fonte: <a href=\"http:\/\/www.arbeitgeber.ch\">Confederazione svizzera dei datori di lavoro<\/a><\/em><\/p>","protected":false},"excerpt":{"rendered":"<p>Kurz nach dem Beginn der kriegerischen Auseinandersetzungen in der Ukraine hat der Bundesrat entschieden, den Gefl\u00fcchteten den Schutzstatus S zu gew\u00e4hren. Dieser Entscheid fand breite Unterst\u00fctzung in der Wirtschaft, auch vom Schweizerischen Arbeitgeberverband (SAV). Inzwischen sind rund 60&#8217;000 Ukraine-Fl\u00fcchtlinge registriert. Etwas mehr als die H\u00e4lfte, etwa 33&#8217;000, befinden sich im erwerbsf\u00e4higen Alter. Gem\u00e4ss Staatssekretariat f\u00fcr [&hellip;]<\/p>\n","protected":false},"author":4,"featured_media":16608,"comment_status":"closed","ping_status":"closed","sticky":false,"template":"","format":"standard","meta":{"_acf_changed":false,"_yoast_wpseo_focuskw":"Ukraine-Fl\u00fcchtlinge","_yoast_wpseo_metadesc":"Eine Studie zeigt, dass bereits jedes zehnte Unternehmen in der Schweiz Ukraine-Fl\u00fcchtlinge angestellt hat und mit ihnen zufrieden ist.","articlekey":"","footnotes":""},"categories":[579],"tags":[254,459,2744,503],"class_list":["post-16605","post","type-post","status-publish","format-standard","has-post-thumbnail","hentry","category-human-resources","tag-hrm","tag-studie","tag-ukraine","tag-verbaende"],"acf":[],"yoast_head":"<!-- This site is optimized with the Yoast SEO plugin v27.5 - https:\/\/yoast.com\/product\/yoast-seo-wordpress\/ -->\n<title>Ukraine-Fl\u00fcchtlinge: Mehr Planungssicherheit gefordert - Organisator<\/title>\n<meta name=\"description\" content=\"Eine Studie zeigt, dass bereits jedes zehnte Unternehmen in der Schweiz Ukraine-Fl\u00fcchtlinge angestellt hat und mit ihnen zufrieden ist.\" \/>\n<meta name=\"robots\" content=\"index, follow, max-snippet:-1, max-image-preview:large, max-video-preview:-1\" \/>\n<link rel=\"canonical\" href=\"https:\/\/www.organisator.ch\/it\/risorse-umane\/2022-08-18\/ukraine-fluechtlinge-mehr-planungssicherheit-gefordert\/\" \/>\n<meta property=\"og:locale\" content=\"it_IT\" \/>\n<meta property=\"og:type\" content=\"article\" \/>\n<meta property=\"og:title\" content=\"Ukraine-Fl\u00fcchtlinge: Mehr Planungssicherheit gefordert\" \/>\n<meta property=\"og:description\" content=\"Eine Studie zeigt, dass bereits jedes zehnte Unternehmen in der Schweiz Ukraine-Fl\u00fcchtlinge angestellt hat und mit ihnen zufrieden ist.\" \/>\n<meta property=\"og:url\" content=\"https:\/\/www.organisator.ch\/it\/risorse-umane\/2022-08-18\/ukraine-fluechtlinge-mehr-planungssicherheit-gefordert\/\" \/>\n<meta property=\"og:site_name\" content=\"Organisator\" \/>\n<meta property=\"article:publisher\" content=\"https:\/\/www.facebook.com\/OrganisatorFachmagazin\" \/>\n<meta property=\"article:published_time\" content=\"2022-08-18T12:55:31+00:00\" \/>\n<meta property=\"og:image\" content=\"https:\/\/www.organisator.ch\/wp-content\/uploads\/2022\/08\/Ukraine-Fluchtlinge-Mehr-Planungssicherheit-gefordert_Organisator.jpg\" \/>\n\t<meta property=\"og:image:width\" content=\"680\" \/>\n\t<meta property=\"og:image:height\" content=\"455\" \/>\n\t<meta property=\"og:image:type\" content=\"image\/jpeg\" \/>\n<meta name=\"author\" content=\"thomas.berner\" \/>\n<meta name=\"twitter:card\" content=\"summary_large_image\" \/>\n<meta name=\"twitter:title\" content=\"#Ukraine-Fl\u00fcchtlinge: Mehr #Planungssicherheit gefordert\" \/>\n<meta name=\"twitter:description\" content=\"Eine Studie zeigt, dass bereits jedes zehnte #Unternehmen in der Schweiz #Ukraine-Fl\u00fcchtlinge angestellt hat und mit ihnen zufrieden ist.\" \/>\n<meta name=\"twitter:image\" content=\"https:\/\/www.organisator.ch\/wp-content\/uploads\/2022\/08\/Ukraine-Fluchtlinge-Mehr-Planungssicherheit-gefordert_Organisator.jpg\" \/>\n<script type=\"application\/ld+json\" class=\"yoast-schema-graph\">{\"@context\":\"https:\\\/\\\/schema.org\",\"@graph\":[{\"@type\":\"Article\",\"@id\":\"https:\\\/\\\/www.organisator.ch\\\/human-resources\\\/2022-08-18\\\/ukraine-fluechtlinge-mehr-planungssicherheit-gefordert\\\/#article\",\"isPartOf\":{\"@id\":\"https:\\\/\\\/www.organisator.ch\\\/human-resources\\\/2022-08-18\\\/ukraine-fluechtlinge-mehr-planungssicherheit-gefordert\\\/\"},\"author\":{\"name\":\"thomas.berner\",\"@id\":\"https:\\\/\\\/www.organisator.ch\\\/#\\\/schema\\\/person\\\/6f650f90b2842cd4c0cc334b4e36f67e\"},\"headline\":\"Ukraine-Fl\u00fcchtlinge: Mehr Planungssicherheit gefordert\",\"datePublished\":\"2022-08-18T12:55:31+00:00\",\"mainEntityOfPage\":{\"@id\":\"https:\\\/\\\/www.organisator.ch\\\/human-resources\\\/2022-08-18\\\/ukraine-fluechtlinge-mehr-planungssicherheit-gefordert\\\/\"},\"wordCount\":737,\"publisher\":{\"@id\":\"https:\\\/\\\/www.organisator.ch\\\/#organization\"},\"image\":{\"@id\":\"https:\\\/\\\/www.organisator.ch\\\/human-resources\\\/2022-08-18\\\/ukraine-fluechtlinge-mehr-planungssicherheit-gefordert\\\/#primaryimage\"},\"thumbnailUrl\":\"https:\\\/\\\/www.organisator.ch\\\/wp-content\\\/uploads\\\/2022\\\/08\\\/Ukraine-Fluchtlinge-Mehr-Planungssicherheit-gefordert_Organisator.jpg\",\"keywords\":[\"HRM\",\"Studie\",\"Ukraine\",\"Verb\u00e4nde\"],\"articleSection\":[\"HUMAN RESOURCES\"],\"inLanguage\":\"it-IT\"},{\"@type\":\"WebPage\",\"@id\":\"https:\\\/\\\/www.organisator.ch\\\/human-resources\\\/2022-08-18\\\/ukraine-fluechtlinge-mehr-planungssicherheit-gefordert\\\/\",\"url\":\"https:\\\/\\\/www.organisator.ch\\\/human-resources\\\/2022-08-18\\\/ukraine-fluechtlinge-mehr-planungssicherheit-gefordert\\\/\",\"name\":\"Ukraine-Fl\u00fcchtlinge: Mehr Planungssicherheit gefordert - Organisator\",\"isPartOf\":{\"@id\":\"https:\\\/\\\/www.organisator.ch\\\/#website\"},\"primaryImageOfPage\":{\"@id\":\"https:\\\/\\\/www.organisator.ch\\\/human-resources\\\/2022-08-18\\\/ukraine-fluechtlinge-mehr-planungssicherheit-gefordert\\\/#primaryimage\"},\"image\":{\"@id\":\"https:\\\/\\\/www.organisator.ch\\\/human-resources\\\/2022-08-18\\\/ukraine-fluechtlinge-mehr-planungssicherheit-gefordert\\\/#primaryimage\"},\"thumbnailUrl\":\"https:\\\/\\\/www.organisator.ch\\\/wp-content\\\/uploads\\\/2022\\\/08\\\/Ukraine-Fluchtlinge-Mehr-Planungssicherheit-gefordert_Organisator.jpg\",\"datePublished\":\"2022-08-18T12:55:31+00:00\",\"description\":\"Eine Studie zeigt, dass bereits jedes zehnte Unternehmen in der Schweiz Ukraine-Fl\u00fcchtlinge angestellt hat und mit ihnen zufrieden ist.\",\"breadcrumb\":{\"@id\":\"https:\\\/\\\/www.organisator.ch\\\/human-resources\\\/2022-08-18\\\/ukraine-fluechtlinge-mehr-planungssicherheit-gefordert\\\/#breadcrumb\"},\"inLanguage\":\"it-IT\",\"potentialAction\":[{\"@type\":\"ReadAction\",\"target\":[\"https:\\\/\\\/www.organisator.ch\\\/human-resources\\\/2022-08-18\\\/ukraine-fluechtlinge-mehr-planungssicherheit-gefordert\\\/\"]}]},{\"@type\":\"ImageObject\",\"inLanguage\":\"it-IT\",\"@id\":\"https:\\\/\\\/www.organisator.ch\\\/human-resources\\\/2022-08-18\\\/ukraine-fluechtlinge-mehr-planungssicherheit-gefordert\\\/#primaryimage\",\"url\":\"https:\\\/\\\/www.organisator.ch\\\/wp-content\\\/uploads\\\/2022\\\/08\\\/Ukraine-Fluchtlinge-Mehr-Planungssicherheit-gefordert_Organisator.jpg\",\"contentUrl\":\"https:\\\/\\\/www.organisator.ch\\\/wp-content\\\/uploads\\\/2022\\\/08\\\/Ukraine-Fluchtlinge-Mehr-Planungssicherheit-gefordert_Organisator.jpg\",\"width\":680,\"height\":455,\"caption\":\"Ukraine-Fl\u00fcchtlinge: Jedes zehnte Schweizer Unternehmen bietet Hand f\u00fcr Besch\u00e4ftigung. (Bild: Unsplash.com)\"},{\"@type\":\"BreadcrumbList\",\"@id\":\"https:\\\/\\\/www.organisator.ch\\\/human-resources\\\/2022-08-18\\\/ukraine-fluechtlinge-mehr-planungssicherheit-gefordert\\\/#breadcrumb\",\"itemListElement\":[{\"@type\":\"ListItem\",\"position\":1,\"name\":\"Home\",\"item\":\"https:\\\/\\\/www.organisator.ch\\\/\"},{\"@type\":\"ListItem\",\"position\":2,\"name\":\"Ukraine-Fl\u00fcchtlinge: Mehr Planungssicherheit gefordert\"}]},{\"@type\":\"WebSite\",\"@id\":\"https:\\\/\\\/www.organisator.ch\\\/#website\",\"url\":\"https:\\\/\\\/www.organisator.ch\\\/\",\"name\":\"Organisator\",\"description\":\"Kompetent. Praxisnah. Der ORGANISATOR bereitet in 10 Ausgaben pro Jahr die wesentlichen Themen f\u00fcr F\u00fchrungskr\u00e4fte von KMU auf.\",\"publisher\":{\"@id\":\"https:\\\/\\\/www.organisator.ch\\\/#organization\"},\"potentialAction\":[{\"@type\":\"SearchAction\",\"target\":{\"@type\":\"EntryPoint\",\"urlTemplate\":\"https:\\\/\\\/www.organisator.ch\\\/?s={search_term_string}\"},\"query-input\":{\"@type\":\"PropertyValueSpecification\",\"valueRequired\":true,\"valueName\":\"search_term_string\"}}],\"inLanguage\":\"it-IT\"},{\"@type\":\"Organization\",\"@id\":\"https:\\\/\\\/www.organisator.ch\\\/#organization\",\"name\":\"Organisator\",\"url\":\"https:\\\/\\\/www.organisator.ch\\\/\",\"logo\":{\"@type\":\"ImageObject\",\"inLanguage\":\"it-IT\",\"@id\":\"https:\\\/\\\/www.organisator.ch\\\/#\\\/schema\\\/logo\\\/image\\\/\",\"url\":\"https:\\\/\\\/www.organisator.ch\\\/wp-content\\\/uploads\\\/2022\\\/01\\\/Logo_Organisator_Website.png\",\"contentUrl\":\"https:\\\/\\\/www.organisator.ch\\\/wp-content\\\/uploads\\\/2022\\\/01\\\/Logo_Organisator_Website.png\",\"width\":800,\"height\":77,\"caption\":\"Organisator\"},\"image\":{\"@id\":\"https:\\\/\\\/www.organisator.ch\\\/#\\\/schema\\\/logo\\\/image\\\/\"},\"sameAs\":[\"https:\\\/\\\/www.facebook.com\\\/OrganisatorFachmagazin\",\"https:\\\/\\\/www.linkedin.com\\\/showcase\\\/organisator-das-magazin-fr-kmu\",\"https:\\\/\\\/www.xing.com\\\/news\\\/pages\\\/organisator-ch-695\",\"https:\\\/\\\/www.youtube.com\\\/channel\\\/UCGP2Sq0iWaZwT3BdIAQFYpw\"]},{\"@type\":\"Person\",\"@id\":\"https:\\\/\\\/www.organisator.ch\\\/#\\\/schema\\\/person\\\/6f650f90b2842cd4c0cc334b4e36f67e\",\"name\":\"thomas.berner\",\"image\":{\"@type\":\"ImageObject\",\"inLanguage\":\"it-IT\",\"@id\":\"https:\\\/\\\/secure.gravatar.com\\\/avatar\\\/ac5001d2a36cb6c6cd3e50789007ffca834b477b74a2144564522e944eabff61?s=96&d=mm&r=g\",\"url\":\"https:\\\/\\\/secure.gravatar.com\\\/avatar\\\/ac5001d2a36cb6c6cd3e50789007ffca834b477b74a2144564522e944eabff61?s=96&d=mm&r=g\",\"contentUrl\":\"https:\\\/\\\/secure.gravatar.com\\\/avatar\\\/ac5001d2a36cb6c6cd3e50789007ffca834b477b74a2144564522e944eabff61?s=96&d=mm&r=g\",\"caption\":\"thomas.berner\"},\"url\":\"https:\\\/\\\/www.organisator.ch\\\/it\\\/author\\\/thomas-berner\\\/\"}]}<\/script>\n<!-- \/ Yoast SEO plugin. -->","yoast_head_json":{"title":"Rifugiati ucraini: serve pi\u00f9 certezza nella pianificazione - Organizzatore","description":"Uno studio mostra che un'azienda su dieci in Svizzera ha gi\u00e0 assunto rifugiati ucraini ed \u00e8 soddisfatta di loro.","robots":{"index":"index","follow":"follow","max-snippet":"max-snippet:-1","max-image-preview":"max-image-preview:large","max-video-preview":"max-video-preview:-1"},"canonical":"https:\/\/www.organisator.ch\/it\/risorse-umane\/2022-08-18\/ukraine-fluechtlinge-mehr-planungssicherheit-gefordert\/","og_locale":"it_IT","og_type":"article","og_title":"Ukraine-Fl\u00fcchtlinge: Mehr Planungssicherheit gefordert","og_description":"Eine Studie zeigt, dass bereits jedes zehnte Unternehmen in der Schweiz Ukraine-Fl\u00fcchtlinge angestellt hat und mit ihnen zufrieden ist.","og_url":"https:\/\/www.organisator.ch\/it\/risorse-umane\/2022-08-18\/ukraine-fluechtlinge-mehr-planungssicherheit-gefordert\/","og_site_name":"Organisator","article_publisher":"https:\/\/www.facebook.com\/OrganisatorFachmagazin","article_published_time":"2022-08-18T12:55:31+00:00","og_image":[{"width":680,"height":455,"url":"https:\/\/www.organisator.ch\/wp-content\/uploads\/2022\/08\/Ukraine-Fluchtlinge-Mehr-Planungssicherheit-gefordert_Organisator.jpg","type":"image\/jpeg"}],"author":"thomas.berner","twitter_card":"summary_large_image","twitter_title":"#Ukraine-Fl\u00fcchtlinge: Mehr #Planungssicherheit gefordert","twitter_description":"Eine Studie zeigt, dass bereits jedes zehnte #Unternehmen in der Schweiz #Ukraine-Fl\u00fcchtlinge angestellt hat und mit ihnen zufrieden ist.","twitter_image":"https:\/\/www.organisator.ch\/wp-content\/uploads\/2022\/08\/Ukraine-Fluchtlinge-Mehr-Planungssicherheit-gefordert_Organisator.jpg","schema":{"@context":"https:\/\/schema.org","@graph":[{"@type":"Article","@id":"https:\/\/www.organisator.ch\/human-resources\/2022-08-18\/ukraine-fluechtlinge-mehr-planungssicherheit-gefordert\/#article","isPartOf":{"@id":"https:\/\/www.organisator.ch\/human-resources\/2022-08-18\/ukraine-fluechtlinge-mehr-planungssicherheit-gefordert\/"},"author":{"name":"thomas.berner","@id":"https:\/\/www.organisator.ch\/#\/schema\/person\/6f650f90b2842cd4c0cc334b4e36f67e"},"headline":"Ukraine-Fl\u00fcchtlinge: Mehr Planungssicherheit gefordert","datePublished":"2022-08-18T12:55:31+00:00","mainEntityOfPage":{"@id":"https:\/\/www.organisator.ch\/human-resources\/2022-08-18\/ukraine-fluechtlinge-mehr-planungssicherheit-gefordert\/"},"wordCount":737,"publisher":{"@id":"https:\/\/www.organisator.ch\/#organization"},"image":{"@id":"https:\/\/www.organisator.ch\/human-resources\/2022-08-18\/ukraine-fluechtlinge-mehr-planungssicherheit-gefordert\/#primaryimage"},"thumbnailUrl":"https:\/\/www.organisator.ch\/wp-content\/uploads\/2022\/08\/Ukraine-Fluchtlinge-Mehr-Planungssicherheit-gefordert_Organisator.jpg","keywords":["HRM","Studie","Ukraine","Verb\u00e4nde"],"articleSection":["HUMAN RESOURCES"],"inLanguage":"it-IT"},{"@type":"WebPage","@id":"https:\/\/www.organisator.ch\/human-resources\/2022-08-18\/ukraine-fluechtlinge-mehr-planungssicherheit-gefordert\/","url":"https:\/\/www.organisator.ch\/human-resources\/2022-08-18\/ukraine-fluechtlinge-mehr-planungssicherheit-gefordert\/","name":"Rifugiati ucraini: serve pi\u00f9 certezza nella pianificazione - Organizzatore","isPartOf":{"@id":"https:\/\/www.organisator.ch\/#website"},"primaryImageOfPage":{"@id":"https:\/\/www.organisator.ch\/human-resources\/2022-08-18\/ukraine-fluechtlinge-mehr-planungssicherheit-gefordert\/#primaryimage"},"image":{"@id":"https:\/\/www.organisator.ch\/human-resources\/2022-08-18\/ukraine-fluechtlinge-mehr-planungssicherheit-gefordert\/#primaryimage"},"thumbnailUrl":"https:\/\/www.organisator.ch\/wp-content\/uploads\/2022\/08\/Ukraine-Fluchtlinge-Mehr-Planungssicherheit-gefordert_Organisator.jpg","datePublished":"2022-08-18T12:55:31+00:00","description":"Uno studio mostra che un'azienda su dieci in Svizzera ha gi\u00e0 assunto rifugiati ucraini ed \u00e8 soddisfatta di loro.","breadcrumb":{"@id":"https:\/\/www.organisator.ch\/human-resources\/2022-08-18\/ukraine-fluechtlinge-mehr-planungssicherheit-gefordert\/#breadcrumb"},"inLanguage":"it-IT","potentialAction":[{"@type":"ReadAction","target":["https:\/\/www.organisator.ch\/human-resources\/2022-08-18\/ukraine-fluechtlinge-mehr-planungssicherheit-gefordert\/"]}]},{"@type":"ImageObject","inLanguage":"it-IT","@id":"https:\/\/www.organisator.ch\/human-resources\/2022-08-18\/ukraine-fluechtlinge-mehr-planungssicherheit-gefordert\/#primaryimage","url":"https:\/\/www.organisator.ch\/wp-content\/uploads\/2022\/08\/Ukraine-Fluchtlinge-Mehr-Planungssicherheit-gefordert_Organisator.jpg","contentUrl":"https:\/\/www.organisator.ch\/wp-content\/uploads\/2022\/08\/Ukraine-Fluchtlinge-Mehr-Planungssicherheit-gefordert_Organisator.jpg","width":680,"height":455,"caption":"Ukraine-Fl\u00fcchtlinge: Jedes zehnte Schweizer Unternehmen bietet Hand f\u00fcr Besch\u00e4ftigung. (Bild: Unsplash.com)"},{"@type":"BreadcrumbList","@id":"https:\/\/www.organisator.ch\/human-resources\/2022-08-18\/ukraine-fluechtlinge-mehr-planungssicherheit-gefordert\/#breadcrumb","itemListElement":[{"@type":"ListItem","position":1,"name":"Home","item":"https:\/\/www.organisator.ch\/"},{"@type":"ListItem","position":2,"name":"Ukraine-Fl\u00fcchtlinge: Mehr Planungssicherheit gefordert"}]},{"@type":"WebSite","@id":"https:\/\/www.organisator.ch\/#website","url":"https:\/\/www.organisator.ch\/","name":"Organizzatore","description":"Competente. Pratico. In 10 numeri all'anno, ORGANISATOR presenta i temi essenziali per i manager delle PMI.","publisher":{"@id":"https:\/\/www.organisator.ch\/#organization"},"potentialAction":[{"@type":"SearchAction","target":{"@type":"EntryPoint","urlTemplate":"https:\/\/www.organisator.ch\/?s={search_term_string}"},"query-input":{"@type":"PropertyValueSpecification","valueRequired":true,"valueName":"search_term_string"}}],"inLanguage":"it-IT"},{"@type":"Organization","@id":"https:\/\/www.organisator.ch\/#organization","name":"Organizzatore","url":"https:\/\/www.organisator.ch\/","logo":{"@type":"ImageObject","inLanguage":"it-IT","@id":"https:\/\/www.organisator.ch\/#\/schema\/logo\/image\/","url":"https:\/\/www.organisator.ch\/wp-content\/uploads\/2022\/01\/Logo_Organisator_Website.png","contentUrl":"https:\/\/www.organisator.ch\/wp-content\/uploads\/2022\/01\/Logo_Organisator_Website.png","width":800,"height":77,"caption":"Organisator"},"image":{"@id":"https:\/\/www.organisator.ch\/#\/schema\/logo\/image\/"},"sameAs":["https:\/\/www.facebook.com\/OrganisatorFachmagazin","https:\/\/www.linkedin.com\/showcase\/organisator-das-magazin-fr-kmu","https:\/\/www.xing.com\/news\/pages\/organisator-ch-695","https:\/\/www.youtube.com\/channel\/UCGP2Sq0iWaZwT3BdIAQFYpw"]},{"@type":"Person","@id":"https:\/\/www.organisator.ch\/#\/schema\/person\/6f650f90b2842cd4c0cc334b4e36f67e","name":"Tommaso.berner","image":{"@type":"ImageObject","inLanguage":"it-IT","@id":"https:\/\/secure.gravatar.com\/avatar\/ac5001d2a36cb6c6cd3e50789007ffca834b477b74a2144564522e944eabff61?s=96&d=mm&r=g","url":"https:\/\/secure.gravatar.com\/avatar\/ac5001d2a36cb6c6cd3e50789007ffca834b477b74a2144564522e944eabff61?s=96&d=mm&r=g","contentUrl":"https:\/\/secure.gravatar.com\/avatar\/ac5001d2a36cb6c6cd3e50789007ffca834b477b74a2144564522e944eabff61?s=96&d=mm&r=g","caption":"thomas.berner"},"url":"https:\/\/www.organisator.ch\/it\/author\/thomas-berner\/"}]}},"_links":{"self":[{"href":"https:\/\/www.organisator.ch\/it\/wp-json\/wp\/v2\/posts\/16605","targetHints":{"allow":["GET"]}}],"collection":[{"href":"https:\/\/www.organisator.ch\/it\/wp-json\/wp\/v2\/posts"}],"about":[{"href":"https:\/\/www.organisator.ch\/it\/wp-json\/wp\/v2\/types\/post"}],"author":[{"embeddable":true,"href":"https:\/\/www.organisator.ch\/it\/wp-json\/wp\/v2\/users\/4"}],"replies":[{"embeddable":true,"href":"https:\/\/www.organisator.ch\/it\/wp-json\/wp\/v2\/comments?post=16605"}],"version-history":[{"count":1,"href":"https:\/\/www.organisator.ch\/it\/wp-json\/wp\/v2\/posts\/16605\/revisions"}],"predecessor-version":[{"id":16609,"href":"https:\/\/www.organisator.ch\/it\/wp-json\/wp\/v2\/posts\/16605\/revisions\/16609"}],"wp:featuredmedia":[{"embeddable":true,"href":"https:\/\/www.organisator.ch\/it\/wp-json\/wp\/v2\/media\/16608"}],"wp:attachment":[{"href":"https:\/\/www.organisator.ch\/it\/wp-json\/wp\/v2\/media?parent=16605"}],"wp:term":[{"taxonomy":"category","embeddable":true,"href":"https:\/\/www.organisator.ch\/it\/wp-json\/wp\/v2\/categories?post=16605"},{"taxonomy":"post_tag","embeddable":true,"href":"https:\/\/www.organisator.ch\/it\/wp-json\/wp\/v2\/tags?post=16605"}],"curies":[{"name":"wp","href":"https:\/\/api.w.org\/{rel}","templated":true}]}}