{"id":16606,"date":"2022-08-18T13:11:19","date_gmt":"2022-08-18T11:11:19","guid":{"rendered":"https:\/\/www.werbewoche.ch\/?p=184573"},"modified":"2024-11-22T08:44:19","modified_gmt":"2024-11-22T07:44:19","slug":"il-turismo-cittadino-continua-a-subire-i-forti-effetti-della-pandemia","status":"publish","type":"post","link":"https:\/\/www.organisator.ch\/it\/marketing\/2022-08-18\/staedtetourismus-leidet-weiterhin-stark-unter-pandemie-nachwirkungen\/","title":{"rendered":"Il turismo cittadino continua a risentire delle conseguenze della pandemia"},"content":{"rendered":"<figure id=\"attachment_184574\" class=\"wp-caption alignnone\" style=\"width: 1200px;\" aria-describedby=\"caption-attachment-184574\"><img class=\"alignnone wp-image-184574 size-full\" src=\"https:\/\/www.werbewoche.ch\/wp-content\/uploads\/2022\/08\/Schweiz-Tourismus-%E2%80%93-Medienkonferenz-Zwischenbilanz-Sommersaison-2022-5-54-screenshot.jpg\" alt=\"Turismo urbano Svizzera\" width=\"1200\" height=\"900\" \/>\r\n<figcaption id=\"caption-attachment-184574\" class=\"wp-caption-text\">Martin Nydegger alla conferenza stampa ST di gioved\u00ec. (Screenshot: Youtube.com)<\/figcaption>\r\n<\/figure>\r\n<p>Il turismo urbano \u00e8 ancora particolarmente in difficolt\u00e0 rispetto alle destinazioni rurali, ha dichiarato il direttore di Svizzera Turismo (ST) durante una conferenza stampa tenutasi gioved\u00ec a Zurigo. Non sottolineer\u00e0 mai abbastanza l'importanza dei mercati a lunga distanza: \"Gli ospiti stranieri amano le nostre citt\u00e0. Vengono anche al di fuori delle vacanze scolastiche, prenotano con largo anticipo, vengono anche quando il tempo non \u00e8 eccellente e prenotano le categorie superiori\".<\/p>\r\n<p>Per questo motivo, il turismo cittadino svizzero dipende in larga misura dai visitatori di lungo corso. Gli ospiti stranieri sono particolarmente importanti. Tuttavia, rispetto all'anno di riferimento 2019, si \u00e8 perso il 50% dei pernottamenti in hotel. \"La Svizzera \u00e8 un Paese esportatore, dipendiamo dall'estero in molti settori. Questo non \u00e8 diverso per il turismo\", ha proseguito.<\/p>\r\n<p>La performance del turismo cittadino \u00e8 \"decente\", considerando quanto sia stata drastica la pandemia per l'industria turistica. E in molti mercati importanti, come quello cinese, ci sono ancora blocchi. Rispetto alle destinazioni montane, lacustri e generalmente pi\u00f9 rurali, tuttavia, lo sviluppo \u00e8 attualmente inferiore alla media.<\/p>\r\n<h2>Campagna di promozione del turismo cittadino<\/h2>\r\n<p>Il governo federale aveva quindi conferito all'ST un mandato speciale con un \"Piano di recupero\". Nell'ambito di questo mandato, ST lavorer\u00e0 soprattutto con gli ospiti stranieri e rafforzer\u00e0 nuovamente il turismo cittadino e d'affari. L'organizzazione si concentrer\u00e0 sul tema della sostenibilit\u00e0. Sono gi\u00e0 state avviate diverse attivit\u00e0, come una campagna con il produttore di scarpe da corsa On Running, che durer\u00e0 per le prossime settimane e che ha l'obiettivo di \"fare scalpore\", come ha spiegato il direttore di ST.<\/p>\r\n<p>All'insegna del motto \"Run the Swiss Cities\", le citt\u00e0 svizzere vengono presentate dal punto di vista di chi fa jogging e vengono presentati percorsi di jogging, alcuni dei quali realizzati da atleti di spicco. <a href=\"https:\/\/www.werbewoche.ch\/werbung\/kampagnen\/2022-08-18\/schweiz-tourismus-on-und-roger-federer-spannen-zusammen\/\" rel=\"noopener\"><em>(Werbewoche.ch riportato)<\/em><\/a>. Questo dovrebbe attirare nelle citt\u00e0 viaggiatori d'affari e di piacere. <em>(SDA)<\/em><\/p>","protected":false},"excerpt":{"rendered":"<p>Der St\u00e4dtetourismus sei im Vergleich zu den l\u00e4ndlichen Destinationen noch besonders am K\u00e4mpfen, sagte der Direktor von Schweiz Tourismus (ST) an einer Medienkonferenz am Donnerstag in Z\u00fcrich. Er k\u00f6nne hierbei die Bedeutung der Fernm\u00e4rkte nicht genug unterstreichen: \u00abDie ausl\u00e4ndischen G\u00e4ste lieben unsere St\u00e4dte. Sie kommen auch ausserhalb der Schulferien, sie buchen lange im Voraus, sie [\u2026]<\/p>\n","protected":false},"author":8,"featured_media":0,"comment_status":"closed","ping_status":"closed","sticky":false,"template":"","format":"standard","meta":{"_acf_changed":false,"_yoast_wpseo_focuskw":"St\u00e4dtetourismus Schweiz","_yoast_wpseo_metadesc":"Der St\u00e4dtetourismus in der Schweiz k\u00e4mpft noch. Eine neue Kampagne soll ausl\u00e4ndische G\u00e4ste anlocken und die St\u00e4dte beleben.","articlekey":"","footnotes":""},"categories":[29],"tags":[4759,293,1787,424,4790],"class_list":["post-16606","post","type-post","status-publish","format-standard","hentry","category-marketing","tag-gaeste","tag-kampagne","tag-nachhaltigkeit","tag-schweiz","tag-staedtetourismus"],"acf":[],"yoast_head":"<!-- This site is optimized with the Yoast SEO plugin v27.4 - https:\/\/yoast.com\/product\/yoast-seo-wordpress\/ -->\n<title>St\u00e4dtetourismus leidet weiterhin stark unter Pandemie-Nachwirkungen - Organisator<\/title>\n<meta name=\"description\" content=\"Der St\u00e4dtetourismus in der Schweiz k\u00e4mpft noch. Eine neue Kampagne soll ausl\u00e4ndische G\u00e4ste anlocken und die St\u00e4dte beleben.\" \/>\n<meta name=\"robots\" content=\"index, follow, max-snippet:-1, max-image-preview:large, max-video-preview:-1\" \/>\n<link rel=\"canonical\" href=\"https:\/\/www.organisator.ch\/it\/marketing\/2022-08-18\/il-turismo-cittadino-continua-a-subire-i-forti-effetti-della-pandemia\/\" \/>\n<meta property=\"og:locale\" content=\"it_IT\" \/>\n<meta property=\"og:type\" content=\"article\" \/>\n<meta property=\"og:title\" content=\"St\u00e4dtetourismus leidet weiterhin stark unter Pandemie-Nachwirkungen - Organisator\" \/>\n<meta property=\"og:description\" content=\"Der St\u00e4dtetourismus in der Schweiz k\u00e4mpft noch. Eine neue Kampagne soll ausl\u00e4ndische G\u00e4ste anlocken und die St\u00e4dte beleben.\" \/>\n<meta property=\"og:url\" content=\"https:\/\/www.organisator.ch\/it\/marketing\/2022-08-18\/il-turismo-cittadino-continua-a-subire-i-forti-effetti-della-pandemia\/\" \/>\n<meta property=\"og:site_name\" content=\"Organisator\" \/>\n<meta property=\"article:publisher\" content=\"https:\/\/www.facebook.com\/OrganisatorFachmagazin\" \/>\n<meta property=\"article:published_time\" content=\"2022-08-18T11:11:19+00:00\" \/>\n<meta property=\"article:modified_time\" content=\"2024-11-22T07:44:19+00:00\" \/>\n<meta name=\"author\" content=\"galledia\" \/>\n<meta name=\"twitter:card\" content=\"summary_large_image\" \/>\n<meta name=\"twitter:creator\" content=\"@admin\" \/>\n<script type=\"application\/ld+json\" class=\"yoast-schema-graph\">{\"@context\":\"https:\\\/\\\/schema.org\",\"@graph\":[{\"@type\":\"Article\",\"@id\":\"https:\\\/\\\/www.organisator.ch\\\/marketing\\\/2022-08-18\\\/staedtetourismus-leidet-weiterhin-stark-unter-pandemie-nachwirkungen\\\/#article\",\"isPartOf\":{\"@id\":\"https:\\\/\\\/www.organisator.ch\\\/marketing\\\/2022-08-18\\\/staedtetourismus-leidet-weiterhin-stark-unter-pandemie-nachwirkungen\\\/\"},\"author\":{\"name\":\"galledia\",\"@id\":\"https:\\\/\\\/www.organisator.ch\\\/#\\\/schema\\\/person\\\/4e51799071cd2dd1232ac003643ef5f0\"},\"headline\":\"St\u00e4dtetourismus leidet weiterhin stark unter Pandemie-Nachwirkungen\",\"datePublished\":\"2022-08-18T11:11:19+00:00\",\"dateModified\":\"2024-11-22T07:44:19+00:00\",\"mainEntityOfPage\":{\"@id\":\"https:\\\/\\\/www.organisator.ch\\\/marketing\\\/2022-08-18\\\/staedtetourismus-leidet-weiterhin-stark-unter-pandemie-nachwirkungen\\\/\"},\"wordCount\":336,\"publisher\":{\"@id\":\"https:\\\/\\\/www.organisator.ch\\\/#organization\"},\"image\":{\"@id\":\"https:\\\/\\\/www.organisator.ch\\\/marketing\\\/2022-08-18\\\/staedtetourismus-leidet-weiterhin-stark-unter-pandemie-nachwirkungen\\\/#primaryimage\"},\"thumbnailUrl\":\"https:\\\/\\\/www.werbewoche.ch\\\/wp-content\\\/uploads\\\/2022\\\/08\\\/Schweiz-Tourismus-%E2%80%93-Medienkonferenz-Zwischenbilanz-Sommersaison-2022-5-54-screenshot.jpg\",\"keywords\":[\"G\u00e4ste\",\"Kampagne\",\"Nachhaltigkeit\",\"Schweiz\",\"St\u00e4dtetourismus\"],\"articleSection\":[\"MARKETING\"],\"inLanguage\":\"it-IT\"},{\"@type\":\"WebPage\",\"@id\":\"https:\\\/\\\/www.organisator.ch\\\/marketing\\\/2022-08-18\\\/staedtetourismus-leidet-weiterhin-stark-unter-pandemie-nachwirkungen\\\/\",\"url\":\"https:\\\/\\\/www.organisator.ch\\\/marketing\\\/2022-08-18\\\/staedtetourismus-leidet-weiterhin-stark-unter-pandemie-nachwirkungen\\\/\",\"name\":\"St\u00e4dtetourismus leidet weiterhin stark unter Pandemie-Nachwirkungen - Organisator\",\"isPartOf\":{\"@id\":\"https:\\\/\\\/www.organisator.ch\\\/#website\"},\"primaryImageOfPage\":{\"@id\":\"https:\\\/\\\/www.organisator.ch\\\/marketing\\\/2022-08-18\\\/staedtetourismus-leidet-weiterhin-stark-unter-pandemie-nachwirkungen\\\/#primaryimage\"},\"image\":{\"@id\":\"https:\\\/\\\/www.organisator.ch\\\/marketing\\\/2022-08-18\\\/staedtetourismus-leidet-weiterhin-stark-unter-pandemie-nachwirkungen\\\/#primaryimage\"},\"thumbnailUrl\":\"https:\\\/\\\/www.werbewoche.ch\\\/wp-content\\\/uploads\\\/2022\\\/08\\\/Schweiz-Tourismus-%E2%80%93-Medienkonferenz-Zwischenbilanz-Sommersaison-2022-5-54-screenshot.jpg\",\"datePublished\":\"2022-08-18T11:11:19+00:00\",\"dateModified\":\"2024-11-22T07:44:19+00:00\",\"description\":\"Der St\u00e4dtetourismus in der Schweiz k\u00e4mpft noch. Eine neue Kampagne soll ausl\u00e4ndische G\u00e4ste anlocken und die St\u00e4dte beleben.\",\"breadcrumb\":{\"@id\":\"https:\\\/\\\/www.organisator.ch\\\/marketing\\\/2022-08-18\\\/staedtetourismus-leidet-weiterhin-stark-unter-pandemie-nachwirkungen\\\/#breadcrumb\"},\"inLanguage\":\"it-IT\",\"potentialAction\":[{\"@type\":\"ReadAction\",\"target\":[\"https:\\\/\\\/www.organisator.ch\\\/marketing\\\/2022-08-18\\\/staedtetourismus-leidet-weiterhin-stark-unter-pandemie-nachwirkungen\\\/\"]}]},{\"@type\":\"ImageObject\",\"inLanguage\":\"it-IT\",\"@id\":\"https:\\\/\\\/www.organisator.ch\\\/marketing\\\/2022-08-18\\\/staedtetourismus-leidet-weiterhin-stark-unter-pandemie-nachwirkungen\\\/#primaryimage\",\"url\":\"https:\\\/\\\/www.werbewoche.ch\\\/wp-content\\\/uploads\\\/2022\\\/08\\\/Schweiz-Tourismus-%E2%80%93-Medienkonferenz-Zwischenbilanz-Sommersaison-2022-5-54-screenshot.jpg\",\"contentUrl\":\"https:\\\/\\\/www.werbewoche.ch\\\/wp-content\\\/uploads\\\/2022\\\/08\\\/Schweiz-Tourismus-%E2%80%93-Medienkonferenz-Zwischenbilanz-Sommersaison-2022-5-54-screenshot.jpg\"},{\"@type\":\"BreadcrumbList\",\"@id\":\"https:\\\/\\\/www.organisator.ch\\\/marketing\\\/2022-08-18\\\/staedtetourismus-leidet-weiterhin-stark-unter-pandemie-nachwirkungen\\\/#breadcrumb\",\"itemListElement\":[{\"@type\":\"ListItem\",\"position\":1,\"name\":\"Home\",\"item\":\"https:\\\/\\\/www.organisator.ch\\\/\"},{\"@type\":\"ListItem\",\"position\":2,\"name\":\"St\u00e4dtetourismus leidet weiterhin stark unter Pandemie-Nachwirkungen\"}]},{\"@type\":\"WebSite\",\"@id\":\"https:\\\/\\\/www.organisator.ch\\\/#website\",\"url\":\"https:\\\/\\\/www.organisator.ch\\\/\",\"name\":\"Organisator\",\"description\":\"Kompetent. Praxisnah. Der ORGANISATOR bereitet in 10 Ausgaben pro Jahr die wesentlichen Themen f\u00fcr F\u00fchrungskr\u00e4fte von KMU auf.\",\"publisher\":{\"@id\":\"https:\\\/\\\/www.organisator.ch\\\/#organization\"},\"potentialAction\":[{\"@type\":\"SearchAction\",\"target\":{\"@type\":\"EntryPoint\",\"urlTemplate\":\"https:\\\/\\\/www.organisator.ch\\\/?s={search_term_string}\"},\"query-input\":{\"@type\":\"PropertyValueSpecification\",\"valueRequired\":true,\"valueName\":\"search_term_string\"}}],\"inLanguage\":\"it-IT\"},{\"@type\":\"Organization\",\"@id\":\"https:\\\/\\\/www.organisator.ch\\\/#organization\",\"name\":\"Organisator\",\"url\":\"https:\\\/\\\/www.organisator.ch\\\/\",\"logo\":{\"@type\":\"ImageObject\",\"inLanguage\":\"it-IT\",\"@id\":\"https:\\\/\\\/www.organisator.ch\\\/#\\\/schema\\\/logo\\\/image\\\/\",\"url\":\"https:\\\/\\\/www.organisator.ch\\\/wp-content\\\/uploads\\\/2022\\\/01\\\/Logo_Organisator_Website.png\",\"contentUrl\":\"https:\\\/\\\/www.organisator.ch\\\/wp-content\\\/uploads\\\/2022\\\/01\\\/Logo_Organisator_Website.png\",\"width\":800,\"height\":77,\"caption\":\"Organisator\"},\"image\":{\"@id\":\"https:\\\/\\\/www.organisator.ch\\\/#\\\/schema\\\/logo\\\/image\\\/\"},\"sameAs\":[\"https:\\\/\\\/www.facebook.com\\\/OrganisatorFachmagazin\",\"https:\\\/\\\/www.linkedin.com\\\/showcase\\\/organisator-das-magazin-fr-kmu\",\"https:\\\/\\\/www.xing.com\\\/news\\\/pages\\\/organisator-ch-695\",\"https:\\\/\\\/www.youtube.com\\\/channel\\\/UCGP2Sq0iWaZwT3BdIAQFYpw\"]},{\"@type\":\"Person\",\"@id\":\"https:\\\/\\\/www.organisator.ch\\\/#\\\/schema\\\/person\\\/4e51799071cd2dd1232ac003643ef5f0\",\"name\":\"galledia\",\"image\":{\"@type\":\"ImageObject\",\"inLanguage\":\"it-IT\",\"@id\":\"https:\\\/\\\/secure.gravatar.com\\\/avatar\\\/78a7f90c01fc2bfc875782a0d4922b37cde2cf184ce347b91316d23cd7f69a36?s=96&d=mm&r=g\",\"url\":\"https:\\\/\\\/secure.gravatar.com\\\/avatar\\\/78a7f90c01fc2bfc875782a0d4922b37cde2cf184ce347b91316d23cd7f69a36?s=96&d=mm&r=g\",\"contentUrl\":\"https:\\\/\\\/secure.gravatar.com\\\/avatar\\\/78a7f90c01fc2bfc875782a0d4922b37cde2cf184ce347b91316d23cd7f69a36?s=96&d=mm&r=g\",\"caption\":\"galledia\"},\"sameAs\":[\"https:\\\/\\\/x.com\\\/admin\"],\"url\":\"https:\\\/\\\/www.organisator.ch\\\/it\\\/author\\\/galledia\\\/\"}]}<\/script>\n<!-- \/ Yoast SEO plugin. -->","yoast_head_json":{"title":"Il turismo cittadino continua a risentire delle conseguenze della pandemia - Organizzatore","description":"Il turismo urbano in Svizzera \u00e8 ancora in difficolt\u00e0. Una nuova campagna mira ad attirare gli ospiti stranieri e a rivitalizzare le citt\u00e0.","robots":{"index":"index","follow":"follow","max-snippet":"max-snippet:-1","max-image-preview":"max-image-preview:large","max-video-preview":"max-video-preview:-1"},"canonical":"https:\/\/www.organisator.ch\/it\/marketing\/2022-08-18\/il-turismo-cittadino-continua-a-subire-i-forti-effetti-della-pandemia\/","og_locale":"it_IT","og_type":"article","og_title":"St\u00e4dtetourismus leidet weiterhin stark unter Pandemie-Nachwirkungen - Organisator","og_description":"Der St\u00e4dtetourismus in der Schweiz k\u00e4mpft noch. Eine neue Kampagne soll ausl\u00e4ndische G\u00e4ste anlocken und die St\u00e4dte beleben.","og_url":"https:\/\/www.organisator.ch\/it\/marketing\/2022-08-18\/il-turismo-cittadino-continua-a-subire-i-forti-effetti-della-pandemia\/","og_site_name":"Organisator","article_publisher":"https:\/\/www.facebook.com\/OrganisatorFachmagazin","article_published_time":"2022-08-18T11:11:19+00:00","article_modified_time":"2024-11-22T07:44:19+00:00","author":"galledia","twitter_card":"summary_large_image","twitter_creator":"@admin","schema":{"@context":"https:\/\/schema.org","@graph":[{"@type":"Article","@id":"https:\/\/www.organisator.ch\/marketing\/2022-08-18\/staedtetourismus-leidet-weiterhin-stark-unter-pandemie-nachwirkungen\/#article","isPartOf":{"@id":"https:\/\/www.organisator.ch\/marketing\/2022-08-18\/staedtetourismus-leidet-weiterhin-stark-unter-pandemie-nachwirkungen\/"},"author":{"name":"galledia","@id":"https:\/\/www.organisator.ch\/#\/schema\/person\/4e51799071cd2dd1232ac003643ef5f0"},"headline":"St\u00e4dtetourismus leidet weiterhin stark unter Pandemie-Nachwirkungen","datePublished":"2022-08-18T11:11:19+00:00","dateModified":"2024-11-22T07:44:19+00:00","mainEntityOfPage":{"@id":"https:\/\/www.organisator.ch\/marketing\/2022-08-18\/staedtetourismus-leidet-weiterhin-stark-unter-pandemie-nachwirkungen\/"},"wordCount":336,"publisher":{"@id":"https:\/\/www.organisator.ch\/#organization"},"image":{"@id":"https:\/\/www.organisator.ch\/marketing\/2022-08-18\/staedtetourismus-leidet-weiterhin-stark-unter-pandemie-nachwirkungen\/#primaryimage"},"thumbnailUrl":"https:\/\/www.werbewoche.ch\/wp-content\/uploads\/2022\/08\/Schweiz-Tourismus-%E2%80%93-Medienkonferenz-Zwischenbilanz-Sommersaison-2022-5-54-screenshot.jpg","keywords":["G\u00e4ste","Kampagne","Nachhaltigkeit","Schweiz","St\u00e4dtetourismus"],"articleSection":["MARKETING"],"inLanguage":"it-IT"},{"@type":"WebPage","@id":"https:\/\/www.organisator.ch\/marketing\/2022-08-18\/staedtetourismus-leidet-weiterhin-stark-unter-pandemie-nachwirkungen\/","url":"https:\/\/www.organisator.ch\/marketing\/2022-08-18\/staedtetourismus-leidet-weiterhin-stark-unter-pandemie-nachwirkungen\/","name":"Il turismo cittadino continua a risentire delle conseguenze della pandemia - Organizzatore","isPartOf":{"@id":"https:\/\/www.organisator.ch\/#website"},"primaryImageOfPage":{"@id":"https:\/\/www.organisator.ch\/marketing\/2022-08-18\/staedtetourismus-leidet-weiterhin-stark-unter-pandemie-nachwirkungen\/#primaryimage"},"image":{"@id":"https:\/\/www.organisator.ch\/marketing\/2022-08-18\/staedtetourismus-leidet-weiterhin-stark-unter-pandemie-nachwirkungen\/#primaryimage"},"thumbnailUrl":"https:\/\/www.werbewoche.ch\/wp-content\/uploads\/2022\/08\/Schweiz-Tourismus-%E2%80%93-Medienkonferenz-Zwischenbilanz-Sommersaison-2022-5-54-screenshot.jpg","datePublished":"2022-08-18T11:11:19+00:00","dateModified":"2024-11-22T07:44:19+00:00","description":"Il turismo urbano in Svizzera \u00e8 ancora in difficolt\u00e0. Una nuova campagna mira ad attirare gli ospiti stranieri e a rivitalizzare le citt\u00e0.","breadcrumb":{"@id":"https:\/\/www.organisator.ch\/marketing\/2022-08-18\/staedtetourismus-leidet-weiterhin-stark-unter-pandemie-nachwirkungen\/#breadcrumb"},"inLanguage":"it-IT","potentialAction":[{"@type":"ReadAction","target":["https:\/\/www.organisator.ch\/marketing\/2022-08-18\/staedtetourismus-leidet-weiterhin-stark-unter-pandemie-nachwirkungen\/"]}]},{"@type":"ImageObject","inLanguage":"it-IT","@id":"https:\/\/www.organisator.ch\/marketing\/2022-08-18\/staedtetourismus-leidet-weiterhin-stark-unter-pandemie-nachwirkungen\/#primaryimage","url":"https:\/\/www.werbewoche.ch\/wp-content\/uploads\/2022\/08\/Schweiz-Tourismus-%E2%80%93-Medienkonferenz-Zwischenbilanz-Sommersaison-2022-5-54-screenshot.jpg","contentUrl":"https:\/\/www.werbewoche.ch\/wp-content\/uploads\/2022\/08\/Schweiz-Tourismus-%E2%80%93-Medienkonferenz-Zwischenbilanz-Sommersaison-2022-5-54-screenshot.jpg"},{"@type":"BreadcrumbList","@id":"https:\/\/www.organisator.ch\/marketing\/2022-08-18\/staedtetourismus-leidet-weiterhin-stark-unter-pandemie-nachwirkungen\/#breadcrumb","itemListElement":[{"@type":"ListItem","position":1,"name":"Home","item":"https:\/\/www.organisator.ch\/"},{"@type":"ListItem","position":2,"name":"St\u00e4dtetourismus leidet weiterhin stark unter Pandemie-Nachwirkungen"}]},{"@type":"WebSite","@id":"https:\/\/www.organisator.ch\/#website","url":"https:\/\/www.organisator.ch\/","name":"Organizzatore","description":"Competente. Pratico. In 10 numeri all'anno, ORGANISATOR presenta i temi essenziali per i manager delle PMI.","publisher":{"@id":"https:\/\/www.organisator.ch\/#organization"},"potentialAction":[{"@type":"SearchAction","target":{"@type":"EntryPoint","urlTemplate":"https:\/\/www.organisator.ch\/?s={search_term_string}"},"query-input":{"@type":"PropertyValueSpecification","valueRequired":true,"valueName":"search_term_string"}}],"inLanguage":"it-IT"},{"@type":"Organization","@id":"https:\/\/www.organisator.ch\/#organization","name":"Organizzatore","url":"https:\/\/www.organisator.ch\/","logo":{"@type":"ImageObject","inLanguage":"it-IT","@id":"https:\/\/www.organisator.ch\/#\/schema\/logo\/image\/","url":"https:\/\/www.organisator.ch\/wp-content\/uploads\/2022\/01\/Logo_Organisator_Website.png","contentUrl":"https:\/\/www.organisator.ch\/wp-content\/uploads\/2022\/01\/Logo_Organisator_Website.png","width":800,"height":77,"caption":"Organisator"},"image":{"@id":"https:\/\/www.organisator.ch\/#\/schema\/logo\/image\/"},"sameAs":["https:\/\/www.facebook.com\/OrganisatorFachmagazin","https:\/\/www.linkedin.com\/showcase\/organisator-das-magazin-fr-kmu","https:\/\/www.xing.com\/news\/pages\/organisator-ch-695","https:\/\/www.youtube.com\/channel\/UCGP2Sq0iWaZwT3BdIAQFYpw"]},{"@type":"Person","@id":"https:\/\/www.organisator.ch\/#\/schema\/person\/4e51799071cd2dd1232ac003643ef5f0","name":"galledia","image":{"@type":"ImageObject","inLanguage":"it-IT","@id":"https:\/\/secure.gravatar.com\/avatar\/78a7f90c01fc2bfc875782a0d4922b37cde2cf184ce347b91316d23cd7f69a36?s=96&d=mm&r=g","url":"https:\/\/secure.gravatar.com\/avatar\/78a7f90c01fc2bfc875782a0d4922b37cde2cf184ce347b91316d23cd7f69a36?s=96&d=mm&r=g","contentUrl":"https:\/\/secure.gravatar.com\/avatar\/78a7f90c01fc2bfc875782a0d4922b37cde2cf184ce347b91316d23cd7f69a36?s=96&d=mm&r=g","caption":"galledia"},"sameAs":["https:\/\/x.com\/admin"],"url":"https:\/\/www.organisator.ch\/it\/author\/galledia\/"}]}},"_links":{"self":[{"href":"https:\/\/www.organisator.ch\/it\/wp-json\/wp\/v2\/posts\/16606","targetHints":{"allow":["GET"]}}],"collection":[{"href":"https:\/\/www.organisator.ch\/it\/wp-json\/wp\/v2\/posts"}],"about":[{"href":"https:\/\/www.organisator.ch\/it\/wp-json\/wp\/v2\/types\/post"}],"author":[{"embeddable":true,"href":"https:\/\/www.organisator.ch\/it\/wp-json\/wp\/v2\/users\/8"}],"replies":[{"embeddable":true,"href":"https:\/\/www.organisator.ch\/it\/wp-json\/wp\/v2\/comments?post=16606"}],"version-history":[{"count":4,"href":"https:\/\/www.organisator.ch\/it\/wp-json\/wp\/v2\/posts\/16606\/revisions"}],"predecessor-version":[{"id":33864,"href":"https:\/\/www.organisator.ch\/it\/wp-json\/wp\/v2\/posts\/16606\/revisions\/33864"}],"wp:attachment":[{"href":"https:\/\/www.organisator.ch\/it\/wp-json\/wp\/v2\/media?parent=16606"}],"wp:term":[{"taxonomy":"category","embeddable":true,"href":"https:\/\/www.organisator.ch\/it\/wp-json\/wp\/v2\/categories?post=16606"},{"taxonomy":"post_tag","embeddable":true,"href":"https:\/\/www.organisator.ch\/it\/wp-json\/wp\/v2\/tags?post=16606"}],"curies":[{"name":"wp","href":"https:\/\/api.w.org\/{rel}","templated":true}]}}