{"id":16638,"date":"2022-08-22T14:30:21","date_gmt":"2022-08-22T12:30:21","guid":{"rendered":"https:\/\/www.werbewoche.ch\/?p=184743"},"modified":"2024-11-22T08:45:35","modified_gmt":"2024-11-22T07:45:35","slug":"quattro-libri-che-potrebbero-interessarvi-7","status":"publish","type":"post","link":"https:\/\/www.organisator.ch\/it\/marketing\/2022-08-22\/vier-buecher-die-sie-interessieren-koennten-7\/","title":{"rendered":"Quattro libri che potrebbero interessarti"},"content":{"rendered":"<p><img class=\"alignnone wp-image-184748 size-full\" src=\"https:\/\/www.werbewoche.ch\/wp-content\/uploads\/2022\/08\/Lesetipps-GetAbstract-August22.jpg\" sizes=\"(max-width: 1200px) 100vw, 1200px\" srcset=\"https:\/\/www.werbewoche.ch\/wp-content\/uploads\/2022\/08\/Lesetipps-GetAbstract-August22.jpg 1200w, https:\/\/www.werbewoche.ch\/wp-content\/uploads\/2022\/08\/Lesetipps-GetAbstract-August22-600x450.jpg 600w, https:\/\/www.werbewoche.ch\/wp-content\/uploads\/2022\/08\/Lesetipps-GetAbstract-August22-1024x767.jpg 1024w, https:\/\/www.werbewoche.ch\/wp-content\/uploads\/2022\/08\/Lesetipps-GetAbstract-August22-768x575.jpg 768w, https:\/\/www.werbewoche.ch\/wp-content\/uploads\/2022\/08\/Lesetipps-GetAbstract-August22-16x12.jpg 16w, https:\/\/www.werbewoche.ch\/wp-content\/uploads\/2022\/08\/Lesetipps-GetAbstract-August22-234x175.jpg 234w, https:\/\/www.werbewoche.ch\/wp-content\/uploads\/2022\/08\/Lesetipps-GetAbstract-August22-467x350.jpg 467w, https:\/\/www.werbewoche.ch\/wp-content\/uploads\/2022\/08\/Lesetipps-GetAbstract-August22-1000x749.jpg 1000w\" alt=\"Bootcamp di marketing digitale\" width=\"1200\" height=\"899\" \/><\/p>\r\n<p><strong>Bootcamp digitale<\/strong><\/p>\r\n<p><em>Il manuale per il marketing digitale, le vendite e i media. <\/em><\/p>\r\n<ul>\r\n\t<li>Autore: Martin Andree e Niklas van Husen<\/li>\r\n\t<li>Editore: Campus Verlag, 2022<\/li>\r\n\t<li>Pagine: 272<\/li>\r\n\t<li>ISBN: 9783593515489<\/li>\r\n<\/ul>\r\n<p>\"Fare \u00e8 come volere, solo pi\u00f9 palese\". Mai come oggi le opportunit\u00e0 di marketing per le aziende, le start-up e i lavoratori autonomi sono state cos\u00ec diverse. Tuttavia, si corre il rischio di rimanere impantanati e di non ottenere alcuna comprensione a causa di tutte le parole d'ordine. Il Digital Bootcamp offre un rimedio: una cassetta degli attrezzi in forma di libro. Gli autori parlano ovviamente per esperienza: danno istruzioni precise per l'azione e segnalano le insidie. Questo rende il loro compendio prezioso per tutti coloro che fanno pubblicit\u00e0, vendono e comunicano.<\/p>\r\n<p><img class=\"alignnone wp-image-184747 size-full\" src=\"https:\/\/www.werbewoche.ch\/wp-content\/uploads\/2022\/08\/digital-bootcamp.jpg\" sizes=\"(max-width: 1200px) 100vw, 1200px\" srcset=\"https:\/\/www.werbewoche.ch\/wp-content\/uploads\/2022\/08\/digital-bootcamp.jpg 1200w, https:\/\/www.werbewoche.ch\/wp-content\/uploads\/2022\/08\/digital-bootcamp-600x425.jpg 600w, https:\/\/www.werbewoche.ch\/wp-content\/uploads\/2022\/08\/digital-bootcamp-1024x725.jpg 1024w, https:\/\/www.werbewoche.ch\/wp-content\/uploads\/2022\/08\/digital-bootcamp-768x544.jpg 768w, https:\/\/www.werbewoche.ch\/wp-content\/uploads\/2022\/08\/digital-bootcamp-18x12.jpg 18w, https:\/\/www.werbewoche.ch\/wp-content\/uploads\/2022\/08\/digital-bootcamp-247x175.jpg 247w, https:\/\/www.werbewoche.ch\/wp-content\/uploads\/2022\/08\/digital-bootcamp-494x350.jpg 494w, https:\/\/www.werbewoche.ch\/wp-content\/uploads\/2022\/08\/digital-bootcamp-1000x708.jpg 1000w\" alt=\"Bootcamp di marketing digitale\" width=\"1200\" height=\"850\" \/><\/p>\r\n<p><strong>Sala stampa aziendale<\/strong><\/p>\r\n<ul>\r\n\t<li>Autore: Christoph Moss<\/li>\r\n\t<li>Editore: GABAL, 2022<\/li>\r\n\t<li>Pagine: 96<\/li>\r\n\t<li>ISBN: 9783967391077<\/li>\r\n<\/ul>\r\n<p>La trasformazione digitale ha reso meno importante la pubblicit\u00e0 su carta stampata e in televisione. Le aziende stesse devono garantire l'attenzione del pubblico sui social media e su altre piattaforme digitali, ad esempio abbandonando la tradizionale separazione tra marketing e PR e fondendo le due aree in una cosiddetta corporate newsroom. L'autore spiega passo dopo passo come installare una newsroom di questo tipo nella vostra azienda, dalla progettazione dello spazio allo sviluppo di uno strumento di pianificazione fino all'analisi dei risultati.<\/p>\r\n<p><img class=\"alignnone wp-image-184746 size-full\" src=\"https:\/\/www.werbewoche.ch\/wp-content\/uploads\/2022\/08\/corporate-newsroom.jpg\" sizes=\"(max-width: 1200px) 100vw, 1200px\" srcset=\"https:\/\/www.werbewoche.ch\/wp-content\/uploads\/2022\/08\/corporate-newsroom.jpg 1200w, https:\/\/www.werbewoche.ch\/wp-content\/uploads\/2022\/08\/corporate-newsroom-600x425.jpg 600w, https:\/\/www.werbewoche.ch\/wp-content\/uploads\/2022\/08\/corporate-newsroom-1024x725.jpg 1024w, https:\/\/www.werbewoche.ch\/wp-content\/uploads\/2022\/08\/corporate-newsroom-768x544.jpg 768w, https:\/\/www.werbewoche.ch\/wp-content\/uploads\/2022\/08\/corporate-newsroom-18x12.jpg 18w, https:\/\/www.werbewoche.ch\/wp-content\/uploads\/2022\/08\/corporate-newsroom-247x175.jpg 247w, https:\/\/www.werbewoche.ch\/wp-content\/uploads\/2022\/08\/corporate-newsroom-494x350.jpg 494w, https:\/\/www.werbewoche.ch\/wp-content\/uploads\/2022\/08\/corporate-newsroom-1000x708.jpg 1000w\" alt=\"Bootcamp di marketing digitale\" width=\"1200\" height=\"850\" \/><\/p>\r\n<p><strong>Parlarsi 3: il \"team interno\" e la comunicazione situazionale<\/strong><\/p>\r\n<p><em>Comunicazione, persona, situazione. <\/em><\/p>\r\n<ul>\r\n\t<li>Autore: Friedemann Schulz von Thun<\/li>\r\n\t<li>Editore: Rowohlt Verlag, 2016<\/li>\r\n\t<li>Pagine: 400<\/li>\r\n\t<li>ISBN: 9783499605451<\/li>\r\n<\/ul>\r\n<p>Dopo Talking Together 1 con il Modello a quattro facce e Talking Together 2 con il Quadrato dei valori e dello sviluppo, il volume 3 sull'\"inner team\" conclude l'innovativa trilogia dello psicologo della comunicazione Friedemann Schulz von Thun. I tre volumi si completano a vicenda. Sono estremamente utili per comunicare meglio e per lo sviluppo personale. Questo volume si propone di comprendere le diverse parti della nostra personalit\u00e0 come una squadra che deve essere messa in armonia tra loro per poter comunicare in modo coerente.<\/p>\r\n<p><img class=\"alignnone size-full wp-image-184745\" src=\"https:\/\/www.werbewoche.ch\/wp-content\/uploads\/2022\/08\/miteinander-reden-3.jpg\" sizes=\"(max-width: 1200px) 100vw, 1200px\" srcset=\"https:\/\/www.werbewoche.ch\/wp-content\/uploads\/2022\/08\/miteinander-reden-3.jpg 1200w, https:\/\/www.werbewoche.ch\/wp-content\/uploads\/2022\/08\/miteinander-reden-3-600x425.jpg 600w, https:\/\/www.werbewoche.ch\/wp-content\/uploads\/2022\/08\/miteinander-reden-3-1024x725.jpg 1024w, https:\/\/www.werbewoche.ch\/wp-content\/uploads\/2022\/08\/miteinander-reden-3-768x544.jpg 768w, https:\/\/www.werbewoche.ch\/wp-content\/uploads\/2022\/08\/miteinander-reden-3-18x12.jpg 18w, https:\/\/www.werbewoche.ch\/wp-content\/uploads\/2022\/08\/miteinander-reden-3-247x175.jpg 247w, https:\/\/www.werbewoche.ch\/wp-content\/uploads\/2022\/08\/miteinander-reden-3-494x350.jpg 494w, https:\/\/www.werbewoche.ch\/wp-content\/uploads\/2022\/08\/miteinander-reden-3-1000x708.jpg 1000w\" alt=\"\" width=\"1200\" height=\"850\" \/><\/p>\r\n<p><strong>Felice senza senso<\/strong><\/p>\r\n<p><em>Come trovare la realizzazione sul lavoro anche senza uno scopo. <\/em><\/p>\r\n<ul>\r\n\t<li>Autore: Ingo Hamm<\/li>\r\n\t<li>Editore: Vahlen Verlag, 2021<\/li>\r\n\t<li>Pagine: 259<\/li>\r\n\t<li>ISBN: 9783800667598<\/li>\r\n<\/ul>\r\n<p>Uno spettro si aggira per le aziende occidentali: la paura di perdere nella battaglia per i talenti. Per questo motivo mettono a disposizione dei propri dipendenti biciclette da scrivania, stanze per il riposo o marchi di bevande e mettono la ciliegina sulla torta con un \"Noble Purpose\". Si suppone che i dipendenti siano motivati in questo modo, perch\u00e9 contribuiscono un po' a salvare il mondo. Sciocchezze, dice Ingo Hamm e argomenta in modo molto divertente con molti riferimenti incrociati. Soprattutto, spiega come si possa costruire la propria felicit\u00e0 nella vita, senza bisogno di un professionista del senso.<\/p>\r\n<p><img class=\"alignnone size-full wp-image-184744\" src=\"https:\/\/www.werbewoche.ch\/wp-content\/uploads\/2022\/08\/sinnlos-gluecklich.jpg\" sizes=\"(max-width: 1020px) 100vw, 1020px\" srcset=\"https:\/\/www.werbewoche.ch\/wp-content\/uploads\/2022\/08\/sinnlos-gluecklich.jpg 1020w, https:\/\/www.werbewoche.ch\/wp-content\/uploads\/2022\/08\/sinnlos-gluecklich-600x425.jpg 600w, https:\/\/www.werbewoche.ch\/wp-content\/uploads\/2022\/08\/sinnlos-gluecklich-768x544.jpg 768w, https:\/\/www.werbewoche.ch\/wp-content\/uploads\/2022\/08\/sinnlos-gluecklich-18x12.jpg 18w, https:\/\/www.werbewoche.ch\/wp-content\/uploads\/2022\/08\/sinnlos-gluecklich-247x175.jpg 247w, https:\/\/www.werbewoche.ch\/wp-content\/uploads\/2022\/08\/sinnlos-gluecklich-494x350.jpg 494w, https:\/\/www.werbewoche.ch\/wp-content\/uploads\/2022\/08\/sinnlos-gluecklich-1000x708.jpg 1000w\" alt=\"\" width=\"1020\" height=\"722\" \/><\/p>","protected":false},"excerpt":{"rendered":"<p>Digital Bootcamp Das Power-Handbuch f\u00fcr digitales Marketing, Sales &amp; Media. Autor: Martin Andree und Niklas van Husen Verlag: Campus Verlag, 2022 Seiten: 272 ISBN: 9783593515489 \u00abMachen ist wie wollen, nur krasser.\u00bb Nie zuvor waren die Marketingm\u00f6glichkeiten f\u00fcr Unternehmen, Start-ups und Selbstst\u00e4ndige so vielf\u00e4ltig wie heute. Allerdings l\u00e4uft man Gefahr, sich zu verzetteln und vor lauter [\u2026]<\/p>\n","protected":false},"author":8,"featured_media":0,"comment_status":"closed","ping_status":"closed","sticky":false,"template":"","format":"standard","meta":{"_acf_changed":false,"_yoast_wpseo_focuskw":"Digital Bootcamp Marketing","_yoast_wpseo_metadesc":"Das Digital Bootcamp bietet praxisnahe Anleitungen f\u00fcr digitales Marketing, Sales und Media. Ein wertvoller Werkzeugkasten f\u00fcr alle Werbetreibenden.","articlekey":"","footnotes":""},"categories":[29],"tags":[151,4792,339,4791,4189],"class_list":["post-16638","post","type-post","status-publish","format-standard","hentry","category-marketing","tag-digital","tag-handbuch","tag-marketing","tag-media","tag-sales"],"acf":[],"yoast_head":"<!-- This site is optimized with the Yoast SEO plugin v27.4 - https:\/\/yoast.com\/product\/yoast-seo-wordpress\/ -->\n<title>Vier B\u00fccher, die Sie interessieren k\u00f6nnten - Organisator<\/title>\n<meta name=\"description\" content=\"Das Digital Bootcamp bietet praxisnahe Anleitungen f\u00fcr digitales Marketing, Sales und Media. Ein wertvoller Werkzeugkasten f\u00fcr alle Werbetreibenden.\" \/>\n<meta name=\"robots\" content=\"index, follow, max-snippet:-1, max-image-preview:large, max-video-preview:-1\" \/>\n<link rel=\"canonical\" href=\"https:\/\/www.organisator.ch\/it\/marketing\/2022-08-22\/quattro-libri-che-potrebbero-interessarvi-7\/\" \/>\n<meta property=\"og:locale\" content=\"it_IT\" \/>\n<meta property=\"og:type\" content=\"article\" \/>\n<meta property=\"og:title\" content=\"Vier B\u00fccher, die Sie interessieren k\u00f6nnten - Organisator\" \/>\n<meta property=\"og:description\" content=\"Das Digital Bootcamp bietet praxisnahe Anleitungen f\u00fcr digitales Marketing, Sales und Media. Ein wertvoller Werkzeugkasten f\u00fcr alle Werbetreibenden.\" \/>\n<meta property=\"og:url\" content=\"https:\/\/www.organisator.ch\/it\/marketing\/2022-08-22\/quattro-libri-che-potrebbero-interessarvi-7\/\" \/>\n<meta property=\"og:site_name\" content=\"Organisator\" \/>\n<meta property=\"article:publisher\" content=\"https:\/\/www.facebook.com\/OrganisatorFachmagazin\" \/>\n<meta property=\"article:published_time\" content=\"2022-08-22T12:30:21+00:00\" \/>\n<meta property=\"article:modified_time\" content=\"2024-11-22T07:45:35+00:00\" \/>\n<meta name=\"author\" content=\"galledia\" \/>\n<meta name=\"twitter:card\" content=\"summary_large_image\" \/>\n<meta name=\"twitter:creator\" content=\"@admin\" \/>\n<script type=\"application\/ld+json\" class=\"yoast-schema-graph\">{\"@context\":\"https:\\\/\\\/schema.org\",\"@graph\":[{\"@type\":\"Article\",\"@id\":\"https:\\\/\\\/www.organisator.ch\\\/marketing\\\/2022-08-22\\\/vier-buecher-die-sie-interessieren-koennten-7\\\/#article\",\"isPartOf\":{\"@id\":\"https:\\\/\\\/www.organisator.ch\\\/marketing\\\/2022-08-22\\\/vier-buecher-die-sie-interessieren-koennten-7\\\/\"},\"author\":{\"name\":\"galledia\",\"@id\":\"https:\\\/\\\/www.organisator.ch\\\/#\\\/schema\\\/person\\\/4e51799071cd2dd1232ac003643ef5f0\"},\"headline\":\"Vier B\u00fccher, die Sie interessieren k\u00f6nnten\",\"datePublished\":\"2022-08-22T12:30:21+00:00\",\"dateModified\":\"2024-11-22T07:45:35+00:00\",\"mainEntityOfPage\":{\"@id\":\"https:\\\/\\\/www.organisator.ch\\\/marketing\\\/2022-08-22\\\/vier-buecher-die-sie-interessieren-koennten-7\\\/\"},\"wordCount\":412,\"publisher\":{\"@id\":\"https:\\\/\\\/www.organisator.ch\\\/#organization\"},\"image\":{\"@id\":\"https:\\\/\\\/www.organisator.ch\\\/marketing\\\/2022-08-22\\\/vier-buecher-die-sie-interessieren-koennten-7\\\/#primaryimage\"},\"thumbnailUrl\":\"https:\\\/\\\/www.werbewoche.ch\\\/wp-content\\\/uploads\\\/2022\\\/08\\\/Lesetipps-GetAbstract-August22.jpg\",\"keywords\":[\"Digital\",\"Handbuch\",\"Marketing\",\"Media\",\"Sales\"],\"articleSection\":[\"MARKETING\"],\"inLanguage\":\"it-IT\"},{\"@type\":\"WebPage\",\"@id\":\"https:\\\/\\\/www.organisator.ch\\\/marketing\\\/2022-08-22\\\/vier-buecher-die-sie-interessieren-koennten-7\\\/\",\"url\":\"https:\\\/\\\/www.organisator.ch\\\/marketing\\\/2022-08-22\\\/vier-buecher-die-sie-interessieren-koennten-7\\\/\",\"name\":\"Vier B\u00fccher, die Sie interessieren k\u00f6nnten - Organisator\",\"isPartOf\":{\"@id\":\"https:\\\/\\\/www.organisator.ch\\\/#website\"},\"primaryImageOfPage\":{\"@id\":\"https:\\\/\\\/www.organisator.ch\\\/marketing\\\/2022-08-22\\\/vier-buecher-die-sie-interessieren-koennten-7\\\/#primaryimage\"},\"image\":{\"@id\":\"https:\\\/\\\/www.organisator.ch\\\/marketing\\\/2022-08-22\\\/vier-buecher-die-sie-interessieren-koennten-7\\\/#primaryimage\"},\"thumbnailUrl\":\"https:\\\/\\\/www.werbewoche.ch\\\/wp-content\\\/uploads\\\/2022\\\/08\\\/Lesetipps-GetAbstract-August22.jpg\",\"datePublished\":\"2022-08-22T12:30:21+00:00\",\"dateModified\":\"2024-11-22T07:45:35+00:00\",\"description\":\"Das Digital Bootcamp bietet praxisnahe Anleitungen f\u00fcr digitales Marketing, Sales und Media. Ein wertvoller Werkzeugkasten f\u00fcr alle Werbetreibenden.\",\"breadcrumb\":{\"@id\":\"https:\\\/\\\/www.organisator.ch\\\/marketing\\\/2022-08-22\\\/vier-buecher-die-sie-interessieren-koennten-7\\\/#breadcrumb\"},\"inLanguage\":\"it-IT\",\"potentialAction\":[{\"@type\":\"ReadAction\",\"target\":[\"https:\\\/\\\/www.organisator.ch\\\/marketing\\\/2022-08-22\\\/vier-buecher-die-sie-interessieren-koennten-7\\\/\"]}]},{\"@type\":\"ImageObject\",\"inLanguage\":\"it-IT\",\"@id\":\"https:\\\/\\\/www.organisator.ch\\\/marketing\\\/2022-08-22\\\/vier-buecher-die-sie-interessieren-koennten-7\\\/#primaryimage\",\"url\":\"https:\\\/\\\/www.werbewoche.ch\\\/wp-content\\\/uploads\\\/2022\\\/08\\\/Lesetipps-GetAbstract-August22.jpg\",\"contentUrl\":\"https:\\\/\\\/www.werbewoche.ch\\\/wp-content\\\/uploads\\\/2022\\\/08\\\/Lesetipps-GetAbstract-August22.jpg\"},{\"@type\":\"BreadcrumbList\",\"@id\":\"https:\\\/\\\/www.organisator.ch\\\/marketing\\\/2022-08-22\\\/vier-buecher-die-sie-interessieren-koennten-7\\\/#breadcrumb\",\"itemListElement\":[{\"@type\":\"ListItem\",\"position\":1,\"name\":\"Home\",\"item\":\"https:\\\/\\\/www.organisator.ch\\\/\"},{\"@type\":\"ListItem\",\"position\":2,\"name\":\"Vier B\u00fccher, die Sie interessieren k\u00f6nnten\"}]},{\"@type\":\"WebSite\",\"@id\":\"https:\\\/\\\/www.organisator.ch\\\/#website\",\"url\":\"https:\\\/\\\/www.organisator.ch\\\/\",\"name\":\"Organisator\",\"description\":\"Kompetent. Praxisnah. Der ORGANISATOR bereitet in 10 Ausgaben pro Jahr die wesentlichen Themen f\u00fcr F\u00fchrungskr\u00e4fte von KMU auf.\",\"publisher\":{\"@id\":\"https:\\\/\\\/www.organisator.ch\\\/#organization\"},\"potentialAction\":[{\"@type\":\"SearchAction\",\"target\":{\"@type\":\"EntryPoint\",\"urlTemplate\":\"https:\\\/\\\/www.organisator.ch\\\/?s={search_term_string}\"},\"query-input\":{\"@type\":\"PropertyValueSpecification\",\"valueRequired\":true,\"valueName\":\"search_term_string\"}}],\"inLanguage\":\"it-IT\"},{\"@type\":\"Organization\",\"@id\":\"https:\\\/\\\/www.organisator.ch\\\/#organization\",\"name\":\"Organisator\",\"url\":\"https:\\\/\\\/www.organisator.ch\\\/\",\"logo\":{\"@type\":\"ImageObject\",\"inLanguage\":\"it-IT\",\"@id\":\"https:\\\/\\\/www.organisator.ch\\\/#\\\/schema\\\/logo\\\/image\\\/\",\"url\":\"https:\\\/\\\/www.organisator.ch\\\/wp-content\\\/uploads\\\/2022\\\/01\\\/Logo_Organisator_Website.png\",\"contentUrl\":\"https:\\\/\\\/www.organisator.ch\\\/wp-content\\\/uploads\\\/2022\\\/01\\\/Logo_Organisator_Website.png\",\"width\":800,\"height\":77,\"caption\":\"Organisator\"},\"image\":{\"@id\":\"https:\\\/\\\/www.organisator.ch\\\/#\\\/schema\\\/logo\\\/image\\\/\"},\"sameAs\":[\"https:\\\/\\\/www.facebook.com\\\/OrganisatorFachmagazin\",\"https:\\\/\\\/www.linkedin.com\\\/showcase\\\/organisator-das-magazin-fr-kmu\",\"https:\\\/\\\/www.xing.com\\\/news\\\/pages\\\/organisator-ch-695\",\"https:\\\/\\\/www.youtube.com\\\/channel\\\/UCGP2Sq0iWaZwT3BdIAQFYpw\"]},{\"@type\":\"Person\",\"@id\":\"https:\\\/\\\/www.organisator.ch\\\/#\\\/schema\\\/person\\\/4e51799071cd2dd1232ac003643ef5f0\",\"name\":\"galledia\",\"image\":{\"@type\":\"ImageObject\",\"inLanguage\":\"it-IT\",\"@id\":\"https:\\\/\\\/secure.gravatar.com\\\/avatar\\\/78a7f90c01fc2bfc875782a0d4922b37cde2cf184ce347b91316d23cd7f69a36?s=96&d=mm&r=g\",\"url\":\"https:\\\/\\\/secure.gravatar.com\\\/avatar\\\/78a7f90c01fc2bfc875782a0d4922b37cde2cf184ce347b91316d23cd7f69a36?s=96&d=mm&r=g\",\"contentUrl\":\"https:\\\/\\\/secure.gravatar.com\\\/avatar\\\/78a7f90c01fc2bfc875782a0d4922b37cde2cf184ce347b91316d23cd7f69a36?s=96&d=mm&r=g\",\"caption\":\"galledia\"},\"sameAs\":[\"https:\\\/\\\/x.com\\\/admin\"],\"url\":\"https:\\\/\\\/www.organisator.ch\\\/it\\\/author\\\/galledia\\\/\"}]}<\/script>\n<!-- \/ Yoast SEO plugin. -->","yoast_head_json":{"title":"Quattro libri che potrebbero interessarvi - Organizzatore","description":"Il Digital Bootcamp offre istruzioni pratiche per il marketing digitale, le vendite e i media. Una cassetta degli attrezzi preziosa per tutti gli inserzionisti.","robots":{"index":"index","follow":"follow","max-snippet":"max-snippet:-1","max-image-preview":"max-image-preview:large","max-video-preview":"max-video-preview:-1"},"canonical":"https:\/\/www.organisator.ch\/it\/marketing\/2022-08-22\/quattro-libri-che-potrebbero-interessarvi-7\/","og_locale":"it_IT","og_type":"article","og_title":"Vier B\u00fccher, die Sie interessieren k\u00f6nnten - Organisator","og_description":"Das Digital Bootcamp bietet praxisnahe Anleitungen f\u00fcr digitales Marketing, Sales und Media. Ein wertvoller Werkzeugkasten f\u00fcr alle Werbetreibenden.","og_url":"https:\/\/www.organisator.ch\/it\/marketing\/2022-08-22\/quattro-libri-che-potrebbero-interessarvi-7\/","og_site_name":"Organisator","article_publisher":"https:\/\/www.facebook.com\/OrganisatorFachmagazin","article_published_time":"2022-08-22T12:30:21+00:00","article_modified_time":"2024-11-22T07:45:35+00:00","author":"galledia","twitter_card":"summary_large_image","twitter_creator":"@admin","schema":{"@context":"https:\/\/schema.org","@graph":[{"@type":"Article","@id":"https:\/\/www.organisator.ch\/marketing\/2022-08-22\/vier-buecher-die-sie-interessieren-koennten-7\/#article","isPartOf":{"@id":"https:\/\/www.organisator.ch\/marketing\/2022-08-22\/vier-buecher-die-sie-interessieren-koennten-7\/"},"author":{"name":"galledia","@id":"https:\/\/www.organisator.ch\/#\/schema\/person\/4e51799071cd2dd1232ac003643ef5f0"},"headline":"Vier B\u00fccher, die Sie interessieren k\u00f6nnten","datePublished":"2022-08-22T12:30:21+00:00","dateModified":"2024-11-22T07:45:35+00:00","mainEntityOfPage":{"@id":"https:\/\/www.organisator.ch\/marketing\/2022-08-22\/vier-buecher-die-sie-interessieren-koennten-7\/"},"wordCount":412,"publisher":{"@id":"https:\/\/www.organisator.ch\/#organization"},"image":{"@id":"https:\/\/www.organisator.ch\/marketing\/2022-08-22\/vier-buecher-die-sie-interessieren-koennten-7\/#primaryimage"},"thumbnailUrl":"https:\/\/www.werbewoche.ch\/wp-content\/uploads\/2022\/08\/Lesetipps-GetAbstract-August22.jpg","keywords":["Digital","Handbuch","Marketing","Media","Sales"],"articleSection":["MARKETING"],"inLanguage":"it-IT"},{"@type":"WebPage","@id":"https:\/\/www.organisator.ch\/marketing\/2022-08-22\/vier-buecher-die-sie-interessieren-koennten-7\/","url":"https:\/\/www.organisator.ch\/marketing\/2022-08-22\/vier-buecher-die-sie-interessieren-koennten-7\/","name":"Quattro libri che potrebbero interessarvi - Organizzatore","isPartOf":{"@id":"https:\/\/www.organisator.ch\/#website"},"primaryImageOfPage":{"@id":"https:\/\/www.organisator.ch\/marketing\/2022-08-22\/vier-buecher-die-sie-interessieren-koennten-7\/#primaryimage"},"image":{"@id":"https:\/\/www.organisator.ch\/marketing\/2022-08-22\/vier-buecher-die-sie-interessieren-koennten-7\/#primaryimage"},"thumbnailUrl":"https:\/\/www.werbewoche.ch\/wp-content\/uploads\/2022\/08\/Lesetipps-GetAbstract-August22.jpg","datePublished":"2022-08-22T12:30:21+00:00","dateModified":"2024-11-22T07:45:35+00:00","description":"Il Digital Bootcamp offre istruzioni pratiche per il marketing digitale, le vendite e i media. Una cassetta degli attrezzi preziosa per tutti gli inserzionisti.","breadcrumb":{"@id":"https:\/\/www.organisator.ch\/marketing\/2022-08-22\/vier-buecher-die-sie-interessieren-koennten-7\/#breadcrumb"},"inLanguage":"it-IT","potentialAction":[{"@type":"ReadAction","target":["https:\/\/www.organisator.ch\/marketing\/2022-08-22\/vier-buecher-die-sie-interessieren-koennten-7\/"]}]},{"@type":"ImageObject","inLanguage":"it-IT","@id":"https:\/\/www.organisator.ch\/marketing\/2022-08-22\/vier-buecher-die-sie-interessieren-koennten-7\/#primaryimage","url":"https:\/\/www.werbewoche.ch\/wp-content\/uploads\/2022\/08\/Lesetipps-GetAbstract-August22.jpg","contentUrl":"https:\/\/www.werbewoche.ch\/wp-content\/uploads\/2022\/08\/Lesetipps-GetAbstract-August22.jpg"},{"@type":"BreadcrumbList","@id":"https:\/\/www.organisator.ch\/marketing\/2022-08-22\/vier-buecher-die-sie-interessieren-koennten-7\/#breadcrumb","itemListElement":[{"@type":"ListItem","position":1,"name":"Home","item":"https:\/\/www.organisator.ch\/"},{"@type":"ListItem","position":2,"name":"Vier B\u00fccher, die Sie interessieren k\u00f6nnten"}]},{"@type":"WebSite","@id":"https:\/\/www.organisator.ch\/#website","url":"https:\/\/www.organisator.ch\/","name":"Organizzatore","description":"Competente. Pratico. In 10 numeri all'anno, ORGANISATOR presenta i temi essenziali per i manager delle PMI.","publisher":{"@id":"https:\/\/www.organisator.ch\/#organization"},"potentialAction":[{"@type":"SearchAction","target":{"@type":"EntryPoint","urlTemplate":"https:\/\/www.organisator.ch\/?s={search_term_string}"},"query-input":{"@type":"PropertyValueSpecification","valueRequired":true,"valueName":"search_term_string"}}],"inLanguage":"it-IT"},{"@type":"Organization","@id":"https:\/\/www.organisator.ch\/#organization","name":"Organizzatore","url":"https:\/\/www.organisator.ch\/","logo":{"@type":"ImageObject","inLanguage":"it-IT","@id":"https:\/\/www.organisator.ch\/#\/schema\/logo\/image\/","url":"https:\/\/www.organisator.ch\/wp-content\/uploads\/2022\/01\/Logo_Organisator_Website.png","contentUrl":"https:\/\/www.organisator.ch\/wp-content\/uploads\/2022\/01\/Logo_Organisator_Website.png","width":800,"height":77,"caption":"Organisator"},"image":{"@id":"https:\/\/www.organisator.ch\/#\/schema\/logo\/image\/"},"sameAs":["https:\/\/www.facebook.com\/OrganisatorFachmagazin","https:\/\/www.linkedin.com\/showcase\/organisator-das-magazin-fr-kmu","https:\/\/www.xing.com\/news\/pages\/organisator-ch-695","https:\/\/www.youtube.com\/channel\/UCGP2Sq0iWaZwT3BdIAQFYpw"]},{"@type":"Person","@id":"https:\/\/www.organisator.ch\/#\/schema\/person\/4e51799071cd2dd1232ac003643ef5f0","name":"galledia","image":{"@type":"ImageObject","inLanguage":"it-IT","@id":"https:\/\/secure.gravatar.com\/avatar\/78a7f90c01fc2bfc875782a0d4922b37cde2cf184ce347b91316d23cd7f69a36?s=96&d=mm&r=g","url":"https:\/\/secure.gravatar.com\/avatar\/78a7f90c01fc2bfc875782a0d4922b37cde2cf184ce347b91316d23cd7f69a36?s=96&d=mm&r=g","contentUrl":"https:\/\/secure.gravatar.com\/avatar\/78a7f90c01fc2bfc875782a0d4922b37cde2cf184ce347b91316d23cd7f69a36?s=96&d=mm&r=g","caption":"galledia"},"sameAs":["https:\/\/x.com\/admin"],"url":"https:\/\/www.organisator.ch\/it\/author\/galledia\/"}]}},"_links":{"self":[{"href":"https:\/\/www.organisator.ch\/it\/wp-json\/wp\/v2\/posts\/16638","targetHints":{"allow":["GET"]}}],"collection":[{"href":"https:\/\/www.organisator.ch\/it\/wp-json\/wp\/v2\/posts"}],"about":[{"href":"https:\/\/www.organisator.ch\/it\/wp-json\/wp\/v2\/types\/post"}],"author":[{"embeddable":true,"href":"https:\/\/www.organisator.ch\/it\/wp-json\/wp\/v2\/users\/8"}],"replies":[{"embeddable":true,"href":"https:\/\/www.organisator.ch\/it\/wp-json\/wp\/v2\/comments?post=16638"}],"version-history":[{"count":3,"href":"https:\/\/www.organisator.ch\/it\/wp-json\/wp\/v2\/posts\/16638\/revisions"}],"predecessor-version":[{"id":33866,"href":"https:\/\/www.organisator.ch\/it\/wp-json\/wp\/v2\/posts\/16638\/revisions\/33866"}],"wp:attachment":[{"href":"https:\/\/www.organisator.ch\/it\/wp-json\/wp\/v2\/media?parent=16638"}],"wp:term":[{"taxonomy":"category","embeddable":true,"href":"https:\/\/www.organisator.ch\/it\/wp-json\/wp\/v2\/categories?post=16638"},{"taxonomy":"post_tag","embeddable":true,"href":"https:\/\/www.organisator.ch\/it\/wp-json\/wp\/v2\/tags?post=16638"}],"curies":[{"name":"wp","href":"https:\/\/api.w.org\/{rel}","templated":true}]}}