{"id":16667,"date":"2022-08-24T08:08:08","date_gmt":"2022-08-24T06:08:08","guid":{"rendered":"https:\/\/www.organisator.ch\/?p=16667"},"modified":"2022-09-16T08:53:21","modified_gmt":"2022-09-16T06:53:21","slug":"seminario-successione-regolamentazione-considerazione-olistica","status":"publish","type":"post","link":"https:\/\/www.organisator.ch\/it\/management\/2022-08-24\/seminar-nachfolgeregelung-ganzheitlich-betrachten\/","title":{"rendered":"Seminario: Una visione olistica della pianificazione della successione"},"content":{"rendered":"<figure id=\"attachment_16672\" aria-describedby=\"caption-attachment-16672\" style=\"width: 680px\" class=\"wp-caption alignnone\"><img loading=\"lazy\" decoding=\"async\" class=\"size-full wp-image-16672\" src=\"https:\/\/www.organisator.ch\/wp-content\/uploads\/2022\/08\/Seminar-Nachfolgeregelung-ganzheitlich-betrachten-1_Organisator-.jpg\" alt=\"\" width=\"680\" height=\"448\" srcset=\"https:\/\/www.organisator.ch\/wp-content\/uploads\/2022\/08\/Seminar-Nachfolgeregelung-ganzheitlich-betrachten-1_Organisator-.jpg 680w, https:\/\/www.organisator.ch\/wp-content\/uploads\/2022\/08\/Seminar-Nachfolgeregelung-ganzheitlich-betrachten-1_Organisator--18x12.jpg 18w, https:\/\/www.organisator.ch\/wp-content\/uploads\/2022\/08\/Seminar-Nachfolgeregelung-ganzheitlich-betrachten-1_Organisator--266x175.jpg 266w, https:\/\/www.organisator.ch\/wp-content\/uploads\/2022\/08\/Seminar-Nachfolgeregelung-ganzheitlich-betrachten-1_Organisator--531x350.jpg 531w, https:\/\/www.organisator.ch\/wp-content\/uploads\/2022\/08\/Seminar-Nachfolgeregelung-ganzheitlich-betrachten-1_Organisator--300x198.jpg 300w\" sizes=\"auto, (max-width: 680px) 100vw, 680px\" \/><figcaption id=\"caption-attachment-16672\" class=\"wp-caption-text\">La pianificazione della successione richiede molte discussioni, anche con l'aiuto di consulenti esterni. (Immagine: Depositphotos.com)<\/figcaption><\/figure>\n<p>Di norma, la regolamentazione della successione aziendale non avviene senza un supporto esterno. Molti fiduciari, coach, consulenti di gestione o persino avvocati e consulenti fiscali offrono i loro servizi a questo proposito. Tuttavia, a seconda della situazione, nella gestione di una procedura di successione non si tiene sufficientemente conto di aspetti importanti, che in alcune circostanze possono avere un effetto negativo. Pertanto, gli esperti concordano sulla necessit\u00e0 di una visione olistica del processo di successione, il cosiddetto \"quadro generale\". Questa \u00e8 la tesi sostenuta dalla recente associazione ombrello svizzera per la successione aziendale (CHDU). Propone un approccio che considera la successione aziendale dal punto di vista della \"famiglia\", dell'\"azienda\" e del \"capitale\" e ha sviluppato un processo in sette fasi basato su questo - ad esempio per la vendita di un'azienda a un successore.<\/p>\n<h3><strong>Conciliare gli aspetti della famiglia, dell'azienda e del denaro<\/strong><\/h3>\n<p>Anche Hans J\u00fcrg Domenig di ANSATZ AG - Firmen-Nachfolge-Verkauf di Thayngen conosce gli ostacoli pi\u00f9 comuni nella vendita di un'azienda ai fini della pianificazione della successione. \u00c8 anche un sostenitore delle tre prospettive sopra menzionate. Comincia sempre dalla famiglia di un imprenditore: \"Come pu\u00f2 l'azienda fornire un sostentamento alla famiglia?\" \u00e8 una domanda cruciale, dice Domenig. Poi, naturalmente, ci sono le questioni legate all'eredit\u00e0, alle partecipazioni dei membri della famiglia e a chi della famiglia lavora nell'azienda. In questo contesto, \u00e8 importante sviluppare la giusta strategia per conciliare famiglia e lavoro. Solo a questo punto entra in gioco la prospettiva aziendale con visione, missione e strategia. Il terzo fattore, il \"denaro\", \u00e8 principalmente una questione tecnica che pu\u00f2 essere rappresentata in termini matematici. Secondo Hans J\u00fcrg Domenig, questo argomento dovrebbe essere affrontato solo dopo aver chiarito la strategia familiare e aziendale.<\/p>\n<figure id=\"attachment_16668\" aria-describedby=\"caption-attachment-16668\" style=\"width: 680px\" class=\"wp-caption alignnone\"><img loading=\"lazy\" decoding=\"async\" class=\"size-full wp-image-16668\" src=\"https:\/\/www.organisator.ch\/wp-content\/uploads\/2022\/08\/Seminar-Nachfolgeregelung-ganzheitlich-betrachten-2_Organisator-.jpg\" alt=\"\" width=\"680\" height=\"982\" srcset=\"https:\/\/www.organisator.ch\/wp-content\/uploads\/2022\/08\/Seminar-Nachfolgeregelung-ganzheitlich-betrachten-2_Organisator-.jpg 680w, https:\/\/www.organisator.ch\/wp-content\/uploads\/2022\/08\/Seminar-Nachfolgeregelung-ganzheitlich-betrachten-2_Organisator--8x12.jpg 8w, https:\/\/www.organisator.ch\/wp-content\/uploads\/2022\/08\/Seminar-Nachfolgeregelung-ganzheitlich-betrachten-2_Organisator--121x175.jpg 121w, https:\/\/www.organisator.ch\/wp-content\/uploads\/2022\/08\/Seminar-Nachfolgeregelung-ganzheitlich-betrachten-2_Organisator--242x350.jpg 242w, https:\/\/www.organisator.ch\/wp-content\/uploads\/2022\/08\/Seminar-Nachfolgeregelung-ganzheitlich-betrachten-2_Organisator--554x800.jpg 554w, https:\/\/www.organisator.ch\/wp-content\/uploads\/2022\/08\/Seminar-Nachfolgeregelung-ganzheitlich-betrachten-2_Organisator--300x433.jpg 300w\" sizes=\"auto, (max-width: 680px) 100vw, 680px\" \/><figcaption id=\"caption-attachment-16668\" class=\"wp-caption-text\">(Grafico: CHDU)<\/figcaption><\/figure>\n<h3><strong>Strumenti per una successione di successo nelle PMI<\/strong><\/h3>\n<p>In collaborazione con EXPERTSuisse, l'associazione professionale dei fiduciari e dei revisori dei conti, il CHDU offre ora un seminario di un'intera giornata dal titolo \"Big Picture of Successful SME Succession\" in due date. Si rivolge a consulenti di successione, fiduciari, revisori dei conti, consulenti fiscali, consulenti di gestione, coach, consulenti organizzativi e altri esperti e professionisti nel campo della pianificazione della successione aziendale. Questo seminario \u00e8 inteso come fase preliminare di un corso di certificazione per diventare consulente o esperto di successione.<\/p>\n<p><em>Ulteriori informazioni: <a href=\"http:\/\/www.chdu.ch\">www.chdu.ch<\/a> \/ <a href=\"http:\/\/www.expertsuisse.ch\/nachfolge\">www.expertsuisse.ch\/nachfolge <\/a><\/em><\/p>\n<p>&nbsp;<\/p>\n<blockquote>\n<h2><strong>L'esperto di successione Hans J\u00fcrg Domenig a colloquio con noi<\/strong><\/h2>\n<p><strong><a href=\"https:\/\/firmen-nachfolge-verkauf.ch\/hans-juerg-domenig\/\">Hans J\u00fcrg Domenig<\/a> da 25 anni accompagna oltre 300 venditori di aziende, successori, fondatori di aziende, start-up e fondatori di franchising sulla strada del successo. \u00c8 membro fondatore e del consiglio di amministrazione dell'associazione svizzera per la successione aziendale CHDU.<\/strong><\/p>\n<figure id=\"attachment_16673\" aria-describedby=\"caption-attachment-16673\" style=\"width: 680px\" class=\"wp-caption alignnone\"><img loading=\"lazy\" decoding=\"async\" class=\"size-full wp-image-16673\" src=\"https:\/\/www.organisator.ch\/wp-content\/uploads\/2022\/08\/Seminar-Nachfolgeregelung-ganzheitlich-betrachten-3_Organisator-.jpg\" alt=\"\" width=\"680\" height=\"545\" srcset=\"https:\/\/www.organisator.ch\/wp-content\/uploads\/2022\/08\/Seminar-Nachfolgeregelung-ganzheitlich-betrachten-3_Organisator-.jpg 680w, https:\/\/www.organisator.ch\/wp-content\/uploads\/2022\/08\/Seminar-Nachfolgeregelung-ganzheitlich-betrachten-3_Organisator--15x12.jpg 15w, https:\/\/www.organisator.ch\/wp-content\/uploads\/2022\/08\/Seminar-Nachfolgeregelung-ganzheitlich-betrachten-3_Organisator--218x175.jpg 218w, https:\/\/www.organisator.ch\/wp-content\/uploads\/2022\/08\/Seminar-Nachfolgeregelung-ganzheitlich-betrachten-3_Organisator--437x350.jpg 437w, https:\/\/www.organisator.ch\/wp-content\/uploads\/2022\/08\/Seminar-Nachfolgeregelung-ganzheitlich-betrachten-3_Organisator--300x240.jpg 300w\" sizes=\"auto, (max-width: 680px) 100vw, 680px\" \/><figcaption id=\"caption-attachment-16673\" class=\"wp-caption-text\">Hans J\u00fcrg Domenig accompagna gli imprenditori nella pianificazione della successione. (Immagine: zVg)<\/figcaption><\/figure>\n<p><em>Signor Domenig, fino a che punto si pu\u00f2 \"imparare\" la successione aziendale? Per gli imprenditori, in particolare, la successione \u00e8 un processo unico.<br \/>\n<\/em><strong>Hans J\u00fcrg Domenig:<\/strong> La successione non si pu\u00f2 imparare in senso stretto, ma si pu\u00f2 trarre molto dalle esperienze degli altri. \u00c8 vero solo in parte che la successione \u00e8 un processo unico: Spesso una prima successione fallisce e si deve fare un secondo tentativo imparando dalle esperienze fatte.<\/p>\n<p><em>Il seminario \"Una grande immagine di successo <\/em><em>Secondo l'invito a presentare proposte, \"Successione PMI\" si rivolge principalmente alle persone che accompagnano le aziende nel processo di successione. Dov'\u00e8 il maggior bisogno di apprendimento per questo gruppo target?<br \/>\n<\/em>Per loro, si tratter\u00e0 di essere in grado di assumere prospettive diverse. Questo perch\u00e9 una successione aziendale coinvolge un gran numero di argomenti ai quali, ad esempio, fiduciari, avvocati, allenatori, ecc. apportano un know-how diverso. Questo know-how deve ora essere riunito in un approccio olistico. Il nostro seminario mostrer\u00e0 quindi come avviare il processo di successione con una struttura chiara. Vogliamo concentrarci sulla natura olistica del problema della successione e fare luce sul processo, che consiste in sette fasi. Un corso di certificazione pianificato approfondir\u00e0 poi queste singole fasi in 15 giorni di formazione.<\/p>\n<p><em>Ne deduco che il tema della successione \u00e8 stato affrontato finora in modo \"sbagliato\"?<br \/>\n<\/em>In effetti, a molti argomenti non viene dato sufficiente peso o vengono del tutto omessi. Ad esempio, si parla troppo presto di denaro, oppure si affrontano solo gli aspetti familiari o imprenditoriali, ma non si parla abbastanza di un approccio olistico al tema.<\/p>\n<p><em>Qual \u00e8 la sua esperienza personale con le consulenze sulla successione?<br \/>\n<\/em>In qualit\u00e0 di consulenti, non dovete affrontare il processo con troppa fretta. \u00c8 importante un approccio prudente e le condizioni sono diverse in ogni azienda: Ho gi\u00e0 avuto esperienza di imprenditori che solo all'et\u00e0 di 80 anni hanno detto: \"Dovrei pensare alla mia successione\". Particolarmente importante: si tratta sempre di emozioni, da entrambe le parti, acquirente e venditore di un'azienda. Ora sono in grado di prevedere con precisione quando un imprenditore passer\u00e0 le prime notti insonni. Oppure un acquirente si spaventa improvvisamente del rischio. \u00c8 in questo momento che dovete mettere in campo tutta la vostra esperienza di consulenti, ma anche il venditore pu\u00f2 fare la differenza raccontandovi le sue esperienze. Con il tempo, si riesce a percepire il pensiero che si cela dietro ogni affermazione. Poi potrete influenzarli di conseguenza.<\/p>\n<p><em>In un processo di successione, dovete rivelare molto di voi stessi. Si tratta spesso di un ostacolo per gli imprenditori o i proprietari?<br \/>\n<\/em>S\u00ec. All'inizio gli imprenditori vogliono tenere segrete molte cose per non irritare clienti e fornitori. Pertanto, \u00e8 necessaria la massima discrezione. Ci\u00f2 rende ancora pi\u00f9 necessaria la presenza di consulenti per la successione in grado di garantire proprio questa discrezione. Perch\u00e9 come potete vedere: La consulenza per la successione entra in ambiti molto intimi e carichi di emozioni. Prima di tutto, \u00e8 necessario stabilire una grande fiducia tra l'imprenditore e il consulente.<\/p>\n<p><em>Si dice che la pianificazione della successione inizi gi\u00e0 al momento della fondazione dell'azienda. Qual \u00e8 il vostro atteggiamento al riguardo?<br \/>\n<\/em>Non \u00e8 certamente sbagliato e non \u00e8 troppo presto per iniziare a pensare alla successione aziendale all'et\u00e0 di 50 anni. A questa et\u00e0, gli imprenditori dovrebbero iniziare a pensare al di l\u00e0 del semplice consolidamento e dell'ottimizzazione fiscale. Perch\u00e9 sono molti gli argomenti che possono giocare un ruolo da questo punto in poi: Scorporare divisioni o immobili, creare una soluzione per i fondi pensione, ridurre le parti non essenziali dell'azienda e le attivit\u00e0, o anche creare una struttura di gestione che non ponga l'intera responsabilit\u00e0 sulle spalle dell'imprenditore.<\/p>\n<p><em>Qual \u00e8 l'interesse per il nuovo programma di seminari e quali sono i piani per il futuro?<br \/>\n<\/em>Inizialmente, abbiamo pubblicizzato due date di seminario, il 1\u00b0 dicembre 2022 e il 1\u00b0 febbraio 2023. Ci aspettiamo 20 partecipanti per seminario. Naturalmente, vorremmo motivare questi partecipanti a partecipare anche al CAS, che inizier\u00e0 nel 2023\/2024.<\/p><\/blockquote>","protected":false},"excerpt":{"rendered":"<p>Die Regelung der Firmennachfolge geht in der Regel nicht ohne externe Unterst\u00fctzung \u00fcber die B\u00fchne. Viele Treuh\u00e4nder, Coaches, Unternehmensberater oder auch Juristen und Steuerberater bieten hierzu ihre Dienste an. Doch je nach Situation werden wichtige Aspekte bei der Abwicklung eines Nachfolgeprozesses zu wenig stark ber\u00fccksichtigt, was sich unter Umst\u00e4nden nachteilig auswirken kann. Die Fachwelt ist [&hellip;]<\/p>\n","protected":false},"author":4,"featured_media":16672,"comment_status":"closed","ping_status":"closed","sticky":false,"template":"","format":"standard","meta":{"_acf_changed":false,"_yoast_wpseo_focuskw":"Nachfolgeregelung","_yoast_wpseo_metadesc":"Eine Nachfolgeregelung ist ein Prozess, der ganzheitlich betrachtet werden muss. Ein neues Seminar wendet sich an Nachfolge-Berater\/-innen.","articlekey":"","footnotes":""},"categories":[28,30],"tags":[62,335,357],"class_list":["post-16667","post","type-post","status-publish","format-standard","has-post-thumbnail","hentry","category-management","category-weiterbildung","tag-aus-weiterbildung","tag-management-und-unternehmensfuehrung","tag-nachfolgeregelung"],"acf":[],"yoast_head":"<!-- This site is optimized with the Yoast SEO plugin v27.5 - https:\/\/yoast.com\/product\/yoast-seo-wordpress\/ -->\n<title>Seminar: Nachfolgeregelung ganzheitlich betrachten - Organisator<\/title>\n<meta name=\"description\" content=\"Eine Nachfolgeregelung ist ein Prozess, der ganzheitlich betrachtet werden muss. Ein neues Seminar wendet sich an Nachfolge-Berater\/-innen.\" \/>\n<meta name=\"robots\" content=\"index, follow, max-snippet:-1, max-image-preview:large, max-video-preview:-1\" \/>\n<link rel=\"canonical\" href=\"https:\/\/www.organisator.ch\/it\/gestione-2\/2022-08-24\/seminario-successione-regolamentazione-considerazione-olistica\/\" \/>\n<meta property=\"og:locale\" content=\"it_IT\" \/>\n<meta property=\"og:type\" content=\"article\" \/>\n<meta property=\"og:title\" content=\"Seminar: Nachfolgeregelung ganzheitlich betrachten\" \/>\n<meta property=\"og:description\" content=\"Eine Nachfolgeregelung ist ein Prozess, der ganzheitlich betrachtet werden muss. Ein neues Seminar wendet sich an Nachfolge-Berater\/-innen.\" \/>\n<meta property=\"og:url\" content=\"https:\/\/www.organisator.ch\/it\/gestione-2\/2022-08-24\/seminario-successione-regolamentazione-considerazione-olistica\/\" \/>\n<meta property=\"og:site_name\" content=\"Organisator\" \/>\n<meta property=\"article:publisher\" content=\"https:\/\/www.facebook.com\/OrganisatorFachmagazin\" \/>\n<meta property=\"article:published_time\" content=\"2022-08-24T06:08:08+00:00\" \/>\n<meta property=\"article:modified_time\" content=\"2022-09-16T06:53:21+00:00\" \/>\n<meta property=\"og:image\" content=\"https:\/\/www.organisator.ch\/wp-content\/uploads\/2022\/08\/Seminar-Nachfolgeregelung-ganzheitlich-betrachten-1_Organisator-.jpg\" \/>\n\t<meta property=\"og:image:width\" content=\"680\" \/>\n\t<meta property=\"og:image:height\" content=\"448\" \/>\n\t<meta property=\"og:image:type\" content=\"image\/jpeg\" \/>\n<meta name=\"author\" content=\"thomas.berner\" \/>\n<meta name=\"twitter:card\" content=\"summary_large_image\" \/>\n<meta name=\"twitter:title\" content=\"Seminar: #Nachfolgeregelung ganzheitlich betrachten\" \/>\n<meta name=\"twitter:description\" content=\"Eine #Nachfolgeregelung ist ein Prozess, der ganzheitlich betrachtet werden muss. Ein neues #Seminar wendet sich an #Nachfolge-Berater\/-innen.\" \/>\n<meta name=\"twitter:image\" content=\"https:\/\/www.organisator.ch\/wp-content\/uploads\/2022\/08\/Seminar-Nachfolgeregelung-ganzheitlich-betrachten-1_Organisator-.jpg\" \/>\n<script type=\"application\/ld+json\" class=\"yoast-schema-graph\">{\"@context\":\"https:\\\/\\\/schema.org\",\"@graph\":[{\"@type\":\"Article\",\"@id\":\"https:\\\/\\\/www.organisator.ch\\\/management\\\/2022-08-24\\\/seminar-nachfolgeregelung-ganzheitlich-betrachten\\\/#article\",\"isPartOf\":{\"@id\":\"https:\\\/\\\/www.organisator.ch\\\/management\\\/2022-08-24\\\/seminar-nachfolgeregelung-ganzheitlich-betrachten\\\/\"},\"author\":{\"name\":\"thomas.berner\",\"@id\":\"https:\\\/\\\/www.organisator.ch\\\/#\\\/schema\\\/person\\\/6f650f90b2842cd4c0cc334b4e36f67e\"},\"headline\":\"Seminar: Nachfolgeregelung ganzheitlich betrachten\",\"datePublished\":\"2022-08-24T06:08:08+00:00\",\"dateModified\":\"2022-09-16T06:53:21+00:00\",\"mainEntityOfPage\":{\"@id\":\"https:\\\/\\\/www.organisator.ch\\\/management\\\/2022-08-24\\\/seminar-nachfolgeregelung-ganzheitlich-betrachten\\\/\"},\"wordCount\":1126,\"publisher\":{\"@id\":\"https:\\\/\\\/www.organisator.ch\\\/#organization\"},\"image\":{\"@id\":\"https:\\\/\\\/www.organisator.ch\\\/management\\\/2022-08-24\\\/seminar-nachfolgeregelung-ganzheitlich-betrachten\\\/#primaryimage\"},\"thumbnailUrl\":\"https:\\\/\\\/www.organisator.ch\\\/wp-content\\\/uploads\\\/2022\\\/08\\\/Seminar-Nachfolgeregelung-ganzheitlich-betrachten-1_Organisator-.jpg\",\"keywords\":[\"Aus-\\\/Weiterbildung\",\"Management und Unternehmensf\u00fchrung\",\"Nachfolgeregelung\"],\"articleSection\":[\"MANAGEMENT\",\"WEITERBILDUNG\"],\"inLanguage\":\"it-IT\"},{\"@type\":\"WebPage\",\"@id\":\"https:\\\/\\\/www.organisator.ch\\\/management\\\/2022-08-24\\\/seminar-nachfolgeregelung-ganzheitlich-betrachten\\\/\",\"url\":\"https:\\\/\\\/www.organisator.ch\\\/management\\\/2022-08-24\\\/seminar-nachfolgeregelung-ganzheitlich-betrachten\\\/\",\"name\":\"Seminar: Nachfolgeregelung ganzheitlich betrachten - Organisator\",\"isPartOf\":{\"@id\":\"https:\\\/\\\/www.organisator.ch\\\/#website\"},\"primaryImageOfPage\":{\"@id\":\"https:\\\/\\\/www.organisator.ch\\\/management\\\/2022-08-24\\\/seminar-nachfolgeregelung-ganzheitlich-betrachten\\\/#primaryimage\"},\"image\":{\"@id\":\"https:\\\/\\\/www.organisator.ch\\\/management\\\/2022-08-24\\\/seminar-nachfolgeregelung-ganzheitlich-betrachten\\\/#primaryimage\"},\"thumbnailUrl\":\"https:\\\/\\\/www.organisator.ch\\\/wp-content\\\/uploads\\\/2022\\\/08\\\/Seminar-Nachfolgeregelung-ganzheitlich-betrachten-1_Organisator-.jpg\",\"datePublished\":\"2022-08-24T06:08:08+00:00\",\"dateModified\":\"2022-09-16T06:53:21+00:00\",\"description\":\"Eine Nachfolgeregelung ist ein Prozess, der ganzheitlich betrachtet werden muss. Ein neues Seminar wendet sich an Nachfolge-Berater\\\/-innen.\",\"breadcrumb\":{\"@id\":\"https:\\\/\\\/www.organisator.ch\\\/management\\\/2022-08-24\\\/seminar-nachfolgeregelung-ganzheitlich-betrachten\\\/#breadcrumb\"},\"inLanguage\":\"it-IT\",\"potentialAction\":[{\"@type\":\"ReadAction\",\"target\":[\"https:\\\/\\\/www.organisator.ch\\\/management\\\/2022-08-24\\\/seminar-nachfolgeregelung-ganzheitlich-betrachten\\\/\"]}]},{\"@type\":\"ImageObject\",\"inLanguage\":\"it-IT\",\"@id\":\"https:\\\/\\\/www.organisator.ch\\\/management\\\/2022-08-24\\\/seminar-nachfolgeregelung-ganzheitlich-betrachten\\\/#primaryimage\",\"url\":\"https:\\\/\\\/www.organisator.ch\\\/wp-content\\\/uploads\\\/2022\\\/08\\\/Seminar-Nachfolgeregelung-ganzheitlich-betrachten-1_Organisator-.jpg\",\"contentUrl\":\"https:\\\/\\\/www.organisator.ch\\\/wp-content\\\/uploads\\\/2022\\\/08\\\/Seminar-Nachfolgeregelung-ganzheitlich-betrachten-1_Organisator-.jpg\",\"width\":680,\"height\":448,\"caption\":\"F\u00fcr eine Nachfolgeregelung braucht es viele Gespr\u00e4che, auch unter Beizug einer externen Beratung. (Bild: Depositphotos.com)\"},{\"@type\":\"BreadcrumbList\",\"@id\":\"https:\\\/\\\/www.organisator.ch\\\/management\\\/2022-08-24\\\/seminar-nachfolgeregelung-ganzheitlich-betrachten\\\/#breadcrumb\",\"itemListElement\":[{\"@type\":\"ListItem\",\"position\":1,\"name\":\"Home\",\"item\":\"https:\\\/\\\/www.organisator.ch\\\/\"},{\"@type\":\"ListItem\",\"position\":2,\"name\":\"Seminar: Nachfolgeregelung ganzheitlich betrachten\"}]},{\"@type\":\"WebSite\",\"@id\":\"https:\\\/\\\/www.organisator.ch\\\/#website\",\"url\":\"https:\\\/\\\/www.organisator.ch\\\/\",\"name\":\"Organisator\",\"description\":\"Kompetent. Praxisnah. Der ORGANISATOR bereitet in 10 Ausgaben pro Jahr die wesentlichen Themen f\u00fcr F\u00fchrungskr\u00e4fte von KMU auf.\",\"publisher\":{\"@id\":\"https:\\\/\\\/www.organisator.ch\\\/#organization\"},\"potentialAction\":[{\"@type\":\"SearchAction\",\"target\":{\"@type\":\"EntryPoint\",\"urlTemplate\":\"https:\\\/\\\/www.organisator.ch\\\/?s={search_term_string}\"},\"query-input\":{\"@type\":\"PropertyValueSpecification\",\"valueRequired\":true,\"valueName\":\"search_term_string\"}}],\"inLanguage\":\"it-IT\"},{\"@type\":\"Organization\",\"@id\":\"https:\\\/\\\/www.organisator.ch\\\/#organization\",\"name\":\"Organisator\",\"url\":\"https:\\\/\\\/www.organisator.ch\\\/\",\"logo\":{\"@type\":\"ImageObject\",\"inLanguage\":\"it-IT\",\"@id\":\"https:\\\/\\\/www.organisator.ch\\\/#\\\/schema\\\/logo\\\/image\\\/\",\"url\":\"https:\\\/\\\/www.organisator.ch\\\/wp-content\\\/uploads\\\/2022\\\/01\\\/Logo_Organisator_Website.png\",\"contentUrl\":\"https:\\\/\\\/www.organisator.ch\\\/wp-content\\\/uploads\\\/2022\\\/01\\\/Logo_Organisator_Website.png\",\"width\":800,\"height\":77,\"caption\":\"Organisator\"},\"image\":{\"@id\":\"https:\\\/\\\/www.organisator.ch\\\/#\\\/schema\\\/logo\\\/image\\\/\"},\"sameAs\":[\"https:\\\/\\\/www.facebook.com\\\/OrganisatorFachmagazin\",\"https:\\\/\\\/www.linkedin.com\\\/showcase\\\/organisator-das-magazin-fr-kmu\",\"https:\\\/\\\/www.xing.com\\\/news\\\/pages\\\/organisator-ch-695\",\"https:\\\/\\\/www.youtube.com\\\/channel\\\/UCGP2Sq0iWaZwT3BdIAQFYpw\"]},{\"@type\":\"Person\",\"@id\":\"https:\\\/\\\/www.organisator.ch\\\/#\\\/schema\\\/person\\\/6f650f90b2842cd4c0cc334b4e36f67e\",\"name\":\"thomas.berner\",\"image\":{\"@type\":\"ImageObject\",\"inLanguage\":\"it-IT\",\"@id\":\"https:\\\/\\\/secure.gravatar.com\\\/avatar\\\/ac5001d2a36cb6c6cd3e50789007ffca834b477b74a2144564522e944eabff61?s=96&d=mm&r=g\",\"url\":\"https:\\\/\\\/secure.gravatar.com\\\/avatar\\\/ac5001d2a36cb6c6cd3e50789007ffca834b477b74a2144564522e944eabff61?s=96&d=mm&r=g\",\"contentUrl\":\"https:\\\/\\\/secure.gravatar.com\\\/avatar\\\/ac5001d2a36cb6c6cd3e50789007ffca834b477b74a2144564522e944eabff61?s=96&d=mm&r=g\",\"caption\":\"thomas.berner\"},\"url\":\"https:\\\/\\\/www.organisator.ch\\\/it\\\/author\\\/thomas-berner\\\/\"}]}<\/script>\n<!-- \/ Yoast SEO plugin. -->","yoast_head_json":{"title":"Seminario: Visione olistica della pianificazione della successione - Organizzatore","description":"La pianificazione della successione \u00e8 un processo che deve essere considerato in modo olistico. Un nuovo seminario \u00e8 rivolto ai consulenti per la successione.","robots":{"index":"index","follow":"follow","max-snippet":"max-snippet:-1","max-image-preview":"max-image-preview:large","max-video-preview":"max-video-preview:-1"},"canonical":"https:\/\/www.organisator.ch\/it\/gestione-2\/2022-08-24\/seminario-successione-regolamentazione-considerazione-olistica\/","og_locale":"it_IT","og_type":"article","og_title":"Seminar: Nachfolgeregelung ganzheitlich betrachten","og_description":"Eine Nachfolgeregelung ist ein Prozess, der ganzheitlich betrachtet werden muss. Ein neues Seminar wendet sich an Nachfolge-Berater\/-innen.","og_url":"https:\/\/www.organisator.ch\/it\/gestione-2\/2022-08-24\/seminario-successione-regolamentazione-considerazione-olistica\/","og_site_name":"Organisator","article_publisher":"https:\/\/www.facebook.com\/OrganisatorFachmagazin","article_published_time":"2022-08-24T06:08:08+00:00","article_modified_time":"2022-09-16T06:53:21+00:00","og_image":[{"width":680,"height":448,"url":"https:\/\/www.organisator.ch\/wp-content\/uploads\/2022\/08\/Seminar-Nachfolgeregelung-ganzheitlich-betrachten-1_Organisator-.jpg","type":"image\/jpeg"}],"author":"thomas.berner","twitter_card":"summary_large_image","twitter_title":"Seminar: #Nachfolgeregelung ganzheitlich betrachten","twitter_description":"Eine #Nachfolgeregelung ist ein Prozess, der ganzheitlich betrachtet werden muss. Ein neues #Seminar wendet sich an #Nachfolge-Berater\/-innen.","twitter_image":"https:\/\/www.organisator.ch\/wp-content\/uploads\/2022\/08\/Seminar-Nachfolgeregelung-ganzheitlich-betrachten-1_Organisator-.jpg","schema":{"@context":"https:\/\/schema.org","@graph":[{"@type":"Article","@id":"https:\/\/www.organisator.ch\/management\/2022-08-24\/seminar-nachfolgeregelung-ganzheitlich-betrachten\/#article","isPartOf":{"@id":"https:\/\/www.organisator.ch\/management\/2022-08-24\/seminar-nachfolgeregelung-ganzheitlich-betrachten\/"},"author":{"name":"thomas.berner","@id":"https:\/\/www.organisator.ch\/#\/schema\/person\/6f650f90b2842cd4c0cc334b4e36f67e"},"headline":"Seminar: Nachfolgeregelung ganzheitlich betrachten","datePublished":"2022-08-24T06:08:08+00:00","dateModified":"2022-09-16T06:53:21+00:00","mainEntityOfPage":{"@id":"https:\/\/www.organisator.ch\/management\/2022-08-24\/seminar-nachfolgeregelung-ganzheitlich-betrachten\/"},"wordCount":1126,"publisher":{"@id":"https:\/\/www.organisator.ch\/#organization"},"image":{"@id":"https:\/\/www.organisator.ch\/management\/2022-08-24\/seminar-nachfolgeregelung-ganzheitlich-betrachten\/#primaryimage"},"thumbnailUrl":"https:\/\/www.organisator.ch\/wp-content\/uploads\/2022\/08\/Seminar-Nachfolgeregelung-ganzheitlich-betrachten-1_Organisator-.jpg","keywords":["Aus-\/Weiterbildung","Management und Unternehmensf\u00fchrung","Nachfolgeregelung"],"articleSection":["MANAGEMENT","WEITERBILDUNG"],"inLanguage":"it-IT"},{"@type":"WebPage","@id":"https:\/\/www.organisator.ch\/management\/2022-08-24\/seminar-nachfolgeregelung-ganzheitlich-betrachten\/","url":"https:\/\/www.organisator.ch\/management\/2022-08-24\/seminar-nachfolgeregelung-ganzheitlich-betrachten\/","name":"Seminario: Visione olistica della pianificazione della successione - Organizzatore","isPartOf":{"@id":"https:\/\/www.organisator.ch\/#website"},"primaryImageOfPage":{"@id":"https:\/\/www.organisator.ch\/management\/2022-08-24\/seminar-nachfolgeregelung-ganzheitlich-betrachten\/#primaryimage"},"image":{"@id":"https:\/\/www.organisator.ch\/management\/2022-08-24\/seminar-nachfolgeregelung-ganzheitlich-betrachten\/#primaryimage"},"thumbnailUrl":"https:\/\/www.organisator.ch\/wp-content\/uploads\/2022\/08\/Seminar-Nachfolgeregelung-ganzheitlich-betrachten-1_Organisator-.jpg","datePublished":"2022-08-24T06:08:08+00:00","dateModified":"2022-09-16T06:53:21+00:00","description":"La pianificazione della successione \u00e8 un processo che deve essere considerato in modo olistico. Un nuovo seminario \u00e8 rivolto ai consulenti per la successione.","breadcrumb":{"@id":"https:\/\/www.organisator.ch\/management\/2022-08-24\/seminar-nachfolgeregelung-ganzheitlich-betrachten\/#breadcrumb"},"inLanguage":"it-IT","potentialAction":[{"@type":"ReadAction","target":["https:\/\/www.organisator.ch\/management\/2022-08-24\/seminar-nachfolgeregelung-ganzheitlich-betrachten\/"]}]},{"@type":"ImageObject","inLanguage":"it-IT","@id":"https:\/\/www.organisator.ch\/management\/2022-08-24\/seminar-nachfolgeregelung-ganzheitlich-betrachten\/#primaryimage","url":"https:\/\/www.organisator.ch\/wp-content\/uploads\/2022\/08\/Seminar-Nachfolgeregelung-ganzheitlich-betrachten-1_Organisator-.jpg","contentUrl":"https:\/\/www.organisator.ch\/wp-content\/uploads\/2022\/08\/Seminar-Nachfolgeregelung-ganzheitlich-betrachten-1_Organisator-.jpg","width":680,"height":448,"caption":"F\u00fcr eine Nachfolgeregelung braucht es viele Gespr\u00e4che, auch unter Beizug einer externen Beratung. (Bild: Depositphotos.com)"},{"@type":"BreadcrumbList","@id":"https:\/\/www.organisator.ch\/management\/2022-08-24\/seminar-nachfolgeregelung-ganzheitlich-betrachten\/#breadcrumb","itemListElement":[{"@type":"ListItem","position":1,"name":"Home","item":"https:\/\/www.organisator.ch\/"},{"@type":"ListItem","position":2,"name":"Seminar: Nachfolgeregelung ganzheitlich betrachten"}]},{"@type":"WebSite","@id":"https:\/\/www.organisator.ch\/#website","url":"https:\/\/www.organisator.ch\/","name":"Organizzatore","description":"Competente. Pratico. In 10 numeri all'anno, ORGANISATOR presenta i temi essenziali per i manager delle PMI.","publisher":{"@id":"https:\/\/www.organisator.ch\/#organization"},"potentialAction":[{"@type":"SearchAction","target":{"@type":"EntryPoint","urlTemplate":"https:\/\/www.organisator.ch\/?s={search_term_string}"},"query-input":{"@type":"PropertyValueSpecification","valueRequired":true,"valueName":"search_term_string"}}],"inLanguage":"it-IT"},{"@type":"Organization","@id":"https:\/\/www.organisator.ch\/#organization","name":"Organizzatore","url":"https:\/\/www.organisator.ch\/","logo":{"@type":"ImageObject","inLanguage":"it-IT","@id":"https:\/\/www.organisator.ch\/#\/schema\/logo\/image\/","url":"https:\/\/www.organisator.ch\/wp-content\/uploads\/2022\/01\/Logo_Organisator_Website.png","contentUrl":"https:\/\/www.organisator.ch\/wp-content\/uploads\/2022\/01\/Logo_Organisator_Website.png","width":800,"height":77,"caption":"Organisator"},"image":{"@id":"https:\/\/www.organisator.ch\/#\/schema\/logo\/image\/"},"sameAs":["https:\/\/www.facebook.com\/OrganisatorFachmagazin","https:\/\/www.linkedin.com\/showcase\/organisator-das-magazin-fr-kmu","https:\/\/www.xing.com\/news\/pages\/organisator-ch-695","https:\/\/www.youtube.com\/channel\/UCGP2Sq0iWaZwT3BdIAQFYpw"]},{"@type":"Person","@id":"https:\/\/www.organisator.ch\/#\/schema\/person\/6f650f90b2842cd4c0cc334b4e36f67e","name":"Tommaso.berner","image":{"@type":"ImageObject","inLanguage":"it-IT","@id":"https:\/\/secure.gravatar.com\/avatar\/ac5001d2a36cb6c6cd3e50789007ffca834b477b74a2144564522e944eabff61?s=96&d=mm&r=g","url":"https:\/\/secure.gravatar.com\/avatar\/ac5001d2a36cb6c6cd3e50789007ffca834b477b74a2144564522e944eabff61?s=96&d=mm&r=g","contentUrl":"https:\/\/secure.gravatar.com\/avatar\/ac5001d2a36cb6c6cd3e50789007ffca834b477b74a2144564522e944eabff61?s=96&d=mm&r=g","caption":"thomas.berner"},"url":"https:\/\/www.organisator.ch\/it\/author\/thomas-berner\/"}]}},"_links":{"self":[{"href":"https:\/\/www.organisator.ch\/it\/wp-json\/wp\/v2\/posts\/16667","targetHints":{"allow":["GET"]}}],"collection":[{"href":"https:\/\/www.organisator.ch\/it\/wp-json\/wp\/v2\/posts"}],"about":[{"href":"https:\/\/www.organisator.ch\/it\/wp-json\/wp\/v2\/types\/post"}],"author":[{"embeddable":true,"href":"https:\/\/www.organisator.ch\/it\/wp-json\/wp\/v2\/users\/4"}],"replies":[{"embeddable":true,"href":"https:\/\/www.organisator.ch\/it\/wp-json\/wp\/v2\/comments?post=16667"}],"version-history":[{"count":2,"href":"https:\/\/www.organisator.ch\/it\/wp-json\/wp\/v2\/posts\/16667\/revisions"}],"predecessor-version":[{"id":16674,"href":"https:\/\/www.organisator.ch\/it\/wp-json\/wp\/v2\/posts\/16667\/revisions\/16674"}],"wp:featuredmedia":[{"embeddable":true,"href":"https:\/\/www.organisator.ch\/it\/wp-json\/wp\/v2\/media\/16672"}],"wp:attachment":[{"href":"https:\/\/www.organisator.ch\/it\/wp-json\/wp\/v2\/media?parent=16667"}],"wp:term":[{"taxonomy":"category","embeddable":true,"href":"https:\/\/www.organisator.ch\/it\/wp-json\/wp\/v2\/categories?post=16667"},{"taxonomy":"post_tag","embeddable":true,"href":"https:\/\/www.organisator.ch\/it\/wp-json\/wp\/v2\/tags?post=16667"}],"curies":[{"name":"wp","href":"https:\/\/api.w.org\/{rel}","templated":true}]}}