{"id":16691,"date":"2022-08-25T13:40:17","date_gmt":"2022-08-25T11:40:17","guid":{"rendered":"https:\/\/www.organisator.ch\/?p=16691"},"modified":"2022-08-25T13:40:17","modified_gmt":"2022-08-25T11:40:17","slug":"gli-stipendi-nel-settore-rimangono-stabili-ad-un-livello-elevato","status":"publish","type":"post","link":"https:\/\/www.organisator.ch\/it\/human-resources\/2022-08-25\/salaere-in-der-it-branche-bleiben-auf-hohem-niveau-stabil\/","title":{"rendered":"Gli stipendi nel settore IT rimangono stabili ad un livello elevato"},"content":{"rendered":"<figure id=\"attachment_16698\" aria-describedby=\"caption-attachment-16698\" style=\"width: 680px\" class=\"wp-caption alignnone\"><img loading=\"lazy\" decoding=\"async\" class=\"size-full wp-image-16698\" src=\"https:\/\/www.organisator.ch\/wp-content\/uploads\/2022\/08\/Salare-in-der-IT-Branche-bleiben-auf-hohem-Niveau-stabil_Organisator.jpg\" alt=\"\" width=\"680\" height=\"349\" srcset=\"https:\/\/www.organisator.ch\/wp-content\/uploads\/2022\/08\/Salare-in-der-IT-Branche-bleiben-auf-hohem-Niveau-stabil_Organisator.jpg 680w, https:\/\/www.organisator.ch\/wp-content\/uploads\/2022\/08\/Salare-in-der-IT-Branche-bleiben-auf-hohem-Niveau-stabil_Organisator-18x9.jpg 18w, https:\/\/www.organisator.ch\/wp-content\/uploads\/2022\/08\/Salare-in-der-IT-Branche-bleiben-auf-hohem-Niveau-stabil_Organisator-341x175.jpg 341w, https:\/\/www.organisator.ch\/wp-content\/uploads\/2022\/08\/Salare-in-der-IT-Branche-bleiben-auf-hohem-Niveau-stabil_Organisator-300x154.jpg 300w\" sizes=\"auto, (max-width: 680px) 100vw, 680px\" \/><figcaption id=\"caption-attachment-16698\" class=\"wp-caption-text\">Stipendi nell'ICT 2022: nonostante la spinta alla digitalizzazione, gli stipendi rimangono stabili ad un livello elevato. (Grafico: Swiss ICT)<\/figcaption><\/figure>\n<p>Nonostante l'aumento della domanda, con la crescente digitalizzazione degli ultimi anni, e contrariamente alle aspettative comuni, gli stipendi nel settore ICT rimangono sostanzialmente stabili per il 2022. Ci\u00f2 \u00e8 confermato dallo studio annuale sui salari pubblicato da SwissICT. Tenendo conto dell'inflazione (al 01 maggio '22), gli stipendi sono addirittura in leggero calo, secondo lo studio. Le possibili spiegazioni di questo sviluppo sono, da un lato, il reclutamento di talenti che devono ancora essere promossi e, dall'altro, lo spostamento dei livelli di competenza all'interno dei profili professionali agili. Per le PMI e le microimprese, questo garantisce un accesso continuo agli specialisti delle TIC. Le retribuzioni rimangono stabili in tutti i settori.<\/p>\n<p>Tuttavia, un'analisi differenziata mostra che il numero di menzioni e l'aumento del livello salariale sono particolarmente evidenti per gli stipendi pi\u00f9 bassi. Ci\u00f2 potrebbe indicare che, a causa della carenza di lavoratori qualificati, sono stati assunti pi\u00f9 nuovi arrivati, che hanno potuto beneficiare di un salario pi\u00f9 alto rispetto al passato. Resta da vedere cosa ci diranno i dati del 2023 sugli ulteriori sviluppi.<\/p>\n<h3>Crescita dei profili professionali agili<\/h3>\n<p>Come nelle precedenti indagini, anche quest'anno si \u00e8 registrato un aumento dei profili professionali agili. Per la prima volta sono stati intervistati anche i profili Product Manager e Release Train Engineer. Ci sono state 97 menzioni del profilo di Product Manager e ben 136 menzioni dello stipendio di Release Train Engineer. Questo dato \u00e8 molto promettente per la prima indagine su questi profili professionali e dimostra che la creazione di professioni agili sta facendo progressi costanti.<\/p>\n<p>Quest'anno sono state apportate ulteriori innovazioni per quanto riguarda i gruppi di et\u00e0. La classificazione per et\u00e0 aggiuntiva ed estesa consente di osservare meglio i cambiamenti sociali e di trarre conclusioni pi\u00f9 chiare dalle tendenze salariali e dalle menzioni. \u00c8 stato inoltre effettuato un adeguamento settoriale. Il consolidamento dei settori \u00e8 stato effettuato sulla base delle voci degli ultimi cinque anni. Questo cambiamento aumenta di molte volte la significativit\u00e0 e la solidit\u00e0 dei dati raccolti.<\/p>\n<h3>Gli stipendi dei tirocinanti ICT sono pi\u00f9 alti del previsto<\/h3>\n<p>Per la prima volta \u00e8 stata condotta un'indagine sui salari degli apprendisti. L'indagine \u00e8 stata condotta nei programmi di formazione professionale di base per specialisti IT, specialisti ICT e specialisti dei media. 122 aziende svizzere hanno inserito i loro dati sugli apprendisti. Interessante: la mediana \u00e8 al limite superiore delle raccomandazioni (a volte anche al di sopra) dell'associazione responsabile ICT-Berufsbildung Schweiz. I risultati dell'indagine salariale mostrano che gli stipendi degli apprendisti ICT sono pi\u00f9 alti nelle banche e nelle compagnie di assicurazione. Seguono le amministrazioni pubbliche e altri settori. Un dato interessante: gli stipendi pi\u00f9 bassi si trovano nelle aziende IT.<\/p>\n<p><em>Fonte: <a href=\"http:\/\/www.swissict.ch\">SvizzeraICT<\/a><\/em><\/p>","protected":false},"excerpt":{"rendered":"<p>Trotz der h\u00f6heren Nachfrage, mit der zunehmenden Digitalisierung der letzten Jahre, und entgegen den g\u00e4ngigen Erwartungen bleiben die Sal\u00e4re in der ICT-Branche f\u00fcr 2022 weitgehend stabil. Dies belegt die j\u00e4hrlich erscheinende Sal\u00e4rstudie von SwissICT. Unter Betrachtung der Inflation (per 01.Mai \u201922) sind die L\u00f6hne sogar leicht r\u00fcckl\u00e4ufig, stellt die Studie fest. M\u00f6gliche Erkl\u00e4rungen zu dieser [&hellip;]<\/p>\n","protected":false},"author":4,"featured_media":16698,"comment_status":"closed","ping_status":"closed","sticky":false,"template":"","format":"standard","meta":{"_acf_changed":false,"_yoast_wpseo_focuskw":"Sal\u00e4re","_yoast_wpseo_metadesc":"Der Branchenverband SwissICT hat die Sal\u00e4rstudie 2022 ver\u00f6ffentlicht. Zum ersten Mal wurden auch die Sal\u00e4re von Lernenden erhoben.","articlekey":"","footnotes":""},"categories":[579,27],"tags":[254,286,329,3344],"class_list":["post-16691","post","type-post","status-publish","format-standard","has-post-thumbnail","hentry","category-human-resources","category-it","tag-hrm","tag-it","tag-loehne","tag-salaerstudie"],"acf":[],"yoast_head":"<!-- This site is optimized with the Yoast SEO plugin v27.5 - https:\/\/yoast.com\/product\/yoast-seo-wordpress\/ -->\n<title>Sal\u00e4re in der IT-Branche bleiben auf hohem Niveau stabil - Organisator<\/title>\n<meta name=\"description\" content=\"Der Branchenverband SwissICT hat die Sal\u00e4rstudie 2022 ver\u00f6ffentlicht. Zum ersten Mal wurden auch die Sal\u00e4re von Lernenden erhoben.\" \/>\n<meta name=\"robots\" content=\"index, follow, max-snippet:-1, max-image-preview:large, max-video-preview:-1\" \/>\n<link rel=\"canonical\" href=\"https:\/\/www.organisator.ch\/it\/gestione-2\/it\/2022-08-25\/gli-stipendi-nel-settore-rimangono-stabili-ad-un-livello-elevato\/\" \/>\n<meta property=\"og:locale\" content=\"it_IT\" \/>\n<meta property=\"og:type\" content=\"article\" \/>\n<meta property=\"og:title\" content=\"Sal\u00e4re in der IT-Branche bleiben auf hohem Niveau stabil\" \/>\n<meta property=\"og:description\" content=\"Der Branchenverband SwissICT hat die Sal\u00e4rstudie 2022 ver\u00f6ffentlicht. Zum ersten Mal wurden auch die Sal\u00e4re von Lernenden erhoben.\" \/>\n<meta property=\"og:url\" content=\"https:\/\/www.organisator.ch\/it\/gestione-2\/it\/2022-08-25\/gli-stipendi-nel-settore-rimangono-stabili-ad-un-livello-elevato\/\" \/>\n<meta property=\"og:site_name\" content=\"Organisator\" \/>\n<meta property=\"article:publisher\" content=\"https:\/\/www.facebook.com\/OrganisatorFachmagazin\" \/>\n<meta property=\"article:published_time\" content=\"2022-08-25T11:40:17+00:00\" \/>\n<meta property=\"og:image\" content=\"https:\/\/www.organisator.ch\/wp-content\/uploads\/2022\/08\/Salare-in-der-IT-Branche-bleiben-auf-hohem-Niveau-stabil_Organisator.jpg\" \/>\n\t<meta property=\"og:image:width\" content=\"680\" \/>\n\t<meta property=\"og:image:height\" content=\"349\" \/>\n\t<meta property=\"og:image:type\" content=\"image\/jpeg\" \/>\n<meta name=\"author\" content=\"thomas.berner\" \/>\n<meta name=\"twitter:card\" content=\"summary_large_image\" \/>\n<meta name=\"twitter:title\" content=\"#Sal\u00e4re in der #IT-Branche bleiben auf hohem Niveau stabil\" \/>\n<meta name=\"twitter:description\" content=\"Der #Branchenverband #SwissICT hat die #Sal\u00e4rstudie 2022 ver\u00f6ffentlicht. Zum ersten Mal wurden auch die #Sal\u00e4re von Lernenden erhoben.\" \/>\n<meta name=\"twitter:image\" content=\"https:\/\/www.organisator.ch\/wp-content\/uploads\/2022\/08\/Salare-in-der-IT-Branche-bleiben-auf-hohem-Niveau-stabil_Organisator.jpg\" \/>\n<script type=\"application\/ld+json\" class=\"yoast-schema-graph\">{\"@context\":\"https:\\\/\\\/schema.org\",\"@graph\":[{\"@type\":\"Article\",\"@id\":\"https:\\\/\\\/www.organisator.ch\\\/management\\\/it\\\/2022-08-25\\\/salaere-in-der-it-branche-bleiben-auf-hohem-niveau-stabil\\\/#article\",\"isPartOf\":{\"@id\":\"https:\\\/\\\/www.organisator.ch\\\/management\\\/it\\\/2022-08-25\\\/salaere-in-der-it-branche-bleiben-auf-hohem-niveau-stabil\\\/\"},\"author\":{\"name\":\"thomas.berner\",\"@id\":\"https:\\\/\\\/www.organisator.ch\\\/#\\\/schema\\\/person\\\/6f650f90b2842cd4c0cc334b4e36f67e\"},\"headline\":\"Sal\u00e4re in der IT-Branche bleiben auf hohem Niveau stabil\",\"datePublished\":\"2022-08-25T11:40:17+00:00\",\"mainEntityOfPage\":{\"@id\":\"https:\\\/\\\/www.organisator.ch\\\/management\\\/it\\\/2022-08-25\\\/salaere-in-der-it-branche-bleiben-auf-hohem-niveau-stabil\\\/\"},\"wordCount\":463,\"publisher\":{\"@id\":\"https:\\\/\\\/www.organisator.ch\\\/#organization\"},\"image\":{\"@id\":\"https:\\\/\\\/www.organisator.ch\\\/management\\\/it\\\/2022-08-25\\\/salaere-in-der-it-branche-bleiben-auf-hohem-niveau-stabil\\\/#primaryimage\"},\"thumbnailUrl\":\"https:\\\/\\\/www.organisator.ch\\\/wp-content\\\/uploads\\\/2022\\\/08\\\/Salare-in-der-IT-Branche-bleiben-auf-hohem-Niveau-stabil_Organisator.jpg\",\"keywords\":[\"HRM\",\"IT\",\"L\u00f6hne\",\"Sal\u00e4rstudie\"],\"articleSection\":[\"HUMAN RESOURCES\",\"IT\"],\"inLanguage\":\"it-IT\"},{\"@type\":\"WebPage\",\"@id\":\"https:\\\/\\\/www.organisator.ch\\\/management\\\/it\\\/2022-08-25\\\/salaere-in-der-it-branche-bleiben-auf-hohem-niveau-stabil\\\/\",\"url\":\"https:\\\/\\\/www.organisator.ch\\\/management\\\/it\\\/2022-08-25\\\/salaere-in-der-it-branche-bleiben-auf-hohem-niveau-stabil\\\/\",\"name\":\"Sal\u00e4re in der IT-Branche bleiben auf hohem Niveau stabil - Organisator\",\"isPartOf\":{\"@id\":\"https:\\\/\\\/www.organisator.ch\\\/#website\"},\"primaryImageOfPage\":{\"@id\":\"https:\\\/\\\/www.organisator.ch\\\/management\\\/it\\\/2022-08-25\\\/salaere-in-der-it-branche-bleiben-auf-hohem-niveau-stabil\\\/#primaryimage\"},\"image\":{\"@id\":\"https:\\\/\\\/www.organisator.ch\\\/management\\\/it\\\/2022-08-25\\\/salaere-in-der-it-branche-bleiben-auf-hohem-niveau-stabil\\\/#primaryimage\"},\"thumbnailUrl\":\"https:\\\/\\\/www.organisator.ch\\\/wp-content\\\/uploads\\\/2022\\\/08\\\/Salare-in-der-IT-Branche-bleiben-auf-hohem-Niveau-stabil_Organisator.jpg\",\"datePublished\":\"2022-08-25T11:40:17+00:00\",\"description\":\"Der Branchenverband SwissICT hat die Sal\u00e4rstudie 2022 ver\u00f6ffentlicht. Zum ersten Mal wurden auch die Sal\u00e4re von Lernenden erhoben.\",\"breadcrumb\":{\"@id\":\"https:\\\/\\\/www.organisator.ch\\\/management\\\/it\\\/2022-08-25\\\/salaere-in-der-it-branche-bleiben-auf-hohem-niveau-stabil\\\/#breadcrumb\"},\"inLanguage\":\"it-IT\",\"potentialAction\":[{\"@type\":\"ReadAction\",\"target\":[\"https:\\\/\\\/www.organisator.ch\\\/management\\\/it\\\/2022-08-25\\\/salaere-in-der-it-branche-bleiben-auf-hohem-niveau-stabil\\\/\"]}]},{\"@type\":\"ImageObject\",\"inLanguage\":\"it-IT\",\"@id\":\"https:\\\/\\\/www.organisator.ch\\\/management\\\/it\\\/2022-08-25\\\/salaere-in-der-it-branche-bleiben-auf-hohem-niveau-stabil\\\/#primaryimage\",\"url\":\"https:\\\/\\\/www.organisator.ch\\\/wp-content\\\/uploads\\\/2022\\\/08\\\/Salare-in-der-IT-Branche-bleiben-auf-hohem-Niveau-stabil_Organisator.jpg\",\"contentUrl\":\"https:\\\/\\\/www.organisator.ch\\\/wp-content\\\/uploads\\\/2022\\\/08\\\/Salare-in-der-IT-Branche-bleiben-auf-hohem-Niveau-stabil_Organisator.jpg\",\"width\":680,\"height\":349,\"caption\":\"Sal\u00e4re der ICT 2022: Trotz Digitalisierungsschub bleiben die L\u00f6hne auf hohem Niveau stabil. (Grafik: Swiss ICT)\"},{\"@type\":\"BreadcrumbList\",\"@id\":\"https:\\\/\\\/www.organisator.ch\\\/management\\\/it\\\/2022-08-25\\\/salaere-in-der-it-branche-bleiben-auf-hohem-niveau-stabil\\\/#breadcrumb\",\"itemListElement\":[{\"@type\":\"ListItem\",\"position\":1,\"name\":\"Home\",\"item\":\"https:\\\/\\\/www.organisator.ch\\\/\"},{\"@type\":\"ListItem\",\"position\":2,\"name\":\"Sal\u00e4re in der IT-Branche bleiben auf hohem Niveau stabil\"}]},{\"@type\":\"WebSite\",\"@id\":\"https:\\\/\\\/www.organisator.ch\\\/#website\",\"url\":\"https:\\\/\\\/www.organisator.ch\\\/\",\"name\":\"Organisator\",\"description\":\"Kompetent. Praxisnah. Der ORGANISATOR bereitet in 10 Ausgaben pro Jahr die wesentlichen Themen f\u00fcr F\u00fchrungskr\u00e4fte von KMU auf.\",\"publisher\":{\"@id\":\"https:\\\/\\\/www.organisator.ch\\\/#organization\"},\"potentialAction\":[{\"@type\":\"SearchAction\",\"target\":{\"@type\":\"EntryPoint\",\"urlTemplate\":\"https:\\\/\\\/www.organisator.ch\\\/?s={search_term_string}\"},\"query-input\":{\"@type\":\"PropertyValueSpecification\",\"valueRequired\":true,\"valueName\":\"search_term_string\"}}],\"inLanguage\":\"it-IT\"},{\"@type\":\"Organization\",\"@id\":\"https:\\\/\\\/www.organisator.ch\\\/#organization\",\"name\":\"Organisator\",\"url\":\"https:\\\/\\\/www.organisator.ch\\\/\",\"logo\":{\"@type\":\"ImageObject\",\"inLanguage\":\"it-IT\",\"@id\":\"https:\\\/\\\/www.organisator.ch\\\/#\\\/schema\\\/logo\\\/image\\\/\",\"url\":\"https:\\\/\\\/www.organisator.ch\\\/wp-content\\\/uploads\\\/2022\\\/01\\\/Logo_Organisator_Website.png\",\"contentUrl\":\"https:\\\/\\\/www.organisator.ch\\\/wp-content\\\/uploads\\\/2022\\\/01\\\/Logo_Organisator_Website.png\",\"width\":800,\"height\":77,\"caption\":\"Organisator\"},\"image\":{\"@id\":\"https:\\\/\\\/www.organisator.ch\\\/#\\\/schema\\\/logo\\\/image\\\/\"},\"sameAs\":[\"https:\\\/\\\/www.facebook.com\\\/OrganisatorFachmagazin\",\"https:\\\/\\\/www.linkedin.com\\\/showcase\\\/organisator-das-magazin-fr-kmu\",\"https:\\\/\\\/www.xing.com\\\/news\\\/pages\\\/organisator-ch-695\",\"https:\\\/\\\/www.youtube.com\\\/channel\\\/UCGP2Sq0iWaZwT3BdIAQFYpw\"]},{\"@type\":\"Person\",\"@id\":\"https:\\\/\\\/www.organisator.ch\\\/#\\\/schema\\\/person\\\/6f650f90b2842cd4c0cc334b4e36f67e\",\"name\":\"thomas.berner\",\"image\":{\"@type\":\"ImageObject\",\"inLanguage\":\"it-IT\",\"@id\":\"https:\\\/\\\/secure.gravatar.com\\\/avatar\\\/ac5001d2a36cb6c6cd3e50789007ffca834b477b74a2144564522e944eabff61?s=96&d=mm&r=g\",\"url\":\"https:\\\/\\\/secure.gravatar.com\\\/avatar\\\/ac5001d2a36cb6c6cd3e50789007ffca834b477b74a2144564522e944eabff61?s=96&d=mm&r=g\",\"contentUrl\":\"https:\\\/\\\/secure.gravatar.com\\\/avatar\\\/ac5001d2a36cb6c6cd3e50789007ffca834b477b74a2144564522e944eabff61?s=96&d=mm&r=g\",\"caption\":\"thomas.berner\"},\"url\":\"https:\\\/\\\/www.organisator.ch\\\/it\\\/author\\\/thomas-berner\\\/\"}]}<\/script>\n<!-- \/ Yoast SEO plugin. -->","yoast_head_json":{"title":"Gli stipendi nel settore IT rimangono stabili ad un livello elevato - Organizzatore","description":"L'associazione di settore SwissICT ha pubblicato il Salary Survey 2022. Per la prima volta sono stati rilevati anche i salari degli apprendisti.","robots":{"index":"index","follow":"follow","max-snippet":"max-snippet:-1","max-image-preview":"max-image-preview:large","max-video-preview":"max-video-preview:-1"},"canonical":"https:\/\/www.organisator.ch\/it\/gestione-2\/it\/2022-08-25\/gli-stipendi-nel-settore-rimangono-stabili-ad-un-livello-elevato\/","og_locale":"it_IT","og_type":"article","og_title":"Sal\u00e4re in der IT-Branche bleiben auf hohem Niveau stabil","og_description":"Der Branchenverband SwissICT hat die Sal\u00e4rstudie 2022 ver\u00f6ffentlicht. Zum ersten Mal wurden auch die Sal\u00e4re von Lernenden erhoben.","og_url":"https:\/\/www.organisator.ch\/it\/gestione-2\/it\/2022-08-25\/gli-stipendi-nel-settore-rimangono-stabili-ad-un-livello-elevato\/","og_site_name":"Organisator","article_publisher":"https:\/\/www.facebook.com\/OrganisatorFachmagazin","article_published_time":"2022-08-25T11:40:17+00:00","og_image":[{"width":680,"height":349,"url":"https:\/\/www.organisator.ch\/wp-content\/uploads\/2022\/08\/Salare-in-der-IT-Branche-bleiben-auf-hohem-Niveau-stabil_Organisator.jpg","type":"image\/jpeg"}],"author":"thomas.berner","twitter_card":"summary_large_image","twitter_title":"#Sal\u00e4re in der #IT-Branche bleiben auf hohem Niveau stabil","twitter_description":"Der #Branchenverband #SwissICT hat die #Sal\u00e4rstudie 2022 ver\u00f6ffentlicht. Zum ersten Mal wurden auch die #Sal\u00e4re von Lernenden erhoben.","twitter_image":"https:\/\/www.organisator.ch\/wp-content\/uploads\/2022\/08\/Salare-in-der-IT-Branche-bleiben-auf-hohem-Niveau-stabil_Organisator.jpg","schema":{"@context":"https:\/\/schema.org","@graph":[{"@type":"Article","@id":"https:\/\/www.organisator.ch\/management\/it\/2022-08-25\/salaere-in-der-it-branche-bleiben-auf-hohem-niveau-stabil\/#article","isPartOf":{"@id":"https:\/\/www.organisator.ch\/management\/it\/2022-08-25\/salaere-in-der-it-branche-bleiben-auf-hohem-niveau-stabil\/"},"author":{"name":"thomas.berner","@id":"https:\/\/www.organisator.ch\/#\/schema\/person\/6f650f90b2842cd4c0cc334b4e36f67e"},"headline":"Sal\u00e4re in der IT-Branche bleiben auf hohem Niveau stabil","datePublished":"2022-08-25T11:40:17+00:00","mainEntityOfPage":{"@id":"https:\/\/www.organisator.ch\/management\/it\/2022-08-25\/salaere-in-der-it-branche-bleiben-auf-hohem-niveau-stabil\/"},"wordCount":463,"publisher":{"@id":"https:\/\/www.organisator.ch\/#organization"},"image":{"@id":"https:\/\/www.organisator.ch\/management\/it\/2022-08-25\/salaere-in-der-it-branche-bleiben-auf-hohem-niveau-stabil\/#primaryimage"},"thumbnailUrl":"https:\/\/www.organisator.ch\/wp-content\/uploads\/2022\/08\/Salare-in-der-IT-Branche-bleiben-auf-hohem-Niveau-stabil_Organisator.jpg","keywords":["HRM","IT","L\u00f6hne","Sal\u00e4rstudie"],"articleSection":["HUMAN RESOURCES","IT"],"inLanguage":"it-IT"},{"@type":"WebPage","@id":"https:\/\/www.organisator.ch\/management\/it\/2022-08-25\/salaere-in-der-it-branche-bleiben-auf-hohem-niveau-stabil\/","url":"https:\/\/www.organisator.ch\/management\/it\/2022-08-25\/salaere-in-der-it-branche-bleiben-auf-hohem-niveau-stabil\/","name":"Gli stipendi nel settore IT rimangono stabili ad un livello elevato - Organizzatore","isPartOf":{"@id":"https:\/\/www.organisator.ch\/#website"},"primaryImageOfPage":{"@id":"https:\/\/www.organisator.ch\/management\/it\/2022-08-25\/salaere-in-der-it-branche-bleiben-auf-hohem-niveau-stabil\/#primaryimage"},"image":{"@id":"https:\/\/www.organisator.ch\/management\/it\/2022-08-25\/salaere-in-der-it-branche-bleiben-auf-hohem-niveau-stabil\/#primaryimage"},"thumbnailUrl":"https:\/\/www.organisator.ch\/wp-content\/uploads\/2022\/08\/Salare-in-der-IT-Branche-bleiben-auf-hohem-Niveau-stabil_Organisator.jpg","datePublished":"2022-08-25T11:40:17+00:00","description":"L'associazione di settore SwissICT ha pubblicato il Salary Survey 2022. Per la prima volta sono stati rilevati anche i salari degli apprendisti.","breadcrumb":{"@id":"https:\/\/www.organisator.ch\/management\/it\/2022-08-25\/salaere-in-der-it-branche-bleiben-auf-hohem-niveau-stabil\/#breadcrumb"},"inLanguage":"it-IT","potentialAction":[{"@type":"ReadAction","target":["https:\/\/www.organisator.ch\/management\/it\/2022-08-25\/salaere-in-der-it-branche-bleiben-auf-hohem-niveau-stabil\/"]}]},{"@type":"ImageObject","inLanguage":"it-IT","@id":"https:\/\/www.organisator.ch\/management\/it\/2022-08-25\/salaere-in-der-it-branche-bleiben-auf-hohem-niveau-stabil\/#primaryimage","url":"https:\/\/www.organisator.ch\/wp-content\/uploads\/2022\/08\/Salare-in-der-IT-Branche-bleiben-auf-hohem-Niveau-stabil_Organisator.jpg","contentUrl":"https:\/\/www.organisator.ch\/wp-content\/uploads\/2022\/08\/Salare-in-der-IT-Branche-bleiben-auf-hohem-Niveau-stabil_Organisator.jpg","width":680,"height":349,"caption":"Sal\u00e4re der ICT 2022: Trotz Digitalisierungsschub bleiben die L\u00f6hne auf hohem Niveau stabil. (Grafik: Swiss ICT)"},{"@type":"BreadcrumbList","@id":"https:\/\/www.organisator.ch\/management\/it\/2022-08-25\/salaere-in-der-it-branche-bleiben-auf-hohem-niveau-stabil\/#breadcrumb","itemListElement":[{"@type":"ListItem","position":1,"name":"Home","item":"https:\/\/www.organisator.ch\/"},{"@type":"ListItem","position":2,"name":"Sal\u00e4re in der IT-Branche bleiben auf hohem Niveau stabil"}]},{"@type":"WebSite","@id":"https:\/\/www.organisator.ch\/#website","url":"https:\/\/www.organisator.ch\/","name":"Organizzatore","description":"Competente. Pratico. In 10 numeri all'anno, ORGANISATOR presenta i temi essenziali per i manager delle PMI.","publisher":{"@id":"https:\/\/www.organisator.ch\/#organization"},"potentialAction":[{"@type":"SearchAction","target":{"@type":"EntryPoint","urlTemplate":"https:\/\/www.organisator.ch\/?s={search_term_string}"},"query-input":{"@type":"PropertyValueSpecification","valueRequired":true,"valueName":"search_term_string"}}],"inLanguage":"it-IT"},{"@type":"Organization","@id":"https:\/\/www.organisator.ch\/#organization","name":"Organizzatore","url":"https:\/\/www.organisator.ch\/","logo":{"@type":"ImageObject","inLanguage":"it-IT","@id":"https:\/\/www.organisator.ch\/#\/schema\/logo\/image\/","url":"https:\/\/www.organisator.ch\/wp-content\/uploads\/2022\/01\/Logo_Organisator_Website.png","contentUrl":"https:\/\/www.organisator.ch\/wp-content\/uploads\/2022\/01\/Logo_Organisator_Website.png","width":800,"height":77,"caption":"Organisator"},"image":{"@id":"https:\/\/www.organisator.ch\/#\/schema\/logo\/image\/"},"sameAs":["https:\/\/www.facebook.com\/OrganisatorFachmagazin","https:\/\/www.linkedin.com\/showcase\/organisator-das-magazin-fr-kmu","https:\/\/www.xing.com\/news\/pages\/organisator-ch-695","https:\/\/www.youtube.com\/channel\/UCGP2Sq0iWaZwT3BdIAQFYpw"]},{"@type":"Person","@id":"https:\/\/www.organisator.ch\/#\/schema\/person\/6f650f90b2842cd4c0cc334b4e36f67e","name":"Tommaso.berner","image":{"@type":"ImageObject","inLanguage":"it-IT","@id":"https:\/\/secure.gravatar.com\/avatar\/ac5001d2a36cb6c6cd3e50789007ffca834b477b74a2144564522e944eabff61?s=96&d=mm&r=g","url":"https:\/\/secure.gravatar.com\/avatar\/ac5001d2a36cb6c6cd3e50789007ffca834b477b74a2144564522e944eabff61?s=96&d=mm&r=g","contentUrl":"https:\/\/secure.gravatar.com\/avatar\/ac5001d2a36cb6c6cd3e50789007ffca834b477b74a2144564522e944eabff61?s=96&d=mm&r=g","caption":"thomas.berner"},"url":"https:\/\/www.organisator.ch\/it\/author\/thomas-berner\/"}]}},"_links":{"self":[{"href":"https:\/\/www.organisator.ch\/it\/wp-json\/wp\/v2\/posts\/16691","targetHints":{"allow":["GET"]}}],"collection":[{"href":"https:\/\/www.organisator.ch\/it\/wp-json\/wp\/v2\/posts"}],"about":[{"href":"https:\/\/www.organisator.ch\/it\/wp-json\/wp\/v2\/types\/post"}],"author":[{"embeddable":true,"href":"https:\/\/www.organisator.ch\/it\/wp-json\/wp\/v2\/users\/4"}],"replies":[{"embeddable":true,"href":"https:\/\/www.organisator.ch\/it\/wp-json\/wp\/v2\/comments?post=16691"}],"version-history":[{"count":2,"href":"https:\/\/www.organisator.ch\/it\/wp-json\/wp\/v2\/posts\/16691\/revisions"}],"predecessor-version":[{"id":16699,"href":"https:\/\/www.organisator.ch\/it\/wp-json\/wp\/v2\/posts\/16691\/revisions\/16699"}],"wp:featuredmedia":[{"embeddable":true,"href":"https:\/\/www.organisator.ch\/it\/wp-json\/wp\/v2\/media\/16698"}],"wp:attachment":[{"href":"https:\/\/www.organisator.ch\/it\/wp-json\/wp\/v2\/media?parent=16691"}],"wp:term":[{"taxonomy":"category","embeddable":true,"href":"https:\/\/www.organisator.ch\/it\/wp-json\/wp\/v2\/categories?post=16691"},{"taxonomy":"post_tag","embeddable":true,"href":"https:\/\/www.organisator.ch\/it\/wp-json\/wp\/v2\/tags?post=16691"}],"curies":[{"name":"wp","href":"https:\/\/api.w.org\/{rel}","templated":true}]}}