{"id":16704,"date":"2022-08-25T16:58:37","date_gmt":"2022-08-25T14:58:37","guid":{"rendered":"https:\/\/www.werbewoche.ch\/?p=184952"},"modified":"2024-11-22T10:53:12","modified_gmt":"2024-11-22T09:53:12","slug":"campagna-di-marca-salato-il-salto-il-risultato-top","status":"publish","type":"post","link":"https:\/\/www.organisator.ch\/it\/marketing\/2022-08-25\/markenkampagne-versalzt-salt-das-top-ergebnis\/","title":{"rendered":"La campagna del marchio rovina il risultato top di Salt"},"content":{"rendered":"<p class=\"p1\"><img class=\"alignnone wp-image-184953 size-full\" src=\"https:\/\/www.werbewoche.ch\/wp-content\/uploads\/2022\/08\/Bildschirmfoto-2022-08-25-um-16.55.png\" alt=\"Crescita delle vendite di sale\" width=\"1200\" height=\"392\" \/>Il fatturato \u00e8 aumentato del 4,2% a 520,2 milioni di franchi svizzeri nei primi sei mesi, ha annunciato gioved\u00ec la societ\u00e0 madre di Salt, Matterhorn Telecom, nel suo rapporto semestrale. L'utile operativo prima degli ammortamenti (EBITDA) \u00e8 salito del 3,8% a 264,7 milioni di franchi svizzeri. L'EBITDA \u00e8 stato frenato dalle spese per una campagna nazionale del marchio nel mese di maggio.<\/p>\r\n<p class=\"p1\">L'utile netto della societ\u00e0 madre di Salt, Matterhorn Telecom, \u00e8 sceso significativamente nel primo semestre a 52,8 milioni di franchi svizzeri rispetto ai 92,8 milioni di franchi svizzeri di un anno fa. Tuttavia, il netto calo \u00e8 dovuto alla vendita di antenne per la telefonia mobile avvenuta un anno fa, che all'epoca aveva portato nelle casse un profitto una tantum di 48,2 milioni di franchi svizzeri, spingendo cos\u00ec il risultato verso l'alto.<\/p>\r\n<h3 class=\"p1\"><b>Crescita significativa dei clienti<\/b><\/h3>\r\n<p class=\"p1\">Il terzo fornitore di telecomunicazioni in Svizzera \u00e8 cresciuto in tutte e tre le aree di business. Nella telefonia mobile, Salt ha acquisito 42.800 nuovi clienti netti in abbonamento nella prima met\u00e0 dell'anno. Solo nel secondo trimestre, Salt ha registrato la pi\u00f9 forte crescita di clienti degli ultimi dieci anni.<\/p>\r\n<p class=\"p1\">Ci\u00f2 ha portato a una base di abbonati di 1,419 milioni alla fine di giugno. La societ\u00e0 dell'imprenditore francese delle telecomunicazioni Xavier Niel ha cos\u00ec superato la barriera di 1,4 milioni di abbonati. Lo slancio positivo \u00e8 proseguito anche nell'offerta di Internet e TV a banda larga e nella telefonia mobile per i clienti aziendali.<\/p>\r\n<p class=\"p1\">A titolo di confronto, nel primo semestre Swisscom \u00e8 riuscita ad attirare circa 72.000 clienti netti in pi\u00f9 con abbonamento di telefonia mobile, Sunrise addirittura 92.000.<\/p>\r\n<p class=\"p1\">Tutti e tre i fornitori hanno cos\u00ec acquisito oltre 200.000 nuovi clienti nei primi sei mesi. Uno dei motivi \u00e8 la crescita demografica in Svizzera, ha dichiarato il CEO di Salt Pascal Grieder in un'intervista all'agenzia di stampa AWP a margine della conferenza stampa. Un'altra ragione \u00e8 il crescente utilizzo di pi\u00f9 dispositivi mobili e quindi anche di carte SIM.<\/p>\r\n<h3 class=\"p1\"><b>Attacco a Swisscom e Sunrise nelle PMI<\/b><\/h3>\r\n<p class=\"p1\">Con le micro e le piccole imprese, Salt vuole ora attaccare i concorrenti Swisscom e Sunrise anche nella rete fissa. A tal fine, il numero tre sta lanciando una nuova offerta di banda larga e telefonia fissa che mira a sottrarre clienti PMI ai due concorrenti con prezzi significativamente pi\u00f9 bassi.<\/p>\r\n<p class=\"p1\">La domanda per i nuovi abbonamenti per i clienti privati lanciati a luglio \u00e8 molto buona, ha dichiarato Grieder. Tuttavia, nonostante il boom dei viaggi di quest'estate, i ricavi del roaming sono ancora inferiori ai livelli pre-Corona e difficilmente li raggiungeranno di nuovo.<\/p>\r\n<p class=\"p1\">Da un lato, aumentano gli abbonamenti che includono pacchetti di roaming, ha dichiarato Grieder. D'altro canto, i clienti senza pacchetti di roaming sarebbero pi\u00f9 restii a utilizzare i loro dispositivi mobili all'estero. \"Riteniamo quindi che il picco del roaming sia alle nostre spalle\", ha dichiarato il CEO di Salt.<\/p>\r\n<h3 class=\"p1\"><b>Risolta la controversia con Bakom<\/b><\/h3>\r\n<p class=\"p1\">Il contenzioso con l'Ufficio federale delle comunicazioni (UFCOM) sui limiti eccessivi di roaming, che hanno portato a bollette esorbitanti al ritorno dall'estero, \u00e8 terminato. Grieder ha dichiarato che il limite \u00e8 stato abbassato a 250 franchi nelle impostazioni predefinite. Con i nuovi abbonamenti, il limite \u00e8 addirittura zero. Il cliente deve prima acquistare un pacchetto di roaming, altrimenti non pu\u00f2 navigare con il suo cellulare all'estero.<\/p>\r\n<p class=\"p1\">L'anno scorso, le associazioni per la tutela dei consumatori hanno accusato Salt di aver violato la legge per quanto riguarda le tariffe di roaming. Bakom aveva minacciato il provider di telecomunicazioni con un'ingiunzione se Salt non avesse ceduto.<\/p>\r\n<p class=\"p1\">Grieder \u00e8 ottimista per il futuro: \"Abbiamo avuto un primo semestre molto buono e abbiamo portato un buon slancio nel secondo semestre\".<\/p>\r\n<p class=\"p1\">La controversia tra Swisscom e la Commissione federale della concorrenza Weko sul tipo di espansione della fibra ottica non \u00e8 ancora stata risolta. La Weko ha bloccato l'espansione di Swisscom, il che riguarda anche Salt, che ha concluso un accordo di cooperazione con Swisscom. Di conseguenza, Salt non pu\u00f2 mettere in funzione un numero di connessioni in fibra a sei cifre. <em>(sda.)<\/em><\/p>","protected":false},"excerpt":{"rendered":"<p>Der Umsatz legte in den ersten sechs Monaten um 4,2 Prozent auf 520,2 Millionen Franken zu, wie die Salt-Muttergesellschaft Matterhorn Telecom am Donnerstag im Semesterbericht bekannt gab. Der Betriebsgewinn vor Abschreibungen und Amortisationen (EBITDA) kletterte um 3,8 Prozent auf 264,7 Millionen Franken. Dabei wurde der EBITDA von den Ausgaben f\u00fcr eine nationale Markenkampagne im Mai [\u2026]<\/p>\n","protected":false},"author":8,"featured_media":0,"comment_status":"closed","ping_status":"closed","sticky":false,"template":"","format":"standard","meta":{"_acf_changed":false,"_yoast_wpseo_focuskw":"Salt Umsatzwachstum","_yoast_wpseo_metadesc":"Salt steigert Umsatz um 4,2 % im ersten Halbjahr 2022. Starkes Kundenwachstum trotz Herausforderungen.","articlekey":"","footnotes":""},"categories":[29],"tags":[3345],"class_list":["post-16704","post","type-post","status-publish","format-standard","hentry","category-marketing","tag-salt"],"acf":[],"yoast_head":"<!-- This site is optimized with the Yoast SEO plugin v27.5 - https:\/\/yoast.com\/product\/yoast-seo-wordpress\/ -->\n<title>Markenkampagne versalzt Salt das Top-Ergebnis - Organisator<\/title>\n<meta name=\"description\" content=\"Salt steigert Umsatz um 4,2 % im ersten Halbjahr 2022. Starkes Kundenwachstum trotz Herausforderungen.\" \/>\n<meta name=\"robots\" content=\"index, follow, max-snippet:-1, max-image-preview:large, max-video-preview:-1\" \/>\n<link rel=\"canonical\" href=\"https:\/\/www.organisator.ch\/it\/marketing\/2022-08-25\/campagna-di-marca-salato-il-salto-il-risultato-top\/\" \/>\n<meta property=\"og:locale\" content=\"it_IT\" \/>\n<meta property=\"og:type\" content=\"article\" \/>\n<meta property=\"og:title\" content=\"Markenkampagne versalzt Salt das Top-Ergebnis - Organisator\" \/>\n<meta property=\"og:description\" content=\"Salt steigert Umsatz um 4,2 % im ersten Halbjahr 2022. Starkes Kundenwachstum trotz Herausforderungen.\" \/>\n<meta property=\"og:url\" content=\"https:\/\/www.organisator.ch\/it\/marketing\/2022-08-25\/campagna-di-marca-salato-il-salto-il-risultato-top\/\" \/>\n<meta property=\"og:site_name\" content=\"Organisator\" \/>\n<meta property=\"article:publisher\" content=\"https:\/\/www.facebook.com\/OrganisatorFachmagazin\" \/>\n<meta property=\"article:published_time\" content=\"2022-08-25T14:58:37+00:00\" \/>\n<meta property=\"article:modified_time\" content=\"2024-11-22T09:53:12+00:00\" \/>\n<meta name=\"author\" content=\"galledia\" \/>\n<meta name=\"twitter:card\" content=\"summary_large_image\" \/>\n<meta name=\"twitter:creator\" content=\"@admin\" \/>\n<script type=\"application\/ld+json\" class=\"yoast-schema-graph\">{\"@context\":\"https:\\\/\\\/schema.org\",\"@graph\":[{\"@type\":\"Article\",\"@id\":\"https:\\\/\\\/www.organisator.ch\\\/marketing\\\/2022-08-25\\\/markenkampagne-versalzt-salt-das-top-ergebnis\\\/#article\",\"isPartOf\":{\"@id\":\"https:\\\/\\\/www.organisator.ch\\\/marketing\\\/2022-08-25\\\/markenkampagne-versalzt-salt-das-top-ergebnis\\\/\"},\"author\":{\"name\":\"galledia\",\"@id\":\"https:\\\/\\\/www.organisator.ch\\\/#\\\/schema\\\/person\\\/4e51799071cd2dd1232ac003643ef5f0\"},\"headline\":\"Markenkampagne versalzt Salt das Top-Ergebnis\",\"datePublished\":\"2022-08-25T14:58:37+00:00\",\"dateModified\":\"2024-11-22T09:53:12+00:00\",\"mainEntityOfPage\":{\"@id\":\"https:\\\/\\\/www.organisator.ch\\\/marketing\\\/2022-08-25\\\/markenkampagne-versalzt-salt-das-top-ergebnis\\\/\"},\"wordCount\":583,\"publisher\":{\"@id\":\"https:\\\/\\\/www.organisator.ch\\\/#organization\"},\"image\":{\"@id\":\"https:\\\/\\\/www.organisator.ch\\\/marketing\\\/2022-08-25\\\/markenkampagne-versalzt-salt-das-top-ergebnis\\\/#primaryimage\"},\"thumbnailUrl\":\"https:\\\/\\\/www.werbewoche.ch\\\/wp-content\\\/uploads\\\/2022\\\/08\\\/Bildschirmfoto-2022-08-25-um-16.55.png\",\"keywords\":[\"Salt\"],\"articleSection\":[\"MARKETING\"],\"inLanguage\":\"it-IT\"},{\"@type\":\"WebPage\",\"@id\":\"https:\\\/\\\/www.organisator.ch\\\/marketing\\\/2022-08-25\\\/markenkampagne-versalzt-salt-das-top-ergebnis\\\/\",\"url\":\"https:\\\/\\\/www.organisator.ch\\\/marketing\\\/2022-08-25\\\/markenkampagne-versalzt-salt-das-top-ergebnis\\\/\",\"name\":\"Markenkampagne versalzt Salt das Top-Ergebnis - Organisator\",\"isPartOf\":{\"@id\":\"https:\\\/\\\/www.organisator.ch\\\/#website\"},\"primaryImageOfPage\":{\"@id\":\"https:\\\/\\\/www.organisator.ch\\\/marketing\\\/2022-08-25\\\/markenkampagne-versalzt-salt-das-top-ergebnis\\\/#primaryimage\"},\"image\":{\"@id\":\"https:\\\/\\\/www.organisator.ch\\\/marketing\\\/2022-08-25\\\/markenkampagne-versalzt-salt-das-top-ergebnis\\\/#primaryimage\"},\"thumbnailUrl\":\"https:\\\/\\\/www.werbewoche.ch\\\/wp-content\\\/uploads\\\/2022\\\/08\\\/Bildschirmfoto-2022-08-25-um-16.55.png\",\"datePublished\":\"2022-08-25T14:58:37+00:00\",\"dateModified\":\"2024-11-22T09:53:12+00:00\",\"description\":\"Salt steigert Umsatz um 4,2 % im ersten Halbjahr 2022. Starkes Kundenwachstum trotz Herausforderungen.\",\"breadcrumb\":{\"@id\":\"https:\\\/\\\/www.organisator.ch\\\/marketing\\\/2022-08-25\\\/markenkampagne-versalzt-salt-das-top-ergebnis\\\/#breadcrumb\"},\"inLanguage\":\"it-IT\",\"potentialAction\":[{\"@type\":\"ReadAction\",\"target\":[\"https:\\\/\\\/www.organisator.ch\\\/marketing\\\/2022-08-25\\\/markenkampagne-versalzt-salt-das-top-ergebnis\\\/\"]}]},{\"@type\":\"ImageObject\",\"inLanguage\":\"it-IT\",\"@id\":\"https:\\\/\\\/www.organisator.ch\\\/marketing\\\/2022-08-25\\\/markenkampagne-versalzt-salt-das-top-ergebnis\\\/#primaryimage\",\"url\":\"https:\\\/\\\/www.werbewoche.ch\\\/wp-content\\\/uploads\\\/2022\\\/08\\\/Bildschirmfoto-2022-08-25-um-16.55.png\",\"contentUrl\":\"https:\\\/\\\/www.werbewoche.ch\\\/wp-content\\\/uploads\\\/2022\\\/08\\\/Bildschirmfoto-2022-08-25-um-16.55.png\"},{\"@type\":\"BreadcrumbList\",\"@id\":\"https:\\\/\\\/www.organisator.ch\\\/marketing\\\/2022-08-25\\\/markenkampagne-versalzt-salt-das-top-ergebnis\\\/#breadcrumb\",\"itemListElement\":[{\"@type\":\"ListItem\",\"position\":1,\"name\":\"Home\",\"item\":\"https:\\\/\\\/www.organisator.ch\\\/\"},{\"@type\":\"ListItem\",\"position\":2,\"name\":\"Markenkampagne versalzt Salt das Top-Ergebnis\"}]},{\"@type\":\"WebSite\",\"@id\":\"https:\\\/\\\/www.organisator.ch\\\/#website\",\"url\":\"https:\\\/\\\/www.organisator.ch\\\/\",\"name\":\"Organisator\",\"description\":\"Kompetent. Praxisnah. Der ORGANISATOR bereitet in 10 Ausgaben pro Jahr die wesentlichen Themen f\u00fcr F\u00fchrungskr\u00e4fte von KMU auf.\",\"publisher\":{\"@id\":\"https:\\\/\\\/www.organisator.ch\\\/#organization\"},\"potentialAction\":[{\"@type\":\"SearchAction\",\"target\":{\"@type\":\"EntryPoint\",\"urlTemplate\":\"https:\\\/\\\/www.organisator.ch\\\/?s={search_term_string}\"},\"query-input\":{\"@type\":\"PropertyValueSpecification\",\"valueRequired\":true,\"valueName\":\"search_term_string\"}}],\"inLanguage\":\"it-IT\"},{\"@type\":\"Organization\",\"@id\":\"https:\\\/\\\/www.organisator.ch\\\/#organization\",\"name\":\"Organisator\",\"url\":\"https:\\\/\\\/www.organisator.ch\\\/\",\"logo\":{\"@type\":\"ImageObject\",\"inLanguage\":\"it-IT\",\"@id\":\"https:\\\/\\\/www.organisator.ch\\\/#\\\/schema\\\/logo\\\/image\\\/\",\"url\":\"https:\\\/\\\/www.organisator.ch\\\/wp-content\\\/uploads\\\/2022\\\/01\\\/Logo_Organisator_Website.png\",\"contentUrl\":\"https:\\\/\\\/www.organisator.ch\\\/wp-content\\\/uploads\\\/2022\\\/01\\\/Logo_Organisator_Website.png\",\"width\":800,\"height\":77,\"caption\":\"Organisator\"},\"image\":{\"@id\":\"https:\\\/\\\/www.organisator.ch\\\/#\\\/schema\\\/logo\\\/image\\\/\"},\"sameAs\":[\"https:\\\/\\\/www.facebook.com\\\/OrganisatorFachmagazin\",\"https:\\\/\\\/www.linkedin.com\\\/showcase\\\/organisator-das-magazin-fr-kmu\",\"https:\\\/\\\/www.xing.com\\\/news\\\/pages\\\/organisator-ch-695\",\"https:\\\/\\\/www.youtube.com\\\/channel\\\/UCGP2Sq0iWaZwT3BdIAQFYpw\"]},{\"@type\":\"Person\",\"@id\":\"https:\\\/\\\/www.organisator.ch\\\/#\\\/schema\\\/person\\\/4e51799071cd2dd1232ac003643ef5f0\",\"name\":\"galledia\",\"image\":{\"@type\":\"ImageObject\",\"inLanguage\":\"it-IT\",\"@id\":\"https:\\\/\\\/secure.gravatar.com\\\/avatar\\\/78a7f90c01fc2bfc875782a0d4922b37cde2cf184ce347b91316d23cd7f69a36?s=96&d=mm&r=g\",\"url\":\"https:\\\/\\\/secure.gravatar.com\\\/avatar\\\/78a7f90c01fc2bfc875782a0d4922b37cde2cf184ce347b91316d23cd7f69a36?s=96&d=mm&r=g\",\"contentUrl\":\"https:\\\/\\\/secure.gravatar.com\\\/avatar\\\/78a7f90c01fc2bfc875782a0d4922b37cde2cf184ce347b91316d23cd7f69a36?s=96&d=mm&r=g\",\"caption\":\"galledia\"},\"sameAs\":[\"https:\\\/\\\/x.com\\\/admin\"],\"url\":\"https:\\\/\\\/www.organisator.ch\\\/it\\\/author\\\/galledia\\\/\"}]}<\/script>\n<!-- \/ Yoast SEO plugin. -->","yoast_head_json":{"title":"La campagna del marchio fa perdere il risultato di Salt - Organizzatore","description":"Salt aumenta i ricavi di 4,2 % nella prima met\u00e0 del 2022. Forte crescita dei clienti nonostante le sfide.","robots":{"index":"index","follow":"follow","max-snippet":"max-snippet:-1","max-image-preview":"max-image-preview:large","max-video-preview":"max-video-preview:-1"},"canonical":"https:\/\/www.organisator.ch\/it\/marketing\/2022-08-25\/campagna-di-marca-salato-il-salto-il-risultato-top\/","og_locale":"it_IT","og_type":"article","og_title":"Markenkampagne versalzt Salt das Top-Ergebnis - Organisator","og_description":"Salt steigert Umsatz um 4,2 % im ersten Halbjahr 2022. Starkes Kundenwachstum trotz Herausforderungen.","og_url":"https:\/\/www.organisator.ch\/it\/marketing\/2022-08-25\/campagna-di-marca-salato-il-salto-il-risultato-top\/","og_site_name":"Organisator","article_publisher":"https:\/\/www.facebook.com\/OrganisatorFachmagazin","article_published_time":"2022-08-25T14:58:37+00:00","article_modified_time":"2024-11-22T09:53:12+00:00","author":"galledia","twitter_card":"summary_large_image","twitter_creator":"@admin","schema":{"@context":"https:\/\/schema.org","@graph":[{"@type":"Article","@id":"https:\/\/www.organisator.ch\/marketing\/2022-08-25\/markenkampagne-versalzt-salt-das-top-ergebnis\/#article","isPartOf":{"@id":"https:\/\/www.organisator.ch\/marketing\/2022-08-25\/markenkampagne-versalzt-salt-das-top-ergebnis\/"},"author":{"name":"galledia","@id":"https:\/\/www.organisator.ch\/#\/schema\/person\/4e51799071cd2dd1232ac003643ef5f0"},"headline":"Markenkampagne versalzt Salt das Top-Ergebnis","datePublished":"2022-08-25T14:58:37+00:00","dateModified":"2024-11-22T09:53:12+00:00","mainEntityOfPage":{"@id":"https:\/\/www.organisator.ch\/marketing\/2022-08-25\/markenkampagne-versalzt-salt-das-top-ergebnis\/"},"wordCount":583,"publisher":{"@id":"https:\/\/www.organisator.ch\/#organization"},"image":{"@id":"https:\/\/www.organisator.ch\/marketing\/2022-08-25\/markenkampagne-versalzt-salt-das-top-ergebnis\/#primaryimage"},"thumbnailUrl":"https:\/\/www.werbewoche.ch\/wp-content\/uploads\/2022\/08\/Bildschirmfoto-2022-08-25-um-16.55.png","keywords":["Salt"],"articleSection":["MARKETING"],"inLanguage":"it-IT"},{"@type":"WebPage","@id":"https:\/\/www.organisator.ch\/marketing\/2022-08-25\/markenkampagne-versalzt-salt-das-top-ergebnis\/","url":"https:\/\/www.organisator.ch\/marketing\/2022-08-25\/markenkampagne-versalzt-salt-das-top-ergebnis\/","name":"La campagna del marchio fa perdere il risultato di Salt - Organizzatore","isPartOf":{"@id":"https:\/\/www.organisator.ch\/#website"},"primaryImageOfPage":{"@id":"https:\/\/www.organisator.ch\/marketing\/2022-08-25\/markenkampagne-versalzt-salt-das-top-ergebnis\/#primaryimage"},"image":{"@id":"https:\/\/www.organisator.ch\/marketing\/2022-08-25\/markenkampagne-versalzt-salt-das-top-ergebnis\/#primaryimage"},"thumbnailUrl":"https:\/\/www.werbewoche.ch\/wp-content\/uploads\/2022\/08\/Bildschirmfoto-2022-08-25-um-16.55.png","datePublished":"2022-08-25T14:58:37+00:00","dateModified":"2024-11-22T09:53:12+00:00","description":"Salt aumenta i ricavi di 4,2 % nella prima met\u00e0 del 2022. Forte crescita dei clienti nonostante le sfide.","breadcrumb":{"@id":"https:\/\/www.organisator.ch\/marketing\/2022-08-25\/markenkampagne-versalzt-salt-das-top-ergebnis\/#breadcrumb"},"inLanguage":"it-IT","potentialAction":[{"@type":"ReadAction","target":["https:\/\/www.organisator.ch\/marketing\/2022-08-25\/markenkampagne-versalzt-salt-das-top-ergebnis\/"]}]},{"@type":"ImageObject","inLanguage":"it-IT","@id":"https:\/\/www.organisator.ch\/marketing\/2022-08-25\/markenkampagne-versalzt-salt-das-top-ergebnis\/#primaryimage","url":"https:\/\/www.werbewoche.ch\/wp-content\/uploads\/2022\/08\/Bildschirmfoto-2022-08-25-um-16.55.png","contentUrl":"https:\/\/www.werbewoche.ch\/wp-content\/uploads\/2022\/08\/Bildschirmfoto-2022-08-25-um-16.55.png"},{"@type":"BreadcrumbList","@id":"https:\/\/www.organisator.ch\/marketing\/2022-08-25\/markenkampagne-versalzt-salt-das-top-ergebnis\/#breadcrumb","itemListElement":[{"@type":"ListItem","position":1,"name":"Home","item":"https:\/\/www.organisator.ch\/"},{"@type":"ListItem","position":2,"name":"Markenkampagne versalzt Salt das Top-Ergebnis"}]},{"@type":"WebSite","@id":"https:\/\/www.organisator.ch\/#website","url":"https:\/\/www.organisator.ch\/","name":"Organizzatore","description":"Competente. Pratico. In 10 numeri all'anno, ORGANISATOR presenta i temi essenziali per i manager delle PMI.","publisher":{"@id":"https:\/\/www.organisator.ch\/#organization"},"potentialAction":[{"@type":"SearchAction","target":{"@type":"EntryPoint","urlTemplate":"https:\/\/www.organisator.ch\/?s={search_term_string}"},"query-input":{"@type":"PropertyValueSpecification","valueRequired":true,"valueName":"search_term_string"}}],"inLanguage":"it-IT"},{"@type":"Organization","@id":"https:\/\/www.organisator.ch\/#organization","name":"Organizzatore","url":"https:\/\/www.organisator.ch\/","logo":{"@type":"ImageObject","inLanguage":"it-IT","@id":"https:\/\/www.organisator.ch\/#\/schema\/logo\/image\/","url":"https:\/\/www.organisator.ch\/wp-content\/uploads\/2022\/01\/Logo_Organisator_Website.png","contentUrl":"https:\/\/www.organisator.ch\/wp-content\/uploads\/2022\/01\/Logo_Organisator_Website.png","width":800,"height":77,"caption":"Organisator"},"image":{"@id":"https:\/\/www.organisator.ch\/#\/schema\/logo\/image\/"},"sameAs":["https:\/\/www.facebook.com\/OrganisatorFachmagazin","https:\/\/www.linkedin.com\/showcase\/organisator-das-magazin-fr-kmu","https:\/\/www.xing.com\/news\/pages\/organisator-ch-695","https:\/\/www.youtube.com\/channel\/UCGP2Sq0iWaZwT3BdIAQFYpw"]},{"@type":"Person","@id":"https:\/\/www.organisator.ch\/#\/schema\/person\/4e51799071cd2dd1232ac003643ef5f0","name":"galledia","image":{"@type":"ImageObject","inLanguage":"it-IT","@id":"https:\/\/secure.gravatar.com\/avatar\/78a7f90c01fc2bfc875782a0d4922b37cde2cf184ce347b91316d23cd7f69a36?s=96&d=mm&r=g","url":"https:\/\/secure.gravatar.com\/avatar\/78a7f90c01fc2bfc875782a0d4922b37cde2cf184ce347b91316d23cd7f69a36?s=96&d=mm&r=g","contentUrl":"https:\/\/secure.gravatar.com\/avatar\/78a7f90c01fc2bfc875782a0d4922b37cde2cf184ce347b91316d23cd7f69a36?s=96&d=mm&r=g","caption":"galledia"},"sameAs":["https:\/\/x.com\/admin"],"url":"https:\/\/www.organisator.ch\/it\/author\/galledia\/"}]}},"_links":{"self":[{"href":"https:\/\/www.organisator.ch\/it\/wp-json\/wp\/v2\/posts\/16704","targetHints":{"allow":["GET"]}}],"collection":[{"href":"https:\/\/www.organisator.ch\/it\/wp-json\/wp\/v2\/posts"}],"about":[{"href":"https:\/\/www.organisator.ch\/it\/wp-json\/wp\/v2\/types\/post"}],"author":[{"embeddable":true,"href":"https:\/\/www.organisator.ch\/it\/wp-json\/wp\/v2\/users\/8"}],"replies":[{"embeddable":true,"href":"https:\/\/www.organisator.ch\/it\/wp-json\/wp\/v2\/comments?post=16704"}],"version-history":[{"count":2,"href":"https:\/\/www.organisator.ch\/it\/wp-json\/wp\/v2\/posts\/16704\/revisions"}],"predecessor-version":[{"id":33885,"href":"https:\/\/www.organisator.ch\/it\/wp-json\/wp\/v2\/posts\/16704\/revisions\/33885"}],"wp:attachment":[{"href":"https:\/\/www.organisator.ch\/it\/wp-json\/wp\/v2\/media?parent=16704"}],"wp:term":[{"taxonomy":"category","embeddable":true,"href":"https:\/\/www.organisator.ch\/it\/wp-json\/wp\/v2\/categories?post=16704"},{"taxonomy":"post_tag","embeddable":true,"href":"https:\/\/www.organisator.ch\/it\/wp-json\/wp\/v2\/tags?post=16704"}],"curies":[{"name":"wp","href":"https:\/\/api.w.org\/{rel}","templated":true}]}}