{"id":16707,"date":"2022-08-26T08:04:28","date_gmt":"2022-08-26T06:04:28","guid":{"rendered":"https:\/\/www.m-q.ch\/?p=16820"},"modified":"2024-11-22T10:52:40","modified_gmt":"2024-11-22T09:52:40","slug":"nuovo-direttore-audit-alla-zuercher-cantonal-bank","status":"publish","type":"post","link":"https:\/\/www.organisator.ch\/it\/operational-excellence\/2022-08-26\/neuer-leiter-audit-bei-der-zuercher-kantonalbank\/","title":{"rendered":"Nuovo responsabile della revisione contabile della Z\u00fcrcher Kantonalbank"},"content":{"rendered":"<figure id=\"attachment_16822\" class=\"wp-caption alignnone\" style=\"width: 680px\" aria-describedby=\"caption-attachment-16822\"><img class=\"alignnone wp-image-16822 size-full\" src=\"https:\/\/www.m-q.ch\/wp-content\/uploads\/2022\/08\/Neuer-Leiter-Audit-bei-der-Zuercher-Kantonalbank_MQ.jpg\" alt=\"Banca Cantonale di Zurigo\" width=\"680\" height=\"454\" \/>\r\n<figcaption id=\"caption-attachment-16822\" class=\"wp-caption-text\">Nominato il nuovo responsabile dell'audit della Z\u00fcrcher Kantonalbank: Dr. J\u00f6rg Steinger. (Immagine: ZKB)<\/figcaption>\r\n<\/figure>\r\n<p>Il dottor J\u00f6rg Steinger sar\u00e0 nominato alla Z\u00fcrcher Kantonalbank ZKB come successore di Walter Seif, che ricopre il ruolo di responsabile della revisione interna dal 2015 e lascer\u00e0 la banca il 30 giugno 2023. Per garantire una transizione ordinata, il Dr. J\u00f6rg Steinger entrer\u00e0 a far parte della banca come nuovo responsabile della revisione contabile gi\u00e0 dal 1\u00b0 aprile 2023, secondo quanto comunicato da ZKB.<\/p>\r\n<h3>Per una forte governance aziendale<\/h3>\r\n<p>\"Siamo molto soddisfatti di essere riusciti ad aggiudicarci il Dr. J\u00f6rg Steinger per questo compito di responsabilit\u00e0. \u00c8 un esperto riconosciuto nel campo dell'audit interno e un leader comprovato che ha anche una vasta esperienza in diverse banche\", afferma il Dr. J\u00f6rg M\u00fcller-Ganz, Presidente del Consiglio di Banca della Z\u00fcrcher Kantonalbank. \"Nell'ambito di un processo di selezione in pi\u00f9 fasi, il Consiglio di banca ha valutato attentamente i candidati interni ed esterni. Il Dr. J\u00f6rg Steinger porta con s\u00e9 tutti i requisiti per continuare la solida governance aziendale della Z\u00fcrcher Kantonalbank e per affrontare le sfide future. La sua vasta esperienza nel settore finanziario e nell'area della digitalizzazione gli sar\u00e0 di grande aiuto\".<\/p>\r\n<h3>Da Vontobel a ZKB<\/h3>\r\n<p>J\u00f6rg Steinger ripercorre gli oltre 30 anni di attivit\u00e0 nell'auditing interno. Dal 2013 \u00e8 responsabile dell'audit interno di Vontobel. In precedenza, ha trascorso circa 15 anni presso la Luzerner Kantonalbank, prima come responsabile dell'audit interno e poi come responsabile del Risk &amp; Process Management. Dal 1994 al 1999 ha lavorato nell'Internal Audit del Credit Suisse e del Credit Suisse Group. Ha completato il dottorato di ricerca presso l'Universit\u00e0 di San Gallo sulla digitalizzazione dell'audit interno e ha conseguito il titolo di Dottore Commercialista. Il dottor J\u00f6rg Steinger \u00e8 cittadino svizzero.<\/p>\r\n<h3>Risponde al Consiglio di banca in qualit\u00e0 di responsabile dell'audit.<\/h3>\r\n<p>Con oltre 50 specialisti, Audit \u00e8 responsabile della revisione interna della Z\u00fcrcher Kantonalbank. Supporta il Consiglio di banca nell'adempimento dei suoi compiti di vigilanza e controllo previsti dalla legge e svolge i compiti di monitoraggio assegnatigli dal Consiglio di banca. In particolare, l'Audit valuta in modo indipendente e oggettivo l'adeguatezza e l'efficacia dei processi di controllo interno e di gestione dei rischi e contribuisce al loro miglioramento. L'Audit riferisce al Presidium del Consiglio di banca.<\/p>\r\n<p><em>Fonte: <a href=\"https:\/\/www.zkb.ch\/\">Banca Cantonale di Zurigo<\/a><\/em><\/p>\n<p class=\"syndicated-attribution\">Questo articolo \u00e8 apparso originariamente su m-q.ch - <a href=\"https:\/\/www.m-q.ch\/de\/neuer-leiter-audit-bei-der-zuercher-kantonalbank\/\" target=\"_blank\">https:\/\/www.m-q.ch\/de\/neuer-leiter-audit-bei-der-zuercher-kantonalbank\/<\/a><\/p>","protected":false},"excerpt":{"rendered":"<p>Dr. J\u00f6rg Steinger wird bei der Z\u00fcrcher Kantonalbank ZKB zum Nachfolger von Walter Seif berufen, der die interne Revision seit 2015 leitet und die Bank am 30. Juni 2023 verlassen wird. Um einen geordneten \u00dcbergang sicherzustellen, wird Dr. J\u00f6rg Steinger bereits am 1. April 2023 als neuer Leiter Audit in die Bank eintreten, wie die [\u2026]<\/p>\n","protected":false},"author":8,"featured_media":0,"comment_status":"closed","ping_status":"closed","sticky":false,"template":"","format":"standard","meta":{"_acf_changed":false,"_yoast_wpseo_focuskw":"Z\u00fcrcher Kantonalbank","_yoast_wpseo_metadesc":"Dr. J\u00f6rg Steinger wird neuer Leiter Audit der Z\u00fcrcher Kantonalbank. Erfahrung und Expertise st\u00e4rken Corporate Governance.","articlekey":"","footnotes":""},"categories":[582],"tags":[3346],"class_list":["post-16707","post","type-post","status-publish","format-standard","hentry","category-operational-excellence","tag-kantonalbank"],"acf":[],"yoast_head":"<!-- This site is optimized with the Yoast SEO plugin v27.5 - https:\/\/yoast.com\/product\/yoast-seo-wordpress\/ -->\n<title>Neuer Leiter Audit bei der Z\u00fcrcher Kantonalbank - Organisator<\/title>\n<meta name=\"description\" content=\"Dr. J\u00f6rg Steinger wird neuer Leiter Audit der Z\u00fcrcher Kantonalbank. Erfahrung und Expertise st\u00e4rken Corporate Governance.\" \/>\n<meta name=\"robots\" content=\"index, follow, max-snippet:-1, max-image-preview:large, max-video-preview:-1\" \/>\n<link rel=\"canonical\" href=\"https:\/\/www.organisator.ch\/it\/eccellenza-operativa\/2022-08-26\/nuovo-direttore-audit-alla-zuercher-cantonal-bank\/\" \/>\n<meta property=\"og:locale\" content=\"it_IT\" \/>\n<meta property=\"og:type\" content=\"article\" \/>\n<meta property=\"og:title\" content=\"Neuer Leiter Audit bei der Z\u00fcrcher Kantonalbank - Organisator\" \/>\n<meta property=\"og:description\" content=\"Dr. J\u00f6rg Steinger wird neuer Leiter Audit der Z\u00fcrcher Kantonalbank. Erfahrung und Expertise st\u00e4rken Corporate Governance.\" \/>\n<meta property=\"og:url\" content=\"https:\/\/www.organisator.ch\/it\/eccellenza-operativa\/2022-08-26\/nuovo-direttore-audit-alla-zuercher-cantonal-bank\/\" \/>\n<meta property=\"og:site_name\" content=\"Organisator\" \/>\n<meta property=\"article:publisher\" content=\"https:\/\/www.facebook.com\/OrganisatorFachmagazin\" \/>\n<meta property=\"article:published_time\" content=\"2022-08-26T06:04:28+00:00\" \/>\n<meta property=\"article:modified_time\" content=\"2024-11-22T09:52:40+00:00\" \/>\n<meta name=\"author\" content=\"galledia\" \/>\n<meta name=\"twitter:card\" content=\"summary_large_image\" \/>\n<meta name=\"twitter:creator\" content=\"@admin\" \/>\n<script type=\"application\/ld+json\" class=\"yoast-schema-graph\">{\"@context\":\"https:\\\/\\\/schema.org\",\"@graph\":[{\"@type\":\"Article\",\"@id\":\"https:\\\/\\\/www.organisator.ch\\\/operational-excellence\\\/2022-08-26\\\/neuer-leiter-audit-bei-der-zuercher-kantonalbank\\\/#article\",\"isPartOf\":{\"@id\":\"https:\\\/\\\/www.organisator.ch\\\/operational-excellence\\\/2022-08-26\\\/neuer-leiter-audit-bei-der-zuercher-kantonalbank\\\/\"},\"author\":{\"name\":\"galledia\",\"@id\":\"https:\\\/\\\/www.organisator.ch\\\/#\\\/schema\\\/person\\\/4e51799071cd2dd1232ac003643ef5f0\"},\"headline\":\"Neuer Leiter Audit bei der Z\u00fcrcher Kantonalbank\",\"datePublished\":\"2022-08-26T06:04:28+00:00\",\"dateModified\":\"2024-11-22T09:52:40+00:00\",\"mainEntityOfPage\":{\"@id\":\"https:\\\/\\\/www.organisator.ch\\\/operational-excellence\\\/2022-08-26\\\/neuer-leiter-audit-bei-der-zuercher-kantonalbank\\\/\"},\"wordCount\":377,\"publisher\":{\"@id\":\"https:\\\/\\\/www.organisator.ch\\\/#organization\"},\"image\":{\"@id\":\"https:\\\/\\\/www.organisator.ch\\\/operational-excellence\\\/2022-08-26\\\/neuer-leiter-audit-bei-der-zuercher-kantonalbank\\\/#primaryimage\"},\"thumbnailUrl\":\"https:\\\/\\\/www.m-q.ch\\\/wp-content\\\/uploads\\\/2022\\\/08\\\/Neuer-Leiter-Audit-bei-der-Zuercher-Kantonalbank_MQ.jpg\",\"keywords\":[\"Kantonalbank\"],\"articleSection\":[\"OPERATIONAL EXCELLENCE\"],\"inLanguage\":\"it-IT\"},{\"@type\":\"WebPage\",\"@id\":\"https:\\\/\\\/www.organisator.ch\\\/operational-excellence\\\/2022-08-26\\\/neuer-leiter-audit-bei-der-zuercher-kantonalbank\\\/\",\"url\":\"https:\\\/\\\/www.organisator.ch\\\/operational-excellence\\\/2022-08-26\\\/neuer-leiter-audit-bei-der-zuercher-kantonalbank\\\/\",\"name\":\"Neuer Leiter Audit bei der Z\u00fcrcher Kantonalbank - Organisator\",\"isPartOf\":{\"@id\":\"https:\\\/\\\/www.organisator.ch\\\/#website\"},\"primaryImageOfPage\":{\"@id\":\"https:\\\/\\\/www.organisator.ch\\\/operational-excellence\\\/2022-08-26\\\/neuer-leiter-audit-bei-der-zuercher-kantonalbank\\\/#primaryimage\"},\"image\":{\"@id\":\"https:\\\/\\\/www.organisator.ch\\\/operational-excellence\\\/2022-08-26\\\/neuer-leiter-audit-bei-der-zuercher-kantonalbank\\\/#primaryimage\"},\"thumbnailUrl\":\"https:\\\/\\\/www.m-q.ch\\\/wp-content\\\/uploads\\\/2022\\\/08\\\/Neuer-Leiter-Audit-bei-der-Zuercher-Kantonalbank_MQ.jpg\",\"datePublished\":\"2022-08-26T06:04:28+00:00\",\"dateModified\":\"2024-11-22T09:52:40+00:00\",\"description\":\"Dr. J\u00f6rg Steinger wird neuer Leiter Audit der Z\u00fcrcher Kantonalbank. Erfahrung und Expertise st\u00e4rken Corporate Governance.\",\"breadcrumb\":{\"@id\":\"https:\\\/\\\/www.organisator.ch\\\/operational-excellence\\\/2022-08-26\\\/neuer-leiter-audit-bei-der-zuercher-kantonalbank\\\/#breadcrumb\"},\"inLanguage\":\"it-IT\",\"potentialAction\":[{\"@type\":\"ReadAction\",\"target\":[\"https:\\\/\\\/www.organisator.ch\\\/operational-excellence\\\/2022-08-26\\\/neuer-leiter-audit-bei-der-zuercher-kantonalbank\\\/\"]}]},{\"@type\":\"ImageObject\",\"inLanguage\":\"it-IT\",\"@id\":\"https:\\\/\\\/www.organisator.ch\\\/operational-excellence\\\/2022-08-26\\\/neuer-leiter-audit-bei-der-zuercher-kantonalbank\\\/#primaryimage\",\"url\":\"https:\\\/\\\/www.m-q.ch\\\/wp-content\\\/uploads\\\/2022\\\/08\\\/Neuer-Leiter-Audit-bei-der-Zuercher-Kantonalbank_MQ.jpg\",\"contentUrl\":\"https:\\\/\\\/www.m-q.ch\\\/wp-content\\\/uploads\\\/2022\\\/08\\\/Neuer-Leiter-Audit-bei-der-Zuercher-Kantonalbank_MQ.jpg\"},{\"@type\":\"BreadcrumbList\",\"@id\":\"https:\\\/\\\/www.organisator.ch\\\/operational-excellence\\\/2022-08-26\\\/neuer-leiter-audit-bei-der-zuercher-kantonalbank\\\/#breadcrumb\",\"itemListElement\":[{\"@type\":\"ListItem\",\"position\":1,\"name\":\"Home\",\"item\":\"https:\\\/\\\/www.organisator.ch\\\/\"},{\"@type\":\"ListItem\",\"position\":2,\"name\":\"Neuer Leiter Audit bei der Z\u00fcrcher Kantonalbank\"}]},{\"@type\":\"WebSite\",\"@id\":\"https:\\\/\\\/www.organisator.ch\\\/#website\",\"url\":\"https:\\\/\\\/www.organisator.ch\\\/\",\"name\":\"Organisator\",\"description\":\"Kompetent. Praxisnah. Der ORGANISATOR bereitet in 10 Ausgaben pro Jahr die wesentlichen Themen f\u00fcr F\u00fchrungskr\u00e4fte von KMU auf.\",\"publisher\":{\"@id\":\"https:\\\/\\\/www.organisator.ch\\\/#organization\"},\"potentialAction\":[{\"@type\":\"SearchAction\",\"target\":{\"@type\":\"EntryPoint\",\"urlTemplate\":\"https:\\\/\\\/www.organisator.ch\\\/?s={search_term_string}\"},\"query-input\":{\"@type\":\"PropertyValueSpecification\",\"valueRequired\":true,\"valueName\":\"search_term_string\"}}],\"inLanguage\":\"it-IT\"},{\"@type\":\"Organization\",\"@id\":\"https:\\\/\\\/www.organisator.ch\\\/#organization\",\"name\":\"Organisator\",\"url\":\"https:\\\/\\\/www.organisator.ch\\\/\",\"logo\":{\"@type\":\"ImageObject\",\"inLanguage\":\"it-IT\",\"@id\":\"https:\\\/\\\/www.organisator.ch\\\/#\\\/schema\\\/logo\\\/image\\\/\",\"url\":\"https:\\\/\\\/www.organisator.ch\\\/wp-content\\\/uploads\\\/2022\\\/01\\\/Logo_Organisator_Website.png\",\"contentUrl\":\"https:\\\/\\\/www.organisator.ch\\\/wp-content\\\/uploads\\\/2022\\\/01\\\/Logo_Organisator_Website.png\",\"width\":800,\"height\":77,\"caption\":\"Organisator\"},\"image\":{\"@id\":\"https:\\\/\\\/www.organisator.ch\\\/#\\\/schema\\\/logo\\\/image\\\/\"},\"sameAs\":[\"https:\\\/\\\/www.facebook.com\\\/OrganisatorFachmagazin\",\"https:\\\/\\\/www.linkedin.com\\\/showcase\\\/organisator-das-magazin-fr-kmu\",\"https:\\\/\\\/www.xing.com\\\/news\\\/pages\\\/organisator-ch-695\",\"https:\\\/\\\/www.youtube.com\\\/channel\\\/UCGP2Sq0iWaZwT3BdIAQFYpw\"]},{\"@type\":\"Person\",\"@id\":\"https:\\\/\\\/www.organisator.ch\\\/#\\\/schema\\\/person\\\/4e51799071cd2dd1232ac003643ef5f0\",\"name\":\"galledia\",\"image\":{\"@type\":\"ImageObject\",\"inLanguage\":\"it-IT\",\"@id\":\"https:\\\/\\\/secure.gravatar.com\\\/avatar\\\/78a7f90c01fc2bfc875782a0d4922b37cde2cf184ce347b91316d23cd7f69a36?s=96&d=mm&r=g\",\"url\":\"https:\\\/\\\/secure.gravatar.com\\\/avatar\\\/78a7f90c01fc2bfc875782a0d4922b37cde2cf184ce347b91316d23cd7f69a36?s=96&d=mm&r=g\",\"contentUrl\":\"https:\\\/\\\/secure.gravatar.com\\\/avatar\\\/78a7f90c01fc2bfc875782a0d4922b37cde2cf184ce347b91316d23cd7f69a36?s=96&d=mm&r=g\",\"caption\":\"galledia\"},\"sameAs\":[\"https:\\\/\\\/x.com\\\/admin\"],\"url\":\"https:\\\/\\\/www.organisator.ch\\\/it\\\/author\\\/galledia\\\/\"}]}<\/script>\n<!-- \/ Yoast SEO plugin. -->","yoast_head_json":{"title":"Nuovo responsabile della revisione contabile della Z\u00fcrcher Kantonalbank - Organizzatore","description":"Il dottor J\u00f6rg Steinger diventa il nuovo responsabile della revisione contabile della Z\u00fcrcher Kantonalbank. Esperienza e competenza rafforzano la governance aziendale.","robots":{"index":"index","follow":"follow","max-snippet":"max-snippet:-1","max-image-preview":"max-image-preview:large","max-video-preview":"max-video-preview:-1"},"canonical":"https:\/\/www.organisator.ch\/it\/eccellenza-operativa\/2022-08-26\/nuovo-direttore-audit-alla-zuercher-cantonal-bank\/","og_locale":"it_IT","og_type":"article","og_title":"Neuer Leiter Audit bei der Z\u00fcrcher Kantonalbank - Organisator","og_description":"Dr. J\u00f6rg Steinger wird neuer Leiter Audit der Z\u00fcrcher Kantonalbank. Erfahrung und Expertise st\u00e4rken Corporate Governance.","og_url":"https:\/\/www.organisator.ch\/it\/eccellenza-operativa\/2022-08-26\/nuovo-direttore-audit-alla-zuercher-cantonal-bank\/","og_site_name":"Organisator","article_publisher":"https:\/\/www.facebook.com\/OrganisatorFachmagazin","article_published_time":"2022-08-26T06:04:28+00:00","article_modified_time":"2024-11-22T09:52:40+00:00","author":"galledia","twitter_card":"summary_large_image","twitter_creator":"@admin","schema":{"@context":"https:\/\/schema.org","@graph":[{"@type":"Article","@id":"https:\/\/www.organisator.ch\/operational-excellence\/2022-08-26\/neuer-leiter-audit-bei-der-zuercher-kantonalbank\/#article","isPartOf":{"@id":"https:\/\/www.organisator.ch\/operational-excellence\/2022-08-26\/neuer-leiter-audit-bei-der-zuercher-kantonalbank\/"},"author":{"name":"galledia","@id":"https:\/\/www.organisator.ch\/#\/schema\/person\/4e51799071cd2dd1232ac003643ef5f0"},"headline":"Neuer Leiter Audit bei der Z\u00fcrcher Kantonalbank","datePublished":"2022-08-26T06:04:28+00:00","dateModified":"2024-11-22T09:52:40+00:00","mainEntityOfPage":{"@id":"https:\/\/www.organisator.ch\/operational-excellence\/2022-08-26\/neuer-leiter-audit-bei-der-zuercher-kantonalbank\/"},"wordCount":377,"publisher":{"@id":"https:\/\/www.organisator.ch\/#organization"},"image":{"@id":"https:\/\/www.organisator.ch\/operational-excellence\/2022-08-26\/neuer-leiter-audit-bei-der-zuercher-kantonalbank\/#primaryimage"},"thumbnailUrl":"https:\/\/www.m-q.ch\/wp-content\/uploads\/2022\/08\/Neuer-Leiter-Audit-bei-der-Zuercher-Kantonalbank_MQ.jpg","keywords":["Kantonalbank"],"articleSection":["OPERATIONAL EXCELLENCE"],"inLanguage":"it-IT"},{"@type":"WebPage","@id":"https:\/\/www.organisator.ch\/operational-excellence\/2022-08-26\/neuer-leiter-audit-bei-der-zuercher-kantonalbank\/","url":"https:\/\/www.organisator.ch\/operational-excellence\/2022-08-26\/neuer-leiter-audit-bei-der-zuercher-kantonalbank\/","name":"Nuovo responsabile della revisione contabile della Z\u00fcrcher Kantonalbank - Organizzatore","isPartOf":{"@id":"https:\/\/www.organisator.ch\/#website"},"primaryImageOfPage":{"@id":"https:\/\/www.organisator.ch\/operational-excellence\/2022-08-26\/neuer-leiter-audit-bei-der-zuercher-kantonalbank\/#primaryimage"},"image":{"@id":"https:\/\/www.organisator.ch\/operational-excellence\/2022-08-26\/neuer-leiter-audit-bei-der-zuercher-kantonalbank\/#primaryimage"},"thumbnailUrl":"https:\/\/www.m-q.ch\/wp-content\/uploads\/2022\/08\/Neuer-Leiter-Audit-bei-der-Zuercher-Kantonalbank_MQ.jpg","datePublished":"2022-08-26T06:04:28+00:00","dateModified":"2024-11-22T09:52:40+00:00","description":"Il dottor J\u00f6rg Steinger diventa il nuovo responsabile della revisione contabile della Z\u00fcrcher Kantonalbank. Esperienza e competenza rafforzano la governance aziendale.","breadcrumb":{"@id":"https:\/\/www.organisator.ch\/operational-excellence\/2022-08-26\/neuer-leiter-audit-bei-der-zuercher-kantonalbank\/#breadcrumb"},"inLanguage":"it-IT","potentialAction":[{"@type":"ReadAction","target":["https:\/\/www.organisator.ch\/operational-excellence\/2022-08-26\/neuer-leiter-audit-bei-der-zuercher-kantonalbank\/"]}]},{"@type":"ImageObject","inLanguage":"it-IT","@id":"https:\/\/www.organisator.ch\/operational-excellence\/2022-08-26\/neuer-leiter-audit-bei-der-zuercher-kantonalbank\/#primaryimage","url":"https:\/\/www.m-q.ch\/wp-content\/uploads\/2022\/08\/Neuer-Leiter-Audit-bei-der-Zuercher-Kantonalbank_MQ.jpg","contentUrl":"https:\/\/www.m-q.ch\/wp-content\/uploads\/2022\/08\/Neuer-Leiter-Audit-bei-der-Zuercher-Kantonalbank_MQ.jpg"},{"@type":"BreadcrumbList","@id":"https:\/\/www.organisator.ch\/operational-excellence\/2022-08-26\/neuer-leiter-audit-bei-der-zuercher-kantonalbank\/#breadcrumb","itemListElement":[{"@type":"ListItem","position":1,"name":"Home","item":"https:\/\/www.organisator.ch\/"},{"@type":"ListItem","position":2,"name":"Neuer Leiter Audit bei der Z\u00fcrcher Kantonalbank"}]},{"@type":"WebSite","@id":"https:\/\/www.organisator.ch\/#website","url":"https:\/\/www.organisator.ch\/","name":"Organizzatore","description":"Competente. Pratico. In 10 numeri all'anno, ORGANISATOR presenta i temi essenziali per i manager delle PMI.","publisher":{"@id":"https:\/\/www.organisator.ch\/#organization"},"potentialAction":[{"@type":"SearchAction","target":{"@type":"EntryPoint","urlTemplate":"https:\/\/www.organisator.ch\/?s={search_term_string}"},"query-input":{"@type":"PropertyValueSpecification","valueRequired":true,"valueName":"search_term_string"}}],"inLanguage":"it-IT"},{"@type":"Organization","@id":"https:\/\/www.organisator.ch\/#organization","name":"Organizzatore","url":"https:\/\/www.organisator.ch\/","logo":{"@type":"ImageObject","inLanguage":"it-IT","@id":"https:\/\/www.organisator.ch\/#\/schema\/logo\/image\/","url":"https:\/\/www.organisator.ch\/wp-content\/uploads\/2022\/01\/Logo_Organisator_Website.png","contentUrl":"https:\/\/www.organisator.ch\/wp-content\/uploads\/2022\/01\/Logo_Organisator_Website.png","width":800,"height":77,"caption":"Organisator"},"image":{"@id":"https:\/\/www.organisator.ch\/#\/schema\/logo\/image\/"},"sameAs":["https:\/\/www.facebook.com\/OrganisatorFachmagazin","https:\/\/www.linkedin.com\/showcase\/organisator-das-magazin-fr-kmu","https:\/\/www.xing.com\/news\/pages\/organisator-ch-695","https:\/\/www.youtube.com\/channel\/UCGP2Sq0iWaZwT3BdIAQFYpw"]},{"@type":"Person","@id":"https:\/\/www.organisator.ch\/#\/schema\/person\/4e51799071cd2dd1232ac003643ef5f0","name":"galledia","image":{"@type":"ImageObject","inLanguage":"it-IT","@id":"https:\/\/secure.gravatar.com\/avatar\/78a7f90c01fc2bfc875782a0d4922b37cde2cf184ce347b91316d23cd7f69a36?s=96&d=mm&r=g","url":"https:\/\/secure.gravatar.com\/avatar\/78a7f90c01fc2bfc875782a0d4922b37cde2cf184ce347b91316d23cd7f69a36?s=96&d=mm&r=g","contentUrl":"https:\/\/secure.gravatar.com\/avatar\/78a7f90c01fc2bfc875782a0d4922b37cde2cf184ce347b91316d23cd7f69a36?s=96&d=mm&r=g","caption":"galledia"},"sameAs":["https:\/\/x.com\/admin"],"url":"https:\/\/www.organisator.ch\/it\/author\/galledia\/"}]}},"_links":{"self":[{"href":"https:\/\/www.organisator.ch\/it\/wp-json\/wp\/v2\/posts\/16707","targetHints":{"allow":["GET"]}}],"collection":[{"href":"https:\/\/www.organisator.ch\/it\/wp-json\/wp\/v2\/posts"}],"about":[{"href":"https:\/\/www.organisator.ch\/it\/wp-json\/wp\/v2\/types\/post"}],"author":[{"embeddable":true,"href":"https:\/\/www.organisator.ch\/it\/wp-json\/wp\/v2\/users\/8"}],"replies":[{"embeddable":true,"href":"https:\/\/www.organisator.ch\/it\/wp-json\/wp\/v2\/comments?post=16707"}],"version-history":[{"count":3,"href":"https:\/\/www.organisator.ch\/it\/wp-json\/wp\/v2\/posts\/16707\/revisions"}],"predecessor-version":[{"id":33884,"href":"https:\/\/www.organisator.ch\/it\/wp-json\/wp\/v2\/posts\/16707\/revisions\/33884"}],"wp:attachment":[{"href":"https:\/\/www.organisator.ch\/it\/wp-json\/wp\/v2\/media?parent=16707"}],"wp:term":[{"taxonomy":"category","embeddable":true,"href":"https:\/\/www.organisator.ch\/it\/wp-json\/wp\/v2\/categories?post=16707"},{"taxonomy":"post_tag","embeddable":true,"href":"https:\/\/www.organisator.ch\/it\/wp-json\/wp\/v2\/tags?post=16707"}],"curies":[{"name":"wp","href":"https:\/\/api.w.org\/{rel}","templated":true}]}}