{"id":16713,"date":"2022-08-26T11:47:32","date_gmt":"2022-08-26T09:47:32","guid":{"rendered":"https:\/\/www.organisator.ch\/?p=16713"},"modified":"2022-08-26T11:47:32","modified_gmt":"2022-08-26T09:47:32","slug":"lex-consigliere-federale-kaspar-villiger-al-forum-economico-di-rheintal","status":"publish","type":"post","link":"https:\/\/www.organisator.ch\/it\/allgemein\/2022-08-26\/alt-bundesrat-kaspar-villiger-am-rheintaler-wirtschaftsforum\/","title":{"rendered":"L'ex consigliere federale Kaspar Villiger al Forum economico della Valle del Reno"},"content":{"rendered":"<figure id=\"attachment_16714\" aria-describedby=\"caption-attachment-16714\" style=\"width: 680px\" class=\"wp-caption alignnone\"><img loading=\"lazy\" decoding=\"async\" class=\"size-full wp-image-16714\" src=\"https:\/\/www.organisator.ch\/wp-content\/uploads\/2022\/08\/Alt-Bundesrat-Kaspar-Villiger-am-Rheintaler-Wirtschaftsforum_Organisator.jpg\" alt=\"\" width=\"680\" height=\"730\" srcset=\"https:\/\/www.organisator.ch\/wp-content\/uploads\/2022\/08\/Alt-Bundesrat-Kaspar-Villiger-am-Rheintaler-Wirtschaftsforum_Organisator.jpg 680w, https:\/\/www.organisator.ch\/wp-content\/uploads\/2022\/08\/Alt-Bundesrat-Kaspar-Villiger-am-Rheintaler-Wirtschaftsforum_Organisator-11x12.jpg 11w, https:\/\/www.organisator.ch\/wp-content\/uploads\/2022\/08\/Alt-Bundesrat-Kaspar-Villiger-am-Rheintaler-Wirtschaftsforum_Organisator-163x175.jpg 163w, https:\/\/www.organisator.ch\/wp-content\/uploads\/2022\/08\/Alt-Bundesrat-Kaspar-Villiger-am-Rheintaler-Wirtschaftsforum_Organisator-326x350.jpg 326w, https:\/\/www.organisator.ch\/wp-content\/uploads\/2022\/08\/Alt-Bundesrat-Kaspar-Villiger-am-Rheintaler-Wirtschaftsforum_Organisator-300x322.jpg 300w\" sizes=\"auto, (max-width: 680px) 100vw, 680px\" \/><figcaption id=\"caption-attachment-16714\" class=\"wp-caption-text\">Conquistato come oratore principale per il 28\u00b0 Forum economico di Rheintal: L'ex consigliere federale Kaspar Villiger. (Immagine: zVg \/ Wifo)<\/figcaption><\/figure>\n<p>Un virus, l'inflazione, la guerra in Ucraina: \u00e8 nata una \"nuova normalit\u00e0\". In occasione del 28\u00b0 Rheintaler Wirtschaftsforum (Wifo), personalit\u00e0 di spicco dell'economia, della politica e dell'esercito hanno illustrato cosa si aspettano da questa nuova \"era\" e come stanno rispondendo ad essa.<\/p>\n<h3>Kaspar Villiger come oratore principale<\/h3>\n<p>Il relatore Kaspar Villiger interverr\u00e0 al Rheintaler Wirtschaftsforum sul tema \"Le crisi come nuova normalit\u00e0? Democrazie sotto vento\" e illuminare l'argomento con la sua decennale esperienza politica. Dopo essersi laureato all'ETH come ingegnere, Villiger \u00e8 stato presidente e amministratore delegato della fabbrica di sigari Villiger und S\u00f6hne, di propriet\u00e0 della famiglia. La sua carriera politica \u00e8 iniziata con l'elezione al Gran Consiglio del Cantone di Lucerna nel 1972. Dal 1982 al 1989, Villiger ha fatto parte per cinque anni del Consiglio nazionale e poi del Consiglio degli Stati. Nel 1989 \u00e8 stato eletto al Consiglio federale ed \u00e8 stato prima Ministro della Difesa e poi delle Finanze. Per due volte \u00e8 stato Presidente della Confederazione. Nel 2003 si \u00e8 dimesso dalla carica di Consigliere federale ed \u00e8 entrato a far parte dei consigli di amministrazione di Nestl\u00e9, Swiss Re e Neue Z\u00fcrcher Zeitung. Dal 2009 al 2012, Villiger \u00e8 stato presidente del Consiglio di amministrazione di UBS. Nel 2004 ha ricevuto un dottorato onorario dall'Universit\u00e0 di Lucerna. Dal 2009 \u00e8 presidente della Fondazione UBS per l'economia nella societ\u00e0.<\/p>\n<h3>Panel di alto livello con Gutmann, Walser e Thoma<\/h3>\n<p>Un altro relatore sar\u00e0 Johannes Gutmann, che parler\u00e0 di come \u00e8 riuscito a sfruttare la crisi a vantaggio della sua Sonnentor Kr\u00e4uterhandels GmbH, con 370 dipendenti e 1000 agricoltori biologici a contratto, grazie alla sostenibilit\u00e0 e alla giustizia ambientale. Inoltre, il comandante di corpo Hans-Peter Walser, membro della leadership dell'esercito e vice capo delle forze armate, parler\u00e0 da una prospettiva militare su \"La politica di sicurezza dopo una svolta geopolitica\". Infine, Suzanne Thoma, Presidente del Consiglio di Amministrazione di Sulzer AG dall'aprile 2022, esplorer\u00e0 la questione: La nuova normalit\u00e0 richiede un nuovo tipo di governance aziendale? Thoma ha iniziato la sua carriera presso Ciba Spezialit\u00e4tenchemie AG dopo aver completato il dottorato all'ETH. \u00c8 rimasta CEO del Gruppo BKW fino alla fine di giugno 2022.<\/p>\n<h3>Abacus nuovo sponsor principale<\/h3>\n<p>Gli organizzatori del Forum economico annunciano anche un importante cambio di sponsor: Abacus \u00e8 passata da co-sponsor a sponsor principale. Ci\u00f2 significa che Wifo \u00e8 ora supportato dai cinque principali sponsor Abacus, Alpha Rheintal Bank AG, BDO AG, Helvetia Versicherungen e RLC AG.<\/p>\n<p><em>Le iscrizioni all'evento sono gi\u00e0 aperte da oggi attraverso il nuovo sito web <a href=\"http:\/\/www.wifo.ch\">www.wifo.ch<\/a> possibile.<\/em><\/p>","protected":false},"excerpt":{"rendered":"<p>Ein Virus, Inflation, Krieg in der Ukraine \u2013 eine \u00abneue Normalit\u00e4t\u00bb ist angebrochen. Am 28. Rheintaler Wirtschaftsforum (Wifo) legen f\u00fchrende Pers\u00f6nlichkeiten aus Wirtschaft, Politik und Armee dar, welche Erwartungen sie an dieses neue \u00abZeitalter\u00bb haben und wie sie darauf reagieren. Kaspar Villiger als Hauptreferent Hauptreferent Kaspar Villiger wird sich am Rheintaler Wirtschaftsforum mit \u00abKrisen als [&hellip;]<\/p>\n","protected":false},"author":4,"featured_media":16714,"comment_status":"closed","ping_status":"closed","sticky":false,"template":"","format":"standard","meta":{"_acf_changed":false,"_yoast_wpseo_focuskw":"Kaspar Villiger","_yoast_wpseo_metadesc":"Das 28. Rheintaler Wirtschaftsforum findet am 20. Januar 2023 statt. Hauptreferent ist Alt-Bundesrat Kaspar Villiger.","articlekey":"","footnotes":""},"categories":[1],"tags":[193,381,386,3348],"class_list":["post-16713","post","type-post","status-publish","format-standard","has-post-thumbnail","hentry","category-allgemein","tag-fachkongressfachmesse","tag-personalia","tag-politik","tag-rheintaler-wirtschaftsforum"],"acf":[],"yoast_head":"<!-- This site is optimized with the Yoast SEO plugin v27.4 - https:\/\/yoast.com\/product\/yoast-seo-wordpress\/ -->\n<title>Alt-Bundesrat Kaspar Villiger am Rheintaler Wirtschaftsforum - Organisator<\/title>\n<meta name=\"description\" content=\"Das 28. Rheintaler Wirtschaftsforum findet am 20. Januar 2023 statt. Hauptreferent ist Alt-Bundesrat Kaspar Villiger.\" \/>\n<meta name=\"robots\" content=\"index, follow, max-snippet:-1, max-image-preview:large, max-video-preview:-1\" \/>\n<link rel=\"canonical\" href=\"https:\/\/www.organisator.ch\/it\/generale\/2022-08-26\/lex-consigliere-federale-kaspar-villiger-al-forum-economico-di-rheintal\/\" \/>\n<meta property=\"og:locale\" content=\"it_IT\" \/>\n<meta property=\"og:type\" content=\"article\" \/>\n<meta property=\"og:title\" content=\"Alt-Bundesrat Kaspar Villiger am Rheintaler Wirtschaftsforum\" \/>\n<meta property=\"og:description\" content=\"Das 28. Rheintaler Wirtschaftsforum findet am 20. Januar 2023 statt. Hauptreferent ist Alt-Bundesrat Kaspar Villiger.\" \/>\n<meta property=\"og:url\" content=\"https:\/\/www.organisator.ch\/it\/generale\/2022-08-26\/lex-consigliere-federale-kaspar-villiger-al-forum-economico-di-rheintal\/\" \/>\n<meta property=\"og:site_name\" content=\"Organisator\" \/>\n<meta property=\"article:publisher\" content=\"https:\/\/www.facebook.com\/OrganisatorFachmagazin\" \/>\n<meta property=\"article:published_time\" content=\"2022-08-26T09:47:32+00:00\" \/>\n<meta property=\"og:image\" content=\"https:\/\/www.organisator.ch\/wp-content\/uploads\/2022\/08\/Alt-Bundesrat-Kaspar-Villiger-am-Rheintaler-Wirtschaftsforum_Organisator.jpg\" \/>\n\t<meta property=\"og:image:width\" content=\"680\" \/>\n\t<meta property=\"og:image:height\" content=\"730\" \/>\n\t<meta property=\"og:image:type\" content=\"image\/jpeg\" \/>\n<meta name=\"author\" content=\"thomas.berner\" \/>\n<meta name=\"twitter:card\" content=\"summary_large_image\" \/>\n<meta name=\"twitter:title\" content=\"#Alt-Bundesrat Kaspar #Villiger am Rheintaler #Wirtschaftsforum\" \/>\n<meta name=\"twitter:description\" content=\"Das 28. #Rheintaler #Wirtschaftsforum findet am 20. Januar 2023 statt. #Hauptreferent ist #Alt-Bundesrat Kaspar #Villiger.\" \/>\n<meta name=\"twitter:image\" content=\"https:\/\/www.organisator.ch\/wp-content\/uploads\/2022\/08\/Alt-Bundesrat-Kaspar-Villiger-am-Rheintaler-Wirtschaftsforum_Organisator.jpg\" \/>\n<script type=\"application\/ld+json\" class=\"yoast-schema-graph\">{\"@context\":\"https:\\\/\\\/schema.org\",\"@graph\":[{\"@type\":\"Article\",\"@id\":\"https:\\\/\\\/www.organisator.ch\\\/it\\\/generale\\\/2022-08-26\\\/lex-consigliere-federale-kaspar-villiger-al-forum-economico-di-rheintal\\\/#article\",\"isPartOf\":{\"@id\":\"https:\\\/\\\/www.organisator.ch\\\/it\\\/generale\\\/2022-08-26\\\/lex-consigliere-federale-kaspar-villiger-al-forum-economico-di-rheintal\\\/\"},\"author\":{\"name\":\"thomas.berner\",\"@id\":\"https:\\\/\\\/www.organisator.ch\\\/#\\\/schema\\\/person\\\/6f650f90b2842cd4c0cc334b4e36f67e\"},\"headline\":\"Alt-Bundesrat Kaspar Villiger am Rheintaler Wirtschaftsforum\",\"datePublished\":\"2022-08-26T09:47:32+00:00\",\"mainEntityOfPage\":{\"@id\":\"https:\\\/\\\/www.organisator.ch\\\/it\\\/generale\\\/2022-08-26\\\/lex-consigliere-federale-kaspar-villiger-al-forum-economico-di-rheintal\\\/\"},\"wordCount\":405,\"publisher\":{\"@id\":\"https:\\\/\\\/www.organisator.ch\\\/#organization\"},\"image\":{\"@id\":\"https:\\\/\\\/www.organisator.ch\\\/it\\\/generale\\\/2022-08-26\\\/lex-consigliere-federale-kaspar-villiger-al-forum-economico-di-rheintal\\\/#primaryimage\"},\"thumbnailUrl\":\"https:\\\/\\\/www.organisator.ch\\\/wp-content\\\/uploads\\\/2022\\\/08\\\/Alt-Bundesrat-Kaspar-Villiger-am-Rheintaler-Wirtschaftsforum_Organisator.jpg\",\"keywords\":[\"Fachkongress\\\/Fachmesse\",\"Personalia\",\"Politik\",\"Rheintaler Wirtschaftsforum\"],\"articleSection\":[\"Allgemein\"],\"inLanguage\":\"it-IT\"},{\"@type\":\"WebPage\",\"@id\":\"https:\\\/\\\/www.organisator.ch\\\/it\\\/generale\\\/2022-08-26\\\/lex-consigliere-federale-kaspar-villiger-al-forum-economico-di-rheintal\\\/\",\"url\":\"https:\\\/\\\/www.organisator.ch\\\/it\\\/generale\\\/2022-08-26\\\/lex-consigliere-federale-kaspar-villiger-al-forum-economico-di-rheintal\\\/\",\"name\":\"Alt-Bundesrat Kaspar Villiger am Rheintaler Wirtschaftsforum - Organisator\",\"isPartOf\":{\"@id\":\"https:\\\/\\\/www.organisator.ch\\\/#website\"},\"primaryImageOfPage\":{\"@id\":\"https:\\\/\\\/www.organisator.ch\\\/it\\\/generale\\\/2022-08-26\\\/lex-consigliere-federale-kaspar-villiger-al-forum-economico-di-rheintal\\\/#primaryimage\"},\"image\":{\"@id\":\"https:\\\/\\\/www.organisator.ch\\\/it\\\/generale\\\/2022-08-26\\\/lex-consigliere-federale-kaspar-villiger-al-forum-economico-di-rheintal\\\/#primaryimage\"},\"thumbnailUrl\":\"https:\\\/\\\/www.organisator.ch\\\/wp-content\\\/uploads\\\/2022\\\/08\\\/Alt-Bundesrat-Kaspar-Villiger-am-Rheintaler-Wirtschaftsforum_Organisator.jpg\",\"datePublished\":\"2022-08-26T09:47:32+00:00\",\"description\":\"Das 28. Rheintaler Wirtschaftsforum findet am 20. Januar 2023 statt. Hauptreferent ist Alt-Bundesrat Kaspar Villiger.\",\"breadcrumb\":{\"@id\":\"https:\\\/\\\/www.organisator.ch\\\/it\\\/generale\\\/2022-08-26\\\/lex-consigliere-federale-kaspar-villiger-al-forum-economico-di-rheintal\\\/#breadcrumb\"},\"inLanguage\":\"it-IT\",\"potentialAction\":[{\"@type\":\"ReadAction\",\"target\":[\"https:\\\/\\\/www.organisator.ch\\\/it\\\/generale\\\/2022-08-26\\\/lex-consigliere-federale-kaspar-villiger-al-forum-economico-di-rheintal\\\/\"]}]},{\"@type\":\"ImageObject\",\"inLanguage\":\"it-IT\",\"@id\":\"https:\\\/\\\/www.organisator.ch\\\/it\\\/generale\\\/2022-08-26\\\/lex-consigliere-federale-kaspar-villiger-al-forum-economico-di-rheintal\\\/#primaryimage\",\"url\":\"https:\\\/\\\/www.organisator.ch\\\/wp-content\\\/uploads\\\/2022\\\/08\\\/Alt-Bundesrat-Kaspar-Villiger-am-Rheintaler-Wirtschaftsforum_Organisator.jpg\",\"contentUrl\":\"https:\\\/\\\/www.organisator.ch\\\/wp-content\\\/uploads\\\/2022\\\/08\\\/Alt-Bundesrat-Kaspar-Villiger-am-Rheintaler-Wirtschaftsforum_Organisator.jpg\",\"width\":680,\"height\":730,\"caption\":\"Konnte f\u00fcr das 28. Rheintaler Wirtschaftsforum als Hauptreferent gewonnen werden: Der ehemalige Bundesrat Kaspar Villiger. (Bild: zVg \\\/ Wifo)\"},{\"@type\":\"BreadcrumbList\",\"@id\":\"https:\\\/\\\/www.organisator.ch\\\/it\\\/generale\\\/2022-08-26\\\/lex-consigliere-federale-kaspar-villiger-al-forum-economico-di-rheintal\\\/#breadcrumb\",\"itemListElement\":[{\"@type\":\"ListItem\",\"position\":1,\"name\":\"Home\",\"item\":\"https:\\\/\\\/www.organisator.ch\\\/\"},{\"@type\":\"ListItem\",\"position\":2,\"name\":\"Alt-Bundesrat Kaspar Villiger am Rheintaler Wirtschaftsforum\"}]},{\"@type\":\"WebSite\",\"@id\":\"https:\\\/\\\/www.organisator.ch\\\/#website\",\"url\":\"https:\\\/\\\/www.organisator.ch\\\/\",\"name\":\"Organisator\",\"description\":\"Kompetent. Praxisnah. Der ORGANISATOR bereitet in 10 Ausgaben pro Jahr die wesentlichen Themen f\u00fcr F\u00fchrungskr\u00e4fte von KMU auf.\",\"publisher\":{\"@id\":\"https:\\\/\\\/www.organisator.ch\\\/#organization\"},\"potentialAction\":[{\"@type\":\"SearchAction\",\"target\":{\"@type\":\"EntryPoint\",\"urlTemplate\":\"https:\\\/\\\/www.organisator.ch\\\/?s={search_term_string}\"},\"query-input\":{\"@type\":\"PropertyValueSpecification\",\"valueRequired\":true,\"valueName\":\"search_term_string\"}}],\"inLanguage\":\"it-IT\"},{\"@type\":\"Organization\",\"@id\":\"https:\\\/\\\/www.organisator.ch\\\/#organization\",\"name\":\"Organisator\",\"url\":\"https:\\\/\\\/www.organisator.ch\\\/\",\"logo\":{\"@type\":\"ImageObject\",\"inLanguage\":\"it-IT\",\"@id\":\"https:\\\/\\\/www.organisator.ch\\\/#\\\/schema\\\/logo\\\/image\\\/\",\"url\":\"https:\\\/\\\/www.organisator.ch\\\/wp-content\\\/uploads\\\/2022\\\/01\\\/Logo_Organisator_Website.png\",\"contentUrl\":\"https:\\\/\\\/www.organisator.ch\\\/wp-content\\\/uploads\\\/2022\\\/01\\\/Logo_Organisator_Website.png\",\"width\":800,\"height\":77,\"caption\":\"Organisator\"},\"image\":{\"@id\":\"https:\\\/\\\/www.organisator.ch\\\/#\\\/schema\\\/logo\\\/image\\\/\"},\"sameAs\":[\"https:\\\/\\\/www.facebook.com\\\/OrganisatorFachmagazin\",\"https:\\\/\\\/www.linkedin.com\\\/showcase\\\/organisator-das-magazin-fr-kmu\",\"https:\\\/\\\/www.xing.com\\\/news\\\/pages\\\/organisator-ch-695\",\"https:\\\/\\\/www.youtube.com\\\/channel\\\/UCGP2Sq0iWaZwT3BdIAQFYpw\"]},{\"@type\":\"Person\",\"@id\":\"https:\\\/\\\/www.organisator.ch\\\/#\\\/schema\\\/person\\\/6f650f90b2842cd4c0cc334b4e36f67e\",\"name\":\"thomas.berner\",\"image\":{\"@type\":\"ImageObject\",\"inLanguage\":\"it-IT\",\"@id\":\"https:\\\/\\\/secure.gravatar.com\\\/avatar\\\/ac5001d2a36cb6c6cd3e50789007ffca834b477b74a2144564522e944eabff61?s=96&d=mm&r=g\",\"url\":\"https:\\\/\\\/secure.gravatar.com\\\/avatar\\\/ac5001d2a36cb6c6cd3e50789007ffca834b477b74a2144564522e944eabff61?s=96&d=mm&r=g\",\"contentUrl\":\"https:\\\/\\\/secure.gravatar.com\\\/avatar\\\/ac5001d2a36cb6c6cd3e50789007ffca834b477b74a2144564522e944eabff61?s=96&d=mm&r=g\",\"caption\":\"thomas.berner\"},\"url\":\"https:\\\/\\\/www.organisator.ch\\\/it\\\/author\\\/thomas-berner\\\/\"}]}<\/script>\n<!-- \/ Yoast SEO plugin. -->","yoast_head_json":{"title":"L'ex consigliere federale Kaspar Villiger al Forum economico della Valle del Reno - Organizzatore","description":"Il 28\u00b0 Forum economico di Rheintal si terr\u00e0 il 20 gennaio 2023. L'oratore principale \u00e8 l'ex Consigliere federale Kaspar Villiger.","robots":{"index":"index","follow":"follow","max-snippet":"max-snippet:-1","max-image-preview":"max-image-preview:large","max-video-preview":"max-video-preview:-1"},"canonical":"https:\/\/www.organisator.ch\/it\/generale\/2022-08-26\/lex-consigliere-federale-kaspar-villiger-al-forum-economico-di-rheintal\/","og_locale":"it_IT","og_type":"article","og_title":"Alt-Bundesrat Kaspar Villiger am Rheintaler Wirtschaftsforum","og_description":"Das 28. Rheintaler Wirtschaftsforum findet am 20. Januar 2023 statt. Hauptreferent ist Alt-Bundesrat Kaspar Villiger.","og_url":"https:\/\/www.organisator.ch\/it\/generale\/2022-08-26\/lex-consigliere-federale-kaspar-villiger-al-forum-economico-di-rheintal\/","og_site_name":"Organisator","article_publisher":"https:\/\/www.facebook.com\/OrganisatorFachmagazin","article_published_time":"2022-08-26T09:47:32+00:00","og_image":[{"width":680,"height":730,"url":"https:\/\/www.organisator.ch\/wp-content\/uploads\/2022\/08\/Alt-Bundesrat-Kaspar-Villiger-am-Rheintaler-Wirtschaftsforum_Organisator.jpg","type":"image\/jpeg"}],"author":"thomas.berner","twitter_card":"summary_large_image","twitter_title":"#Alt-Bundesrat Kaspar #Villiger am Rheintaler #Wirtschaftsforum","twitter_description":"Das 28. #Rheintaler #Wirtschaftsforum findet am 20. Januar 2023 statt. #Hauptreferent ist #Alt-Bundesrat Kaspar #Villiger.","twitter_image":"https:\/\/www.organisator.ch\/wp-content\/uploads\/2022\/08\/Alt-Bundesrat-Kaspar-Villiger-am-Rheintaler-Wirtschaftsforum_Organisator.jpg","schema":{"@context":"https:\/\/schema.org","@graph":[{"@type":"Article","@id":"https:\/\/www.organisator.ch\/it\/generale\/2022-08-26\/lex-consigliere-federale-kaspar-villiger-al-forum-economico-di-rheintal\/#article","isPartOf":{"@id":"https:\/\/www.organisator.ch\/it\/generale\/2022-08-26\/lex-consigliere-federale-kaspar-villiger-al-forum-economico-di-rheintal\/"},"author":{"name":"thomas.berner","@id":"https:\/\/www.organisator.ch\/#\/schema\/person\/6f650f90b2842cd4c0cc334b4e36f67e"},"headline":"Alt-Bundesrat Kaspar Villiger am Rheintaler Wirtschaftsforum","datePublished":"2022-08-26T09:47:32+00:00","mainEntityOfPage":{"@id":"https:\/\/www.organisator.ch\/it\/generale\/2022-08-26\/lex-consigliere-federale-kaspar-villiger-al-forum-economico-di-rheintal\/"},"wordCount":405,"publisher":{"@id":"https:\/\/www.organisator.ch\/#organization"},"image":{"@id":"https:\/\/www.organisator.ch\/it\/generale\/2022-08-26\/lex-consigliere-federale-kaspar-villiger-al-forum-economico-di-rheintal\/#primaryimage"},"thumbnailUrl":"https:\/\/www.organisator.ch\/wp-content\/uploads\/2022\/08\/Alt-Bundesrat-Kaspar-Villiger-am-Rheintaler-Wirtschaftsforum_Organisator.jpg","keywords":["Fachkongress\/Fachmesse","Personalia","Politik","Rheintaler Wirtschaftsforum"],"articleSection":["Allgemein"],"inLanguage":"it-IT"},{"@type":"WebPage","@id":"https:\/\/www.organisator.ch\/it\/generale\/2022-08-26\/lex-consigliere-federale-kaspar-villiger-al-forum-economico-di-rheintal\/","url":"https:\/\/www.organisator.ch\/it\/generale\/2022-08-26\/lex-consigliere-federale-kaspar-villiger-al-forum-economico-di-rheintal\/","name":"L'ex consigliere federale Kaspar Villiger al Forum economico della Valle del Reno - Organizzatore","isPartOf":{"@id":"https:\/\/www.organisator.ch\/#website"},"primaryImageOfPage":{"@id":"https:\/\/www.organisator.ch\/it\/generale\/2022-08-26\/lex-consigliere-federale-kaspar-villiger-al-forum-economico-di-rheintal\/#primaryimage"},"image":{"@id":"https:\/\/www.organisator.ch\/it\/generale\/2022-08-26\/lex-consigliere-federale-kaspar-villiger-al-forum-economico-di-rheintal\/#primaryimage"},"thumbnailUrl":"https:\/\/www.organisator.ch\/wp-content\/uploads\/2022\/08\/Alt-Bundesrat-Kaspar-Villiger-am-Rheintaler-Wirtschaftsforum_Organisator.jpg","datePublished":"2022-08-26T09:47:32+00:00","description":"Il 28\u00b0 Forum economico di Rheintal si terr\u00e0 il 20 gennaio 2023. L'oratore principale \u00e8 l'ex Consigliere federale Kaspar Villiger.","breadcrumb":{"@id":"https:\/\/www.organisator.ch\/it\/generale\/2022-08-26\/lex-consigliere-federale-kaspar-villiger-al-forum-economico-di-rheintal\/#breadcrumb"},"inLanguage":"it-IT","potentialAction":[{"@type":"ReadAction","target":["https:\/\/www.organisator.ch\/it\/generale\/2022-08-26\/lex-consigliere-federale-kaspar-villiger-al-forum-economico-di-rheintal\/"]}]},{"@type":"ImageObject","inLanguage":"it-IT","@id":"https:\/\/www.organisator.ch\/it\/generale\/2022-08-26\/lex-consigliere-federale-kaspar-villiger-al-forum-economico-di-rheintal\/#primaryimage","url":"https:\/\/www.organisator.ch\/wp-content\/uploads\/2022\/08\/Alt-Bundesrat-Kaspar-Villiger-am-Rheintaler-Wirtschaftsforum_Organisator.jpg","contentUrl":"https:\/\/www.organisator.ch\/wp-content\/uploads\/2022\/08\/Alt-Bundesrat-Kaspar-Villiger-am-Rheintaler-Wirtschaftsforum_Organisator.jpg","width":680,"height":730,"caption":"Konnte f\u00fcr das 28. Rheintaler Wirtschaftsforum als Hauptreferent gewonnen werden: Der ehemalige Bundesrat Kaspar Villiger. (Bild: zVg \/ Wifo)"},{"@type":"BreadcrumbList","@id":"https:\/\/www.organisator.ch\/it\/generale\/2022-08-26\/lex-consigliere-federale-kaspar-villiger-al-forum-economico-di-rheintal\/#breadcrumb","itemListElement":[{"@type":"ListItem","position":1,"name":"Home","item":"https:\/\/www.organisator.ch\/"},{"@type":"ListItem","position":2,"name":"Alt-Bundesrat Kaspar Villiger am Rheintaler Wirtschaftsforum"}]},{"@type":"WebSite","@id":"https:\/\/www.organisator.ch\/#website","url":"https:\/\/www.organisator.ch\/","name":"Organizzatore","description":"Competente. Pratico. In 10 numeri all'anno, ORGANISATOR presenta i temi essenziali per i manager delle PMI.","publisher":{"@id":"https:\/\/www.organisator.ch\/#organization"},"potentialAction":[{"@type":"SearchAction","target":{"@type":"EntryPoint","urlTemplate":"https:\/\/www.organisator.ch\/?s={search_term_string}"},"query-input":{"@type":"PropertyValueSpecification","valueRequired":true,"valueName":"search_term_string"}}],"inLanguage":"it-IT"},{"@type":"Organization","@id":"https:\/\/www.organisator.ch\/#organization","name":"Organizzatore","url":"https:\/\/www.organisator.ch\/","logo":{"@type":"ImageObject","inLanguage":"it-IT","@id":"https:\/\/www.organisator.ch\/#\/schema\/logo\/image\/","url":"https:\/\/www.organisator.ch\/wp-content\/uploads\/2022\/01\/Logo_Organisator_Website.png","contentUrl":"https:\/\/www.organisator.ch\/wp-content\/uploads\/2022\/01\/Logo_Organisator_Website.png","width":800,"height":77,"caption":"Organisator"},"image":{"@id":"https:\/\/www.organisator.ch\/#\/schema\/logo\/image\/"},"sameAs":["https:\/\/www.facebook.com\/OrganisatorFachmagazin","https:\/\/www.linkedin.com\/showcase\/organisator-das-magazin-fr-kmu","https:\/\/www.xing.com\/news\/pages\/organisator-ch-695","https:\/\/www.youtube.com\/channel\/UCGP2Sq0iWaZwT3BdIAQFYpw"]},{"@type":"Person","@id":"https:\/\/www.organisator.ch\/#\/schema\/person\/6f650f90b2842cd4c0cc334b4e36f67e","name":"Tommaso.berner","image":{"@type":"ImageObject","inLanguage":"it-IT","@id":"https:\/\/secure.gravatar.com\/avatar\/ac5001d2a36cb6c6cd3e50789007ffca834b477b74a2144564522e944eabff61?s=96&d=mm&r=g","url":"https:\/\/secure.gravatar.com\/avatar\/ac5001d2a36cb6c6cd3e50789007ffca834b477b74a2144564522e944eabff61?s=96&d=mm&r=g","contentUrl":"https:\/\/secure.gravatar.com\/avatar\/ac5001d2a36cb6c6cd3e50789007ffca834b477b74a2144564522e944eabff61?s=96&d=mm&r=g","caption":"thomas.berner"},"url":"https:\/\/www.organisator.ch\/it\/author\/thomas-berner\/"}]}},"_links":{"self":[{"href":"https:\/\/www.organisator.ch\/it\/wp-json\/wp\/v2\/posts\/16713","targetHints":{"allow":["GET"]}}],"collection":[{"href":"https:\/\/www.organisator.ch\/it\/wp-json\/wp\/v2\/posts"}],"about":[{"href":"https:\/\/www.organisator.ch\/it\/wp-json\/wp\/v2\/types\/post"}],"author":[{"embeddable":true,"href":"https:\/\/www.organisator.ch\/it\/wp-json\/wp\/v2\/users\/4"}],"replies":[{"embeddable":true,"href":"https:\/\/www.organisator.ch\/it\/wp-json\/wp\/v2\/comments?post=16713"}],"version-history":[{"count":1,"href":"https:\/\/www.organisator.ch\/it\/wp-json\/wp\/v2\/posts\/16713\/revisions"}],"predecessor-version":[{"id":16715,"href":"https:\/\/www.organisator.ch\/it\/wp-json\/wp\/v2\/posts\/16713\/revisions\/16715"}],"wp:featuredmedia":[{"embeddable":true,"href":"https:\/\/www.organisator.ch\/it\/wp-json\/wp\/v2\/media\/16714"}],"wp:attachment":[{"href":"https:\/\/www.organisator.ch\/it\/wp-json\/wp\/v2\/media?parent=16713"}],"wp:term":[{"taxonomy":"category","embeddable":true,"href":"https:\/\/www.organisator.ch\/it\/wp-json\/wp\/v2\/categories?post=16713"},{"taxonomy":"post_tag","embeddable":true,"href":"https:\/\/www.organisator.ch\/it\/wp-json\/wp\/v2\/tags?post=16713"}],"curies":[{"name":"wp","href":"https:\/\/api.w.org\/{rel}","templated":true}]}}