{"id":16716,"date":"2022-08-26T11:29:25","date_gmt":"2022-08-26T09:29:25","guid":{"rendered":"https:\/\/www.werbewoche.ch\/?p=184989"},"modified":"2024-11-22T10:59:35","modified_gmt":"2024-11-22T09:59:35","slug":"la-pandemia-e-stata-particolarmente-pesante-per-i-giovani-adulti","status":"publish","type":"post","link":"https:\/\/www.organisator.ch\/it\/marketing\/2022-08-26\/pandemie-war-vor-allem-fuer-junge-erwachsene-belastend\/","title":{"rendered":"La pandemia \u00e8 stata particolarmente stressante per i giovani adulti"},"content":{"rendered":"<figure id=\"attachment_184991\" class=\"wp-caption alignnone\" style=\"width: 1067px\" aria-describedby=\"caption-attachment-184991\"><img class=\"alignnone wp-image-184991 size-full\" src=\"https:\/\/www.werbewoche.ch\/wp-content\/uploads\/2022\/08\/Bildschirmfoto-2022-08-26-um-11.27.23.png\" alt=\"Pandemia di Corona\" width=\"1067\" height=\"503\" \/>\r\n<figcaption id=\"caption-attachment-184991\" class=\"wp-caption-text\">(Foto: Unsplash)<\/figcaption>\r\n<\/figure>\r\n<p>Che influenza ha o ha avuto la pandemia di Corona e le misure associate sul nostro benessere personale? E soprattutto, per chi? Marketagent.com Svizzera ha voluto saperlo in un sondaggio attuale e rappresentativo. \u00c8 stato condotto dal 7 al 16 luglio 2022 nella Svizzera tedesca e francese. Sono state intervistate 1.036 persone di et\u00e0 compresa tra i 14 e i 74 anni.<\/p>\r\n<p>I risultati confermano che le misure Corona, con i loro cambiamenti talvolta profondi nella vita quotidiana, hanno rappresentato una sfida per molti. Questo vale soprattutto per una fascia d'et\u00e0 che finora \u00e8 rimasta spesso sottotraccia nel dibattito pubblico: i giovani adulti.<\/p>\r\n<h3><strong>I giovani tra i 20 e i 29 anni combattono su pi\u00f9 fronti<\/strong><\/h3>\r\n<p>Ad esempio, pi\u00f9 della met\u00e0 (52%) dei giovani tra i 20 e i 29 anni afferma che la pandemia \u00e8 stata psicologicamente stressante per loro. Si tratta di una percentuale compresa tra i 14 e i 24 punti percentuali in pi\u00f9 rispetto a tutti gli altri gruppi di et\u00e0.<\/p>\r\n<p>\"Possiamo solo fare ipotesi sui motivi\", afferma Cornelia Eck, direttore generale di Marketagent.com Svizzera, e continua: \"A questa et\u00e0, molti affrontano una nuova fase della loro vita, iniziano gli studi, si posizionano nella loro carriera. Questo \u00e8 il momento peggiore per fare a meno dei contatti interpersonali e degli scambi con i compagni di studio e i coetanei\".<\/p>\r\n<p>Inoltre, in questa fascia d'et\u00e0 di solito le partnership e le relazioni vengono stabilite e rafforzate per prime, il che \u00e8 pi\u00f9 difficile da attuare in considerazione dell'isolamento e delle opportunit\u00e0 limitate. Almeno questo \u00e8 il modo in cui i risultati possono essere interpretati: Un quinto dei giovani adulti (21%) afferma che la pandemia ha avuto un impatto negativo sulle loro relazioni.  Questa percentuale \u00e8 significativamente pi\u00f9 alta rispetto a quella delle persone di et\u00e0 compresa tra i 50 e i 74 anni (9 percento) e tende a essere pi\u00f9 alta anche rispetto a quella delle persone di et\u00e0 compresa tra i 30 e i 49 anni (16 percento) e a quella delle persone di et\u00e0 inferiore ai 20 anni (17 percento).<\/p>\r\n<h3><strong>Adolescenti: ricaduta sulla famiglia<\/strong><\/h3>\r\n<p>Per quanto riguarda la cerchia familiare, il quadro \u00e8 un po' diverso. Qui sono soprattutto i giovani sotto i 20 anni ad avere difficolt\u00e0. Ci\u00f2 non sorprende pi\u00f9 di tanto, dal momento che questa \u00e8 l'et\u00e0 in cui i giovani cercano nuovi contatti sociali e si allontanano dalla casa dei genitori. Invece, si sono visti ributtare sulla famiglia durante la pandemia. Il 38% di loro afferma che Corona ha avuto un impatto negativo sulla vita familiare.<\/p>\r\n<p>Tuttavia, questo non \u00e8 il caso dei rappresentanti delle fasce d'et\u00e0 che hanno pi\u00f9 probabilit\u00e0 di avere adolescenti in casa. In questo caso, la quota \u00e8 significativamente pi\u00f9 bassa (30-49 anni: 17%; 50-74 anni: 15%).<\/p>\r\n<h3><strong>Quasi nessuna influenza sul benessere fisico<\/strong><\/h3>\r\n<p>Per la maggioranza del 53%, la pandemia non ha influito sul benessere fisico secondo la propria valutazione. Questo vale soprattutto per i 30-49enni e i 50-74enni (rispettivamente 52% e 61%). Tuttavia, se si guarda a chi si \u00e8 sentito colpito negativamente dal punto di vista fisico, colpisce ancora una volta la percentuale relativamente alta di giovani adulti. Un terzo dei giovani tra i 20 e i 29 anni (34%) afferma che Corona ha influito negativamente sul proprio benessere fisico, mentre \"solo\" un quarto (25%) dei giovani tra i 30 e i 49 anni afferma lo stesso, ad esempio.<\/p>\r\n<p>Per quanto riguarda la situazione professionale, la maggioranza del 55% non vede alcuna influenza. Per un quinto degli intervistati (21%), la situazione professionale ha addirittura avuto un impatto positivo. In questo caso, la flessibilizzazione dei modelli di lavoro sar\u00e0 stata accolta con favore da molti.<\/p>","protected":false},"excerpt":{"rendered":"<p>Welchen Einfluss hat bzw. hatte die Corona-Pandemie und die damit verbundenen Massnahmen auf unser pers\u00f6nliches Befinden?\u00a0Und vor allem f\u00fcr wen? Das wollte Marketagent.com Schweiz in einer aktuellen, repr\u00e4sentativen Umfrage wissen. Sie wurde vom\u00a07. bis 16. Juli 2022 in der\u00a0Deutsch- und Westschweiz durchgef\u00fchrt. Dabei wurden 1\u2019036 Personen im Alter von 14 bis 74 Jahren befragt. Die [\u2026]<\/p>\n","protected":false},"author":8,"featured_media":0,"comment_status":"closed","ping_status":"closed","sticky":false,"template":"","format":"standard","meta":{"_acf_changed":false,"_yoast_wpseo_focuskw":"Corona-Pandemie","_yoast_wpseo_metadesc":"Studie zeigt: Corona-Pandemie belastet besonders junge Erwachsene psychisch. Auswirkungen auf Beziehungen und Wohlbefinden.","articlekey":"","footnotes":""},"categories":[29],"tags":[3349,3350],"class_list":["post-16716","post","type-post","status-publish","format-standard","hentry","category-marketing","tag-corona-zeiten","tag-marketagent-com"],"acf":[],"yoast_head":"<!-- This site is optimized with the Yoast SEO plugin v27.5 - https:\/\/yoast.com\/product\/yoast-seo-wordpress\/ -->\n<title>Pandemie war vor allem f\u00fcr junge Erwachsene belastend - Organisator<\/title>\n<meta name=\"description\" content=\"Studie zeigt: Corona-Pandemie belastet besonders junge Erwachsene psychisch. Auswirkungen auf Beziehungen und Wohlbefinden.\" \/>\n<meta name=\"robots\" content=\"index, follow, max-snippet:-1, max-image-preview:large, max-video-preview:-1\" \/>\n<link rel=\"canonical\" href=\"https:\/\/www.organisator.ch\/it\/marketing\/2022-08-26\/la-pandemia-e-stata-particolarmente-pesante-per-i-giovani-adulti\/\" \/>\n<meta property=\"og:locale\" content=\"it_IT\" \/>\n<meta property=\"og:type\" content=\"article\" \/>\n<meta property=\"og:title\" content=\"Pandemie war vor allem f\u00fcr junge Erwachsene belastend - Organisator\" \/>\n<meta property=\"og:description\" content=\"Studie zeigt: Corona-Pandemie belastet besonders junge Erwachsene psychisch. Auswirkungen auf Beziehungen und Wohlbefinden.\" \/>\n<meta property=\"og:url\" content=\"https:\/\/www.organisator.ch\/it\/marketing\/2022-08-26\/la-pandemia-e-stata-particolarmente-pesante-per-i-giovani-adulti\/\" \/>\n<meta property=\"og:site_name\" content=\"Organisator\" \/>\n<meta property=\"article:publisher\" content=\"https:\/\/www.facebook.com\/OrganisatorFachmagazin\" \/>\n<meta property=\"article:published_time\" content=\"2022-08-26T09:29:25+00:00\" \/>\n<meta property=\"article:modified_time\" content=\"2024-11-22T09:59:35+00:00\" \/>\n<meta name=\"author\" content=\"galledia\" \/>\n<meta name=\"twitter:card\" content=\"summary_large_image\" \/>\n<meta name=\"twitter:creator\" content=\"@admin\" \/>\n<script type=\"application\/ld+json\" class=\"yoast-schema-graph\">{\"@context\":\"https:\\\/\\\/schema.org\",\"@graph\":[{\"@type\":\"Article\",\"@id\":\"https:\\\/\\\/www.organisator.ch\\\/marketing\\\/2022-08-26\\\/pandemie-war-vor-allem-fuer-junge-erwachsene-belastend\\\/#article\",\"isPartOf\":{\"@id\":\"https:\\\/\\\/www.organisator.ch\\\/marketing\\\/2022-08-26\\\/pandemie-war-vor-allem-fuer-junge-erwachsene-belastend\\\/\"},\"author\":{\"name\":\"galledia\",\"@id\":\"https:\\\/\\\/www.organisator.ch\\\/#\\\/schema\\\/person\\\/4e51799071cd2dd1232ac003643ef5f0\"},\"headline\":\"Pandemie war vor allem f\u00fcr junge Erwachsene belastend\",\"datePublished\":\"2022-08-26T09:29:25+00:00\",\"dateModified\":\"2024-11-22T09:59:35+00:00\",\"mainEntityOfPage\":{\"@id\":\"https:\\\/\\\/www.organisator.ch\\\/marketing\\\/2022-08-26\\\/pandemie-war-vor-allem-fuer-junge-erwachsene-belastend\\\/\"},\"wordCount\":560,\"publisher\":{\"@id\":\"https:\\\/\\\/www.organisator.ch\\\/#organization\"},\"image\":{\"@id\":\"https:\\\/\\\/www.organisator.ch\\\/marketing\\\/2022-08-26\\\/pandemie-war-vor-allem-fuer-junge-erwachsene-belastend\\\/#primaryimage\"},\"thumbnailUrl\":\"https:\\\/\\\/www.werbewoche.ch\\\/wp-content\\\/uploads\\\/2022\\\/08\\\/Bildschirmfoto-2022-08-26-um-11.27.23.png\",\"keywords\":[\"Corona-Zeiten\",\"Marketagent.com\"],\"articleSection\":[\"MARKETING\"],\"inLanguage\":\"it-IT\"},{\"@type\":\"WebPage\",\"@id\":\"https:\\\/\\\/www.organisator.ch\\\/marketing\\\/2022-08-26\\\/pandemie-war-vor-allem-fuer-junge-erwachsene-belastend\\\/\",\"url\":\"https:\\\/\\\/www.organisator.ch\\\/marketing\\\/2022-08-26\\\/pandemie-war-vor-allem-fuer-junge-erwachsene-belastend\\\/\",\"name\":\"Pandemie war vor allem f\u00fcr junge Erwachsene belastend - Organisator\",\"isPartOf\":{\"@id\":\"https:\\\/\\\/www.organisator.ch\\\/#website\"},\"primaryImageOfPage\":{\"@id\":\"https:\\\/\\\/www.organisator.ch\\\/marketing\\\/2022-08-26\\\/pandemie-war-vor-allem-fuer-junge-erwachsene-belastend\\\/#primaryimage\"},\"image\":{\"@id\":\"https:\\\/\\\/www.organisator.ch\\\/marketing\\\/2022-08-26\\\/pandemie-war-vor-allem-fuer-junge-erwachsene-belastend\\\/#primaryimage\"},\"thumbnailUrl\":\"https:\\\/\\\/www.werbewoche.ch\\\/wp-content\\\/uploads\\\/2022\\\/08\\\/Bildschirmfoto-2022-08-26-um-11.27.23.png\",\"datePublished\":\"2022-08-26T09:29:25+00:00\",\"dateModified\":\"2024-11-22T09:59:35+00:00\",\"description\":\"Studie zeigt: Corona-Pandemie belastet besonders junge Erwachsene psychisch. Auswirkungen auf Beziehungen und Wohlbefinden.\",\"breadcrumb\":{\"@id\":\"https:\\\/\\\/www.organisator.ch\\\/marketing\\\/2022-08-26\\\/pandemie-war-vor-allem-fuer-junge-erwachsene-belastend\\\/#breadcrumb\"},\"inLanguage\":\"it-IT\",\"potentialAction\":[{\"@type\":\"ReadAction\",\"target\":[\"https:\\\/\\\/www.organisator.ch\\\/marketing\\\/2022-08-26\\\/pandemie-war-vor-allem-fuer-junge-erwachsene-belastend\\\/\"]}]},{\"@type\":\"ImageObject\",\"inLanguage\":\"it-IT\",\"@id\":\"https:\\\/\\\/www.organisator.ch\\\/marketing\\\/2022-08-26\\\/pandemie-war-vor-allem-fuer-junge-erwachsene-belastend\\\/#primaryimage\",\"url\":\"https:\\\/\\\/www.werbewoche.ch\\\/wp-content\\\/uploads\\\/2022\\\/08\\\/Bildschirmfoto-2022-08-26-um-11.27.23.png\",\"contentUrl\":\"https:\\\/\\\/www.werbewoche.ch\\\/wp-content\\\/uploads\\\/2022\\\/08\\\/Bildschirmfoto-2022-08-26-um-11.27.23.png\"},{\"@type\":\"BreadcrumbList\",\"@id\":\"https:\\\/\\\/www.organisator.ch\\\/marketing\\\/2022-08-26\\\/pandemie-war-vor-allem-fuer-junge-erwachsene-belastend\\\/#breadcrumb\",\"itemListElement\":[{\"@type\":\"ListItem\",\"position\":1,\"name\":\"Home\",\"item\":\"https:\\\/\\\/www.organisator.ch\\\/\"},{\"@type\":\"ListItem\",\"position\":2,\"name\":\"Pandemie war vor allem f\u00fcr junge Erwachsene belastend\"}]},{\"@type\":\"WebSite\",\"@id\":\"https:\\\/\\\/www.organisator.ch\\\/#website\",\"url\":\"https:\\\/\\\/www.organisator.ch\\\/\",\"name\":\"Organisator\",\"description\":\"Kompetent. Praxisnah. Der ORGANISATOR bereitet in 10 Ausgaben pro Jahr die wesentlichen Themen f\u00fcr F\u00fchrungskr\u00e4fte von KMU auf.\",\"publisher\":{\"@id\":\"https:\\\/\\\/www.organisator.ch\\\/#organization\"},\"potentialAction\":[{\"@type\":\"SearchAction\",\"target\":{\"@type\":\"EntryPoint\",\"urlTemplate\":\"https:\\\/\\\/www.organisator.ch\\\/?s={search_term_string}\"},\"query-input\":{\"@type\":\"PropertyValueSpecification\",\"valueRequired\":true,\"valueName\":\"search_term_string\"}}],\"inLanguage\":\"it-IT\"},{\"@type\":\"Organization\",\"@id\":\"https:\\\/\\\/www.organisator.ch\\\/#organization\",\"name\":\"Organisator\",\"url\":\"https:\\\/\\\/www.organisator.ch\\\/\",\"logo\":{\"@type\":\"ImageObject\",\"inLanguage\":\"it-IT\",\"@id\":\"https:\\\/\\\/www.organisator.ch\\\/#\\\/schema\\\/logo\\\/image\\\/\",\"url\":\"https:\\\/\\\/www.organisator.ch\\\/wp-content\\\/uploads\\\/2022\\\/01\\\/Logo_Organisator_Website.png\",\"contentUrl\":\"https:\\\/\\\/www.organisator.ch\\\/wp-content\\\/uploads\\\/2022\\\/01\\\/Logo_Organisator_Website.png\",\"width\":800,\"height\":77,\"caption\":\"Organisator\"},\"image\":{\"@id\":\"https:\\\/\\\/www.organisator.ch\\\/#\\\/schema\\\/logo\\\/image\\\/\"},\"sameAs\":[\"https:\\\/\\\/www.facebook.com\\\/OrganisatorFachmagazin\",\"https:\\\/\\\/www.linkedin.com\\\/showcase\\\/organisator-das-magazin-fr-kmu\",\"https:\\\/\\\/www.xing.com\\\/news\\\/pages\\\/organisator-ch-695\",\"https:\\\/\\\/www.youtube.com\\\/channel\\\/UCGP2Sq0iWaZwT3BdIAQFYpw\"]},{\"@type\":\"Person\",\"@id\":\"https:\\\/\\\/www.organisator.ch\\\/#\\\/schema\\\/person\\\/4e51799071cd2dd1232ac003643ef5f0\",\"name\":\"galledia\",\"image\":{\"@type\":\"ImageObject\",\"inLanguage\":\"it-IT\",\"@id\":\"https:\\\/\\\/secure.gravatar.com\\\/avatar\\\/78a7f90c01fc2bfc875782a0d4922b37cde2cf184ce347b91316d23cd7f69a36?s=96&d=mm&r=g\",\"url\":\"https:\\\/\\\/secure.gravatar.com\\\/avatar\\\/78a7f90c01fc2bfc875782a0d4922b37cde2cf184ce347b91316d23cd7f69a36?s=96&d=mm&r=g\",\"contentUrl\":\"https:\\\/\\\/secure.gravatar.com\\\/avatar\\\/78a7f90c01fc2bfc875782a0d4922b37cde2cf184ce347b91316d23cd7f69a36?s=96&d=mm&r=g\",\"caption\":\"galledia\"},\"sameAs\":[\"https:\\\/\\\/x.com\\\/admin\"],\"url\":\"https:\\\/\\\/www.organisator.ch\\\/it\\\/author\\\/galledia\\\/\"}]}<\/script>\n<!-- \/ Yoast SEO plugin. -->","yoast_head_json":{"title":"La pandemia \u00e8 stata particolarmente stressante per i giovani adulti - Organizzatore","description":"Uno studio dimostra che la pandemia di Corona mette a dura prova i giovani adulti. Effetti sulle relazioni e sul benessere.","robots":{"index":"index","follow":"follow","max-snippet":"max-snippet:-1","max-image-preview":"max-image-preview:large","max-video-preview":"max-video-preview:-1"},"canonical":"https:\/\/www.organisator.ch\/it\/marketing\/2022-08-26\/la-pandemia-e-stata-particolarmente-pesante-per-i-giovani-adulti\/","og_locale":"it_IT","og_type":"article","og_title":"Pandemie war vor allem f\u00fcr junge Erwachsene belastend - Organisator","og_description":"Studie zeigt: Corona-Pandemie belastet besonders junge Erwachsene psychisch. Auswirkungen auf Beziehungen und Wohlbefinden.","og_url":"https:\/\/www.organisator.ch\/it\/marketing\/2022-08-26\/la-pandemia-e-stata-particolarmente-pesante-per-i-giovani-adulti\/","og_site_name":"Organisator","article_publisher":"https:\/\/www.facebook.com\/OrganisatorFachmagazin","article_published_time":"2022-08-26T09:29:25+00:00","article_modified_time":"2024-11-22T09:59:35+00:00","author":"galledia","twitter_card":"summary_large_image","twitter_creator":"@admin","schema":{"@context":"https:\/\/schema.org","@graph":[{"@type":"Article","@id":"https:\/\/www.organisator.ch\/marketing\/2022-08-26\/pandemie-war-vor-allem-fuer-junge-erwachsene-belastend\/#article","isPartOf":{"@id":"https:\/\/www.organisator.ch\/marketing\/2022-08-26\/pandemie-war-vor-allem-fuer-junge-erwachsene-belastend\/"},"author":{"name":"galledia","@id":"https:\/\/www.organisator.ch\/#\/schema\/person\/4e51799071cd2dd1232ac003643ef5f0"},"headline":"Pandemie war vor allem f\u00fcr junge Erwachsene belastend","datePublished":"2022-08-26T09:29:25+00:00","dateModified":"2024-11-22T09:59:35+00:00","mainEntityOfPage":{"@id":"https:\/\/www.organisator.ch\/marketing\/2022-08-26\/pandemie-war-vor-allem-fuer-junge-erwachsene-belastend\/"},"wordCount":560,"publisher":{"@id":"https:\/\/www.organisator.ch\/#organization"},"image":{"@id":"https:\/\/www.organisator.ch\/marketing\/2022-08-26\/pandemie-war-vor-allem-fuer-junge-erwachsene-belastend\/#primaryimage"},"thumbnailUrl":"https:\/\/www.werbewoche.ch\/wp-content\/uploads\/2022\/08\/Bildschirmfoto-2022-08-26-um-11.27.23.png","keywords":["Corona-Zeiten","Marketagent.com"],"articleSection":["MARKETING"],"inLanguage":"it-IT"},{"@type":"WebPage","@id":"https:\/\/www.organisator.ch\/marketing\/2022-08-26\/pandemie-war-vor-allem-fuer-junge-erwachsene-belastend\/","url":"https:\/\/www.organisator.ch\/marketing\/2022-08-26\/pandemie-war-vor-allem-fuer-junge-erwachsene-belastend\/","name":"La pandemia \u00e8 stata particolarmente stressante per i giovani adulti - Organizzatore","isPartOf":{"@id":"https:\/\/www.organisator.ch\/#website"},"primaryImageOfPage":{"@id":"https:\/\/www.organisator.ch\/marketing\/2022-08-26\/pandemie-war-vor-allem-fuer-junge-erwachsene-belastend\/#primaryimage"},"image":{"@id":"https:\/\/www.organisator.ch\/marketing\/2022-08-26\/pandemie-war-vor-allem-fuer-junge-erwachsene-belastend\/#primaryimage"},"thumbnailUrl":"https:\/\/www.werbewoche.ch\/wp-content\/uploads\/2022\/08\/Bildschirmfoto-2022-08-26-um-11.27.23.png","datePublished":"2022-08-26T09:29:25+00:00","dateModified":"2024-11-22T09:59:35+00:00","description":"Uno studio dimostra che la pandemia di Corona mette a dura prova i giovani adulti. Effetti sulle relazioni e sul benessere.","breadcrumb":{"@id":"https:\/\/www.organisator.ch\/marketing\/2022-08-26\/pandemie-war-vor-allem-fuer-junge-erwachsene-belastend\/#breadcrumb"},"inLanguage":"it-IT","potentialAction":[{"@type":"ReadAction","target":["https:\/\/www.organisator.ch\/marketing\/2022-08-26\/pandemie-war-vor-allem-fuer-junge-erwachsene-belastend\/"]}]},{"@type":"ImageObject","inLanguage":"it-IT","@id":"https:\/\/www.organisator.ch\/marketing\/2022-08-26\/pandemie-war-vor-allem-fuer-junge-erwachsene-belastend\/#primaryimage","url":"https:\/\/www.werbewoche.ch\/wp-content\/uploads\/2022\/08\/Bildschirmfoto-2022-08-26-um-11.27.23.png","contentUrl":"https:\/\/www.werbewoche.ch\/wp-content\/uploads\/2022\/08\/Bildschirmfoto-2022-08-26-um-11.27.23.png"},{"@type":"BreadcrumbList","@id":"https:\/\/www.organisator.ch\/marketing\/2022-08-26\/pandemie-war-vor-allem-fuer-junge-erwachsene-belastend\/#breadcrumb","itemListElement":[{"@type":"ListItem","position":1,"name":"Home","item":"https:\/\/www.organisator.ch\/"},{"@type":"ListItem","position":2,"name":"Pandemie war vor allem f\u00fcr junge Erwachsene belastend"}]},{"@type":"WebSite","@id":"https:\/\/www.organisator.ch\/#website","url":"https:\/\/www.organisator.ch\/","name":"Organizzatore","description":"Competente. Pratico. In 10 numeri all'anno, ORGANISATOR presenta i temi essenziali per i manager delle PMI.","publisher":{"@id":"https:\/\/www.organisator.ch\/#organization"},"potentialAction":[{"@type":"SearchAction","target":{"@type":"EntryPoint","urlTemplate":"https:\/\/www.organisator.ch\/?s={search_term_string}"},"query-input":{"@type":"PropertyValueSpecification","valueRequired":true,"valueName":"search_term_string"}}],"inLanguage":"it-IT"},{"@type":"Organization","@id":"https:\/\/www.organisator.ch\/#organization","name":"Organizzatore","url":"https:\/\/www.organisator.ch\/","logo":{"@type":"ImageObject","inLanguage":"it-IT","@id":"https:\/\/www.organisator.ch\/#\/schema\/logo\/image\/","url":"https:\/\/www.organisator.ch\/wp-content\/uploads\/2022\/01\/Logo_Organisator_Website.png","contentUrl":"https:\/\/www.organisator.ch\/wp-content\/uploads\/2022\/01\/Logo_Organisator_Website.png","width":800,"height":77,"caption":"Organisator"},"image":{"@id":"https:\/\/www.organisator.ch\/#\/schema\/logo\/image\/"},"sameAs":["https:\/\/www.facebook.com\/OrganisatorFachmagazin","https:\/\/www.linkedin.com\/showcase\/organisator-das-magazin-fr-kmu","https:\/\/www.xing.com\/news\/pages\/organisator-ch-695","https:\/\/www.youtube.com\/channel\/UCGP2Sq0iWaZwT3BdIAQFYpw"]},{"@type":"Person","@id":"https:\/\/www.organisator.ch\/#\/schema\/person\/4e51799071cd2dd1232ac003643ef5f0","name":"galledia","image":{"@type":"ImageObject","inLanguage":"it-IT","@id":"https:\/\/secure.gravatar.com\/avatar\/78a7f90c01fc2bfc875782a0d4922b37cde2cf184ce347b91316d23cd7f69a36?s=96&d=mm&r=g","url":"https:\/\/secure.gravatar.com\/avatar\/78a7f90c01fc2bfc875782a0d4922b37cde2cf184ce347b91316d23cd7f69a36?s=96&d=mm&r=g","contentUrl":"https:\/\/secure.gravatar.com\/avatar\/78a7f90c01fc2bfc875782a0d4922b37cde2cf184ce347b91316d23cd7f69a36?s=96&d=mm&r=g","caption":"galledia"},"sameAs":["https:\/\/x.com\/admin"],"url":"https:\/\/www.organisator.ch\/it\/author\/galledia\/"}]}},"_links":{"self":[{"href":"https:\/\/www.organisator.ch\/it\/wp-json\/wp\/v2\/posts\/16716","targetHints":{"allow":["GET"]}}],"collection":[{"href":"https:\/\/www.organisator.ch\/it\/wp-json\/wp\/v2\/posts"}],"about":[{"href":"https:\/\/www.organisator.ch\/it\/wp-json\/wp\/v2\/types\/post"}],"author":[{"embeddable":true,"href":"https:\/\/www.organisator.ch\/it\/wp-json\/wp\/v2\/users\/8"}],"replies":[{"embeddable":true,"href":"https:\/\/www.organisator.ch\/it\/wp-json\/wp\/v2\/comments?post=16716"}],"version-history":[{"count":3,"href":"https:\/\/www.organisator.ch\/it\/wp-json\/wp\/v2\/posts\/16716\/revisions"}],"predecessor-version":[{"id":33894,"href":"https:\/\/www.organisator.ch\/it\/wp-json\/wp\/v2\/posts\/16716\/revisions\/33894"}],"wp:attachment":[{"href":"https:\/\/www.organisator.ch\/it\/wp-json\/wp\/v2\/media?parent=16716"}],"wp:term":[{"taxonomy":"category","embeddable":true,"href":"https:\/\/www.organisator.ch\/it\/wp-json\/wp\/v2\/categories?post=16716"},{"taxonomy":"post_tag","embeddable":true,"href":"https:\/\/www.organisator.ch\/it\/wp-json\/wp\/v2\/tags?post=16716"}],"curies":[{"name":"wp","href":"https:\/\/api.w.org\/{rel}","templated":true}]}}