{"id":16721,"date":"2022-08-29T09:46:13","date_gmt":"2022-08-29T07:46:13","guid":{"rendered":"https:\/\/www.m-q.ch\/?p=16828"},"modified":"2022-08-29T10:22:43","modified_gmt":"2022-08-29T08:22:43","slug":"geopolitica-le-aziende-svizzere-sono-sfidate","status":"publish","type":"post","link":"https:\/\/www.organisator.ch\/it\/operational-excellence\/2022-08-29\/geopolitik-schweizer-unternehmen-sind-gefordert\/","title":{"rendered":"Geopolitica: le aziende svizzere vengono sfidate"},"content":{"rendered":"<figure id=\"attachment_16829\" class=\"wp-caption alignnone\" style=\"width: 680px;\" aria-describedby=\"caption-attachment-16829\"><img class=\"wp-image-16829 size-full\" src=\"https:\/\/www.m-q.ch\/wp-content\/uploads\/2022\/08\/Geopolitik-Schweizer-Unternehmen-sind-gefordert-2_MQ.jpg\" sizes=\"(max-width: 680px) 100vw, 680px\" srcset=\"https:\/\/www.m-q.ch\/wp-content\/uploads\/2022\/08\/Geopolitik-Schweizer-Unternehmen-sind-gefordert-2_MQ.jpg 680w, https:\/\/www.m-q.ch\/wp-content\/uploads\/2022\/08\/Geopolitik-Schweizer-Unternehmen-sind-gefordert-2_MQ-18x12.jpg 18w, https:\/\/www.m-q.ch\/wp-content\/uploads\/2022\/08\/Geopolitik-Schweizer-Unternehmen-sind-gefordert-2_MQ-287x175.jpg 287w, https:\/\/www.m-q.ch\/wp-content\/uploads\/2022\/08\/Geopolitik-Schweizer-Unternehmen-sind-gefordert-2_MQ-573x350.jpg 573w, https:\/\/www.m-q.ch\/wp-content\/uploads\/2022\/08\/Geopolitik-Schweizer-Unternehmen-sind-gefordert-2_MQ-300x183.jpg 300w\" alt=\"\" width=\"680\" height=\"415\" \/><figcaption id=\"caption-attachment-16829\" class=\"wp-caption-text\">Geopolitica: le aziende svizzere giudicano elevati gli attuali rischi geopolitici. (Immagine: Unsplash.com)<\/figcaption><\/figure>\r\nLa geopolitica sta subendo cambiamenti drammatici: La guerra in Ucraina ha conseguenze globali, la rivalit\u00e0 tra Cina e Stati Uniti sta arrivando al culmine e il ruolo della Svizzera in Europa rimane irrisolto. Le misure restrittive della Corona in alcune regioni dell'Asia e l'elevata inflazione a livello mondiale hanno fatto emergere i rischi geopolitici. Anche i consigli di amministrazione svizzeri sono preoccupati per tutto questo. Tuttavia, solo pochi stanno adottando misure concrete, come dimostra l'ultimo swissVR Monitor, redatto dall'Associazione swissVR Board of Directors, dalla societ\u00e0 di consulenza Deloitte e dall'Universit\u00e0 di Scienze Applicate e Arti di Lucerna.\r\n<h3>I comitati del CdA prevedono elevati rischi geopolitici<\/h3>\r\nLa geopolitica \u00e8 di fondamentale importanza per l'economia svizzera orientata all'esportazione. Questo perch\u00e9 molte aziende dipendono dagli sviluppi dei mercati internazionali. Le attuali incertezze tendono a rafforzarne l'importanza: il 59% dei membri del consiglio di amministrazione intervistati valuta i rischi geopolitici per la propria azienda nei prossimi dodici mesi come elevati o addirittura molto elevati (vedi grafico). Allo stesso tempo, le prospettive economiche si fanno pi\u00f9 cupe: circa un terzo dei 420 intervistati prevede uno sviluppo economico negativo per il prossimo anno.\r\n<figure id=\"attachment_16830\" class=\"wp-caption alignnone\" style=\"width: 680px;\" aria-describedby=\"caption-attachment-16830\"><img class=\"wp-image-16830 size-full\" src=\"https:\/\/www.m-q.ch\/wp-content\/uploads\/2022\/08\/Geopolitik-Schweizer-Unternehmen-sind-gefordert-1_MQ.jpg\" sizes=\"(max-width: 680px) 100vw, 680px\" srcset=\"https:\/\/www.m-q.ch\/wp-content\/uploads\/2022\/08\/Geopolitik-Schweizer-Unternehmen-sind-gefordert-1_MQ.jpg 680w, https:\/\/www.m-q.ch\/wp-content\/uploads\/2022\/08\/Geopolitik-Schweizer-Unternehmen-sind-gefordert-1_MQ-18x12.jpg 18w, https:\/\/www.m-q.ch\/wp-content\/uploads\/2022\/08\/Geopolitik-Schweizer-Unternehmen-sind-gefordert-1_MQ-253x175.jpg 253w, https:\/\/www.m-q.ch\/wp-content\/uploads\/2022\/08\/Geopolitik-Schweizer-Unternehmen-sind-gefordert-1_MQ-506x350.jpg 506w, https:\/\/www.m-q.ch\/wp-content\/uploads\/2022\/08\/Geopolitik-Schweizer-Unternehmen-sind-gefordert-1_MQ-300x207.jpg 300w\" alt=\"\" width=\"680\" height=\"470\" \/><figcaption id=\"caption-attachment-16830\" class=\"wp-caption-text\">Ecco come i membri dei consigli di amministrazione svizzeri valutano i rischi geopolitici per la loro azienda nei prossimi dodici mesi. (Grafico: Deloitte)<\/figcaption><\/figure>\r\n<h3>Geopolitica: niente reazioni eccessive nei consigli di amministrazione<\/h3>\r\nLa stragrande maggioranza (93%) dichiara che il proprio consiglio di amministrazione prende generalmente provvedimenti in merito ai rischi geopolitici. Ben due terzi dei consigli di amministrazione (69%) discutono regolarmente degli sviluppi geopolitici e pi\u00f9 di un terzo conduce analisi di scenario (39%) o effettua aggiustamenti strategici (35%). Il fatto che in media vengano adottate solo due misure per consiglio di amministrazione dimostra che molti consigli di amministrazione sono vigili e tengono d'occhio i rischi geopolitici, ma non reagiscono in modo eccessivo di fronte a sviluppi incerti o lasciano la pianificazione delle misure al management. \"Stiamo vivendo un momento di svolta, non solo in politica, ma anche nel mondo degli affari. Le mutate realt\u00e0 geopolitiche richiedono un ripensamento dei piani di gestione di molte aziende svizzere. \u00c8 indispensabile tenere conto della politica come nuova dimensione centrale nelle decisioni strategiche\", afferma Reto Savoia, CEO di Deloitte Svizzera.\r\n<h3>Gli sviluppi della geopolitica come sfida e opportunit\u00e0<\/h3>\r\nQuasi tutte le aziende (98%) devono affrontare le sfide degli attuali sviluppi geopolitici: La disponibilit\u00e0 e il costo delle materie prime e dell'energia (50%) e l'interruzione delle catene di approvvigionamento (48%) sono i pi\u00f9 citati. D'altra parte, tre quarti dei membri del Cda intervistati (77%) vedono opportunit\u00e0 anche negli sviluppi geopolitici. Questi includono principalmente l'innovazione di prodotti e servizi (34%) e l'aumento dell'efficienza dei costi e dei processi (30%).\r\n\r\nLe crescenti sfide sui mercati globali richiedono una maggiore esposizione ai rischi geopolitici. Christoph Lengwiler, docente presso l'Universit\u00e0 di Scienze Applicate e Arti di Lucerna, avverte tuttavia di non cadere nell'azionismo: \"In situazioni di crisi, c'\u00e8 il pericolo di una frenesia operativa nel consiglio di amministrazione. Tuttavia, la gestione strategica deve sempre avere la priorit\u00e0. Il consiglio deve pensare a scenari, valutare opzioni di azione e dare impulsi. Misure concrete dovrebbero poi essere avviate dal comitato esecutivo\".\r\n<h3>Met\u00e0 delle aziende direttamente colpite dalla guerra in Ucraina<\/h3>\r\nNonostante gli scambi regolari sugli sviluppi geopolitici, sette membri del Consiglio di amministrazione su dieci (71%) sono rimasti sorpresi dallo scoppio della guerra in Ucraina e dalle sue ampie conseguenze economiche. Solo poco meno di un quinto dei membri dei consigli di amministrazione intervistati (19%) dichiara che negli ultimi anni i rischi geopolitici nell'Europa dell'Est e in relazione alla Russia sono stati affrontati nelle valutazioni dei rischi del proprio consiglio di amministrazione. Secondo l'indagine, circa la met\u00e0 delle aziende (48%) \u00e8 stata direttamente colpita dall'attacco russo all'Ucraina quest'anno.\r\nLa guerra in Ucraina ha costretto molte aziende a prendere posizione. Questo sar\u00e0 probabilmente sempre pi\u00f9 necessario in futuro: \"Le aziende si troveranno sempre pi\u00f9 spesso di fronte alla necessit\u00e0 di posizionarsi. Per poter prendere una decisione a favore o contro un mercato, sono necessarie analisi approfondite e decisioni strategiche da parte del consiglio di amministrazione\", \u00e8 convinta Cornelia Ritz Bossicard, presidente di swissVR.\r\n\r\n<em>Fonti: <a href=\"http:\/\/www.swissvr.ch\/\">swissVR<\/a> \/ <a href=\"http:\/\/www.deloitte.ch\/\">Deloitte AG<\/a> \/ <a href=\"http:\/\/www.hslu.ch\/\">Universit\u00e0 di Lucerna<\/a><\/em>\n<p class=\"syndicated-attribution\">Questo articolo \u00e8 apparso originariamente su m-q.ch - <a href=\"https:\/\/www.m-q.ch\/de\/geopolitik-schweizer-unternehmen-sind-gefordert\/\" target=\"_blank\">https:\/\/www.m-q.ch\/de\/geopolitik-schweizer-unternehmen-sind-gefordert\/<\/a><\/p>","protected":false},"excerpt":{"rendered":"<p>In der Geopolitik zeigen sich dramatische Ver\u00e4nderungen: Der Krieg in der Ukraine hat globale Folgen, die Rivalit\u00e4t zwischen China und den USA spitzt sich zu und die Rolle der Schweiz in Europa bleibt weiterhin ungekl\u00e4rt. Auch die restriktiven Corona-Massnahmen in einzelnen Regionen Asiens und die weltweit hohe Inflation haben geopolitische Risiken verst\u00e4rkt ins Blickfeld ger\u00fcckt. [\u2026]<\/p>\n","protected":false},"author":8,"featured_media":0,"comment_status":"closed","ping_status":"closed","sticky":false,"template":"","format":"standard","meta":{"_acf_changed":false,"_yoast_wpseo_focuskw":"Geopolitik","_yoast_wpseo_metadesc":"","articlekey":"","footnotes":""},"categories":[582],"tags":[3352],"class_list":["post-16721","post","type-post","status-publish","format-standard","hentry","category-operational-excellence","tag-geopolitik"],"acf":[],"yoast_head":"<!-- This site is optimized with the Yoast SEO plugin v27.5 - https:\/\/yoast.com\/product\/yoast-seo-wordpress\/ -->\n<title>Geopolitik: Schweizer Unternehmen sind gefordert - Organisator<\/title>\n<meta name=\"robots\" content=\"index, follow, max-snippet:-1, max-image-preview:large, max-video-preview:-1\" \/>\n<link rel=\"canonical\" href=\"https:\/\/www.organisator.ch\/it\/eccellenza-operativa\/2022-08-29\/geopolitica-le-aziende-svizzere-sono-sfidate\/\" \/>\n<meta property=\"og:locale\" content=\"it_IT\" \/>\n<meta property=\"og:type\" content=\"article\" \/>\n<meta property=\"og:title\" content=\"Geopolitik: Schweizer Unternehmen sind gefordert - Organisator\" \/>\n<meta property=\"og:description\" content=\"In der Geopolitik zeigen sich dramatische Ver\u00e4nderungen: Der Krieg in der Ukraine hat globale Folgen, die Rivalit\u00e4t zwischen China und den USA spitzt sich zu und die Rolle der Schweiz in Europa bleibt weiterhin ungekl\u00e4rt. Auch die restriktiven Corona-Massnahmen in einzelnen Regionen Asiens und die weltweit hohe Inflation haben geopolitische Risiken verst\u00e4rkt ins Blickfeld ger\u00fcckt. [\u2026]\" \/>\n<meta property=\"og:url\" content=\"https:\/\/www.organisator.ch\/it\/eccellenza-operativa\/2022-08-29\/geopolitica-le-aziende-svizzere-sono-sfidate\/\" \/>\n<meta property=\"og:site_name\" content=\"Organisator\" \/>\n<meta property=\"article:publisher\" content=\"https:\/\/www.facebook.com\/OrganisatorFachmagazin\" \/>\n<meta property=\"article:published_time\" content=\"2022-08-29T07:46:13+00:00\" \/>\n<meta property=\"article:modified_time\" content=\"2022-08-29T08:22:43+00:00\" \/>\n<meta property=\"og:image\" content=\"https:\/\/www.m-q.ch\/wp-content\/uploads\/2022\/08\/Geopolitik-Schweizer-Unternehmen-sind-gefordert-2_MQ.jpg\" \/>\n<meta name=\"author\" content=\"galledia\" \/>\n<meta name=\"twitter:card\" content=\"summary_large_image\" \/>\n<meta name=\"twitter:creator\" content=\"@admin\" \/>\n<script type=\"application\/ld+json\" class=\"yoast-schema-graph\">{\"@context\":\"https:\\\/\\\/schema.org\",\"@graph\":[{\"@type\":\"Article\",\"@id\":\"https:\\\/\\\/www.organisator.ch\\\/operational-excellence\\\/2022-08-29\\\/geopolitik-schweizer-unternehmen-sind-gefordert\\\/#article\",\"isPartOf\":{\"@id\":\"https:\\\/\\\/www.organisator.ch\\\/operational-excellence\\\/2022-08-29\\\/geopolitik-schweizer-unternehmen-sind-gefordert\\\/\"},\"author\":{\"name\":\"galledia\",\"@id\":\"https:\\\/\\\/www.organisator.ch\\\/#\\\/schema\\\/person\\\/4e51799071cd2dd1232ac003643ef5f0\"},\"headline\":\"Geopolitik: Schweizer Unternehmen sind gefordert\",\"datePublished\":\"2022-08-29T07:46:13+00:00\",\"dateModified\":\"2022-08-29T08:22:43+00:00\",\"mainEntityOfPage\":{\"@id\":\"https:\\\/\\\/www.organisator.ch\\\/operational-excellence\\\/2022-08-29\\\/geopolitik-schweizer-unternehmen-sind-gefordert\\\/\"},\"wordCount\":664,\"publisher\":{\"@id\":\"https:\\\/\\\/www.organisator.ch\\\/#organization\"},\"image\":{\"@id\":\"https:\\\/\\\/www.organisator.ch\\\/operational-excellence\\\/2022-08-29\\\/geopolitik-schweizer-unternehmen-sind-gefordert\\\/#primaryimage\"},\"thumbnailUrl\":\"https:\\\/\\\/www.m-q.ch\\\/wp-content\\\/uploads\\\/2022\\\/08\\\/Geopolitik-Schweizer-Unternehmen-sind-gefordert-2_MQ.jpg\",\"keywords\":[\"Geopolitik\"],\"articleSection\":[\"OPERATIONAL EXCELLENCE\"],\"inLanguage\":\"it-IT\"},{\"@type\":\"WebPage\",\"@id\":\"https:\\\/\\\/www.organisator.ch\\\/operational-excellence\\\/2022-08-29\\\/geopolitik-schweizer-unternehmen-sind-gefordert\\\/\",\"url\":\"https:\\\/\\\/www.organisator.ch\\\/operational-excellence\\\/2022-08-29\\\/geopolitik-schweizer-unternehmen-sind-gefordert\\\/\",\"name\":\"Geopolitik: Schweizer Unternehmen sind gefordert - Organisator\",\"isPartOf\":{\"@id\":\"https:\\\/\\\/www.organisator.ch\\\/#website\"},\"primaryImageOfPage\":{\"@id\":\"https:\\\/\\\/www.organisator.ch\\\/operational-excellence\\\/2022-08-29\\\/geopolitik-schweizer-unternehmen-sind-gefordert\\\/#primaryimage\"},\"image\":{\"@id\":\"https:\\\/\\\/www.organisator.ch\\\/operational-excellence\\\/2022-08-29\\\/geopolitik-schweizer-unternehmen-sind-gefordert\\\/#primaryimage\"},\"thumbnailUrl\":\"https:\\\/\\\/www.m-q.ch\\\/wp-content\\\/uploads\\\/2022\\\/08\\\/Geopolitik-Schweizer-Unternehmen-sind-gefordert-2_MQ.jpg\",\"datePublished\":\"2022-08-29T07:46:13+00:00\",\"dateModified\":\"2022-08-29T08:22:43+00:00\",\"breadcrumb\":{\"@id\":\"https:\\\/\\\/www.organisator.ch\\\/operational-excellence\\\/2022-08-29\\\/geopolitik-schweizer-unternehmen-sind-gefordert\\\/#breadcrumb\"},\"inLanguage\":\"it-IT\",\"potentialAction\":[{\"@type\":\"ReadAction\",\"target\":[\"https:\\\/\\\/www.organisator.ch\\\/operational-excellence\\\/2022-08-29\\\/geopolitik-schweizer-unternehmen-sind-gefordert\\\/\"]}]},{\"@type\":\"ImageObject\",\"inLanguage\":\"it-IT\",\"@id\":\"https:\\\/\\\/www.organisator.ch\\\/operational-excellence\\\/2022-08-29\\\/geopolitik-schweizer-unternehmen-sind-gefordert\\\/#primaryimage\",\"url\":\"https:\\\/\\\/www.m-q.ch\\\/wp-content\\\/uploads\\\/2022\\\/08\\\/Geopolitik-Schweizer-Unternehmen-sind-gefordert-2_MQ.jpg\",\"contentUrl\":\"https:\\\/\\\/www.m-q.ch\\\/wp-content\\\/uploads\\\/2022\\\/08\\\/Geopolitik-Schweizer-Unternehmen-sind-gefordert-2_MQ.jpg\"},{\"@type\":\"BreadcrumbList\",\"@id\":\"https:\\\/\\\/www.organisator.ch\\\/operational-excellence\\\/2022-08-29\\\/geopolitik-schweizer-unternehmen-sind-gefordert\\\/#breadcrumb\",\"itemListElement\":[{\"@type\":\"ListItem\",\"position\":1,\"name\":\"Home\",\"item\":\"https:\\\/\\\/www.organisator.ch\\\/\"},{\"@type\":\"ListItem\",\"position\":2,\"name\":\"Geopolitik: Schweizer Unternehmen sind gefordert\"}]},{\"@type\":\"WebSite\",\"@id\":\"https:\\\/\\\/www.organisator.ch\\\/#website\",\"url\":\"https:\\\/\\\/www.organisator.ch\\\/\",\"name\":\"Organisator\",\"description\":\"Kompetent. Praxisnah. Der ORGANISATOR bereitet in 10 Ausgaben pro Jahr die wesentlichen Themen f\u00fcr F\u00fchrungskr\u00e4fte von KMU auf.\",\"publisher\":{\"@id\":\"https:\\\/\\\/www.organisator.ch\\\/#organization\"},\"potentialAction\":[{\"@type\":\"SearchAction\",\"target\":{\"@type\":\"EntryPoint\",\"urlTemplate\":\"https:\\\/\\\/www.organisator.ch\\\/?s={search_term_string}\"},\"query-input\":{\"@type\":\"PropertyValueSpecification\",\"valueRequired\":true,\"valueName\":\"search_term_string\"}}],\"inLanguage\":\"it-IT\"},{\"@type\":\"Organization\",\"@id\":\"https:\\\/\\\/www.organisator.ch\\\/#organization\",\"name\":\"Organisator\",\"url\":\"https:\\\/\\\/www.organisator.ch\\\/\",\"logo\":{\"@type\":\"ImageObject\",\"inLanguage\":\"it-IT\",\"@id\":\"https:\\\/\\\/www.organisator.ch\\\/#\\\/schema\\\/logo\\\/image\\\/\",\"url\":\"https:\\\/\\\/www.organisator.ch\\\/wp-content\\\/uploads\\\/2022\\\/01\\\/Logo_Organisator_Website.png\",\"contentUrl\":\"https:\\\/\\\/www.organisator.ch\\\/wp-content\\\/uploads\\\/2022\\\/01\\\/Logo_Organisator_Website.png\",\"width\":800,\"height\":77,\"caption\":\"Organisator\"},\"image\":{\"@id\":\"https:\\\/\\\/www.organisator.ch\\\/#\\\/schema\\\/logo\\\/image\\\/\"},\"sameAs\":[\"https:\\\/\\\/www.facebook.com\\\/OrganisatorFachmagazin\",\"https:\\\/\\\/www.linkedin.com\\\/showcase\\\/organisator-das-magazin-fr-kmu\",\"https:\\\/\\\/www.xing.com\\\/news\\\/pages\\\/organisator-ch-695\",\"https:\\\/\\\/www.youtube.com\\\/channel\\\/UCGP2Sq0iWaZwT3BdIAQFYpw\"]},{\"@type\":\"Person\",\"@id\":\"https:\\\/\\\/www.organisator.ch\\\/#\\\/schema\\\/person\\\/4e51799071cd2dd1232ac003643ef5f0\",\"name\":\"galledia\",\"image\":{\"@type\":\"ImageObject\",\"inLanguage\":\"it-IT\",\"@id\":\"https:\\\/\\\/secure.gravatar.com\\\/avatar\\\/78a7f90c01fc2bfc875782a0d4922b37cde2cf184ce347b91316d23cd7f69a36?s=96&d=mm&r=g\",\"url\":\"https:\\\/\\\/secure.gravatar.com\\\/avatar\\\/78a7f90c01fc2bfc875782a0d4922b37cde2cf184ce347b91316d23cd7f69a36?s=96&d=mm&r=g\",\"contentUrl\":\"https:\\\/\\\/secure.gravatar.com\\\/avatar\\\/78a7f90c01fc2bfc875782a0d4922b37cde2cf184ce347b91316d23cd7f69a36?s=96&d=mm&r=g\",\"caption\":\"galledia\"},\"sameAs\":[\"https:\\\/\\\/x.com\\\/admin\"],\"url\":\"https:\\\/\\\/www.organisator.ch\\\/it\\\/author\\\/galledia\\\/\"}]}<\/script>\n<!-- \/ Yoast SEO plugin. -->","yoast_head_json":{"title":"Geopolitica: le aziende svizzere sono sfidate - Organizzatore","robots":{"index":"index","follow":"follow","max-snippet":"max-snippet:-1","max-image-preview":"max-image-preview:large","max-video-preview":"max-video-preview:-1"},"canonical":"https:\/\/www.organisator.ch\/it\/eccellenza-operativa\/2022-08-29\/geopolitica-le-aziende-svizzere-sono-sfidate\/","og_locale":"it_IT","og_type":"article","og_title":"Geopolitik: Schweizer Unternehmen sind gefordert - Organisator","og_description":"In der Geopolitik zeigen sich dramatische Ver\u00e4nderungen: Der Krieg in der Ukraine hat globale Folgen, die Rivalit\u00e4t zwischen China und den USA spitzt sich zu und die Rolle der Schweiz in Europa bleibt weiterhin ungekl\u00e4rt. Auch die restriktiven Corona-Massnahmen in einzelnen Regionen Asiens und die weltweit hohe Inflation haben geopolitische Risiken verst\u00e4rkt ins Blickfeld ger\u00fcckt. [\u2026]","og_url":"https:\/\/www.organisator.ch\/it\/eccellenza-operativa\/2022-08-29\/geopolitica-le-aziende-svizzere-sono-sfidate\/","og_site_name":"Organisator","article_publisher":"https:\/\/www.facebook.com\/OrganisatorFachmagazin","article_published_time":"2022-08-29T07:46:13+00:00","article_modified_time":"2022-08-29T08:22:43+00:00","og_image":[{"url":"https:\/\/www.m-q.ch\/wp-content\/uploads\/2022\/08\/Geopolitik-Schweizer-Unternehmen-sind-gefordert-2_MQ.jpg","type":"","width":"","height":""}],"author":"galledia","twitter_card":"summary_large_image","twitter_creator":"@admin","schema":{"@context":"https:\/\/schema.org","@graph":[{"@type":"Article","@id":"https:\/\/www.organisator.ch\/operational-excellence\/2022-08-29\/geopolitik-schweizer-unternehmen-sind-gefordert\/#article","isPartOf":{"@id":"https:\/\/www.organisator.ch\/operational-excellence\/2022-08-29\/geopolitik-schweizer-unternehmen-sind-gefordert\/"},"author":{"name":"galledia","@id":"https:\/\/www.organisator.ch\/#\/schema\/person\/4e51799071cd2dd1232ac003643ef5f0"},"headline":"Geopolitik: Schweizer Unternehmen sind gefordert","datePublished":"2022-08-29T07:46:13+00:00","dateModified":"2022-08-29T08:22:43+00:00","mainEntityOfPage":{"@id":"https:\/\/www.organisator.ch\/operational-excellence\/2022-08-29\/geopolitik-schweizer-unternehmen-sind-gefordert\/"},"wordCount":664,"publisher":{"@id":"https:\/\/www.organisator.ch\/#organization"},"image":{"@id":"https:\/\/www.organisator.ch\/operational-excellence\/2022-08-29\/geopolitik-schweizer-unternehmen-sind-gefordert\/#primaryimage"},"thumbnailUrl":"https:\/\/www.m-q.ch\/wp-content\/uploads\/2022\/08\/Geopolitik-Schweizer-Unternehmen-sind-gefordert-2_MQ.jpg","keywords":["Geopolitik"],"articleSection":["OPERATIONAL EXCELLENCE"],"inLanguage":"it-IT"},{"@type":"WebPage","@id":"https:\/\/www.organisator.ch\/operational-excellence\/2022-08-29\/geopolitik-schweizer-unternehmen-sind-gefordert\/","url":"https:\/\/www.organisator.ch\/operational-excellence\/2022-08-29\/geopolitik-schweizer-unternehmen-sind-gefordert\/","name":"Geopolitica: le aziende svizzere sono sfidate - Organizzatore","isPartOf":{"@id":"https:\/\/www.organisator.ch\/#website"},"primaryImageOfPage":{"@id":"https:\/\/www.organisator.ch\/operational-excellence\/2022-08-29\/geopolitik-schweizer-unternehmen-sind-gefordert\/#primaryimage"},"image":{"@id":"https:\/\/www.organisator.ch\/operational-excellence\/2022-08-29\/geopolitik-schweizer-unternehmen-sind-gefordert\/#primaryimage"},"thumbnailUrl":"https:\/\/www.m-q.ch\/wp-content\/uploads\/2022\/08\/Geopolitik-Schweizer-Unternehmen-sind-gefordert-2_MQ.jpg","datePublished":"2022-08-29T07:46:13+00:00","dateModified":"2022-08-29T08:22:43+00:00","breadcrumb":{"@id":"https:\/\/www.organisator.ch\/operational-excellence\/2022-08-29\/geopolitik-schweizer-unternehmen-sind-gefordert\/#breadcrumb"},"inLanguage":"it-IT","potentialAction":[{"@type":"ReadAction","target":["https:\/\/www.organisator.ch\/operational-excellence\/2022-08-29\/geopolitik-schweizer-unternehmen-sind-gefordert\/"]}]},{"@type":"ImageObject","inLanguage":"it-IT","@id":"https:\/\/www.organisator.ch\/operational-excellence\/2022-08-29\/geopolitik-schweizer-unternehmen-sind-gefordert\/#primaryimage","url":"https:\/\/www.m-q.ch\/wp-content\/uploads\/2022\/08\/Geopolitik-Schweizer-Unternehmen-sind-gefordert-2_MQ.jpg","contentUrl":"https:\/\/www.m-q.ch\/wp-content\/uploads\/2022\/08\/Geopolitik-Schweizer-Unternehmen-sind-gefordert-2_MQ.jpg"},{"@type":"BreadcrumbList","@id":"https:\/\/www.organisator.ch\/operational-excellence\/2022-08-29\/geopolitik-schweizer-unternehmen-sind-gefordert\/#breadcrumb","itemListElement":[{"@type":"ListItem","position":1,"name":"Home","item":"https:\/\/www.organisator.ch\/"},{"@type":"ListItem","position":2,"name":"Geopolitik: Schweizer Unternehmen sind gefordert"}]},{"@type":"WebSite","@id":"https:\/\/www.organisator.ch\/#website","url":"https:\/\/www.organisator.ch\/","name":"Organizzatore","description":"Competente. Pratico. In 10 numeri all'anno, ORGANISATOR presenta i temi essenziali per i manager delle PMI.","publisher":{"@id":"https:\/\/www.organisator.ch\/#organization"},"potentialAction":[{"@type":"SearchAction","target":{"@type":"EntryPoint","urlTemplate":"https:\/\/www.organisator.ch\/?s={search_term_string}"},"query-input":{"@type":"PropertyValueSpecification","valueRequired":true,"valueName":"search_term_string"}}],"inLanguage":"it-IT"},{"@type":"Organization","@id":"https:\/\/www.organisator.ch\/#organization","name":"Organizzatore","url":"https:\/\/www.organisator.ch\/","logo":{"@type":"ImageObject","inLanguage":"it-IT","@id":"https:\/\/www.organisator.ch\/#\/schema\/logo\/image\/","url":"https:\/\/www.organisator.ch\/wp-content\/uploads\/2022\/01\/Logo_Organisator_Website.png","contentUrl":"https:\/\/www.organisator.ch\/wp-content\/uploads\/2022\/01\/Logo_Organisator_Website.png","width":800,"height":77,"caption":"Organisator"},"image":{"@id":"https:\/\/www.organisator.ch\/#\/schema\/logo\/image\/"},"sameAs":["https:\/\/www.facebook.com\/OrganisatorFachmagazin","https:\/\/www.linkedin.com\/showcase\/organisator-das-magazin-fr-kmu","https:\/\/www.xing.com\/news\/pages\/organisator-ch-695","https:\/\/www.youtube.com\/channel\/UCGP2Sq0iWaZwT3BdIAQFYpw"]},{"@type":"Person","@id":"https:\/\/www.organisator.ch\/#\/schema\/person\/4e51799071cd2dd1232ac003643ef5f0","name":"galledia","image":{"@type":"ImageObject","inLanguage":"it-IT","@id":"https:\/\/secure.gravatar.com\/avatar\/78a7f90c01fc2bfc875782a0d4922b37cde2cf184ce347b91316d23cd7f69a36?s=96&d=mm&r=g","url":"https:\/\/secure.gravatar.com\/avatar\/78a7f90c01fc2bfc875782a0d4922b37cde2cf184ce347b91316d23cd7f69a36?s=96&d=mm&r=g","contentUrl":"https:\/\/secure.gravatar.com\/avatar\/78a7f90c01fc2bfc875782a0d4922b37cde2cf184ce347b91316d23cd7f69a36?s=96&d=mm&r=g","caption":"galledia"},"sameAs":["https:\/\/x.com\/admin"],"url":"https:\/\/www.organisator.ch\/it\/author\/galledia\/"}]}},"_links":{"self":[{"href":"https:\/\/www.organisator.ch\/it\/wp-json\/wp\/v2\/posts\/16721","targetHints":{"allow":["GET"]}}],"collection":[{"href":"https:\/\/www.organisator.ch\/it\/wp-json\/wp\/v2\/posts"}],"about":[{"href":"https:\/\/www.organisator.ch\/it\/wp-json\/wp\/v2\/types\/post"}],"author":[{"embeddable":true,"href":"https:\/\/www.organisator.ch\/it\/wp-json\/wp\/v2\/users\/8"}],"replies":[{"embeddable":true,"href":"https:\/\/www.organisator.ch\/it\/wp-json\/wp\/v2\/comments?post=16721"}],"version-history":[{"count":3,"href":"https:\/\/www.organisator.ch\/it\/wp-json\/wp\/v2\/posts\/16721\/revisions"}],"predecessor-version":[{"id":16724,"href":"https:\/\/www.organisator.ch\/it\/wp-json\/wp\/v2\/posts\/16721\/revisions\/16724"}],"wp:attachment":[{"href":"https:\/\/www.organisator.ch\/it\/wp-json\/wp\/v2\/media?parent=16721"}],"wp:term":[{"taxonomy":"category","embeddable":true,"href":"https:\/\/www.organisator.ch\/it\/wp-json\/wp\/v2\/categories?post=16721"},{"taxonomy":"post_tag","embeddable":true,"href":"https:\/\/www.organisator.ch\/it\/wp-json\/wp\/v2\/tags?post=16721"}],"curies":[{"name":"wp","href":"https:\/\/api.w.org\/{rel}","templated":true}]}}