{"id":16725,"date":"2022-08-29T15:10:37","date_gmt":"2022-08-29T13:10:37","guid":{"rendered":"https:\/\/www.organisator.ch\/?p=16725"},"modified":"2022-08-29T15:10:37","modified_gmt":"2022-08-29T13:10:37","slug":"fernuni-schweiz-unter-neuer-fuehrung","status":"publish","type":"post","link":"https:\/\/www.organisator.ch\/it\/weiterbildung\/2022-08-29\/fernuni-schweiz-unter-neuer-fuehrung\/","title":{"rendered":"FernUni Svizzera sotto la nuova guida"},"content":{"rendered":"<figure id=\"attachment_16726\" aria-describedby=\"caption-attachment-16726\" style=\"width: 680px\" class=\"wp-caption alignnone\"><img loading=\"lazy\" decoding=\"async\" class=\"size-full wp-image-16726\" src=\"https:\/\/www.organisator.ch\/wp-content\/uploads\/2022\/08\/FernUni-Schweiz-unter-neuer-Fuhrung_Organisator.jpg\" alt=\"\" width=\"680\" height=\"453\" srcset=\"https:\/\/www.organisator.ch\/wp-content\/uploads\/2022\/08\/FernUni-Schweiz-unter-neuer-Fuhrung_Organisator.jpg 680w, https:\/\/www.organisator.ch\/wp-content\/uploads\/2022\/08\/FernUni-Schweiz-unter-neuer-Fuhrung_Organisator-18x12.jpg 18w, https:\/\/www.organisator.ch\/wp-content\/uploads\/2022\/08\/FernUni-Schweiz-unter-neuer-Fuhrung_Organisator-263x175.jpg 263w, https:\/\/www.organisator.ch\/wp-content\/uploads\/2022\/08\/FernUni-Schweiz-unter-neuer-Fuhrung_Organisator-525x350.jpg 525w, https:\/\/www.organisator.ch\/wp-content\/uploads\/2022\/08\/FernUni-Schweiz-unter-neuer-Fuhrung_Organisator-300x200.jpg 300w\" sizes=\"auto, (max-width: 680px) 100vw, 680px\" \/><figcaption id=\"caption-attachment-16726\" class=\"wp-caption-text\">Stefan Bumann, nuovo presidente del Consiglio di fondazione di FernUni Svizzera. (Immagine: zVg \/ FernUni Svizzera)<\/figcaption><\/figure>\n<p>FernUni Svizzera pu\u00f2 gi\u00e0 guardare indietro a diversi momenti salienti di quest'anno 2022. Il <a href=\"https:\/\/www.organisator.ch\/de\/weiterbildung\/2022-07-04\/die-fernuni-schweiz-feiert-ihr-30-jaehriges-bestehen\/\">Celebrazioni per i 30 anni di esistenza<\/a> \u00e8 stata seguita lo scorso fine settimana dall'inaugurazione del campus universitario di Briger. Questa settimana sono stati riconfermati i vertici di FernUni Svizzera: Stefan Bumann, ingegnere laureato presso il Politecnico federale di Zurigo (ETHZ), assume il comando con una personalit\u00e0 che vanta una vasta esperienza nel settore privato e molti anni di leadership nel settore pubblico. Stefan Bumann conosce bene anche il Vallese e il panorama educativo svizzero. Da quando \u00e8 entrato a far parte degli organi direttivi di FernUni Svizzera, ha svolto un ruolo chiave nella definizione del nuovo piano di sviluppo universitario dell'istituzione ed \u00e8 stato un forte sostenitore dell'espansione della ricerca in FernUni Svizzera.<\/p>\n<h3>L'ulteriore espansione di FernUni Svizzera \u00e8 caratterizzata da<\/h3>\n<p>Al momento dell'elezione, il nuovo Presidente ha dichiarato: \"Sono ovviamente molto soddisfatto dell'elezione. Accetto questo compito con rispetto e umilt\u00e0. La parola umilt\u00e0 contiene anche la parola coraggio. Con coraggio, voglio affrontare le sfide dei prossimi anni con i comitati della nostra istituzione e con tutto il nostro personale. Tra questi, l'istituzione di ulteriori programmi educativi, l'aumento del numero di cattedre proprie, il rafforzamento della ricerca in tutte le facolt\u00e0, nonch\u00e9 programmi di formazione continua e di servizio. Il primo e pi\u00f9 importante \u00e8 l'accreditamento come universit\u00e0 nel 2027.<\/p>\n<h3>Meriti dei membri della leadership che si ritirano<\/h3>\n<p>Nel suo discorso di chiusura, il Presidente uscente Wilhelm Schnyder ha espresso i suoi pi\u00f9 sinceri ringraziamenti a tutto il personale, ai membri della Direzione guidata dal Rettore Prof. Dr. Marc Bors e a tutti i membri degli organi direttivi della FernUni Svizzera. Si \u00e8 inoltre rivolto alle comunit\u00e0 locali del Vallese, al Cantone del Vallese e al Cantone di Svitto, nonch\u00e9 alla Confederazione svizzera. In un breve bilancio, ha reso omaggio al percorso di grande successo intrapreso da FernUni Svizzera negli ultimi dieci anni. Uno dei punti salienti \u00e8 stato l'accreditamento come<br \/>\nistituto universitario, nonch\u00e9 il riconoscimento dell'ammissibilit\u00e0 ai contributi da parte del governo federale.<\/p>\n<p>Anche la precedente vicepresidente Maria-Pia Tschopp e il consigliere della Fondazione Bruno Attinger si sono dimessi. Maria-Pia Tschopp e Bruno Attinger sono a bordo da molti anni. La vicepresidente Maria-Pia Tschopp \u00e8 stata una delle forze trainanti della fondazione del Centre romand d'enseignement \u00e0 distance di Sierre, ex Centro studi di Siders, mentre Bruno Attinger ha partecipato fin dall'inizio alla creazione del Centro studi di Pf\u00e4ffikon\/SZ ed \u00e8 stato responsabile della costruzione del campus universitario di FernUni Svizzera in qualit\u00e0 di presidente della Commissione edilizia.<\/p>\n<h3>Nomine nel Comitato consultivo strategico politico e nel Comitato consultivo scientifico<\/h3>\n<p>Sia il comitato consultivo politico-strategico, eletto congiuntamente da FernUni Svizzera e FernUniversit\u00e4t Schweiz, sia il comitato consultivo scientifico di FernUni Svizzera svolgono un ruolo estremamente importante nella consulenza al Consiglio di fondazione e alla direzione. Il comitato consultivo politico-strategico \u00e8 presieduto dall'ex consigliere nazionale Felix M\u00fcri, ex presidente della Commissione per l'educazione del Consiglio nazionale. L'ex vicepresidente dell'ETHZ, il Prof. Dr. Gerhard Schmitt, presiede il consiglio scientifico della Fondazione per l'apprendimento a distanza.<br \/>\nUni Svizzera.<\/p>\n<p>Il dottor Mauro Dell'Ambrogio, che ha diretto per molti anni la Segreteria di Stato per la formazione, la ricerca e l'innovazione, entra a far parte dei suddetti organismi. Mauro Dell'Ambrogio ha costruito l'Universit\u00e0 e la Scuola Universitaria Professionale del Canton Ticino e vanta una rete internazionale nel settore dell'istruzione e della ricerca. Serge Gaudin, direttore di Novelis, \u00e8 stato nominato membro del comitato consultivo politico-strategico e del comitato consultivo scientifico come rappresentante della Svizzera francese. Ha implementato con successo i principi dell'economia circolare nel settore privato. Il presidente Stefan Bumann, cos\u00ec come Mauro Dell'Ambrogio e Serge Gaudin, assumeranno le loro funzioni il prossimo 1\u00b0 settembre 2022.<\/p>\n<p><a href=\"http:\/\/www.FernUni.ch\"><em>Fonte e ulteriori informazioni<\/em><\/a><\/p>","protected":false},"excerpt":{"rendered":"<p>Die FernUni Schweiz kann dieses Jahr 2022 bereits auf mehrere H\u00f6hepunkte zur\u00fcckblicken. Den Jubil\u00e4umsfeierlichkeiten zum 30-j\u00e4hrigen Bestehen folgte am vergangenen Wochenende die Einweihung des Briger Hochschulcampus. Und in dieser Woche ist die Spitze der FernUni Schweiz neu bestellt worden: Mit Stefan Bumann, Dipl. Ing. ETHZ, \u00fcbernimmt eine Pers\u00f6nlichkeit, die sich durch eine reiche Erfahrung in [&hellip;]<\/p>\n","protected":false},"author":4,"featured_media":16726,"comment_status":"closed","ping_status":"closed","sticky":false,"template":"","format":"standard","meta":{"_acf_changed":false,"_yoast_wpseo_focuskw":"FernUni Schweiz","_yoast_wpseo_metadesc":"Stefan Bumann, Dipl. Ing. ETHZ, \u00fcbernimmt am 1. September 2022 die F\u00fchrung der FernUni Schweiz als Pr\u00e4sident des Stiftungsrates.","articlekey":"","footnotes":""},"categories":[30],"tags":[62,192,381,2404],"class_list":["post-16725","post","type-post","status-publish","format-standard","has-post-thumbnail","hentry","category-weiterbildung","tag-aus-weiterbildung","tag-fachhochschulen","tag-personalia","tag-universitaet"],"acf":[],"yoast_head":"<!-- This site is optimized with the Yoast SEO plugin v27.5 - https:\/\/yoast.com\/product\/yoast-seo-wordpress\/ -->\n<title>FernUni Schweiz unter neuer F\u00fchrung - Organisator<\/title>\n<meta name=\"description\" content=\"Stefan Bumann, Dipl. Ing. ETHZ, \u00fcbernimmt am 1. September 2022 die F\u00fchrung der FernUni Schweiz als Pr\u00e4sident des Stiftungsrates.\" \/>\n<meta name=\"robots\" content=\"index, follow, max-snippet:-1, max-image-preview:large, max-video-preview:-1\" \/>\n<link rel=\"canonical\" href=\"https:\/\/www.organisator.ch\/it\/formazione-continua\/2022-08-29\/fernuni-schweiz-unter-neuer-fuehrung\/\" \/>\n<meta property=\"og:locale\" content=\"it_IT\" \/>\n<meta property=\"og:type\" content=\"article\" \/>\n<meta property=\"og:title\" content=\"FernUni Schweiz unter neuer F\u00fchrung\" \/>\n<meta property=\"og:description\" content=\"Stefan Bumann, Dipl. Ing. ETHZ, \u00fcbernimmt am 1. September 2022 die F\u00fchrung der FernUni Schweiz als Pr\u00e4sident des Stiftungsrates.\" \/>\n<meta property=\"og:url\" content=\"https:\/\/www.organisator.ch\/it\/formazione-continua\/2022-08-29\/fernuni-schweiz-unter-neuer-fuehrung\/\" \/>\n<meta property=\"og:site_name\" content=\"Organisator\" \/>\n<meta property=\"article:publisher\" content=\"https:\/\/www.facebook.com\/OrganisatorFachmagazin\" \/>\n<meta property=\"article:published_time\" content=\"2022-08-29T13:10:37+00:00\" \/>\n<meta property=\"og:image\" content=\"https:\/\/www.organisator.ch\/wp-content\/uploads\/2022\/08\/FernUni-Schweiz-unter-neuer-Fuhrung_Organisator.jpg\" \/>\n\t<meta property=\"og:image:width\" content=\"680\" \/>\n\t<meta property=\"og:image:height\" content=\"453\" \/>\n\t<meta property=\"og:image:type\" content=\"image\/jpeg\" \/>\n<meta name=\"author\" content=\"thomas.berner\" \/>\n<meta name=\"twitter:card\" content=\"summary_large_image\" \/>\n<meta name=\"twitter:title\" content=\"FernUni Schweiz unter neuer F\u00fchrung\" \/>\n<meta name=\"twitter:description\" content=\"Stefan Bumann, Dipl. Ing. ETHZ, \u00fcbernimmt am 1. September 2022 die F\u00fchrung der FernUni Schweiz als Pr\u00e4sident des Stiftungsrates.\" \/>\n<meta name=\"twitter:image\" content=\"https:\/\/www.organisator.ch\/wp-content\/uploads\/2022\/08\/FernUni-Schweiz-unter-neuer-Fuhrung_Organisator.jpg\" \/>\n<script type=\"application\/ld+json\" class=\"yoast-schema-graph\">{\"@context\":\"https:\\\/\\\/schema.org\",\"@graph\":[{\"@type\":\"Article\",\"@id\":\"https:\\\/\\\/www.organisator.ch\\\/weiterbildung\\\/2022-08-29\\\/fernuni-schweiz-unter-neuer-fuehrung\\\/#article\",\"isPartOf\":{\"@id\":\"https:\\\/\\\/www.organisator.ch\\\/weiterbildung\\\/2022-08-29\\\/fernuni-schweiz-unter-neuer-fuehrung\\\/\"},\"author\":{\"name\":\"thomas.berner\",\"@id\":\"https:\\\/\\\/www.organisator.ch\\\/#\\\/schema\\\/person\\\/6f650f90b2842cd4c0cc334b4e36f67e\"},\"headline\":\"FernUni Schweiz unter neuer F\u00fchrung\",\"datePublished\":\"2022-08-29T13:10:37+00:00\",\"mainEntityOfPage\":{\"@id\":\"https:\\\/\\\/www.organisator.ch\\\/weiterbildung\\\/2022-08-29\\\/fernuni-schweiz-unter-neuer-fuehrung\\\/\"},\"wordCount\":623,\"publisher\":{\"@id\":\"https:\\\/\\\/www.organisator.ch\\\/#organization\"},\"image\":{\"@id\":\"https:\\\/\\\/www.organisator.ch\\\/weiterbildung\\\/2022-08-29\\\/fernuni-schweiz-unter-neuer-fuehrung\\\/#primaryimage\"},\"thumbnailUrl\":\"https:\\\/\\\/www.organisator.ch\\\/wp-content\\\/uploads\\\/2022\\\/08\\\/FernUni-Schweiz-unter-neuer-Fuhrung_Organisator.jpg\",\"keywords\":[\"Aus-\\\/Weiterbildung\",\"Fachhochschulen\",\"Personalia\",\"Universit\u00e4t\"],\"articleSection\":[\"WEITERBILDUNG\"],\"inLanguage\":\"it-IT\"},{\"@type\":\"WebPage\",\"@id\":\"https:\\\/\\\/www.organisator.ch\\\/weiterbildung\\\/2022-08-29\\\/fernuni-schweiz-unter-neuer-fuehrung\\\/\",\"url\":\"https:\\\/\\\/www.organisator.ch\\\/weiterbildung\\\/2022-08-29\\\/fernuni-schweiz-unter-neuer-fuehrung\\\/\",\"name\":\"FernUni Schweiz unter neuer F\u00fchrung - Organisator\",\"isPartOf\":{\"@id\":\"https:\\\/\\\/www.organisator.ch\\\/#website\"},\"primaryImageOfPage\":{\"@id\":\"https:\\\/\\\/www.organisator.ch\\\/weiterbildung\\\/2022-08-29\\\/fernuni-schweiz-unter-neuer-fuehrung\\\/#primaryimage\"},\"image\":{\"@id\":\"https:\\\/\\\/www.organisator.ch\\\/weiterbildung\\\/2022-08-29\\\/fernuni-schweiz-unter-neuer-fuehrung\\\/#primaryimage\"},\"thumbnailUrl\":\"https:\\\/\\\/www.organisator.ch\\\/wp-content\\\/uploads\\\/2022\\\/08\\\/FernUni-Schweiz-unter-neuer-Fuhrung_Organisator.jpg\",\"datePublished\":\"2022-08-29T13:10:37+00:00\",\"description\":\"Stefan Bumann, Dipl. Ing. ETHZ, \u00fcbernimmt am 1. September 2022 die F\u00fchrung der FernUni Schweiz als Pr\u00e4sident des Stiftungsrates.\",\"breadcrumb\":{\"@id\":\"https:\\\/\\\/www.organisator.ch\\\/weiterbildung\\\/2022-08-29\\\/fernuni-schweiz-unter-neuer-fuehrung\\\/#breadcrumb\"},\"inLanguage\":\"it-IT\",\"potentialAction\":[{\"@type\":\"ReadAction\",\"target\":[\"https:\\\/\\\/www.organisator.ch\\\/weiterbildung\\\/2022-08-29\\\/fernuni-schweiz-unter-neuer-fuehrung\\\/\"]}]},{\"@type\":\"ImageObject\",\"inLanguage\":\"it-IT\",\"@id\":\"https:\\\/\\\/www.organisator.ch\\\/weiterbildung\\\/2022-08-29\\\/fernuni-schweiz-unter-neuer-fuehrung\\\/#primaryimage\",\"url\":\"https:\\\/\\\/www.organisator.ch\\\/wp-content\\\/uploads\\\/2022\\\/08\\\/FernUni-Schweiz-unter-neuer-Fuhrung_Organisator.jpg\",\"contentUrl\":\"https:\\\/\\\/www.organisator.ch\\\/wp-content\\\/uploads\\\/2022\\\/08\\\/FernUni-Schweiz-unter-neuer-Fuhrung_Organisator.jpg\",\"width\":680,\"height\":453,\"caption\":\"Stefan Bumann, neuer Pr\u00e4sident des Stiftungsrats der FernUni Schweiz. (Bild: zVg \\\/ FernUni Schweiz)\"},{\"@type\":\"BreadcrumbList\",\"@id\":\"https:\\\/\\\/www.organisator.ch\\\/weiterbildung\\\/2022-08-29\\\/fernuni-schweiz-unter-neuer-fuehrung\\\/#breadcrumb\",\"itemListElement\":[{\"@type\":\"ListItem\",\"position\":1,\"name\":\"Home\",\"item\":\"https:\\\/\\\/www.organisator.ch\\\/\"},{\"@type\":\"ListItem\",\"position\":2,\"name\":\"FernUni Schweiz unter neuer F\u00fchrung\"}]},{\"@type\":\"WebSite\",\"@id\":\"https:\\\/\\\/www.organisator.ch\\\/#website\",\"url\":\"https:\\\/\\\/www.organisator.ch\\\/\",\"name\":\"Organisator\",\"description\":\"Kompetent. Praxisnah. Der ORGANISATOR bereitet in 10 Ausgaben pro Jahr die wesentlichen Themen f\u00fcr F\u00fchrungskr\u00e4fte von KMU auf.\",\"publisher\":{\"@id\":\"https:\\\/\\\/www.organisator.ch\\\/#organization\"},\"potentialAction\":[{\"@type\":\"SearchAction\",\"target\":{\"@type\":\"EntryPoint\",\"urlTemplate\":\"https:\\\/\\\/www.organisator.ch\\\/?s={search_term_string}\"},\"query-input\":{\"@type\":\"PropertyValueSpecification\",\"valueRequired\":true,\"valueName\":\"search_term_string\"}}],\"inLanguage\":\"it-IT\"},{\"@type\":\"Organization\",\"@id\":\"https:\\\/\\\/www.organisator.ch\\\/#organization\",\"name\":\"Organisator\",\"url\":\"https:\\\/\\\/www.organisator.ch\\\/\",\"logo\":{\"@type\":\"ImageObject\",\"inLanguage\":\"it-IT\",\"@id\":\"https:\\\/\\\/www.organisator.ch\\\/#\\\/schema\\\/logo\\\/image\\\/\",\"url\":\"https:\\\/\\\/www.organisator.ch\\\/wp-content\\\/uploads\\\/2022\\\/01\\\/Logo_Organisator_Website.png\",\"contentUrl\":\"https:\\\/\\\/www.organisator.ch\\\/wp-content\\\/uploads\\\/2022\\\/01\\\/Logo_Organisator_Website.png\",\"width\":800,\"height\":77,\"caption\":\"Organisator\"},\"image\":{\"@id\":\"https:\\\/\\\/www.organisator.ch\\\/#\\\/schema\\\/logo\\\/image\\\/\"},\"sameAs\":[\"https:\\\/\\\/www.facebook.com\\\/OrganisatorFachmagazin\",\"https:\\\/\\\/www.linkedin.com\\\/showcase\\\/organisator-das-magazin-fr-kmu\",\"https:\\\/\\\/www.xing.com\\\/news\\\/pages\\\/organisator-ch-695\",\"https:\\\/\\\/www.youtube.com\\\/channel\\\/UCGP2Sq0iWaZwT3BdIAQFYpw\"]},{\"@type\":\"Person\",\"@id\":\"https:\\\/\\\/www.organisator.ch\\\/#\\\/schema\\\/person\\\/6f650f90b2842cd4c0cc334b4e36f67e\",\"name\":\"thomas.berner\",\"image\":{\"@type\":\"ImageObject\",\"inLanguage\":\"it-IT\",\"@id\":\"https:\\\/\\\/secure.gravatar.com\\\/avatar\\\/ac5001d2a36cb6c6cd3e50789007ffca834b477b74a2144564522e944eabff61?s=96&d=mm&r=g\",\"url\":\"https:\\\/\\\/secure.gravatar.com\\\/avatar\\\/ac5001d2a36cb6c6cd3e50789007ffca834b477b74a2144564522e944eabff61?s=96&d=mm&r=g\",\"contentUrl\":\"https:\\\/\\\/secure.gravatar.com\\\/avatar\\\/ac5001d2a36cb6c6cd3e50789007ffca834b477b74a2144564522e944eabff61?s=96&d=mm&r=g\",\"caption\":\"thomas.berner\"},\"url\":\"https:\\\/\\\/www.organisator.ch\\\/it\\\/author\\\/thomas-berner\\\/\"}]}<\/script>\n<!-- \/ Yoast SEO plugin. -->","yoast_head_json":{"title":"FernUni Svizzera sotto la nuova guida - Organizzatore","description":"Stefan Bumann, Dipl. Ing. ETHZ, assumer\u00e0 la guida di FernUni Svizzera in qualit\u00e0 di Presidente del Consiglio di Fondazione il 1\u00b0 settembre 2022.","robots":{"index":"index","follow":"follow","max-snippet":"max-snippet:-1","max-image-preview":"max-image-preview:large","max-video-preview":"max-video-preview:-1"},"canonical":"https:\/\/www.organisator.ch\/it\/formazione-continua\/2022-08-29\/fernuni-schweiz-unter-neuer-fuehrung\/","og_locale":"it_IT","og_type":"article","og_title":"FernUni Schweiz unter neuer F\u00fchrung","og_description":"Stefan Bumann, Dipl. Ing. ETHZ, \u00fcbernimmt am 1. September 2022 die F\u00fchrung der FernUni Schweiz als Pr\u00e4sident des Stiftungsrates.","og_url":"https:\/\/www.organisator.ch\/it\/formazione-continua\/2022-08-29\/fernuni-schweiz-unter-neuer-fuehrung\/","og_site_name":"Organisator","article_publisher":"https:\/\/www.facebook.com\/OrganisatorFachmagazin","article_published_time":"2022-08-29T13:10:37+00:00","og_image":[{"width":680,"height":453,"url":"https:\/\/www.organisator.ch\/wp-content\/uploads\/2022\/08\/FernUni-Schweiz-unter-neuer-Fuhrung_Organisator.jpg","type":"image\/jpeg"}],"author":"thomas.berner","twitter_card":"summary_large_image","twitter_title":"FernUni Schweiz unter neuer F\u00fchrung","twitter_description":"Stefan Bumann, Dipl. Ing. ETHZ, \u00fcbernimmt am 1. September 2022 die F\u00fchrung der FernUni Schweiz als Pr\u00e4sident des Stiftungsrates.","twitter_image":"https:\/\/www.organisator.ch\/wp-content\/uploads\/2022\/08\/FernUni-Schweiz-unter-neuer-Fuhrung_Organisator.jpg","schema":{"@context":"https:\/\/schema.org","@graph":[{"@type":"Article","@id":"https:\/\/www.organisator.ch\/weiterbildung\/2022-08-29\/fernuni-schweiz-unter-neuer-fuehrung\/#article","isPartOf":{"@id":"https:\/\/www.organisator.ch\/weiterbildung\/2022-08-29\/fernuni-schweiz-unter-neuer-fuehrung\/"},"author":{"name":"thomas.berner","@id":"https:\/\/www.organisator.ch\/#\/schema\/person\/6f650f90b2842cd4c0cc334b4e36f67e"},"headline":"FernUni Schweiz unter neuer F\u00fchrung","datePublished":"2022-08-29T13:10:37+00:00","mainEntityOfPage":{"@id":"https:\/\/www.organisator.ch\/weiterbildung\/2022-08-29\/fernuni-schweiz-unter-neuer-fuehrung\/"},"wordCount":623,"publisher":{"@id":"https:\/\/www.organisator.ch\/#organization"},"image":{"@id":"https:\/\/www.organisator.ch\/weiterbildung\/2022-08-29\/fernuni-schweiz-unter-neuer-fuehrung\/#primaryimage"},"thumbnailUrl":"https:\/\/www.organisator.ch\/wp-content\/uploads\/2022\/08\/FernUni-Schweiz-unter-neuer-Fuhrung_Organisator.jpg","keywords":["Aus-\/Weiterbildung","Fachhochschulen","Personalia","Universit\u00e4t"],"articleSection":["WEITERBILDUNG"],"inLanguage":"it-IT"},{"@type":"WebPage","@id":"https:\/\/www.organisator.ch\/weiterbildung\/2022-08-29\/fernuni-schweiz-unter-neuer-fuehrung\/","url":"https:\/\/www.organisator.ch\/weiterbildung\/2022-08-29\/fernuni-schweiz-unter-neuer-fuehrung\/","name":"FernUni Svizzera sotto la nuova guida - Organizzatore","isPartOf":{"@id":"https:\/\/www.organisator.ch\/#website"},"primaryImageOfPage":{"@id":"https:\/\/www.organisator.ch\/weiterbildung\/2022-08-29\/fernuni-schweiz-unter-neuer-fuehrung\/#primaryimage"},"image":{"@id":"https:\/\/www.organisator.ch\/weiterbildung\/2022-08-29\/fernuni-schweiz-unter-neuer-fuehrung\/#primaryimage"},"thumbnailUrl":"https:\/\/www.organisator.ch\/wp-content\/uploads\/2022\/08\/FernUni-Schweiz-unter-neuer-Fuhrung_Organisator.jpg","datePublished":"2022-08-29T13:10:37+00:00","description":"Stefan Bumann, Dipl. Ing. ETHZ, assumer\u00e0 la guida di FernUni Svizzera in qualit\u00e0 di Presidente del Consiglio di Fondazione il 1\u00b0 settembre 2022.","breadcrumb":{"@id":"https:\/\/www.organisator.ch\/weiterbildung\/2022-08-29\/fernuni-schweiz-unter-neuer-fuehrung\/#breadcrumb"},"inLanguage":"it-IT","potentialAction":[{"@type":"ReadAction","target":["https:\/\/www.organisator.ch\/weiterbildung\/2022-08-29\/fernuni-schweiz-unter-neuer-fuehrung\/"]}]},{"@type":"ImageObject","inLanguage":"it-IT","@id":"https:\/\/www.organisator.ch\/weiterbildung\/2022-08-29\/fernuni-schweiz-unter-neuer-fuehrung\/#primaryimage","url":"https:\/\/www.organisator.ch\/wp-content\/uploads\/2022\/08\/FernUni-Schweiz-unter-neuer-Fuhrung_Organisator.jpg","contentUrl":"https:\/\/www.organisator.ch\/wp-content\/uploads\/2022\/08\/FernUni-Schweiz-unter-neuer-Fuhrung_Organisator.jpg","width":680,"height":453,"caption":"Stefan Bumann, neuer Pr\u00e4sident des Stiftungsrats der FernUni Schweiz. (Bild: zVg \/ FernUni Schweiz)"},{"@type":"BreadcrumbList","@id":"https:\/\/www.organisator.ch\/weiterbildung\/2022-08-29\/fernuni-schweiz-unter-neuer-fuehrung\/#breadcrumb","itemListElement":[{"@type":"ListItem","position":1,"name":"Home","item":"https:\/\/www.organisator.ch\/"},{"@type":"ListItem","position":2,"name":"FernUni Schweiz unter neuer F\u00fchrung"}]},{"@type":"WebSite","@id":"https:\/\/www.organisator.ch\/#website","url":"https:\/\/www.organisator.ch\/","name":"Organizzatore","description":"Competente. Pratico. In 10 numeri all'anno, ORGANISATOR presenta i temi essenziali per i manager delle PMI.","publisher":{"@id":"https:\/\/www.organisator.ch\/#organization"},"potentialAction":[{"@type":"SearchAction","target":{"@type":"EntryPoint","urlTemplate":"https:\/\/www.organisator.ch\/?s={search_term_string}"},"query-input":{"@type":"PropertyValueSpecification","valueRequired":true,"valueName":"search_term_string"}}],"inLanguage":"it-IT"},{"@type":"Organization","@id":"https:\/\/www.organisator.ch\/#organization","name":"Organizzatore","url":"https:\/\/www.organisator.ch\/","logo":{"@type":"ImageObject","inLanguage":"it-IT","@id":"https:\/\/www.organisator.ch\/#\/schema\/logo\/image\/","url":"https:\/\/www.organisator.ch\/wp-content\/uploads\/2022\/01\/Logo_Organisator_Website.png","contentUrl":"https:\/\/www.organisator.ch\/wp-content\/uploads\/2022\/01\/Logo_Organisator_Website.png","width":800,"height":77,"caption":"Organisator"},"image":{"@id":"https:\/\/www.organisator.ch\/#\/schema\/logo\/image\/"},"sameAs":["https:\/\/www.facebook.com\/OrganisatorFachmagazin","https:\/\/www.linkedin.com\/showcase\/organisator-das-magazin-fr-kmu","https:\/\/www.xing.com\/news\/pages\/organisator-ch-695","https:\/\/www.youtube.com\/channel\/UCGP2Sq0iWaZwT3BdIAQFYpw"]},{"@type":"Person","@id":"https:\/\/www.organisator.ch\/#\/schema\/person\/6f650f90b2842cd4c0cc334b4e36f67e","name":"Tommaso.berner","image":{"@type":"ImageObject","inLanguage":"it-IT","@id":"https:\/\/secure.gravatar.com\/avatar\/ac5001d2a36cb6c6cd3e50789007ffca834b477b74a2144564522e944eabff61?s=96&d=mm&r=g","url":"https:\/\/secure.gravatar.com\/avatar\/ac5001d2a36cb6c6cd3e50789007ffca834b477b74a2144564522e944eabff61?s=96&d=mm&r=g","contentUrl":"https:\/\/secure.gravatar.com\/avatar\/ac5001d2a36cb6c6cd3e50789007ffca834b477b74a2144564522e944eabff61?s=96&d=mm&r=g","caption":"thomas.berner"},"url":"https:\/\/www.organisator.ch\/it\/author\/thomas-berner\/"}]}},"_links":{"self":[{"href":"https:\/\/www.organisator.ch\/it\/wp-json\/wp\/v2\/posts\/16725","targetHints":{"allow":["GET"]}}],"collection":[{"href":"https:\/\/www.organisator.ch\/it\/wp-json\/wp\/v2\/posts"}],"about":[{"href":"https:\/\/www.organisator.ch\/it\/wp-json\/wp\/v2\/types\/post"}],"author":[{"embeddable":true,"href":"https:\/\/www.organisator.ch\/it\/wp-json\/wp\/v2\/users\/4"}],"replies":[{"embeddable":true,"href":"https:\/\/www.organisator.ch\/it\/wp-json\/wp\/v2\/comments?post=16725"}],"version-history":[{"count":2,"href":"https:\/\/www.organisator.ch\/it\/wp-json\/wp\/v2\/posts\/16725\/revisions"}],"predecessor-version":[{"id":16728,"href":"https:\/\/www.organisator.ch\/it\/wp-json\/wp\/v2\/posts\/16725\/revisions\/16728"}],"wp:featuredmedia":[{"embeddable":true,"href":"https:\/\/www.organisator.ch\/it\/wp-json\/wp\/v2\/media\/16726"}],"wp:attachment":[{"href":"https:\/\/www.organisator.ch\/it\/wp-json\/wp\/v2\/media?parent=16725"}],"wp:term":[{"taxonomy":"category","embeddable":true,"href":"https:\/\/www.organisator.ch\/it\/wp-json\/wp\/v2\/categories?post=16725"},{"taxonomy":"post_tag","embeddable":true,"href":"https:\/\/www.organisator.ch\/it\/wp-json\/wp\/v2\/tags?post=16725"}],"curies":[{"name":"wp","href":"https:\/\/api.w.org\/{rel}","templated":true}]}}