{"id":16768,"date":"2022-09-01T09:56:17","date_gmt":"2022-09-01T07:56:17","guid":{"rendered":"https:\/\/www.organisator.ch\/?p=16768"},"modified":"2022-09-16T08:52:33","modified_gmt":"2022-09-16T06:52:33","slug":"risparmio-energetico-in-azienda-consigli-per-la-pratica","status":"publish","type":"post","link":"https:\/\/www.organisator.ch\/it\/sustainability\/2022-09-01\/energiesparen-im-unternehmen-tipps-fuer-die-praxis\/","title":{"rendered":"Risparmio energetico in azienda: Suggerimenti per la pratica"},"content":{"rendered":"<figure id=\"attachment_16770\" aria-describedby=\"caption-attachment-16770\" style=\"width: 680px\" class=\"wp-caption alignnone\"><img loading=\"lazy\" decoding=\"async\" class=\"size-full wp-image-16770\" src=\"https:\/\/www.organisator.ch\/wp-content\/uploads\/2022\/09\/Energiesparen-im-Unternehmen-Tipps-fur-die-Praxis_Organisator.jpg\" alt=\"\" width=\"680\" height=\"322\" srcset=\"https:\/\/www.organisator.ch\/wp-content\/uploads\/2022\/09\/Energiesparen-im-Unternehmen-Tipps-fur-die-Praxis_Organisator.jpg 680w, https:\/\/www.organisator.ch\/wp-content\/uploads\/2022\/09\/Energiesparen-im-Unternehmen-Tipps-fur-die-Praxis_Organisator-18x9.jpg 18w, https:\/\/www.organisator.ch\/wp-content\/uploads\/2022\/09\/Energiesparen-im-Unternehmen-Tipps-fur-die-Praxis_Organisator-370x175.jpg 370w, https:\/\/www.organisator.ch\/wp-content\/uploads\/2022\/09\/Energiesparen-im-Unternehmen-Tipps-fur-die-Praxis_Organisator-300x142.jpg 300w\" sizes=\"auto, (max-width: 680px) 100vw, 680px\" \/><figcaption id=\"caption-attachment-16770\" class=\"wp-caption-text\">Contro lo spreco di energia: con questa campagna, la Confederazione invita le persone a risparmiare energia. (Immagine: energieschweiz.ch)<\/figcaption><\/figure>\n<p>La calda estate del 2022 e le carenze di approvvigionamento di combustibili fossili come il petrolio e il gas naturale dovute al conflitto in Ucraina lo rendono evidente: le nostre risorse energetiche stanno diventando scarse. Gli esperti di energia ritengono probabile che in inverno si verifichino interruzioni delle forniture. Il risparmio energetico \u00e8 quindi all'ordine del giorno, in modo che nel peggiore dei casi non ci sia un razionamento delle fonti energetiche. Con la campagna \"L'energia \u00e8 scarsa. Non sprechiamola\", la Confederazione invita ora le aziende e le famiglie a ridurre il consumo di energia.<\/p>\n<h3>Potenziale di risparmio ovunque<\/h3>\n<p>Il potenziale di risparmio energetico \u00e8 latente in ogni azienda e varia a seconda del settore. Ma in molte aziende questo aspetto \u00e8 troppo poco conosciuto. Nonostante i metodi di costruzione efficienti dal punto di vista energetico, spesso i valori previsti non vengono raggiunti perch\u00e9 il comportamento degli utenti non viene adeguato o viene adeguato troppo poco, sostengono gli autori della guida \"Ottimizzazione energetica operativa\", pubblicata da energieschweiz. Spesso ci\u00f2 \u00e8 dovuto anche al fatto che gli impianti tecnici dell'edificio non sono gestiti in modo ottimale. Si pu\u00f2 ottenere molto con un'ottimizzazione professionale delle operazioni (OO). Con semplici accorgimenti, le aziende, sia del settore dei servizi che dell'industria, possono risparmiare dal 10 al 15% sui costi energetici.<\/p>\n<h3>Cinque consigli per risparmiare rapidamente energia<\/h3>\n<p>Oltre a ottimizzare il funzionamento dell'energia, le seguenti misure di risparmio energetico possono gi\u00e0 fare la differenza:<\/p>\n<ol>\n<li><strong>Ottimizzare il riscaldamento (potenziale di risparmio: 10-15%)<\/strong><br \/>\nControllare le valvole termostatiche: sono funzionanti e impostate sulla temperatura corretta? Negli edifici vecchi e nuovi, i costi di riscaldamento aumentano per ogni grado in pi\u00f9 di temperatura ambiente. Quindi, se necessario, impostare i termostati un grado in meno. Nei locali di lavoro (cio\u00e8 sul posto di lavoro stesso), devono essere garantiti almeno +20 \u00b0C per il lavoro leggero in posizione seduta e +17 \u00b0C per il lavoro medio in piedi o a piedi.<br \/>\nSfiatare i termosifoni: i termosifoni fanno rumore e si scaldano solo parzialmente? Allora lo spurgo dei radiatori sar\u00e0 utile. In questo modo il riscaldamento torner\u00e0 a funzionare in modo pi\u00f9 efficiente e consumer\u00e0 meno energia.<br \/>\nImpostare correttamente la curva di riscaldamento: La curva di riscaldamento, detta anche curva caratteristica di riscaldamento, descrive la relazione tra la temperatura esterna e la temperatura di mandata dell'impianto di riscaldamento. Innanzitutto definire le temperature (soprattutto nei locali critici), determinare le temperature ambiente, correggere la curva di riscaldamento se necessario, regolare il limite di riscaldamento, osservare l'andamento e quindi impostare correttamente la temperatura. In questo caso \u00e8 importante la documentazione corrispondente.<br \/>\nRidurre la temperatura di mandata del riscaldamento o dei singoli circuiti di riscaldamento al di fuori degli orari di utilizzo, ad esempio di notte.<\/li>\n<li><strong>Ottimizzare la ventilazione (potenziale di risparmio: 10-25%)<\/strong><br \/>\nRegolare gli orari di funzionamento in base all'effettivo utilizzo del locale e ridurre la potenza nei momenti di inutilizzo o spegnere del tutto la ventilazione. Ad esempio, se si spegne la ventilazione ogni giorno dalle 20.00 alle 6.00, il consumo energetico diminuir\u00e0 fino a 40 %.<br \/>\nRegolare il volume d'aria dell'impianto di ventilazione in base alla domanda effettiva dei locali, poich\u00e9 l'occupazione varia notevolmente, soprattutto nei locali di grandi dimensioni (ristoranti, sale di ogni tipo). Se si dimezza il volume d'aria, si risparmiano fino a 80 % di energia.<\/li>\n<li><strong>Illuminazione (potenziale di risparmio: 10-25%)<\/strong><br \/>\nRegolare i rilevatori di movimento e i sensori di luce diurna: Regolare il setpoint luce diurna e il tempo di superamento in modo che l'illuminazione si spenga quando la luce diurna \u00e8 sufficiente o quando non c'\u00e8 nessuno nella stanza.<br \/>\nNelle stanze con lunghi periodi di utilizzo, verificate se la sostituzione delle lampade fluorescenti con tubi a LED sia conveniente a breve termine. A lungo termine, \u00e8 meglio pianificare un nuovo sistema di illuminazione a risparmio energetico.<br \/>\nPer adattare l'emissione luminosa all'uso individuale, \u00e8 possibile rimuovere selettivamente gli apparecchi nelle zone sovrailluminate o impostare l'illuminazione di base a un livello inferiore. Se necessario, installare rilevatori di presenza e di movimento. Per i lavoratori giovani e in buona salute, un illuminamento di 500 lux \u00e8 considerato ottimale; le persone anziane hanno bisogno di 750-1500 lux in ufficio.<\/li>\n<li><strong>Apparecchiature di refrigerazione (potenziale di risparmio: 10-15%)<\/strong><br \/>\nAl di fuori degli orari di apertura, i banchi frigoriferi devono essere costantemente chiusi. Le tende notturne, le coperture o le porte in vetro sono adatte a questo scopo. In questo modo il freddo rimane nel mobile e si evitano sbalzi di temperatura indesiderati. Assicurarsi che tutte le unit\u00e0 refrigerate e surgelate, come vetrine, scaffali, cassettiere e cassettiere, siano chiuse al di fuori degli orari di apertura (di notte e nei fine settimana). Se il ghiaccio si accumula sul soffitto o sull'evaporatore delle celle frigorifere, significa che c'\u00e8 troppa umidit\u00e0 nell'ambiente. In entrambi i casi, rimuovere i depositi, ridurre l'apporto di umidit\u00e0 e controllare regolarmente il locale per verificare la formazione di ghiaccio.<\/li>\n<li><strong>Riparare le perdite<br \/>\n<\/strong>Controllare che i sistemi di tubature non presentino perdite. Ad esempio, anche in una rete di aria compressa sottoposta a regolare manutenzione, spesso si possono perdere da 25 a 60 % di aria a causa di perdite. Controllare annualmente che il sistema di tubature dell'aria compressa non presenti perdite, segnare i punti e sigillarli tutti. Un'indicazione di perdite \u00e8, ad esempio, l'avvio troppo frequente dei compressori.<strong><br \/>\n<\/strong><\/li>\n<\/ol>\n<p>Ulteriori e pi\u00f9 dettagliati consigli e opuscoli informativi sul risparmio energetico sono disponibili qui: <a href=\"https:\/\/www.energieschweiz.ch\/programme\/nicht-verschwenden\/spartipps-unternehmen\/\">https:\/\/www.energieschweiz.ch\/programme\/nicht-verschwenden\/spartipps-unternehmen\/<\/a><\/p>","protected":false},"excerpt":{"rendered":"<p>Der Hitzesommer 2022 sowie Lieferengp\u00e4sse bei fossilen Brennstoffen wie Erd\u00f6l und Erdgas infolge des Ukraine-Konflikts machen es offensichtlich: Unsere Energieressourcen werden knapp. Energie-Fachleute halten es f\u00fcr wahrscheinlich, dass es im Winter zu Versorgungsunterbr\u00fcchen kommen kann. Energiesparen ist deshalb ein Gebot der Stunde, damit es im schlimmsten Fall nicht zu Rationierungen bei Energietr\u00e4gern kommt. Mit der [&hellip;]<\/p>\n","protected":false},"author":4,"featured_media":16770,"comment_status":"closed","ping_status":"closed","sticky":false,"template":"","format":"standard","meta":{"_acf_changed":false,"_yoast_wpseo_focuskw":"Energiesparen","_yoast_wpseo_metadesc":"Der Bundesrat ruft Unternehmen und Privathaushalte zum Energiesparen auf. Wir haben ein paar Tipps zusammengestellt.","articlekey":"","footnotes":""},"categories":[580],"tags":[115,1058,335],"class_list":["post-16768","post","type-post","status-publish","format-standard","has-post-thumbnail","hentry","category-sustainability","tag-checklisten","tag-energie-sparen","tag-management-und-unternehmensfuehrung"],"acf":[],"yoast_head":"<!-- This site is optimized with the Yoast SEO plugin v27.4 - https:\/\/yoast.com\/product\/yoast-seo-wordpress\/ -->\n<title>Energiesparen im Unternehmen: Tipps f\u00fcr die Praxis - Organisator<\/title>\n<meta name=\"description\" content=\"Der Bundesrat ruft Unternehmen und Privathaushalte zum Energiesparen auf. Wir haben ein paar Tipps zusammengestellt.\" \/>\n<meta name=\"robots\" content=\"index, follow, max-snippet:-1, max-image-preview:large, max-video-preview:-1\" \/>\n<link rel=\"canonical\" href=\"https:\/\/www.organisator.ch\/it\/sostenibilita\/2022-09-01\/risparmio-energetico-in-azienda-consigli-per-la-pratica\/\" \/>\n<meta property=\"og:locale\" content=\"it_IT\" \/>\n<meta property=\"og:type\" content=\"article\" \/>\n<meta property=\"og:title\" content=\"Energiesparen im Unternehmen: Tipps f\u00fcr die Praxis\" \/>\n<meta property=\"og:description\" content=\"Der Bundesrat ruft Unternehmen und Privathaushalte zum Energiesparen auf. Wir haben ein paar Tipps zusammengestellt.\" \/>\n<meta property=\"og:url\" content=\"https:\/\/www.organisator.ch\/it\/sostenibilita\/2022-09-01\/risparmio-energetico-in-azienda-consigli-per-la-pratica\/\" \/>\n<meta property=\"og:site_name\" content=\"Organisator\" \/>\n<meta property=\"article:publisher\" content=\"https:\/\/www.facebook.com\/OrganisatorFachmagazin\" \/>\n<meta property=\"article:published_time\" content=\"2022-09-01T07:56:17+00:00\" \/>\n<meta property=\"article:modified_time\" content=\"2022-09-16T06:52:33+00:00\" \/>\n<meta property=\"og:image\" content=\"https:\/\/www.organisator.ch\/wp-content\/uploads\/2022\/09\/Energiesparen-im-Unternehmen-Tipps-fur-die-Praxis_Organisator.jpg\" \/>\n\t<meta property=\"og:image:width\" content=\"680\" \/>\n\t<meta property=\"og:image:height\" content=\"322\" \/>\n\t<meta property=\"og:image:type\" content=\"image\/jpeg\" \/>\n<meta name=\"author\" content=\"thomas.berner\" \/>\n<meta name=\"twitter:card\" content=\"summary_large_image\" \/>\n<meta name=\"twitter:title\" content=\"#Energiesparen im Unternehmen: Tipps f\u00fcr die #Praxis\" \/>\n<meta name=\"twitter:description\" content=\"Der #Bundesrat ruft #Unternehmen und #Privathaushalte zum #Energiesparen auf. Wir haben ein paar Tipps zusammengestellt.\" \/>\n<meta name=\"twitter:image\" content=\"https:\/\/www.organisator.ch\/wp-content\/uploads\/2022\/09\/Energiesparen-im-Unternehmen-Tipps-fur-die-Praxis_Organisator.jpg\" \/>\n<script type=\"application\/ld+json\" class=\"yoast-schema-graph\">{\"@context\":\"https:\\\/\\\/schema.org\",\"@graph\":[{\"@type\":\"Article\",\"@id\":\"https:\\\/\\\/www.organisator.ch\\\/sustainability\\\/2022-09-01\\\/energiesparen-im-unternehmen-tipps-fuer-die-praxis\\\/#article\",\"isPartOf\":{\"@id\":\"https:\\\/\\\/www.organisator.ch\\\/sustainability\\\/2022-09-01\\\/energiesparen-im-unternehmen-tipps-fuer-die-praxis\\\/\"},\"author\":{\"name\":\"thomas.berner\",\"@id\":\"https:\\\/\\\/www.organisator.ch\\\/#\\\/schema\\\/person\\\/6f650f90b2842cd4c0cc334b4e36f67e\"},\"headline\":\"Energiesparen im Unternehmen: Tipps f\u00fcr die Praxis\",\"datePublished\":\"2022-09-01T07:56:17+00:00\",\"dateModified\":\"2022-09-16T06:52:33+00:00\",\"mainEntityOfPage\":{\"@id\":\"https:\\\/\\\/www.organisator.ch\\\/sustainability\\\/2022-09-01\\\/energiesparen-im-unternehmen-tipps-fuer-die-praxis\\\/\"},\"wordCount\":822,\"publisher\":{\"@id\":\"https:\\\/\\\/www.organisator.ch\\\/#organization\"},\"image\":{\"@id\":\"https:\\\/\\\/www.organisator.ch\\\/sustainability\\\/2022-09-01\\\/energiesparen-im-unternehmen-tipps-fuer-die-praxis\\\/#primaryimage\"},\"thumbnailUrl\":\"https:\\\/\\\/www.organisator.ch\\\/wp-content\\\/uploads\\\/2022\\\/09\\\/Energiesparen-im-Unternehmen-Tipps-fur-die-Praxis_Organisator.jpg\",\"keywords\":[\"Checklisten\",\"Energie sparen\",\"Management und Unternehmensf\u00fchrung\"],\"articleSection\":[\"SUSTAINABILITY\"],\"inLanguage\":\"it-IT\"},{\"@type\":\"WebPage\",\"@id\":\"https:\\\/\\\/www.organisator.ch\\\/sustainability\\\/2022-09-01\\\/energiesparen-im-unternehmen-tipps-fuer-die-praxis\\\/\",\"url\":\"https:\\\/\\\/www.organisator.ch\\\/sustainability\\\/2022-09-01\\\/energiesparen-im-unternehmen-tipps-fuer-die-praxis\\\/\",\"name\":\"Energiesparen im Unternehmen: Tipps f\u00fcr die Praxis - Organisator\",\"isPartOf\":{\"@id\":\"https:\\\/\\\/www.organisator.ch\\\/#website\"},\"primaryImageOfPage\":{\"@id\":\"https:\\\/\\\/www.organisator.ch\\\/sustainability\\\/2022-09-01\\\/energiesparen-im-unternehmen-tipps-fuer-die-praxis\\\/#primaryimage\"},\"image\":{\"@id\":\"https:\\\/\\\/www.organisator.ch\\\/sustainability\\\/2022-09-01\\\/energiesparen-im-unternehmen-tipps-fuer-die-praxis\\\/#primaryimage\"},\"thumbnailUrl\":\"https:\\\/\\\/www.organisator.ch\\\/wp-content\\\/uploads\\\/2022\\\/09\\\/Energiesparen-im-Unternehmen-Tipps-fur-die-Praxis_Organisator.jpg\",\"datePublished\":\"2022-09-01T07:56:17+00:00\",\"dateModified\":\"2022-09-16T06:52:33+00:00\",\"description\":\"Der Bundesrat ruft Unternehmen und Privathaushalte zum Energiesparen auf. Wir haben ein paar Tipps zusammengestellt.\",\"breadcrumb\":{\"@id\":\"https:\\\/\\\/www.organisator.ch\\\/sustainability\\\/2022-09-01\\\/energiesparen-im-unternehmen-tipps-fuer-die-praxis\\\/#breadcrumb\"},\"inLanguage\":\"it-IT\",\"potentialAction\":[{\"@type\":\"ReadAction\",\"target\":[\"https:\\\/\\\/www.organisator.ch\\\/sustainability\\\/2022-09-01\\\/energiesparen-im-unternehmen-tipps-fuer-die-praxis\\\/\"]}]},{\"@type\":\"ImageObject\",\"inLanguage\":\"it-IT\",\"@id\":\"https:\\\/\\\/www.organisator.ch\\\/sustainability\\\/2022-09-01\\\/energiesparen-im-unternehmen-tipps-fuer-die-praxis\\\/#primaryimage\",\"url\":\"https:\\\/\\\/www.organisator.ch\\\/wp-content\\\/uploads\\\/2022\\\/09\\\/Energiesparen-im-Unternehmen-Tipps-fur-die-Praxis_Organisator.jpg\",\"contentUrl\":\"https:\\\/\\\/www.organisator.ch\\\/wp-content\\\/uploads\\\/2022\\\/09\\\/Energiesparen-im-Unternehmen-Tipps-fur-die-Praxis_Organisator.jpg\",\"width\":680,\"height\":322,\"caption\":\"Gegen die Verschwendung von Energie: Mit dieser Kampagne animiert der Bund zum Energiesparen. (Bild: energieschweiz.ch)\"},{\"@type\":\"BreadcrumbList\",\"@id\":\"https:\\\/\\\/www.organisator.ch\\\/sustainability\\\/2022-09-01\\\/energiesparen-im-unternehmen-tipps-fuer-die-praxis\\\/#breadcrumb\",\"itemListElement\":[{\"@type\":\"ListItem\",\"position\":1,\"name\":\"Home\",\"item\":\"https:\\\/\\\/www.organisator.ch\\\/\"},{\"@type\":\"ListItem\",\"position\":2,\"name\":\"Energiesparen im Unternehmen: Tipps f\u00fcr die Praxis\"}]},{\"@type\":\"WebSite\",\"@id\":\"https:\\\/\\\/www.organisator.ch\\\/#website\",\"url\":\"https:\\\/\\\/www.organisator.ch\\\/\",\"name\":\"Organisator\",\"description\":\"Kompetent. Praxisnah. Der ORGANISATOR bereitet in 10 Ausgaben pro Jahr die wesentlichen Themen f\u00fcr F\u00fchrungskr\u00e4fte von KMU auf.\",\"publisher\":{\"@id\":\"https:\\\/\\\/www.organisator.ch\\\/#organization\"},\"potentialAction\":[{\"@type\":\"SearchAction\",\"target\":{\"@type\":\"EntryPoint\",\"urlTemplate\":\"https:\\\/\\\/www.organisator.ch\\\/?s={search_term_string}\"},\"query-input\":{\"@type\":\"PropertyValueSpecification\",\"valueRequired\":true,\"valueName\":\"search_term_string\"}}],\"inLanguage\":\"it-IT\"},{\"@type\":\"Organization\",\"@id\":\"https:\\\/\\\/www.organisator.ch\\\/#organization\",\"name\":\"Organisator\",\"url\":\"https:\\\/\\\/www.organisator.ch\\\/\",\"logo\":{\"@type\":\"ImageObject\",\"inLanguage\":\"it-IT\",\"@id\":\"https:\\\/\\\/www.organisator.ch\\\/#\\\/schema\\\/logo\\\/image\\\/\",\"url\":\"https:\\\/\\\/www.organisator.ch\\\/wp-content\\\/uploads\\\/2022\\\/01\\\/Logo_Organisator_Website.png\",\"contentUrl\":\"https:\\\/\\\/www.organisator.ch\\\/wp-content\\\/uploads\\\/2022\\\/01\\\/Logo_Organisator_Website.png\",\"width\":800,\"height\":77,\"caption\":\"Organisator\"},\"image\":{\"@id\":\"https:\\\/\\\/www.organisator.ch\\\/#\\\/schema\\\/logo\\\/image\\\/\"},\"sameAs\":[\"https:\\\/\\\/www.facebook.com\\\/OrganisatorFachmagazin\",\"https:\\\/\\\/www.linkedin.com\\\/showcase\\\/organisator-das-magazin-fr-kmu\",\"https:\\\/\\\/www.xing.com\\\/news\\\/pages\\\/organisator-ch-695\",\"https:\\\/\\\/www.youtube.com\\\/channel\\\/UCGP2Sq0iWaZwT3BdIAQFYpw\"]},{\"@type\":\"Person\",\"@id\":\"https:\\\/\\\/www.organisator.ch\\\/#\\\/schema\\\/person\\\/6f650f90b2842cd4c0cc334b4e36f67e\",\"name\":\"thomas.berner\",\"image\":{\"@type\":\"ImageObject\",\"inLanguage\":\"it-IT\",\"@id\":\"https:\\\/\\\/secure.gravatar.com\\\/avatar\\\/ac5001d2a36cb6c6cd3e50789007ffca834b477b74a2144564522e944eabff61?s=96&d=mm&r=g\",\"url\":\"https:\\\/\\\/secure.gravatar.com\\\/avatar\\\/ac5001d2a36cb6c6cd3e50789007ffca834b477b74a2144564522e944eabff61?s=96&d=mm&r=g\",\"contentUrl\":\"https:\\\/\\\/secure.gravatar.com\\\/avatar\\\/ac5001d2a36cb6c6cd3e50789007ffca834b477b74a2144564522e944eabff61?s=96&d=mm&r=g\",\"caption\":\"thomas.berner\"},\"url\":\"https:\\\/\\\/www.organisator.ch\\\/it\\\/author\\\/thomas-berner\\\/\"}]}<\/script>\n<!-- \/ Yoast SEO plugin. -->","yoast_head_json":{"title":"Risparmio energetico in azienda: Suggerimenti per la pratica - Organizzatore","description":"Il Consiglio federale invita le aziende e le famiglie a risparmiare energia. Abbiamo raccolto alcuni suggerimenti.","robots":{"index":"index","follow":"follow","max-snippet":"max-snippet:-1","max-image-preview":"max-image-preview:large","max-video-preview":"max-video-preview:-1"},"canonical":"https:\/\/www.organisator.ch\/it\/sostenibilita\/2022-09-01\/risparmio-energetico-in-azienda-consigli-per-la-pratica\/","og_locale":"it_IT","og_type":"article","og_title":"Energiesparen im Unternehmen: Tipps f\u00fcr die Praxis","og_description":"Der Bundesrat ruft Unternehmen und Privathaushalte zum Energiesparen auf. Wir haben ein paar Tipps zusammengestellt.","og_url":"https:\/\/www.organisator.ch\/it\/sostenibilita\/2022-09-01\/risparmio-energetico-in-azienda-consigli-per-la-pratica\/","og_site_name":"Organisator","article_publisher":"https:\/\/www.facebook.com\/OrganisatorFachmagazin","article_published_time":"2022-09-01T07:56:17+00:00","article_modified_time":"2022-09-16T06:52:33+00:00","og_image":[{"width":680,"height":322,"url":"https:\/\/www.organisator.ch\/wp-content\/uploads\/2022\/09\/Energiesparen-im-Unternehmen-Tipps-fur-die-Praxis_Organisator.jpg","type":"image\/jpeg"}],"author":"thomas.berner","twitter_card":"summary_large_image","twitter_title":"#Energiesparen im Unternehmen: Tipps f\u00fcr die #Praxis","twitter_description":"Der #Bundesrat ruft #Unternehmen und #Privathaushalte zum #Energiesparen auf. Wir haben ein paar Tipps zusammengestellt.","twitter_image":"https:\/\/www.organisator.ch\/wp-content\/uploads\/2022\/09\/Energiesparen-im-Unternehmen-Tipps-fur-die-Praxis_Organisator.jpg","schema":{"@context":"https:\/\/schema.org","@graph":[{"@type":"Article","@id":"https:\/\/www.organisator.ch\/sustainability\/2022-09-01\/energiesparen-im-unternehmen-tipps-fuer-die-praxis\/#article","isPartOf":{"@id":"https:\/\/www.organisator.ch\/sustainability\/2022-09-01\/energiesparen-im-unternehmen-tipps-fuer-die-praxis\/"},"author":{"name":"thomas.berner","@id":"https:\/\/www.organisator.ch\/#\/schema\/person\/6f650f90b2842cd4c0cc334b4e36f67e"},"headline":"Energiesparen im Unternehmen: Tipps f\u00fcr die Praxis","datePublished":"2022-09-01T07:56:17+00:00","dateModified":"2022-09-16T06:52:33+00:00","mainEntityOfPage":{"@id":"https:\/\/www.organisator.ch\/sustainability\/2022-09-01\/energiesparen-im-unternehmen-tipps-fuer-die-praxis\/"},"wordCount":822,"publisher":{"@id":"https:\/\/www.organisator.ch\/#organization"},"image":{"@id":"https:\/\/www.organisator.ch\/sustainability\/2022-09-01\/energiesparen-im-unternehmen-tipps-fuer-die-praxis\/#primaryimage"},"thumbnailUrl":"https:\/\/www.organisator.ch\/wp-content\/uploads\/2022\/09\/Energiesparen-im-Unternehmen-Tipps-fur-die-Praxis_Organisator.jpg","keywords":["Checklisten","Energie sparen","Management und Unternehmensf\u00fchrung"],"articleSection":["SUSTAINABILITY"],"inLanguage":"it-IT"},{"@type":"WebPage","@id":"https:\/\/www.organisator.ch\/sustainability\/2022-09-01\/energiesparen-im-unternehmen-tipps-fuer-die-praxis\/","url":"https:\/\/www.organisator.ch\/sustainability\/2022-09-01\/energiesparen-im-unternehmen-tipps-fuer-die-praxis\/","name":"Risparmio energetico in azienda: Suggerimenti per la pratica - Organizzatore","isPartOf":{"@id":"https:\/\/www.organisator.ch\/#website"},"primaryImageOfPage":{"@id":"https:\/\/www.organisator.ch\/sustainability\/2022-09-01\/energiesparen-im-unternehmen-tipps-fuer-die-praxis\/#primaryimage"},"image":{"@id":"https:\/\/www.organisator.ch\/sustainability\/2022-09-01\/energiesparen-im-unternehmen-tipps-fuer-die-praxis\/#primaryimage"},"thumbnailUrl":"https:\/\/www.organisator.ch\/wp-content\/uploads\/2022\/09\/Energiesparen-im-Unternehmen-Tipps-fur-die-Praxis_Organisator.jpg","datePublished":"2022-09-01T07:56:17+00:00","dateModified":"2022-09-16T06:52:33+00:00","description":"Il Consiglio federale invita le aziende e le famiglie a risparmiare energia. Abbiamo raccolto alcuni suggerimenti.","breadcrumb":{"@id":"https:\/\/www.organisator.ch\/sustainability\/2022-09-01\/energiesparen-im-unternehmen-tipps-fuer-die-praxis\/#breadcrumb"},"inLanguage":"it-IT","potentialAction":[{"@type":"ReadAction","target":["https:\/\/www.organisator.ch\/sustainability\/2022-09-01\/energiesparen-im-unternehmen-tipps-fuer-die-praxis\/"]}]},{"@type":"ImageObject","inLanguage":"it-IT","@id":"https:\/\/www.organisator.ch\/sustainability\/2022-09-01\/energiesparen-im-unternehmen-tipps-fuer-die-praxis\/#primaryimage","url":"https:\/\/www.organisator.ch\/wp-content\/uploads\/2022\/09\/Energiesparen-im-Unternehmen-Tipps-fur-die-Praxis_Organisator.jpg","contentUrl":"https:\/\/www.organisator.ch\/wp-content\/uploads\/2022\/09\/Energiesparen-im-Unternehmen-Tipps-fur-die-Praxis_Organisator.jpg","width":680,"height":322,"caption":"Gegen die Verschwendung von Energie: Mit dieser Kampagne animiert der Bund zum Energiesparen. (Bild: energieschweiz.ch)"},{"@type":"BreadcrumbList","@id":"https:\/\/www.organisator.ch\/sustainability\/2022-09-01\/energiesparen-im-unternehmen-tipps-fuer-die-praxis\/#breadcrumb","itemListElement":[{"@type":"ListItem","position":1,"name":"Home","item":"https:\/\/www.organisator.ch\/"},{"@type":"ListItem","position":2,"name":"Energiesparen im Unternehmen: Tipps f\u00fcr die Praxis"}]},{"@type":"WebSite","@id":"https:\/\/www.organisator.ch\/#website","url":"https:\/\/www.organisator.ch\/","name":"Organizzatore","description":"Competente. Pratico. In 10 numeri all'anno, ORGANISATOR presenta i temi essenziali per i manager delle PMI.","publisher":{"@id":"https:\/\/www.organisator.ch\/#organization"},"potentialAction":[{"@type":"SearchAction","target":{"@type":"EntryPoint","urlTemplate":"https:\/\/www.organisator.ch\/?s={search_term_string}"},"query-input":{"@type":"PropertyValueSpecification","valueRequired":true,"valueName":"search_term_string"}}],"inLanguage":"it-IT"},{"@type":"Organization","@id":"https:\/\/www.organisator.ch\/#organization","name":"Organizzatore","url":"https:\/\/www.organisator.ch\/","logo":{"@type":"ImageObject","inLanguage":"it-IT","@id":"https:\/\/www.organisator.ch\/#\/schema\/logo\/image\/","url":"https:\/\/www.organisator.ch\/wp-content\/uploads\/2022\/01\/Logo_Organisator_Website.png","contentUrl":"https:\/\/www.organisator.ch\/wp-content\/uploads\/2022\/01\/Logo_Organisator_Website.png","width":800,"height":77,"caption":"Organisator"},"image":{"@id":"https:\/\/www.organisator.ch\/#\/schema\/logo\/image\/"},"sameAs":["https:\/\/www.facebook.com\/OrganisatorFachmagazin","https:\/\/www.linkedin.com\/showcase\/organisator-das-magazin-fr-kmu","https:\/\/www.xing.com\/news\/pages\/organisator-ch-695","https:\/\/www.youtube.com\/channel\/UCGP2Sq0iWaZwT3BdIAQFYpw"]},{"@type":"Person","@id":"https:\/\/www.organisator.ch\/#\/schema\/person\/6f650f90b2842cd4c0cc334b4e36f67e","name":"Tommaso.berner","image":{"@type":"ImageObject","inLanguage":"it-IT","@id":"https:\/\/secure.gravatar.com\/avatar\/ac5001d2a36cb6c6cd3e50789007ffca834b477b74a2144564522e944eabff61?s=96&d=mm&r=g","url":"https:\/\/secure.gravatar.com\/avatar\/ac5001d2a36cb6c6cd3e50789007ffca834b477b74a2144564522e944eabff61?s=96&d=mm&r=g","contentUrl":"https:\/\/secure.gravatar.com\/avatar\/ac5001d2a36cb6c6cd3e50789007ffca834b477b74a2144564522e944eabff61?s=96&d=mm&r=g","caption":"thomas.berner"},"url":"https:\/\/www.organisator.ch\/it\/author\/thomas-berner\/"}]}},"_links":{"self":[{"href":"https:\/\/www.organisator.ch\/it\/wp-json\/wp\/v2\/posts\/16768","targetHints":{"allow":["GET"]}}],"collection":[{"href":"https:\/\/www.organisator.ch\/it\/wp-json\/wp\/v2\/posts"}],"about":[{"href":"https:\/\/www.organisator.ch\/it\/wp-json\/wp\/v2\/types\/post"}],"author":[{"embeddable":true,"href":"https:\/\/www.organisator.ch\/it\/wp-json\/wp\/v2\/users\/4"}],"replies":[{"embeddable":true,"href":"https:\/\/www.organisator.ch\/it\/wp-json\/wp\/v2\/comments?post=16768"}],"version-history":[{"count":5,"href":"https:\/\/www.organisator.ch\/it\/wp-json\/wp\/v2\/posts\/16768\/revisions"}],"predecessor-version":[{"id":16958,"href":"https:\/\/www.organisator.ch\/it\/wp-json\/wp\/v2\/posts\/16768\/revisions\/16958"}],"wp:featuredmedia":[{"embeddable":true,"href":"https:\/\/www.organisator.ch\/it\/wp-json\/wp\/v2\/media\/16770"}],"wp:attachment":[{"href":"https:\/\/www.organisator.ch\/it\/wp-json\/wp\/v2\/media?parent=16768"}],"wp:term":[{"taxonomy":"category","embeddable":true,"href":"https:\/\/www.organisator.ch\/it\/wp-json\/wp\/v2\/categories?post=16768"},{"taxonomy":"post_tag","embeddable":true,"href":"https:\/\/www.organisator.ch\/it\/wp-json\/wp\/v2\/tags?post=16768"}],"curies":[{"name":"wp","href":"https:\/\/api.w.org\/{rel}","templated":true}]}}