{"id":16773,"date":"2022-09-01T13:21:42","date_gmt":"2022-09-01T11:21:42","guid":{"rendered":"https:\/\/www.organisator.ch\/?p=16773"},"modified":"2022-09-01T13:21:42","modified_gmt":"2022-09-01T11:21:42","slug":"biogas-e-rete-zero-nella-fornitura-di-gas","status":"publish","type":"post","link":"https:\/\/www.organisator.ch\/it\/sustainability\/2022-09-01\/biogas-und-netto-null-in-der-gasversorgung\/","title":{"rendered":"Biogas e fornitura netta di gas"},"content":{"rendered":"<figure id=\"attachment_16778\" aria-describedby=\"caption-attachment-16778\" style=\"width: 680px\" class=\"wp-caption alignnone\"><img loading=\"lazy\" decoding=\"async\" class=\"size-full wp-image-16778\" src=\"https:\/\/www.organisator.ch\/wp-content\/uploads\/2022\/09\/Biogas-und-Netto-Null-in-der-Gasversorgung-1_Organisator.jpg\" alt=\"\" width=\"680\" height=\"388\" srcset=\"https:\/\/www.organisator.ch\/wp-content\/uploads\/2022\/09\/Biogas-und-Netto-Null-in-der-Gasversorgung-1_Organisator.jpg 680w, https:\/\/www.organisator.ch\/wp-content\/uploads\/2022\/09\/Biogas-und-Netto-Null-in-der-Gasversorgung-1_Organisator-18x10.jpg 18w, https:\/\/www.organisator.ch\/wp-content\/uploads\/2022\/09\/Biogas-und-Netto-Null-in-der-Gasversorgung-1_Organisator-307x175.jpg 307w, https:\/\/www.organisator.ch\/wp-content\/uploads\/2022\/09\/Biogas-und-Netto-Null-in-der-Gasversorgung-1_Organisator-613x350.jpg 613w, https:\/\/www.organisator.ch\/wp-content\/uploads\/2022\/09\/Biogas-und-Netto-Null-in-der-Gasversorgung-1_Organisator-300x171.jpg 300w\" sizes=\"auto, (max-width: 680px) 100vw, 680px\" \/><figcaption id=\"caption-attachment-16778\" class=\"wp-caption-text\">Discussione sul potenziale del biogas al 9\u00b0 Forum sulle bioenergie con Urs Baier, Thomas K\u00e4gi e Fr\u00e9d\u00e9ric Vogel (da sinistra a destra) (\u00a9 Biomasse Suisse)<\/figcaption><\/figure>\n<p>Secondo Biomasse Suisse e l'Associazione svizzera dell'industria del gas VSG, il biogas e altri gas climalteranti sono una chiave per la decarbonizzazione della fornitura di gas prevista dai politici e dall'industria. Le tecnologie per fornire gas rinnovabili e neutrali per il clima, come il biogas e il biometano sintetico e l'idrogeno, sono disponibili da anni. In questo contesto, il tema del Forum sulle bioenergie di quest'anno non poteva essere pi\u00f9 attuale: L'implementazione di una fornitura di gas a zero emissioni \u00e8 impegnativa. L'incontro annuale tra ricerca, produttori, imprese, amministrazione e politica ha fornito una piattaforma per discutere idee promettenti su come modellare l'approvvigionamento di gas del futuro.<\/p>\n<h3>Il contributo del biogas alla decarbonizzazione \u00e8 sottostimato<\/h3>\n<p>La prima parte del forum \u00e8 stata dedicata al biogas, che riceve ancora troppa poca attenzione come fonte energetica domestica, rinnovabile e flessibile. Il biogas pu\u00f2 essere prodotto direttamente dai rifiuti e allo stesso tempo riduce le emissioni di gas a effetto serra (in particolare il metano proveniente dagli allevamenti). Le presentazioni hanno mostrato che il contributo del biogas alla decarbonizzazione \u00e8 generalmente sottovalutato.<\/p>\n<figure id=\"attachment_16779\" aria-describedby=\"caption-attachment-16779\" style=\"width: 680px\" class=\"wp-caption alignnone\"><img loading=\"lazy\" decoding=\"async\" class=\"size-full wp-image-16779\" src=\"https:\/\/www.organisator.ch\/wp-content\/uploads\/2022\/09\/Biogas-und-Netto-Null-in-der-Gasversorgung-2_Organisator.jpg\" alt=\"\" width=\"680\" height=\"454\" srcset=\"https:\/\/www.organisator.ch\/wp-content\/uploads\/2022\/09\/Biogas-und-Netto-Null-in-der-Gasversorgung-2_Organisator.jpg 680w, https:\/\/www.organisator.ch\/wp-content\/uploads\/2022\/09\/Biogas-und-Netto-Null-in-der-Gasversorgung-2_Organisator-18x12.jpg 18w, https:\/\/www.organisator.ch\/wp-content\/uploads\/2022\/09\/Biogas-und-Netto-Null-in-der-Gasversorgung-2_Organisator-262x175.jpg 262w, https:\/\/www.organisator.ch\/wp-content\/uploads\/2022\/09\/Biogas-und-Netto-Null-in-der-Gasversorgung-2_Organisator-524x350.jpg 524w, https:\/\/www.organisator.ch\/wp-content\/uploads\/2022\/09\/Biogas-und-Netto-Null-in-der-Gasversorgung-2_Organisator-300x200.jpg 300w\" sizes=\"auto, (max-width: 680px) 100vw, 680px\" \/><figcaption id=\"caption-attachment-16779\" class=\"wp-caption-text\">Hans-Christian Angele, responsabile delle politiche dell'Associazione VSG. (\u00a9 Biomasse Suisse)<\/figcaption><\/figure>\n<h3>Impianti power-to-gas su scala industriale<\/h3>\n<p>Nella seconda parte, i rappresentanti della ricerca tedeschi e stranieri hanno illustrato le ultime innovazioni nel campo dei gas rinnovabili e il loro potenziale per l'accoppiamento del settore. Gli impianti Power-to-Gas possono svolgere il loro ruolo chiave nello stoccaggio stagionale delle energie rinnovabili solo se le condizioni quadro sono adeguate. L'impianto Limeco \u00e8 stato presentato come il primo esempio su scala industriale in Svizzera. Si \u00e8 inoltre occupata del suo funzionamento economico e di questioni quali l'esenzione dalle tariffe di utilizzo della rete. Un'altra presentazione ha affrontato le sfide tecniche dell'utilizzo dell'idrogeno verde per aumentare la produzione di biogas.<\/p>\n<h3>Le condizioni quadro devono essere adattate<\/h3>\n<p>La terza parte si \u00e8 occupata degli adeguamenti tecnici necessari all'infrastruttura del gas, in modo che anche l'idrogeno e altri gas rinnovabili possano essere trasportati in modo sicuro. Inoltre, \u00e8 stato presentato un progetto di ricerca che converte l'idrogeno prodotto elettricamente in biogas in profondit\u00e0 (power-to-gas). Il fatto che lo stoccaggio stagionale possa avvenire anche nel sottosuolo potrebbe combinare efficacemente due importanti processi di accoppiamento settoriale.<\/p>\n<p>In un panel composto da rappresentanti della politica, dell'economia e dell'amministrazione, sono stati approfonditi i vari temi. I partecipanti hanno convenuto che una maggiore promozione del biogas e dei gas climalteranti \u00e8 all'ordine del giorno. La questione di come farlo \u00e8 ancora dibattuta.<\/p>\n<p><em>Fonte e ulteriori informazioni: <a href=\"https:\/\/biomassesuisse.ch\/\">Biomassa Suisse<\/a><\/em><\/p>","protected":false},"excerpt":{"rendered":"<p>Biogas und andere klimaneutrale Gase sind gem\u00e4ss Biomasse Suisse und dem Verband der Schweizerischen Gasindustrie VSG ein Schl\u00fcssel zu der von Politik und Branche anvisierten Dekarbonisierung der Gasversorgung. Die Technologien zur Bereitstellung von erneuerbaren und klimaneutralen Gasen wie Biogas und synthetisches Biomethan und Wasserstoff sind seit Jahren vorhanden. Vor diesem Hintergrund h\u00e4tte das Thema des [&hellip;]<\/p>\n","protected":false},"author":4,"featured_media":16778,"comment_status":"closed","ping_status":"closed","sticky":false,"template":"","format":"standard","meta":{"_acf_changed":false,"_yoast_wpseo_focuskw":"Biogas","_yoast_wpseo_metadesc":"Durch die von Russland provozierte Gas- und Energiekrise erh\u00e4lt die Versorgung durch Biogas zus\u00e4tzliche Aktualit\u00e4t.","articlekey":"","footnotes":""},"categories":[580],"tags":[835,3363,193,358],"class_list":["post-16773","post","type-post","status-publish","format-standard","has-post-thumbnail","hentry","category-sustainability","tag-biogas","tag-energiekrise","tag-fachkongressfachmesse","tag-nachhaltige-wirtschaft"],"acf":[],"yoast_head":"<!-- This site is optimized with the Yoast SEO plugin v27.5 - https:\/\/yoast.com\/product\/yoast-seo-wordpress\/ -->\n<title>Biogas und Netto-Null in der Gasversorgung - Organisator<\/title>\n<meta name=\"description\" content=\"Durch die von Russland provozierte Gas- und Energiekrise erh\u00e4lt die Versorgung durch Biogas zus\u00e4tzliche Aktualit\u00e4t.\" \/>\n<meta name=\"robots\" content=\"index, follow, max-snippet:-1, max-image-preview:large, max-video-preview:-1\" \/>\n<link rel=\"canonical\" href=\"https:\/\/www.organisator.ch\/it\/sostenibilita\/2022-09-01\/biogas-e-rete-zero-nella-fornitura-di-gas\/\" \/>\n<meta property=\"og:locale\" content=\"it_IT\" \/>\n<meta property=\"og:type\" content=\"article\" \/>\n<meta property=\"og:title\" content=\"Biogas und Netto-Null in der Gasversorgung\" \/>\n<meta property=\"og:description\" content=\"Durch die von Russland provozierte Gas- und Energiekrise erh\u00e4lt die Versorgung durch Biogas zus\u00e4tzliche Aktualit\u00e4t.\" \/>\n<meta property=\"og:url\" content=\"https:\/\/www.organisator.ch\/it\/sostenibilita\/2022-09-01\/biogas-e-rete-zero-nella-fornitura-di-gas\/\" \/>\n<meta property=\"og:site_name\" content=\"Organisator\" \/>\n<meta property=\"article:publisher\" content=\"https:\/\/www.facebook.com\/OrganisatorFachmagazin\" \/>\n<meta property=\"article:published_time\" content=\"2022-09-01T11:21:42+00:00\" \/>\n<meta property=\"og:image\" content=\"https:\/\/www.organisator.ch\/wp-content\/uploads\/2022\/09\/Biogas-und-Netto-Null-in-der-Gasversorgung-1_Organisator.jpg\" \/>\n\t<meta property=\"og:image:width\" content=\"680\" \/>\n\t<meta property=\"og:image:height\" content=\"388\" \/>\n\t<meta property=\"og:image:type\" content=\"image\/jpeg\" \/>\n<meta name=\"author\" content=\"thomas.berner\" \/>\n<meta name=\"twitter:card\" content=\"summary_large_image\" \/>\n<meta name=\"twitter:title\" content=\"#Biogas und #Netto-Null in der #Gasversorgung\" \/>\n<meta name=\"twitter:description\" content=\"Durch die von Russland provozierte Gas- und #Energiekrise erh\u00e4lt die Versorgung durch #Biogas zus\u00e4tzliche Aktualit\u00e4t.\" \/>\n<meta name=\"twitter:image\" content=\"https:\/\/www.organisator.ch\/wp-content\/uploads\/2022\/09\/Biogas-und-Netto-Null-in-der-Gasversorgung-1_Organisator.jpg\" \/>\n<script type=\"application\/ld+json\" class=\"yoast-schema-graph\">{\"@context\":\"https:\\\/\\\/schema.org\",\"@graph\":[{\"@type\":\"Article\",\"@id\":\"https:\\\/\\\/www.organisator.ch\\\/sustainability\\\/2022-09-01\\\/biogas-und-netto-null-in-der-gasversorgung\\\/#article\",\"isPartOf\":{\"@id\":\"https:\\\/\\\/www.organisator.ch\\\/sustainability\\\/2022-09-01\\\/biogas-und-netto-null-in-der-gasversorgung\\\/\"},\"author\":{\"name\":\"thomas.berner\",\"@id\":\"https:\\\/\\\/www.organisator.ch\\\/#\\\/schema\\\/person\\\/6f650f90b2842cd4c0cc334b4e36f67e\"},\"headline\":\"Biogas und Netto-Null in der Gasversorgung\",\"datePublished\":\"2022-09-01T11:21:42+00:00\",\"mainEntityOfPage\":{\"@id\":\"https:\\\/\\\/www.organisator.ch\\\/sustainability\\\/2022-09-01\\\/biogas-und-netto-null-in-der-gasversorgung\\\/\"},\"wordCount\":450,\"publisher\":{\"@id\":\"https:\\\/\\\/www.organisator.ch\\\/#organization\"},\"image\":{\"@id\":\"https:\\\/\\\/www.organisator.ch\\\/sustainability\\\/2022-09-01\\\/biogas-und-netto-null-in-der-gasversorgung\\\/#primaryimage\"},\"thumbnailUrl\":\"https:\\\/\\\/www.organisator.ch\\\/wp-content\\\/uploads\\\/2022\\\/09\\\/Biogas-und-Netto-Null-in-der-Gasversorgung-1_Organisator.jpg\",\"keywords\":[\"Biogas\",\"Energiekrise\",\"Fachkongress\\\/Fachmesse\",\"Nachhaltige Wirtschaft\"],\"articleSection\":[\"SUSTAINABILITY\"],\"inLanguage\":\"it-IT\"},{\"@type\":\"WebPage\",\"@id\":\"https:\\\/\\\/www.organisator.ch\\\/sustainability\\\/2022-09-01\\\/biogas-und-netto-null-in-der-gasversorgung\\\/\",\"url\":\"https:\\\/\\\/www.organisator.ch\\\/sustainability\\\/2022-09-01\\\/biogas-und-netto-null-in-der-gasversorgung\\\/\",\"name\":\"Biogas und Netto-Null in der Gasversorgung - Organisator\",\"isPartOf\":{\"@id\":\"https:\\\/\\\/www.organisator.ch\\\/#website\"},\"primaryImageOfPage\":{\"@id\":\"https:\\\/\\\/www.organisator.ch\\\/sustainability\\\/2022-09-01\\\/biogas-und-netto-null-in-der-gasversorgung\\\/#primaryimage\"},\"image\":{\"@id\":\"https:\\\/\\\/www.organisator.ch\\\/sustainability\\\/2022-09-01\\\/biogas-und-netto-null-in-der-gasversorgung\\\/#primaryimage\"},\"thumbnailUrl\":\"https:\\\/\\\/www.organisator.ch\\\/wp-content\\\/uploads\\\/2022\\\/09\\\/Biogas-und-Netto-Null-in-der-Gasversorgung-1_Organisator.jpg\",\"datePublished\":\"2022-09-01T11:21:42+00:00\",\"description\":\"Durch die von Russland provozierte Gas- und Energiekrise erh\u00e4lt die Versorgung durch Biogas zus\u00e4tzliche Aktualit\u00e4t.\",\"breadcrumb\":{\"@id\":\"https:\\\/\\\/www.organisator.ch\\\/sustainability\\\/2022-09-01\\\/biogas-und-netto-null-in-der-gasversorgung\\\/#breadcrumb\"},\"inLanguage\":\"it-IT\",\"potentialAction\":[{\"@type\":\"ReadAction\",\"target\":[\"https:\\\/\\\/www.organisator.ch\\\/sustainability\\\/2022-09-01\\\/biogas-und-netto-null-in-der-gasversorgung\\\/\"]}]},{\"@type\":\"ImageObject\",\"inLanguage\":\"it-IT\",\"@id\":\"https:\\\/\\\/www.organisator.ch\\\/sustainability\\\/2022-09-01\\\/biogas-und-netto-null-in-der-gasversorgung\\\/#primaryimage\",\"url\":\"https:\\\/\\\/www.organisator.ch\\\/wp-content\\\/uploads\\\/2022\\\/09\\\/Biogas-und-Netto-Null-in-der-Gasversorgung-1_Organisator.jpg\",\"contentUrl\":\"https:\\\/\\\/www.organisator.ch\\\/wp-content\\\/uploads\\\/2022\\\/09\\\/Biogas-und-Netto-Null-in-der-Gasversorgung-1_Organisator.jpg\",\"width\":680,\"height\":388,\"caption\":\"Diskussion am 9. Bioenergie Forum mit Urs Baier, Thomas K\u00e4gi und Fr\u00e9d\u00e9ric Vogel (von links nach rechts) (\u00a9 Biomasse Suisse)\"},{\"@type\":\"BreadcrumbList\",\"@id\":\"https:\\\/\\\/www.organisator.ch\\\/sustainability\\\/2022-09-01\\\/biogas-und-netto-null-in-der-gasversorgung\\\/#breadcrumb\",\"itemListElement\":[{\"@type\":\"ListItem\",\"position\":1,\"name\":\"Home\",\"item\":\"https:\\\/\\\/www.organisator.ch\\\/\"},{\"@type\":\"ListItem\",\"position\":2,\"name\":\"Biogas und Netto-Null in der Gasversorgung\"}]},{\"@type\":\"WebSite\",\"@id\":\"https:\\\/\\\/www.organisator.ch\\\/#website\",\"url\":\"https:\\\/\\\/www.organisator.ch\\\/\",\"name\":\"Organisator\",\"description\":\"Kompetent. Praxisnah. Der ORGANISATOR bereitet in 10 Ausgaben pro Jahr die wesentlichen Themen f\u00fcr F\u00fchrungskr\u00e4fte von KMU auf.\",\"publisher\":{\"@id\":\"https:\\\/\\\/www.organisator.ch\\\/#organization\"},\"potentialAction\":[{\"@type\":\"SearchAction\",\"target\":{\"@type\":\"EntryPoint\",\"urlTemplate\":\"https:\\\/\\\/www.organisator.ch\\\/?s={search_term_string}\"},\"query-input\":{\"@type\":\"PropertyValueSpecification\",\"valueRequired\":true,\"valueName\":\"search_term_string\"}}],\"inLanguage\":\"it-IT\"},{\"@type\":\"Organization\",\"@id\":\"https:\\\/\\\/www.organisator.ch\\\/#organization\",\"name\":\"Organisator\",\"url\":\"https:\\\/\\\/www.organisator.ch\\\/\",\"logo\":{\"@type\":\"ImageObject\",\"inLanguage\":\"it-IT\",\"@id\":\"https:\\\/\\\/www.organisator.ch\\\/#\\\/schema\\\/logo\\\/image\\\/\",\"url\":\"https:\\\/\\\/www.organisator.ch\\\/wp-content\\\/uploads\\\/2022\\\/01\\\/Logo_Organisator_Website.png\",\"contentUrl\":\"https:\\\/\\\/www.organisator.ch\\\/wp-content\\\/uploads\\\/2022\\\/01\\\/Logo_Organisator_Website.png\",\"width\":800,\"height\":77,\"caption\":\"Organisator\"},\"image\":{\"@id\":\"https:\\\/\\\/www.organisator.ch\\\/#\\\/schema\\\/logo\\\/image\\\/\"},\"sameAs\":[\"https:\\\/\\\/www.facebook.com\\\/OrganisatorFachmagazin\",\"https:\\\/\\\/www.linkedin.com\\\/showcase\\\/organisator-das-magazin-fr-kmu\",\"https:\\\/\\\/www.xing.com\\\/news\\\/pages\\\/organisator-ch-695\",\"https:\\\/\\\/www.youtube.com\\\/channel\\\/UCGP2Sq0iWaZwT3BdIAQFYpw\"]},{\"@type\":\"Person\",\"@id\":\"https:\\\/\\\/www.organisator.ch\\\/#\\\/schema\\\/person\\\/6f650f90b2842cd4c0cc334b4e36f67e\",\"name\":\"thomas.berner\",\"image\":{\"@type\":\"ImageObject\",\"inLanguage\":\"it-IT\",\"@id\":\"https:\\\/\\\/secure.gravatar.com\\\/avatar\\\/ac5001d2a36cb6c6cd3e50789007ffca834b477b74a2144564522e944eabff61?s=96&d=mm&r=g\",\"url\":\"https:\\\/\\\/secure.gravatar.com\\\/avatar\\\/ac5001d2a36cb6c6cd3e50789007ffca834b477b74a2144564522e944eabff61?s=96&d=mm&r=g\",\"contentUrl\":\"https:\\\/\\\/secure.gravatar.com\\\/avatar\\\/ac5001d2a36cb6c6cd3e50789007ffca834b477b74a2144564522e944eabff61?s=96&d=mm&r=g\",\"caption\":\"thomas.berner\"},\"url\":\"https:\\\/\\\/www.organisator.ch\\\/it\\\/author\\\/thomas-berner\\\/\"}]}<\/script>\n<!-- \/ Yoast SEO plugin. -->","yoast_head_json":{"title":"Biogas e fornitura di gas a zero - Organizzatore","description":"La crisi energetica e del gas provocata dalla Russia rende l'approvvigionamento di biogas ancora pi\u00f9 attuale.","robots":{"index":"index","follow":"follow","max-snippet":"max-snippet:-1","max-image-preview":"max-image-preview:large","max-video-preview":"max-video-preview:-1"},"canonical":"https:\/\/www.organisator.ch\/it\/sostenibilita\/2022-09-01\/biogas-e-rete-zero-nella-fornitura-di-gas\/","og_locale":"it_IT","og_type":"article","og_title":"Biogas und Netto-Null in der Gasversorgung","og_description":"Durch die von Russland provozierte Gas- und Energiekrise erh\u00e4lt die Versorgung durch Biogas zus\u00e4tzliche Aktualit\u00e4t.","og_url":"https:\/\/www.organisator.ch\/it\/sostenibilita\/2022-09-01\/biogas-e-rete-zero-nella-fornitura-di-gas\/","og_site_name":"Organisator","article_publisher":"https:\/\/www.facebook.com\/OrganisatorFachmagazin","article_published_time":"2022-09-01T11:21:42+00:00","og_image":[{"width":680,"height":388,"url":"https:\/\/www.organisator.ch\/wp-content\/uploads\/2022\/09\/Biogas-und-Netto-Null-in-der-Gasversorgung-1_Organisator.jpg","type":"image\/jpeg"}],"author":"thomas.berner","twitter_card":"summary_large_image","twitter_title":"#Biogas und #Netto-Null in der #Gasversorgung","twitter_description":"Durch die von Russland provozierte Gas- und #Energiekrise erh\u00e4lt die Versorgung durch #Biogas zus\u00e4tzliche Aktualit\u00e4t.","twitter_image":"https:\/\/www.organisator.ch\/wp-content\/uploads\/2022\/09\/Biogas-und-Netto-Null-in-der-Gasversorgung-1_Organisator.jpg","schema":{"@context":"https:\/\/schema.org","@graph":[{"@type":"Article","@id":"https:\/\/www.organisator.ch\/sustainability\/2022-09-01\/biogas-und-netto-null-in-der-gasversorgung\/#article","isPartOf":{"@id":"https:\/\/www.organisator.ch\/sustainability\/2022-09-01\/biogas-und-netto-null-in-der-gasversorgung\/"},"author":{"name":"thomas.berner","@id":"https:\/\/www.organisator.ch\/#\/schema\/person\/6f650f90b2842cd4c0cc334b4e36f67e"},"headline":"Biogas und Netto-Null in der Gasversorgung","datePublished":"2022-09-01T11:21:42+00:00","mainEntityOfPage":{"@id":"https:\/\/www.organisator.ch\/sustainability\/2022-09-01\/biogas-und-netto-null-in-der-gasversorgung\/"},"wordCount":450,"publisher":{"@id":"https:\/\/www.organisator.ch\/#organization"},"image":{"@id":"https:\/\/www.organisator.ch\/sustainability\/2022-09-01\/biogas-und-netto-null-in-der-gasversorgung\/#primaryimage"},"thumbnailUrl":"https:\/\/www.organisator.ch\/wp-content\/uploads\/2022\/09\/Biogas-und-Netto-Null-in-der-Gasversorgung-1_Organisator.jpg","keywords":["Biogas","Energiekrise","Fachkongress\/Fachmesse","Nachhaltige Wirtschaft"],"articleSection":["SUSTAINABILITY"],"inLanguage":"it-IT"},{"@type":"WebPage","@id":"https:\/\/www.organisator.ch\/sustainability\/2022-09-01\/biogas-und-netto-null-in-der-gasversorgung\/","url":"https:\/\/www.organisator.ch\/sustainability\/2022-09-01\/biogas-und-netto-null-in-der-gasversorgung\/","name":"Biogas e fornitura di gas a zero - Organizzatore","isPartOf":{"@id":"https:\/\/www.organisator.ch\/#website"},"primaryImageOfPage":{"@id":"https:\/\/www.organisator.ch\/sustainability\/2022-09-01\/biogas-und-netto-null-in-der-gasversorgung\/#primaryimage"},"image":{"@id":"https:\/\/www.organisator.ch\/sustainability\/2022-09-01\/biogas-und-netto-null-in-der-gasversorgung\/#primaryimage"},"thumbnailUrl":"https:\/\/www.organisator.ch\/wp-content\/uploads\/2022\/09\/Biogas-und-Netto-Null-in-der-Gasversorgung-1_Organisator.jpg","datePublished":"2022-09-01T11:21:42+00:00","description":"La crisi energetica e del gas provocata dalla Russia rende l'approvvigionamento di biogas ancora pi\u00f9 attuale.","breadcrumb":{"@id":"https:\/\/www.organisator.ch\/sustainability\/2022-09-01\/biogas-und-netto-null-in-der-gasversorgung\/#breadcrumb"},"inLanguage":"it-IT","potentialAction":[{"@type":"ReadAction","target":["https:\/\/www.organisator.ch\/sustainability\/2022-09-01\/biogas-und-netto-null-in-der-gasversorgung\/"]}]},{"@type":"ImageObject","inLanguage":"it-IT","@id":"https:\/\/www.organisator.ch\/sustainability\/2022-09-01\/biogas-und-netto-null-in-der-gasversorgung\/#primaryimage","url":"https:\/\/www.organisator.ch\/wp-content\/uploads\/2022\/09\/Biogas-und-Netto-Null-in-der-Gasversorgung-1_Organisator.jpg","contentUrl":"https:\/\/www.organisator.ch\/wp-content\/uploads\/2022\/09\/Biogas-und-Netto-Null-in-der-Gasversorgung-1_Organisator.jpg","width":680,"height":388,"caption":"Diskussion am 9. Bioenergie Forum mit Urs Baier, Thomas K\u00e4gi und Fr\u00e9d\u00e9ric Vogel (von links nach rechts) (\u00a9 Biomasse Suisse)"},{"@type":"BreadcrumbList","@id":"https:\/\/www.organisator.ch\/sustainability\/2022-09-01\/biogas-und-netto-null-in-der-gasversorgung\/#breadcrumb","itemListElement":[{"@type":"ListItem","position":1,"name":"Home","item":"https:\/\/www.organisator.ch\/"},{"@type":"ListItem","position":2,"name":"Biogas und Netto-Null in der Gasversorgung"}]},{"@type":"WebSite","@id":"https:\/\/www.organisator.ch\/#website","url":"https:\/\/www.organisator.ch\/","name":"Organizzatore","description":"Competente. Pratico. In 10 numeri all'anno, ORGANISATOR presenta i temi essenziali per i manager delle PMI.","publisher":{"@id":"https:\/\/www.organisator.ch\/#organization"},"potentialAction":[{"@type":"SearchAction","target":{"@type":"EntryPoint","urlTemplate":"https:\/\/www.organisator.ch\/?s={search_term_string}"},"query-input":{"@type":"PropertyValueSpecification","valueRequired":true,"valueName":"search_term_string"}}],"inLanguage":"it-IT"},{"@type":"Organization","@id":"https:\/\/www.organisator.ch\/#organization","name":"Organizzatore","url":"https:\/\/www.organisator.ch\/","logo":{"@type":"ImageObject","inLanguage":"it-IT","@id":"https:\/\/www.organisator.ch\/#\/schema\/logo\/image\/","url":"https:\/\/www.organisator.ch\/wp-content\/uploads\/2022\/01\/Logo_Organisator_Website.png","contentUrl":"https:\/\/www.organisator.ch\/wp-content\/uploads\/2022\/01\/Logo_Organisator_Website.png","width":800,"height":77,"caption":"Organisator"},"image":{"@id":"https:\/\/www.organisator.ch\/#\/schema\/logo\/image\/"},"sameAs":["https:\/\/www.facebook.com\/OrganisatorFachmagazin","https:\/\/www.linkedin.com\/showcase\/organisator-das-magazin-fr-kmu","https:\/\/www.xing.com\/news\/pages\/organisator-ch-695","https:\/\/www.youtube.com\/channel\/UCGP2Sq0iWaZwT3BdIAQFYpw"]},{"@type":"Person","@id":"https:\/\/www.organisator.ch\/#\/schema\/person\/6f650f90b2842cd4c0cc334b4e36f67e","name":"Tommaso.berner","image":{"@type":"ImageObject","inLanguage":"it-IT","@id":"https:\/\/secure.gravatar.com\/avatar\/ac5001d2a36cb6c6cd3e50789007ffca834b477b74a2144564522e944eabff61?s=96&d=mm&r=g","url":"https:\/\/secure.gravatar.com\/avatar\/ac5001d2a36cb6c6cd3e50789007ffca834b477b74a2144564522e944eabff61?s=96&d=mm&r=g","contentUrl":"https:\/\/secure.gravatar.com\/avatar\/ac5001d2a36cb6c6cd3e50789007ffca834b477b74a2144564522e944eabff61?s=96&d=mm&r=g","caption":"thomas.berner"},"url":"https:\/\/www.organisator.ch\/it\/author\/thomas-berner\/"}]}},"_links":{"self":[{"href":"https:\/\/www.organisator.ch\/it\/wp-json\/wp\/v2\/posts\/16773","targetHints":{"allow":["GET"]}}],"collection":[{"href":"https:\/\/www.organisator.ch\/it\/wp-json\/wp\/v2\/posts"}],"about":[{"href":"https:\/\/www.organisator.ch\/it\/wp-json\/wp\/v2\/types\/post"}],"author":[{"embeddable":true,"href":"https:\/\/www.organisator.ch\/it\/wp-json\/wp\/v2\/users\/4"}],"replies":[{"embeddable":true,"href":"https:\/\/www.organisator.ch\/it\/wp-json\/wp\/v2\/comments?post=16773"}],"version-history":[{"count":4,"href":"https:\/\/www.organisator.ch\/it\/wp-json\/wp\/v2\/posts\/16773\/revisions"}],"predecessor-version":[{"id":16797,"href":"https:\/\/www.organisator.ch\/it\/wp-json\/wp\/v2\/posts\/16773\/revisions\/16797"}],"wp:featuredmedia":[{"embeddable":true,"href":"https:\/\/www.organisator.ch\/it\/wp-json\/wp\/v2\/media\/16778"}],"wp:attachment":[{"href":"https:\/\/www.organisator.ch\/it\/wp-json\/wp\/v2\/media?parent=16773"}],"wp:term":[{"taxonomy":"category","embeddable":true,"href":"https:\/\/www.organisator.ch\/it\/wp-json\/wp\/v2\/categories?post=16773"},{"taxonomy":"post_tag","embeddable":true,"href":"https:\/\/www.organisator.ch\/it\/wp-json\/wp\/v2\/tags?post=16773"}],"curies":[{"name":"wp","href":"https:\/\/api.w.org\/{rel}","templated":true}]}}