{"id":16790,"date":"2022-09-02T10:24:12","date_gmt":"2022-09-02T08:24:12","guid":{"rendered":"https:\/\/www.organisator.ch\/?p=16790"},"modified":"2022-09-02T10:24:12","modified_gmt":"2022-09-02T08:24:12","slug":"insieme-contro-i-rifiuti-elettrici-riservati-e-salutati-partecipazione-conosciuta","status":"publish","type":"post","link":"https:\/\/www.organisator.ch\/it\/sustainability\/2022-09-02\/gemeinsam-gegen-elektroschrott-revendo-und-salt-geben-partnerschaft-bekannt\/","title":{"rendered":"Insieme contro i rifiuti elettronici: Revendo e Salt annunciano una partnership"},"content":{"rendered":"<figure id=\"attachment_16794\" aria-describedby=\"caption-attachment-16794\" style=\"width: 680px\" class=\"wp-caption alignnone\"><img loading=\"lazy\" decoding=\"async\" class=\"size-full wp-image-16794\" src=\"https:\/\/www.organisator.ch\/wp-content\/uploads\/2022\/09\/Gemeinsam-gegen-Elektroschrott-Revendo-und-Salt-geben-Partnerschaft-bekannt_Organisator.jpg\" alt=\"\" width=\"680\" height=\"453\" srcset=\"https:\/\/www.organisator.ch\/wp-content\/uploads\/2022\/09\/Gemeinsam-gegen-Elektroschrott-Revendo-und-Salt-geben-Partnerschaft-bekannt_Organisator.jpg 680w, https:\/\/www.organisator.ch\/wp-content\/uploads\/2022\/09\/Gemeinsam-gegen-Elektroschrott-Revendo-und-Salt-geben-Partnerschaft-bekannt_Organisator-18x12.jpg 18w, https:\/\/www.organisator.ch\/wp-content\/uploads\/2022\/09\/Gemeinsam-gegen-Elektroschrott-Revendo-und-Salt-geben-Partnerschaft-bekannt_Organisator-263x175.jpg 263w, https:\/\/www.organisator.ch\/wp-content\/uploads\/2022\/09\/Gemeinsam-gegen-Elektroschrott-Revendo-und-Salt-geben-Partnerschaft-bekannt_Organisator-525x350.jpg 525w, https:\/\/www.organisator.ch\/wp-content\/uploads\/2022\/09\/Gemeinsam-gegen-Elektroschrott-Revendo-und-Salt-geben-Partnerschaft-bekannt_Organisator-300x200.jpg 300w\" sizes=\"auto, (max-width: 680px) 100vw, 680px\" \/><figcaption id=\"caption-attachment-16794\" class=\"wp-caption-text\">Gli smartphone non pi\u00f9 utilizzati vengono riacquistati da Revendo e resi nuovamente funzionanti, dando loro una seconda vita e riducendo i rifiuti elettronici. (Immagine: Depositphotos.com)<\/figcaption><\/figure>\n<p>Tutto \u00e8 iniziato in un tavolo semi-affittato al primo piano di un caff\u00e8 di Basilea: la start-up Revendo \u00e8 stata fondata nel 2013 da due amici per combattere i rifiuti elettronici - un problema sempre pi\u00f9 diffuso: sempre pi\u00f9 smartphone e computer finiscono nella spazzatura, anche se potrebbero ancora essere utilizzati. Per contrastare questo fenomeno, Revendo ha iniziato ad acquistare dispositivi usati, ripararli o aggiornarli e poi rivenderli a basso prezzo. Il concetto ha avuto successo: un anno dopo il negozio online, \u00e8 stata aperta la prima filiale. Oggi Revendo conta gi\u00e0 10 filiali e pi\u00f9 di 145 dipendenti. E alla fine del 2021, l'azienda si \u00e8 aggiudicata la <a href=\"https:\/\/www.organisator.ch\/de\/allgemein\/2021-11-26\/prix-svc-nordschweiz-2021-zwei-junge-unternehmer-ganz-gross\/\">Prix SVC Nordschweiz, un prestigioso premio imprenditoriale.<\/a>.<\/p>\n<h3>I clienti Salt ne beneficiano pi\u00f9 volte<\/h3>\n<p>Ora Revendo ha trovato un nuovo partner nel fornitore di servizi di telecomunicazione Salt: Insieme, le due aziende combattono i rifiuti elettronici e promuovono l'economia circolare sostenibile. Grazie alla partnership con Revendo, Salt pu\u00f2 ora semplificare il riacquisto dei dispositivi usati: In una filiale Salt, i clienti possono far valutare il proprio smartphone direttamente in loco. In questo modo, beneficiano di una garanzia di prezzo: l'importo stimato in filiale \u00e8 garantito al cliente da Revendo. In alternativa, i clienti possono anche far valutare il proprio dispositivo comodamente online e poi inviarlo per la vendita. Inoltre, beneficiano di un eco-bonus: Per ogni dispositivo venduto presso Salt, i clienti ricevono un eco-bonus aggiuntivo di 15 franchi. Vendendo i loro vecchi dispositivi, contribuiscono a preservare le risorse del nostro pianeta. I dispositivi usati vengono riciclati da Revendo<br \/>\nricondizionati e poi venduti a nuovi proprietari. In questo modo, la vita utile dei dispositivi pu\u00f2 essere estesa in modo massiccio.<\/p>\n<h3>Due partner forti per ridurre i rifiuti elettronici<\/h3>\n<p>Come spiega Aurel Greiner, CEO di Revendo: \"Siamo convinti che le nostre due aziende si completino a vicenda in modo ideale in questa partnership. Revendo ha nove filiali e 145 dipendenti. Questo fa di Revendo il pi\u00f9 grande fornitore di dispositivi ricondizionati in Svizzera e si adatta perfettamente a un partner forte come Salt, uno dei maggiori fornitori di telecomunicazioni in Svizzera.\" Grazie alle competenze dei due partner nelle rispettive attivit\u00e0 principali, la collaborazione ha il potenziale per essere l'inizio di una tendenza a lungo termine verso la riduzione dei rifiuti elettronici in Svizzera, sono convinte le due aziende. Secondo le stime, attualmente nelle case svizzere ci sono pi\u00f9 di un milione di dispositivi inutilizzati. Solo circa 20% dei rifiuti elettronici prodotti nel mondo vengono riciclati. \"Se tutti noi ci concentriamo costantemente sull'upcycling e sul riutilizzo, possiamo cambiare questa situazione. Ecco perch\u00e9 siamo molto motivati a sfruttare questa partnership per far s\u00ec che meno smartphone usati prendano polvere nei cassetti svizzeri. Dopotutto, sarebbe molto meglio se questi dispositivi trovassero nuovi proprietari e dessero loro molto piacere per molto tempo a venire\", afferma Aurel Greiner.<\/p>\n<p><em>Fonte e ulteriori informazioni: <a href=\"http:\/\/www.revendo.ch\">Revendo<\/a> \/ <a href=\"https:\/\/fiber.salt.ch\/de\/home\">Sale<\/a><\/em><\/p>","protected":false},"excerpt":{"rendered":"<p>Alles begann an einer Tischh\u00e4lfte, eingemietet im ersten Stock eines Kaffeehauses in Basel: Das Start-up Revendo wurde 2013 von zwei Freunden gegr\u00fcndet, um gegen den Elektroschrott anzuk\u00e4mpfen &#8211; einem wachsenden Problem: Immer mehr Smartphones und Computer landen auf dem M\u00fcll, obwohl sie noch weiter genutzt werden k\u00f6nnten. Um dem entgegenzuwirken, fing man bei Revendo an, [&hellip;]<\/p>\n","protected":false},"author":4,"featured_media":16794,"comment_status":"closed","ping_status":"closed","sticky":false,"template":"","format":"standard","meta":{"_acf_changed":false,"_yoast_wpseo_focuskw":"Elektroschrott","_yoast_wpseo_metadesc":"In der Schweiz fallen jedes Jahr mehr als 23 kg Elektroschrott pro Kopf an. Revendo und Salt k\u00e4mpfen gemeinsam dagegen an.","articlekey":"","footnotes":""},"categories":[580],"tags":[1041,286,594,492],"class_list":["post-16790","post","type-post","status-publish","format-standard","has-post-thumbnail","hentry","category-sustainability","tag-elektroschrott","tag-it","tag-kreislaufwirtschaft","tag-unternehmen"],"acf":[],"yoast_head":"<!-- This site is optimized with the Yoast SEO plugin v27.5 - https:\/\/yoast.com\/product\/yoast-seo-wordpress\/ -->\n<title>Gemeinsam gegen Elektroschrott: Revendo und Salt geben Partnerschaft bekannt - Organisator<\/title>\n<meta name=\"description\" content=\"In der Schweiz fallen jedes Jahr mehr als 23 kg Elektroschrott pro Kopf an. Revendo und Salt k\u00e4mpfen gemeinsam dagegen an.\" \/>\n<meta name=\"robots\" content=\"index, follow, max-snippet:-1, max-image-preview:large, max-video-preview:-1\" \/>\n<link rel=\"canonical\" href=\"https:\/\/www.organisator.ch\/it\/sostenibilita\/2022-09-02\/insieme-contro-i-rifiuti-elettrici-riservati-e-salutati-partecipazione-conosciuta\/\" \/>\n<meta property=\"og:locale\" content=\"it_IT\" \/>\n<meta property=\"og:type\" content=\"article\" \/>\n<meta property=\"og:title\" content=\"Gemeinsam gegen Elektroschrott: Revendo und Salt geben Partnerschaft bekannt\" \/>\n<meta property=\"og:description\" content=\"In der Schweiz fallen jedes Jahr mehr als 23 kg Elektroschrott pro Kopf an. Revendo und Salt k\u00e4mpfen gemeinsam dagegen an.\" \/>\n<meta property=\"og:url\" content=\"https:\/\/www.organisator.ch\/it\/sostenibilita\/2022-09-02\/insieme-contro-i-rifiuti-elettrici-riservati-e-salutati-partecipazione-conosciuta\/\" \/>\n<meta property=\"og:site_name\" content=\"Organisator\" \/>\n<meta property=\"article:publisher\" content=\"https:\/\/www.facebook.com\/OrganisatorFachmagazin\" \/>\n<meta property=\"article:published_time\" content=\"2022-09-02T08:24:12+00:00\" \/>\n<meta property=\"og:image\" content=\"https:\/\/www.organisator.ch\/wp-content\/uploads\/2022\/09\/Gemeinsam-gegen-Elektroschrott-Revendo-und-Salt-geben-Partnerschaft-bekannt_Organisator.jpg\" \/>\n\t<meta property=\"og:image:width\" content=\"680\" \/>\n\t<meta property=\"og:image:height\" content=\"453\" \/>\n\t<meta property=\"og:image:type\" content=\"image\/jpeg\" \/>\n<meta name=\"author\" content=\"thomas.berner\" \/>\n<meta name=\"twitter:card\" content=\"summary_large_image\" \/>\n<meta name=\"twitter:title\" content=\"Gemeinsam gegen #Elektroschrott: #Revendo und #Salt geben Partnerschaft bekannt\" \/>\n<meta name=\"twitter:description\" content=\"In der Schweiz fallen jedes Jahr mehr als 23 kg #Elektroschrott pro Kopf an. #Revendo und #Salt k\u00e4mpfen gemeinsam dagegen an.\" \/>\n<meta name=\"twitter:image\" content=\"https:\/\/www.organisator.ch\/wp-content\/uploads\/2022\/09\/Gemeinsam-gegen-Elektroschrott-Revendo-und-Salt-geben-Partnerschaft-bekannt_Organisator.jpg\" \/>\n<script type=\"application\/ld+json\" class=\"yoast-schema-graph\">{\"@context\":\"https:\\\/\\\/schema.org\",\"@graph\":[{\"@type\":\"Article\",\"@id\":\"https:\\\/\\\/www.organisator.ch\\\/sustainability\\\/2022-09-02\\\/gemeinsam-gegen-elektroschrott-revendo-und-salt-geben-partnerschaft-bekannt\\\/#article\",\"isPartOf\":{\"@id\":\"https:\\\/\\\/www.organisator.ch\\\/sustainability\\\/2022-09-02\\\/gemeinsam-gegen-elektroschrott-revendo-und-salt-geben-partnerschaft-bekannt\\\/\"},\"author\":{\"name\":\"thomas.berner\",\"@id\":\"https:\\\/\\\/www.organisator.ch\\\/#\\\/schema\\\/person\\\/6f650f90b2842cd4c0cc334b4e36f67e\"},\"headline\":\"Gemeinsam gegen Elektroschrott: Revendo und Salt geben Partnerschaft bekannt\",\"datePublished\":\"2022-09-02T08:24:12+00:00\",\"mainEntityOfPage\":{\"@id\":\"https:\\\/\\\/www.organisator.ch\\\/sustainability\\\/2022-09-02\\\/gemeinsam-gegen-elektroschrott-revendo-und-salt-geben-partnerschaft-bekannt\\\/\"},\"wordCount\":523,\"publisher\":{\"@id\":\"https:\\\/\\\/www.organisator.ch\\\/#organization\"},\"image\":{\"@id\":\"https:\\\/\\\/www.organisator.ch\\\/sustainability\\\/2022-09-02\\\/gemeinsam-gegen-elektroschrott-revendo-und-salt-geben-partnerschaft-bekannt\\\/#primaryimage\"},\"thumbnailUrl\":\"https:\\\/\\\/www.organisator.ch\\\/wp-content\\\/uploads\\\/2022\\\/09\\\/Gemeinsam-gegen-Elektroschrott-Revendo-und-Salt-geben-Partnerschaft-bekannt_Organisator.jpg\",\"keywords\":[\"Elektroschrott\",\"IT\",\"Kreislaufwirtschaft\",\"Unternehmen\"],\"articleSection\":[\"SUSTAINABILITY\"],\"inLanguage\":\"it-IT\"},{\"@type\":\"WebPage\",\"@id\":\"https:\\\/\\\/www.organisator.ch\\\/sustainability\\\/2022-09-02\\\/gemeinsam-gegen-elektroschrott-revendo-und-salt-geben-partnerschaft-bekannt\\\/\",\"url\":\"https:\\\/\\\/www.organisator.ch\\\/sustainability\\\/2022-09-02\\\/gemeinsam-gegen-elektroschrott-revendo-und-salt-geben-partnerschaft-bekannt\\\/\",\"name\":\"Gemeinsam gegen Elektroschrott: Revendo und Salt geben Partnerschaft bekannt - Organisator\",\"isPartOf\":{\"@id\":\"https:\\\/\\\/www.organisator.ch\\\/#website\"},\"primaryImageOfPage\":{\"@id\":\"https:\\\/\\\/www.organisator.ch\\\/sustainability\\\/2022-09-02\\\/gemeinsam-gegen-elektroschrott-revendo-und-salt-geben-partnerschaft-bekannt\\\/#primaryimage\"},\"image\":{\"@id\":\"https:\\\/\\\/www.organisator.ch\\\/sustainability\\\/2022-09-02\\\/gemeinsam-gegen-elektroschrott-revendo-und-salt-geben-partnerschaft-bekannt\\\/#primaryimage\"},\"thumbnailUrl\":\"https:\\\/\\\/www.organisator.ch\\\/wp-content\\\/uploads\\\/2022\\\/09\\\/Gemeinsam-gegen-Elektroschrott-Revendo-und-Salt-geben-Partnerschaft-bekannt_Organisator.jpg\",\"datePublished\":\"2022-09-02T08:24:12+00:00\",\"description\":\"In der Schweiz fallen jedes Jahr mehr als 23 kg Elektroschrott pro Kopf an. Revendo und Salt k\u00e4mpfen gemeinsam dagegen an.\",\"breadcrumb\":{\"@id\":\"https:\\\/\\\/www.organisator.ch\\\/sustainability\\\/2022-09-02\\\/gemeinsam-gegen-elektroschrott-revendo-und-salt-geben-partnerschaft-bekannt\\\/#breadcrumb\"},\"inLanguage\":\"it-IT\",\"potentialAction\":[{\"@type\":\"ReadAction\",\"target\":[\"https:\\\/\\\/www.organisator.ch\\\/sustainability\\\/2022-09-02\\\/gemeinsam-gegen-elektroschrott-revendo-und-salt-geben-partnerschaft-bekannt\\\/\"]}]},{\"@type\":\"ImageObject\",\"inLanguage\":\"it-IT\",\"@id\":\"https:\\\/\\\/www.organisator.ch\\\/sustainability\\\/2022-09-02\\\/gemeinsam-gegen-elektroschrott-revendo-und-salt-geben-partnerschaft-bekannt\\\/#primaryimage\",\"url\":\"https:\\\/\\\/www.organisator.ch\\\/wp-content\\\/uploads\\\/2022\\\/09\\\/Gemeinsam-gegen-Elektroschrott-Revendo-und-Salt-geben-Partnerschaft-bekannt_Organisator.jpg\",\"contentUrl\":\"https:\\\/\\\/www.organisator.ch\\\/wp-content\\\/uploads\\\/2022\\\/09\\\/Gemeinsam-gegen-Elektroschrott-Revendo-und-Salt-geben-Partnerschaft-bekannt_Organisator.jpg\",\"width\":680,\"height\":453,\"caption\":\"Nicht mehr gebrauchte Smartphones werden von Revendo zur\u00fcckgekauft, wieder funktionsf\u00e4hig gemacht und erhalten somit ein zweites Leben. (Bild: Depositphotos.com)\"},{\"@type\":\"BreadcrumbList\",\"@id\":\"https:\\\/\\\/www.organisator.ch\\\/sustainability\\\/2022-09-02\\\/gemeinsam-gegen-elektroschrott-revendo-und-salt-geben-partnerschaft-bekannt\\\/#breadcrumb\",\"itemListElement\":[{\"@type\":\"ListItem\",\"position\":1,\"name\":\"Home\",\"item\":\"https:\\\/\\\/www.organisator.ch\\\/\"},{\"@type\":\"ListItem\",\"position\":2,\"name\":\"Gemeinsam gegen Elektroschrott: Revendo und Salt geben Partnerschaft bekannt\"}]},{\"@type\":\"WebSite\",\"@id\":\"https:\\\/\\\/www.organisator.ch\\\/#website\",\"url\":\"https:\\\/\\\/www.organisator.ch\\\/\",\"name\":\"Organisator\",\"description\":\"Kompetent. Praxisnah. Der ORGANISATOR bereitet in 10 Ausgaben pro Jahr die wesentlichen Themen f\u00fcr F\u00fchrungskr\u00e4fte von KMU auf.\",\"publisher\":{\"@id\":\"https:\\\/\\\/www.organisator.ch\\\/#organization\"},\"potentialAction\":[{\"@type\":\"SearchAction\",\"target\":{\"@type\":\"EntryPoint\",\"urlTemplate\":\"https:\\\/\\\/www.organisator.ch\\\/?s={search_term_string}\"},\"query-input\":{\"@type\":\"PropertyValueSpecification\",\"valueRequired\":true,\"valueName\":\"search_term_string\"}}],\"inLanguage\":\"it-IT\"},{\"@type\":\"Organization\",\"@id\":\"https:\\\/\\\/www.organisator.ch\\\/#organization\",\"name\":\"Organisator\",\"url\":\"https:\\\/\\\/www.organisator.ch\\\/\",\"logo\":{\"@type\":\"ImageObject\",\"inLanguage\":\"it-IT\",\"@id\":\"https:\\\/\\\/www.organisator.ch\\\/#\\\/schema\\\/logo\\\/image\\\/\",\"url\":\"https:\\\/\\\/www.organisator.ch\\\/wp-content\\\/uploads\\\/2022\\\/01\\\/Logo_Organisator_Website.png\",\"contentUrl\":\"https:\\\/\\\/www.organisator.ch\\\/wp-content\\\/uploads\\\/2022\\\/01\\\/Logo_Organisator_Website.png\",\"width\":800,\"height\":77,\"caption\":\"Organisator\"},\"image\":{\"@id\":\"https:\\\/\\\/www.organisator.ch\\\/#\\\/schema\\\/logo\\\/image\\\/\"},\"sameAs\":[\"https:\\\/\\\/www.facebook.com\\\/OrganisatorFachmagazin\",\"https:\\\/\\\/www.linkedin.com\\\/showcase\\\/organisator-das-magazin-fr-kmu\",\"https:\\\/\\\/www.xing.com\\\/news\\\/pages\\\/organisator-ch-695\",\"https:\\\/\\\/www.youtube.com\\\/channel\\\/UCGP2Sq0iWaZwT3BdIAQFYpw\"]},{\"@type\":\"Person\",\"@id\":\"https:\\\/\\\/www.organisator.ch\\\/#\\\/schema\\\/person\\\/6f650f90b2842cd4c0cc334b4e36f67e\",\"name\":\"thomas.berner\",\"image\":{\"@type\":\"ImageObject\",\"inLanguage\":\"it-IT\",\"@id\":\"https:\\\/\\\/secure.gravatar.com\\\/avatar\\\/ac5001d2a36cb6c6cd3e50789007ffca834b477b74a2144564522e944eabff61?s=96&d=mm&r=g\",\"url\":\"https:\\\/\\\/secure.gravatar.com\\\/avatar\\\/ac5001d2a36cb6c6cd3e50789007ffca834b477b74a2144564522e944eabff61?s=96&d=mm&r=g\",\"contentUrl\":\"https:\\\/\\\/secure.gravatar.com\\\/avatar\\\/ac5001d2a36cb6c6cd3e50789007ffca834b477b74a2144564522e944eabff61?s=96&d=mm&r=g\",\"caption\":\"thomas.berner\"},\"url\":\"https:\\\/\\\/www.organisator.ch\\\/it\\\/author\\\/thomas-berner\\\/\"}]}<\/script>\n<!-- \/ Yoast SEO plugin. -->","yoast_head_json":{"title":"Insieme contro i rifiuti elettronici: Revendo e Salt annunciano una partnership - Organizzatore","description":"In Svizzera, ogni anno vengono prodotti pi\u00f9 di 23 kg di rifiuti elettronici pro capite. Revendo e Salt stanno combattendo insieme contro questo problema.","robots":{"index":"index","follow":"follow","max-snippet":"max-snippet:-1","max-image-preview":"max-image-preview:large","max-video-preview":"max-video-preview:-1"},"canonical":"https:\/\/www.organisator.ch\/it\/sostenibilita\/2022-09-02\/insieme-contro-i-rifiuti-elettrici-riservati-e-salutati-partecipazione-conosciuta\/","og_locale":"it_IT","og_type":"article","og_title":"Gemeinsam gegen Elektroschrott: Revendo und Salt geben Partnerschaft bekannt","og_description":"In der Schweiz fallen jedes Jahr mehr als 23 kg Elektroschrott pro Kopf an. Revendo und Salt k\u00e4mpfen gemeinsam dagegen an.","og_url":"https:\/\/www.organisator.ch\/it\/sostenibilita\/2022-09-02\/insieme-contro-i-rifiuti-elettrici-riservati-e-salutati-partecipazione-conosciuta\/","og_site_name":"Organisator","article_publisher":"https:\/\/www.facebook.com\/OrganisatorFachmagazin","article_published_time":"2022-09-02T08:24:12+00:00","og_image":[{"width":680,"height":453,"url":"https:\/\/www.organisator.ch\/wp-content\/uploads\/2022\/09\/Gemeinsam-gegen-Elektroschrott-Revendo-und-Salt-geben-Partnerschaft-bekannt_Organisator.jpg","type":"image\/jpeg"}],"author":"thomas.berner","twitter_card":"summary_large_image","twitter_title":"Gemeinsam gegen #Elektroschrott: #Revendo und #Salt geben Partnerschaft bekannt","twitter_description":"In der Schweiz fallen jedes Jahr mehr als 23 kg #Elektroschrott pro Kopf an. #Revendo und #Salt k\u00e4mpfen gemeinsam dagegen an.","twitter_image":"https:\/\/www.organisator.ch\/wp-content\/uploads\/2022\/09\/Gemeinsam-gegen-Elektroschrott-Revendo-und-Salt-geben-Partnerschaft-bekannt_Organisator.jpg","schema":{"@context":"https:\/\/schema.org","@graph":[{"@type":"Article","@id":"https:\/\/www.organisator.ch\/sustainability\/2022-09-02\/gemeinsam-gegen-elektroschrott-revendo-und-salt-geben-partnerschaft-bekannt\/#article","isPartOf":{"@id":"https:\/\/www.organisator.ch\/sustainability\/2022-09-02\/gemeinsam-gegen-elektroschrott-revendo-und-salt-geben-partnerschaft-bekannt\/"},"author":{"name":"thomas.berner","@id":"https:\/\/www.organisator.ch\/#\/schema\/person\/6f650f90b2842cd4c0cc334b4e36f67e"},"headline":"Gemeinsam gegen Elektroschrott: Revendo und Salt geben Partnerschaft bekannt","datePublished":"2022-09-02T08:24:12+00:00","mainEntityOfPage":{"@id":"https:\/\/www.organisator.ch\/sustainability\/2022-09-02\/gemeinsam-gegen-elektroschrott-revendo-und-salt-geben-partnerschaft-bekannt\/"},"wordCount":523,"publisher":{"@id":"https:\/\/www.organisator.ch\/#organization"},"image":{"@id":"https:\/\/www.organisator.ch\/sustainability\/2022-09-02\/gemeinsam-gegen-elektroschrott-revendo-und-salt-geben-partnerschaft-bekannt\/#primaryimage"},"thumbnailUrl":"https:\/\/www.organisator.ch\/wp-content\/uploads\/2022\/09\/Gemeinsam-gegen-Elektroschrott-Revendo-und-Salt-geben-Partnerschaft-bekannt_Organisator.jpg","keywords":["Elektroschrott","IT","Kreislaufwirtschaft","Unternehmen"],"articleSection":["SUSTAINABILITY"],"inLanguage":"it-IT"},{"@type":"WebPage","@id":"https:\/\/www.organisator.ch\/sustainability\/2022-09-02\/gemeinsam-gegen-elektroschrott-revendo-und-salt-geben-partnerschaft-bekannt\/","url":"https:\/\/www.organisator.ch\/sustainability\/2022-09-02\/gemeinsam-gegen-elektroschrott-revendo-und-salt-geben-partnerschaft-bekannt\/","name":"Insieme contro i rifiuti elettronici: Revendo e Salt annunciano una partnership - Organizzatore","isPartOf":{"@id":"https:\/\/www.organisator.ch\/#website"},"primaryImageOfPage":{"@id":"https:\/\/www.organisator.ch\/sustainability\/2022-09-02\/gemeinsam-gegen-elektroschrott-revendo-und-salt-geben-partnerschaft-bekannt\/#primaryimage"},"image":{"@id":"https:\/\/www.organisator.ch\/sustainability\/2022-09-02\/gemeinsam-gegen-elektroschrott-revendo-und-salt-geben-partnerschaft-bekannt\/#primaryimage"},"thumbnailUrl":"https:\/\/www.organisator.ch\/wp-content\/uploads\/2022\/09\/Gemeinsam-gegen-Elektroschrott-Revendo-und-Salt-geben-Partnerschaft-bekannt_Organisator.jpg","datePublished":"2022-09-02T08:24:12+00:00","description":"In Svizzera, ogni anno vengono prodotti pi\u00f9 di 23 kg di rifiuti elettronici pro capite. Revendo e Salt stanno combattendo insieme contro questo problema.","breadcrumb":{"@id":"https:\/\/www.organisator.ch\/sustainability\/2022-09-02\/gemeinsam-gegen-elektroschrott-revendo-und-salt-geben-partnerschaft-bekannt\/#breadcrumb"},"inLanguage":"it-IT","potentialAction":[{"@type":"ReadAction","target":["https:\/\/www.organisator.ch\/sustainability\/2022-09-02\/gemeinsam-gegen-elektroschrott-revendo-und-salt-geben-partnerschaft-bekannt\/"]}]},{"@type":"ImageObject","inLanguage":"it-IT","@id":"https:\/\/www.organisator.ch\/sustainability\/2022-09-02\/gemeinsam-gegen-elektroschrott-revendo-und-salt-geben-partnerschaft-bekannt\/#primaryimage","url":"https:\/\/www.organisator.ch\/wp-content\/uploads\/2022\/09\/Gemeinsam-gegen-Elektroschrott-Revendo-und-Salt-geben-Partnerschaft-bekannt_Organisator.jpg","contentUrl":"https:\/\/www.organisator.ch\/wp-content\/uploads\/2022\/09\/Gemeinsam-gegen-Elektroschrott-Revendo-und-Salt-geben-Partnerschaft-bekannt_Organisator.jpg","width":680,"height":453,"caption":"Nicht mehr gebrauchte Smartphones werden von Revendo zur\u00fcckgekauft, wieder funktionsf\u00e4hig gemacht und erhalten somit ein zweites Leben. (Bild: Depositphotos.com)"},{"@type":"BreadcrumbList","@id":"https:\/\/www.organisator.ch\/sustainability\/2022-09-02\/gemeinsam-gegen-elektroschrott-revendo-und-salt-geben-partnerschaft-bekannt\/#breadcrumb","itemListElement":[{"@type":"ListItem","position":1,"name":"Home","item":"https:\/\/www.organisator.ch\/"},{"@type":"ListItem","position":2,"name":"Gemeinsam gegen Elektroschrott: Revendo und Salt geben Partnerschaft bekannt"}]},{"@type":"WebSite","@id":"https:\/\/www.organisator.ch\/#website","url":"https:\/\/www.organisator.ch\/","name":"Organizzatore","description":"Competente. Pratico. In 10 numeri all'anno, ORGANISATOR presenta i temi essenziali per i manager delle PMI.","publisher":{"@id":"https:\/\/www.organisator.ch\/#organization"},"potentialAction":[{"@type":"SearchAction","target":{"@type":"EntryPoint","urlTemplate":"https:\/\/www.organisator.ch\/?s={search_term_string}"},"query-input":{"@type":"PropertyValueSpecification","valueRequired":true,"valueName":"search_term_string"}}],"inLanguage":"it-IT"},{"@type":"Organization","@id":"https:\/\/www.organisator.ch\/#organization","name":"Organizzatore","url":"https:\/\/www.organisator.ch\/","logo":{"@type":"ImageObject","inLanguage":"it-IT","@id":"https:\/\/www.organisator.ch\/#\/schema\/logo\/image\/","url":"https:\/\/www.organisator.ch\/wp-content\/uploads\/2022\/01\/Logo_Organisator_Website.png","contentUrl":"https:\/\/www.organisator.ch\/wp-content\/uploads\/2022\/01\/Logo_Organisator_Website.png","width":800,"height":77,"caption":"Organisator"},"image":{"@id":"https:\/\/www.organisator.ch\/#\/schema\/logo\/image\/"},"sameAs":["https:\/\/www.facebook.com\/OrganisatorFachmagazin","https:\/\/www.linkedin.com\/showcase\/organisator-das-magazin-fr-kmu","https:\/\/www.xing.com\/news\/pages\/organisator-ch-695","https:\/\/www.youtube.com\/channel\/UCGP2Sq0iWaZwT3BdIAQFYpw"]},{"@type":"Person","@id":"https:\/\/www.organisator.ch\/#\/schema\/person\/6f650f90b2842cd4c0cc334b4e36f67e","name":"Tommaso.berner","image":{"@type":"ImageObject","inLanguage":"it-IT","@id":"https:\/\/secure.gravatar.com\/avatar\/ac5001d2a36cb6c6cd3e50789007ffca834b477b74a2144564522e944eabff61?s=96&d=mm&r=g","url":"https:\/\/secure.gravatar.com\/avatar\/ac5001d2a36cb6c6cd3e50789007ffca834b477b74a2144564522e944eabff61?s=96&d=mm&r=g","contentUrl":"https:\/\/secure.gravatar.com\/avatar\/ac5001d2a36cb6c6cd3e50789007ffca834b477b74a2144564522e944eabff61?s=96&d=mm&r=g","caption":"thomas.berner"},"url":"https:\/\/www.organisator.ch\/it\/author\/thomas-berner\/"}]}},"_links":{"self":[{"href":"https:\/\/www.organisator.ch\/it\/wp-json\/wp\/v2\/posts\/16790","targetHints":{"allow":["GET"]}}],"collection":[{"href":"https:\/\/www.organisator.ch\/it\/wp-json\/wp\/v2\/posts"}],"about":[{"href":"https:\/\/www.organisator.ch\/it\/wp-json\/wp\/v2\/types\/post"}],"author":[{"embeddable":true,"href":"https:\/\/www.organisator.ch\/it\/wp-json\/wp\/v2\/users\/4"}],"replies":[{"embeddable":true,"href":"https:\/\/www.organisator.ch\/it\/wp-json\/wp\/v2\/comments?post=16790"}],"version-history":[{"count":3,"href":"https:\/\/www.organisator.ch\/it\/wp-json\/wp\/v2\/posts\/16790\/revisions"}],"predecessor-version":[{"id":16802,"href":"https:\/\/www.organisator.ch\/it\/wp-json\/wp\/v2\/posts\/16790\/revisions\/16802"}],"wp:featuredmedia":[{"embeddable":true,"href":"https:\/\/www.organisator.ch\/it\/wp-json\/wp\/v2\/media\/16794"}],"wp:attachment":[{"href":"https:\/\/www.organisator.ch\/it\/wp-json\/wp\/v2\/media?parent=16790"}],"wp:term":[{"taxonomy":"category","embeddable":true,"href":"https:\/\/www.organisator.ch\/it\/wp-json\/wp\/v2\/categories?post=16790"},{"taxonomy":"post_tag","embeddable":true,"href":"https:\/\/www.organisator.ch\/it\/wp-json\/wp\/v2\/tags?post=16790"}],"curies":[{"name":"wp","href":"https:\/\/api.w.org\/{rel}","templated":true}]}}