{"id":1680,"date":"2017-03-28T08:09:50","date_gmt":"2017-03-28T06:09:50","guid":{"rendered":"https:\/\/www.organisator.ch\/?p=1680"},"modified":"2017-03-28T08:09:50","modified_gmt":"2017-03-28T06:09:50","slug":"kmu-swiss-forum-fordert-mut-zu-veraenderungen","status":"publish","type":"post","link":"https:\/\/www.organisator.ch\/it\/allgemein\/2017-03-28\/kmu-swiss-forum-fordert-mut-zu-veraenderungen\/","title":{"rendered":"Il Forum svizzero della KMU chiede il coraggio di cambiare"},"content":{"rendered":"<figure id=\"attachment_1681\" aria-describedby=\"caption-attachment-1681\" style=\"width: 640px\" class=\"wp-caption alignnone\"><img loading=\"lazy\" decoding=\"async\" class=\"size-full wp-image-1681\" src=\"https:\/\/www.organisator.ch\/wp-content\/uploads\/2017\/03\/KMU-Swiss-Forum-fordert-Mut-zu-Veraenderungen-1_Organisator.jpg\" alt=\"\" width=\"640\" height=\"427\" srcset=\"https:\/\/www.organisator.ch\/wp-content\/uploads\/2017\/03\/KMU-Swiss-Forum-fordert-Mut-zu-Veraenderungen-1_Organisator.jpg 640w, https:\/\/www.organisator.ch\/wp-content\/uploads\/2017\/03\/KMU-Swiss-Forum-fordert-Mut-zu-Veraenderungen-1_Organisator-16x12.jpg 16w, https:\/\/www.organisator.ch\/wp-content\/uploads\/2017\/03\/KMU-Swiss-Forum-fordert-Mut-zu-Veraenderungen-1_Organisator-262x175.jpg 262w, https:\/\/www.organisator.ch\/wp-content\/uploads\/2017\/03\/KMU-Swiss-Forum-fordert-Mut-zu-Veraenderungen-1_Organisator-525x350.jpg 525w, https:\/\/www.organisator.ch\/wp-content\/uploads\/2017\/03\/KMU-Swiss-Forum-fordert-Mut-zu-Veraenderungen-1_Organisator-300x200.jpg 300w\" sizes=\"auto, (max-width: 640px) 100vw, 640px\" \/><figcaption id=\"caption-attachment-1681\" class=\"wp-caption-text\">Ospiti di buon umore al 15\u00b0 Forum svizzero della KMU: La presidente Doris Leuthard e il conduttore Armin Baumann (a destra) e il moderatore Hugo Bigi (all'estrema destra).<\/figcaption><\/figure>\n<p>Il KMU Swiss Forum \u00e8 uno degli eventi economici pi\u00f9 importanti della Svizzera tedesca. Il programma dell'evento per l'anniversario di quest'anno ha riscontrato un grande interesse - pi\u00f9 di 500 ospiti della politica e degli affari hanno partecipato. Il programma della giornata era ricco di oratori di alto livello. Hanno discusso e illuminato il tema \"Cambiamento - la costante costante\" da diverse prospettive. Hugo Bigi ha condotto l'evento. \u00c8 lo stesso di 15 anni fa, ma non pi\u00f9 lo stesso, ha sottolineato bonariamente il moderatore all'inizio del programma.<\/p>\n<p>Armin Baumann, iniziatore del KMU Swiss Forum e CEO di KMU Swiss AG, ha sottolineato nel suo discorso di benvenuto che lo stato d'animo delle PMI svizzere \u00e8 soddisfacente. \"Le PMI svizzere creano sempre pi\u00f9 posti di lavoro e in questo modo costituiscono la spina dorsale dell'economia\", ha detto Armin Baumann. \"Il cambiamento \u00e8 qui. Sempre e ovunque. \u00c8 importante riconoscerlo e usarlo come un'opportunit\u00e0\". Questa affermazione \u00e8 stata rafforzata anche dalla presidente federale Doris Leuthard nel suo discorso di apertura.<\/p>\n<p><strong>Il presidente federale chiede di investire nell'istruzione e nella formazione di lavoratori qualificati<\/strong><\/p>\n<p>Dopo dodici anni, il Presidente della Confederazione Svizzera onora per la seconda volta il KMU Swiss Forum come ospite. Come capo del Dipartimento federale dell'ambiente, dei trasporti, dell'energia e delle comunicazioni (DATEC), Doris Leuthard si confronta quotidianamente con il cambiamento. Dalla crisi finanziaria del 2008, la Svizzera si trova in uno stato di costante cambiamento, accompagnato da molta incertezza. \"Tuttavia, il nostro paese \u00e8 l'unica costante nel mondo. Nonostante la crisi, la Svizzera \u00e8 stata in grado di ridurre i suoi debiti e ha cifre di crescita stabili\", spiega con piacere il presidente della Confederazione. Questo dimostra che il panorama degli affari qui \u00e8 abbastanza capace di adattarsi in tempi difficili. Il governo nazionale \u00e8 convinto di poter sostenere ancora di pi\u00f9 la formazione e il perfezionamento con un importo parziale dalle eccedenze del bilancio nazionale. \"Ma le PMI stesse devono avere idee per il cambiamento\", ha sottolineato Doris Leuthard.<\/p>\n<p><strong>\"Dalla radice al frutto<\/strong><\/p>\n<p>Bruno Aregger ha imparato a sensibilizzare e ad aprire la sua mente al cambiamento. Cresciuto in una famiglia di imprenditori, \u00e8 stato fortemente influenzato dalla spinta a fare tutto da solo e a prendere in mano la situazione. \u00c8 il fondatore di APPLETREE Think Thank e ora tiene conferenze sui valori aziendali. Aregger ha consigliato ai partecipanti di essere consapevoli dei loro valori in questo tempo. I dipendenti sono una risorsa importante. Come imprenditore, paga investire nei propri dipendenti. Ha paragonato una PMI a un albero di mele e al ciclo. Se l'albero ha un buon sistema di radici (dipendenti, dirigenti e proprietari), il melo produce un raccolto maggiore.<\/p>\n<figure id=\"attachment_1682\" aria-describedby=\"caption-attachment-1682\" style=\"width: 640px\" class=\"wp-caption alignnone\"><img loading=\"lazy\" decoding=\"async\" class=\"size-full wp-image-1682\" src=\"https:\/\/www.organisator.ch\/wp-content\/uploads\/2017\/03\/KMU-Swiss-Forum-fordert-Mut-zu-Veraenderungen-2_Organisator.jpg\" alt=\"\" width=\"640\" height=\"427\" srcset=\"https:\/\/www.organisator.ch\/wp-content\/uploads\/2017\/03\/KMU-Swiss-Forum-fordert-Mut-zu-Veraenderungen-2_Organisator.jpg 640w, https:\/\/www.organisator.ch\/wp-content\/uploads\/2017\/03\/KMU-Swiss-Forum-fordert-Mut-zu-Veraenderungen-2_Organisator-16x12.jpg 16w, https:\/\/www.organisator.ch\/wp-content\/uploads\/2017\/03\/KMU-Swiss-Forum-fordert-Mut-zu-Veraenderungen-2_Organisator-262x175.jpg 262w, https:\/\/www.organisator.ch\/wp-content\/uploads\/2017\/03\/KMU-Swiss-Forum-fordert-Mut-zu-Veraenderungen-2_Organisator-525x350.jpg 525w, https:\/\/www.organisator.ch\/wp-content\/uploads\/2017\/03\/KMU-Swiss-Forum-fordert-Mut-zu-Veraenderungen-2_Organisator-300x200.jpg 300w\" sizes=\"auto, (max-width: 640px) 100vw, 640px\" \/><figcaption id=\"caption-attachment-1682\" class=\"wp-caption-text\">Bruno Aregger ha invitato gli imprenditori presenti a investire di pi\u00f9 nei loro dipendenti.<\/figcaption><\/figure>\n<p><strong>Rivoluzionare il mondo con le chitarre elettriche<\/strong><\/p>\n<p>I giovani imprenditori Silvan K\u00fcng e Pirmin Giger della Relish Brother AG sono amici d'infanzia. Grazie alla loro passione per la musica e la chitarra, hanno fondato la loro start-up quattro anni fa. Da allora, hanno mescolato con successo il mercato internazionale con chitarre elettriche innovative e di alta qualit\u00e0 e producono 600 strumenti. Con la chitarra premium \"Jane\", sono riusciti a stabilire nuovi standard nel mondo della musica. Chitarristi famosi come Philipp Fankhauser o Phil Campell dei Mot\u00f6rhead sono entusiasti di questo prodotto di punta. \"Grazie alla nostra curiosit\u00e0 per il cambiamento, siamo riusciti ad affermare le chitarre come una delle esportazioni pi\u00f9 importanti della Svizzera, insieme al cioccolato e agli orologi\", ha detto Silvan K\u00fcng con orgoglio. L'attenzione non era sui guadagni, ma sulla gioia e la passione di creare qualcosa di nuovo.<\/p>\n<figure id=\"attachment_1683\" aria-describedby=\"caption-attachment-1683\" style=\"width: 640px\" class=\"wp-caption alignnone\"><img loading=\"lazy\" decoding=\"async\" class=\"size-full wp-image-1683\" src=\"https:\/\/www.organisator.ch\/wp-content\/uploads\/2017\/03\/KMU-Swiss-Forum-fordert-Mut-zu-Veraenderungen-3_Organisator.jpg\" alt=\"\" width=\"640\" height=\"427\" srcset=\"https:\/\/www.organisator.ch\/wp-content\/uploads\/2017\/03\/KMU-Swiss-Forum-fordert-Mut-zu-Veraenderungen-3_Organisator.jpg 640w, https:\/\/www.organisator.ch\/wp-content\/uploads\/2017\/03\/KMU-Swiss-Forum-fordert-Mut-zu-Veraenderungen-3_Organisator-16x12.jpg 16w, https:\/\/www.organisator.ch\/wp-content\/uploads\/2017\/03\/KMU-Swiss-Forum-fordert-Mut-zu-Veraenderungen-3_Organisator-262x175.jpg 262w, https:\/\/www.organisator.ch\/wp-content\/uploads\/2017\/03\/KMU-Swiss-Forum-fordert-Mut-zu-Veraenderungen-3_Organisator-525x350.jpg 525w, https:\/\/www.organisator.ch\/wp-content\/uploads\/2017\/03\/KMU-Swiss-Forum-fordert-Mut-zu-Veraenderungen-3_Organisator-300x200.jpg 300w\" sizes=\"auto, (max-width: 640px) 100vw, 640px\" \/><figcaption id=\"caption-attachment-1683\" class=\"wp-caption-text\">Giovane imprenditore di successo: Pirmin Giger costruisce chitarre per musicisti famosi con il suo amico d'infanzia Silvan K\u00fcng.<\/figcaption><\/figure>\n<p><strong>L'uomo dietro il palco<\/strong><\/p>\n<p>Amore, desiderio e passione! Queste caratteristiche hanno plasmato Freddy Burger, proprietario del Freddy Burger Management Group, per tutta la sua vita. \u00c8 un tipo affermativo che ha sempre testato le sue decisioni su \"cervello, pancia e cuore\". I valori sono molto importanti per lui, ha detto, e ha fatto riferimento alla presentazione di Bruno Aregger. Lui stesso aveva piantato un albero con Udo J\u00fcrgens all'inizio della loro collaborazione. Oggi, questo albero \u00e8 immortalato come sfondo sul cellulare di Freddy Burger - come ricordo di una lunga e leale amicizia.<\/p>\n<figure id=\"attachment_1684\" aria-describedby=\"caption-attachment-1684\" style=\"width: 640px\" class=\"wp-caption alignnone\"><img loading=\"lazy\" decoding=\"async\" class=\"size-full wp-image-1684\" src=\"https:\/\/www.organisator.ch\/wp-content\/uploads\/2017\/03\/KMU-Swiss-Forum-fordert-Mut-zu-Veraenderungen-4_Organisator.jpg\" alt=\"\" width=\"640\" height=\"427\" srcset=\"https:\/\/www.organisator.ch\/wp-content\/uploads\/2017\/03\/KMU-Swiss-Forum-fordert-Mut-zu-Veraenderungen-4_Organisator.jpg 640w, https:\/\/www.organisator.ch\/wp-content\/uploads\/2017\/03\/KMU-Swiss-Forum-fordert-Mut-zu-Veraenderungen-4_Organisator-16x12.jpg 16w, https:\/\/www.organisator.ch\/wp-content\/uploads\/2017\/03\/KMU-Swiss-Forum-fordert-Mut-zu-Veraenderungen-4_Organisator-262x175.jpg 262w, https:\/\/www.organisator.ch\/wp-content\/uploads\/2017\/03\/KMU-Swiss-Forum-fordert-Mut-zu-Veraenderungen-4_Organisator-525x350.jpg 525w, https:\/\/www.organisator.ch\/wp-content\/uploads\/2017\/03\/KMU-Swiss-Forum-fordert-Mut-zu-Veraenderungen-4_Organisator-300x200.jpg 300w\" sizes=\"auto, (max-width: 640px) 100vw, 640px\" \/><figcaption id=\"caption-attachment-1684\" class=\"wp-caption-text\">Ha parlato al KMU Swiss Forum delle sue esperienze e di ci\u00f2 che ha imparato da esse: Freddy Burger.<\/figcaption><\/figure>\n<p>\"Ho imparato dall'esperienza, sono caduto, mi sono rialzato e ho ricominciato\", ha detto il 71enne. Ha imparato ad affrontare il cambiamento. Tranne uno, a cui ancora oggi resiste. L'imprenditore ha rivelato che non poteva fare nulla con la digitalizzazione. \"Non c'\u00e8 un computer portatile sulla mia scrivania e non scrivo brevi messaggi o e-mail\". Quando il moderatore Hugo Bigi gli ha chiesto come gestisce il lavoro che gli arriva, Freddy Burger ha risposto maliziosamente: \"Ho due assistenti che fanno questo lavoro per me\". Risate allegre hanno attraversato le file di sedili.<\/p>\n<p><strong>Oggi il cattivo, domani il comico<\/strong><\/p>\n<p>Lui sa meglio come affrontare il cambiamento: Attore Anatole Taubman. La sua professione comporta delle sfide, dato che ha gi\u00e0 interpretato ruoli principali e secondari in pi\u00f9 di 90 produzioni cinematografiche e televisive. Con molta arguzia e fascino, ci ha raccontato la sua vita professionale quotidiana. \u00c8 stato un prete, un amante, un guerriero e un medico legale, tra gli altri. \"Ma la mia parte preferita \u00e8 interpretare un cattivo\", ha rivelato con un sorriso. Alla domanda se avesse paura di smettere improvvisamente di ricevere incarichi, Taubman ha negato: \"\u00c8 importante per un attore rimanere affamato e coraggioso\". Questo \u00e8 l'unico modo in cui pu\u00f2 sfruttare le opportunit\u00e0.<\/p>\n<figure id=\"attachment_1685\" aria-describedby=\"caption-attachment-1685\" style=\"width: 640px\" class=\"wp-caption alignnone\"><img loading=\"lazy\" decoding=\"async\" class=\"size-full wp-image-1685\" src=\"https:\/\/www.organisator.ch\/wp-content\/uploads\/2017\/03\/KMU-Swiss-Forum-fordert-Mut-zu-Veraenderungen-5_Organisator.jpg\" alt=\"\" width=\"640\" height=\"427\" srcset=\"https:\/\/www.organisator.ch\/wp-content\/uploads\/2017\/03\/KMU-Swiss-Forum-fordert-Mut-zu-Veraenderungen-5_Organisator.jpg 640w, https:\/\/www.organisator.ch\/wp-content\/uploads\/2017\/03\/KMU-Swiss-Forum-fordert-Mut-zu-Veraenderungen-5_Organisator-16x12.jpg 16w, https:\/\/www.organisator.ch\/wp-content\/uploads\/2017\/03\/KMU-Swiss-Forum-fordert-Mut-zu-Veraenderungen-5_Organisator-262x175.jpg 262w, https:\/\/www.organisator.ch\/wp-content\/uploads\/2017\/03\/KMU-Swiss-Forum-fordert-Mut-zu-Veraenderungen-5_Organisator-525x350.jpg 525w, https:\/\/www.organisator.ch\/wp-content\/uploads\/2017\/03\/KMU-Swiss-Forum-fordert-Mut-zu-Veraenderungen-5_Organisator-300x200.jpg 300w\" sizes=\"auto, (max-width: 640px) 100vw, 640px\" \/><figcaption id=\"caption-attachment-1685\" class=\"wp-caption-text\">L'attore Anatole Taubman in conversazione con il moderatore Hugo Bigi.<\/figcaption><\/figure>\n<p><strong>Sorpresa - Una delizia musicale<\/strong><\/p>\n<p>Altri rinomati oratori hanno intrattenuto gli ospiti del Forum svizzero delle PMI per l'anniversario con contenuti interessanti sulla mobilit\u00e0 e i cambiamenti globali. Dopo una revisione degli ultimi 15 anni da parte di Armin Baumann e Hugo Bigi, l'ospite a sorpresa e cantante soul Nubya ha portato il forum dell'anniversario ad una conclusione coronata. La cantante di Basilea ha eseguito tre delle sue canzoni e ha cantato di coraggio, forza e cambiamento.<\/p>\n<p><em>Ulteriori informazioni: <a href=\"http:\/\/www.kmuswiss.ch\">www.kmuswiss.ch<\/a><\/em><\/p>","protected":false},"excerpt":{"rendered":"<p>Das KMU Swiss Forum geh\u00f6rt zu den bedeutendsten Wirtschaftsanl\u00e4ssen der Deutschschweiz. Das Programm des diesj\u00e4hrigen Jubil\u00e4umsanlasses stiess auf grosses Interesse \u2013 \u00fcber 500 G\u00e4ste aus Politik und Wirtschaft nahmen teil. Das Tagesprogramm war gespickt mit hochkar\u00e4tigen Referentinnen und Referenten. Sie diskutierten und beleuchteten das Thema \u00abVer\u00e4nderung \u2013 die stetige Konstante\u00bb aus verschiedenen Perspektiven. Durch den [&hellip;]<\/p>\n","protected":false},"author":4,"featured_media":1681,"comment_status":"open","ping_status":"open","sticky":false,"template":"","format":"standard","meta":{"_acf_changed":false,"_yoast_wpseo_focuskw":"KMU Swiss Forum","_yoast_wpseo_metadesc":"Das Programm des diesj\u00e4hrigen KMU Swiss Forum stiess auf grosses Interesse \u2013 \u00fcber 500 G\u00e4ste aus Politik und Wirtschaft nahmen teil.","articlekey":"","footnotes":""},"categories":[1],"tags":[335,502,508,531],"class_list":["post-1680","post","type-post","status-publish","format-standard","has-post-thumbnail","hentry","category-allgemein","tag-management-und-unternehmensfuehrung","tag-veranstaltungen","tag-vermischtes","tag-wirtschaftspolitik"],"acf":[],"yoast_head":"<!-- This site is optimized with the Yoast SEO plugin v27.5 - https:\/\/yoast.com\/product\/yoast-seo-wordpress\/ -->\n<title>KMU Swiss Forum fordert Mut zu Ver\u00e4nderungen - Organisator<\/title>\n<meta name=\"description\" content=\"Das Programm des diesj\u00e4hrigen KMU Swiss Forum stiess auf grosses Interesse \u2013 \u00fcber 500 G\u00e4ste aus Politik und Wirtschaft nahmen teil.\" \/>\n<meta name=\"robots\" content=\"index, follow, max-snippet:-1, max-image-preview:large, max-video-preview:-1\" \/>\n<link rel=\"canonical\" href=\"https:\/\/www.organisator.ch\/it\/generale\/2017-03-28\/kmu-swiss-forum-fordert-mut-zu-veraenderungen\/\" \/>\n<meta property=\"og:locale\" content=\"it_IT\" \/>\n<meta property=\"og:type\" content=\"article\" \/>\n<meta property=\"og:title\" content=\"KMU Swiss Forum fordert Mut zu Ver\u00e4nderungen\" \/>\n<meta property=\"og:description\" content=\"Das 15. #KMUSwissForum startete mit der Er\u00f6ffnungsrede der #Bundespr\u00e4sidentin und endete mit einem \u00dcberraschungsgast. \u00dcber 500 G\u00e4ste aus der ganzen Schweiz tauschten sich zum Thema \u00abVer\u00e4nderung \u2013 die stetige Konstante\u00bb am 23. M\u00e4rz im #Kongresszentrum Trafo in Baden aus.\" \/>\n<meta property=\"og:url\" content=\"https:\/\/www.organisator.ch\/it\/generale\/2017-03-28\/kmu-swiss-forum-fordert-mut-zu-veraenderungen\/\" \/>\n<meta property=\"og:site_name\" content=\"Organisator\" \/>\n<meta property=\"article:publisher\" content=\"https:\/\/www.facebook.com\/OrganisatorFachmagazin\" \/>\n<meta property=\"article:published_time\" content=\"2017-03-28T06:09:50+00:00\" \/>\n<meta property=\"og:image\" content=\"https:\/\/www.organisator.ch\/wp-content\/uploads\/2017\/03\/KMU-Swiss-Forum-fordert-Mut-zu-Veraenderungen-1_Organisator.jpg\" \/>\n\t<meta property=\"og:image:width\" content=\"640\" \/>\n\t<meta property=\"og:image:height\" content=\"427\" \/>\n\t<meta property=\"og:image:type\" content=\"image\/jpeg\" \/>\n<meta name=\"author\" content=\"thomas.berner\" \/>\n<meta name=\"twitter:card\" content=\"summary_large_image\" \/>\n<meta name=\"twitter:title\" content=\"#KMUSwissForum fordert Mut zu #Ver\u00e4nderungen\" \/>\n<meta name=\"twitter:description\" content=\"Das 15. #KMUSwissForum startete mit der Er\u00f6ffnungsrede der #Bundespr\u00e4sidentin und endete mit einem \u00dcberraschungsgast. \u00dcber 500 G\u00e4ste aus der ganzen Schweiz tauschten sich zum Thema \u00abVer\u00e4nderung \u2013 die stetige Konstante\u00bb am 23. M\u00e4rz im #Kongresszentrum Trafo in Baden aus.\" \/>\n<meta name=\"twitter:image\" content=\"https:\/\/www.organisator.ch\/wp-content\/uploads\/2017\/03\/KMU-Swiss-Forum-fordert-Mut-zu-Ver\u00e4nderungen-1_Organisator.jpg\" \/>\n<script type=\"application\/ld+json\" class=\"yoast-schema-graph\">{\"@context\":\"https:\\\/\\\/schema.org\",\"@graph\":[{\"@type\":\"Article\",\"@id\":\"https:\\\/\\\/www.organisator.ch\\\/fr\\\/general\\\/2017-03-28\\\/kmu-swiss-forum-fordert-mut-zu-veraenderungen\\\/#article\",\"isPartOf\":{\"@id\":\"https:\\\/\\\/www.organisator.ch\\\/fr\\\/general\\\/2017-03-28\\\/kmu-swiss-forum-fordert-mut-zu-veraenderungen\\\/\"},\"author\":{\"name\":\"thomas.berner\",\"@id\":\"https:\\\/\\\/www.organisator.ch\\\/#\\\/schema\\\/person\\\/6f650f90b2842cd4c0cc334b4e36f67e\"},\"headline\":\"KMU Swiss Forum fordert Mut zu Ver\u00e4nderungen\",\"datePublished\":\"2017-03-28T06:09:50+00:00\",\"mainEntityOfPage\":{\"@id\":\"https:\\\/\\\/www.organisator.ch\\\/fr\\\/general\\\/2017-03-28\\\/kmu-swiss-forum-fordert-mut-zu-veraenderungen\\\/\"},\"wordCount\":1052,\"commentCount\":0,\"publisher\":{\"@id\":\"https:\\\/\\\/www.organisator.ch\\\/#organization\"},\"image\":{\"@id\":\"https:\\\/\\\/www.organisator.ch\\\/fr\\\/general\\\/2017-03-28\\\/kmu-swiss-forum-fordert-mut-zu-veraenderungen\\\/#primaryimage\"},\"thumbnailUrl\":\"https:\\\/\\\/www.organisator.ch\\\/wp-content\\\/uploads\\\/2017\\\/03\\\/KMU-Swiss-Forum-fordert-Mut-zu-Veraenderungen-1_Organisator.jpg\",\"keywords\":[\"Management und Unternehmensf\u00fchrung\",\"Veranstaltungen\",\"Vermischtes\",\"Wirtschaftspolitik\"],\"articleSection\":[\"Allgemein\"],\"inLanguage\":\"it-IT\"},{\"@type\":\"WebPage\",\"@id\":\"https:\\\/\\\/www.organisator.ch\\\/fr\\\/general\\\/2017-03-28\\\/kmu-swiss-forum-fordert-mut-zu-veraenderungen\\\/\",\"url\":\"https:\\\/\\\/www.organisator.ch\\\/fr\\\/general\\\/2017-03-28\\\/kmu-swiss-forum-fordert-mut-zu-veraenderungen\\\/\",\"name\":\"KMU Swiss Forum fordert Mut zu Ver\u00e4nderungen - Organisator\",\"isPartOf\":{\"@id\":\"https:\\\/\\\/www.organisator.ch\\\/#website\"},\"primaryImageOfPage\":{\"@id\":\"https:\\\/\\\/www.organisator.ch\\\/fr\\\/general\\\/2017-03-28\\\/kmu-swiss-forum-fordert-mut-zu-veraenderungen\\\/#primaryimage\"},\"image\":{\"@id\":\"https:\\\/\\\/www.organisator.ch\\\/fr\\\/general\\\/2017-03-28\\\/kmu-swiss-forum-fordert-mut-zu-veraenderungen\\\/#primaryimage\"},\"thumbnailUrl\":\"https:\\\/\\\/www.organisator.ch\\\/wp-content\\\/uploads\\\/2017\\\/03\\\/KMU-Swiss-Forum-fordert-Mut-zu-Veraenderungen-1_Organisator.jpg\",\"datePublished\":\"2017-03-28T06:09:50+00:00\",\"description\":\"Das Programm des diesj\u00e4hrigen KMU Swiss Forum stiess auf grosses Interesse \u2013 \u00fcber 500 G\u00e4ste aus Politik und Wirtschaft nahmen teil.\",\"breadcrumb\":{\"@id\":\"https:\\\/\\\/www.organisator.ch\\\/fr\\\/general\\\/2017-03-28\\\/kmu-swiss-forum-fordert-mut-zu-veraenderungen\\\/#breadcrumb\"},\"inLanguage\":\"it-IT\",\"potentialAction\":[{\"@type\":\"ReadAction\",\"target\":[\"https:\\\/\\\/www.organisator.ch\\\/fr\\\/general\\\/2017-03-28\\\/kmu-swiss-forum-fordert-mut-zu-veraenderungen\\\/\"]}]},{\"@type\":\"ImageObject\",\"inLanguage\":\"it-IT\",\"@id\":\"https:\\\/\\\/www.organisator.ch\\\/fr\\\/general\\\/2017-03-28\\\/kmu-swiss-forum-fordert-mut-zu-veraenderungen\\\/#primaryimage\",\"url\":\"https:\\\/\\\/www.organisator.ch\\\/wp-content\\\/uploads\\\/2017\\\/03\\\/KMU-Swiss-Forum-fordert-Mut-zu-Veraenderungen-1_Organisator.jpg\",\"contentUrl\":\"https:\\\/\\\/www.organisator.ch\\\/wp-content\\\/uploads\\\/2017\\\/03\\\/KMU-Swiss-Forum-fordert-Mut-zu-Veraenderungen-1_Organisator.jpg\",\"width\":640,\"height\":427,\"caption\":\"Gut gelaunte G\u00e4ste des 15. KMU Swiss Forum: Bundespr\u00e4sidentin Doris Leuthard und Gastgeber Armin Baumann (rechts) sowie Moderator Hugo Bigi (ganz rechts aussen).\"},{\"@type\":\"BreadcrumbList\",\"@id\":\"https:\\\/\\\/www.organisator.ch\\\/fr\\\/general\\\/2017-03-28\\\/kmu-swiss-forum-fordert-mut-zu-veraenderungen\\\/#breadcrumb\",\"itemListElement\":[{\"@type\":\"ListItem\",\"position\":1,\"name\":\"Home\",\"item\":\"https:\\\/\\\/www.organisator.ch\\\/\"},{\"@type\":\"ListItem\",\"position\":2,\"name\":\"KMU Swiss Forum fordert Mut zu Ver\u00e4nderungen\"}]},{\"@type\":\"WebSite\",\"@id\":\"https:\\\/\\\/www.organisator.ch\\\/#website\",\"url\":\"https:\\\/\\\/www.organisator.ch\\\/\",\"name\":\"Organisator\",\"description\":\"Kompetent. Praxisnah. Der ORGANISATOR bereitet in 10 Ausgaben pro Jahr die wesentlichen Themen f\u00fcr F\u00fchrungskr\u00e4fte von KMU auf.\",\"publisher\":{\"@id\":\"https:\\\/\\\/www.organisator.ch\\\/#organization\"},\"potentialAction\":[{\"@type\":\"SearchAction\",\"target\":{\"@type\":\"EntryPoint\",\"urlTemplate\":\"https:\\\/\\\/www.organisator.ch\\\/?s={search_term_string}\"},\"query-input\":{\"@type\":\"PropertyValueSpecification\",\"valueRequired\":true,\"valueName\":\"search_term_string\"}}],\"inLanguage\":\"it-IT\"},{\"@type\":\"Organization\",\"@id\":\"https:\\\/\\\/www.organisator.ch\\\/#organization\",\"name\":\"Organisator\",\"url\":\"https:\\\/\\\/www.organisator.ch\\\/\",\"logo\":{\"@type\":\"ImageObject\",\"inLanguage\":\"it-IT\",\"@id\":\"https:\\\/\\\/www.organisator.ch\\\/#\\\/schema\\\/logo\\\/image\\\/\",\"url\":\"https:\\\/\\\/www.organisator.ch\\\/wp-content\\\/uploads\\\/2022\\\/01\\\/Logo_Organisator_Website.png\",\"contentUrl\":\"https:\\\/\\\/www.organisator.ch\\\/wp-content\\\/uploads\\\/2022\\\/01\\\/Logo_Organisator_Website.png\",\"width\":800,\"height\":77,\"caption\":\"Organisator\"},\"image\":{\"@id\":\"https:\\\/\\\/www.organisator.ch\\\/#\\\/schema\\\/logo\\\/image\\\/\"},\"sameAs\":[\"https:\\\/\\\/www.facebook.com\\\/OrganisatorFachmagazin\",\"https:\\\/\\\/www.linkedin.com\\\/showcase\\\/organisator-das-magazin-fr-kmu\",\"https:\\\/\\\/www.xing.com\\\/news\\\/pages\\\/organisator-ch-695\",\"https:\\\/\\\/www.youtube.com\\\/channel\\\/UCGP2Sq0iWaZwT3BdIAQFYpw\"]},{\"@type\":\"Person\",\"@id\":\"https:\\\/\\\/www.organisator.ch\\\/#\\\/schema\\\/person\\\/6f650f90b2842cd4c0cc334b4e36f67e\",\"name\":\"thomas.berner\",\"image\":{\"@type\":\"ImageObject\",\"inLanguage\":\"it-IT\",\"@id\":\"https:\\\/\\\/secure.gravatar.com\\\/avatar\\\/ac5001d2a36cb6c6cd3e50789007ffca834b477b74a2144564522e944eabff61?s=96&d=mm&r=g\",\"url\":\"https:\\\/\\\/secure.gravatar.com\\\/avatar\\\/ac5001d2a36cb6c6cd3e50789007ffca834b477b74a2144564522e944eabff61?s=96&d=mm&r=g\",\"contentUrl\":\"https:\\\/\\\/secure.gravatar.com\\\/avatar\\\/ac5001d2a36cb6c6cd3e50789007ffca834b477b74a2144564522e944eabff61?s=96&d=mm&r=g\",\"caption\":\"thomas.berner\"},\"url\":\"https:\\\/\\\/www.organisator.ch\\\/it\\\/author\\\/thomas-berner\\\/\"}]}<\/script>\n<!-- \/ Yoast SEO plugin. -->","yoast_head_json":{"title":"Il Forum svizzero KMU chiede il coraggio di cambiare - Organizzatore","description":"Il programma del Forum PMI Svizzera di quest'anno ha riscosso grande interesse: oltre 500 ospiti del mondo politico ed economico vi hanno preso parte.","robots":{"index":"index","follow":"follow","max-snippet":"max-snippet:-1","max-image-preview":"max-image-preview:large","max-video-preview":"max-video-preview:-1"},"canonical":"https:\/\/www.organisator.ch\/it\/generale\/2017-03-28\/kmu-swiss-forum-fordert-mut-zu-veraenderungen\/","og_locale":"it_IT","og_type":"article","og_title":"KMU Swiss Forum fordert Mut zu Ver\u00e4nderungen","og_description":"Das 15. #KMUSwissForum startete mit der Er\u00f6ffnungsrede der #Bundespr\u00e4sidentin und endete mit einem \u00dcberraschungsgast. \u00dcber 500 G\u00e4ste aus der ganzen Schweiz tauschten sich zum Thema \u00abVer\u00e4nderung \u2013 die stetige Konstante\u00bb am 23. M\u00e4rz im #Kongresszentrum Trafo in Baden aus.","og_url":"https:\/\/www.organisator.ch\/it\/generale\/2017-03-28\/kmu-swiss-forum-fordert-mut-zu-veraenderungen\/","og_site_name":"Organisator","article_publisher":"https:\/\/www.facebook.com\/OrganisatorFachmagazin","article_published_time":"2017-03-28T06:09:50+00:00","og_image":[{"width":640,"height":427,"url":"https:\/\/www.organisator.ch\/wp-content\/uploads\/2017\/03\/KMU-Swiss-Forum-fordert-Mut-zu-Veraenderungen-1_Organisator.jpg","type":"image\/jpeg"}],"author":"thomas.berner","twitter_card":"summary_large_image","twitter_title":"#KMUSwissForum fordert Mut zu #Ver\u00e4nderungen","twitter_description":"Das 15. #KMUSwissForum startete mit der Er\u00f6ffnungsrede der #Bundespr\u00e4sidentin und endete mit einem \u00dcberraschungsgast. \u00dcber 500 G\u00e4ste aus der ganzen Schweiz tauschten sich zum Thema \u00abVer\u00e4nderung \u2013 die stetige Konstante\u00bb am 23. M\u00e4rz im #Kongresszentrum Trafo in Baden aus.","twitter_image":"https:\/\/www.organisator.ch\/wp-content\/uploads\/2017\/03\/KMU-Swiss-Forum-fordert-Mut-zu-Ver\u00e4nderungen-1_Organisator.jpg","schema":{"@context":"https:\/\/schema.org","@graph":[{"@type":"Article","@id":"https:\/\/www.organisator.ch\/fr\/general\/2017-03-28\/kmu-swiss-forum-fordert-mut-zu-veraenderungen\/#article","isPartOf":{"@id":"https:\/\/www.organisator.ch\/fr\/general\/2017-03-28\/kmu-swiss-forum-fordert-mut-zu-veraenderungen\/"},"author":{"name":"thomas.berner","@id":"https:\/\/www.organisator.ch\/#\/schema\/person\/6f650f90b2842cd4c0cc334b4e36f67e"},"headline":"KMU Swiss Forum fordert Mut zu Ver\u00e4nderungen","datePublished":"2017-03-28T06:09:50+00:00","mainEntityOfPage":{"@id":"https:\/\/www.organisator.ch\/fr\/general\/2017-03-28\/kmu-swiss-forum-fordert-mut-zu-veraenderungen\/"},"wordCount":1052,"commentCount":0,"publisher":{"@id":"https:\/\/www.organisator.ch\/#organization"},"image":{"@id":"https:\/\/www.organisator.ch\/fr\/general\/2017-03-28\/kmu-swiss-forum-fordert-mut-zu-veraenderungen\/#primaryimage"},"thumbnailUrl":"https:\/\/www.organisator.ch\/wp-content\/uploads\/2017\/03\/KMU-Swiss-Forum-fordert-Mut-zu-Veraenderungen-1_Organisator.jpg","keywords":["Management und Unternehmensf\u00fchrung","Veranstaltungen","Vermischtes","Wirtschaftspolitik"],"articleSection":["Allgemein"],"inLanguage":"it-IT"},{"@type":"WebPage","@id":"https:\/\/www.organisator.ch\/fr\/general\/2017-03-28\/kmu-swiss-forum-fordert-mut-zu-veraenderungen\/","url":"https:\/\/www.organisator.ch\/fr\/general\/2017-03-28\/kmu-swiss-forum-fordert-mut-zu-veraenderungen\/","name":"Il Forum svizzero KMU chiede il coraggio di cambiare - Organizzatore","isPartOf":{"@id":"https:\/\/www.organisator.ch\/#website"},"primaryImageOfPage":{"@id":"https:\/\/www.organisator.ch\/fr\/general\/2017-03-28\/kmu-swiss-forum-fordert-mut-zu-veraenderungen\/#primaryimage"},"image":{"@id":"https:\/\/www.organisator.ch\/fr\/general\/2017-03-28\/kmu-swiss-forum-fordert-mut-zu-veraenderungen\/#primaryimage"},"thumbnailUrl":"https:\/\/www.organisator.ch\/wp-content\/uploads\/2017\/03\/KMU-Swiss-Forum-fordert-Mut-zu-Veraenderungen-1_Organisator.jpg","datePublished":"2017-03-28T06:09:50+00:00","description":"Il programma del Forum PMI Svizzera di quest'anno ha riscosso grande interesse: oltre 500 ospiti del mondo politico ed economico vi hanno preso parte.","breadcrumb":{"@id":"https:\/\/www.organisator.ch\/fr\/general\/2017-03-28\/kmu-swiss-forum-fordert-mut-zu-veraenderungen\/#breadcrumb"},"inLanguage":"it-IT","potentialAction":[{"@type":"ReadAction","target":["https:\/\/www.organisator.ch\/fr\/general\/2017-03-28\/kmu-swiss-forum-fordert-mut-zu-veraenderungen\/"]}]},{"@type":"ImageObject","inLanguage":"it-IT","@id":"https:\/\/www.organisator.ch\/fr\/general\/2017-03-28\/kmu-swiss-forum-fordert-mut-zu-veraenderungen\/#primaryimage","url":"https:\/\/www.organisator.ch\/wp-content\/uploads\/2017\/03\/KMU-Swiss-Forum-fordert-Mut-zu-Veraenderungen-1_Organisator.jpg","contentUrl":"https:\/\/www.organisator.ch\/wp-content\/uploads\/2017\/03\/KMU-Swiss-Forum-fordert-Mut-zu-Veraenderungen-1_Organisator.jpg","width":640,"height":427,"caption":"Gut gelaunte G\u00e4ste des 15. KMU Swiss Forum: Bundespr\u00e4sidentin Doris Leuthard und Gastgeber Armin Baumann (rechts) sowie Moderator Hugo Bigi (ganz rechts aussen)."},{"@type":"BreadcrumbList","@id":"https:\/\/www.organisator.ch\/fr\/general\/2017-03-28\/kmu-swiss-forum-fordert-mut-zu-veraenderungen\/#breadcrumb","itemListElement":[{"@type":"ListItem","position":1,"name":"Home","item":"https:\/\/www.organisator.ch\/"},{"@type":"ListItem","position":2,"name":"KMU Swiss Forum fordert Mut zu Ver\u00e4nderungen"}]},{"@type":"WebSite","@id":"https:\/\/www.organisator.ch\/#website","url":"https:\/\/www.organisator.ch\/","name":"Organizzatore","description":"Competente. Pratico. In 10 numeri all'anno, ORGANISATOR presenta i temi essenziali per i manager delle PMI.","publisher":{"@id":"https:\/\/www.organisator.ch\/#organization"},"potentialAction":[{"@type":"SearchAction","target":{"@type":"EntryPoint","urlTemplate":"https:\/\/www.organisator.ch\/?s={search_term_string}"},"query-input":{"@type":"PropertyValueSpecification","valueRequired":true,"valueName":"search_term_string"}}],"inLanguage":"it-IT"},{"@type":"Organization","@id":"https:\/\/www.organisator.ch\/#organization","name":"Organizzatore","url":"https:\/\/www.organisator.ch\/","logo":{"@type":"ImageObject","inLanguage":"it-IT","@id":"https:\/\/www.organisator.ch\/#\/schema\/logo\/image\/","url":"https:\/\/www.organisator.ch\/wp-content\/uploads\/2022\/01\/Logo_Organisator_Website.png","contentUrl":"https:\/\/www.organisator.ch\/wp-content\/uploads\/2022\/01\/Logo_Organisator_Website.png","width":800,"height":77,"caption":"Organisator"},"image":{"@id":"https:\/\/www.organisator.ch\/#\/schema\/logo\/image\/"},"sameAs":["https:\/\/www.facebook.com\/OrganisatorFachmagazin","https:\/\/www.linkedin.com\/showcase\/organisator-das-magazin-fr-kmu","https:\/\/www.xing.com\/news\/pages\/organisator-ch-695","https:\/\/www.youtube.com\/channel\/UCGP2Sq0iWaZwT3BdIAQFYpw"]},{"@type":"Person","@id":"https:\/\/www.organisator.ch\/#\/schema\/person\/6f650f90b2842cd4c0cc334b4e36f67e","name":"Tommaso.berner","image":{"@type":"ImageObject","inLanguage":"it-IT","@id":"https:\/\/secure.gravatar.com\/avatar\/ac5001d2a36cb6c6cd3e50789007ffca834b477b74a2144564522e944eabff61?s=96&d=mm&r=g","url":"https:\/\/secure.gravatar.com\/avatar\/ac5001d2a36cb6c6cd3e50789007ffca834b477b74a2144564522e944eabff61?s=96&d=mm&r=g","contentUrl":"https:\/\/secure.gravatar.com\/avatar\/ac5001d2a36cb6c6cd3e50789007ffca834b477b74a2144564522e944eabff61?s=96&d=mm&r=g","caption":"thomas.berner"},"url":"https:\/\/www.organisator.ch\/it\/author\/thomas-berner\/"}]}},"_links":{"self":[{"href":"https:\/\/www.organisator.ch\/it\/wp-json\/wp\/v2\/posts\/1680","targetHints":{"allow":["GET"]}}],"collection":[{"href":"https:\/\/www.organisator.ch\/it\/wp-json\/wp\/v2\/posts"}],"about":[{"href":"https:\/\/www.organisator.ch\/it\/wp-json\/wp\/v2\/types\/post"}],"author":[{"embeddable":true,"href":"https:\/\/www.organisator.ch\/it\/wp-json\/wp\/v2\/users\/4"}],"replies":[{"embeddable":true,"href":"https:\/\/www.organisator.ch\/it\/wp-json\/wp\/v2\/comments?post=1680"}],"version-history":[{"count":0,"href":"https:\/\/www.organisator.ch\/it\/wp-json\/wp\/v2\/posts\/1680\/revisions"}],"wp:featuredmedia":[{"embeddable":true,"href":"https:\/\/www.organisator.ch\/it\/wp-json\/wp\/v2\/media\/1681"}],"wp:attachment":[{"href":"https:\/\/www.organisator.ch\/it\/wp-json\/wp\/v2\/media?parent=1680"}],"wp:term":[{"taxonomy":"category","embeddable":true,"href":"https:\/\/www.organisator.ch\/it\/wp-json\/wp\/v2\/categories?post=1680"},{"taxonomy":"post_tag","embeddable":true,"href":"https:\/\/www.organisator.ch\/it\/wp-json\/wp\/v2\/tags?post=1680"}],"curies":[{"name":"wp","href":"https:\/\/api.w.org\/{rel}","templated":true}]}}