{"id":16803,"date":"2022-09-02T13:40:10","date_gmt":"2022-09-02T11:40:10","guid":{"rendered":"https:\/\/www.m-q.ch\/?p=16847"},"modified":"2024-11-22T07:32:22","modified_gmt":"2024-11-22T06:32:22","slug":"aeesuisse-congresso-2022-riscontra-un-interesse-diffuso","status":"publish","type":"post","link":"https:\/\/www.organisator.ch\/it\/operational-excellence\/2022-09-02\/aeesuisse-kongress-2022-stosst-auf-grosses-interesse\/","title":{"rendered":"aeesuisse Il Congresso 2022 incontra grande interesse"},"content":{"rendered":"<figure id=\"attachment_16848\" class=\"wp-caption alignnone\" style=\"width: 680px\" aria-describedby=\"caption-attachment-16848\"><img class=\"alignnone wp-image-16848 size-full\" src=\"https:\/\/www.m-q.ch\/wp-content\/uploads\/2022\/09\/aeesuisse-Kongress-2022-stoesst-auf-grosses-Interesse_MQ.jpg\" alt=\"Congresso aeesuisse\" width=\"680\" height=\"433\" \/>\r\n<figcaption id=\"caption-attachment-16848\" class=\"wp-caption-text\">La Consigliera federale Sommaruga \u00e8 intervenuta al Congresso di aeesuisse 2022. (Immagine: aeesuisse.ch)<\/figcaption>\r\n<\/figure>\r\n<p>L'attuale difficile situazione geopolitica rende evidente quanto sia pericolosa la dipendenza energetica della Svizzera. Una cosa \u00e8 chiara: la transizione energetica \u00e8 l'unico modo in cui la Svizzera pu\u00f2 garantire la sicurezza dell'approvvigionamento a lungo termine. Questo \u00e8 emerso chiaramente al congresso di aeesuisse di quest'anno.<\/p>\r\n<h3>aeesuisse Congresso 2022: \"Rilasciare i freni. Agite subito!\"<\/h3>\r\n<p>Nell'ambito del Congresso aeesuisse 2022, la transizione energetica come garanzia di sicurezza dell'approvvigionamento \u00e8 stata discussa da numerosi relatori di rilievo. All'insegna del motto \"Liberate i freni. Agisci ora!\", la conferenza del 1\u00b0 settembre 2022 a Emmenbr\u00fccke ha riscosso grande interesse. Negli ultimi anni il Congresso di aeesuisse si \u00e8 affermato come luogo di incontro centrale per il settore energetico. aeesuisse \u00e8 l'organizzazione ombrello dell'industria delle energie rinnovabili e dell'efficienza energetica. Rappresenta gli interessi di 35 associazioni di settore e quindi di circa 35.000 aziende in Svizzera.<\/p>\r\n<h3>Relatori di prim'ordine del mondo economico e politico<\/h3>\r\n<p>La giornata congressuale ha avuto un inizio emozionante e interattivo con il \"Mercato dei tornitori di energia\": In un pitching di progetti dal vivo, il pubblico ha scelto Ernst Schweizer AG, pioniere della sostenibilit\u00e0 e dell'energia solare della prima ora, come vincitore del concorso. Con il sistema di assemblaggio fotovoltaico presentato, Ernst Schweizer AG non solo fornisce un importante contributo all'urgente espansione delle energie rinnovabili, ma rafforza anche l'economia circolare. Il \"Premio aeesuisse 2022\" \u00e8 stato consegnato da Gianni Operto, Presidente di aeesuisse.\u00a0<\/p>\r\n<p>Sono seguiti interessanti interventi sulla transizione termica, sulle possibilit\u00e0 della tecnologia fotovoltaica e sulle innovazioni nell'infrastruttura di ricarica per la mobilit\u00e0 elettrica da parte di Lars Hummelmose, direttore del Danish Board of District Heating, Noah Heynen, CEO di Helion, e Patrick Kern, CEO di Brugg eConnect AG.<\/p>\r\n<h3>Approfondimento sull'attuale politica energetica federale<\/h3>\r\n<p>Nel pomeriggio, il congresso \u00e8 iniziato con un discorso sull'attuale politica energetica del Consigliere federale Simonetta Sommaruga. Sono seguiti interventi emozionanti e all'avanguardia su Europa, imprese e trasformazione nella transizione energetica da parte di Cornelia Daniel, titolare della Dachgold Initiative e austriaca dell'anno 2020, Martin Schwab, CEO di CKW AG, Dr. G\u00fcnther Bachmann, ex segretario generale del Consiglio tedesco per la sostenibilit\u00e0 e consulente del governo federale tedesco, e Helmut Ruhl, CEO di AMAG Group AG.<\/p>\r\n<p>Al termine del congresso, rappresentanti della politica, della scienza e dell'economia hanno discusso della transizione energetica come garante della sicurezza degli approvvigionamenti durante l'Energy Talk. Hanno partecipato Damian M\u00fcller, membro del Consiglio degli Stati FDP, Peter Galliker, CEO di Galliker Transport AG, Gabriela Suter, Consigliera nazionale SP e la Prof. Dr. Gabriela Hug, Professore Power Systems Laboratory presso il Politecnico di Zurigo. Il congresso \u00e8 stato concluso da un discorso di chiusura di Priska Wismer-Felder, consigliera nazionale per il Centro e vicepresidente di aeesuisse.<\/p>\r\n<p><em><a href=\"https:\/\/aeesuisse.ch\/de\/\">Ulteriori informazioni<\/a><\/em><\/p>\n<p class=\"syndicated-attribution\">Questo articolo \u00e8 apparso originariamente su m-q.ch - <a href=\"https:\/\/www.m-q.ch\/de\/aeesuisse-kongress-2022-stoesst-auf-grosses-interesse\/\" target=\"_blank\">https:\/\/www.m-q.ch\/de\/aeesuisse-kongress-2022-stoesst-auf-grosses-interesse\/<\/a><\/p>","protected":false},"excerpt":{"rendered":"<p>Die aktuell herausfordernde geopolitische Lage macht deutlich, wie gef\u00e4hrlich die Energieabh\u00e4ngigkeit der Schweiz ist. Klar ist: Die Energiewende ist der einzige Weg, wie die Schweiz die Versorgungssicherheit langfristig sicherstellen kann. Dies wurde am diesj\u00e4hrigen aeesuisse Kongress deutlich. aeesuisse Kongress 2022: \u00abBremsen l\u00f6sen. Jetzt handeln!\u00bb Im Rahmen des aeesuisse Kongresses 2022 wurde die Energiewende als Garant [\u2026]<\/p>\n","protected":false},"author":8,"featured_media":0,"comment_status":"closed","ping_status":"closed","sticky":false,"template":"","format":"standard","meta":{"_acf_changed":false,"_yoast_wpseo_focuskw":"aeesuisse Kongress","_yoast_wpseo_metadesc":"aeesuisse Kongress 2022: Diskussion \u00fcber Energiewende und Versorgungssicherheit. Bundesr\u00e4tin Sommaruga h\u00e4lt Keynote.","articlekey":"","footnotes":""},"categories":[582],"tags":[],"class_list":["post-16803","post","type-post","status-publish","format-standard","hentry","category-operational-excellence"],"acf":[],"yoast_head":"<!-- This site is optimized with the Yoast SEO plugin v27.5 - https:\/\/yoast.com\/product\/yoast-seo-wordpress\/ -->\n<title>aeesuisse Kongress 2022 st\u00f6sst auf grosses Interesse - Organisator<\/title>\n<meta name=\"description\" content=\"aeesuisse Kongress 2022: Diskussion \u00fcber Energiewende und Versorgungssicherheit. Bundesr\u00e4tin Sommaruga h\u00e4lt Keynote.\" \/>\n<meta name=\"robots\" content=\"index, follow, max-snippet:-1, max-image-preview:large, max-video-preview:-1\" \/>\n<link rel=\"canonical\" href=\"https:\/\/www.organisator.ch\/it\/eccellenza-operativa\/2022-09-02\/aeesuisse-congresso-2022-riscontra-un-interesse-diffuso\/\" \/>\n<meta property=\"og:locale\" content=\"it_IT\" \/>\n<meta property=\"og:type\" content=\"article\" \/>\n<meta property=\"og:title\" content=\"aeesuisse Kongress 2022 st\u00f6sst auf grosses Interesse - Organisator\" \/>\n<meta property=\"og:description\" content=\"aeesuisse Kongress 2022: Diskussion \u00fcber Energiewende und Versorgungssicherheit. Bundesr\u00e4tin Sommaruga h\u00e4lt Keynote.\" \/>\n<meta property=\"og:url\" content=\"https:\/\/www.organisator.ch\/it\/eccellenza-operativa\/2022-09-02\/aeesuisse-congresso-2022-riscontra-un-interesse-diffuso\/\" \/>\n<meta property=\"og:site_name\" content=\"Organisator\" \/>\n<meta property=\"article:publisher\" content=\"https:\/\/www.facebook.com\/OrganisatorFachmagazin\" \/>\n<meta property=\"article:published_time\" content=\"2022-09-02T11:40:10+00:00\" \/>\n<meta property=\"article:modified_time\" content=\"2024-11-22T06:32:22+00:00\" \/>\n<meta name=\"author\" content=\"galledia\" \/>\n<meta name=\"twitter:card\" content=\"summary_large_image\" \/>\n<meta name=\"twitter:creator\" content=\"@admin\" \/>\n<script type=\"application\/ld+json\" class=\"yoast-schema-graph\">{\"@context\":\"https:\\\/\\\/schema.org\",\"@graph\":[{\"@type\":\"Article\",\"@id\":\"https:\\\/\\\/www.organisator.ch\\\/operational-excellence\\\/2022-09-02\\\/aeesuisse-kongress-2022-stosst-auf-grosses-interesse\\\/#article\",\"isPartOf\":{\"@id\":\"https:\\\/\\\/www.organisator.ch\\\/operational-excellence\\\/2022-09-02\\\/aeesuisse-kongress-2022-stosst-auf-grosses-interesse\\\/\"},\"author\":{\"name\":\"galledia\",\"@id\":\"https:\\\/\\\/www.organisator.ch\\\/#\\\/schema\\\/person\\\/4e51799071cd2dd1232ac003643ef5f0\"},\"headline\":\"aeesuisse Kongress 2022 st\u00f6sst auf grosses Interesse\",\"datePublished\":\"2022-09-02T11:40:10+00:00\",\"dateModified\":\"2024-11-22T06:32:22+00:00\",\"mainEntityOfPage\":{\"@id\":\"https:\\\/\\\/www.organisator.ch\\\/operational-excellence\\\/2022-09-02\\\/aeesuisse-kongress-2022-stosst-auf-grosses-interesse\\\/\"},\"wordCount\":441,\"publisher\":{\"@id\":\"https:\\\/\\\/www.organisator.ch\\\/#organization\"},\"image\":{\"@id\":\"https:\\\/\\\/www.organisator.ch\\\/operational-excellence\\\/2022-09-02\\\/aeesuisse-kongress-2022-stosst-auf-grosses-interesse\\\/#primaryimage\"},\"thumbnailUrl\":\"https:\\\/\\\/www.m-q.ch\\\/wp-content\\\/uploads\\\/2022\\\/09\\\/aeesuisse-Kongress-2022-stoesst-auf-grosses-Interesse_MQ.jpg\",\"articleSection\":[\"OPERATIONAL EXCELLENCE\"],\"inLanguage\":\"it-IT\"},{\"@type\":\"WebPage\",\"@id\":\"https:\\\/\\\/www.organisator.ch\\\/operational-excellence\\\/2022-09-02\\\/aeesuisse-kongress-2022-stosst-auf-grosses-interesse\\\/\",\"url\":\"https:\\\/\\\/www.organisator.ch\\\/operational-excellence\\\/2022-09-02\\\/aeesuisse-kongress-2022-stosst-auf-grosses-interesse\\\/\",\"name\":\"aeesuisse Kongress 2022 st\u00f6sst auf grosses Interesse - Organisator\",\"isPartOf\":{\"@id\":\"https:\\\/\\\/www.organisator.ch\\\/#website\"},\"primaryImageOfPage\":{\"@id\":\"https:\\\/\\\/www.organisator.ch\\\/operational-excellence\\\/2022-09-02\\\/aeesuisse-kongress-2022-stosst-auf-grosses-interesse\\\/#primaryimage\"},\"image\":{\"@id\":\"https:\\\/\\\/www.organisator.ch\\\/operational-excellence\\\/2022-09-02\\\/aeesuisse-kongress-2022-stosst-auf-grosses-interesse\\\/#primaryimage\"},\"thumbnailUrl\":\"https:\\\/\\\/www.m-q.ch\\\/wp-content\\\/uploads\\\/2022\\\/09\\\/aeesuisse-Kongress-2022-stoesst-auf-grosses-Interesse_MQ.jpg\",\"datePublished\":\"2022-09-02T11:40:10+00:00\",\"dateModified\":\"2024-11-22T06:32:22+00:00\",\"description\":\"aeesuisse Kongress 2022: Diskussion \u00fcber Energiewende und Versorgungssicherheit. Bundesr\u00e4tin Sommaruga h\u00e4lt Keynote.\",\"breadcrumb\":{\"@id\":\"https:\\\/\\\/www.organisator.ch\\\/operational-excellence\\\/2022-09-02\\\/aeesuisse-kongress-2022-stosst-auf-grosses-interesse\\\/#breadcrumb\"},\"inLanguage\":\"it-IT\",\"potentialAction\":[{\"@type\":\"ReadAction\",\"target\":[\"https:\\\/\\\/www.organisator.ch\\\/operational-excellence\\\/2022-09-02\\\/aeesuisse-kongress-2022-stosst-auf-grosses-interesse\\\/\"]}]},{\"@type\":\"ImageObject\",\"inLanguage\":\"it-IT\",\"@id\":\"https:\\\/\\\/www.organisator.ch\\\/operational-excellence\\\/2022-09-02\\\/aeesuisse-kongress-2022-stosst-auf-grosses-interesse\\\/#primaryimage\",\"url\":\"https:\\\/\\\/www.m-q.ch\\\/wp-content\\\/uploads\\\/2022\\\/09\\\/aeesuisse-Kongress-2022-stoesst-auf-grosses-Interesse_MQ.jpg\",\"contentUrl\":\"https:\\\/\\\/www.m-q.ch\\\/wp-content\\\/uploads\\\/2022\\\/09\\\/aeesuisse-Kongress-2022-stoesst-auf-grosses-Interesse_MQ.jpg\"},{\"@type\":\"BreadcrumbList\",\"@id\":\"https:\\\/\\\/www.organisator.ch\\\/operational-excellence\\\/2022-09-02\\\/aeesuisse-kongress-2022-stosst-auf-grosses-interesse\\\/#breadcrumb\",\"itemListElement\":[{\"@type\":\"ListItem\",\"position\":1,\"name\":\"Home\",\"item\":\"https:\\\/\\\/www.organisator.ch\\\/\"},{\"@type\":\"ListItem\",\"position\":2,\"name\":\"aeesuisse Kongress 2022 st\u00f6sst auf grosses Interesse\"}]},{\"@type\":\"WebSite\",\"@id\":\"https:\\\/\\\/www.organisator.ch\\\/#website\",\"url\":\"https:\\\/\\\/www.organisator.ch\\\/\",\"name\":\"Organisator\",\"description\":\"Kompetent. Praxisnah. Der ORGANISATOR bereitet in 10 Ausgaben pro Jahr die wesentlichen Themen f\u00fcr F\u00fchrungskr\u00e4fte von KMU auf.\",\"publisher\":{\"@id\":\"https:\\\/\\\/www.organisator.ch\\\/#organization\"},\"potentialAction\":[{\"@type\":\"SearchAction\",\"target\":{\"@type\":\"EntryPoint\",\"urlTemplate\":\"https:\\\/\\\/www.organisator.ch\\\/?s={search_term_string}\"},\"query-input\":{\"@type\":\"PropertyValueSpecification\",\"valueRequired\":true,\"valueName\":\"search_term_string\"}}],\"inLanguage\":\"it-IT\"},{\"@type\":\"Organization\",\"@id\":\"https:\\\/\\\/www.organisator.ch\\\/#organization\",\"name\":\"Organisator\",\"url\":\"https:\\\/\\\/www.organisator.ch\\\/\",\"logo\":{\"@type\":\"ImageObject\",\"inLanguage\":\"it-IT\",\"@id\":\"https:\\\/\\\/www.organisator.ch\\\/#\\\/schema\\\/logo\\\/image\\\/\",\"url\":\"https:\\\/\\\/www.organisator.ch\\\/wp-content\\\/uploads\\\/2022\\\/01\\\/Logo_Organisator_Website.png\",\"contentUrl\":\"https:\\\/\\\/www.organisator.ch\\\/wp-content\\\/uploads\\\/2022\\\/01\\\/Logo_Organisator_Website.png\",\"width\":800,\"height\":77,\"caption\":\"Organisator\"},\"image\":{\"@id\":\"https:\\\/\\\/www.organisator.ch\\\/#\\\/schema\\\/logo\\\/image\\\/\"},\"sameAs\":[\"https:\\\/\\\/www.facebook.com\\\/OrganisatorFachmagazin\",\"https:\\\/\\\/www.linkedin.com\\\/showcase\\\/organisator-das-magazin-fr-kmu\",\"https:\\\/\\\/www.xing.com\\\/news\\\/pages\\\/organisator-ch-695\",\"https:\\\/\\\/www.youtube.com\\\/channel\\\/UCGP2Sq0iWaZwT3BdIAQFYpw\"]},{\"@type\":\"Person\",\"@id\":\"https:\\\/\\\/www.organisator.ch\\\/#\\\/schema\\\/person\\\/4e51799071cd2dd1232ac003643ef5f0\",\"name\":\"galledia\",\"image\":{\"@type\":\"ImageObject\",\"inLanguage\":\"it-IT\",\"@id\":\"https:\\\/\\\/secure.gravatar.com\\\/avatar\\\/78a7f90c01fc2bfc875782a0d4922b37cde2cf184ce347b91316d23cd7f69a36?s=96&d=mm&r=g\",\"url\":\"https:\\\/\\\/secure.gravatar.com\\\/avatar\\\/78a7f90c01fc2bfc875782a0d4922b37cde2cf184ce347b91316d23cd7f69a36?s=96&d=mm&r=g\",\"contentUrl\":\"https:\\\/\\\/secure.gravatar.com\\\/avatar\\\/78a7f90c01fc2bfc875782a0d4922b37cde2cf184ce347b91316d23cd7f69a36?s=96&d=mm&r=g\",\"caption\":\"galledia\"},\"sameAs\":[\"https:\\\/\\\/x.com\\\/admin\"],\"url\":\"https:\\\/\\\/www.organisator.ch\\\/it\\\/author\\\/galledia\\\/\"}]}<\/script>\n<!-- \/ Yoast SEO plugin. -->","yoast_head_json":{"title":"Il Congresso aeesuisse 2022 riscuote grande interesse - Organizzatore","description":"Congresso aeesuisse 2022: discussione sulla transizione energetica e la sicurezza dell'approvvigionamento. Il Consigliere federale Sommaruga tiene il discorso di apertura.","robots":{"index":"index","follow":"follow","max-snippet":"max-snippet:-1","max-image-preview":"max-image-preview:large","max-video-preview":"max-video-preview:-1"},"canonical":"https:\/\/www.organisator.ch\/it\/eccellenza-operativa\/2022-09-02\/aeesuisse-congresso-2022-riscontra-un-interesse-diffuso\/","og_locale":"it_IT","og_type":"article","og_title":"aeesuisse Kongress 2022 st\u00f6sst auf grosses Interesse - Organisator","og_description":"aeesuisse Kongress 2022: Diskussion \u00fcber Energiewende und Versorgungssicherheit. Bundesr\u00e4tin Sommaruga h\u00e4lt Keynote.","og_url":"https:\/\/www.organisator.ch\/it\/eccellenza-operativa\/2022-09-02\/aeesuisse-congresso-2022-riscontra-un-interesse-diffuso\/","og_site_name":"Organisator","article_publisher":"https:\/\/www.facebook.com\/OrganisatorFachmagazin","article_published_time":"2022-09-02T11:40:10+00:00","article_modified_time":"2024-11-22T06:32:22+00:00","author":"galledia","twitter_card":"summary_large_image","twitter_creator":"@admin","schema":{"@context":"https:\/\/schema.org","@graph":[{"@type":"Article","@id":"https:\/\/www.organisator.ch\/operational-excellence\/2022-09-02\/aeesuisse-kongress-2022-stosst-auf-grosses-interesse\/#article","isPartOf":{"@id":"https:\/\/www.organisator.ch\/operational-excellence\/2022-09-02\/aeesuisse-kongress-2022-stosst-auf-grosses-interesse\/"},"author":{"name":"galledia","@id":"https:\/\/www.organisator.ch\/#\/schema\/person\/4e51799071cd2dd1232ac003643ef5f0"},"headline":"aeesuisse Kongress 2022 st\u00f6sst auf grosses Interesse","datePublished":"2022-09-02T11:40:10+00:00","dateModified":"2024-11-22T06:32:22+00:00","mainEntityOfPage":{"@id":"https:\/\/www.organisator.ch\/operational-excellence\/2022-09-02\/aeesuisse-kongress-2022-stosst-auf-grosses-interesse\/"},"wordCount":441,"publisher":{"@id":"https:\/\/www.organisator.ch\/#organization"},"image":{"@id":"https:\/\/www.organisator.ch\/operational-excellence\/2022-09-02\/aeesuisse-kongress-2022-stosst-auf-grosses-interesse\/#primaryimage"},"thumbnailUrl":"https:\/\/www.m-q.ch\/wp-content\/uploads\/2022\/09\/aeesuisse-Kongress-2022-stoesst-auf-grosses-Interesse_MQ.jpg","articleSection":["OPERATIONAL EXCELLENCE"],"inLanguage":"it-IT"},{"@type":"WebPage","@id":"https:\/\/www.organisator.ch\/operational-excellence\/2022-09-02\/aeesuisse-kongress-2022-stosst-auf-grosses-interesse\/","url":"https:\/\/www.organisator.ch\/operational-excellence\/2022-09-02\/aeesuisse-kongress-2022-stosst-auf-grosses-interesse\/","name":"Il Congresso aeesuisse 2022 riscuote grande interesse - Organizzatore","isPartOf":{"@id":"https:\/\/www.organisator.ch\/#website"},"primaryImageOfPage":{"@id":"https:\/\/www.organisator.ch\/operational-excellence\/2022-09-02\/aeesuisse-kongress-2022-stosst-auf-grosses-interesse\/#primaryimage"},"image":{"@id":"https:\/\/www.organisator.ch\/operational-excellence\/2022-09-02\/aeesuisse-kongress-2022-stosst-auf-grosses-interesse\/#primaryimage"},"thumbnailUrl":"https:\/\/www.m-q.ch\/wp-content\/uploads\/2022\/09\/aeesuisse-Kongress-2022-stoesst-auf-grosses-Interesse_MQ.jpg","datePublished":"2022-09-02T11:40:10+00:00","dateModified":"2024-11-22T06:32:22+00:00","description":"Congresso aeesuisse 2022: discussione sulla transizione energetica e la sicurezza dell'approvvigionamento. Il Consigliere federale Sommaruga tiene il discorso di apertura.","breadcrumb":{"@id":"https:\/\/www.organisator.ch\/operational-excellence\/2022-09-02\/aeesuisse-kongress-2022-stosst-auf-grosses-interesse\/#breadcrumb"},"inLanguage":"it-IT","potentialAction":[{"@type":"ReadAction","target":["https:\/\/www.organisator.ch\/operational-excellence\/2022-09-02\/aeesuisse-kongress-2022-stosst-auf-grosses-interesse\/"]}]},{"@type":"ImageObject","inLanguage":"it-IT","@id":"https:\/\/www.organisator.ch\/operational-excellence\/2022-09-02\/aeesuisse-kongress-2022-stosst-auf-grosses-interesse\/#primaryimage","url":"https:\/\/www.m-q.ch\/wp-content\/uploads\/2022\/09\/aeesuisse-Kongress-2022-stoesst-auf-grosses-Interesse_MQ.jpg","contentUrl":"https:\/\/www.m-q.ch\/wp-content\/uploads\/2022\/09\/aeesuisse-Kongress-2022-stoesst-auf-grosses-Interesse_MQ.jpg"},{"@type":"BreadcrumbList","@id":"https:\/\/www.organisator.ch\/operational-excellence\/2022-09-02\/aeesuisse-kongress-2022-stosst-auf-grosses-interesse\/#breadcrumb","itemListElement":[{"@type":"ListItem","position":1,"name":"Home","item":"https:\/\/www.organisator.ch\/"},{"@type":"ListItem","position":2,"name":"aeesuisse Kongress 2022 st\u00f6sst auf grosses Interesse"}]},{"@type":"WebSite","@id":"https:\/\/www.organisator.ch\/#website","url":"https:\/\/www.organisator.ch\/","name":"Organizzatore","description":"Competente. Pratico. In 10 numeri all'anno, ORGANISATOR presenta i temi essenziali per i manager delle PMI.","publisher":{"@id":"https:\/\/www.organisator.ch\/#organization"},"potentialAction":[{"@type":"SearchAction","target":{"@type":"EntryPoint","urlTemplate":"https:\/\/www.organisator.ch\/?s={search_term_string}"},"query-input":{"@type":"PropertyValueSpecification","valueRequired":true,"valueName":"search_term_string"}}],"inLanguage":"it-IT"},{"@type":"Organization","@id":"https:\/\/www.organisator.ch\/#organization","name":"Organizzatore","url":"https:\/\/www.organisator.ch\/","logo":{"@type":"ImageObject","inLanguage":"it-IT","@id":"https:\/\/www.organisator.ch\/#\/schema\/logo\/image\/","url":"https:\/\/www.organisator.ch\/wp-content\/uploads\/2022\/01\/Logo_Organisator_Website.png","contentUrl":"https:\/\/www.organisator.ch\/wp-content\/uploads\/2022\/01\/Logo_Organisator_Website.png","width":800,"height":77,"caption":"Organisator"},"image":{"@id":"https:\/\/www.organisator.ch\/#\/schema\/logo\/image\/"},"sameAs":["https:\/\/www.facebook.com\/OrganisatorFachmagazin","https:\/\/www.linkedin.com\/showcase\/organisator-das-magazin-fr-kmu","https:\/\/www.xing.com\/news\/pages\/organisator-ch-695","https:\/\/www.youtube.com\/channel\/UCGP2Sq0iWaZwT3BdIAQFYpw"]},{"@type":"Person","@id":"https:\/\/www.organisator.ch\/#\/schema\/person\/4e51799071cd2dd1232ac003643ef5f0","name":"galledia","image":{"@type":"ImageObject","inLanguage":"it-IT","@id":"https:\/\/secure.gravatar.com\/avatar\/78a7f90c01fc2bfc875782a0d4922b37cde2cf184ce347b91316d23cd7f69a36?s=96&d=mm&r=g","url":"https:\/\/secure.gravatar.com\/avatar\/78a7f90c01fc2bfc875782a0d4922b37cde2cf184ce347b91316d23cd7f69a36?s=96&d=mm&r=g","contentUrl":"https:\/\/secure.gravatar.com\/avatar\/78a7f90c01fc2bfc875782a0d4922b37cde2cf184ce347b91316d23cd7f69a36?s=96&d=mm&r=g","caption":"galledia"},"sameAs":["https:\/\/x.com\/admin"],"url":"https:\/\/www.organisator.ch\/it\/author\/galledia\/"}]}},"_links":{"self":[{"href":"https:\/\/www.organisator.ch\/it\/wp-json\/wp\/v2\/posts\/16803","targetHints":{"allow":["GET"]}}],"collection":[{"href":"https:\/\/www.organisator.ch\/it\/wp-json\/wp\/v2\/posts"}],"about":[{"href":"https:\/\/www.organisator.ch\/it\/wp-json\/wp\/v2\/types\/post"}],"author":[{"embeddable":true,"href":"https:\/\/www.organisator.ch\/it\/wp-json\/wp\/v2\/users\/8"}],"replies":[{"embeddable":true,"href":"https:\/\/www.organisator.ch\/it\/wp-json\/wp\/v2\/comments?post=16803"}],"version-history":[{"count":4,"href":"https:\/\/www.organisator.ch\/it\/wp-json\/wp\/v2\/posts\/16803\/revisions"}],"predecessor-version":[{"id":33835,"href":"https:\/\/www.organisator.ch\/it\/wp-json\/wp\/v2\/posts\/16803\/revisions\/33835"}],"wp:attachment":[{"href":"https:\/\/www.organisator.ch\/it\/wp-json\/wp\/v2\/media?parent=16803"}],"wp:term":[{"taxonomy":"category","embeddable":true,"href":"https:\/\/www.organisator.ch\/it\/wp-json\/wp\/v2\/categories?post=16803"},{"taxonomy":"post_tag","embeddable":true,"href":"https:\/\/www.organisator.ch\/it\/wp-json\/wp\/v2\/tags?post=16803"}],"curies":[{"name":"wp","href":"https:\/\/api.w.org\/{rel}","templated":true}]}}