{"id":16817,"date":"2022-09-05T10:07:26","date_gmt":"2022-09-05T08:07:26","guid":{"rendered":"https:\/\/www.m-q.ch\/?p=16853"},"modified":"2024-11-22T07:26:39","modified_gmt":"2024-11-22T06:26:39","slug":"programma-di-mentoring-swiss-tecladies-il-satw-lanciato","status":"publish","type":"post","link":"https:\/\/www.organisator.ch\/it\/operational-excellence\/2022-09-05\/mentoringprogramm-swiss-tecladies-der-satw-gestartet\/","title":{"rendered":"Il programma di mentoring Swiss TecLadies \u00e8 stato lanciato dalla SATW"},"content":{"rendered":"<figure id=\"attachment_16854\" class=\"wp-caption alignnone\" style=\"width: 680px\" aria-describedby=\"caption-attachment-16854\"><img class=\"alignnone wp-image-16854 size-full\" src=\"https:\/\/www.m-q.ch\/wp-content\/uploads\/2022\/09\/Mentoringprogramm-Swiss-TecLadies-von-SATW-gestartet_MQ.jpg\" alt=\"TecLadies Svizzera\" width=\"680\" height=\"454\" \/>\r\n<figcaption id=\"caption-attachment-16854\" class=\"wp-caption-text\">Lancio del programma di mentoring Swiss TecLadies all'EPFL. (Immagine: SATW 2022)<\/figcaption>\r\n<\/figure>\r\n<p>Nel cuore dell'EPFL - scenario emblematico dell'innovazione - \u00e8 stato dato il segnale di partenza per la terza edizione del programma di mentoring, che offre alle ragazze di et\u00e0 compresa tra i 13 e i 16 anni una visione entusiasmante delle professioni tecniche, incoraggiandole cos\u00ec nelle discipline STEM. \"Per contrastare la carenza di lavoratori qualificati nei settori dell'informatica e della tecnologia, \u00e8 importante promuovere la prossima generazione di donne, che possono sicuramente prendere il loro posto in queste professioni ancora prevalentemente maschili\", spiega Sandra Weidmann, responsabile del programma Swiss TecLadies. Swiss TecLadies lavora con il <a href=\"https:\/\/www.unil.ch\/cepco\">Centro di ricerca in psicologia professionale e career counseling<\/a> (CePCO) dell'Universit\u00e0 di Losanna UNIL per dare al programma il massimo impatto possibile.<\/p>\r\n<h3><strong>Entusiasmo suscitato tra le TecLadies svizzere in erba<\/strong><\/h3>\r\n<p>La giornata \u00e8 iniziata con l'assemblea plenaria nell'aula magna dell'EPFL e con i discorsi di benvenuto del Direttore del Dipartimento di Promozione della Scienza SPS dell'EPFL, Dr. Farnaz Moser-Boroumand, e del Presidente del SATW, Prof. Dr. Beno\u00eet Dubuis. Sono seguiti gli interventi di varie personalit\u00e0 femminili note nel campo della tecnologia, dell'informatica e dei viaggi spaziali.<\/p>\r\n<p>Sul palco sono intervenuti esperti di fama come Deborah M\u00fcller, consulente per la tecnologia spaziale e le relazioni industriali, delegazione svizzera per l'armonizzazione tecnologica dell'ESA e mentore per la Svizzera tedesca, Eleonore Poli, dottoranda e astronauta analogica, e la Prof. Dr. Monica Landoni, ricercatrice e relatrice presso la Facolt\u00e0 di scienze informatiche dell'Universit\u00e0 della Svizzera italiana USI e mentore per la Svizzera meridionale. Chi era presente ha notato che la verve e l'entusiasmo delle presentazioni sono state in grado di convincere il pubblico affascinato della passione per le rispettive attivit\u00e0. I relatori hanno sottolineato la grande importanza della scienza per le sfide della societ\u00e0 moderna e hanno invitato le giovani donne a entrare in questi campi per contribuire a plasmare il mondo di domani.\u00a0<\/p>\r\n<h3><strong>Divertimento nel conoscersi a vicenda <\/strong><\/h3>\r\n<p>Dopo queste presentazioni, \u00e8 stato il momento per i mentee e i mentori di trovare la loro controparte nella sala. La ricerca \u00e8 stata accompagnata musicalmente dalla Post Tenebrass Band. Sotto forma di speed dating, \u00e8 stato necessario rispondere a diverse domande nel corso di pochi minuti per rompere il ghiaccio.\u00a0<\/p>\r\n<p>Dopo un pranzo in comune, i mentee hanno potuto partecipare a workshop di programmazione offerti dal Dipartimento di promozione scientifica SPS dell'EPFL in tedesco, francese e italiano. Farnaz Moser-Boroumand ha spiegato: \"Per affrontare le sfide attuali e future della nostra societ\u00e0, abbiamo bisogno di scienziati e ingegneri, donne e uomini. \u00c8 quindi essenziale fornire alle ragazze tutti gli strumenti per aumentare la loro fiducia in se stesse, in modo che vogliano intraprendere carriere scientifiche e ingegneristiche\". Durante questo periodo, i mentori hanno partecipato a un workshop dell'agenzia RADAR RP sul tema \"Comunicare meglio nella scienza\" o a una sessione informativa su \"Essere un mentore per una TecLady\".<\/p>\r\n<p>I tutor coinvolti nel programma sono specialisti nei settori della tecnologia, della scienza o anche dell'informatica e dell'aerospazio. Lavorano in un'ampia variet\u00e0 di aziende di tutta la Svizzera.<\/p>\r\n<p><em>Fonte: <a href=\"http:\/\/www.satw.ch\/\">SATW<\/a><\/em><\/p>\n<p class=\"syndicated-attribution\">Questo articolo \u00e8 apparso originariamente su m-q.ch - <a href=\"https:\/\/www.m-q.ch\/de\/mentoringprogramm-swiss-tecladies-der-satw-gestartet\/\" target=\"_blank\">https:\/\/www.m-q.ch\/de\/mentoringprogramm-swiss-tecladies-der-satw-gestartet\/<\/a><\/p>","protected":false},"excerpt":{"rendered":"<p>Im Herzen der EPFL \u2013 dem symboltr\u00e4chtigen Schauplatz von Innovationen \u2013 erfolgte der Startschuss zur dritten Ausgabe des Mentorings-Programms, welches M\u00e4dchen von 13-16-Jahren spannende Einblicke in technische Berufe gibt und sie so in den MINT-Disziplinen f\u00f6rdert. \u00abUm dem Mangel an qualifizierten Arbeitskr\u00e4ften in den Bereichen Informatik und Technik zu begegnen, ist es wichtig, den weiblichen [\u2026]<\/p>\n","protected":false},"author":8,"featured_media":0,"comment_status":"closed","ping_status":"closed","sticky":false,"template":"","format":"standard","meta":{"_acf_changed":false,"_yoast_wpseo_focuskw":"Swiss TecLadies","_yoast_wpseo_metadesc":"Swiss TecLadies: Mentoringprogramm f\u00fcr M\u00e4dchen startet an der EPFL. Einblicke in technische Berufe und MINT-F\u00f6rderung.","articlekey":"","footnotes":""},"categories":[582],"tags":[3371,3372],"class_list":["post-16817","post","type-post","status-publish","format-standard","hentry","category-operational-excellence","tag-frauenfoerderung","tag-mint-berufe"],"acf":[],"yoast_head":"<!-- This site is optimized with the Yoast SEO plugin v27.5 - https:\/\/yoast.com\/product\/yoast-seo-wordpress\/ -->\n<title>Mentoringprogramm Swiss TecLadies der SATW gestartet - Organisator<\/title>\n<meta name=\"description\" content=\"Swiss TecLadies: Mentoringprogramm f\u00fcr M\u00e4dchen startet an der EPFL. Einblicke in technische Berufe und MINT-F\u00f6rderung.\" \/>\n<meta name=\"robots\" content=\"index, follow, max-snippet:-1, max-image-preview:large, max-video-preview:-1\" \/>\n<link rel=\"canonical\" href=\"https:\/\/www.organisator.ch\/it\/eccellenza-operativa\/2022-09-05\/programma-di-mentoring-swiss-tecladies-il-satw-lanciato\/\" \/>\n<meta property=\"og:locale\" content=\"it_IT\" \/>\n<meta property=\"og:type\" content=\"article\" \/>\n<meta property=\"og:title\" content=\"Mentoringprogramm Swiss TecLadies der SATW gestartet - Organisator\" \/>\n<meta property=\"og:description\" content=\"Swiss TecLadies: Mentoringprogramm f\u00fcr M\u00e4dchen startet an der EPFL. Einblicke in technische Berufe und MINT-F\u00f6rderung.\" \/>\n<meta property=\"og:url\" content=\"https:\/\/www.organisator.ch\/it\/eccellenza-operativa\/2022-09-05\/programma-di-mentoring-swiss-tecladies-il-satw-lanciato\/\" \/>\n<meta property=\"og:site_name\" content=\"Organisator\" \/>\n<meta property=\"article:publisher\" content=\"https:\/\/www.facebook.com\/OrganisatorFachmagazin\" \/>\n<meta property=\"article:published_time\" content=\"2022-09-05T08:07:26+00:00\" \/>\n<meta property=\"article:modified_time\" content=\"2024-11-22T06:26:39+00:00\" \/>\n<meta property=\"og:image\" content=\"https:\/\/www.organisator.ch\/wp-content\/uploads\/2022\/09\/TOP-100-Swiss-Startup-Award-Die-besten-Startups-des-Jahres-2022_Organisator.jpg\" \/>\n\t<meta property=\"og:image:width\" content=\"680\" \/>\n\t<meta property=\"og:image:height\" content=\"453\" \/>\n\t<meta property=\"og:image:type\" content=\"image\/jpeg\" \/>\n<meta name=\"author\" content=\"galledia\" \/>\n<meta name=\"twitter:card\" content=\"summary_large_image\" \/>\n<meta name=\"twitter:creator\" content=\"@admin\" \/>\n<script type=\"application\/ld+json\" class=\"yoast-schema-graph\">{\"@context\":\"https:\\\/\\\/schema.org\",\"@graph\":[{\"@type\":\"Article\",\"@id\":\"https:\\\/\\\/www.organisator.ch\\\/operational-excellence\\\/2022-09-05\\\/mentoringprogramm-swiss-tecladies-der-satw-gestartet\\\/#article\",\"isPartOf\":{\"@id\":\"https:\\\/\\\/www.organisator.ch\\\/operational-excellence\\\/2022-09-05\\\/mentoringprogramm-swiss-tecladies-der-satw-gestartet\\\/\"},\"author\":{\"name\":\"galledia\",\"@id\":\"https:\\\/\\\/www.organisator.ch\\\/#\\\/schema\\\/person\\\/4e51799071cd2dd1232ac003643ef5f0\"},\"headline\":\"Mentoringprogramm Swiss TecLadies der SATW gestartet\",\"datePublished\":\"2022-09-05T08:07:26+00:00\",\"dateModified\":\"2024-11-22T06:26:39+00:00\",\"mainEntityOfPage\":{\"@id\":\"https:\\\/\\\/www.organisator.ch\\\/operational-excellence\\\/2022-09-05\\\/mentoringprogramm-swiss-tecladies-der-satw-gestartet\\\/\"},\"wordCount\":515,\"publisher\":{\"@id\":\"https:\\\/\\\/www.organisator.ch\\\/#organization\"},\"image\":{\"@id\":\"https:\\\/\\\/www.organisator.ch\\\/operational-excellence\\\/2022-09-05\\\/mentoringprogramm-swiss-tecladies-der-satw-gestartet\\\/#primaryimage\"},\"thumbnailUrl\":\"https:\\\/\\\/www.m-q.ch\\\/wp-content\\\/uploads\\\/2022\\\/09\\\/Mentoringprogramm-Swiss-TecLadies-von-SATW-gestartet_MQ.jpg\",\"keywords\":[\"Frauenf\u00f6rderung\",\"MINT Berufe\"],\"articleSection\":[\"OPERATIONAL EXCELLENCE\"],\"inLanguage\":\"it-IT\"},{\"@type\":\"WebPage\",\"@id\":\"https:\\\/\\\/www.organisator.ch\\\/operational-excellence\\\/2022-09-05\\\/mentoringprogramm-swiss-tecladies-der-satw-gestartet\\\/\",\"url\":\"https:\\\/\\\/www.organisator.ch\\\/operational-excellence\\\/2022-09-05\\\/mentoringprogramm-swiss-tecladies-der-satw-gestartet\\\/\",\"name\":\"Mentoringprogramm Swiss TecLadies der SATW gestartet - Organisator\",\"isPartOf\":{\"@id\":\"https:\\\/\\\/www.organisator.ch\\\/#website\"},\"primaryImageOfPage\":{\"@id\":\"https:\\\/\\\/www.organisator.ch\\\/operational-excellence\\\/2022-09-05\\\/mentoringprogramm-swiss-tecladies-der-satw-gestartet\\\/#primaryimage\"},\"image\":{\"@id\":\"https:\\\/\\\/www.organisator.ch\\\/operational-excellence\\\/2022-09-05\\\/mentoringprogramm-swiss-tecladies-der-satw-gestartet\\\/#primaryimage\"},\"thumbnailUrl\":\"https:\\\/\\\/www.m-q.ch\\\/wp-content\\\/uploads\\\/2022\\\/09\\\/Mentoringprogramm-Swiss-TecLadies-von-SATW-gestartet_MQ.jpg\",\"datePublished\":\"2022-09-05T08:07:26+00:00\",\"dateModified\":\"2024-11-22T06:26:39+00:00\",\"description\":\"Swiss TecLadies: Mentoringprogramm f\u00fcr M\u00e4dchen startet an der EPFL. Einblicke in technische Berufe und MINT-F\u00f6rderung.\",\"breadcrumb\":{\"@id\":\"https:\\\/\\\/www.organisator.ch\\\/operational-excellence\\\/2022-09-05\\\/mentoringprogramm-swiss-tecladies-der-satw-gestartet\\\/#breadcrumb\"},\"inLanguage\":\"it-IT\",\"potentialAction\":[{\"@type\":\"ReadAction\",\"target\":[\"https:\\\/\\\/www.organisator.ch\\\/operational-excellence\\\/2022-09-05\\\/mentoringprogramm-swiss-tecladies-der-satw-gestartet\\\/\"]}]},{\"@type\":\"ImageObject\",\"inLanguage\":\"it-IT\",\"@id\":\"https:\\\/\\\/www.organisator.ch\\\/operational-excellence\\\/2022-09-05\\\/mentoringprogramm-swiss-tecladies-der-satw-gestartet\\\/#primaryimage\",\"url\":\"https:\\\/\\\/www.m-q.ch\\\/wp-content\\\/uploads\\\/2022\\\/09\\\/Mentoringprogramm-Swiss-TecLadies-von-SATW-gestartet_MQ.jpg\",\"contentUrl\":\"https:\\\/\\\/www.m-q.ch\\\/wp-content\\\/uploads\\\/2022\\\/09\\\/Mentoringprogramm-Swiss-TecLadies-von-SATW-gestartet_MQ.jpg\"},{\"@type\":\"BreadcrumbList\",\"@id\":\"https:\\\/\\\/www.organisator.ch\\\/operational-excellence\\\/2022-09-05\\\/mentoringprogramm-swiss-tecladies-der-satw-gestartet\\\/#breadcrumb\",\"itemListElement\":[{\"@type\":\"ListItem\",\"position\":1,\"name\":\"Home\",\"item\":\"https:\\\/\\\/www.organisator.ch\\\/\"},{\"@type\":\"ListItem\",\"position\":2,\"name\":\"Mentoringprogramm Swiss TecLadies der SATW gestartet\"}]},{\"@type\":\"WebSite\",\"@id\":\"https:\\\/\\\/www.organisator.ch\\\/#website\",\"url\":\"https:\\\/\\\/www.organisator.ch\\\/\",\"name\":\"Organisator\",\"description\":\"Kompetent. Praxisnah. Der ORGANISATOR bereitet in 10 Ausgaben pro Jahr die wesentlichen Themen f\u00fcr F\u00fchrungskr\u00e4fte von KMU auf.\",\"publisher\":{\"@id\":\"https:\\\/\\\/www.organisator.ch\\\/#organization\"},\"potentialAction\":[{\"@type\":\"SearchAction\",\"target\":{\"@type\":\"EntryPoint\",\"urlTemplate\":\"https:\\\/\\\/www.organisator.ch\\\/?s={search_term_string}\"},\"query-input\":{\"@type\":\"PropertyValueSpecification\",\"valueRequired\":true,\"valueName\":\"search_term_string\"}}],\"inLanguage\":\"it-IT\"},{\"@type\":\"Organization\",\"@id\":\"https:\\\/\\\/www.organisator.ch\\\/#organization\",\"name\":\"Organisator\",\"url\":\"https:\\\/\\\/www.organisator.ch\\\/\",\"logo\":{\"@type\":\"ImageObject\",\"inLanguage\":\"it-IT\",\"@id\":\"https:\\\/\\\/www.organisator.ch\\\/#\\\/schema\\\/logo\\\/image\\\/\",\"url\":\"https:\\\/\\\/www.organisator.ch\\\/wp-content\\\/uploads\\\/2022\\\/01\\\/Logo_Organisator_Website.png\",\"contentUrl\":\"https:\\\/\\\/www.organisator.ch\\\/wp-content\\\/uploads\\\/2022\\\/01\\\/Logo_Organisator_Website.png\",\"width\":800,\"height\":77,\"caption\":\"Organisator\"},\"image\":{\"@id\":\"https:\\\/\\\/www.organisator.ch\\\/#\\\/schema\\\/logo\\\/image\\\/\"},\"sameAs\":[\"https:\\\/\\\/www.facebook.com\\\/OrganisatorFachmagazin\",\"https:\\\/\\\/www.linkedin.com\\\/showcase\\\/organisator-das-magazin-fr-kmu\",\"https:\\\/\\\/www.xing.com\\\/news\\\/pages\\\/organisator-ch-695\",\"https:\\\/\\\/www.youtube.com\\\/channel\\\/UCGP2Sq0iWaZwT3BdIAQFYpw\"]},{\"@type\":\"Person\",\"@id\":\"https:\\\/\\\/www.organisator.ch\\\/#\\\/schema\\\/person\\\/4e51799071cd2dd1232ac003643ef5f0\",\"name\":\"galledia\",\"image\":{\"@type\":\"ImageObject\",\"inLanguage\":\"it-IT\",\"@id\":\"https:\\\/\\\/secure.gravatar.com\\\/avatar\\\/78a7f90c01fc2bfc875782a0d4922b37cde2cf184ce347b91316d23cd7f69a36?s=96&d=mm&r=g\",\"url\":\"https:\\\/\\\/secure.gravatar.com\\\/avatar\\\/78a7f90c01fc2bfc875782a0d4922b37cde2cf184ce347b91316d23cd7f69a36?s=96&d=mm&r=g\",\"contentUrl\":\"https:\\\/\\\/secure.gravatar.com\\\/avatar\\\/78a7f90c01fc2bfc875782a0d4922b37cde2cf184ce347b91316d23cd7f69a36?s=96&d=mm&r=g\",\"caption\":\"galledia\"},\"sameAs\":[\"https:\\\/\\\/x.com\\\/admin\"],\"url\":\"https:\\\/\\\/www.organisator.ch\\\/it\\\/author\\\/galledia\\\/\"}]}<\/script>\n<!-- \/ Yoast SEO plugin. -->","yoast_head_json":{"title":"Il programma di tutoraggio Swiss TecLadies lanciato dalla SATW - Organizzatore","description":"Swiss TecLadies: Il programma di mentoring per le ragazze inizia all'EPFL. Approfondimenti sulle professioni tecniche e sulla promozione delle STEM.","robots":{"index":"index","follow":"follow","max-snippet":"max-snippet:-1","max-image-preview":"max-image-preview:large","max-video-preview":"max-video-preview:-1"},"canonical":"https:\/\/www.organisator.ch\/it\/eccellenza-operativa\/2022-09-05\/programma-di-mentoring-swiss-tecladies-il-satw-lanciato\/","og_locale":"it_IT","og_type":"article","og_title":"Mentoringprogramm Swiss TecLadies der SATW gestartet - Organisator","og_description":"Swiss TecLadies: Mentoringprogramm f\u00fcr M\u00e4dchen startet an der EPFL. Einblicke in technische Berufe und MINT-F\u00f6rderung.","og_url":"https:\/\/www.organisator.ch\/it\/eccellenza-operativa\/2022-09-05\/programma-di-mentoring-swiss-tecladies-il-satw-lanciato\/","og_site_name":"Organisator","article_publisher":"https:\/\/www.facebook.com\/OrganisatorFachmagazin","article_published_time":"2022-09-05T08:07:26+00:00","article_modified_time":"2024-11-22T06:26:39+00:00","og_image":[{"width":680,"height":453,"url":"https:\/\/www.organisator.ch\/wp-content\/uploads\/2022\/09\/TOP-100-Swiss-Startup-Award-Die-besten-Startups-des-Jahres-2022_Organisator.jpg","type":"image\/jpeg"}],"author":"galledia","twitter_card":"summary_large_image","twitter_creator":"@admin","schema":{"@context":"https:\/\/schema.org","@graph":[{"@type":"Article","@id":"https:\/\/www.organisator.ch\/operational-excellence\/2022-09-05\/mentoringprogramm-swiss-tecladies-der-satw-gestartet\/#article","isPartOf":{"@id":"https:\/\/www.organisator.ch\/operational-excellence\/2022-09-05\/mentoringprogramm-swiss-tecladies-der-satw-gestartet\/"},"author":{"name":"galledia","@id":"https:\/\/www.organisator.ch\/#\/schema\/person\/4e51799071cd2dd1232ac003643ef5f0"},"headline":"Mentoringprogramm Swiss TecLadies der SATW gestartet","datePublished":"2022-09-05T08:07:26+00:00","dateModified":"2024-11-22T06:26:39+00:00","mainEntityOfPage":{"@id":"https:\/\/www.organisator.ch\/operational-excellence\/2022-09-05\/mentoringprogramm-swiss-tecladies-der-satw-gestartet\/"},"wordCount":515,"publisher":{"@id":"https:\/\/www.organisator.ch\/#organization"},"image":{"@id":"https:\/\/www.organisator.ch\/operational-excellence\/2022-09-05\/mentoringprogramm-swiss-tecladies-der-satw-gestartet\/#primaryimage"},"thumbnailUrl":"https:\/\/www.m-q.ch\/wp-content\/uploads\/2022\/09\/Mentoringprogramm-Swiss-TecLadies-von-SATW-gestartet_MQ.jpg","keywords":["Frauenf\u00f6rderung","MINT Berufe"],"articleSection":["OPERATIONAL EXCELLENCE"],"inLanguage":"it-IT"},{"@type":"WebPage","@id":"https:\/\/www.organisator.ch\/operational-excellence\/2022-09-05\/mentoringprogramm-swiss-tecladies-der-satw-gestartet\/","url":"https:\/\/www.organisator.ch\/operational-excellence\/2022-09-05\/mentoringprogramm-swiss-tecladies-der-satw-gestartet\/","name":"Il programma di tutoraggio Swiss TecLadies lanciato dalla SATW - Organizzatore","isPartOf":{"@id":"https:\/\/www.organisator.ch\/#website"},"primaryImageOfPage":{"@id":"https:\/\/www.organisator.ch\/operational-excellence\/2022-09-05\/mentoringprogramm-swiss-tecladies-der-satw-gestartet\/#primaryimage"},"image":{"@id":"https:\/\/www.organisator.ch\/operational-excellence\/2022-09-05\/mentoringprogramm-swiss-tecladies-der-satw-gestartet\/#primaryimage"},"thumbnailUrl":"https:\/\/www.m-q.ch\/wp-content\/uploads\/2022\/09\/Mentoringprogramm-Swiss-TecLadies-von-SATW-gestartet_MQ.jpg","datePublished":"2022-09-05T08:07:26+00:00","dateModified":"2024-11-22T06:26:39+00:00","description":"Swiss TecLadies: Il programma di mentoring per le ragazze inizia all'EPFL. Approfondimenti sulle professioni tecniche e sulla promozione delle STEM.","breadcrumb":{"@id":"https:\/\/www.organisator.ch\/operational-excellence\/2022-09-05\/mentoringprogramm-swiss-tecladies-der-satw-gestartet\/#breadcrumb"},"inLanguage":"it-IT","potentialAction":[{"@type":"ReadAction","target":["https:\/\/www.organisator.ch\/operational-excellence\/2022-09-05\/mentoringprogramm-swiss-tecladies-der-satw-gestartet\/"]}]},{"@type":"ImageObject","inLanguage":"it-IT","@id":"https:\/\/www.organisator.ch\/operational-excellence\/2022-09-05\/mentoringprogramm-swiss-tecladies-der-satw-gestartet\/#primaryimage","url":"https:\/\/www.m-q.ch\/wp-content\/uploads\/2022\/09\/Mentoringprogramm-Swiss-TecLadies-von-SATW-gestartet_MQ.jpg","contentUrl":"https:\/\/www.m-q.ch\/wp-content\/uploads\/2022\/09\/Mentoringprogramm-Swiss-TecLadies-von-SATW-gestartet_MQ.jpg"},{"@type":"BreadcrumbList","@id":"https:\/\/www.organisator.ch\/operational-excellence\/2022-09-05\/mentoringprogramm-swiss-tecladies-der-satw-gestartet\/#breadcrumb","itemListElement":[{"@type":"ListItem","position":1,"name":"Home","item":"https:\/\/www.organisator.ch\/"},{"@type":"ListItem","position":2,"name":"Mentoringprogramm Swiss TecLadies der SATW gestartet"}]},{"@type":"WebSite","@id":"https:\/\/www.organisator.ch\/#website","url":"https:\/\/www.organisator.ch\/","name":"Organizzatore","description":"Competente. Pratico. In 10 numeri all'anno, ORGANISATOR presenta i temi essenziali per i manager delle PMI.","publisher":{"@id":"https:\/\/www.organisator.ch\/#organization"},"potentialAction":[{"@type":"SearchAction","target":{"@type":"EntryPoint","urlTemplate":"https:\/\/www.organisator.ch\/?s={search_term_string}"},"query-input":{"@type":"PropertyValueSpecification","valueRequired":true,"valueName":"search_term_string"}}],"inLanguage":"it-IT"},{"@type":"Organization","@id":"https:\/\/www.organisator.ch\/#organization","name":"Organizzatore","url":"https:\/\/www.organisator.ch\/","logo":{"@type":"ImageObject","inLanguage":"it-IT","@id":"https:\/\/www.organisator.ch\/#\/schema\/logo\/image\/","url":"https:\/\/www.organisator.ch\/wp-content\/uploads\/2022\/01\/Logo_Organisator_Website.png","contentUrl":"https:\/\/www.organisator.ch\/wp-content\/uploads\/2022\/01\/Logo_Organisator_Website.png","width":800,"height":77,"caption":"Organisator"},"image":{"@id":"https:\/\/www.organisator.ch\/#\/schema\/logo\/image\/"},"sameAs":["https:\/\/www.facebook.com\/OrganisatorFachmagazin","https:\/\/www.linkedin.com\/showcase\/organisator-das-magazin-fr-kmu","https:\/\/www.xing.com\/news\/pages\/organisator-ch-695","https:\/\/www.youtube.com\/channel\/UCGP2Sq0iWaZwT3BdIAQFYpw"]},{"@type":"Person","@id":"https:\/\/www.organisator.ch\/#\/schema\/person\/4e51799071cd2dd1232ac003643ef5f0","name":"galledia","image":{"@type":"ImageObject","inLanguage":"it-IT","@id":"https:\/\/secure.gravatar.com\/avatar\/78a7f90c01fc2bfc875782a0d4922b37cde2cf184ce347b91316d23cd7f69a36?s=96&d=mm&r=g","url":"https:\/\/secure.gravatar.com\/avatar\/78a7f90c01fc2bfc875782a0d4922b37cde2cf184ce347b91316d23cd7f69a36?s=96&d=mm&r=g","contentUrl":"https:\/\/secure.gravatar.com\/avatar\/78a7f90c01fc2bfc875782a0d4922b37cde2cf184ce347b91316d23cd7f69a36?s=96&d=mm&r=g","caption":"galledia"},"sameAs":["https:\/\/x.com\/admin"],"url":"https:\/\/www.organisator.ch\/it\/author\/galledia\/"}]}},"_links":{"self":[{"href":"https:\/\/www.organisator.ch\/it\/wp-json\/wp\/v2\/posts\/16817","targetHints":{"allow":["GET"]}}],"collection":[{"href":"https:\/\/www.organisator.ch\/it\/wp-json\/wp\/v2\/posts"}],"about":[{"href":"https:\/\/www.organisator.ch\/it\/wp-json\/wp\/v2\/types\/post"}],"author":[{"embeddable":true,"href":"https:\/\/www.organisator.ch\/it\/wp-json\/wp\/v2\/users\/8"}],"replies":[{"embeddable":true,"href":"https:\/\/www.organisator.ch\/it\/wp-json\/wp\/v2\/comments?post=16817"}],"version-history":[{"count":4,"href":"https:\/\/www.organisator.ch\/it\/wp-json\/wp\/v2\/posts\/16817\/revisions"}],"predecessor-version":[{"id":33830,"href":"https:\/\/www.organisator.ch\/it\/wp-json\/wp\/v2\/posts\/16817\/revisions\/33830"}],"wp:attachment":[{"href":"https:\/\/www.organisator.ch\/it\/wp-json\/wp\/v2\/media?parent=16817"}],"wp:term":[{"taxonomy":"category","embeddable":true,"href":"https:\/\/www.organisator.ch\/it\/wp-json\/wp\/v2\/categories?post=16817"},{"taxonomy":"post_tag","embeddable":true,"href":"https:\/\/www.organisator.ch\/it\/wp-json\/wp\/v2\/tags?post=16817"}],"curies":[{"name":"wp","href":"https:\/\/api.w.org\/{rel}","templated":true}]}}