{"id":16820,"date":"2022-09-05T13:22:03","date_gmt":"2022-09-05T11:22:03","guid":{"rendered":"https:\/\/www.m-q.ch\/?p=16856"},"modified":"2024-11-22T07:26:02","modified_gmt":"2024-11-22T06:26:02","slug":"37227-blitzeinschlaege-im-sommer-2022","status":"publish","type":"post","link":"https:\/\/www.organisator.ch\/it\/operational-excellence\/2022-09-05\/37227-blitzeinschlaege-im-sommer-2022\/","title":{"rendered":"37227 Fulmini nell'estate 2022"},"content":{"rendered":"<section class=\"Intro Press Release container\" data-partialxcmsid=\"\">\r\n<div class=\"row IntroText\">\r\n<div class=\"col col-xs-12 col-sm-12 col-md-8 hidden-xs\">\r\n<figure id=\"attachment_16859\" class=\"wp-caption alignnone\" style=\"width: 680px\" aria-describedby=\"caption-attachment-16859\"><img class=\"alignnone wp-image-16859 size-full\" src=\"https:\/\/www.m-q.ch\/wp-content\/uploads\/2022\/09\/37227-Blitzeinschlaege-im-Sommer-2022_MQ.jpg\" alt=\"Un fulmine colpisce la Svizzera\" width=\"680\" height=\"467\" \/>\r\n<figcaption id=\"caption-attachment-16859\" class=\"wp-caption-text\">Nell'estate del 2022 si \u00e8 registrato un numero significativamente inferiore di fulmini rispetto all'anno precedente. (Immagine: Siemens)<\/figcaption>\r\n<\/figure>\r\n<p class=\"IntroText\">Siemens misura l'attivit\u00e0 dei fulmini in Svizzera da oltre 20 anni. Il servizio di informazione sui fulmini BLIDS registra i dati dei cosiddetti fulmini di terra. Si tratta di quei fulmini che raggiungono effettivamente il suolo e quindi rappresentano un pericolo per le persone, gli animali e le infrastrutture. In Svizzera, il servizio \u00e8 utilizzato da un centinaio di clienti. Si tratta di compagnie assicurative, aziende industriali e vigili del fuoco, ma anche di gestori di campi da golf e privati.<\/p>\r\n<h3>Meno fulmini nell'estate 2022<\/h3>\r\n<div class=\"IntroText\">In tutta la Svizzera, quest'estate sono stati registrati 37.227 fulmini, rispetto ai circa 63.155 dello stesso periodo dell'anno scorso. Il numero pi\u00f9 alto di fulmini in Svizzera \u00e8 stato registrato nella citt\u00e0 di Correvon\/VD. Qui il sistema Siemens ha registrato 7,41 fulmini per chilometro.<sup>2<\/sup>.\u00a0 \u00a0<\/div>\r\n<p class=\"IntroText\">Se si considera la regione del Paese, le localit\u00e0 che hanno registrato il maggior numero di impatti sono le seguenti:\u00a0\u00a0<\/p>\r\n<\/div>\r\n<\/div>\r\n<\/section>\r\n<section class=\"container Row\" data-partialxcmsid=\"\">\r\n<div class=\"row withcols\">\r\n<div class=\"Box box col-xs-12 col-sm-12 col-md-12\" data-image=\"1\" data-child=\"16\" data-interaction=\"false\" data-pos=\"1\" data-maxlength=\"1\" data-mod=\"0\">\r\n<div class=\"row\">\r\n<div class=\"col-xs-12 col-sm-8 col-md-8 caption\">\r\n<div class=\"f-text\">\r\n<ul>\r\n\t<li>Svizzera nordoccidentale: Williberg\/AG, 5,28 lampi per km<sup>2<\/sup><\/li>\r\n\t<li>Svizzera orientale: Ermatingen\/TG, 3,83 lampi per km<sup>2<\/sup><\/li>\r\n\t<li>Svizzera meridionale: Ludiano\/TI, 4,38 lampi per km<sup>2<\/sup><\/li>\r\n\t<li>Svizzera occidentale: Correvon\/VD, 7,41 lampi per km<sup>2<\/sup><\/li>\r\n\t<li>Svizzera centrale: Feusisberg\/SZ, 4,17 lampi per km<sup>2<\/sup><\/li>\r\n\t<li>Zurigo: Erlenbach, 3,48 lampi per km<sup>2<\/sup>\u00a0\u00a0<\/li>\r\n<\/ul>\r\n<\/div>\r\n<div class=\"f-text\">Per la registrazione, BLIDS utilizza circa 150 stazioni di misura collegate in Europa. Oltre all'infrastruttura BLIDS in Svizzera, gli esperti Siemens gestiscono anche la rete di misura in Germania, Gran Bretagna, Francia, Paesi Bassi, Repubblica Ceca, Slovacchia e Ungheria.<\/div>\r\n<h3 class=\"f-text\"><b>Determinazione precisa a 100 metri<\/b><\/h3>\r\n<div class=\"f-text\">L'elevata precisione di BLIDS si basa sul principio del tempo di arrivo (TOA). La posizione del flash viene calcolata dalla differenza tra i tempi registrati nei ricevitori. Grazie al rapido aumento delle capacit\u00e0 di calcolo e di archiviazione, BLIDS riesce a trasmettere i dati in modo sempre pi\u00f9 veloce e preciso. \"Mentre prima ci volevano fino a 30 secondi per recuperare le informazioni su un fulmine nel sistema, oggi ne bastano dieci\", spiega Stephan Thern, responsabile del servizio informazioni sui fulmini di Siemens. \"Oggi siamo in grado di localizzare circa la met\u00e0 dei fulmini in un raggio di meno di 100 metri\". Le informazioni possono essere importanti per gli operatori delle linee elettriche ad alta tensione, ad esempio. In questo modo, in caso di caduta di una linea, \u00e8 possibile chiarire rapidamente se il responsabile dell'interruzione di corrente \u00e8 un fulmine o un albero caduto. \"Se confermiamo il fulmine, la linea pu\u00f2 essere ricollegata alla rete molto pi\u00f9 velocemente\". Per mettere i dati dei fulmini a disposizione dei clienti sui loro PC e dispositivi mobili, il servizio fulmini fornisce anche applicazioni basate su cloud.<\/div>\r\n<h3 class=\"f-text\"><b>Come funziona il sistema BLIDS<\/b><\/h3>\r\n<div class=\"f-text\">Ogni fulmine emette un segnale elettromagnetico o onde elettromagnetiche. Queste informazioni vengono registrate con le antenne e analizzate presso la sede di Siemens BLIDS a Karlsruhe. Oltre alla localizzazione precisa, questo metodo di misurazione e calcolo consente anche di rilevare la polarit\u00e0 e l'intensit\u00e0 di corrente, nonch\u00e9 i flash parziali all'interno di un flash complessivo. Pi\u00f9 precisi e veloci sono i dati, maggiore \u00e8 la protezione per le persone, gli impianti industriali e le infrastrutture. Le antenne sono progettate in modo da poter rilevare la direzione di provenienza del segnale. In combinazione con le informazioni provenienti da altre antenne, \u00e8 possibile determinare il punto di impatto. Il corso di un temporale pu\u00f2 quindi essere mostrato senza lacune.<\/div>\r\n<p class=\"f-text\">Con la spia gratuita BLIDS, gli interessati possono registrarsi su\u00a0<a href=\"https:\/\/www.blids.de\/\" rel=\"noopener\" data-href=\"https:\/\/www.blids.de\/\">www.blids.de<\/a> informazioni rapide e aggiornate sui fulmini in Svizzera.<\/p>\r\n<p><em>Fonte: <a href=\"https:\/\/new.siemens.com\/ch\/de.html\">Siemens<\/a><\/em><\/p>\r\n<\/div>\r\n<\/div>\r\n<\/div>\r\n<\/div>\r\n<\/section>\n<p class=\"syndicated-attribution\">Questo articolo \u00e8 apparso originariamente su m-q.ch - <a href=\"https:\/\/www.m-q.ch\/de\/37227-blitzeinschlaege-im-sommer-2022\/\" target=\"_blank\">https:\/\/www.m-q.ch\/de\/37227-blitzeinschlaege-im-sommer-2022\/<\/a><\/p>","protected":false},"excerpt":{"rendered":"<p>Seit mehr als 20 Jahren misst Siemens die Blitzaktivit\u00e4ten in der Schweiz. Mit dem Blitz-Informationsdienst BLIDS werden die Daten von sogenannten Erdblitzen registriert. Das sind jene Blitze, die tats\u00e4chlich den Boden erreichen und somit eine Gefahr f\u00fcr Mensch, Tier und Infrastrukturanlagen darstellen. In der Schweiz wird der Dienst von rund hundert Kundinnen und Kundinnen genutzt. [\u2026]<\/p>\n","protected":false},"author":8,"featured_media":0,"comment_status":"closed","ping_status":"closed","sticky":false,"template":"","format":"standard","meta":{"_acf_changed":false,"_yoast_wpseo_focuskw":"Blitzeinschl\u00e4ge Schweiz","_yoast_wpseo_metadesc":"Sommer 2022: Deutlich weniger Blitzeinschl\u00e4ge in der Schweiz. Siemens BLIDS misst Blitzaktivit\u00e4ten pr\u00e4zise.","articlekey":"","footnotes":""},"categories":[582],"tags":[],"class_list":["post-16820","post","type-post","status-publish","format-standard","hentry","category-operational-excellence"],"acf":[],"yoast_head":"<!-- This site is optimized with the Yoast SEO plugin v27.5 - https:\/\/yoast.com\/product\/yoast-seo-wordpress\/ -->\n<title>37227 Blitzeinschl\u00e4ge im Sommer 2022 - Organisator<\/title>\n<meta name=\"description\" content=\"Sommer 2022: Deutlich weniger Blitzeinschl\u00e4ge in der Schweiz. Siemens BLIDS misst Blitzaktivit\u00e4ten pr\u00e4zise.\" \/>\n<meta name=\"robots\" content=\"index, follow, max-snippet:-1, max-image-preview:large, max-video-preview:-1\" \/>\n<link rel=\"canonical\" href=\"https:\/\/www.organisator.ch\/it\/eccellenza-operativa\/2022-09-05\/37227-blitzeinschlaege-im-sommer-2022\/\" \/>\n<meta property=\"og:locale\" content=\"it_IT\" \/>\n<meta property=\"og:type\" content=\"article\" \/>\n<meta property=\"og:title\" content=\"37227 Blitzeinschl\u00e4ge im Sommer 2022 - Organisator\" \/>\n<meta property=\"og:description\" content=\"Sommer 2022: Deutlich weniger Blitzeinschl\u00e4ge in der Schweiz. Siemens BLIDS misst Blitzaktivit\u00e4ten pr\u00e4zise.\" \/>\n<meta property=\"og:url\" content=\"https:\/\/www.organisator.ch\/it\/eccellenza-operativa\/2022-09-05\/37227-blitzeinschlaege-im-sommer-2022\/\" \/>\n<meta property=\"og:site_name\" content=\"Organisator\" \/>\n<meta property=\"article:publisher\" content=\"https:\/\/www.facebook.com\/OrganisatorFachmagazin\" \/>\n<meta property=\"article:published_time\" content=\"2022-09-05T11:22:03+00:00\" \/>\n<meta property=\"article:modified_time\" content=\"2024-11-22T06:26:02+00:00\" \/>\n<meta name=\"author\" content=\"galledia\" \/>\n<meta name=\"twitter:card\" content=\"summary_large_image\" \/>\n<meta name=\"twitter:creator\" content=\"@admin\" \/>\n<script type=\"application\/ld+json\" class=\"yoast-schema-graph\">{\"@context\":\"https:\\\/\\\/schema.org\",\"@graph\":[{\"@type\":\"Article\",\"@id\":\"https:\\\/\\\/www.organisator.ch\\\/operational-excellence\\\/2022-09-05\\\/37227-blitzeinschlaege-im-sommer-2022\\\/#article\",\"isPartOf\":{\"@id\":\"https:\\\/\\\/www.organisator.ch\\\/operational-excellence\\\/2022-09-05\\\/37227-blitzeinschlaege-im-sommer-2022\\\/\"},\"author\":{\"name\":\"galledia\",\"@id\":\"https:\\\/\\\/www.organisator.ch\\\/#\\\/schema\\\/person\\\/4e51799071cd2dd1232ac003643ef5f0\"},\"headline\":\"37227 Blitzeinschl\u00e4ge im Sommer 2022\",\"datePublished\":\"2022-09-05T11:22:03+00:00\",\"dateModified\":\"2024-11-22T06:26:02+00:00\",\"mainEntityOfPage\":{\"@id\":\"https:\\\/\\\/www.organisator.ch\\\/operational-excellence\\\/2022-09-05\\\/37227-blitzeinschlaege-im-sommer-2022\\\/\"},\"wordCount\":524,\"publisher\":{\"@id\":\"https:\\\/\\\/www.organisator.ch\\\/#organization\"},\"image\":{\"@id\":\"https:\\\/\\\/www.organisator.ch\\\/operational-excellence\\\/2022-09-05\\\/37227-blitzeinschlaege-im-sommer-2022\\\/#primaryimage\"},\"thumbnailUrl\":\"https:\\\/\\\/www.m-q.ch\\\/wp-content\\\/uploads\\\/2022\\\/09\\\/37227-Blitzeinschlaege-im-Sommer-2022_MQ.jpg\",\"articleSection\":[\"OPERATIONAL EXCELLENCE\"],\"inLanguage\":\"it-IT\"},{\"@type\":\"WebPage\",\"@id\":\"https:\\\/\\\/www.organisator.ch\\\/operational-excellence\\\/2022-09-05\\\/37227-blitzeinschlaege-im-sommer-2022\\\/\",\"url\":\"https:\\\/\\\/www.organisator.ch\\\/operational-excellence\\\/2022-09-05\\\/37227-blitzeinschlaege-im-sommer-2022\\\/\",\"name\":\"37227 Blitzeinschl\u00e4ge im Sommer 2022 - Organisator\",\"isPartOf\":{\"@id\":\"https:\\\/\\\/www.organisator.ch\\\/#website\"},\"primaryImageOfPage\":{\"@id\":\"https:\\\/\\\/www.organisator.ch\\\/operational-excellence\\\/2022-09-05\\\/37227-blitzeinschlaege-im-sommer-2022\\\/#primaryimage\"},\"image\":{\"@id\":\"https:\\\/\\\/www.organisator.ch\\\/operational-excellence\\\/2022-09-05\\\/37227-blitzeinschlaege-im-sommer-2022\\\/#primaryimage\"},\"thumbnailUrl\":\"https:\\\/\\\/www.m-q.ch\\\/wp-content\\\/uploads\\\/2022\\\/09\\\/37227-Blitzeinschlaege-im-Sommer-2022_MQ.jpg\",\"datePublished\":\"2022-09-05T11:22:03+00:00\",\"dateModified\":\"2024-11-22T06:26:02+00:00\",\"description\":\"Sommer 2022: Deutlich weniger Blitzeinschl\u00e4ge in der Schweiz. Siemens BLIDS misst Blitzaktivit\u00e4ten pr\u00e4zise.\",\"breadcrumb\":{\"@id\":\"https:\\\/\\\/www.organisator.ch\\\/operational-excellence\\\/2022-09-05\\\/37227-blitzeinschlaege-im-sommer-2022\\\/#breadcrumb\"},\"inLanguage\":\"it-IT\",\"potentialAction\":[{\"@type\":\"ReadAction\",\"target\":[\"https:\\\/\\\/www.organisator.ch\\\/operational-excellence\\\/2022-09-05\\\/37227-blitzeinschlaege-im-sommer-2022\\\/\"]}]},{\"@type\":\"ImageObject\",\"inLanguage\":\"it-IT\",\"@id\":\"https:\\\/\\\/www.organisator.ch\\\/operational-excellence\\\/2022-09-05\\\/37227-blitzeinschlaege-im-sommer-2022\\\/#primaryimage\",\"url\":\"https:\\\/\\\/www.m-q.ch\\\/wp-content\\\/uploads\\\/2022\\\/09\\\/37227-Blitzeinschlaege-im-Sommer-2022_MQ.jpg\",\"contentUrl\":\"https:\\\/\\\/www.m-q.ch\\\/wp-content\\\/uploads\\\/2022\\\/09\\\/37227-Blitzeinschlaege-im-Sommer-2022_MQ.jpg\"},{\"@type\":\"BreadcrumbList\",\"@id\":\"https:\\\/\\\/www.organisator.ch\\\/operational-excellence\\\/2022-09-05\\\/37227-blitzeinschlaege-im-sommer-2022\\\/#breadcrumb\",\"itemListElement\":[{\"@type\":\"ListItem\",\"position\":1,\"name\":\"Home\",\"item\":\"https:\\\/\\\/www.organisator.ch\\\/\"},{\"@type\":\"ListItem\",\"position\":2,\"name\":\"37227 Blitzeinschl\u00e4ge im Sommer 2022\"}]},{\"@type\":\"WebSite\",\"@id\":\"https:\\\/\\\/www.organisator.ch\\\/#website\",\"url\":\"https:\\\/\\\/www.organisator.ch\\\/\",\"name\":\"Organisator\",\"description\":\"Kompetent. Praxisnah. Der ORGANISATOR bereitet in 10 Ausgaben pro Jahr die wesentlichen Themen f\u00fcr F\u00fchrungskr\u00e4fte von KMU auf.\",\"publisher\":{\"@id\":\"https:\\\/\\\/www.organisator.ch\\\/#organization\"},\"potentialAction\":[{\"@type\":\"SearchAction\",\"target\":{\"@type\":\"EntryPoint\",\"urlTemplate\":\"https:\\\/\\\/www.organisator.ch\\\/?s={search_term_string}\"},\"query-input\":{\"@type\":\"PropertyValueSpecification\",\"valueRequired\":true,\"valueName\":\"search_term_string\"}}],\"inLanguage\":\"it-IT\"},{\"@type\":\"Organization\",\"@id\":\"https:\\\/\\\/www.organisator.ch\\\/#organization\",\"name\":\"Organisator\",\"url\":\"https:\\\/\\\/www.organisator.ch\\\/\",\"logo\":{\"@type\":\"ImageObject\",\"inLanguage\":\"it-IT\",\"@id\":\"https:\\\/\\\/www.organisator.ch\\\/#\\\/schema\\\/logo\\\/image\\\/\",\"url\":\"https:\\\/\\\/www.organisator.ch\\\/wp-content\\\/uploads\\\/2022\\\/01\\\/Logo_Organisator_Website.png\",\"contentUrl\":\"https:\\\/\\\/www.organisator.ch\\\/wp-content\\\/uploads\\\/2022\\\/01\\\/Logo_Organisator_Website.png\",\"width\":800,\"height\":77,\"caption\":\"Organisator\"},\"image\":{\"@id\":\"https:\\\/\\\/www.organisator.ch\\\/#\\\/schema\\\/logo\\\/image\\\/\"},\"sameAs\":[\"https:\\\/\\\/www.facebook.com\\\/OrganisatorFachmagazin\",\"https:\\\/\\\/www.linkedin.com\\\/showcase\\\/organisator-das-magazin-fr-kmu\",\"https:\\\/\\\/www.xing.com\\\/news\\\/pages\\\/organisator-ch-695\",\"https:\\\/\\\/www.youtube.com\\\/channel\\\/UCGP2Sq0iWaZwT3BdIAQFYpw\"]},{\"@type\":\"Person\",\"@id\":\"https:\\\/\\\/www.organisator.ch\\\/#\\\/schema\\\/person\\\/4e51799071cd2dd1232ac003643ef5f0\",\"name\":\"galledia\",\"image\":{\"@type\":\"ImageObject\",\"inLanguage\":\"it-IT\",\"@id\":\"https:\\\/\\\/secure.gravatar.com\\\/avatar\\\/78a7f90c01fc2bfc875782a0d4922b37cde2cf184ce347b91316d23cd7f69a36?s=96&d=mm&r=g\",\"url\":\"https:\\\/\\\/secure.gravatar.com\\\/avatar\\\/78a7f90c01fc2bfc875782a0d4922b37cde2cf184ce347b91316d23cd7f69a36?s=96&d=mm&r=g\",\"contentUrl\":\"https:\\\/\\\/secure.gravatar.com\\\/avatar\\\/78a7f90c01fc2bfc875782a0d4922b37cde2cf184ce347b91316d23cd7f69a36?s=96&d=mm&r=g\",\"caption\":\"galledia\"},\"sameAs\":[\"https:\\\/\\\/x.com\\\/admin\"],\"url\":\"https:\\\/\\\/www.organisator.ch\\\/it\\\/author\\\/galledia\\\/\"}]}<\/script>\n<!-- \/ Yoast SEO plugin. -->","yoast_head_json":{"title":"37227 Fulmini nell'estate 2022 - Organizzatore","description":"Estate 2022: in Svizzera si registra un numero nettamente inferiore di fulmini. Siemens BLIDS misura con precisione l'attivit\u00e0 dei fulmini.","robots":{"index":"index","follow":"follow","max-snippet":"max-snippet:-1","max-image-preview":"max-image-preview:large","max-video-preview":"max-video-preview:-1"},"canonical":"https:\/\/www.organisator.ch\/it\/eccellenza-operativa\/2022-09-05\/37227-blitzeinschlaege-im-sommer-2022\/","og_locale":"it_IT","og_type":"article","og_title":"37227 Blitzeinschl\u00e4ge im Sommer 2022 - Organisator","og_description":"Sommer 2022: Deutlich weniger Blitzeinschl\u00e4ge in der Schweiz. Siemens BLIDS misst Blitzaktivit\u00e4ten pr\u00e4zise.","og_url":"https:\/\/www.organisator.ch\/it\/eccellenza-operativa\/2022-09-05\/37227-blitzeinschlaege-im-sommer-2022\/","og_site_name":"Organisator","article_publisher":"https:\/\/www.facebook.com\/OrganisatorFachmagazin","article_published_time":"2022-09-05T11:22:03+00:00","article_modified_time":"2024-11-22T06:26:02+00:00","author":"galledia","twitter_card":"summary_large_image","twitter_creator":"@admin","schema":{"@context":"https:\/\/schema.org","@graph":[{"@type":"Article","@id":"https:\/\/www.organisator.ch\/operational-excellence\/2022-09-05\/37227-blitzeinschlaege-im-sommer-2022\/#article","isPartOf":{"@id":"https:\/\/www.organisator.ch\/operational-excellence\/2022-09-05\/37227-blitzeinschlaege-im-sommer-2022\/"},"author":{"name":"galledia","@id":"https:\/\/www.organisator.ch\/#\/schema\/person\/4e51799071cd2dd1232ac003643ef5f0"},"headline":"37227 Blitzeinschl\u00e4ge im Sommer 2022","datePublished":"2022-09-05T11:22:03+00:00","dateModified":"2024-11-22T06:26:02+00:00","mainEntityOfPage":{"@id":"https:\/\/www.organisator.ch\/operational-excellence\/2022-09-05\/37227-blitzeinschlaege-im-sommer-2022\/"},"wordCount":524,"publisher":{"@id":"https:\/\/www.organisator.ch\/#organization"},"image":{"@id":"https:\/\/www.organisator.ch\/operational-excellence\/2022-09-05\/37227-blitzeinschlaege-im-sommer-2022\/#primaryimage"},"thumbnailUrl":"https:\/\/www.m-q.ch\/wp-content\/uploads\/2022\/09\/37227-Blitzeinschlaege-im-Sommer-2022_MQ.jpg","articleSection":["OPERATIONAL EXCELLENCE"],"inLanguage":"it-IT"},{"@type":"WebPage","@id":"https:\/\/www.organisator.ch\/operational-excellence\/2022-09-05\/37227-blitzeinschlaege-im-sommer-2022\/","url":"https:\/\/www.organisator.ch\/operational-excellence\/2022-09-05\/37227-blitzeinschlaege-im-sommer-2022\/","name":"37227 Fulmini nell'estate 2022 - Organizzatore","isPartOf":{"@id":"https:\/\/www.organisator.ch\/#website"},"primaryImageOfPage":{"@id":"https:\/\/www.organisator.ch\/operational-excellence\/2022-09-05\/37227-blitzeinschlaege-im-sommer-2022\/#primaryimage"},"image":{"@id":"https:\/\/www.organisator.ch\/operational-excellence\/2022-09-05\/37227-blitzeinschlaege-im-sommer-2022\/#primaryimage"},"thumbnailUrl":"https:\/\/www.m-q.ch\/wp-content\/uploads\/2022\/09\/37227-Blitzeinschlaege-im-Sommer-2022_MQ.jpg","datePublished":"2022-09-05T11:22:03+00:00","dateModified":"2024-11-22T06:26:02+00:00","description":"Estate 2022: in Svizzera si registra un numero nettamente inferiore di fulmini. Siemens BLIDS misura con precisione l'attivit\u00e0 dei fulmini.","breadcrumb":{"@id":"https:\/\/www.organisator.ch\/operational-excellence\/2022-09-05\/37227-blitzeinschlaege-im-sommer-2022\/#breadcrumb"},"inLanguage":"it-IT","potentialAction":[{"@type":"ReadAction","target":["https:\/\/www.organisator.ch\/operational-excellence\/2022-09-05\/37227-blitzeinschlaege-im-sommer-2022\/"]}]},{"@type":"ImageObject","inLanguage":"it-IT","@id":"https:\/\/www.organisator.ch\/operational-excellence\/2022-09-05\/37227-blitzeinschlaege-im-sommer-2022\/#primaryimage","url":"https:\/\/www.m-q.ch\/wp-content\/uploads\/2022\/09\/37227-Blitzeinschlaege-im-Sommer-2022_MQ.jpg","contentUrl":"https:\/\/www.m-q.ch\/wp-content\/uploads\/2022\/09\/37227-Blitzeinschlaege-im-Sommer-2022_MQ.jpg"},{"@type":"BreadcrumbList","@id":"https:\/\/www.organisator.ch\/operational-excellence\/2022-09-05\/37227-blitzeinschlaege-im-sommer-2022\/#breadcrumb","itemListElement":[{"@type":"ListItem","position":1,"name":"Home","item":"https:\/\/www.organisator.ch\/"},{"@type":"ListItem","position":2,"name":"37227 Blitzeinschl\u00e4ge im Sommer 2022"}]},{"@type":"WebSite","@id":"https:\/\/www.organisator.ch\/#website","url":"https:\/\/www.organisator.ch\/","name":"Organizzatore","description":"Competente. Pratico. In 10 numeri all'anno, ORGANISATOR presenta i temi essenziali per i manager delle PMI.","publisher":{"@id":"https:\/\/www.organisator.ch\/#organization"},"potentialAction":[{"@type":"SearchAction","target":{"@type":"EntryPoint","urlTemplate":"https:\/\/www.organisator.ch\/?s={search_term_string}"},"query-input":{"@type":"PropertyValueSpecification","valueRequired":true,"valueName":"search_term_string"}}],"inLanguage":"it-IT"},{"@type":"Organization","@id":"https:\/\/www.organisator.ch\/#organization","name":"Organizzatore","url":"https:\/\/www.organisator.ch\/","logo":{"@type":"ImageObject","inLanguage":"it-IT","@id":"https:\/\/www.organisator.ch\/#\/schema\/logo\/image\/","url":"https:\/\/www.organisator.ch\/wp-content\/uploads\/2022\/01\/Logo_Organisator_Website.png","contentUrl":"https:\/\/www.organisator.ch\/wp-content\/uploads\/2022\/01\/Logo_Organisator_Website.png","width":800,"height":77,"caption":"Organisator"},"image":{"@id":"https:\/\/www.organisator.ch\/#\/schema\/logo\/image\/"},"sameAs":["https:\/\/www.facebook.com\/OrganisatorFachmagazin","https:\/\/www.linkedin.com\/showcase\/organisator-das-magazin-fr-kmu","https:\/\/www.xing.com\/news\/pages\/organisator-ch-695","https:\/\/www.youtube.com\/channel\/UCGP2Sq0iWaZwT3BdIAQFYpw"]},{"@type":"Person","@id":"https:\/\/www.organisator.ch\/#\/schema\/person\/4e51799071cd2dd1232ac003643ef5f0","name":"galledia","image":{"@type":"ImageObject","inLanguage":"it-IT","@id":"https:\/\/secure.gravatar.com\/avatar\/78a7f90c01fc2bfc875782a0d4922b37cde2cf184ce347b91316d23cd7f69a36?s=96&d=mm&r=g","url":"https:\/\/secure.gravatar.com\/avatar\/78a7f90c01fc2bfc875782a0d4922b37cde2cf184ce347b91316d23cd7f69a36?s=96&d=mm&r=g","contentUrl":"https:\/\/secure.gravatar.com\/avatar\/78a7f90c01fc2bfc875782a0d4922b37cde2cf184ce347b91316d23cd7f69a36?s=96&d=mm&r=g","caption":"galledia"},"sameAs":["https:\/\/x.com\/admin"],"url":"https:\/\/www.organisator.ch\/it\/author\/galledia\/"}]}},"_links":{"self":[{"href":"https:\/\/www.organisator.ch\/it\/wp-json\/wp\/v2\/posts\/16820","targetHints":{"allow":["GET"]}}],"collection":[{"href":"https:\/\/www.organisator.ch\/it\/wp-json\/wp\/v2\/posts"}],"about":[{"href":"https:\/\/www.organisator.ch\/it\/wp-json\/wp\/v2\/types\/post"}],"author":[{"embeddable":true,"href":"https:\/\/www.organisator.ch\/it\/wp-json\/wp\/v2\/users\/8"}],"replies":[{"embeddable":true,"href":"https:\/\/www.organisator.ch\/it\/wp-json\/wp\/v2\/comments?post=16820"}],"version-history":[{"count":3,"href":"https:\/\/www.organisator.ch\/it\/wp-json\/wp\/v2\/posts\/16820\/revisions"}],"predecessor-version":[{"id":33828,"href":"https:\/\/www.organisator.ch\/it\/wp-json\/wp\/v2\/posts\/16820\/revisions\/33828"}],"wp:attachment":[{"href":"https:\/\/www.organisator.ch\/it\/wp-json\/wp\/v2\/media?parent=16820"}],"wp:term":[{"taxonomy":"category","embeddable":true,"href":"https:\/\/www.organisator.ch\/it\/wp-json\/wp\/v2\/categories?post=16820"},{"taxonomy":"post_tag","embeddable":true,"href":"https:\/\/www.organisator.ch\/it\/wp-json\/wp\/v2\/tags?post=16820"}],"curies":[{"name":"wp","href":"https:\/\/api.w.org\/{rel}","templated":true}]}}