{"id":16823,"date":"2022-09-06T09:07:30","date_gmt":"2022-09-06T07:07:30","guid":{"rendered":"https:\/\/www.organisator.ch\/?p=16823"},"modified":"2022-09-06T09:07:30","modified_gmt":"2022-09-06T07:07:30","slug":"nuova-campagna-avra-felicita-nel-lavoro","status":"publish","type":"post","link":"https:\/\/www.organisator.ch\/it\/human-resources\/2022-09-06\/neue-kampagne-will-freude-am-job-vermitteln\/","title":{"rendered":"La nuova campagna mira a trasmettere la gioia del lavoro"},"content":{"rendered":"<figure id=\"attachment_16825\" aria-describedby=\"caption-attachment-16825\" style=\"width: 680px\" class=\"wp-caption alignnone\"><img loading=\"lazy\" decoding=\"async\" class=\"size-full wp-image-16825\" src=\"https:\/\/www.organisator.ch\/wp-content\/uploads\/2022\/09\/Neue-Kampagne-will-Freude-am-Job-vermitteln_Organisator.jpg\" alt=\"\" width=\"680\" height=\"329\" srcset=\"https:\/\/www.organisator.ch\/wp-content\/uploads\/2022\/09\/Neue-Kampagne-will-Freude-am-Job-vermitteln_Organisator.jpg 680w, https:\/\/www.organisator.ch\/wp-content\/uploads\/2022\/09\/Neue-Kampagne-will-Freude-am-Job-vermitteln_Organisator-18x9.jpg 18w, https:\/\/www.organisator.ch\/wp-content\/uploads\/2022\/09\/Neue-Kampagne-will-Freude-am-Job-vermitteln_Organisator-362x175.jpg 362w, https:\/\/www.organisator.ch\/wp-content\/uploads\/2022\/09\/Neue-Kampagne-will-Freude-am-Job-vermitteln_Organisator-300x145.jpg 300w\" sizes=\"auto, (max-width: 680px) 100vw, 680px\" \/><figcaption id=\"caption-attachment-16825\" class=\"wp-caption-text\">La nuova campagna di jobs.ch \"Smetti di lavorare. Amate quello che fate\". (Immagine: jobs.ch)<\/figcaption><\/figure>\n<p>Secondo un'indagine condotta da LINK per conto di JobCloud (<a href=\"https:\/\/www.jobs.ch\" target=\"_blank\" rel=\"noopener\">lavori.ch<\/a> \/ <a href=\"https:\/\/www.jobup.ch\" target=\"_blank\" rel=\"noopener\">jobup.ch<\/a>), il 40% dei dipendenti ama attualmente il proprio lavoro. Inoltre, un dipendente su due in Svizzera non si sente adeguatamente valorizzato sul lavoro, mentre una persona su quattro sta seriamente pensando di cambiare azienda. Inoltre, per circa due terzi dei dipendenti svizzeri, lo stipendio \u00e8 un valore importante sul lavoro. Per questo studio sono stati intervistati 1034 professionisti di et\u00e0 compresa tra i 16 e i 60 anni della Svizzera tedesca e francese.<\/p>\n<h3>Nuova campagna per un maggiore amore per il lavoro<\/h3>\n<p>Aiutare i lavoratori ad essere felici nel loro lavoro e permettere loro di trovare il lavoro dei loro sogni sono gli obiettivi della nuova campagna di jobs.ch e jobup.ch: \"Smetti di lavorare. Ama ci\u00f2 che fai\", lanciato il 5 settembre. Tuttavia, la nuova campagna dei due portali di lavoro di JobCloud non vuole principalmente invitare le persone a lasciare il loro attuale lavoro. Piuttosto, vuole sfidarli a mettere in discussione la loro routine lavorativa quotidiana e a fare tutto il possibile per godersi il lavoro. JobCloud offre strumenti di reclutamento per aiutare a trovare un lavoro o un'azienda che porti a una maggiore soddisfazione. La possibilit\u00e0 di essere avvisati quando il lavoro ideale diventa disponibile o di vedere se il salario \u00e8 adeguato aiuter\u00e0 nella ricerca del lavoro dei sogni.<\/p>\n<p>Un altro obiettivo della campagna \u00e8 quello di rendere la Svizzera un luogo in cui il maggior numero possibile di persone abbia un lavoro che ama. Questo \u00e8 importante sia per i dipendenti che per i datori di lavoro. Le persone che amano il proprio lavoro sono pi\u00f9 impegnate, pi\u00f9 creative e meno stressate. In questo modo si riduce anche il turnover dei dipendenti. Pertanto, dovrebbe essere nell'interesse di tutte le aziende assicurarsi pi\u00f9 che mai che il personale ami il proprio lavoro.<\/p>\n<h3>Comunicare il significato del lavoro<\/h3>\n<p>\"Sappiamo che un senso di appartenenza al proprio lavoro pu\u00f2 portare a una maggiore soddisfazione in tutti gli ambiti della vita. Ecco perch\u00e9 suggeriamo alle aziende di rispondere meglio alle esigenze dei propri dipendenti, ad esempio coinvolgendoli nella definizione degli obiettivi, dando loro fiducia e concedendo loro flessibilit\u00e0. I dipendenti ottengono un maggiore controllo sul proprio equilibrio tra lavoro e vita privata. E questo ripaga: Non solo l'azienda ottiene dipendenti pi\u00f9 produttivi, impegnati e soddisfatti, ma ha anche maggiori probabilit\u00e0 di attrarre i migliori talenti\", spiega Davide Villa, CEO di JobCloud.<\/p>\n<p>L'indagine mostra chiaramente che i dipendenti che amano il proprio lavoro sono generalmente pi\u00f9 soddisfatti, che si tratti del lavoro, dell'azienda o dello stipendio. In genere preferiscono andare a lavorare, sono pi\u00f9 propensi a vedere il significato del loro lavoro e la maggior parte di loro afferma che il loro lavoro ha anche un effetto di arricchimento sulla loro altra vita. \"In JobCloud crediamo fermamente che se si trova un lavoro che si ama, non ci si sentir\u00e0 pi\u00f9 costretti a lavorare\", conclude Villa.<\/p>\n<p><a href=\"https:\/\/lovewhatyoudo.jobs.ch\/de\/\"><em>Clicca qui per la campagna<\/em><\/a><\/p>","protected":false},"excerpt":{"rendered":"<p>Gem\u00e4ss einer Befragung, die LINK im Auftrag von JobCloud (jobs.ch \/ jobup.ch) durchgef\u00fchrt hat, lieben aktuell 40% der Mitarbeitenden ihren Job. Zudem f\u00fchlt sich jede zweite Arbeitskraft in der Schweiz am Arbeitsplatz nicht richtig wertgesch\u00e4tzt, w\u00e4hrend jede vierte Person ernsthaft dar\u00fcber nachdenkt, das Unternehmen zu wechseln. Zudem ist f\u00fcr rund zwei Drittel der Schweizer Arbeitnehmenden [&hellip;]<\/p>\n","protected":false},"author":4,"featured_media":16825,"comment_status":"closed","ping_status":"closed","sticky":false,"template":"","format":"standard","meta":{"_acf_changed":false,"_yoast_wpseo_focuskw":"Neue Kampagne","_yoast_wpseo_metadesc":"Die Liebe zum Job bleibt oft auf der Strecke. Eine neue Kampagne von JobCloud macht auf dieses Defizit aufmerksam.","articlekey":"","footnotes":""},"categories":[579],"tags":[254,293,407],"class_list":["post-16823","post","type-post","status-publish","format-standard","has-post-thumbnail","hentry","category-human-resources","tag-hrm","tag-kampagne","tag-recruiting"],"acf":[],"yoast_head":"<!-- This site is optimized with the Yoast SEO plugin v27.4 - https:\/\/yoast.com\/product\/yoast-seo-wordpress\/ -->\n<title>Neue Kampagne will Freude am Job vermitteln - Organisator<\/title>\n<meta name=\"description\" content=\"Die Liebe zum Job bleibt oft auf der Strecke. Eine neue Kampagne von JobCloud macht auf dieses Defizit aufmerksam.\" \/>\n<meta name=\"robots\" content=\"index, follow, max-snippet:-1, max-image-preview:large, max-video-preview:-1\" \/>\n<link rel=\"canonical\" href=\"https:\/\/www.organisator.ch\/it\/risorse-umane\/2022-09-06\/nuova-campagna-avra-felicita-nel-lavoro\/\" \/>\n<meta property=\"og:locale\" content=\"it_IT\" \/>\n<meta property=\"og:type\" content=\"article\" \/>\n<meta property=\"og:title\" content=\"Neue Kampagne will Freude am Job vermitteln\" \/>\n<meta property=\"og:description\" content=\"Die Liebe zum Job bleibt oft auf der Strecke. Eine neue Kampagne von JobCloud macht auf dieses Defizit aufmerksam.\" \/>\n<meta property=\"og:url\" content=\"https:\/\/www.organisator.ch\/it\/risorse-umane\/2022-09-06\/nuova-campagna-avra-felicita-nel-lavoro\/\" \/>\n<meta property=\"og:site_name\" content=\"Organisator\" \/>\n<meta property=\"article:publisher\" content=\"https:\/\/www.facebook.com\/OrganisatorFachmagazin\" \/>\n<meta property=\"article:published_time\" content=\"2022-09-06T07:07:30+00:00\" \/>\n<meta property=\"og:image\" content=\"https:\/\/www.organisator.ch\/wp-content\/uploads\/2022\/09\/Neue-Kampagne-will-Freude-am-Job-vermitteln_Organisator.jpg\" \/>\n\t<meta property=\"og:image:width\" content=\"680\" \/>\n\t<meta property=\"og:image:height\" content=\"329\" \/>\n\t<meta property=\"og:image:type\" content=\"image\/jpeg\" \/>\n<meta name=\"author\" content=\"thomas.berner\" \/>\n<meta name=\"twitter:card\" content=\"summary_large_image\" \/>\n<meta name=\"twitter:title\" content=\"Neue #Kampagne will Freude am #Job vermitteln\" \/>\n<meta name=\"twitter:description\" content=\"Die Liebe zum #Job bleibt oft auf der Strecke. Eine neue #Kampagne von #JobCloud macht auf dieses #Defizit aufmerksam.\" \/>\n<meta name=\"twitter:image\" content=\"https:\/\/www.organisator.ch\/wp-content\/uploads\/2022\/09\/Neue-Kampagne-will-Freude-am-Job-vermitteln_Organisator.jpg\" \/>\n<script type=\"application\/ld+json\" class=\"yoast-schema-graph\">{\"@context\":\"https:\\\/\\\/schema.org\",\"@graph\":[{\"@type\":\"Article\",\"@id\":\"https:\\\/\\\/www.organisator.ch\\\/human-resources\\\/2022-09-06\\\/neue-kampagne-will-freude-am-job-vermitteln\\\/#article\",\"isPartOf\":{\"@id\":\"https:\\\/\\\/www.organisator.ch\\\/human-resources\\\/2022-09-06\\\/neue-kampagne-will-freude-am-job-vermitteln\\\/\"},\"author\":{\"name\":\"thomas.berner\",\"@id\":\"https:\\\/\\\/www.organisator.ch\\\/#\\\/schema\\\/person\\\/6f650f90b2842cd4c0cc334b4e36f67e\"},\"headline\":\"Neue Kampagne will Freude am Job vermitteln\",\"datePublished\":\"2022-09-06T07:07:30+00:00\",\"mainEntityOfPage\":{\"@id\":\"https:\\\/\\\/www.organisator.ch\\\/human-resources\\\/2022-09-06\\\/neue-kampagne-will-freude-am-job-vermitteln\\\/\"},\"wordCount\":540,\"publisher\":{\"@id\":\"https:\\\/\\\/www.organisator.ch\\\/#organization\"},\"image\":{\"@id\":\"https:\\\/\\\/www.organisator.ch\\\/human-resources\\\/2022-09-06\\\/neue-kampagne-will-freude-am-job-vermitteln\\\/#primaryimage\"},\"thumbnailUrl\":\"https:\\\/\\\/www.organisator.ch\\\/wp-content\\\/uploads\\\/2022\\\/09\\\/Neue-Kampagne-will-Freude-am-Job-vermitteln_Organisator.jpg\",\"keywords\":[\"HRM\",\"Kampagne\",\"Recruiting\"],\"articleSection\":[\"HUMAN RESOURCES\"],\"inLanguage\":\"it-IT\"},{\"@type\":\"WebPage\",\"@id\":\"https:\\\/\\\/www.organisator.ch\\\/human-resources\\\/2022-09-06\\\/neue-kampagne-will-freude-am-job-vermitteln\\\/\",\"url\":\"https:\\\/\\\/www.organisator.ch\\\/human-resources\\\/2022-09-06\\\/neue-kampagne-will-freude-am-job-vermitteln\\\/\",\"name\":\"Neue Kampagne will Freude am Job vermitteln - Organisator\",\"isPartOf\":{\"@id\":\"https:\\\/\\\/www.organisator.ch\\\/#website\"},\"primaryImageOfPage\":{\"@id\":\"https:\\\/\\\/www.organisator.ch\\\/human-resources\\\/2022-09-06\\\/neue-kampagne-will-freude-am-job-vermitteln\\\/#primaryimage\"},\"image\":{\"@id\":\"https:\\\/\\\/www.organisator.ch\\\/human-resources\\\/2022-09-06\\\/neue-kampagne-will-freude-am-job-vermitteln\\\/#primaryimage\"},\"thumbnailUrl\":\"https:\\\/\\\/www.organisator.ch\\\/wp-content\\\/uploads\\\/2022\\\/09\\\/Neue-Kampagne-will-Freude-am-Job-vermitteln_Organisator.jpg\",\"datePublished\":\"2022-09-06T07:07:30+00:00\",\"description\":\"Die Liebe zum Job bleibt oft auf der Strecke. Eine neue Kampagne von JobCloud macht auf dieses Defizit aufmerksam.\",\"breadcrumb\":{\"@id\":\"https:\\\/\\\/www.organisator.ch\\\/human-resources\\\/2022-09-06\\\/neue-kampagne-will-freude-am-job-vermitteln\\\/#breadcrumb\"},\"inLanguage\":\"it-IT\",\"potentialAction\":[{\"@type\":\"ReadAction\",\"target\":[\"https:\\\/\\\/www.organisator.ch\\\/human-resources\\\/2022-09-06\\\/neue-kampagne-will-freude-am-job-vermitteln\\\/\"]}]},{\"@type\":\"ImageObject\",\"inLanguage\":\"it-IT\",\"@id\":\"https:\\\/\\\/www.organisator.ch\\\/human-resources\\\/2022-09-06\\\/neue-kampagne-will-freude-am-job-vermitteln\\\/#primaryimage\",\"url\":\"https:\\\/\\\/www.organisator.ch\\\/wp-content\\\/uploads\\\/2022\\\/09\\\/Neue-Kampagne-will-Freude-am-Job-vermitteln_Organisator.jpg\",\"contentUrl\":\"https:\\\/\\\/www.organisator.ch\\\/wp-content\\\/uploads\\\/2022\\\/09\\\/Neue-Kampagne-will-Freude-am-Job-vermitteln_Organisator.jpg\",\"width\":680,\"height\":329,\"caption\":\"Die neue Kampagne von jobs.ch-Kampagne \\\"H\u00f6r auf zu arbeiten. Love what you do.\\\" (Bild: jobs.ch)\"},{\"@type\":\"BreadcrumbList\",\"@id\":\"https:\\\/\\\/www.organisator.ch\\\/human-resources\\\/2022-09-06\\\/neue-kampagne-will-freude-am-job-vermitteln\\\/#breadcrumb\",\"itemListElement\":[{\"@type\":\"ListItem\",\"position\":1,\"name\":\"Home\",\"item\":\"https:\\\/\\\/www.organisator.ch\\\/\"},{\"@type\":\"ListItem\",\"position\":2,\"name\":\"Neue Kampagne will Freude am Job vermitteln\"}]},{\"@type\":\"WebSite\",\"@id\":\"https:\\\/\\\/www.organisator.ch\\\/#website\",\"url\":\"https:\\\/\\\/www.organisator.ch\\\/\",\"name\":\"Organisator\",\"description\":\"Kompetent. Praxisnah. Der ORGANISATOR bereitet in 10 Ausgaben pro Jahr die wesentlichen Themen f\u00fcr F\u00fchrungskr\u00e4fte von KMU auf.\",\"publisher\":{\"@id\":\"https:\\\/\\\/www.organisator.ch\\\/#organization\"},\"potentialAction\":[{\"@type\":\"SearchAction\",\"target\":{\"@type\":\"EntryPoint\",\"urlTemplate\":\"https:\\\/\\\/www.organisator.ch\\\/?s={search_term_string}\"},\"query-input\":{\"@type\":\"PropertyValueSpecification\",\"valueRequired\":true,\"valueName\":\"search_term_string\"}}],\"inLanguage\":\"it-IT\"},{\"@type\":\"Organization\",\"@id\":\"https:\\\/\\\/www.organisator.ch\\\/#organization\",\"name\":\"Organisator\",\"url\":\"https:\\\/\\\/www.organisator.ch\\\/\",\"logo\":{\"@type\":\"ImageObject\",\"inLanguage\":\"it-IT\",\"@id\":\"https:\\\/\\\/www.organisator.ch\\\/#\\\/schema\\\/logo\\\/image\\\/\",\"url\":\"https:\\\/\\\/www.organisator.ch\\\/wp-content\\\/uploads\\\/2022\\\/01\\\/Logo_Organisator_Website.png\",\"contentUrl\":\"https:\\\/\\\/www.organisator.ch\\\/wp-content\\\/uploads\\\/2022\\\/01\\\/Logo_Organisator_Website.png\",\"width\":800,\"height\":77,\"caption\":\"Organisator\"},\"image\":{\"@id\":\"https:\\\/\\\/www.organisator.ch\\\/#\\\/schema\\\/logo\\\/image\\\/\"},\"sameAs\":[\"https:\\\/\\\/www.facebook.com\\\/OrganisatorFachmagazin\",\"https:\\\/\\\/www.linkedin.com\\\/showcase\\\/organisator-das-magazin-fr-kmu\",\"https:\\\/\\\/www.xing.com\\\/news\\\/pages\\\/organisator-ch-695\",\"https:\\\/\\\/www.youtube.com\\\/channel\\\/UCGP2Sq0iWaZwT3BdIAQFYpw\"]},{\"@type\":\"Person\",\"@id\":\"https:\\\/\\\/www.organisator.ch\\\/#\\\/schema\\\/person\\\/6f650f90b2842cd4c0cc334b4e36f67e\",\"name\":\"thomas.berner\",\"image\":{\"@type\":\"ImageObject\",\"inLanguage\":\"it-IT\",\"@id\":\"https:\\\/\\\/secure.gravatar.com\\\/avatar\\\/ac5001d2a36cb6c6cd3e50789007ffca834b477b74a2144564522e944eabff61?s=96&d=mm&r=g\",\"url\":\"https:\\\/\\\/secure.gravatar.com\\\/avatar\\\/ac5001d2a36cb6c6cd3e50789007ffca834b477b74a2144564522e944eabff61?s=96&d=mm&r=g\",\"contentUrl\":\"https:\\\/\\\/secure.gravatar.com\\\/avatar\\\/ac5001d2a36cb6c6cd3e50789007ffca834b477b74a2144564522e944eabff61?s=96&d=mm&r=g\",\"caption\":\"thomas.berner\"},\"url\":\"https:\\\/\\\/www.organisator.ch\\\/it\\\/author\\\/thomas-berner\\\/\"}]}<\/script>\n<!-- \/ Yoast SEO plugin. -->","yoast_head_json":{"title":"La nuova campagna mira a trasmettere la gioia del lavoro - Organiser","description":"L'amore per il lavoro spesso passa in secondo piano. Una nuova campagna di JobCloud richiama l'attenzione su questo deficit.","robots":{"index":"index","follow":"follow","max-snippet":"max-snippet:-1","max-image-preview":"max-image-preview:large","max-video-preview":"max-video-preview:-1"},"canonical":"https:\/\/www.organisator.ch\/it\/risorse-umane\/2022-09-06\/nuova-campagna-avra-felicita-nel-lavoro\/","og_locale":"it_IT","og_type":"article","og_title":"Neue Kampagne will Freude am Job vermitteln","og_description":"Die Liebe zum Job bleibt oft auf der Strecke. Eine neue Kampagne von JobCloud macht auf dieses Defizit aufmerksam.","og_url":"https:\/\/www.organisator.ch\/it\/risorse-umane\/2022-09-06\/nuova-campagna-avra-felicita-nel-lavoro\/","og_site_name":"Organisator","article_publisher":"https:\/\/www.facebook.com\/OrganisatorFachmagazin","article_published_time":"2022-09-06T07:07:30+00:00","og_image":[{"width":680,"height":329,"url":"https:\/\/www.organisator.ch\/wp-content\/uploads\/2022\/09\/Neue-Kampagne-will-Freude-am-Job-vermitteln_Organisator.jpg","type":"image\/jpeg"}],"author":"thomas.berner","twitter_card":"summary_large_image","twitter_title":"Neue #Kampagne will Freude am #Job vermitteln","twitter_description":"Die Liebe zum #Job bleibt oft auf der Strecke. Eine neue #Kampagne von #JobCloud macht auf dieses #Defizit aufmerksam.","twitter_image":"https:\/\/www.organisator.ch\/wp-content\/uploads\/2022\/09\/Neue-Kampagne-will-Freude-am-Job-vermitteln_Organisator.jpg","schema":{"@context":"https:\/\/schema.org","@graph":[{"@type":"Article","@id":"https:\/\/www.organisator.ch\/human-resources\/2022-09-06\/neue-kampagne-will-freude-am-job-vermitteln\/#article","isPartOf":{"@id":"https:\/\/www.organisator.ch\/human-resources\/2022-09-06\/neue-kampagne-will-freude-am-job-vermitteln\/"},"author":{"name":"thomas.berner","@id":"https:\/\/www.organisator.ch\/#\/schema\/person\/6f650f90b2842cd4c0cc334b4e36f67e"},"headline":"Neue Kampagne will Freude am Job vermitteln","datePublished":"2022-09-06T07:07:30+00:00","mainEntityOfPage":{"@id":"https:\/\/www.organisator.ch\/human-resources\/2022-09-06\/neue-kampagne-will-freude-am-job-vermitteln\/"},"wordCount":540,"publisher":{"@id":"https:\/\/www.organisator.ch\/#organization"},"image":{"@id":"https:\/\/www.organisator.ch\/human-resources\/2022-09-06\/neue-kampagne-will-freude-am-job-vermitteln\/#primaryimage"},"thumbnailUrl":"https:\/\/www.organisator.ch\/wp-content\/uploads\/2022\/09\/Neue-Kampagne-will-Freude-am-Job-vermitteln_Organisator.jpg","keywords":["HRM","Kampagne","Recruiting"],"articleSection":["HUMAN RESOURCES"],"inLanguage":"it-IT"},{"@type":"WebPage","@id":"https:\/\/www.organisator.ch\/human-resources\/2022-09-06\/neue-kampagne-will-freude-am-job-vermitteln\/","url":"https:\/\/www.organisator.ch\/human-resources\/2022-09-06\/neue-kampagne-will-freude-am-job-vermitteln\/","name":"La nuova campagna mira a trasmettere la gioia del lavoro - Organiser","isPartOf":{"@id":"https:\/\/www.organisator.ch\/#website"},"primaryImageOfPage":{"@id":"https:\/\/www.organisator.ch\/human-resources\/2022-09-06\/neue-kampagne-will-freude-am-job-vermitteln\/#primaryimage"},"image":{"@id":"https:\/\/www.organisator.ch\/human-resources\/2022-09-06\/neue-kampagne-will-freude-am-job-vermitteln\/#primaryimage"},"thumbnailUrl":"https:\/\/www.organisator.ch\/wp-content\/uploads\/2022\/09\/Neue-Kampagne-will-Freude-am-Job-vermitteln_Organisator.jpg","datePublished":"2022-09-06T07:07:30+00:00","description":"L'amore per il lavoro spesso passa in secondo piano. Una nuova campagna di JobCloud richiama l'attenzione su questo deficit.","breadcrumb":{"@id":"https:\/\/www.organisator.ch\/human-resources\/2022-09-06\/neue-kampagne-will-freude-am-job-vermitteln\/#breadcrumb"},"inLanguage":"it-IT","potentialAction":[{"@type":"ReadAction","target":["https:\/\/www.organisator.ch\/human-resources\/2022-09-06\/neue-kampagne-will-freude-am-job-vermitteln\/"]}]},{"@type":"ImageObject","inLanguage":"it-IT","@id":"https:\/\/www.organisator.ch\/human-resources\/2022-09-06\/neue-kampagne-will-freude-am-job-vermitteln\/#primaryimage","url":"https:\/\/www.organisator.ch\/wp-content\/uploads\/2022\/09\/Neue-Kampagne-will-Freude-am-Job-vermitteln_Organisator.jpg","contentUrl":"https:\/\/www.organisator.ch\/wp-content\/uploads\/2022\/09\/Neue-Kampagne-will-Freude-am-Job-vermitteln_Organisator.jpg","width":680,"height":329,"caption":"Die neue Kampagne von jobs.ch-Kampagne \"H\u00f6r auf zu arbeiten. Love what you do.\" (Bild: jobs.ch)"},{"@type":"BreadcrumbList","@id":"https:\/\/www.organisator.ch\/human-resources\/2022-09-06\/neue-kampagne-will-freude-am-job-vermitteln\/#breadcrumb","itemListElement":[{"@type":"ListItem","position":1,"name":"Home","item":"https:\/\/www.organisator.ch\/"},{"@type":"ListItem","position":2,"name":"Neue Kampagne will Freude am Job vermitteln"}]},{"@type":"WebSite","@id":"https:\/\/www.organisator.ch\/#website","url":"https:\/\/www.organisator.ch\/","name":"Organizzatore","description":"Competente. Pratico. In 10 numeri all'anno, ORGANISATOR presenta i temi essenziali per i manager delle PMI.","publisher":{"@id":"https:\/\/www.organisator.ch\/#organization"},"potentialAction":[{"@type":"SearchAction","target":{"@type":"EntryPoint","urlTemplate":"https:\/\/www.organisator.ch\/?s={search_term_string}"},"query-input":{"@type":"PropertyValueSpecification","valueRequired":true,"valueName":"search_term_string"}}],"inLanguage":"it-IT"},{"@type":"Organization","@id":"https:\/\/www.organisator.ch\/#organization","name":"Organizzatore","url":"https:\/\/www.organisator.ch\/","logo":{"@type":"ImageObject","inLanguage":"it-IT","@id":"https:\/\/www.organisator.ch\/#\/schema\/logo\/image\/","url":"https:\/\/www.organisator.ch\/wp-content\/uploads\/2022\/01\/Logo_Organisator_Website.png","contentUrl":"https:\/\/www.organisator.ch\/wp-content\/uploads\/2022\/01\/Logo_Organisator_Website.png","width":800,"height":77,"caption":"Organisator"},"image":{"@id":"https:\/\/www.organisator.ch\/#\/schema\/logo\/image\/"},"sameAs":["https:\/\/www.facebook.com\/OrganisatorFachmagazin","https:\/\/www.linkedin.com\/showcase\/organisator-das-magazin-fr-kmu","https:\/\/www.xing.com\/news\/pages\/organisator-ch-695","https:\/\/www.youtube.com\/channel\/UCGP2Sq0iWaZwT3BdIAQFYpw"]},{"@type":"Person","@id":"https:\/\/www.organisator.ch\/#\/schema\/person\/6f650f90b2842cd4c0cc334b4e36f67e","name":"Tommaso.berner","image":{"@type":"ImageObject","inLanguage":"it-IT","@id":"https:\/\/secure.gravatar.com\/avatar\/ac5001d2a36cb6c6cd3e50789007ffca834b477b74a2144564522e944eabff61?s=96&d=mm&r=g","url":"https:\/\/secure.gravatar.com\/avatar\/ac5001d2a36cb6c6cd3e50789007ffca834b477b74a2144564522e944eabff61?s=96&d=mm&r=g","contentUrl":"https:\/\/secure.gravatar.com\/avatar\/ac5001d2a36cb6c6cd3e50789007ffca834b477b74a2144564522e944eabff61?s=96&d=mm&r=g","caption":"thomas.berner"},"url":"https:\/\/www.organisator.ch\/it\/author\/thomas-berner\/"}]}},"_links":{"self":[{"href":"https:\/\/www.organisator.ch\/it\/wp-json\/wp\/v2\/posts\/16823","targetHints":{"allow":["GET"]}}],"collection":[{"href":"https:\/\/www.organisator.ch\/it\/wp-json\/wp\/v2\/posts"}],"about":[{"href":"https:\/\/www.organisator.ch\/it\/wp-json\/wp\/v2\/types\/post"}],"author":[{"embeddable":true,"href":"https:\/\/www.organisator.ch\/it\/wp-json\/wp\/v2\/users\/4"}],"replies":[{"embeddable":true,"href":"https:\/\/www.organisator.ch\/it\/wp-json\/wp\/v2\/comments?post=16823"}],"version-history":[{"count":2,"href":"https:\/\/www.organisator.ch\/it\/wp-json\/wp\/v2\/posts\/16823\/revisions"}],"predecessor-version":[{"id":16826,"href":"https:\/\/www.organisator.ch\/it\/wp-json\/wp\/v2\/posts\/16823\/revisions\/16826"}],"wp:featuredmedia":[{"embeddable":true,"href":"https:\/\/www.organisator.ch\/it\/wp-json\/wp\/v2\/media\/16825"}],"wp:attachment":[{"href":"https:\/\/www.organisator.ch\/it\/wp-json\/wp\/v2\/media?parent=16823"}],"wp:term":[{"taxonomy":"category","embeddable":true,"href":"https:\/\/www.organisator.ch\/it\/wp-json\/wp\/v2\/categories?post=16823"},{"taxonomy":"post_tag","embeddable":true,"href":"https:\/\/www.organisator.ch\/it\/wp-json\/wp\/v2\/tags?post=16823"}],"curies":[{"name":"wp","href":"https:\/\/api.w.org\/{rel}","templated":true}]}}