{"id":16862,"date":"2022-09-09T10:04:26","date_gmt":"2022-09-09T08:04:26","guid":{"rendered":"https:\/\/www.organisator.ch\/?p=16862"},"modified":"2022-09-09T10:06:47","modified_gmt":"2022-09-09T08:06:47","slug":"associazione-svizzera-per-la-successione-aziendale-presentazione-ufficiale","status":"publish","type":"post","link":"https:\/\/www.organisator.ch\/it\/management\/2022-09-09\/schweizer-dachverband-fuer-unternehmensnachfolge-offiziell-vorgestellt\/","title":{"rendered":"Presentata ufficialmente l'organizzazione mantello svizzera per la successione aziendale"},"content":{"rendered":"<figure id=\"attachment_16867\" aria-describedby=\"caption-attachment-16867\" style=\"width: 680px\" class=\"wp-caption alignnone\"><img loading=\"lazy\" decoding=\"async\" class=\"size-full wp-image-16867\" src=\"https:\/\/www.organisator.ch\/wp-content\/uploads\/2022\/09\/Schweizer-Dachverband-fur-Unternehmensnachfolge-offiziell-vorgestellt_Organisator.jpg\" alt=\"\" width=\"680\" height=\"383\" srcset=\"https:\/\/www.organisator.ch\/wp-content\/uploads\/2022\/09\/Schweizer-Dachverband-fur-Unternehmensnachfolge-offiziell-vorgestellt_Organisator.jpg 680w, https:\/\/www.organisator.ch\/wp-content\/uploads\/2022\/09\/Schweizer-Dachverband-fur-Unternehmensnachfolge-offiziell-vorgestellt_Organisator-18x10.jpg 18w, https:\/\/www.organisator.ch\/wp-content\/uploads\/2022\/09\/Schweizer-Dachverband-fur-Unternehmensnachfolge-offiziell-vorgestellt_Organisator-311x175.jpg 311w, https:\/\/www.organisator.ch\/wp-content\/uploads\/2022\/09\/Schweizer-Dachverband-fur-Unternehmensnachfolge-offiziell-vorgestellt_Organisator-621x350.jpg 621w, https:\/\/www.organisator.ch\/wp-content\/uploads\/2022\/09\/Schweizer-Dachverband-fur-Unternehmensnachfolge-offiziell-vorgestellt_Organisator-300x169.jpg 300w\" sizes=\"auto, (max-width: 680px) 100vw, 680px\" \/><figcaption id=\"caption-attachment-16867\" class=\"wp-caption-text\">Carla Kaufmann presenta <a href=\"https:\/\/www.organisator.ch\/de\/allgemein\/2022-09-09\/schweiz-4-0-am-kmu-swiss-symposium-haben-wir-genug-energie\/\">Simposio svizzero KMU dall'8 settembre 2022<\/a> l'organizzazione mantello svizzera per la successione aziendale CHDU. (Immagine: zVg)<\/figcaption><\/figure>\n<p>Per circa 93.000 PMI svizzere, la successione aziendale diventer\u00e0 un problema nei prossimi cinque anni. Per garantire che il maggior numero possibile di essi trovi una soluzione di successo, l'organizzazione mantello svizzera per la successione aziendale CHDU, fondata il 10 dicembre 2021, \u00e8 attivamente coinvolta nella politica, nella ricerca, nella professione e nella pratica. Dietro l'associazione c'\u00e8 un team di circa 15 esperti di successione altamente qualificati che si sono uniti in un circolo di esperti con una presenza uniforme sul mercato. Seguendo il motto \"Passare invece di rinunciare\", l'ExpertCircle 2018 ha indetto il <a href=\"https:\/\/nachfolgebus.ch\/\" target=\"_blank\" rel=\"noopener\">Iniziativa Nachfolgebus.ch<\/a> in essere. L'intento \u00e8 quello di garantire in modo duraturo la permanenza delle PMI e quindi della sostanza economica e dei posti di lavoro in Svizzera attraverso la promozione mirata della successione aziendale. A tal fine, l'ExpertenCircle ha girato 14 citt\u00e0 della Svizzera tedesca con un'Infomobile e ha fornito agli imprenditori delle PMI informazioni sulla successione aziendale in incontri personali gratuiti. Grazie alla digitalizzazione completa e al costante sviluppo dell'offerta, la portata dell'iniziativa si \u00e8 ampliata costantemente fino al 2021. L'attenzione degli imprenditori per la grande importanza della successione aziendale e della propria pianificazione successoria \u00e8 notevolmente aumentata. Tuttavia, l'elevata rilevanza e accettazione sociale, economica e politica non \u00e8 ancora stata raggiunta. La fondazione del CHDU per raggiungere questo obiettivo in questo formato e in collaborazione con organizzazioni che perseguono gli stessi interessi \u00e8 quindi un passo logico successivo. In una prima fase, le attivit\u00e0 dell'associazione si concentreranno sulla Svizzera tedesca. L'espansione nella Svizzera francese e in Ticino seguir\u00e0 nel corso del 2023.<\/p>\n<h3>Mantenere la diversit\u00e0 delle PMI<\/h3>\n<p>La dinamica delle imprese in Svizzera - dalla loro fondazione al passaggio di consegne alla generazione successiva, o alla loro scomparsa - \u00e8 ancora troppo poco conosciuta. Eppure la loro portata \u00e8 enorme: pi\u00f9 di tre milioni di dipendenti, due terzi della popolazione attiva, lavorano per una PMI. \"Non possiamo permetterci di lasciare le PMI svizzere da sole con la loro successione aziendale. La Svizzera si basa sulla diversit\u00e0 sostenibile delle PMI. Questo \u00e8 anche il terreno di coltura della nostra forza innovativa, ma la sua creazione di valore deve essere costruita per generazioni. Il 'prezzo' che paghiamo per accordi di successione non riusciti sotto forma di perdita di posti di lavoro, di know-how e di forza innovativa \u00e8 quindi semplicemente troppo alto e richiede urgentemente delle contromisure\", riassume Carla Kaufmann, vicepresidente del CHDU e partner di Companymarket AG.<\/p>\n<figure id=\"attachment_16868\" aria-describedby=\"caption-attachment-16868\" style=\"width: 680px\" class=\"wp-caption alignnone\"><img loading=\"lazy\" decoding=\"async\" class=\"size-full wp-image-16868\" src=\"https:\/\/www.organisator.ch\/wp-content\/uploads\/2022\/09\/Schweizer-Dachverband-fur-Unternehmensnachfolge-offiziell-vorgestellt-2_Organisator.jpg\" alt=\"\" width=\"680\" height=\"243\" srcset=\"https:\/\/www.organisator.ch\/wp-content\/uploads\/2022\/09\/Schweizer-Dachverband-fur-Unternehmensnachfolge-offiziell-vorgestellt-2_Organisator.jpg 680w, https:\/\/www.organisator.ch\/wp-content\/uploads\/2022\/09\/Schweizer-Dachverband-fur-Unternehmensnachfolge-offiziell-vorgestellt-2_Organisator-18x6.jpg 18w, https:\/\/www.organisator.ch\/wp-content\/uploads\/2022\/09\/Schweizer-Dachverband-fur-Unternehmensnachfolge-offiziell-vorgestellt-2_Organisator-375x134.jpg 375w, https:\/\/www.organisator.ch\/wp-content\/uploads\/2022\/09\/Schweizer-Dachverband-fur-Unternehmensnachfolge-offiziell-vorgestellt-2_Organisator-300x107.jpg 300w\" sizes=\"auto, (max-width: 680px) 100vw, 680px\" \/><figcaption id=\"caption-attachment-16868\" class=\"wp-caption-text\">Il logo della federazione. (Fonte: CHDU)<\/figcaption><\/figure>\n<h3>Organizzazione mantello svizzera per la successione aziendale con quattro campi d'azione<\/h3>\n<p>Il CHDU si concentra quindi sulla sensibilizzazione della societ\u00e0, della politica e dell'economia alle dinamiche di mercato della successione aziendale e vuole contribuire attivamente allo sviluppo positivo delle successioni di successo delle PMI. A tal fine, l'associazione opera in queste quattro aree:<\/p>\n<ul>\n<li><strong>In politica, <\/strong>rafforzare l'importanza economica e la rilevanza della successione aziendale e dell'imprenditorialit\u00e0 a lungo termine nella consapevolezza nazionale e politica, ad esempio per una progettazione delle condizioni quadro legali pi\u00f9 favorevole alle imprese e alle successioni.<\/li>\n<li><strong>Nella ricerca, <\/strong>per comprendere meglio i fondamenti e i principi operativi del ciclo di vita aziendale e dell'imprenditorialit\u00e0 a lungo termine e per mettere queste conoscenze a disposizione di tutte le aziende per il loro processo di successione.<\/li>\n<li><strong>Nella professionalizzazione della consulenza successoria, <\/strong>attraverso un'offerta olistica di formazione e aggiornamento che garantisca uno standard qualitativo definito per il supporto consulenziale alle successioni aziendali. Il CHDU sta sviluppando questa offerta in collaborazione con EXPERTsuisse. Il primo passo \u00e8 la <a href=\"https:\/\/www.organisator.ch\/de\/management\/2022-08-24\/seminar-nachfolgeregelung-ganzheitlich-betrachten\/\">Seminario di un giorno \"Il quadro generale della successione di successo nelle PMI<\/a>.<\/li>\n<li><strong>In pratica, <\/strong>grazie alla promozione mirata della successione di PMI per gli imprenditori, ad esempio attraverso un accesso semplice e trasparente al mercato della successione, varie offerte gratuite di informazione e networking, ecc.<\/li>\n<\/ul>\n<p>Il <a href=\"https:\/\/www.chdu.ch\/mitgliederangebote\">Offerta per i membri<\/a> del CHDU si rivolge agli imprenditori delle PMI che intendono vendere la propria azienda o acquistare un'azienda, nonch\u00e9 a consulenti per la successione, fiduciari, consulenti fiscali, revisori dei conti, avvocati, consulenti aziendali\/organizzativi, coach e altri professionisti e\/o professionisti nel campo della pianificazione della successione.<\/p>\n<h3><strong>Cantone a bordo<\/strong><\/h3>\n<p>L'Ufficio per gli Affari Economici e del Lavoro (AWA) del Cantone di Zurigo sostiene lo sviluppo e l'espansione dell'associazione come organizzazione partner. Anita Martinecz Feh\u00e9r, vice responsabile della promozione delle localit\u00e0 presso l'AWA e membro del comitato consultivo del CHDU, afferma: \"Una successione aziendale di successo offre l'opportunit\u00e0 di costruire su valori consolidati e di svilupparli ulteriormente: Il tutto nello spirito di \"Il futuro ha origini\". La promozione della sede accoglie con grande favore il fatto che la CHDU svolga un lavoro di rete, elabori dati e si adoperi per favorire il successo di un maggior numero di successioni aziendali e per sensibilizzare le parti interessate sulle decisioni essenziali.<\/p>\n<p><em>Fonte e ulteriori informazioni: <a href=\"http:\/\/www.chdu.ch\">www.chdu.ch<\/a><\/em><\/p>","protected":false},"excerpt":{"rendered":"<p>F\u00fcr rund 93&#8217;000 Schweizer KMU wird die Unternehmensnachfolge in den n\u00e4chsten f\u00fcnf Jahren zum Thema. Damit m\u00f6glichst viele davon zu einer erfolgreichen L\u00f6sung finden, engagiert sich der am 10. Dezember 2021 gegr\u00fcndete Schweizer Dachverband f\u00fcr Unternehmensnachfolge CHDU aktiv in Politik, Forschung, Profession und Praxis. Hinter dem Verband steht ein Team von rund 15 hochqualifizierten Nachfolge-Expertinnen [&hellip;]<\/p>\n","protected":false},"author":4,"featured_media":0,"comment_status":"closed","ping_status":"closed","sticky":false,"template":"","format":"standard","meta":{"_acf_changed":false,"_yoast_wpseo_focuskw":"Dachverband f\u00fcr Unternehmensnachfolge","_yoast_wpseo_metadesc":"Am 8. September 2022 stellte sich der Schweizer Dachverband f\u00fcr Unternehmensnachfolge erstmals einem gr\u00f6sseren Publikum vor.","articlekey":"","footnotes":""},"categories":[28],"tags":[207,335,503],"class_list":["post-16862","post","type-post","status-publish","format-standard","hentry","category-management","tag-firmennachfolge","tag-management-und-unternehmensfuehrung","tag-verbaende"],"acf":[],"yoast_head":"<!-- This site is optimized with the Yoast SEO plugin v27.5 - https:\/\/yoast.com\/product\/yoast-seo-wordpress\/ -->\n<title>Schweizer Dachverband f\u00fcr Unternehmensnachfolge offiziell vorgestellt - Organisator<\/title>\n<meta name=\"description\" content=\"Am 8. September 2022 stellte sich der Schweizer Dachverband f\u00fcr Unternehmensnachfolge erstmals einem gr\u00f6sseren Publikum vor.\" \/>\n<meta name=\"robots\" content=\"index, follow, max-snippet:-1, max-image-preview:large, max-video-preview:-1\" \/>\n<link rel=\"canonical\" href=\"https:\/\/www.organisator.ch\/it\/gestione-2\/2022-09-09\/associazione-svizzera-per-la-successione-aziendale-presentazione-ufficiale\/\" \/>\n<meta property=\"og:locale\" content=\"it_IT\" \/>\n<meta property=\"og:type\" content=\"article\" \/>\n<meta property=\"og:title\" content=\"Schweizer Dachverband f\u00fcr Unternehmensnachfolge offiziell vorgestellt\" \/>\n<meta property=\"og:description\" content=\"Am 8. September 2022 stellte sich der Schweizer Dachverband f\u00fcr Unternehmensnachfolge erstmals einem gr\u00f6sseren Publikum vor.\" \/>\n<meta property=\"og:url\" content=\"https:\/\/www.organisator.ch\/it\/gestione-2\/2022-09-09\/associazione-svizzera-per-la-successione-aziendale-presentazione-ufficiale\/\" \/>\n<meta property=\"og:site_name\" content=\"Organisator\" \/>\n<meta property=\"article:publisher\" content=\"https:\/\/www.facebook.com\/OrganisatorFachmagazin\" \/>\n<meta property=\"article:published_time\" content=\"2022-09-09T08:04:26+00:00\" \/>\n<meta property=\"article:modified_time\" content=\"2022-09-09T08:06:47+00:00\" \/>\n<meta property=\"og:image\" content=\"https:\/\/www.organisator.ch\/wp-content\/uploads\/2022\/09\/Schweizer-Dachverband-fur-Unternehmensnachfolge-offiziell-vorgestellt_Organisator.jpg\" \/>\n\t<meta property=\"og:image:width\" content=\"680\" \/>\n\t<meta property=\"og:image:height\" content=\"383\" \/>\n\t<meta property=\"og:image:type\" content=\"image\/jpeg\" \/>\n<meta name=\"author\" content=\"thomas.berner\" \/>\n<meta name=\"twitter:card\" content=\"summary_large_image\" \/>\n<meta name=\"twitter:title\" content=\"Schweizer #Dachverband f\u00fcr #Unternehmensnachfolge offiziell vorgestellt\" \/>\n<meta name=\"twitter:description\" content=\"Am 8. September 2022 stellte sich der Schweizer #Dachverband f\u00fcr Unternehmensnachfolge #CHDU erstmals einem gr\u00f6sseren Publikum vor.\" \/>\n<meta name=\"twitter:image\" content=\"https:\/\/www.organisator.ch\/wp-content\/uploads\/2022\/09\/Schweizer-Dachverband-fur-Unternehmensnachfolge-offiziell-vorgestellt_Organisator.jpg\" \/>\n<script type=\"application\/ld+json\" class=\"yoast-schema-graph\">{\"@context\":\"https:\\\/\\\/schema.org\",\"@graph\":[{\"@type\":\"Article\",\"@id\":\"https:\\\/\\\/www.organisator.ch\\\/management\\\/2022-09-09\\\/schweizer-dachverband-fuer-unternehmensnachfolge-offiziell-vorgestellt\\\/#article\",\"isPartOf\":{\"@id\":\"https:\\\/\\\/www.organisator.ch\\\/management\\\/2022-09-09\\\/schweizer-dachverband-fuer-unternehmensnachfolge-offiziell-vorgestellt\\\/\"},\"author\":{\"name\":\"thomas.berner\",\"@id\":\"https:\\\/\\\/www.organisator.ch\\\/#\\\/schema\\\/person\\\/6f650f90b2842cd4c0cc334b4e36f67e\"},\"headline\":\"Schweizer Dachverband f\u00fcr Unternehmensnachfolge offiziell vorgestellt\",\"datePublished\":\"2022-09-09T08:04:26+00:00\",\"dateModified\":\"2022-09-09T08:06:47+00:00\",\"mainEntityOfPage\":{\"@id\":\"https:\\\/\\\/www.organisator.ch\\\/management\\\/2022-09-09\\\/schweizer-dachverband-fuer-unternehmensnachfolge-offiziell-vorgestellt\\\/\"},\"wordCount\":768,\"publisher\":{\"@id\":\"https:\\\/\\\/www.organisator.ch\\\/#organization\"},\"image\":{\"@id\":\"https:\\\/\\\/www.organisator.ch\\\/management\\\/2022-09-09\\\/schweizer-dachverband-fuer-unternehmensnachfolge-offiziell-vorgestellt\\\/#primaryimage\"},\"thumbnailUrl\":\"https:\\\/\\\/www.organisator.ch\\\/wp-content\\\/uploads\\\/2022\\\/09\\\/Schweizer-Dachverband-fur-Unternehmensnachfolge-offiziell-vorgestellt_Organisator.jpg\",\"keywords\":[\"Firmennachfolge\",\"Management und Unternehmensf\u00fchrung\",\"Verb\u00e4nde\"],\"articleSection\":[\"MANAGEMENT\"],\"inLanguage\":\"it-IT\"},{\"@type\":\"WebPage\",\"@id\":\"https:\\\/\\\/www.organisator.ch\\\/management\\\/2022-09-09\\\/schweizer-dachverband-fuer-unternehmensnachfolge-offiziell-vorgestellt\\\/\",\"url\":\"https:\\\/\\\/www.organisator.ch\\\/management\\\/2022-09-09\\\/schweizer-dachverband-fuer-unternehmensnachfolge-offiziell-vorgestellt\\\/\",\"name\":\"Schweizer Dachverband f\u00fcr Unternehmensnachfolge offiziell vorgestellt - Organisator\",\"isPartOf\":{\"@id\":\"https:\\\/\\\/www.organisator.ch\\\/#website\"},\"primaryImageOfPage\":{\"@id\":\"https:\\\/\\\/www.organisator.ch\\\/management\\\/2022-09-09\\\/schweizer-dachverband-fuer-unternehmensnachfolge-offiziell-vorgestellt\\\/#primaryimage\"},\"image\":{\"@id\":\"https:\\\/\\\/www.organisator.ch\\\/management\\\/2022-09-09\\\/schweizer-dachverband-fuer-unternehmensnachfolge-offiziell-vorgestellt\\\/#primaryimage\"},\"thumbnailUrl\":\"https:\\\/\\\/www.organisator.ch\\\/wp-content\\\/uploads\\\/2022\\\/09\\\/Schweizer-Dachverband-fur-Unternehmensnachfolge-offiziell-vorgestellt_Organisator.jpg\",\"datePublished\":\"2022-09-09T08:04:26+00:00\",\"dateModified\":\"2022-09-09T08:06:47+00:00\",\"description\":\"Am 8. September 2022 stellte sich der Schweizer Dachverband f\u00fcr Unternehmensnachfolge erstmals einem gr\u00f6sseren Publikum vor.\",\"breadcrumb\":{\"@id\":\"https:\\\/\\\/www.organisator.ch\\\/management\\\/2022-09-09\\\/schweizer-dachverband-fuer-unternehmensnachfolge-offiziell-vorgestellt\\\/#breadcrumb\"},\"inLanguage\":\"it-IT\",\"potentialAction\":[{\"@type\":\"ReadAction\",\"target\":[\"https:\\\/\\\/www.organisator.ch\\\/management\\\/2022-09-09\\\/schweizer-dachverband-fuer-unternehmensnachfolge-offiziell-vorgestellt\\\/\"]}]},{\"@type\":\"ImageObject\",\"inLanguage\":\"it-IT\",\"@id\":\"https:\\\/\\\/www.organisator.ch\\\/management\\\/2022-09-09\\\/schweizer-dachverband-fuer-unternehmensnachfolge-offiziell-vorgestellt\\\/#primaryimage\",\"url\":\"https:\\\/\\\/www.organisator.ch\\\/wp-content\\\/uploads\\\/2022\\\/09\\\/Schweizer-Dachverband-fur-Unternehmensnachfolge-offiziell-vorgestellt_Organisator.jpg\",\"contentUrl\":\"https:\\\/\\\/www.organisator.ch\\\/wp-content\\\/uploads\\\/2022\\\/09\\\/Schweizer-Dachverband-fur-Unternehmensnachfolge-offiziell-vorgestellt_Organisator.jpg\"},{\"@type\":\"BreadcrumbList\",\"@id\":\"https:\\\/\\\/www.organisator.ch\\\/management\\\/2022-09-09\\\/schweizer-dachverband-fuer-unternehmensnachfolge-offiziell-vorgestellt\\\/#breadcrumb\",\"itemListElement\":[{\"@type\":\"ListItem\",\"position\":1,\"name\":\"Home\",\"item\":\"https:\\\/\\\/www.organisator.ch\\\/\"},{\"@type\":\"ListItem\",\"position\":2,\"name\":\"Schweizer Dachverband f\u00fcr Unternehmensnachfolge offiziell vorgestellt\"}]},{\"@type\":\"WebSite\",\"@id\":\"https:\\\/\\\/www.organisator.ch\\\/#website\",\"url\":\"https:\\\/\\\/www.organisator.ch\\\/\",\"name\":\"Organisator\",\"description\":\"Kompetent. Praxisnah. Der ORGANISATOR bereitet in 10 Ausgaben pro Jahr die wesentlichen Themen f\u00fcr F\u00fchrungskr\u00e4fte von KMU auf.\",\"publisher\":{\"@id\":\"https:\\\/\\\/www.organisator.ch\\\/#organization\"},\"potentialAction\":[{\"@type\":\"SearchAction\",\"target\":{\"@type\":\"EntryPoint\",\"urlTemplate\":\"https:\\\/\\\/www.organisator.ch\\\/?s={search_term_string}\"},\"query-input\":{\"@type\":\"PropertyValueSpecification\",\"valueRequired\":true,\"valueName\":\"search_term_string\"}}],\"inLanguage\":\"it-IT\"},{\"@type\":\"Organization\",\"@id\":\"https:\\\/\\\/www.organisator.ch\\\/#organization\",\"name\":\"Organisator\",\"url\":\"https:\\\/\\\/www.organisator.ch\\\/\",\"logo\":{\"@type\":\"ImageObject\",\"inLanguage\":\"it-IT\",\"@id\":\"https:\\\/\\\/www.organisator.ch\\\/#\\\/schema\\\/logo\\\/image\\\/\",\"url\":\"https:\\\/\\\/www.organisator.ch\\\/wp-content\\\/uploads\\\/2022\\\/01\\\/Logo_Organisator_Website.png\",\"contentUrl\":\"https:\\\/\\\/www.organisator.ch\\\/wp-content\\\/uploads\\\/2022\\\/01\\\/Logo_Organisator_Website.png\",\"width\":800,\"height\":77,\"caption\":\"Organisator\"},\"image\":{\"@id\":\"https:\\\/\\\/www.organisator.ch\\\/#\\\/schema\\\/logo\\\/image\\\/\"},\"sameAs\":[\"https:\\\/\\\/www.facebook.com\\\/OrganisatorFachmagazin\",\"https:\\\/\\\/www.linkedin.com\\\/showcase\\\/organisator-das-magazin-fr-kmu\",\"https:\\\/\\\/www.xing.com\\\/news\\\/pages\\\/organisator-ch-695\",\"https:\\\/\\\/www.youtube.com\\\/channel\\\/UCGP2Sq0iWaZwT3BdIAQFYpw\"]},{\"@type\":\"Person\",\"@id\":\"https:\\\/\\\/www.organisator.ch\\\/#\\\/schema\\\/person\\\/6f650f90b2842cd4c0cc334b4e36f67e\",\"name\":\"thomas.berner\",\"image\":{\"@type\":\"ImageObject\",\"inLanguage\":\"it-IT\",\"@id\":\"https:\\\/\\\/secure.gravatar.com\\\/avatar\\\/ac5001d2a36cb6c6cd3e50789007ffca834b477b74a2144564522e944eabff61?s=96&d=mm&r=g\",\"url\":\"https:\\\/\\\/secure.gravatar.com\\\/avatar\\\/ac5001d2a36cb6c6cd3e50789007ffca834b477b74a2144564522e944eabff61?s=96&d=mm&r=g\",\"contentUrl\":\"https:\\\/\\\/secure.gravatar.com\\\/avatar\\\/ac5001d2a36cb6c6cd3e50789007ffca834b477b74a2144564522e944eabff61?s=96&d=mm&r=g\",\"caption\":\"thomas.berner\"},\"url\":\"https:\\\/\\\/www.organisator.ch\\\/it\\\/author\\\/thomas-berner\\\/\"}]}<\/script>\n<!-- \/ Yoast SEO plugin. -->","yoast_head_json":{"title":"Presentata ufficialmente l'organizzazione mantello svizzera per la successione aziendale - Organizzatore","description":"L'8 settembre 2022, l'organizzazione mantello svizzera per la successione aziendale si \u00e8 presentata per la prima volta a un pubblico pi\u00f9 vasto.","robots":{"index":"index","follow":"follow","max-snippet":"max-snippet:-1","max-image-preview":"max-image-preview:large","max-video-preview":"max-video-preview:-1"},"canonical":"https:\/\/www.organisator.ch\/it\/gestione-2\/2022-09-09\/associazione-svizzera-per-la-successione-aziendale-presentazione-ufficiale\/","og_locale":"it_IT","og_type":"article","og_title":"Schweizer Dachverband f\u00fcr Unternehmensnachfolge offiziell vorgestellt","og_description":"Am 8. September 2022 stellte sich der Schweizer Dachverband f\u00fcr Unternehmensnachfolge erstmals einem gr\u00f6sseren Publikum vor.","og_url":"https:\/\/www.organisator.ch\/it\/gestione-2\/2022-09-09\/associazione-svizzera-per-la-successione-aziendale-presentazione-ufficiale\/","og_site_name":"Organisator","article_publisher":"https:\/\/www.facebook.com\/OrganisatorFachmagazin","article_published_time":"2022-09-09T08:04:26+00:00","article_modified_time":"2022-09-09T08:06:47+00:00","og_image":[{"width":680,"height":383,"url":"https:\/\/www.organisator.ch\/wp-content\/uploads\/2022\/09\/Schweizer-Dachverband-fur-Unternehmensnachfolge-offiziell-vorgestellt_Organisator.jpg","type":"image\/jpeg"}],"author":"thomas.berner","twitter_card":"summary_large_image","twitter_title":"Schweizer #Dachverband f\u00fcr #Unternehmensnachfolge offiziell vorgestellt","twitter_description":"Am 8. September 2022 stellte sich der Schweizer #Dachverband f\u00fcr Unternehmensnachfolge #CHDU erstmals einem gr\u00f6sseren Publikum vor.","twitter_image":"https:\/\/www.organisator.ch\/wp-content\/uploads\/2022\/09\/Schweizer-Dachverband-fur-Unternehmensnachfolge-offiziell-vorgestellt_Organisator.jpg","schema":{"@context":"https:\/\/schema.org","@graph":[{"@type":"Article","@id":"https:\/\/www.organisator.ch\/management\/2022-09-09\/schweizer-dachverband-fuer-unternehmensnachfolge-offiziell-vorgestellt\/#article","isPartOf":{"@id":"https:\/\/www.organisator.ch\/management\/2022-09-09\/schweizer-dachverband-fuer-unternehmensnachfolge-offiziell-vorgestellt\/"},"author":{"name":"thomas.berner","@id":"https:\/\/www.organisator.ch\/#\/schema\/person\/6f650f90b2842cd4c0cc334b4e36f67e"},"headline":"Schweizer Dachverband f\u00fcr Unternehmensnachfolge offiziell vorgestellt","datePublished":"2022-09-09T08:04:26+00:00","dateModified":"2022-09-09T08:06:47+00:00","mainEntityOfPage":{"@id":"https:\/\/www.organisator.ch\/management\/2022-09-09\/schweizer-dachverband-fuer-unternehmensnachfolge-offiziell-vorgestellt\/"},"wordCount":768,"publisher":{"@id":"https:\/\/www.organisator.ch\/#organization"},"image":{"@id":"https:\/\/www.organisator.ch\/management\/2022-09-09\/schweizer-dachverband-fuer-unternehmensnachfolge-offiziell-vorgestellt\/#primaryimage"},"thumbnailUrl":"https:\/\/www.organisator.ch\/wp-content\/uploads\/2022\/09\/Schweizer-Dachverband-fur-Unternehmensnachfolge-offiziell-vorgestellt_Organisator.jpg","keywords":["Firmennachfolge","Management und Unternehmensf\u00fchrung","Verb\u00e4nde"],"articleSection":["MANAGEMENT"],"inLanguage":"it-IT"},{"@type":"WebPage","@id":"https:\/\/www.organisator.ch\/management\/2022-09-09\/schweizer-dachverband-fuer-unternehmensnachfolge-offiziell-vorgestellt\/","url":"https:\/\/www.organisator.ch\/management\/2022-09-09\/schweizer-dachverband-fuer-unternehmensnachfolge-offiziell-vorgestellt\/","name":"Presentata ufficialmente l'organizzazione mantello svizzera per la successione aziendale - Organizzatore","isPartOf":{"@id":"https:\/\/www.organisator.ch\/#website"},"primaryImageOfPage":{"@id":"https:\/\/www.organisator.ch\/management\/2022-09-09\/schweizer-dachverband-fuer-unternehmensnachfolge-offiziell-vorgestellt\/#primaryimage"},"image":{"@id":"https:\/\/www.organisator.ch\/management\/2022-09-09\/schweizer-dachverband-fuer-unternehmensnachfolge-offiziell-vorgestellt\/#primaryimage"},"thumbnailUrl":"https:\/\/www.organisator.ch\/wp-content\/uploads\/2022\/09\/Schweizer-Dachverband-fur-Unternehmensnachfolge-offiziell-vorgestellt_Organisator.jpg","datePublished":"2022-09-09T08:04:26+00:00","dateModified":"2022-09-09T08:06:47+00:00","description":"L'8 settembre 2022, l'organizzazione mantello svizzera per la successione aziendale si \u00e8 presentata per la prima volta a un pubblico pi\u00f9 vasto.","breadcrumb":{"@id":"https:\/\/www.organisator.ch\/management\/2022-09-09\/schweizer-dachverband-fuer-unternehmensnachfolge-offiziell-vorgestellt\/#breadcrumb"},"inLanguage":"it-IT","potentialAction":[{"@type":"ReadAction","target":["https:\/\/www.organisator.ch\/management\/2022-09-09\/schweizer-dachverband-fuer-unternehmensnachfolge-offiziell-vorgestellt\/"]}]},{"@type":"ImageObject","inLanguage":"it-IT","@id":"https:\/\/www.organisator.ch\/management\/2022-09-09\/schweizer-dachverband-fuer-unternehmensnachfolge-offiziell-vorgestellt\/#primaryimage","url":"https:\/\/www.organisator.ch\/wp-content\/uploads\/2022\/09\/Schweizer-Dachverband-fur-Unternehmensnachfolge-offiziell-vorgestellt_Organisator.jpg","contentUrl":"https:\/\/www.organisator.ch\/wp-content\/uploads\/2022\/09\/Schweizer-Dachverband-fur-Unternehmensnachfolge-offiziell-vorgestellt_Organisator.jpg"},{"@type":"BreadcrumbList","@id":"https:\/\/www.organisator.ch\/management\/2022-09-09\/schweizer-dachverband-fuer-unternehmensnachfolge-offiziell-vorgestellt\/#breadcrumb","itemListElement":[{"@type":"ListItem","position":1,"name":"Home","item":"https:\/\/www.organisator.ch\/"},{"@type":"ListItem","position":2,"name":"Schweizer Dachverband f\u00fcr Unternehmensnachfolge offiziell vorgestellt"}]},{"@type":"WebSite","@id":"https:\/\/www.organisator.ch\/#website","url":"https:\/\/www.organisator.ch\/","name":"Organizzatore","description":"Competente. Pratico. In 10 numeri all'anno, ORGANISATOR presenta i temi essenziali per i manager delle PMI.","publisher":{"@id":"https:\/\/www.organisator.ch\/#organization"},"potentialAction":[{"@type":"SearchAction","target":{"@type":"EntryPoint","urlTemplate":"https:\/\/www.organisator.ch\/?s={search_term_string}"},"query-input":{"@type":"PropertyValueSpecification","valueRequired":true,"valueName":"search_term_string"}}],"inLanguage":"it-IT"},{"@type":"Organization","@id":"https:\/\/www.organisator.ch\/#organization","name":"Organizzatore","url":"https:\/\/www.organisator.ch\/","logo":{"@type":"ImageObject","inLanguage":"it-IT","@id":"https:\/\/www.organisator.ch\/#\/schema\/logo\/image\/","url":"https:\/\/www.organisator.ch\/wp-content\/uploads\/2022\/01\/Logo_Organisator_Website.png","contentUrl":"https:\/\/www.organisator.ch\/wp-content\/uploads\/2022\/01\/Logo_Organisator_Website.png","width":800,"height":77,"caption":"Organisator"},"image":{"@id":"https:\/\/www.organisator.ch\/#\/schema\/logo\/image\/"},"sameAs":["https:\/\/www.facebook.com\/OrganisatorFachmagazin","https:\/\/www.linkedin.com\/showcase\/organisator-das-magazin-fr-kmu","https:\/\/www.xing.com\/news\/pages\/organisator-ch-695","https:\/\/www.youtube.com\/channel\/UCGP2Sq0iWaZwT3BdIAQFYpw"]},{"@type":"Person","@id":"https:\/\/www.organisator.ch\/#\/schema\/person\/6f650f90b2842cd4c0cc334b4e36f67e","name":"Tommaso.berner","image":{"@type":"ImageObject","inLanguage":"it-IT","@id":"https:\/\/secure.gravatar.com\/avatar\/ac5001d2a36cb6c6cd3e50789007ffca834b477b74a2144564522e944eabff61?s=96&d=mm&r=g","url":"https:\/\/secure.gravatar.com\/avatar\/ac5001d2a36cb6c6cd3e50789007ffca834b477b74a2144564522e944eabff61?s=96&d=mm&r=g","contentUrl":"https:\/\/secure.gravatar.com\/avatar\/ac5001d2a36cb6c6cd3e50789007ffca834b477b74a2144564522e944eabff61?s=96&d=mm&r=g","caption":"thomas.berner"},"url":"https:\/\/www.organisator.ch\/it\/author\/thomas-berner\/"}]}},"_links":{"self":[{"href":"https:\/\/www.organisator.ch\/it\/wp-json\/wp\/v2\/posts\/16862","targetHints":{"allow":["GET"]}}],"collection":[{"href":"https:\/\/www.organisator.ch\/it\/wp-json\/wp\/v2\/posts"}],"about":[{"href":"https:\/\/www.organisator.ch\/it\/wp-json\/wp\/v2\/types\/post"}],"author":[{"embeddable":true,"href":"https:\/\/www.organisator.ch\/it\/wp-json\/wp\/v2\/users\/4"}],"replies":[{"embeddable":true,"href":"https:\/\/www.organisator.ch\/it\/wp-json\/wp\/v2\/comments?post=16862"}],"version-history":[{"count":3,"href":"https:\/\/www.organisator.ch\/it\/wp-json\/wp\/v2\/posts\/16862\/revisions"}],"predecessor-version":[{"id":16871,"href":"https:\/\/www.organisator.ch\/it\/wp-json\/wp\/v2\/posts\/16862\/revisions\/16871"}],"wp:attachment":[{"href":"https:\/\/www.organisator.ch\/it\/wp-json\/wp\/v2\/media?parent=16862"}],"wp:term":[{"taxonomy":"category","embeddable":true,"href":"https:\/\/www.organisator.ch\/it\/wp-json\/wp\/v2\/categories?post=16862"},{"taxonomy":"post_tag","embeddable":true,"href":"https:\/\/www.organisator.ch\/it\/wp-json\/wp\/v2\/tags?post=16862"}],"curies":[{"name":"wp","href":"https:\/\/api.w.org\/{rel}","templated":true}]}}