{"id":16891,"date":"2022-09-12T08:00:39","date_gmt":"2022-09-12T06:00:39","guid":{"rendered":"https:\/\/www.organisator.ch\/?p=16891"},"modified":"2022-09-26T08:20:14","modified_gmt":"2022-09-26T06:20:14","slug":"swissskills-2022-quasi-molti-vincitori","status":"publish","type":"post","link":"https:\/\/www.organisator.ch\/it\/human-resources\/2022-09-12\/swissskills-2022-ganz-viele-siegerinnen-und-sieger\/","title":{"rendered":"SwissSkills 2022: tanti e tanti vincitori"},"content":{"rendered":"<figure id=\"attachment_16892\" aria-describedby=\"caption-attachment-16892\" style=\"width: 680px\" class=\"wp-caption alignnone\"><img loading=\"lazy\" decoding=\"async\" class=\"size-full wp-image-16892\" src=\"https:\/\/www.organisator.ch\/wp-content\/uploads\/2022\/09\/SwissSkills-2022-Ganz-viele-Siegerinnen-und-Sieger-1_Organisatorjpg.jpg\" alt=\"\" width=\"680\" height=\"453\" srcset=\"https:\/\/www.organisator.ch\/wp-content\/uploads\/2022\/09\/SwissSkills-2022-Ganz-viele-Siegerinnen-und-Sieger-1_Organisatorjpg.jpg 680w, https:\/\/www.organisator.ch\/wp-content\/uploads\/2022\/09\/SwissSkills-2022-Ganz-viele-Siegerinnen-und-Sieger-1_Organisatorjpg-18x12.jpg 18w, https:\/\/www.organisator.ch\/wp-content\/uploads\/2022\/09\/SwissSkills-2022-Ganz-viele-Siegerinnen-und-Sieger-1_Organisatorjpg-263x175.jpg 263w, https:\/\/www.organisator.ch\/wp-content\/uploads\/2022\/09\/SwissSkills-2022-Ganz-viele-Siegerinnen-und-Sieger-1_Organisatorjpg-525x350.jpg 525w, https:\/\/www.organisator.ch\/wp-content\/uploads\/2022\/09\/SwissSkills-2022-Ganz-viele-Siegerinnen-und-Sieger-1_Organisatorjpg-300x200.jpg 300w\" sizes=\"auto, (max-width: 680px) 100vw, 680px\" \/><figcaption id=\"caption-attachment-16892\" class=\"wp-caption-text\">I campionati professionali SwissSkills 2022 si sono conclusi l'11 settembre 2022 a Berna. (Immagine: Tatjana Schnalzger \/ SwissSkills)<\/figcaption><\/figure>\n<p>Da mercoled\u00ec 7 settembre 2022, pi\u00f9 di 1000 giovani professionisti hanno scelto i campioni svizzeri in 87 concorsi professionali. Alla cerimonia di premiazione di sabato sera, durata tre ore e caratterizzata da una grande emozione, i primi tre classificati di ogni professione hanno ricevuto una medaglia. Il Trofeo Debrunner Acifer per il miglior campione svizzero \u00e8 andato a Matthias Baumann. Riceve un'autovettura ibrida a sua disposizione gratuitamente per un anno.<\/p>\n<h3>SwissSkills 2022 da record<\/h3>\n<p>\u00c8 diventato <a href=\"https:\/\/www.organisator.ch\/de\/weiterbildung\/2021-09-08\/swissskills-2022-erwartet-rekordbeteiligung\/\">gi\u00e0 in fase di preparazione<\/a> firmato: SwissSkills 2022 passer\u00e0 alla storia con diversi record. Pi\u00f9 di 1.000 giovani talenti professionali hanno partecipato a 87 concorsi e 65 dimostrazioni professionali e gli organizzatori hanno contato 120.000 visitatori, di cui 64.000 scolari. Le FFS hanno utilizzato 40 treni supplementari per portare le classi scolastiche all'evento. Le competizioni e gli spettacoli si sono svolti in circa 250 stand e l'area intorno a Bernexpo ha coperto 100.000 metri quadrati. Pi\u00f9 di 10.000 persone sono state coinvolte nella preparazione e nella realizzazione dell'evento. Il presidente dell'OC Daniel Arn si \u00e8 detto molto soddisfatto e felice: \"Sono assolutamente felice che tutto si sia svolto senza incidenti di rilievo. Ricorder\u00f2 sempre SwissSkills 2022 come un evento meraviglioso.<\/p>\n<h3>Orgoglioso consigliere federale<\/h3>\n<p>Il Consigliere federale Guy Parmelin si \u00e8 congratulato personalmente con ogni vincitore. Nel suo discorso, ha espresso il suo orgoglio per i partecipanti a SwissSkills 2022, affermando che hanno dato il meglio di s\u00e9 e hanno gettato una luce straordinaria sull'enorme diversit\u00e0 dell'istruzione e della formazione professionale nel nostro Paese, sulla sua qualit\u00e0 ed efficienza.<\/p>\n<figure id=\"attachment_16893\" aria-describedby=\"caption-attachment-16893\" style=\"width: 680px\" class=\"wp-caption alignnone\"><img loading=\"lazy\" decoding=\"async\" class=\"size-full wp-image-16893\" src=\"https:\/\/www.organisator.ch\/wp-content\/uploads\/2022\/09\/SwissSkills-2022-Ganz-viele-Siegerinnen-und-Sieger-2_Organisatorjpg.jpg\" alt=\"\" width=\"680\" height=\"453\" srcset=\"https:\/\/www.organisator.ch\/wp-content\/uploads\/2022\/09\/SwissSkills-2022-Ganz-viele-Siegerinnen-und-Sieger-2_Organisatorjpg.jpg 680w, https:\/\/www.organisator.ch\/wp-content\/uploads\/2022\/09\/SwissSkills-2022-Ganz-viele-Siegerinnen-und-Sieger-2_Organisatorjpg-18x12.jpg 18w, https:\/\/www.organisator.ch\/wp-content\/uploads\/2022\/09\/SwissSkills-2022-Ganz-viele-Siegerinnen-und-Sieger-2_Organisatorjpg-263x175.jpg 263w, https:\/\/www.organisator.ch\/wp-content\/uploads\/2022\/09\/SwissSkills-2022-Ganz-viele-Siegerinnen-und-Sieger-2_Organisatorjpg-525x350.jpg 525w, https:\/\/www.organisator.ch\/wp-content\/uploads\/2022\/09\/SwissSkills-2022-Ganz-viele-Siegerinnen-und-Sieger-2_Organisatorjpg-300x200.jpg 300w\" sizes=\"auto, (max-width: 680px) 100vw, 680px\" \/><figcaption id=\"caption-attachment-16893\" class=\"wp-caption-text\">Il Consigliere federale Guy Parmelin si congratula con i vincitori del concorso per parrucchieri\/coiffeuse: Lara Alyssia Wyss (oro), Valentina Bircher (argento), Fatime Useini (bronzo) (Foto: \u00a9 Manu Friederich \/ SwissSkills)<\/figcaption><\/figure>\n<p>\"Appartenete all'\u00e9lite della formazione professionale svizzera\", ha esordito l'entusiasta Ministro dell'Economia rivolgendosi ai talenti professionali. Parmelin si \u00e8 detto convinto che i vincitori che parteciperanno alle competizioni internazionali EuroSkills 2023 e WorldSkills 2024 rappresenteranno degnamente la Svizzera. Ha inoltre augurato al National Team di SwissSkills un grande successo per la prossima World Skills Competition 2022. Il formato decentralizzato della competizione si svolge in 15 Paesi, tra cui sei citt\u00e0 svizzere.<\/p>\n<h3>La Giornata della Famiglia \u00e8 l'ultimo momento clou<\/h3>\n<p>Domenica 11 settembre 2022, SwissSkills 2022 si \u00e8 conclusa con un evento finale. Con il titolo \"Best of SwissSkills\", i visitatori hanno avuto l'opportunit\u00e0 di provare in prima persona la maggior parte delle 150 professioni presentate. Inoltre, i campioni professionisti appena incoronati erano a disposizione per le discussioni.<\/p>\n<p>Il presidente dell'OC Daniel Arn \u00e8 lieto che i Campionati svizzeri di abilit\u00e0 abbiano riscosso un cos\u00ec grande interesse. \u00c8 rimasto particolarmente colpito dall'interesse degli studenti che non hanno ancora completato la loro formazione professionale: \"Nei giorni feriali, decine di migliaia di studenti affollano il parco all'apertura delle porte. La maggior parte di loro era interessata alle professioni, andava agli stand, si informava e non ammazzava il tempo in un angolo da qualche parte. I giovani erano letteralmente sulla strada del loro futuro professionale\".<\/p>\n<h3>Successivo SwissSkills in tre anni<\/h3>\n<p>L'organizzazione dei Campionati svizzeri di abilit\u00e0 richiede ogni volta un grande impegno. Non sarebbe possibile senza il sostegno della sede espositiva Bernexpo, del settore pubblico e degli sponsor\", afferma Daniel Arn. Anche le associazioni professionali e i loro partecipanti hanno animato gli stand con le loro strutture e dimostrazioni. Daniel Arn: \"Senza di loro non ci sarebbe SwissSkills!\".<\/p>\n<p>\u00c8 possibile superare l'edizione di quest'anno di SwissSkills? Difficile, ammette Daniel Arn. \"Abbiamo raggiunto il limite di capacit\u00e0. Tuttavia, ci sar\u00e0 sempre la possibilit\u00e0 di guadagnare qualche metro quadro in un posto o nell'altro, ad esempio se una nuova associazione vuole partecipare a SwissSkills. Ma non vogliamo definirci solo in base alle dimensioni. Crescere in qualit\u00e0 \u00e8 molto pi\u00f9 importante per noi\". Tenendo conto di questi prerequisiti, si sta ora pianificando la prossima edizione di SwissSkills, che si terr\u00e0 nuovamente a Berna nel 2025.<\/p>\n<p><em>Fonte: <a href=\"http:\/\/www.swiss-skills.ch\">www.swiss-skills.ch<\/a>Le classifiche complete sono disponibili qui: <a href=\"https:\/\/www.swiss-skills2022.ch\/de\/wettkampf\/resultate\">swiss-skills2022.ch\/it\/competizione\/risultati<\/a>\u00a0<\/em><\/p>","protected":false},"excerpt":{"rendered":"<p>Mehr als 1000 junge Fachkr\u00e4fte haben seit dem Mittwoch, 7. September 2022, an 87 Berufswettk\u00e4mpfen die Schweizermeisterinnen und Schweizermeister erkoren. An der dreist\u00fcndigen, von vielen Emotionen gepr\u00e4gten Siegerehrung am Samstagabend konnten die drei Erstplatzierten pro Beruf eine Medaille in Empfang nehmen. Die Debrunner Acifer Trophy f\u00fcr den besten Schweizermeister ging an Matthias Baumann. Er erh\u00e4lt [&hellip;]<\/p>\n","protected":false},"author":4,"featured_media":16892,"comment_status":"closed","ping_status":"closed","sticky":false,"template":"","format":"standard","meta":{"_acf_changed":false,"_yoast_wpseo_focuskw":"SwissSkills 2022","_yoast_wpseo_metadesc":"279 Teilnehmende durften an den SwissSkills 2022 in Bern eine Medaille und die Gl\u00fcckw\u00fcnsche von Bundesrat Guy Parmelin entgegennehmen.","articlekey":"","footnotes":""},"categories":[579],"tags":[62,2672,254,2699],"class_list":["post-16891","post","type-post","status-publish","format-standard","has-post-thumbnail","hentry","category-human-resources","tag-aus-weiterbildung","tag-berufsmeisterschaft","tag-hrm","tag-swissskills"],"acf":[],"yoast_head":"<!-- This site is optimized with the Yoast SEO plugin v27.5 - https:\/\/yoast.com\/product\/yoast-seo-wordpress\/ -->\n<title>SwissSkills 2022: Ganz viele Siegerinnen und Sieger - Organisator<\/title>\n<meta name=\"description\" content=\"279 Teilnehmende durften an den SwissSkills 2022 in Bern eine Medaille und die Gl\u00fcckw\u00fcnsche von Bundesrat Guy Parmelin entgegennehmen.\" \/>\n<meta name=\"robots\" content=\"index, follow, max-snippet:-1, max-image-preview:large, max-video-preview:-1\" \/>\n<link rel=\"canonical\" href=\"https:\/\/www.organisator.ch\/it\/risorse-umane\/2022-09-12\/swissskills-2022-quasi-molti-vincitori\/\" \/>\n<meta property=\"og:locale\" content=\"it_IT\" \/>\n<meta property=\"og:type\" content=\"article\" \/>\n<meta property=\"og:title\" content=\"SwissSkills 2022: Ganz viele Siegerinnen und Sieger\" \/>\n<meta property=\"og:description\" content=\"279 Teilnehmende durften an den SwissSkills 2022 in Bern eine Medaille und die Gl\u00fcckw\u00fcnsche von Bundesrat Guy Parmelin entgegennehmen.\" \/>\n<meta property=\"og:url\" content=\"https:\/\/www.organisator.ch\/it\/risorse-umane\/2022-09-12\/swissskills-2022-quasi-molti-vincitori\/\" \/>\n<meta property=\"og:site_name\" content=\"Organisator\" \/>\n<meta property=\"article:publisher\" content=\"https:\/\/www.facebook.com\/OrganisatorFachmagazin\" \/>\n<meta property=\"article:published_time\" content=\"2022-09-12T06:00:39+00:00\" \/>\n<meta property=\"article:modified_time\" content=\"2022-09-26T06:20:14+00:00\" \/>\n<meta property=\"og:image\" content=\"https:\/\/www.organisator.ch\/wp-content\/uploads\/2022\/09\/SwissSkills-2022-Ganz-viele-Siegerinnen-und-Sieger-1_Organisatorjpg.jpg\" \/>\n\t<meta property=\"og:image:width\" content=\"680\" \/>\n\t<meta property=\"og:image:height\" content=\"453\" \/>\n\t<meta property=\"og:image:type\" content=\"image\/jpeg\" \/>\n<meta name=\"author\" content=\"thomas.berner\" \/>\n<meta name=\"twitter:card\" content=\"summary_large_image\" \/>\n<meta name=\"twitter:title\" content=\"#SwissSkills 2022: Ganz viele #Siegerinnen und #Sieger\" \/>\n<meta name=\"twitter:description\" content=\"279 Teilnehmende durften an den #SwissSkills 2022 in Bern eine Medaille und die Gl\u00fcckw\u00fcnsche von #Bundesrat Guy #Parmelin entgegennehmen.\" \/>\n<meta name=\"twitter:image\" content=\"https:\/\/www.organisator.ch\/wp-content\/uploads\/2022\/09\/SwissSkills-2022-Ganz-viele-Siegerinnen-und-Sieger-1_Organisatorjpg.jpg\" \/>\n<script type=\"application\/ld+json\" class=\"yoast-schema-graph\">{\"@context\":\"https:\\\/\\\/schema.org\",\"@graph\":[{\"@type\":\"Article\",\"@id\":\"https:\\\/\\\/www.organisator.ch\\\/human-resources\\\/2022-09-12\\\/swissskills-2022-ganz-viele-siegerinnen-und-sieger\\\/#article\",\"isPartOf\":{\"@id\":\"https:\\\/\\\/www.organisator.ch\\\/human-resources\\\/2022-09-12\\\/swissskills-2022-ganz-viele-siegerinnen-und-sieger\\\/\"},\"author\":{\"name\":\"thomas.berner\",\"@id\":\"https:\\\/\\\/www.organisator.ch\\\/#\\\/schema\\\/person\\\/6f650f90b2842cd4c0cc334b4e36f67e\"},\"headline\":\"SwissSkills 2022: Ganz viele Siegerinnen und Sieger\",\"datePublished\":\"2022-09-12T06:00:39+00:00\",\"dateModified\":\"2022-09-26T06:20:14+00:00\",\"mainEntityOfPage\":{\"@id\":\"https:\\\/\\\/www.organisator.ch\\\/human-resources\\\/2022-09-12\\\/swissskills-2022-ganz-viele-siegerinnen-und-sieger\\\/\"},\"wordCount\":702,\"publisher\":{\"@id\":\"https:\\\/\\\/www.organisator.ch\\\/#organization\"},\"image\":{\"@id\":\"https:\\\/\\\/www.organisator.ch\\\/human-resources\\\/2022-09-12\\\/swissskills-2022-ganz-viele-siegerinnen-und-sieger\\\/#primaryimage\"},\"thumbnailUrl\":\"https:\\\/\\\/www.organisator.ch\\\/wp-content\\\/uploads\\\/2022\\\/09\\\/SwissSkills-2022-Ganz-viele-Siegerinnen-und-Sieger-1_Organisatorjpg.jpg\",\"keywords\":[\"Aus-\\\/Weiterbildung\",\"Berufsmeisterschaft\",\"HRM\",\"SwissSkills\"],\"articleSection\":[\"HUMAN RESOURCES\"],\"inLanguage\":\"it-IT\"},{\"@type\":\"WebPage\",\"@id\":\"https:\\\/\\\/www.organisator.ch\\\/human-resources\\\/2022-09-12\\\/swissskills-2022-ganz-viele-siegerinnen-und-sieger\\\/\",\"url\":\"https:\\\/\\\/www.organisator.ch\\\/human-resources\\\/2022-09-12\\\/swissskills-2022-ganz-viele-siegerinnen-und-sieger\\\/\",\"name\":\"SwissSkills 2022: Ganz viele Siegerinnen und Sieger - Organisator\",\"isPartOf\":{\"@id\":\"https:\\\/\\\/www.organisator.ch\\\/#website\"},\"primaryImageOfPage\":{\"@id\":\"https:\\\/\\\/www.organisator.ch\\\/human-resources\\\/2022-09-12\\\/swissskills-2022-ganz-viele-siegerinnen-und-sieger\\\/#primaryimage\"},\"image\":{\"@id\":\"https:\\\/\\\/www.organisator.ch\\\/human-resources\\\/2022-09-12\\\/swissskills-2022-ganz-viele-siegerinnen-und-sieger\\\/#primaryimage\"},\"thumbnailUrl\":\"https:\\\/\\\/www.organisator.ch\\\/wp-content\\\/uploads\\\/2022\\\/09\\\/SwissSkills-2022-Ganz-viele-Siegerinnen-und-Sieger-1_Organisatorjpg.jpg\",\"datePublished\":\"2022-09-12T06:00:39+00:00\",\"dateModified\":\"2022-09-26T06:20:14+00:00\",\"description\":\"279 Teilnehmende durften an den SwissSkills 2022 in Bern eine Medaille und die Gl\u00fcckw\u00fcnsche von Bundesrat Guy Parmelin entgegennehmen.\",\"breadcrumb\":{\"@id\":\"https:\\\/\\\/www.organisator.ch\\\/human-resources\\\/2022-09-12\\\/swissskills-2022-ganz-viele-siegerinnen-und-sieger\\\/#breadcrumb\"},\"inLanguage\":\"it-IT\",\"potentialAction\":[{\"@type\":\"ReadAction\",\"target\":[\"https:\\\/\\\/www.organisator.ch\\\/human-resources\\\/2022-09-12\\\/swissskills-2022-ganz-viele-siegerinnen-und-sieger\\\/\"]}]},{\"@type\":\"ImageObject\",\"inLanguage\":\"it-IT\",\"@id\":\"https:\\\/\\\/www.organisator.ch\\\/human-resources\\\/2022-09-12\\\/swissskills-2022-ganz-viele-siegerinnen-und-sieger\\\/#primaryimage\",\"url\":\"https:\\\/\\\/www.organisator.ch\\\/wp-content\\\/uploads\\\/2022\\\/09\\\/SwissSkills-2022-Ganz-viele-Siegerinnen-und-Sieger-1_Organisatorjpg.jpg\",\"contentUrl\":\"https:\\\/\\\/www.organisator.ch\\\/wp-content\\\/uploads\\\/2022\\\/09\\\/SwissSkills-2022-Ganz-viele-Siegerinnen-und-Sieger-1_Organisatorjpg.jpg\",\"width\":680,\"height\":453,\"caption\":\"Die Schweizer Berufsmeisterschaften SwissSkills 2022 gingen am 11. September 2022 in Bern zu Ende. (Bild: SwissSkills)\"},{\"@type\":\"BreadcrumbList\",\"@id\":\"https:\\\/\\\/www.organisator.ch\\\/human-resources\\\/2022-09-12\\\/swissskills-2022-ganz-viele-siegerinnen-und-sieger\\\/#breadcrumb\",\"itemListElement\":[{\"@type\":\"ListItem\",\"position\":1,\"name\":\"Home\",\"item\":\"https:\\\/\\\/www.organisator.ch\\\/\"},{\"@type\":\"ListItem\",\"position\":2,\"name\":\"SwissSkills 2022: Ganz viele Siegerinnen und Sieger\"}]},{\"@type\":\"WebSite\",\"@id\":\"https:\\\/\\\/www.organisator.ch\\\/#website\",\"url\":\"https:\\\/\\\/www.organisator.ch\\\/\",\"name\":\"Organisator\",\"description\":\"Kompetent. Praxisnah. Der ORGANISATOR bereitet in 10 Ausgaben pro Jahr die wesentlichen Themen f\u00fcr F\u00fchrungskr\u00e4fte von KMU auf.\",\"publisher\":{\"@id\":\"https:\\\/\\\/www.organisator.ch\\\/#organization\"},\"potentialAction\":[{\"@type\":\"SearchAction\",\"target\":{\"@type\":\"EntryPoint\",\"urlTemplate\":\"https:\\\/\\\/www.organisator.ch\\\/?s={search_term_string}\"},\"query-input\":{\"@type\":\"PropertyValueSpecification\",\"valueRequired\":true,\"valueName\":\"search_term_string\"}}],\"inLanguage\":\"it-IT\"},{\"@type\":\"Organization\",\"@id\":\"https:\\\/\\\/www.organisator.ch\\\/#organization\",\"name\":\"Organisator\",\"url\":\"https:\\\/\\\/www.organisator.ch\\\/\",\"logo\":{\"@type\":\"ImageObject\",\"inLanguage\":\"it-IT\",\"@id\":\"https:\\\/\\\/www.organisator.ch\\\/#\\\/schema\\\/logo\\\/image\\\/\",\"url\":\"https:\\\/\\\/www.organisator.ch\\\/wp-content\\\/uploads\\\/2022\\\/01\\\/Logo_Organisator_Website.png\",\"contentUrl\":\"https:\\\/\\\/www.organisator.ch\\\/wp-content\\\/uploads\\\/2022\\\/01\\\/Logo_Organisator_Website.png\",\"width\":800,\"height\":77,\"caption\":\"Organisator\"},\"image\":{\"@id\":\"https:\\\/\\\/www.organisator.ch\\\/#\\\/schema\\\/logo\\\/image\\\/\"},\"sameAs\":[\"https:\\\/\\\/www.facebook.com\\\/OrganisatorFachmagazin\",\"https:\\\/\\\/www.linkedin.com\\\/showcase\\\/organisator-das-magazin-fr-kmu\",\"https:\\\/\\\/www.xing.com\\\/news\\\/pages\\\/organisator-ch-695\",\"https:\\\/\\\/www.youtube.com\\\/channel\\\/UCGP2Sq0iWaZwT3BdIAQFYpw\"]},{\"@type\":\"Person\",\"@id\":\"https:\\\/\\\/www.organisator.ch\\\/#\\\/schema\\\/person\\\/6f650f90b2842cd4c0cc334b4e36f67e\",\"name\":\"thomas.berner\",\"image\":{\"@type\":\"ImageObject\",\"inLanguage\":\"it-IT\",\"@id\":\"https:\\\/\\\/secure.gravatar.com\\\/avatar\\\/ac5001d2a36cb6c6cd3e50789007ffca834b477b74a2144564522e944eabff61?s=96&d=mm&r=g\",\"url\":\"https:\\\/\\\/secure.gravatar.com\\\/avatar\\\/ac5001d2a36cb6c6cd3e50789007ffca834b477b74a2144564522e944eabff61?s=96&d=mm&r=g\",\"contentUrl\":\"https:\\\/\\\/secure.gravatar.com\\\/avatar\\\/ac5001d2a36cb6c6cd3e50789007ffca834b477b74a2144564522e944eabff61?s=96&d=mm&r=g\",\"caption\":\"thomas.berner\"},\"url\":\"https:\\\/\\\/www.organisator.ch\\\/it\\\/author\\\/thomas-berner\\\/\"}]}<\/script>\n<!-- \/ Yoast SEO plugin. -->","yoast_head_json":{"title":"SwissSkills 2022: tanti vincitori - L'organizzatore","description":"279 partecipanti hanno ricevuto una medaglia e le congratulazioni del Consigliere federale Guy Parmelin in occasione di SwissSkills 2022 a Berna.","robots":{"index":"index","follow":"follow","max-snippet":"max-snippet:-1","max-image-preview":"max-image-preview:large","max-video-preview":"max-video-preview:-1"},"canonical":"https:\/\/www.organisator.ch\/it\/risorse-umane\/2022-09-12\/swissskills-2022-quasi-molti-vincitori\/","og_locale":"it_IT","og_type":"article","og_title":"SwissSkills 2022: Ganz viele Siegerinnen und Sieger","og_description":"279 Teilnehmende durften an den SwissSkills 2022 in Bern eine Medaille und die Gl\u00fcckw\u00fcnsche von Bundesrat Guy Parmelin entgegennehmen.","og_url":"https:\/\/www.organisator.ch\/it\/risorse-umane\/2022-09-12\/swissskills-2022-quasi-molti-vincitori\/","og_site_name":"Organisator","article_publisher":"https:\/\/www.facebook.com\/OrganisatorFachmagazin","article_published_time":"2022-09-12T06:00:39+00:00","article_modified_time":"2022-09-26T06:20:14+00:00","og_image":[{"width":680,"height":453,"url":"https:\/\/www.organisator.ch\/wp-content\/uploads\/2022\/09\/SwissSkills-2022-Ganz-viele-Siegerinnen-und-Sieger-1_Organisatorjpg.jpg","type":"image\/jpeg"}],"author":"thomas.berner","twitter_card":"summary_large_image","twitter_title":"#SwissSkills 2022: Ganz viele #Siegerinnen und #Sieger","twitter_description":"279 Teilnehmende durften an den #SwissSkills 2022 in Bern eine Medaille und die Gl\u00fcckw\u00fcnsche von #Bundesrat Guy #Parmelin entgegennehmen.","twitter_image":"https:\/\/www.organisator.ch\/wp-content\/uploads\/2022\/09\/SwissSkills-2022-Ganz-viele-Siegerinnen-und-Sieger-1_Organisatorjpg.jpg","schema":{"@context":"https:\/\/schema.org","@graph":[{"@type":"Article","@id":"https:\/\/www.organisator.ch\/human-resources\/2022-09-12\/swissskills-2022-ganz-viele-siegerinnen-und-sieger\/#article","isPartOf":{"@id":"https:\/\/www.organisator.ch\/human-resources\/2022-09-12\/swissskills-2022-ganz-viele-siegerinnen-und-sieger\/"},"author":{"name":"thomas.berner","@id":"https:\/\/www.organisator.ch\/#\/schema\/person\/6f650f90b2842cd4c0cc334b4e36f67e"},"headline":"SwissSkills 2022: Ganz viele Siegerinnen und Sieger","datePublished":"2022-09-12T06:00:39+00:00","dateModified":"2022-09-26T06:20:14+00:00","mainEntityOfPage":{"@id":"https:\/\/www.organisator.ch\/human-resources\/2022-09-12\/swissskills-2022-ganz-viele-siegerinnen-und-sieger\/"},"wordCount":702,"publisher":{"@id":"https:\/\/www.organisator.ch\/#organization"},"image":{"@id":"https:\/\/www.organisator.ch\/human-resources\/2022-09-12\/swissskills-2022-ganz-viele-siegerinnen-und-sieger\/#primaryimage"},"thumbnailUrl":"https:\/\/www.organisator.ch\/wp-content\/uploads\/2022\/09\/SwissSkills-2022-Ganz-viele-Siegerinnen-und-Sieger-1_Organisatorjpg.jpg","keywords":["Aus-\/Weiterbildung","Berufsmeisterschaft","HRM","SwissSkills"],"articleSection":["HUMAN RESOURCES"],"inLanguage":"it-IT"},{"@type":"WebPage","@id":"https:\/\/www.organisator.ch\/human-resources\/2022-09-12\/swissskills-2022-ganz-viele-siegerinnen-und-sieger\/","url":"https:\/\/www.organisator.ch\/human-resources\/2022-09-12\/swissskills-2022-ganz-viele-siegerinnen-und-sieger\/","name":"SwissSkills 2022: tanti vincitori - L'organizzatore","isPartOf":{"@id":"https:\/\/www.organisator.ch\/#website"},"primaryImageOfPage":{"@id":"https:\/\/www.organisator.ch\/human-resources\/2022-09-12\/swissskills-2022-ganz-viele-siegerinnen-und-sieger\/#primaryimage"},"image":{"@id":"https:\/\/www.organisator.ch\/human-resources\/2022-09-12\/swissskills-2022-ganz-viele-siegerinnen-und-sieger\/#primaryimage"},"thumbnailUrl":"https:\/\/www.organisator.ch\/wp-content\/uploads\/2022\/09\/SwissSkills-2022-Ganz-viele-Siegerinnen-und-Sieger-1_Organisatorjpg.jpg","datePublished":"2022-09-12T06:00:39+00:00","dateModified":"2022-09-26T06:20:14+00:00","description":"279 partecipanti hanno ricevuto una medaglia e le congratulazioni del Consigliere federale Guy Parmelin in occasione di SwissSkills 2022 a Berna.","breadcrumb":{"@id":"https:\/\/www.organisator.ch\/human-resources\/2022-09-12\/swissskills-2022-ganz-viele-siegerinnen-und-sieger\/#breadcrumb"},"inLanguage":"it-IT","potentialAction":[{"@type":"ReadAction","target":["https:\/\/www.organisator.ch\/human-resources\/2022-09-12\/swissskills-2022-ganz-viele-siegerinnen-und-sieger\/"]}]},{"@type":"ImageObject","inLanguage":"it-IT","@id":"https:\/\/www.organisator.ch\/human-resources\/2022-09-12\/swissskills-2022-ganz-viele-siegerinnen-und-sieger\/#primaryimage","url":"https:\/\/www.organisator.ch\/wp-content\/uploads\/2022\/09\/SwissSkills-2022-Ganz-viele-Siegerinnen-und-Sieger-1_Organisatorjpg.jpg","contentUrl":"https:\/\/www.organisator.ch\/wp-content\/uploads\/2022\/09\/SwissSkills-2022-Ganz-viele-Siegerinnen-und-Sieger-1_Organisatorjpg.jpg","width":680,"height":453,"caption":"Die Schweizer Berufsmeisterschaften SwissSkills 2022 gingen am 11. September 2022 in Bern zu Ende. (Bild: SwissSkills)"},{"@type":"BreadcrumbList","@id":"https:\/\/www.organisator.ch\/human-resources\/2022-09-12\/swissskills-2022-ganz-viele-siegerinnen-und-sieger\/#breadcrumb","itemListElement":[{"@type":"ListItem","position":1,"name":"Home","item":"https:\/\/www.organisator.ch\/"},{"@type":"ListItem","position":2,"name":"SwissSkills 2022: Ganz viele Siegerinnen und Sieger"}]},{"@type":"WebSite","@id":"https:\/\/www.organisator.ch\/#website","url":"https:\/\/www.organisator.ch\/","name":"Organizzatore","description":"Competente. Pratico. In 10 numeri all'anno, ORGANISATOR presenta i temi essenziali per i manager delle PMI.","publisher":{"@id":"https:\/\/www.organisator.ch\/#organization"},"potentialAction":[{"@type":"SearchAction","target":{"@type":"EntryPoint","urlTemplate":"https:\/\/www.organisator.ch\/?s={search_term_string}"},"query-input":{"@type":"PropertyValueSpecification","valueRequired":true,"valueName":"search_term_string"}}],"inLanguage":"it-IT"},{"@type":"Organization","@id":"https:\/\/www.organisator.ch\/#organization","name":"Organizzatore","url":"https:\/\/www.organisator.ch\/","logo":{"@type":"ImageObject","inLanguage":"it-IT","@id":"https:\/\/www.organisator.ch\/#\/schema\/logo\/image\/","url":"https:\/\/www.organisator.ch\/wp-content\/uploads\/2022\/01\/Logo_Organisator_Website.png","contentUrl":"https:\/\/www.organisator.ch\/wp-content\/uploads\/2022\/01\/Logo_Organisator_Website.png","width":800,"height":77,"caption":"Organisator"},"image":{"@id":"https:\/\/www.organisator.ch\/#\/schema\/logo\/image\/"},"sameAs":["https:\/\/www.facebook.com\/OrganisatorFachmagazin","https:\/\/www.linkedin.com\/showcase\/organisator-das-magazin-fr-kmu","https:\/\/www.xing.com\/news\/pages\/organisator-ch-695","https:\/\/www.youtube.com\/channel\/UCGP2Sq0iWaZwT3BdIAQFYpw"]},{"@type":"Person","@id":"https:\/\/www.organisator.ch\/#\/schema\/person\/6f650f90b2842cd4c0cc334b4e36f67e","name":"Tommaso.berner","image":{"@type":"ImageObject","inLanguage":"it-IT","@id":"https:\/\/secure.gravatar.com\/avatar\/ac5001d2a36cb6c6cd3e50789007ffca834b477b74a2144564522e944eabff61?s=96&d=mm&r=g","url":"https:\/\/secure.gravatar.com\/avatar\/ac5001d2a36cb6c6cd3e50789007ffca834b477b74a2144564522e944eabff61?s=96&d=mm&r=g","contentUrl":"https:\/\/secure.gravatar.com\/avatar\/ac5001d2a36cb6c6cd3e50789007ffca834b477b74a2144564522e944eabff61?s=96&d=mm&r=g","caption":"thomas.berner"},"url":"https:\/\/www.organisator.ch\/it\/author\/thomas-berner\/"}]}},"_links":{"self":[{"href":"https:\/\/www.organisator.ch\/it\/wp-json\/wp\/v2\/posts\/16891","targetHints":{"allow":["GET"]}}],"collection":[{"href":"https:\/\/www.organisator.ch\/it\/wp-json\/wp\/v2\/posts"}],"about":[{"href":"https:\/\/www.organisator.ch\/it\/wp-json\/wp\/v2\/types\/post"}],"author":[{"embeddable":true,"href":"https:\/\/www.organisator.ch\/it\/wp-json\/wp\/v2\/users\/4"}],"replies":[{"embeddable":true,"href":"https:\/\/www.organisator.ch\/it\/wp-json\/wp\/v2\/comments?post=16891"}],"version-history":[{"count":1,"href":"https:\/\/www.organisator.ch\/it\/wp-json\/wp\/v2\/posts\/16891\/revisions"}],"predecessor-version":[{"id":16894,"href":"https:\/\/www.organisator.ch\/it\/wp-json\/wp\/v2\/posts\/16891\/revisions\/16894"}],"wp:featuredmedia":[{"embeddable":true,"href":"https:\/\/www.organisator.ch\/it\/wp-json\/wp\/v2\/media\/16892"}],"wp:attachment":[{"href":"https:\/\/www.organisator.ch\/it\/wp-json\/wp\/v2\/media?parent=16891"}],"wp:term":[{"taxonomy":"category","embeddable":true,"href":"https:\/\/www.organisator.ch\/it\/wp-json\/wp\/v2\/categories?post=16891"},{"taxonomy":"post_tag","embeddable":true,"href":"https:\/\/www.organisator.ch\/it\/wp-json\/wp\/v2\/tags?post=16891"}],"curies":[{"name":"wp","href":"https:\/\/api.w.org\/{rel}","templated":true}]}}