{"id":16905,"date":"2022-09-13T06:48:23","date_gmt":"2022-09-13T04:48:23","guid":{"rendered":"https:\/\/www.organisator.ch\/?p=16905"},"modified":"2022-09-12T17:57:14","modified_gmt":"2022-09-12T15:57:14","slug":"rolf-g-schmid-wird-neuer-verwaltungsratspraesident-von-revendo","status":"publish","type":"post","link":"https:\/\/www.organisator.ch\/it\/management\/2022-09-13\/rolf-g-schmid-wird-neuer-verwaltungsratspraesident-von-revendo\/","title":{"rendered":"Rolf G. Schmid diventa nuovo Presidente del Consiglio di Amministrazione di Revendo"},"content":{"rendered":"<figure id=\"attachment_16906\" aria-describedby=\"caption-attachment-16906\" style=\"width: 680px\" class=\"wp-caption alignnone\"><img loading=\"lazy\" decoding=\"async\" class=\"size-full wp-image-16906\" src=\"https:\/\/www.organisator.ch\/wp-content\/uploads\/2022\/09\/Rolf-G.-Schmid-wird-neuer-Verwaltungsratsprasident-von-Revendo_Organisator.jpg\" alt=\"\" width=\"680\" height=\"446\" srcset=\"https:\/\/www.organisator.ch\/wp-content\/uploads\/2022\/09\/Rolf-G.-Schmid-wird-neuer-Verwaltungsratsprasident-von-Revendo_Organisator.jpg 680w, https:\/\/www.organisator.ch\/wp-content\/uploads\/2022\/09\/Rolf-G.-Schmid-wird-neuer-Verwaltungsratsprasident-von-Revendo_Organisator-18x12.jpg 18w, https:\/\/www.organisator.ch\/wp-content\/uploads\/2022\/09\/Rolf-G.-Schmid-wird-neuer-Verwaltungsratsprasident-von-Revendo_Organisator-267x175.jpg 267w, https:\/\/www.organisator.ch\/wp-content\/uploads\/2022\/09\/Rolf-G.-Schmid-wird-neuer-Verwaltungsratsprasident-von-Revendo_Organisator-534x350.jpg 534w, https:\/\/www.organisator.ch\/wp-content\/uploads\/2022\/09\/Rolf-G.-Schmid-wird-neuer-Verwaltungsratsprasident-von-Revendo_Organisator-300x197.jpg 300w\" sizes=\"auto, (max-width: 680px) 100vw, 680px\" \/><figcaption id=\"caption-attachment-16906\" class=\"wp-caption-text\">Revendo sta espandendo la sua crescita nella regione DACH (qui una vista della filiale di Vienna) e sta rafforzando il suo consiglio di amministrazione e la sua direzione. (Immagine: Revendo.ch<\/figcaption><\/figure>\n<p>Revendo ha grandi progetti per il futuro. In Svizzera, l'azienda \u00e8 gi\u00e0 stata in grado di affermare il proprio concetto di ristrutturazione e, per sua stessa ammissione, \u00e8 diventata leader di mercato in questo settore. Solo di recente, l'azienda \u00e8 diventata un <a href=\"https:\/\/www.organisator.ch\/de\/sustainability\/2022-09-02\/gemeinsam-gegen-elektroschrott-revendo-und-salt-geben-partnerschaft-bekannt\/\">Partnership con un importante fornitore di servizi di telecomunicazione<\/a> ricevuto.<\/p>\n<h3>Nuovo Presidente del Consiglio di Amministrazione di Revendo: Rolf G. Schmid<\/h3>\n<p>Ora Revendo vuole sfruttare i prossimi anni per espandere ulteriormente la sua presenza in Svizzera e affermarsi come marchio in Austria e Germania. Con il grande obiettivo di dare una seconda vita a un milione di dispositivi all'anno entro il 2025. Per raggiungere questo importante obiettivo \u00e8 necessario un grande know-how. L'azienda ha ora assunto la figura di Rolf G. Schmid, nominandolo Presidente del Consiglio di Amministrazione. L'ex amministratore delegato dell'azienda di sport di montagna Mammut Sportsgroup AG porta con s\u00e9 20 anni di esperienza nel campo dell'internazionalizzazione e della vendita al dettaglio. Rolf G. Schmid, nuovo Presidente del Consiglio di Amministrazione di Revendo, ha affermato il marchio Mammut a livello internazionale e ha decuplicato le vendite. Ha quindi l'esperienza strategica di cui Revendo ha bisogno per i suoi prossimi passi di sviluppo imprenditoriale. Oggi, Rolf G. Schmid \u00e8 membro a tempo pieno del Consiglio di Amministrazione di diverse societ\u00e0 come Competec AG \/ Brack, Die Mobiliar, Mobility e Fenix Outdoor International AG.<\/p>\n<h3>Proseguire il percorso di crescita con una gestione pi\u00f9 ampia<\/h3>\n<p>Inoltre, all'inizio dell'anno Revendo ha ristrutturato il suo team di gestione operativa, ampliando le singole aree di responsabilit\u00e0. Grazie all'aumento delle competenze, alcune posizioni potrebbero essere rafforzate e altre integrate. Con questi cambiamenti, Revendo si considera pronta per una crescita sostenibile nella regione DACH. Il team di gestione \u00e8 ora cos\u00ec composto: Per quanto riguarda le finanze, Revendo ha potuto assumere come CFO Daniela Leipert, che in precedenza ha lavorato nell'industria farmaceutica ricoprendo posizioni di rilievo nel dipartimento finanziario e di controllo. Mirco Helbling \u00e8 il nuovo CMO per il marketing. In precedenza ha lavorato come<br \/>\nResponsabile marketing presso il Gruppo PCP e Mobilezone. Revendo \u00e8 riuscita a reclutare Franziska Buser come CHRO per guidare il dipartimento Risorse Umane. Ha lavorato per molti anni come direttrice della scuola. Roman Holzweber dirige le operazioni come COO e in precedenza ha lavorato nel settore dei servizi presso Sony e Bachmann. Christian Rickenbacher \u00e8 stato assunto internamente come CTO. Laurenz Ginat, cofondatore e amministratore delegato, assume la posizione di Chief Retail Officer per espandere l'attivit\u00e0 di vendita al dettaglio in tutti i Paesi, mentre Aurel Greiner, fondatore e amministratore delegato, assume la posizione di CEO.<\/p>\n<p><em>Fonte: <a href=\"http:\/\/www.revendo.ch\">Revendo<\/a><\/em><\/p>","protected":false},"excerpt":{"rendered":"<p>Revendo hat grosse Pl\u00e4ne f\u00fcr die Zukunft. In der Schweiz konnte das Unternehmen sein Refurbished-Konzept bereits etablieren und wurde nach eigenen Angaben zum Marktf\u00fchrer in diesem Bereich. Erst k\u00fcrzlich ist das Unternehmen eine Partnerschaft mit einem grossen Telekom-Dienstleister eingegangen. Neuer Verwaltungsratspr\u00e4sident von Revendo: Rolf G. Schmid Nun will Revendo die kommenden Jahre nutzen, um die [&hellip;]<\/p>\n","protected":false},"author":4,"featured_media":16906,"comment_status":"closed","ping_status":"closed","sticky":false,"template":"","format":"standard","meta":{"_acf_changed":false,"_yoast_wpseo_focuskw":"Verwaltungsratspr\u00e4sident von Revendo","_yoast_wpseo_metadesc":"Rolf G. Schmid wird neuer Verwaltungsratspr\u00e4sident von Revendo. Zudem erweiterte das Unternehmen sein operatives Management.","articlekey":"","footnotes":""},"categories":[28],"tags":[335,381,492,2471],"class_list":["post-16905","post","type-post","status-publish","format-standard","has-post-thumbnail","hentry","category-management","tag-management-und-unternehmensfuehrung","tag-personalia","tag-unternehmen","tag-verwaltungsrat"],"acf":[],"yoast_head":"<!-- This site is optimized with the Yoast SEO plugin v27.5 - https:\/\/yoast.com\/product\/yoast-seo-wordpress\/ -->\n<title>Rolf G. Schmid wird neuer Verwaltungsratspr\u00e4sident von Revendo - Organisator<\/title>\n<meta name=\"description\" content=\"Rolf G. Schmid wird neuer Verwaltungsratspr\u00e4sident von Revendo. Zudem erweiterte das Unternehmen sein operatives Management.\" \/>\n<meta name=\"robots\" content=\"index, follow, max-snippet:-1, max-image-preview:large, max-video-preview:-1\" \/>\n<link rel=\"canonical\" href=\"https:\/\/www.organisator.ch\/it\/gestione-2\/2022-09-13\/rolf-g-schmid-wird-neuer-verwaltungsratspraesident-von-revendo\/\" \/>\n<meta property=\"og:locale\" content=\"it_IT\" \/>\n<meta property=\"og:type\" content=\"article\" \/>\n<meta property=\"og:title\" content=\"Rolf G. Schmid wird neuer Verwaltungsratspr\u00e4sident von Revendo\" \/>\n<meta property=\"og:description\" content=\"Rolf G. Schmid wird neuer Verwaltungsratspr\u00e4sident von Revendo. Zudem erweiterte das Unternehmen sein operatives Management.\" \/>\n<meta property=\"og:url\" content=\"https:\/\/www.organisator.ch\/it\/gestione-2\/2022-09-13\/rolf-g-schmid-wird-neuer-verwaltungsratspraesident-von-revendo\/\" \/>\n<meta property=\"og:site_name\" content=\"Organisator\" \/>\n<meta property=\"article:publisher\" content=\"https:\/\/www.facebook.com\/OrganisatorFachmagazin\" \/>\n<meta property=\"article:published_time\" content=\"2022-09-13T04:48:23+00:00\" \/>\n<meta property=\"og:image\" content=\"https:\/\/www.organisator.ch\/wp-content\/uploads\/2022\/09\/Rolf-G.-Schmid-wird-neuer-Verwaltungsratsprasident-von-Revendo_Organisator.jpg\" \/>\n\t<meta property=\"og:image:width\" content=\"680\" \/>\n\t<meta property=\"og:image:height\" content=\"446\" \/>\n\t<meta property=\"og:image:type\" content=\"image\/jpeg\" \/>\n<meta name=\"author\" content=\"thomas.berner\" \/>\n<meta name=\"twitter:card\" content=\"summary_large_image\" \/>\n<meta name=\"twitter:title\" content=\"Rolf G. Schmid wird neuer #Verwaltungsratspr\u00e4sident von #Revendo\" \/>\n<meta name=\"twitter:description\" content=\"Rolf G. Schmid wird neuer #Verwaltungsratspr\u00e4sident von #Revendo. Zudem erweiterte das Unternehmen sein operatives #Management.\" \/>\n<meta name=\"twitter:image\" content=\"https:\/\/www.organisator.ch\/wp-content\/uploads\/2022\/09\/Rolf-G.-Schmid-wird-neuer-Verwaltungsratsprasident-von-Revendo_Organisator.jpg\" \/>\n<script type=\"application\/ld+json\" class=\"yoast-schema-graph\">{\"@context\":\"https:\\\/\\\/schema.org\",\"@graph\":[{\"@type\":\"Article\",\"@id\":\"https:\\\/\\\/www.organisator.ch\\\/management\\\/2022-09-13\\\/rolf-g-schmid-wird-neuer-verwaltungsratspraesident-von-revendo\\\/#article\",\"isPartOf\":{\"@id\":\"https:\\\/\\\/www.organisator.ch\\\/management\\\/2022-09-13\\\/rolf-g-schmid-wird-neuer-verwaltungsratspraesident-von-revendo\\\/\"},\"author\":{\"name\":\"thomas.berner\",\"@id\":\"https:\\\/\\\/www.organisator.ch\\\/#\\\/schema\\\/person\\\/6f650f90b2842cd4c0cc334b4e36f67e\"},\"headline\":\"Rolf G. Schmid wird neuer Verwaltungsratspr\u00e4sident von Revendo\",\"datePublished\":\"2022-09-13T04:48:23+00:00\",\"mainEntityOfPage\":{\"@id\":\"https:\\\/\\\/www.organisator.ch\\\/management\\\/2022-09-13\\\/rolf-g-schmid-wird-neuer-verwaltungsratspraesident-von-revendo\\\/\"},\"wordCount\":450,\"publisher\":{\"@id\":\"https:\\\/\\\/www.organisator.ch\\\/#organization\"},\"image\":{\"@id\":\"https:\\\/\\\/www.organisator.ch\\\/management\\\/2022-09-13\\\/rolf-g-schmid-wird-neuer-verwaltungsratspraesident-von-revendo\\\/#primaryimage\"},\"thumbnailUrl\":\"https:\\\/\\\/www.organisator.ch\\\/wp-content\\\/uploads\\\/2022\\\/09\\\/Rolf-G.-Schmid-wird-neuer-Verwaltungsratsprasident-von-Revendo_Organisator.jpg\",\"keywords\":[\"Management und Unternehmensf\u00fchrung\",\"Personalia\",\"Unternehmen\",\"Verwaltungsrat\"],\"articleSection\":[\"MANAGEMENT\"],\"inLanguage\":\"it-IT\"},{\"@type\":\"WebPage\",\"@id\":\"https:\\\/\\\/www.organisator.ch\\\/management\\\/2022-09-13\\\/rolf-g-schmid-wird-neuer-verwaltungsratspraesident-von-revendo\\\/\",\"url\":\"https:\\\/\\\/www.organisator.ch\\\/management\\\/2022-09-13\\\/rolf-g-schmid-wird-neuer-verwaltungsratspraesident-von-revendo\\\/\",\"name\":\"Rolf G. Schmid wird neuer Verwaltungsratspr\u00e4sident von Revendo - Organisator\",\"isPartOf\":{\"@id\":\"https:\\\/\\\/www.organisator.ch\\\/#website\"},\"primaryImageOfPage\":{\"@id\":\"https:\\\/\\\/www.organisator.ch\\\/management\\\/2022-09-13\\\/rolf-g-schmid-wird-neuer-verwaltungsratspraesident-von-revendo\\\/#primaryimage\"},\"image\":{\"@id\":\"https:\\\/\\\/www.organisator.ch\\\/management\\\/2022-09-13\\\/rolf-g-schmid-wird-neuer-verwaltungsratspraesident-von-revendo\\\/#primaryimage\"},\"thumbnailUrl\":\"https:\\\/\\\/www.organisator.ch\\\/wp-content\\\/uploads\\\/2022\\\/09\\\/Rolf-G.-Schmid-wird-neuer-Verwaltungsratsprasident-von-Revendo_Organisator.jpg\",\"datePublished\":\"2022-09-13T04:48:23+00:00\",\"description\":\"Rolf G. Schmid wird neuer Verwaltungsratspr\u00e4sident von Revendo. Zudem erweiterte das Unternehmen sein operatives Management.\",\"breadcrumb\":{\"@id\":\"https:\\\/\\\/www.organisator.ch\\\/management\\\/2022-09-13\\\/rolf-g-schmid-wird-neuer-verwaltungsratspraesident-von-revendo\\\/#breadcrumb\"},\"inLanguage\":\"it-IT\",\"potentialAction\":[{\"@type\":\"ReadAction\",\"target\":[\"https:\\\/\\\/www.organisator.ch\\\/management\\\/2022-09-13\\\/rolf-g-schmid-wird-neuer-verwaltungsratspraesident-von-revendo\\\/\"]}]},{\"@type\":\"ImageObject\",\"inLanguage\":\"it-IT\",\"@id\":\"https:\\\/\\\/www.organisator.ch\\\/management\\\/2022-09-13\\\/rolf-g-schmid-wird-neuer-verwaltungsratspraesident-von-revendo\\\/#primaryimage\",\"url\":\"https:\\\/\\\/www.organisator.ch\\\/wp-content\\\/uploads\\\/2022\\\/09\\\/Rolf-G.-Schmid-wird-neuer-Verwaltungsratsprasident-von-Revendo_Organisator.jpg\",\"contentUrl\":\"https:\\\/\\\/www.organisator.ch\\\/wp-content\\\/uploads\\\/2022\\\/09\\\/Rolf-G.-Schmid-wird-neuer-Verwaltungsratsprasident-von-Revendo_Organisator.jpg\",\"width\":680,\"height\":446,\"caption\":\"Revendo baut sein Wachstum in der DACH-Region (hier ein Blick in die Filiale in Wien) aus und verst\u00e4rkt Verwaltungsrat und Management. (Bild: Revendo.ch\"},{\"@type\":\"BreadcrumbList\",\"@id\":\"https:\\\/\\\/www.organisator.ch\\\/management\\\/2022-09-13\\\/rolf-g-schmid-wird-neuer-verwaltungsratspraesident-von-revendo\\\/#breadcrumb\",\"itemListElement\":[{\"@type\":\"ListItem\",\"position\":1,\"name\":\"Home\",\"item\":\"https:\\\/\\\/www.organisator.ch\\\/\"},{\"@type\":\"ListItem\",\"position\":2,\"name\":\"Rolf G. Schmid wird neuer Verwaltungsratspr\u00e4sident von Revendo\"}]},{\"@type\":\"WebSite\",\"@id\":\"https:\\\/\\\/www.organisator.ch\\\/#website\",\"url\":\"https:\\\/\\\/www.organisator.ch\\\/\",\"name\":\"Organisator\",\"description\":\"Kompetent. Praxisnah. Der ORGANISATOR bereitet in 10 Ausgaben pro Jahr die wesentlichen Themen f\u00fcr F\u00fchrungskr\u00e4fte von KMU auf.\",\"publisher\":{\"@id\":\"https:\\\/\\\/www.organisator.ch\\\/#organization\"},\"potentialAction\":[{\"@type\":\"SearchAction\",\"target\":{\"@type\":\"EntryPoint\",\"urlTemplate\":\"https:\\\/\\\/www.organisator.ch\\\/?s={search_term_string}\"},\"query-input\":{\"@type\":\"PropertyValueSpecification\",\"valueRequired\":true,\"valueName\":\"search_term_string\"}}],\"inLanguage\":\"it-IT\"},{\"@type\":\"Organization\",\"@id\":\"https:\\\/\\\/www.organisator.ch\\\/#organization\",\"name\":\"Organisator\",\"url\":\"https:\\\/\\\/www.organisator.ch\\\/\",\"logo\":{\"@type\":\"ImageObject\",\"inLanguage\":\"it-IT\",\"@id\":\"https:\\\/\\\/www.organisator.ch\\\/#\\\/schema\\\/logo\\\/image\\\/\",\"url\":\"https:\\\/\\\/www.organisator.ch\\\/wp-content\\\/uploads\\\/2022\\\/01\\\/Logo_Organisator_Website.png\",\"contentUrl\":\"https:\\\/\\\/www.organisator.ch\\\/wp-content\\\/uploads\\\/2022\\\/01\\\/Logo_Organisator_Website.png\",\"width\":800,\"height\":77,\"caption\":\"Organisator\"},\"image\":{\"@id\":\"https:\\\/\\\/www.organisator.ch\\\/#\\\/schema\\\/logo\\\/image\\\/\"},\"sameAs\":[\"https:\\\/\\\/www.facebook.com\\\/OrganisatorFachmagazin\",\"https:\\\/\\\/www.linkedin.com\\\/showcase\\\/organisator-das-magazin-fr-kmu\",\"https:\\\/\\\/www.xing.com\\\/news\\\/pages\\\/organisator-ch-695\",\"https:\\\/\\\/www.youtube.com\\\/channel\\\/UCGP2Sq0iWaZwT3BdIAQFYpw\"]},{\"@type\":\"Person\",\"@id\":\"https:\\\/\\\/www.organisator.ch\\\/#\\\/schema\\\/person\\\/6f650f90b2842cd4c0cc334b4e36f67e\",\"name\":\"thomas.berner\",\"image\":{\"@type\":\"ImageObject\",\"inLanguage\":\"it-IT\",\"@id\":\"https:\\\/\\\/secure.gravatar.com\\\/avatar\\\/ac5001d2a36cb6c6cd3e50789007ffca834b477b74a2144564522e944eabff61?s=96&d=mm&r=g\",\"url\":\"https:\\\/\\\/secure.gravatar.com\\\/avatar\\\/ac5001d2a36cb6c6cd3e50789007ffca834b477b74a2144564522e944eabff61?s=96&d=mm&r=g\",\"contentUrl\":\"https:\\\/\\\/secure.gravatar.com\\\/avatar\\\/ac5001d2a36cb6c6cd3e50789007ffca834b477b74a2144564522e944eabff61?s=96&d=mm&r=g\",\"caption\":\"thomas.berner\"},\"url\":\"https:\\\/\\\/www.organisator.ch\\\/it\\\/author\\\/thomas-berner\\\/\"}]}<\/script>\n<!-- \/ Yoast SEO plugin. -->","yoast_head_json":{"title":"Rolf G. Schmid diventa nuovo Presidente del Consiglio di Amministrazione di Revendo - Organizzatore","description":"Rolf G. Schmid diventa il nuovo Presidente del Consiglio di Amministrazione di Revendo. L'azienda ha inoltre ampliato la propria gestione operativa.","robots":{"index":"index","follow":"follow","max-snippet":"max-snippet:-1","max-image-preview":"max-image-preview:large","max-video-preview":"max-video-preview:-1"},"canonical":"https:\/\/www.organisator.ch\/it\/gestione-2\/2022-09-13\/rolf-g-schmid-wird-neuer-verwaltungsratspraesident-von-revendo\/","og_locale":"it_IT","og_type":"article","og_title":"Rolf G. Schmid wird neuer Verwaltungsratspr\u00e4sident von Revendo","og_description":"Rolf G. Schmid wird neuer Verwaltungsratspr\u00e4sident von Revendo. Zudem erweiterte das Unternehmen sein operatives Management.","og_url":"https:\/\/www.organisator.ch\/it\/gestione-2\/2022-09-13\/rolf-g-schmid-wird-neuer-verwaltungsratspraesident-von-revendo\/","og_site_name":"Organisator","article_publisher":"https:\/\/www.facebook.com\/OrganisatorFachmagazin","article_published_time":"2022-09-13T04:48:23+00:00","og_image":[{"width":680,"height":446,"url":"https:\/\/www.organisator.ch\/wp-content\/uploads\/2022\/09\/Rolf-G.-Schmid-wird-neuer-Verwaltungsratsprasident-von-Revendo_Organisator.jpg","type":"image\/jpeg"}],"author":"thomas.berner","twitter_card":"summary_large_image","twitter_title":"Rolf G. Schmid wird neuer #Verwaltungsratspr\u00e4sident von #Revendo","twitter_description":"Rolf G. Schmid wird neuer #Verwaltungsratspr\u00e4sident von #Revendo. Zudem erweiterte das Unternehmen sein operatives #Management.","twitter_image":"https:\/\/www.organisator.ch\/wp-content\/uploads\/2022\/09\/Rolf-G.-Schmid-wird-neuer-Verwaltungsratsprasident-von-Revendo_Organisator.jpg","schema":{"@context":"https:\/\/schema.org","@graph":[{"@type":"Article","@id":"https:\/\/www.organisator.ch\/management\/2022-09-13\/rolf-g-schmid-wird-neuer-verwaltungsratspraesident-von-revendo\/#article","isPartOf":{"@id":"https:\/\/www.organisator.ch\/management\/2022-09-13\/rolf-g-schmid-wird-neuer-verwaltungsratspraesident-von-revendo\/"},"author":{"name":"thomas.berner","@id":"https:\/\/www.organisator.ch\/#\/schema\/person\/6f650f90b2842cd4c0cc334b4e36f67e"},"headline":"Rolf G. Schmid wird neuer Verwaltungsratspr\u00e4sident von Revendo","datePublished":"2022-09-13T04:48:23+00:00","mainEntityOfPage":{"@id":"https:\/\/www.organisator.ch\/management\/2022-09-13\/rolf-g-schmid-wird-neuer-verwaltungsratspraesident-von-revendo\/"},"wordCount":450,"publisher":{"@id":"https:\/\/www.organisator.ch\/#organization"},"image":{"@id":"https:\/\/www.organisator.ch\/management\/2022-09-13\/rolf-g-schmid-wird-neuer-verwaltungsratspraesident-von-revendo\/#primaryimage"},"thumbnailUrl":"https:\/\/www.organisator.ch\/wp-content\/uploads\/2022\/09\/Rolf-G.-Schmid-wird-neuer-Verwaltungsratsprasident-von-Revendo_Organisator.jpg","keywords":["Management und Unternehmensf\u00fchrung","Personalia","Unternehmen","Verwaltungsrat"],"articleSection":["MANAGEMENT"],"inLanguage":"it-IT"},{"@type":"WebPage","@id":"https:\/\/www.organisator.ch\/management\/2022-09-13\/rolf-g-schmid-wird-neuer-verwaltungsratspraesident-von-revendo\/","url":"https:\/\/www.organisator.ch\/management\/2022-09-13\/rolf-g-schmid-wird-neuer-verwaltungsratspraesident-von-revendo\/","name":"Rolf G. Schmid diventa nuovo Presidente del Consiglio di Amministrazione di Revendo - Organizzatore","isPartOf":{"@id":"https:\/\/www.organisator.ch\/#website"},"primaryImageOfPage":{"@id":"https:\/\/www.organisator.ch\/management\/2022-09-13\/rolf-g-schmid-wird-neuer-verwaltungsratspraesident-von-revendo\/#primaryimage"},"image":{"@id":"https:\/\/www.organisator.ch\/management\/2022-09-13\/rolf-g-schmid-wird-neuer-verwaltungsratspraesident-von-revendo\/#primaryimage"},"thumbnailUrl":"https:\/\/www.organisator.ch\/wp-content\/uploads\/2022\/09\/Rolf-G.-Schmid-wird-neuer-Verwaltungsratsprasident-von-Revendo_Organisator.jpg","datePublished":"2022-09-13T04:48:23+00:00","description":"Rolf G. Schmid diventa il nuovo Presidente del Consiglio di Amministrazione di Revendo. L'azienda ha inoltre ampliato la propria gestione operativa.","breadcrumb":{"@id":"https:\/\/www.organisator.ch\/management\/2022-09-13\/rolf-g-schmid-wird-neuer-verwaltungsratspraesident-von-revendo\/#breadcrumb"},"inLanguage":"it-IT","potentialAction":[{"@type":"ReadAction","target":["https:\/\/www.organisator.ch\/management\/2022-09-13\/rolf-g-schmid-wird-neuer-verwaltungsratspraesident-von-revendo\/"]}]},{"@type":"ImageObject","inLanguage":"it-IT","@id":"https:\/\/www.organisator.ch\/management\/2022-09-13\/rolf-g-schmid-wird-neuer-verwaltungsratspraesident-von-revendo\/#primaryimage","url":"https:\/\/www.organisator.ch\/wp-content\/uploads\/2022\/09\/Rolf-G.-Schmid-wird-neuer-Verwaltungsratsprasident-von-Revendo_Organisator.jpg","contentUrl":"https:\/\/www.organisator.ch\/wp-content\/uploads\/2022\/09\/Rolf-G.-Schmid-wird-neuer-Verwaltungsratsprasident-von-Revendo_Organisator.jpg","width":680,"height":446,"caption":"Revendo baut sein Wachstum in der DACH-Region (hier ein Blick in die Filiale in Wien) aus und verst\u00e4rkt Verwaltungsrat und Management. (Bild: Revendo.ch"},{"@type":"BreadcrumbList","@id":"https:\/\/www.organisator.ch\/management\/2022-09-13\/rolf-g-schmid-wird-neuer-verwaltungsratspraesident-von-revendo\/#breadcrumb","itemListElement":[{"@type":"ListItem","position":1,"name":"Home","item":"https:\/\/www.organisator.ch\/"},{"@type":"ListItem","position":2,"name":"Rolf G. Schmid wird neuer Verwaltungsratspr\u00e4sident von Revendo"}]},{"@type":"WebSite","@id":"https:\/\/www.organisator.ch\/#website","url":"https:\/\/www.organisator.ch\/","name":"Organizzatore","description":"Competente. Pratico. In 10 numeri all'anno, ORGANISATOR presenta i temi essenziali per i manager delle PMI.","publisher":{"@id":"https:\/\/www.organisator.ch\/#organization"},"potentialAction":[{"@type":"SearchAction","target":{"@type":"EntryPoint","urlTemplate":"https:\/\/www.organisator.ch\/?s={search_term_string}"},"query-input":{"@type":"PropertyValueSpecification","valueRequired":true,"valueName":"search_term_string"}}],"inLanguage":"it-IT"},{"@type":"Organization","@id":"https:\/\/www.organisator.ch\/#organization","name":"Organizzatore","url":"https:\/\/www.organisator.ch\/","logo":{"@type":"ImageObject","inLanguage":"it-IT","@id":"https:\/\/www.organisator.ch\/#\/schema\/logo\/image\/","url":"https:\/\/www.organisator.ch\/wp-content\/uploads\/2022\/01\/Logo_Organisator_Website.png","contentUrl":"https:\/\/www.organisator.ch\/wp-content\/uploads\/2022\/01\/Logo_Organisator_Website.png","width":800,"height":77,"caption":"Organisator"},"image":{"@id":"https:\/\/www.organisator.ch\/#\/schema\/logo\/image\/"},"sameAs":["https:\/\/www.facebook.com\/OrganisatorFachmagazin","https:\/\/www.linkedin.com\/showcase\/organisator-das-magazin-fr-kmu","https:\/\/www.xing.com\/news\/pages\/organisator-ch-695","https:\/\/www.youtube.com\/channel\/UCGP2Sq0iWaZwT3BdIAQFYpw"]},{"@type":"Person","@id":"https:\/\/www.organisator.ch\/#\/schema\/person\/6f650f90b2842cd4c0cc334b4e36f67e","name":"Tommaso.berner","image":{"@type":"ImageObject","inLanguage":"it-IT","@id":"https:\/\/secure.gravatar.com\/avatar\/ac5001d2a36cb6c6cd3e50789007ffca834b477b74a2144564522e944eabff61?s=96&d=mm&r=g","url":"https:\/\/secure.gravatar.com\/avatar\/ac5001d2a36cb6c6cd3e50789007ffca834b477b74a2144564522e944eabff61?s=96&d=mm&r=g","contentUrl":"https:\/\/secure.gravatar.com\/avatar\/ac5001d2a36cb6c6cd3e50789007ffca834b477b74a2144564522e944eabff61?s=96&d=mm&r=g","caption":"thomas.berner"},"url":"https:\/\/www.organisator.ch\/it\/author\/thomas-berner\/"}]}},"_links":{"self":[{"href":"https:\/\/www.organisator.ch\/it\/wp-json\/wp\/v2\/posts\/16905","targetHints":{"allow":["GET"]}}],"collection":[{"href":"https:\/\/www.organisator.ch\/it\/wp-json\/wp\/v2\/posts"}],"about":[{"href":"https:\/\/www.organisator.ch\/it\/wp-json\/wp\/v2\/types\/post"}],"author":[{"embeddable":true,"href":"https:\/\/www.organisator.ch\/it\/wp-json\/wp\/v2\/users\/4"}],"replies":[{"embeddable":true,"href":"https:\/\/www.organisator.ch\/it\/wp-json\/wp\/v2\/comments?post=16905"}],"version-history":[{"count":2,"href":"https:\/\/www.organisator.ch\/it\/wp-json\/wp\/v2\/posts\/16905\/revisions"}],"predecessor-version":[{"id":16908,"href":"https:\/\/www.organisator.ch\/it\/wp-json\/wp\/v2\/posts\/16905\/revisions\/16908"}],"wp:featuredmedia":[{"embeddable":true,"href":"https:\/\/www.organisator.ch\/it\/wp-json\/wp\/v2\/media\/16906"}],"wp:attachment":[{"href":"https:\/\/www.organisator.ch\/it\/wp-json\/wp\/v2\/media?parent=16905"}],"wp:term":[{"taxonomy":"category","embeddable":true,"href":"https:\/\/www.organisator.ch\/it\/wp-json\/wp\/v2\/categories?post=16905"},{"taxonomy":"post_tag","embeddable":true,"href":"https:\/\/www.organisator.ch\/it\/wp-json\/wp\/v2\/tags?post=16905"}],"curies":[{"name":"wp","href":"https:\/\/api.w.org\/{rel}","templated":true}]}}