{"id":16924,"date":"2022-09-14T09:37:16","date_gmt":"2022-09-14T07:37:16","guid":{"rendered":"https:\/\/www.organisator.ch\/?p=16924"},"modified":"2022-09-14T09:37:16","modified_gmt":"2022-09-14T07:37:16","slug":"besonders-gefragt-arbeitnehmende-mit-qualifikationen-im-bereich-nachhaltigkeit","status":"publish","type":"post","link":"https:\/\/www.organisator.ch\/it\/human-resources\/2022-09-14\/besonders-gefragt-arbeitnehmende-mit-qualifikationen-im-bereich-nachhaltigkeit\/","title":{"rendered":"Particolarmente richiesti: dipendenti con qualifiche nel campo della sostenibilit\u00e0"},"content":{"rendered":"<figure id=\"attachment_16926\" aria-describedby=\"caption-attachment-16926\" style=\"width: 680px\" class=\"wp-caption alignnone\"><img loading=\"lazy\" decoding=\"async\" class=\"size-full wp-image-16926\" src=\"https:\/\/www.organisator.ch\/wp-content\/uploads\/2022\/09\/Besonders-gefragt-Arbeitnehmende-mit-Qualifikationen-im-Bereich-Nachhaltigkeit-1_Organisator.jpg\" alt=\"\" width=\"680\" height=\"447\" srcset=\"https:\/\/www.organisator.ch\/wp-content\/uploads\/2022\/09\/Besonders-gefragt-Arbeitnehmende-mit-Qualifikationen-im-Bereich-Nachhaltigkeit-1_Organisator.jpg 680w, https:\/\/www.organisator.ch\/wp-content\/uploads\/2022\/09\/Besonders-gefragt-Arbeitnehmende-mit-Qualifikationen-im-Bereich-Nachhaltigkeit-1_Organisator-18x12.jpg 18w, https:\/\/www.organisator.ch\/wp-content\/uploads\/2022\/09\/Besonders-gefragt-Arbeitnehmende-mit-Qualifikationen-im-Bereich-Nachhaltigkeit-1_Organisator-266x175.jpg 266w, https:\/\/www.organisator.ch\/wp-content\/uploads\/2022\/09\/Besonders-gefragt-Arbeitnehmende-mit-Qualifikationen-im-Bereich-Nachhaltigkeit-1_Organisator-532x350.jpg 532w, https:\/\/www.organisator.ch\/wp-content\/uploads\/2022\/09\/Besonders-gefragt-Arbeitnehmende-mit-Qualifikationen-im-Bereich-Nachhaltigkeit-1_Organisator-300x197.jpg 300w\" sizes=\"auto, (max-width: 680px) 100vw, 680px\" \/><figcaption id=\"caption-attachment-16926\" class=\"wp-caption-text\">Le persone qualificate nel campo della sostenibilit\u00e0 sono attualmente particolarmente richieste sul mercato del lavoro. (Immagine: Pixabay.com)<\/figcaption><\/figure>\n<p>L'ultima indagine sulle prospettive occupazionali di ManpowerGroup mostra che, nonostante i rischi globali e regionali, i datori di lavoro svizzeri sono ottimisti. Per il quarto trimestre del 2022, le prospettive occupazionali si attestano a 21%, con una previsione di occupazione netta di 30% a livello globale. \"Tenendo conto che l'indagine \u00e8 stata condotta sotto l'impatto di un aumento dei rischi geopolitici ed economici, della guerra in Ucraina o delle conseguenze della pandemia, le prospettive occupazionali sono ancora considerate positive\". \u00c8 notevole che nell'area della sostenibilit\u00e0 o ESG le aziende menzionino in primo luogo gli aspetti sociali come la salute, la diversit\u00e0 o l'impegno sociale. Questo \u00e8 un indicatore della crescente consapevolezza della necessit\u00e0 di investire nel capitale umano in modo sostenibile per attrarre e trattenere i dipendenti e per soddisfare esigenze come la flessibilit\u00e0\", afferma Jan Jacob, Country Manager ManpowerGroup Svizzera, riassumendo il mercato del lavoro svizzero.<\/p>\n<h3>Le persone qualificate nel campo della sostenibilit\u00e0 sono molto richieste<\/h3>\n<p>Molte aziende hanno un programma di sostenibilit\u00e0 o ESG. Tuttavia, l'obiettivo varia e le competenze ricercate sono diverse. Nei prossimi 12 mesi, 37% delle aziende intervistate prevedono di assumere dipendenti in grado di sostenere il miglioramento dell'impatto ambientale. 34% \u00e8 alla ricerca di professionisti in grado di sviluppare la governance e 33% \u00e8 alla ricerca di talenti in grado di guidare gli aspetti sociali come la sicurezza, la salute, la diversit\u00e0 o il coinvolgimento della comunit\u00e0. Secondo le aziende intervistate, i programmi ESG sono stati introdotti principalmente per ridurre i costi, per conformarsi alle normative o per costruire la reputazione. Inoltre, i valori, le aspettative esterne, ma anche i vantaggi per l'assunzione e la fidelizzazione dei dipendenti sono stati citati come ragioni importanti per l'implementazione di strategie sostenibili.<\/p>\n<figure id=\"attachment_16925\" aria-describedby=\"caption-attachment-16925\" style=\"width: 680px\" class=\"wp-caption alignnone\"><img loading=\"lazy\" decoding=\"async\" class=\"size-full wp-image-16925\" src=\"https:\/\/www.organisator.ch\/wp-content\/uploads\/2022\/09\/Besonders-gefragt-Arbeitnehmende-mit-Qualifikationen-im-Bereich-Nachhaltigkeit-2_Organisator.jpg\" alt=\"\" width=\"680\" height=\"282\" srcset=\"https:\/\/www.organisator.ch\/wp-content\/uploads\/2022\/09\/Besonders-gefragt-Arbeitnehmende-mit-Qualifikationen-im-Bereich-Nachhaltigkeit-2_Organisator.jpg 680w, https:\/\/www.organisator.ch\/wp-content\/uploads\/2022\/09\/Besonders-gefragt-Arbeitnehmende-mit-Qualifikationen-im-Bereich-Nachhaltigkeit-2_Organisator-18x7.jpg 18w, https:\/\/www.organisator.ch\/wp-content\/uploads\/2022\/09\/Besonders-gefragt-Arbeitnehmende-mit-Qualifikationen-im-Bereich-Nachhaltigkeit-2_Organisator-375x156.jpg 375w, https:\/\/www.organisator.ch\/wp-content\/uploads\/2022\/09\/Besonders-gefragt-Arbeitnehmende-mit-Qualifikationen-im-Bereich-Nachhaltigkeit-2_Organisator-300x124.jpg 300w\" sizes=\"auto, (max-width: 680px) 100vw, 680px\" \/><figcaption id=\"caption-attachment-16925\" class=\"wp-caption-text\">Grafica: Gruppo Manpower<\/figcaption><\/figure>\n<p>Per attuare la propria strategia di sostenibilit\u00e0, l'80% delle aziende intervistate si affida a soluzioni interne (sono possibili pi\u00f9 risposte). I dipendenti dovrebbero essere ulteriormente qualificati e formati (43%), dovrebbero essere assunti altri dipendenti (39%) e alle funzioni esistenti dovrebbero essere assegnate ulteriori responsabilit\u00e0 ESG (37%). 29% delle aziende si affidano a consulenti esterni per diventare pi\u00f9 sostenibili. Solo l'8% degli intervistati ha dichiarato che tutte le competenze necessarie sono disponibili all'interno dell'azienda. \"Sono particolarmente ricercati i dipendenti con un know-how nei settori dell'ambiente, della salute e della sicurezza. Le prime 10 menzioni per le qualifiche specifiche includono il riciclaggio e la gestione dei rifiuti, la gestione degli ecosistemi e della biodiversit\u00e0, la pianificazione delle risorse umane o la sicurezza informatica. Questo dimostra quanto siano versatili le aziende nel loro approccio alla sostenibilit\u00e0\", sottolinea Jan Jacob.<\/p>\n<h3>Le prospettive occupazionali restano ottimistiche<\/h3>\n<p>Le intenzioni di assunzione positive dei datori di lavoro svizzeri di quest'anno rimangono in vigore anche nel quarto trimestre del 2022. 36% delle aziende prevedono di assumere personale, 16% prevedono licenziamenti. Le conseguenti prospettive occupazionali nette rettificate* di 21% si aggiungono alle prospettive superiori alla media di quest'anno. Rispetto al 4\u00b0 trimestre 2021 (8%), le prospettive occupazionali migliorano di 14 punti percentuali. Tutte e sette le regioni svizzere indicano prospettive occupazionali positive per il quarto trimestre del 2022. Continua la tendenza ottimistica di quest'anno, con prospettive occupazionali nette previste in calo in 5 regioni su 7 rispetto al terzo trimestre del 2022.<\/p>\n<h3>Settore primario e secondario in crescita<\/h3>\n<p>Ad eccezione del settore \"bancario, finanziario, assicurativo e immobiliare\", le prospettive occupazionali per il 4\u00b0 trimestre 2022 sono positive in tutti i settori dell'economia, cos\u00ec come lo sono rispetto al 4\u00b0 trimestre 2021. Rispetto al terzo trimestre del 2022, tuttavia, 6 settori su 11 registrano un calo dell'occupazione. In particolare, i dipendenti della \"produzione primaria\" beneficiano dello sviluppo positivo (prospettive occupazionali nette): +21 punti percentuali rispetto al 3\u00b0 trimestre 2022, +33 punti percentuali rispetto al 4\u00b0 trimestre 2021). Le prospettive occupazionali sono eccezionali anche per il segmento \"produzione, lavorazione\". In questo caso, si prevede una prospettiva occupazionale netta di 34%. Una possibile ragione dell'aumento delle prospettive occupazionali in questi due segmenti potrebbe essere la pianificazione anticipata da parte dei datori di lavoro per rispondere meglio alle limitazioni dell'offerta. Il settore energetico, in particolare, \u00e8 in piena espansione. I lavoratori qualificati nel campo del fotovoltaico sono particolarmente ricercati, il che sottolinea il risultato di questo settore.<br \/>\nIl calo delle assunzioni (-8% Net Employment Outlook Q4 2022, -37 punti percentuali rispetto al Q3 2022) nel settore \"Banking, Finance, Insurance and Real Estate\" \u00e8 probabilmente dovuto alle condizioni economiche.<\/p>\n<p><em>Fonte: <a href=\"http:\/\/www.manpower.ch\">Gruppo Manpower<\/a><\/em><\/p>","protected":false},"excerpt":{"rendered":"<p>Der aktuelle ManpowerGroup Employment Outlook Survey zeigt: Trotz globaler wie auch regionaler Risiken sind die Schweizer Arbeitgeberinnen optimistisch. F\u00fcr Q4 2022 liegen die Besch\u00e4ftigungsaussichten bei 21%, weltweit wird mit einem Nettobesch\u00e4ftigungsausblick von 30% gerechnet. \u00abBer\u00fccksichtigt man, dass die Umfrage unter dem Eindruck von gestiegenen geopolitischen und wirtschaftlichen Risiken, dem Krieg in der Ukraine oder den [&hellip;]<\/p>\n","protected":false},"author":4,"featured_media":16926,"comment_status":"closed","ping_status":"closed","sticky":false,"template":"","format":"standard","meta":{"_acf_changed":false,"_yoast_wpseo_focuskw":"Bereich Nachhaltigkeit","_yoast_wpseo_metadesc":"Die Besch\u00e4ftigungsaussichten sind weiterhin positiv. Arbeitnehmende mit Qualifikationen im Bereich Nachhaltigkeit sind gefragt.","articlekey":"","footnotes":""},"categories":[579],"tags":[47,254,358,487],"class_list":["post-16924","post","type-post","status-publish","format-standard","has-post-thumbnail","hentry","category-human-resources","tag-arbeitsmarkt","tag-hrm","tag-nachhaltige-wirtschaft","tag-umfrage"],"acf":[],"yoast_head":"<!-- This site is optimized with the Yoast SEO plugin v27.4 - https:\/\/yoast.com\/product\/yoast-seo-wordpress\/ -->\n<title>Besonders gefragt: Arbeitnehmende mit Qualifikationen im Bereich Nachhaltigkeit - Organisator<\/title>\n<meta name=\"description\" content=\"Die Besch\u00e4ftigungsaussichten sind weiterhin positiv. Arbeitnehmende mit Qualifikationen im Bereich Nachhaltigkeit sind gefragt.\" \/>\n<meta name=\"robots\" content=\"index, follow, max-snippet:-1, max-image-preview:large, max-video-preview:-1\" \/>\n<link rel=\"canonical\" href=\"https:\/\/www.organisator.ch\/it\/risorse-umane\/2022-09-14\/besonders-gefragt-arbeitnehmende-mit-qualifikationen-im-bereich-nachhaltigkeit\/\" \/>\n<meta property=\"og:locale\" content=\"it_IT\" \/>\n<meta property=\"og:type\" content=\"article\" \/>\n<meta property=\"og:title\" content=\"Besonders gefragt: Arbeitnehmende mit Qualifikationen im Bereich Nachhaltigkeit\" \/>\n<meta property=\"og:description\" content=\"Die Besch\u00e4ftigungsaussichten sind weiterhin positiv. Arbeitnehmende mit Qualifikationen im Bereich Nachhaltigkeit sind gefragt.\" \/>\n<meta property=\"og:url\" content=\"https:\/\/www.organisator.ch\/it\/risorse-umane\/2022-09-14\/besonders-gefragt-arbeitnehmende-mit-qualifikationen-im-bereich-nachhaltigkeit\/\" \/>\n<meta property=\"og:site_name\" content=\"Organisator\" \/>\n<meta property=\"article:publisher\" content=\"https:\/\/www.facebook.com\/OrganisatorFachmagazin\" \/>\n<meta property=\"article:published_time\" content=\"2022-09-14T07:37:16+00:00\" \/>\n<meta property=\"og:image\" content=\"https:\/\/www.organisator.ch\/wp-content\/uploads\/2022\/09\/Besonders-gefragt-Arbeitnehmende-mit-Qualifikationen-im-Bereich-Nachhaltigkeit-1_Organisator.jpg\" \/>\n\t<meta property=\"og:image:width\" content=\"680\" \/>\n\t<meta property=\"og:image:height\" content=\"447\" \/>\n\t<meta property=\"og:image:type\" content=\"image\/jpeg\" \/>\n<meta name=\"author\" content=\"thomas.berner\" \/>\n<meta name=\"twitter:card\" content=\"summary_large_image\" \/>\n<meta name=\"twitter:title\" content=\"Besonders gefragt: #Arbeitnehmende mit Qualifikationen im Bereich #Nachhaltigkeit\" \/>\n<meta name=\"twitter:description\" content=\"Die #Besch\u00e4ftigungsaussichten sind weiterhin positiv. #Arbeitnehmende mit Qualifikationen im Bereich #Nachhaltigkeit sind gefragt.\" \/>\n<meta name=\"twitter:image\" content=\"https:\/\/www.organisator.ch\/wp-content\/uploads\/2022\/09\/Besonders-gefragt-Arbeitnehmende-mit-Qualifikationen-im-Bereich-Nachhaltigkeit-1_Organisator.jpg\" \/>\n<script type=\"application\/ld+json\" class=\"yoast-schema-graph\">{\"@context\":\"https:\\\/\\\/schema.org\",\"@graph\":[{\"@type\":\"Article\",\"@id\":\"https:\\\/\\\/www.organisator.ch\\\/human-resources\\\/2022-09-14\\\/besonders-gefragt-arbeitnehmende-mit-qualifikationen-im-bereich-nachhaltigkeit\\\/#article\",\"isPartOf\":{\"@id\":\"https:\\\/\\\/www.organisator.ch\\\/human-resources\\\/2022-09-14\\\/besonders-gefragt-arbeitnehmende-mit-qualifikationen-im-bereich-nachhaltigkeit\\\/\"},\"author\":{\"name\":\"thomas.berner\",\"@id\":\"https:\\\/\\\/www.organisator.ch\\\/#\\\/schema\\\/person\\\/6f650f90b2842cd4c0cc334b4e36f67e\"},\"headline\":\"Besonders gefragt: Arbeitnehmende mit Qualifikationen im Bereich Nachhaltigkeit\",\"datePublished\":\"2022-09-14T07:37:16+00:00\",\"mainEntityOfPage\":{\"@id\":\"https:\\\/\\\/www.organisator.ch\\\/human-resources\\\/2022-09-14\\\/besonders-gefragt-arbeitnehmende-mit-qualifikationen-im-bereich-nachhaltigkeit\\\/\"},\"wordCount\":678,\"publisher\":{\"@id\":\"https:\\\/\\\/www.organisator.ch\\\/#organization\"},\"image\":{\"@id\":\"https:\\\/\\\/www.organisator.ch\\\/human-resources\\\/2022-09-14\\\/besonders-gefragt-arbeitnehmende-mit-qualifikationen-im-bereich-nachhaltigkeit\\\/#primaryimage\"},\"thumbnailUrl\":\"https:\\\/\\\/www.organisator.ch\\\/wp-content\\\/uploads\\\/2022\\\/09\\\/Besonders-gefragt-Arbeitnehmende-mit-Qualifikationen-im-Bereich-Nachhaltigkeit-1_Organisator.jpg\",\"keywords\":[\"Arbeitsmarkt\",\"HRM\",\"Nachhaltige Wirtschaft\",\"Umfrage\"],\"articleSection\":[\"HUMAN RESOURCES\"],\"inLanguage\":\"it-IT\"},{\"@type\":\"WebPage\",\"@id\":\"https:\\\/\\\/www.organisator.ch\\\/human-resources\\\/2022-09-14\\\/besonders-gefragt-arbeitnehmende-mit-qualifikationen-im-bereich-nachhaltigkeit\\\/\",\"url\":\"https:\\\/\\\/www.organisator.ch\\\/human-resources\\\/2022-09-14\\\/besonders-gefragt-arbeitnehmende-mit-qualifikationen-im-bereich-nachhaltigkeit\\\/\",\"name\":\"Besonders gefragt: Arbeitnehmende mit Qualifikationen im Bereich Nachhaltigkeit - Organisator\",\"isPartOf\":{\"@id\":\"https:\\\/\\\/www.organisator.ch\\\/#website\"},\"primaryImageOfPage\":{\"@id\":\"https:\\\/\\\/www.organisator.ch\\\/human-resources\\\/2022-09-14\\\/besonders-gefragt-arbeitnehmende-mit-qualifikationen-im-bereich-nachhaltigkeit\\\/#primaryimage\"},\"image\":{\"@id\":\"https:\\\/\\\/www.organisator.ch\\\/human-resources\\\/2022-09-14\\\/besonders-gefragt-arbeitnehmende-mit-qualifikationen-im-bereich-nachhaltigkeit\\\/#primaryimage\"},\"thumbnailUrl\":\"https:\\\/\\\/www.organisator.ch\\\/wp-content\\\/uploads\\\/2022\\\/09\\\/Besonders-gefragt-Arbeitnehmende-mit-Qualifikationen-im-Bereich-Nachhaltigkeit-1_Organisator.jpg\",\"datePublished\":\"2022-09-14T07:37:16+00:00\",\"description\":\"Die Besch\u00e4ftigungsaussichten sind weiterhin positiv. Arbeitnehmende mit Qualifikationen im Bereich Nachhaltigkeit sind gefragt.\",\"breadcrumb\":{\"@id\":\"https:\\\/\\\/www.organisator.ch\\\/human-resources\\\/2022-09-14\\\/besonders-gefragt-arbeitnehmende-mit-qualifikationen-im-bereich-nachhaltigkeit\\\/#breadcrumb\"},\"inLanguage\":\"it-IT\",\"potentialAction\":[{\"@type\":\"ReadAction\",\"target\":[\"https:\\\/\\\/www.organisator.ch\\\/human-resources\\\/2022-09-14\\\/besonders-gefragt-arbeitnehmende-mit-qualifikationen-im-bereich-nachhaltigkeit\\\/\"]}]},{\"@type\":\"ImageObject\",\"inLanguage\":\"it-IT\",\"@id\":\"https:\\\/\\\/www.organisator.ch\\\/human-resources\\\/2022-09-14\\\/besonders-gefragt-arbeitnehmende-mit-qualifikationen-im-bereich-nachhaltigkeit\\\/#primaryimage\",\"url\":\"https:\\\/\\\/www.organisator.ch\\\/wp-content\\\/uploads\\\/2022\\\/09\\\/Besonders-gefragt-Arbeitnehmende-mit-Qualifikationen-im-Bereich-Nachhaltigkeit-1_Organisator.jpg\",\"contentUrl\":\"https:\\\/\\\/www.organisator.ch\\\/wp-content\\\/uploads\\\/2022\\\/09\\\/Besonders-gefragt-Arbeitnehmende-mit-Qualifikationen-im-Bereich-Nachhaltigkeit-1_Organisator.jpg\",\"width\":680,\"height\":447,\"caption\":\"Auf dem Arbeitsmarkt derzeit besonders gefragt sind qualifizierte Personen im Bereich Nachhaltigkeit. (Bild: Pixabay.com)\"},{\"@type\":\"BreadcrumbList\",\"@id\":\"https:\\\/\\\/www.organisator.ch\\\/human-resources\\\/2022-09-14\\\/besonders-gefragt-arbeitnehmende-mit-qualifikationen-im-bereich-nachhaltigkeit\\\/#breadcrumb\",\"itemListElement\":[{\"@type\":\"ListItem\",\"position\":1,\"name\":\"Home\",\"item\":\"https:\\\/\\\/www.organisator.ch\\\/\"},{\"@type\":\"ListItem\",\"position\":2,\"name\":\"Besonders gefragt: Arbeitnehmende mit Qualifikationen im Bereich Nachhaltigkeit\"}]},{\"@type\":\"WebSite\",\"@id\":\"https:\\\/\\\/www.organisator.ch\\\/#website\",\"url\":\"https:\\\/\\\/www.organisator.ch\\\/\",\"name\":\"Organisator\",\"description\":\"Kompetent. Praxisnah. Der ORGANISATOR bereitet in 10 Ausgaben pro Jahr die wesentlichen Themen f\u00fcr F\u00fchrungskr\u00e4fte von KMU auf.\",\"publisher\":{\"@id\":\"https:\\\/\\\/www.organisator.ch\\\/#organization\"},\"potentialAction\":[{\"@type\":\"SearchAction\",\"target\":{\"@type\":\"EntryPoint\",\"urlTemplate\":\"https:\\\/\\\/www.organisator.ch\\\/?s={search_term_string}\"},\"query-input\":{\"@type\":\"PropertyValueSpecification\",\"valueRequired\":true,\"valueName\":\"search_term_string\"}}],\"inLanguage\":\"it-IT\"},{\"@type\":\"Organization\",\"@id\":\"https:\\\/\\\/www.organisator.ch\\\/#organization\",\"name\":\"Organisator\",\"url\":\"https:\\\/\\\/www.organisator.ch\\\/\",\"logo\":{\"@type\":\"ImageObject\",\"inLanguage\":\"it-IT\",\"@id\":\"https:\\\/\\\/www.organisator.ch\\\/#\\\/schema\\\/logo\\\/image\\\/\",\"url\":\"https:\\\/\\\/www.organisator.ch\\\/wp-content\\\/uploads\\\/2022\\\/01\\\/Logo_Organisator_Website.png\",\"contentUrl\":\"https:\\\/\\\/www.organisator.ch\\\/wp-content\\\/uploads\\\/2022\\\/01\\\/Logo_Organisator_Website.png\",\"width\":800,\"height\":77,\"caption\":\"Organisator\"},\"image\":{\"@id\":\"https:\\\/\\\/www.organisator.ch\\\/#\\\/schema\\\/logo\\\/image\\\/\"},\"sameAs\":[\"https:\\\/\\\/www.facebook.com\\\/OrganisatorFachmagazin\",\"https:\\\/\\\/www.linkedin.com\\\/showcase\\\/organisator-das-magazin-fr-kmu\",\"https:\\\/\\\/www.xing.com\\\/news\\\/pages\\\/organisator-ch-695\",\"https:\\\/\\\/www.youtube.com\\\/channel\\\/UCGP2Sq0iWaZwT3BdIAQFYpw\"]},{\"@type\":\"Person\",\"@id\":\"https:\\\/\\\/www.organisator.ch\\\/#\\\/schema\\\/person\\\/6f650f90b2842cd4c0cc334b4e36f67e\",\"name\":\"thomas.berner\",\"image\":{\"@type\":\"ImageObject\",\"inLanguage\":\"it-IT\",\"@id\":\"https:\\\/\\\/secure.gravatar.com\\\/avatar\\\/ac5001d2a36cb6c6cd3e50789007ffca834b477b74a2144564522e944eabff61?s=96&d=mm&r=g\",\"url\":\"https:\\\/\\\/secure.gravatar.com\\\/avatar\\\/ac5001d2a36cb6c6cd3e50789007ffca834b477b74a2144564522e944eabff61?s=96&d=mm&r=g\",\"contentUrl\":\"https:\\\/\\\/secure.gravatar.com\\\/avatar\\\/ac5001d2a36cb6c6cd3e50789007ffca834b477b74a2144564522e944eabff61?s=96&d=mm&r=g\",\"caption\":\"thomas.berner\"},\"url\":\"https:\\\/\\\/www.organisator.ch\\\/it\\\/author\\\/thomas-berner\\\/\"}]}<\/script>\n<!-- \/ Yoast SEO plugin. -->","yoast_head_json":{"title":"Particolarmente richiesti: dipendenti con qualifiche nel campo della sostenibilit\u00e0 - Organizzatore","description":"Le prospettive occupazionali rimangono positive. I dipendenti con qualifiche nel campo della sostenibilit\u00e0 sono molto richiesti.","robots":{"index":"index","follow":"follow","max-snippet":"max-snippet:-1","max-image-preview":"max-image-preview:large","max-video-preview":"max-video-preview:-1"},"canonical":"https:\/\/www.organisator.ch\/it\/risorse-umane\/2022-09-14\/besonders-gefragt-arbeitnehmende-mit-qualifikationen-im-bereich-nachhaltigkeit\/","og_locale":"it_IT","og_type":"article","og_title":"Besonders gefragt: Arbeitnehmende mit Qualifikationen im Bereich Nachhaltigkeit","og_description":"Die Besch\u00e4ftigungsaussichten sind weiterhin positiv. Arbeitnehmende mit Qualifikationen im Bereich Nachhaltigkeit sind gefragt.","og_url":"https:\/\/www.organisator.ch\/it\/risorse-umane\/2022-09-14\/besonders-gefragt-arbeitnehmende-mit-qualifikationen-im-bereich-nachhaltigkeit\/","og_site_name":"Organisator","article_publisher":"https:\/\/www.facebook.com\/OrganisatorFachmagazin","article_published_time":"2022-09-14T07:37:16+00:00","og_image":[{"width":680,"height":447,"url":"https:\/\/www.organisator.ch\/wp-content\/uploads\/2022\/09\/Besonders-gefragt-Arbeitnehmende-mit-Qualifikationen-im-Bereich-Nachhaltigkeit-1_Organisator.jpg","type":"image\/jpeg"}],"author":"thomas.berner","twitter_card":"summary_large_image","twitter_title":"Besonders gefragt: #Arbeitnehmende mit Qualifikationen im Bereich #Nachhaltigkeit","twitter_description":"Die #Besch\u00e4ftigungsaussichten sind weiterhin positiv. #Arbeitnehmende mit Qualifikationen im Bereich #Nachhaltigkeit sind gefragt.","twitter_image":"https:\/\/www.organisator.ch\/wp-content\/uploads\/2022\/09\/Besonders-gefragt-Arbeitnehmende-mit-Qualifikationen-im-Bereich-Nachhaltigkeit-1_Organisator.jpg","schema":{"@context":"https:\/\/schema.org","@graph":[{"@type":"Article","@id":"https:\/\/www.organisator.ch\/human-resources\/2022-09-14\/besonders-gefragt-arbeitnehmende-mit-qualifikationen-im-bereich-nachhaltigkeit\/#article","isPartOf":{"@id":"https:\/\/www.organisator.ch\/human-resources\/2022-09-14\/besonders-gefragt-arbeitnehmende-mit-qualifikationen-im-bereich-nachhaltigkeit\/"},"author":{"name":"thomas.berner","@id":"https:\/\/www.organisator.ch\/#\/schema\/person\/6f650f90b2842cd4c0cc334b4e36f67e"},"headline":"Besonders gefragt: Arbeitnehmende mit Qualifikationen im Bereich Nachhaltigkeit","datePublished":"2022-09-14T07:37:16+00:00","mainEntityOfPage":{"@id":"https:\/\/www.organisator.ch\/human-resources\/2022-09-14\/besonders-gefragt-arbeitnehmende-mit-qualifikationen-im-bereich-nachhaltigkeit\/"},"wordCount":678,"publisher":{"@id":"https:\/\/www.organisator.ch\/#organization"},"image":{"@id":"https:\/\/www.organisator.ch\/human-resources\/2022-09-14\/besonders-gefragt-arbeitnehmende-mit-qualifikationen-im-bereich-nachhaltigkeit\/#primaryimage"},"thumbnailUrl":"https:\/\/www.organisator.ch\/wp-content\/uploads\/2022\/09\/Besonders-gefragt-Arbeitnehmende-mit-Qualifikationen-im-Bereich-Nachhaltigkeit-1_Organisator.jpg","keywords":["Arbeitsmarkt","HRM","Nachhaltige Wirtschaft","Umfrage"],"articleSection":["HUMAN RESOURCES"],"inLanguage":"it-IT"},{"@type":"WebPage","@id":"https:\/\/www.organisator.ch\/human-resources\/2022-09-14\/besonders-gefragt-arbeitnehmende-mit-qualifikationen-im-bereich-nachhaltigkeit\/","url":"https:\/\/www.organisator.ch\/human-resources\/2022-09-14\/besonders-gefragt-arbeitnehmende-mit-qualifikationen-im-bereich-nachhaltigkeit\/","name":"Particolarmente richiesti: dipendenti con qualifiche nel campo della sostenibilit\u00e0 - Organizzatore","isPartOf":{"@id":"https:\/\/www.organisator.ch\/#website"},"primaryImageOfPage":{"@id":"https:\/\/www.organisator.ch\/human-resources\/2022-09-14\/besonders-gefragt-arbeitnehmende-mit-qualifikationen-im-bereich-nachhaltigkeit\/#primaryimage"},"image":{"@id":"https:\/\/www.organisator.ch\/human-resources\/2022-09-14\/besonders-gefragt-arbeitnehmende-mit-qualifikationen-im-bereich-nachhaltigkeit\/#primaryimage"},"thumbnailUrl":"https:\/\/www.organisator.ch\/wp-content\/uploads\/2022\/09\/Besonders-gefragt-Arbeitnehmende-mit-Qualifikationen-im-Bereich-Nachhaltigkeit-1_Organisator.jpg","datePublished":"2022-09-14T07:37:16+00:00","description":"Le prospettive occupazionali rimangono positive. I dipendenti con qualifiche nel campo della sostenibilit\u00e0 sono molto richiesti.","breadcrumb":{"@id":"https:\/\/www.organisator.ch\/human-resources\/2022-09-14\/besonders-gefragt-arbeitnehmende-mit-qualifikationen-im-bereich-nachhaltigkeit\/#breadcrumb"},"inLanguage":"it-IT","potentialAction":[{"@type":"ReadAction","target":["https:\/\/www.organisator.ch\/human-resources\/2022-09-14\/besonders-gefragt-arbeitnehmende-mit-qualifikationen-im-bereich-nachhaltigkeit\/"]}]},{"@type":"ImageObject","inLanguage":"it-IT","@id":"https:\/\/www.organisator.ch\/human-resources\/2022-09-14\/besonders-gefragt-arbeitnehmende-mit-qualifikationen-im-bereich-nachhaltigkeit\/#primaryimage","url":"https:\/\/www.organisator.ch\/wp-content\/uploads\/2022\/09\/Besonders-gefragt-Arbeitnehmende-mit-Qualifikationen-im-Bereich-Nachhaltigkeit-1_Organisator.jpg","contentUrl":"https:\/\/www.organisator.ch\/wp-content\/uploads\/2022\/09\/Besonders-gefragt-Arbeitnehmende-mit-Qualifikationen-im-Bereich-Nachhaltigkeit-1_Organisator.jpg","width":680,"height":447,"caption":"Auf dem Arbeitsmarkt derzeit besonders gefragt sind qualifizierte Personen im Bereich Nachhaltigkeit. (Bild: Pixabay.com)"},{"@type":"BreadcrumbList","@id":"https:\/\/www.organisator.ch\/human-resources\/2022-09-14\/besonders-gefragt-arbeitnehmende-mit-qualifikationen-im-bereich-nachhaltigkeit\/#breadcrumb","itemListElement":[{"@type":"ListItem","position":1,"name":"Home","item":"https:\/\/www.organisator.ch\/"},{"@type":"ListItem","position":2,"name":"Besonders gefragt: Arbeitnehmende mit Qualifikationen im Bereich Nachhaltigkeit"}]},{"@type":"WebSite","@id":"https:\/\/www.organisator.ch\/#website","url":"https:\/\/www.organisator.ch\/","name":"Organizzatore","description":"Competente. Pratico. In 10 numeri all'anno, ORGANISATOR presenta i temi essenziali per i manager delle PMI.","publisher":{"@id":"https:\/\/www.organisator.ch\/#organization"},"potentialAction":[{"@type":"SearchAction","target":{"@type":"EntryPoint","urlTemplate":"https:\/\/www.organisator.ch\/?s={search_term_string}"},"query-input":{"@type":"PropertyValueSpecification","valueRequired":true,"valueName":"search_term_string"}}],"inLanguage":"it-IT"},{"@type":"Organization","@id":"https:\/\/www.organisator.ch\/#organization","name":"Organizzatore","url":"https:\/\/www.organisator.ch\/","logo":{"@type":"ImageObject","inLanguage":"it-IT","@id":"https:\/\/www.organisator.ch\/#\/schema\/logo\/image\/","url":"https:\/\/www.organisator.ch\/wp-content\/uploads\/2022\/01\/Logo_Organisator_Website.png","contentUrl":"https:\/\/www.organisator.ch\/wp-content\/uploads\/2022\/01\/Logo_Organisator_Website.png","width":800,"height":77,"caption":"Organisator"},"image":{"@id":"https:\/\/www.organisator.ch\/#\/schema\/logo\/image\/"},"sameAs":["https:\/\/www.facebook.com\/OrganisatorFachmagazin","https:\/\/www.linkedin.com\/showcase\/organisator-das-magazin-fr-kmu","https:\/\/www.xing.com\/news\/pages\/organisator-ch-695","https:\/\/www.youtube.com\/channel\/UCGP2Sq0iWaZwT3BdIAQFYpw"]},{"@type":"Person","@id":"https:\/\/www.organisator.ch\/#\/schema\/person\/6f650f90b2842cd4c0cc334b4e36f67e","name":"Tommaso.berner","image":{"@type":"ImageObject","inLanguage":"it-IT","@id":"https:\/\/secure.gravatar.com\/avatar\/ac5001d2a36cb6c6cd3e50789007ffca834b477b74a2144564522e944eabff61?s=96&d=mm&r=g","url":"https:\/\/secure.gravatar.com\/avatar\/ac5001d2a36cb6c6cd3e50789007ffca834b477b74a2144564522e944eabff61?s=96&d=mm&r=g","contentUrl":"https:\/\/secure.gravatar.com\/avatar\/ac5001d2a36cb6c6cd3e50789007ffca834b477b74a2144564522e944eabff61?s=96&d=mm&r=g","caption":"thomas.berner"},"url":"https:\/\/www.organisator.ch\/it\/author\/thomas-berner\/"}]}},"_links":{"self":[{"href":"https:\/\/www.organisator.ch\/it\/wp-json\/wp\/v2\/posts\/16924","targetHints":{"allow":["GET"]}}],"collection":[{"href":"https:\/\/www.organisator.ch\/it\/wp-json\/wp\/v2\/posts"}],"about":[{"href":"https:\/\/www.organisator.ch\/it\/wp-json\/wp\/v2\/types\/post"}],"author":[{"embeddable":true,"href":"https:\/\/www.organisator.ch\/it\/wp-json\/wp\/v2\/users\/4"}],"replies":[{"embeddable":true,"href":"https:\/\/www.organisator.ch\/it\/wp-json\/wp\/v2\/comments?post=16924"}],"version-history":[{"count":1,"href":"https:\/\/www.organisator.ch\/it\/wp-json\/wp\/v2\/posts\/16924\/revisions"}],"predecessor-version":[{"id":16927,"href":"https:\/\/www.organisator.ch\/it\/wp-json\/wp\/v2\/posts\/16924\/revisions\/16927"}],"wp:featuredmedia":[{"embeddable":true,"href":"https:\/\/www.organisator.ch\/it\/wp-json\/wp\/v2\/media\/16926"}],"wp:attachment":[{"href":"https:\/\/www.organisator.ch\/it\/wp-json\/wp\/v2\/media?parent=16924"}],"wp:term":[{"taxonomy":"category","embeddable":true,"href":"https:\/\/www.organisator.ch\/it\/wp-json\/wp\/v2\/categories?post=16924"},{"taxonomy":"post_tag","embeddable":true,"href":"https:\/\/www.organisator.ch\/it\/wp-json\/wp\/v2\/tags?post=16924"}],"curies":[{"name":"wp","href":"https:\/\/api.w.org\/{rel}","templated":true}]}}