{"id":16933,"date":"2022-09-14T16:51:52","date_gmt":"2022-09-14T14:51:52","guid":{"rendered":"https:\/\/www.m-q.ch\/?p=16886"},"modified":"2024-11-22T06:32:41","modified_gmt":"2024-11-22T05:32:41","slug":"ohne-sichere-energieversorgung-gibt-es-keine-it-sicherheit","status":"publish","type":"post","link":"https:\/\/www.organisator.ch\/it\/operational-excellence\/2022-09-14\/ohne-sichere-energieversorgung-gibt-es-keine-it-sicherheit\/","title":{"rendered":"Senza un approvvigionamento energetico sicuro, non c'\u00e8 sicurezza informatica."},"content":{"rendered":"<figure id=\"attachment_16887\" class=\"wp-caption alignnone\" style=\"width: 680px\" aria-describedby=\"caption-attachment-16887\"><img class=\"alignnone wp-image-16887 size-full\" src=\"https:\/\/www.m-q.ch\/wp-content\/uploads\/2022\/09\/Ohne-sichere-Energieversorgung-gibt-es-keine-IT-Sicherheit-_MQ.jpg\" alt=\"Resilienza IT\" width=\"680\" height=\"510\" \/>\r\n<figcaption id=\"caption-attachment-16887\" class=\"wp-caption-text\">Andrea W\u00f6rrlein \u00e8 amministratore delegato di VNC a Berlino e membro del Consiglio di amministrazione di VNC AG a Zug. VNC \u00e8 una societ\u00e0 di software globale che sviluppa applicazioni open source per la comunicazione e la collaborazione nelle grandi aziende. (Fonte: VNC)<\/figcaption>\r\n<\/figure>\r\n<p>I gasdotti vuoti a est e le centrali nucleari inattive a ovest, ad esempio in Francia, stanno causando un aumento spaventoso dei prezzi e massicce strozzature nell'approvvigionamento. Ci\u00f2 significa che non solo l'approvvigionamento energetico dell'IT e quindi la sicurezza informatica nel suo complesso sono a rischio, ma anche gli interessi vitali della nostra politica in quanto tale. Le societ\u00e0 con un elevato livello di maturit\u00e0 digitale sono appese al cordone ombelicale dell'IT. Abbiamo superato da tempo questo confine \"virtuale\". E l'informatica, a sua volta, \u00e8 appesa allo stillicidio di una fornitura energetica regolare. Gran parte della nostra economia, delle nostre infrastrutture e dei nostri servizi sociali non possono funzionare senza un supporto informatico stabile. E l'IT ha bisogno di elettricit\u00e0 dalla presa, che ci piaccia o no. La sicurezza informatica deve quindi essere pensata innanzitutto come resilienza informatica. E le condizioni per farlo sono attualmente molto scarse.<\/p>\r\n<h3><strong>Le reti informatiche dipendono dalle reti di fornitura<\/strong><\/h3>\r\n<p>Al posto di un volontarismo ingenuo e di una schermaglia tattica, abbiamo bisogno di lungimiranza strategica, di sobriet\u00e0 geopolitica, di concentrazione su ci\u00f2 che \u00e8 necessario e di una completa rinuncia ai paraocchi ideologici. Una cosa \u00e8 chiara: gli eventi delle ultime settimane ci hanno mostrato quanto la nostra societ\u00e0, basata sulla divisione del lavoro, dipenda da un approvvigionamento energetico sicuro. Lo abbiamo sempre saputo, ma siamo riusciti a sopprimerlo con successo. Non c'era motivo di caricarsi di questa spiacevole certezza in tempi di boom. Ma ora \u00e8 il giorno di paga, il conto \u00e8 servito. Proprio in cima, elenca le dipendenze che abbiamo contratto con l'informatica e la digitalizzazione di tutti i settori della vita per il nostro sostentamento. Cosa succede in un magazzino digitalizzato se il controllo IT fallisce? Cercate di accedere a uno scaffale alto senza un robot. Non \u00e8 possibile fare nulla manualmente. Anche se, ad esempio, ci fossero pezzi di ricambio urgenti per le pompe delle condutture, non saremmo in grado di trovarli e di accedervi. Cosa succede negli ospedali, negli acquedotti o nelle aziende di smaltimento dei rifiuti senza una gestione sicura, cio\u00e8 semplicemente informatica? L'elenco potrebbe continuare all'infinito. Le infrastrutture critiche sono pi\u00f9 o meno digitalizzate. Senza un'informatica funzionante, dovranno cessare l'attivit\u00e0, proprio come le imprese a valore aggiunto con centinaia di migliaia di posti di lavoro. Un quadro desolante, certo, ma con un fattore di probabilit\u00e0 non trascurabile.<\/p>\r\n<h3><strong>La fine dei sogni ad occhi aperti<\/strong><\/h3>\r\n<p>Sicurezza informatica significa quindi innanzitutto sicurezza dell'approvvigionamento. Nella nostra euforia per la digitalizzazione, abbiamo dato questo per scontato. Ma questo ingenuo ottimismo \u00e8 scoppiato. Pi\u00f9 le societ\u00e0 moderne sono digitalizzate, pi\u00f9 si aggrappano al cordone ombelicale dell'IT, affamato di energia. Le funzioni digitalizzate, tuttavia, non possono essere sostituite dall'intervento manuale. Questo \u00e8 concettualmente previsto e corretto all'interno della logica digitale. Ma guai a farci mancare la fornitura di energia. Nel 1973, potevamo ancora avere una domenica senza auto. Nel 2022, un weekend senza informatica? Assurdo. Anche attivit\u00e0 apparentemente banali come la mungitura o il rifornimento di carburante non sarebbero pi\u00f9 possibili. L'idea idealizzante della reversibilit\u00e0 degli sviluppi tecnologici si rivela un'illusione romantica anche nel caso dell'informatica e della digitalizzazione. Invece di sognare un roll-back, bisogna dargli una base pi\u00f9 stabile. La resilienza informatica inizia con i nastri trasportatori e le condutture, le turbine eoliche e gli impianti solari, le centrali elettriche e le reti di distribuzione. E questa forma fondamentale di sicurezza informatica deve essere urgentemente in cima all'agenda delle cose da fare.<\/p>\r\n<p><em><strong>Autore:<\/strong><br \/>\r\n<\/em><em>Andrea W\u00f6rrlein \u00e8 direttore generale di <a href=\"https:\/\/vnclagoon.com\/\">VNC<\/a> a Berlino e membro del Consiglio di Amministrazione di VNC AG a Zug.<\/em><\/p>\n<p class=\"syndicated-attribution\">Questo articolo \u00e8 apparso originariamente su m-q.ch - <a href=\"https:\/\/www.m-q.ch\/de\/ohne-sichere-energieversorgung-gibt-es-keine-it-sicherheit\/\" target=\"_blank\">https:\/\/www.m-q.ch\/de\/ohne-sichere-energieversorgung-gibt-es-keine-it-sicherheit\/<\/a><\/p>","protected":false},"excerpt":{"rendered":"<p>Leere Pipelines im Osten und stillstehende Atomanlagen im Westen, beispielsweise in Frankreich, sorgen f\u00fcr horrend steigende Preise und massive Versorgungsengp\u00e4sse. Damit ist nicht nur die Energieversorgung der IT und damit die IT-Sicherheit insgesamt in Gefahr, sondern vitale Interessen unseres Gemeinwesens an sich. Gesellschaften mit hoher Digitalisierungsreife h\u00e4ngen an der Nabelschnur der IT. Diese \u201evirtuelle\u201c Grenze [\u2026]<\/p>\n","protected":false},"author":8,"featured_media":0,"comment_status":"closed","ping_status":"closed","sticky":false,"template":"","format":"standard","meta":{"_acf_changed":false,"_yoast_wpseo_focuskw":"IT-Resilienz","_yoast_wpseo_metadesc":"Andrea W\u00f6rrlein: IT-Resilienz ist entscheidend. Energiekrise zeigt Abh\u00e4ngigkeit der IT von stabiler Energieversorgung.","articlekey":"","footnotes":""},"categories":[582],"tags":[],"class_list":["post-16933","post","type-post","status-publish","format-standard","hentry","category-operational-excellence"],"acf":[],"yoast_head":"<!-- This site is optimized with the Yoast SEO plugin v27.5 - https:\/\/yoast.com\/product\/yoast-seo-wordpress\/ -->\n<title>Ohne sichere Energieversorgung gibt es keine IT-Sicherheit - Organisator<\/title>\n<meta name=\"description\" content=\"Andrea W\u00f6rrlein: IT-Resilienz ist entscheidend. Energiekrise zeigt Abh\u00e4ngigkeit der IT von stabiler Energieversorgung.\" \/>\n<meta name=\"robots\" content=\"index, follow, max-snippet:-1, max-image-preview:large, max-video-preview:-1\" \/>\n<link rel=\"canonical\" href=\"https:\/\/www.organisator.ch\/it\/eccellenza-operativa\/2022-09-14\/ohne-sichere-energieversorgung-gibt-es-keine-it-sicherheit\/\" \/>\n<meta property=\"og:locale\" content=\"it_IT\" \/>\n<meta property=\"og:type\" content=\"article\" \/>\n<meta property=\"og:title\" content=\"Ohne sichere Energieversorgung gibt es keine IT-Sicherheit - Organisator\" \/>\n<meta property=\"og:description\" content=\"Andrea W\u00f6rrlein: IT-Resilienz ist entscheidend. Energiekrise zeigt Abh\u00e4ngigkeit der IT von stabiler Energieversorgung.\" \/>\n<meta property=\"og:url\" content=\"https:\/\/www.organisator.ch\/it\/eccellenza-operativa\/2022-09-14\/ohne-sichere-energieversorgung-gibt-es-keine-it-sicherheit\/\" \/>\n<meta property=\"og:site_name\" content=\"Organisator\" \/>\n<meta property=\"article:publisher\" content=\"https:\/\/www.facebook.com\/OrganisatorFachmagazin\" \/>\n<meta property=\"article:published_time\" content=\"2022-09-14T14:51:52+00:00\" \/>\n<meta property=\"article:modified_time\" content=\"2024-11-22T05:32:41+00:00\" \/>\n<meta name=\"author\" content=\"galledia\" \/>\n<meta name=\"twitter:card\" content=\"summary_large_image\" \/>\n<meta name=\"twitter:creator\" content=\"@admin\" \/>\n<script type=\"application\/ld+json\" class=\"yoast-schema-graph\">{\"@context\":\"https:\\\/\\\/schema.org\",\"@graph\":[{\"@type\":\"Article\",\"@id\":\"https:\\\/\\\/www.organisator.ch\\\/operational-excellence\\\/2022-09-14\\\/ohne-sichere-energieversorgung-gibt-es-keine-it-sicherheit\\\/#article\",\"isPartOf\":{\"@id\":\"https:\\\/\\\/www.organisator.ch\\\/operational-excellence\\\/2022-09-14\\\/ohne-sichere-energieversorgung-gibt-es-keine-it-sicherheit\\\/\"},\"author\":{\"name\":\"galledia\",\"@id\":\"https:\\\/\\\/www.organisator.ch\\\/#\\\/schema\\\/person\\\/4e51799071cd2dd1232ac003643ef5f0\"},\"headline\":\"Ohne sichere Energieversorgung gibt es keine IT-Sicherheit\",\"datePublished\":\"2022-09-14T14:51:52+00:00\",\"dateModified\":\"2024-11-22T05:32:41+00:00\",\"mainEntityOfPage\":{\"@id\":\"https:\\\/\\\/www.organisator.ch\\\/operational-excellence\\\/2022-09-14\\\/ohne-sichere-energieversorgung-gibt-es-keine-it-sicherheit\\\/\"},\"wordCount\":576,\"publisher\":{\"@id\":\"https:\\\/\\\/www.organisator.ch\\\/#organization\"},\"image\":{\"@id\":\"https:\\\/\\\/www.organisator.ch\\\/operational-excellence\\\/2022-09-14\\\/ohne-sichere-energieversorgung-gibt-es-keine-it-sicherheit\\\/#primaryimage\"},\"thumbnailUrl\":\"https:\\\/\\\/www.m-q.ch\\\/wp-content\\\/uploads\\\/2022\\\/09\\\/Ohne-sichere-Energieversorgung-gibt-es-keine-IT-Sicherheit-_MQ.jpg\",\"articleSection\":[\"OPERATIONAL EXCELLENCE\"],\"inLanguage\":\"it-IT\"},{\"@type\":\"WebPage\",\"@id\":\"https:\\\/\\\/www.organisator.ch\\\/operational-excellence\\\/2022-09-14\\\/ohne-sichere-energieversorgung-gibt-es-keine-it-sicherheit\\\/\",\"url\":\"https:\\\/\\\/www.organisator.ch\\\/operational-excellence\\\/2022-09-14\\\/ohne-sichere-energieversorgung-gibt-es-keine-it-sicherheit\\\/\",\"name\":\"Ohne sichere Energieversorgung gibt es keine IT-Sicherheit - Organisator\",\"isPartOf\":{\"@id\":\"https:\\\/\\\/www.organisator.ch\\\/#website\"},\"primaryImageOfPage\":{\"@id\":\"https:\\\/\\\/www.organisator.ch\\\/operational-excellence\\\/2022-09-14\\\/ohne-sichere-energieversorgung-gibt-es-keine-it-sicherheit\\\/#primaryimage\"},\"image\":{\"@id\":\"https:\\\/\\\/www.organisator.ch\\\/operational-excellence\\\/2022-09-14\\\/ohne-sichere-energieversorgung-gibt-es-keine-it-sicherheit\\\/#primaryimage\"},\"thumbnailUrl\":\"https:\\\/\\\/www.m-q.ch\\\/wp-content\\\/uploads\\\/2022\\\/09\\\/Ohne-sichere-Energieversorgung-gibt-es-keine-IT-Sicherheit-_MQ.jpg\",\"datePublished\":\"2022-09-14T14:51:52+00:00\",\"dateModified\":\"2024-11-22T05:32:41+00:00\",\"description\":\"Andrea W\u00f6rrlein: IT-Resilienz ist entscheidend. Energiekrise zeigt Abh\u00e4ngigkeit der IT von stabiler Energieversorgung.\",\"breadcrumb\":{\"@id\":\"https:\\\/\\\/www.organisator.ch\\\/operational-excellence\\\/2022-09-14\\\/ohne-sichere-energieversorgung-gibt-es-keine-it-sicherheit\\\/#breadcrumb\"},\"inLanguage\":\"it-IT\",\"potentialAction\":[{\"@type\":\"ReadAction\",\"target\":[\"https:\\\/\\\/www.organisator.ch\\\/operational-excellence\\\/2022-09-14\\\/ohne-sichere-energieversorgung-gibt-es-keine-it-sicherheit\\\/\"]}]},{\"@type\":\"ImageObject\",\"inLanguage\":\"it-IT\",\"@id\":\"https:\\\/\\\/www.organisator.ch\\\/operational-excellence\\\/2022-09-14\\\/ohne-sichere-energieversorgung-gibt-es-keine-it-sicherheit\\\/#primaryimage\",\"url\":\"https:\\\/\\\/www.m-q.ch\\\/wp-content\\\/uploads\\\/2022\\\/09\\\/Ohne-sichere-Energieversorgung-gibt-es-keine-IT-Sicherheit-_MQ.jpg\",\"contentUrl\":\"https:\\\/\\\/www.m-q.ch\\\/wp-content\\\/uploads\\\/2022\\\/09\\\/Ohne-sichere-Energieversorgung-gibt-es-keine-IT-Sicherheit-_MQ.jpg\"},{\"@type\":\"BreadcrumbList\",\"@id\":\"https:\\\/\\\/www.organisator.ch\\\/operational-excellence\\\/2022-09-14\\\/ohne-sichere-energieversorgung-gibt-es-keine-it-sicherheit\\\/#breadcrumb\",\"itemListElement\":[{\"@type\":\"ListItem\",\"position\":1,\"name\":\"Home\",\"item\":\"https:\\\/\\\/www.organisator.ch\\\/\"},{\"@type\":\"ListItem\",\"position\":2,\"name\":\"Ohne sichere Energieversorgung gibt es keine IT-Sicherheit\"}]},{\"@type\":\"WebSite\",\"@id\":\"https:\\\/\\\/www.organisator.ch\\\/#website\",\"url\":\"https:\\\/\\\/www.organisator.ch\\\/\",\"name\":\"Organisator\",\"description\":\"Kompetent. Praxisnah. Der ORGANISATOR bereitet in 10 Ausgaben pro Jahr die wesentlichen Themen f\u00fcr F\u00fchrungskr\u00e4fte von KMU auf.\",\"publisher\":{\"@id\":\"https:\\\/\\\/www.organisator.ch\\\/#organization\"},\"potentialAction\":[{\"@type\":\"SearchAction\",\"target\":{\"@type\":\"EntryPoint\",\"urlTemplate\":\"https:\\\/\\\/www.organisator.ch\\\/?s={search_term_string}\"},\"query-input\":{\"@type\":\"PropertyValueSpecification\",\"valueRequired\":true,\"valueName\":\"search_term_string\"}}],\"inLanguage\":\"it-IT\"},{\"@type\":\"Organization\",\"@id\":\"https:\\\/\\\/www.organisator.ch\\\/#organization\",\"name\":\"Organisator\",\"url\":\"https:\\\/\\\/www.organisator.ch\\\/\",\"logo\":{\"@type\":\"ImageObject\",\"inLanguage\":\"it-IT\",\"@id\":\"https:\\\/\\\/www.organisator.ch\\\/#\\\/schema\\\/logo\\\/image\\\/\",\"url\":\"https:\\\/\\\/www.organisator.ch\\\/wp-content\\\/uploads\\\/2022\\\/01\\\/Logo_Organisator_Website.png\",\"contentUrl\":\"https:\\\/\\\/www.organisator.ch\\\/wp-content\\\/uploads\\\/2022\\\/01\\\/Logo_Organisator_Website.png\",\"width\":800,\"height\":77,\"caption\":\"Organisator\"},\"image\":{\"@id\":\"https:\\\/\\\/www.organisator.ch\\\/#\\\/schema\\\/logo\\\/image\\\/\"},\"sameAs\":[\"https:\\\/\\\/www.facebook.com\\\/OrganisatorFachmagazin\",\"https:\\\/\\\/www.linkedin.com\\\/showcase\\\/organisator-das-magazin-fr-kmu\",\"https:\\\/\\\/www.xing.com\\\/news\\\/pages\\\/organisator-ch-695\",\"https:\\\/\\\/www.youtube.com\\\/channel\\\/UCGP2Sq0iWaZwT3BdIAQFYpw\"]},{\"@type\":\"Person\",\"@id\":\"https:\\\/\\\/www.organisator.ch\\\/#\\\/schema\\\/person\\\/4e51799071cd2dd1232ac003643ef5f0\",\"name\":\"galledia\",\"image\":{\"@type\":\"ImageObject\",\"inLanguage\":\"it-IT\",\"@id\":\"https:\\\/\\\/secure.gravatar.com\\\/avatar\\\/78a7f90c01fc2bfc875782a0d4922b37cde2cf184ce347b91316d23cd7f69a36?s=96&d=mm&r=g\",\"url\":\"https:\\\/\\\/secure.gravatar.com\\\/avatar\\\/78a7f90c01fc2bfc875782a0d4922b37cde2cf184ce347b91316d23cd7f69a36?s=96&d=mm&r=g\",\"contentUrl\":\"https:\\\/\\\/secure.gravatar.com\\\/avatar\\\/78a7f90c01fc2bfc875782a0d4922b37cde2cf184ce347b91316d23cd7f69a36?s=96&d=mm&r=g\",\"caption\":\"galledia\"},\"sameAs\":[\"https:\\\/\\\/x.com\\\/admin\"],\"url\":\"https:\\\/\\\/www.organisator.ch\\\/it\\\/author\\\/galledia\\\/\"}]}<\/script>\n<!-- \/ Yoast SEO plugin. -->","yoast_head_json":{"title":"Senza un approvvigionamento energetico sicuro non c'\u00e8 sicurezza informatica - Organizzatore","description":"Andrea W\u00f6rrlein: la resilienza dell'IT \u00e8 fondamentale. La crisi energetica dimostra la dipendenza dell'IT da un approvvigionamento energetico stabile.","robots":{"index":"index","follow":"follow","max-snippet":"max-snippet:-1","max-image-preview":"max-image-preview:large","max-video-preview":"max-video-preview:-1"},"canonical":"https:\/\/www.organisator.ch\/it\/eccellenza-operativa\/2022-09-14\/ohne-sichere-energieversorgung-gibt-es-keine-it-sicherheit\/","og_locale":"it_IT","og_type":"article","og_title":"Ohne sichere Energieversorgung gibt es keine IT-Sicherheit - Organisator","og_description":"Andrea W\u00f6rrlein: IT-Resilienz ist entscheidend. Energiekrise zeigt Abh\u00e4ngigkeit der IT von stabiler Energieversorgung.","og_url":"https:\/\/www.organisator.ch\/it\/eccellenza-operativa\/2022-09-14\/ohne-sichere-energieversorgung-gibt-es-keine-it-sicherheit\/","og_site_name":"Organisator","article_publisher":"https:\/\/www.facebook.com\/OrganisatorFachmagazin","article_published_time":"2022-09-14T14:51:52+00:00","article_modified_time":"2024-11-22T05:32:41+00:00","author":"galledia","twitter_card":"summary_large_image","twitter_creator":"@admin","schema":{"@context":"https:\/\/schema.org","@graph":[{"@type":"Article","@id":"https:\/\/www.organisator.ch\/operational-excellence\/2022-09-14\/ohne-sichere-energieversorgung-gibt-es-keine-it-sicherheit\/#article","isPartOf":{"@id":"https:\/\/www.organisator.ch\/operational-excellence\/2022-09-14\/ohne-sichere-energieversorgung-gibt-es-keine-it-sicherheit\/"},"author":{"name":"galledia","@id":"https:\/\/www.organisator.ch\/#\/schema\/person\/4e51799071cd2dd1232ac003643ef5f0"},"headline":"Ohne sichere Energieversorgung gibt es keine IT-Sicherheit","datePublished":"2022-09-14T14:51:52+00:00","dateModified":"2024-11-22T05:32:41+00:00","mainEntityOfPage":{"@id":"https:\/\/www.organisator.ch\/operational-excellence\/2022-09-14\/ohne-sichere-energieversorgung-gibt-es-keine-it-sicherheit\/"},"wordCount":576,"publisher":{"@id":"https:\/\/www.organisator.ch\/#organization"},"image":{"@id":"https:\/\/www.organisator.ch\/operational-excellence\/2022-09-14\/ohne-sichere-energieversorgung-gibt-es-keine-it-sicherheit\/#primaryimage"},"thumbnailUrl":"https:\/\/www.m-q.ch\/wp-content\/uploads\/2022\/09\/Ohne-sichere-Energieversorgung-gibt-es-keine-IT-Sicherheit-_MQ.jpg","articleSection":["OPERATIONAL EXCELLENCE"],"inLanguage":"it-IT"},{"@type":"WebPage","@id":"https:\/\/www.organisator.ch\/operational-excellence\/2022-09-14\/ohne-sichere-energieversorgung-gibt-es-keine-it-sicherheit\/","url":"https:\/\/www.organisator.ch\/operational-excellence\/2022-09-14\/ohne-sichere-energieversorgung-gibt-es-keine-it-sicherheit\/","name":"Senza un approvvigionamento energetico sicuro non c'\u00e8 sicurezza informatica - Organizzatore","isPartOf":{"@id":"https:\/\/www.organisator.ch\/#website"},"primaryImageOfPage":{"@id":"https:\/\/www.organisator.ch\/operational-excellence\/2022-09-14\/ohne-sichere-energieversorgung-gibt-es-keine-it-sicherheit\/#primaryimage"},"image":{"@id":"https:\/\/www.organisator.ch\/operational-excellence\/2022-09-14\/ohne-sichere-energieversorgung-gibt-es-keine-it-sicherheit\/#primaryimage"},"thumbnailUrl":"https:\/\/www.m-q.ch\/wp-content\/uploads\/2022\/09\/Ohne-sichere-Energieversorgung-gibt-es-keine-IT-Sicherheit-_MQ.jpg","datePublished":"2022-09-14T14:51:52+00:00","dateModified":"2024-11-22T05:32:41+00:00","description":"Andrea W\u00f6rrlein: la resilienza dell'IT \u00e8 fondamentale. La crisi energetica dimostra la dipendenza dell'IT da un approvvigionamento energetico stabile.","breadcrumb":{"@id":"https:\/\/www.organisator.ch\/operational-excellence\/2022-09-14\/ohne-sichere-energieversorgung-gibt-es-keine-it-sicherheit\/#breadcrumb"},"inLanguage":"it-IT","potentialAction":[{"@type":"ReadAction","target":["https:\/\/www.organisator.ch\/operational-excellence\/2022-09-14\/ohne-sichere-energieversorgung-gibt-es-keine-it-sicherheit\/"]}]},{"@type":"ImageObject","inLanguage":"it-IT","@id":"https:\/\/www.organisator.ch\/operational-excellence\/2022-09-14\/ohne-sichere-energieversorgung-gibt-es-keine-it-sicherheit\/#primaryimage","url":"https:\/\/www.m-q.ch\/wp-content\/uploads\/2022\/09\/Ohne-sichere-Energieversorgung-gibt-es-keine-IT-Sicherheit-_MQ.jpg","contentUrl":"https:\/\/www.m-q.ch\/wp-content\/uploads\/2022\/09\/Ohne-sichere-Energieversorgung-gibt-es-keine-IT-Sicherheit-_MQ.jpg"},{"@type":"BreadcrumbList","@id":"https:\/\/www.organisator.ch\/operational-excellence\/2022-09-14\/ohne-sichere-energieversorgung-gibt-es-keine-it-sicherheit\/#breadcrumb","itemListElement":[{"@type":"ListItem","position":1,"name":"Home","item":"https:\/\/www.organisator.ch\/"},{"@type":"ListItem","position":2,"name":"Ohne sichere Energieversorgung gibt es keine IT-Sicherheit"}]},{"@type":"WebSite","@id":"https:\/\/www.organisator.ch\/#website","url":"https:\/\/www.organisator.ch\/","name":"Organizzatore","description":"Competente. Pratico. In 10 numeri all'anno, ORGANISATOR presenta i temi essenziali per i manager delle PMI.","publisher":{"@id":"https:\/\/www.organisator.ch\/#organization"},"potentialAction":[{"@type":"SearchAction","target":{"@type":"EntryPoint","urlTemplate":"https:\/\/www.organisator.ch\/?s={search_term_string}"},"query-input":{"@type":"PropertyValueSpecification","valueRequired":true,"valueName":"search_term_string"}}],"inLanguage":"it-IT"},{"@type":"Organization","@id":"https:\/\/www.organisator.ch\/#organization","name":"Organizzatore","url":"https:\/\/www.organisator.ch\/","logo":{"@type":"ImageObject","inLanguage":"it-IT","@id":"https:\/\/www.organisator.ch\/#\/schema\/logo\/image\/","url":"https:\/\/www.organisator.ch\/wp-content\/uploads\/2022\/01\/Logo_Organisator_Website.png","contentUrl":"https:\/\/www.organisator.ch\/wp-content\/uploads\/2022\/01\/Logo_Organisator_Website.png","width":800,"height":77,"caption":"Organisator"},"image":{"@id":"https:\/\/www.organisator.ch\/#\/schema\/logo\/image\/"},"sameAs":["https:\/\/www.facebook.com\/OrganisatorFachmagazin","https:\/\/www.linkedin.com\/showcase\/organisator-das-magazin-fr-kmu","https:\/\/www.xing.com\/news\/pages\/organisator-ch-695","https:\/\/www.youtube.com\/channel\/UCGP2Sq0iWaZwT3BdIAQFYpw"]},{"@type":"Person","@id":"https:\/\/www.organisator.ch\/#\/schema\/person\/4e51799071cd2dd1232ac003643ef5f0","name":"galledia","image":{"@type":"ImageObject","inLanguage":"it-IT","@id":"https:\/\/secure.gravatar.com\/avatar\/78a7f90c01fc2bfc875782a0d4922b37cde2cf184ce347b91316d23cd7f69a36?s=96&d=mm&r=g","url":"https:\/\/secure.gravatar.com\/avatar\/78a7f90c01fc2bfc875782a0d4922b37cde2cf184ce347b91316d23cd7f69a36?s=96&d=mm&r=g","contentUrl":"https:\/\/secure.gravatar.com\/avatar\/78a7f90c01fc2bfc875782a0d4922b37cde2cf184ce347b91316d23cd7f69a36?s=96&d=mm&r=g","caption":"galledia"},"sameAs":["https:\/\/x.com\/admin"],"url":"https:\/\/www.organisator.ch\/it\/author\/galledia\/"}]}},"_links":{"self":[{"href":"https:\/\/www.organisator.ch\/it\/wp-json\/wp\/v2\/posts\/16933","targetHints":{"allow":["GET"]}}],"collection":[{"href":"https:\/\/www.organisator.ch\/it\/wp-json\/wp\/v2\/posts"}],"about":[{"href":"https:\/\/www.organisator.ch\/it\/wp-json\/wp\/v2\/types\/post"}],"author":[{"embeddable":true,"href":"https:\/\/www.organisator.ch\/it\/wp-json\/wp\/v2\/users\/8"}],"replies":[{"embeddable":true,"href":"https:\/\/www.organisator.ch\/it\/wp-json\/wp\/v2\/comments?post=16933"}],"version-history":[{"count":3,"href":"https:\/\/www.organisator.ch\/it\/wp-json\/wp\/v2\/posts\/16933\/revisions"}],"predecessor-version":[{"id":33807,"href":"https:\/\/www.organisator.ch\/it\/wp-json\/wp\/v2\/posts\/16933\/revisions\/33807"}],"wp:attachment":[{"href":"https:\/\/www.organisator.ch\/it\/wp-json\/wp\/v2\/media?parent=16933"}],"wp:term":[{"taxonomy":"category","embeddable":true,"href":"https:\/\/www.organisator.ch\/it\/wp-json\/wp\/v2\/categories?post=16933"},{"taxonomy":"post_tag","embeddable":true,"href":"https:\/\/www.organisator.ch\/it\/wp-json\/wp\/v2\/tags?post=16933"}],"curies":[{"name":"wp","href":"https:\/\/api.w.org\/{rel}","templated":true}]}}