{"id":16952,"date":"2022-09-16T08:11:54","date_gmt":"2022-09-16T06:11:54","guid":{"rendered":"https:\/\/www.organisator.ch\/?p=16952"},"modified":"2022-09-26T08:19:54","modified_gmt":"2022-09-26T06:19:54","slug":"cyborgs-smartphones-und-new-work-bullshit-am-ostschweizer-personaltag","status":"publish","type":"post","link":"https:\/\/www.organisator.ch\/it\/human-resources\/2022-09-16\/cyborgs-smartphones-und-new-work-bullshit-am-ostschweizer-personaltag\/","title":{"rendered":"Cyborgs, smartphone e nuove stronzate sul lavoro alla Giornata HR della Svizzera orientale"},"content":{"rendered":"<figure id=\"attachment_16953\" aria-describedby=\"caption-attachment-16953\" style=\"width: 680px\" class=\"wp-caption alignnone\"><img loading=\"lazy\" decoding=\"async\" class=\"size-full wp-image-16953\" src=\"https:\/\/www.organisator.ch\/wp-content\/uploads\/2022\/09\/Cyborgs-Smartphones-und-New-Work-Bullshit-am-Ostschweizer-Personaltag_Organisator.jpg\" alt=\"\" width=\"680\" height=\"441\" srcset=\"https:\/\/www.organisator.ch\/wp-content\/uploads\/2022\/09\/Cyborgs-Smartphones-und-New-Work-Bullshit-am-Ostschweizer-Personaltag_Organisator.jpg 680w, https:\/\/www.organisator.ch\/wp-content\/uploads\/2022\/09\/Cyborgs-Smartphones-und-New-Work-Bullshit-am-Ostschweizer-Personaltag_Organisator-18x12.jpg 18w, https:\/\/www.organisator.ch\/wp-content\/uploads\/2022\/09\/Cyborgs-Smartphones-und-New-Work-Bullshit-am-Ostschweizer-Personaltag_Organisator-270x175.jpg 270w, https:\/\/www.organisator.ch\/wp-content\/uploads\/2022\/09\/Cyborgs-Smartphones-und-New-Work-Bullshit-am-Ostschweizer-Personaltag_Organisator-540x350.jpg 540w, https:\/\/www.organisator.ch\/wp-content\/uploads\/2022\/09\/Cyborgs-Smartphones-und-New-Work-Bullshit-am-Ostschweizer-Personaltag_Organisator-300x195.jpg 300w\" sizes=\"auto, (max-width: 680px) 100vw, 680px\" \/><figcaption id=\"caption-attachment-16953\" class=\"wp-caption-text\">Non si tratta di \"nuove stronzate sul lavoro\", ma della realt\u00e0: Sarah Genner ha dichiarato all'East Switzerland HR Day che lo smartphone ci sta trasformando in cyborg. (Immagine: Ostschweizer Personaltag)<\/figcaption><\/figure>\n<p>La pandemia di Corona ha stravolto in poco tempo il mondo del lavoro. Ci\u00f2 che in passato era impensabile, oggi \u00e8 dato per scontato. Alcuni dipendenti restano a casa e l'home office ha assunto una dimensione completamente nuova. Quanto \u00e8 sostenibile il cambiamento avviato rapidamente? E cosa di tutto ci\u00f2 dovrebbe essere liquidato come una stronzata da New Work? 230 partecipanti hanno ricevuto spunti di riflessione su queste domande in occasione dell'East Switzerland HR Day del 15 settembre 2022. L'Ostschweizer Personaltag \u00e8 una delle pi\u00f9 importanti conferenze sulle risorse umane della Svizzera orientale. L'obiettivo \u00e8 quello di riunire i professionisti delle risorse umane, gli specialisti delle risorse umane e i manager delle risorse umane, nonch\u00e9 i dirigenti delle PMI e di affrontare le questioni attuali.<\/p>\n<h3><strong>Risorse umane alla direzione<\/strong><\/h3>\n<p>Stefan Camenzind, partner e CEO di Evolution Design a Zurigo, ha analizzato i cambiamenti nell'ambiente di lavoro a seguito della pandemia. Secondo la sua ricerca, l'ufficio da casa si \u00e8 consolidato e ne beneficiano sia l'individuo che il team. \"Tuttavia, lo spirito di squadra ne risente\", afferma Camenzind. Dal suo punto di vista, \u00e8 importante che le Risorse Umane siano rappresentate nella direzione. La scienziata dei media, docente e autrice di Zurigo Sarah Genner ha dichiarato: \"Lo smartphone ci sta trasformando in cyborg. Funziona quasi come un nuovo organo sensoriale\". Nonostante la \"sabbia digitale\", deve esserci abbastanza tempo per la vita normale in un'epoca in cui la tecnologia si \u00e8 avvicinata alle persone.<\/p>\n<p>Elke Thamm, responsabile globale dello sviluppo del personale dell'azienda tecnologica B\u00fchler, ha sottolineato che l'azienda non \u00e8 stata sorpresa solo dal virus, ma anche dall'implementazione di nuove forme di lavoro. Nonostante il progresso digitale, lo scambio interpersonale non deve essere trascurato.<\/p>\n<h3>Un sacco di \"stronzate sul nuovo lavoro<\/h3>\n<p>Anche Carlos Frischmuth, amministratore delegato della societ\u00e0 internazionale di consulenza per le risorse umane Hays, ha lanciato messaggi precisi sul nuovo mondo del lavoro. L'autore del libro \"Nuove stronzate sul lavoro\" \u00e8 convinto che, con il giusto atteggiamento e la giusta curiosit\u00e0, la trasformazione sia prevedibile e non una sorpresa. Il relatore ha messo a nudo alcuni degli eccessi che il clamore del nuovo lavoro porta con s\u00e9: ad esempio, il desiderio di lavorare in modo pi\u00f9 indipendente non \u00e8 affatto presente in tutti i dipendenti. E nemmeno i metodi agili sono cos\u00ec nuovi: in molti casi si tratta semplicemente di una \"agilizzazione\" del buon vecchio modello a cascata, ha detto Frischmuth. Ma ci\u00f2 che conta sempre di pi\u00f9 oggi sono la leadership, la cultura e la comunicazione. E vede quest'ultimo in particolare come un compito chiave.<\/p>\n<p><a href=\"http:\/\/www.personaltag.ch\"><em>www.personaltag.ch<\/em><\/a><\/p>","protected":false},"excerpt":{"rendered":"<p>Die Corona-Pandemie hat die Arbeitswelten innert kurzer Zeit auf den Kopf gestellt. Was fr\u00fcher undenkbar war, ist heute selbstverst\u00e4ndlich. Ein Teil der Arbeitnehmenden bleibt zuhause, das Homeoffice erhielt eine v\u00f6llig neue Dimension. Wie nachhaltig ist der rasant angestossene Wandel? Und was davon muss man als New Work Bullshit abtun? 230 Teilnehmende erhielten am Ostschweizer Personaltag [&hellip;]<\/p>\n","protected":false},"author":4,"featured_media":16953,"comment_status":"closed","ping_status":"closed","sticky":false,"template":"","format":"standard","meta":{"_acf_changed":false,"_yoast_wpseo_focuskw":"New Work Bullshit","_yoast_wpseo_metadesc":"18. Ostschweizer Personaltag: Wie gestalten Menschen die Zukunft der Arbeit? Wie sehen neue Arbeitswelten aus? Was ist New Work Bullshit?","articlekey":"","footnotes":""},"categories":[579],"tags":[193,254,335],"class_list":["post-16952","post","type-post","status-publish","format-standard","has-post-thumbnail","hentry","category-human-resources","tag-fachkongressfachmesse","tag-hrm","tag-management-und-unternehmensfuehrung"],"acf":[],"yoast_head":"<!-- This site is optimized with the Yoast SEO plugin v27.4 - https:\/\/yoast.com\/product\/yoast-seo-wordpress\/ -->\n<title>Cyborgs, Smartphones und New Work Bullshit am Ostschweizer Personaltag - Organisator<\/title>\n<meta name=\"description\" content=\"18. Ostschweizer Personaltag: Wie gestalten Menschen die Zukunft der Arbeit? Wie sehen neue Arbeitswelten aus? Was ist New Work Bullshit?\" \/>\n<meta name=\"robots\" content=\"index, follow, max-snippet:-1, max-image-preview:large, max-video-preview:-1\" \/>\n<link rel=\"canonical\" href=\"https:\/\/www.organisator.ch\/it\/risorse-umane\/2022-09-16\/cyborgs-smartphones-und-new-work-bullshit-am-ostschweizer-personaltag\/\" \/>\n<meta property=\"og:locale\" content=\"it_IT\" \/>\n<meta property=\"og:type\" content=\"article\" \/>\n<meta property=\"og:title\" content=\"Cyborgs, Smartphones und New Work Bullshit am Ostschweizer Personaltag\" \/>\n<meta property=\"og:description\" content=\"18. Ostschweizer Personaltag: Wie gestalten Menschen die Zukunft der Arbeit? Wie sehen neue Arbeitswelten aus? Was ist New Work Bullshit?\" \/>\n<meta property=\"og:url\" content=\"https:\/\/www.organisator.ch\/it\/risorse-umane\/2022-09-16\/cyborgs-smartphones-und-new-work-bullshit-am-ostschweizer-personaltag\/\" \/>\n<meta property=\"og:site_name\" content=\"Organisator\" \/>\n<meta property=\"article:publisher\" content=\"https:\/\/www.facebook.com\/OrganisatorFachmagazin\" \/>\n<meta property=\"article:published_time\" content=\"2022-09-16T06:11:54+00:00\" \/>\n<meta property=\"article:modified_time\" content=\"2022-09-26T06:19:54+00:00\" \/>\n<meta property=\"og:image\" content=\"https:\/\/www.organisator.ch\/wp-content\/uploads\/2022\/09\/Cyborgs-Smartphones-und-New-Work-Bullshit-am-Ostschweizer-Personaltag_Organisator.jpg\" \/>\n\t<meta property=\"og:image:width\" content=\"680\" \/>\n\t<meta property=\"og:image:height\" content=\"441\" \/>\n\t<meta property=\"og:image:type\" content=\"image\/jpeg\" \/>\n<meta name=\"author\" content=\"thomas.berner\" \/>\n<meta name=\"twitter:card\" content=\"summary_large_image\" \/>\n<meta name=\"twitter:title\" content=\"#Cyborgs, #Smartphones und #NewWorkBullshit am #Ostschweizer #Personaltag\" \/>\n<meta name=\"twitter:description\" content=\"18. #Ostschweizer Personaltag: Wie gestalten Menschen die Zukunft der Arbeit? Wie sehen neue Arbeitswelten aus? Was ist #NewWorkBullshit?\" \/>\n<meta name=\"twitter:image\" content=\"https:\/\/www.organisator.ch\/wp-content\/uploads\/2022\/09\/Cyborgs-Smartphones-und-New-Work-Bullshit-am-Ostschweizer-Personaltag_Organisator.jpg\" \/>\n<script type=\"application\/ld+json\" class=\"yoast-schema-graph\">{\"@context\":\"https:\\\/\\\/schema.org\",\"@graph\":[{\"@type\":\"Article\",\"@id\":\"https:\\\/\\\/www.organisator.ch\\\/human-resources\\\/2022-09-16\\\/cyborgs-smartphones-und-new-work-bullshit-am-ostschweizer-personaltag\\\/#article\",\"isPartOf\":{\"@id\":\"https:\\\/\\\/www.organisator.ch\\\/human-resources\\\/2022-09-16\\\/cyborgs-smartphones-und-new-work-bullshit-am-ostschweizer-personaltag\\\/\"},\"author\":{\"name\":\"thomas.berner\",\"@id\":\"https:\\\/\\\/www.organisator.ch\\\/#\\\/schema\\\/person\\\/6f650f90b2842cd4c0cc334b4e36f67e\"},\"headline\":\"Cyborgs, Smartphones und New Work Bullshit am Ostschweizer Personaltag\",\"datePublished\":\"2022-09-16T06:11:54+00:00\",\"dateModified\":\"2022-09-26T06:19:54+00:00\",\"mainEntityOfPage\":{\"@id\":\"https:\\\/\\\/www.organisator.ch\\\/human-resources\\\/2022-09-16\\\/cyborgs-smartphones-und-new-work-bullshit-am-ostschweizer-personaltag\\\/\"},\"wordCount\":425,\"publisher\":{\"@id\":\"https:\\\/\\\/www.organisator.ch\\\/#organization\"},\"image\":{\"@id\":\"https:\\\/\\\/www.organisator.ch\\\/human-resources\\\/2022-09-16\\\/cyborgs-smartphones-und-new-work-bullshit-am-ostschweizer-personaltag\\\/#primaryimage\"},\"thumbnailUrl\":\"https:\\\/\\\/www.organisator.ch\\\/wp-content\\\/uploads\\\/2022\\\/09\\\/Cyborgs-Smartphones-und-New-Work-Bullshit-am-Ostschweizer-Personaltag_Organisator.jpg\",\"keywords\":[\"Fachkongress\\\/Fachmesse\",\"HRM\",\"Management und Unternehmensf\u00fchrung\"],\"articleSection\":[\"HUMAN RESOURCES\"],\"inLanguage\":\"it-IT\"},{\"@type\":\"WebPage\",\"@id\":\"https:\\\/\\\/www.organisator.ch\\\/human-resources\\\/2022-09-16\\\/cyborgs-smartphones-und-new-work-bullshit-am-ostschweizer-personaltag\\\/\",\"url\":\"https:\\\/\\\/www.organisator.ch\\\/human-resources\\\/2022-09-16\\\/cyborgs-smartphones-und-new-work-bullshit-am-ostschweizer-personaltag\\\/\",\"name\":\"Cyborgs, Smartphones und New Work Bullshit am Ostschweizer Personaltag - Organisator\",\"isPartOf\":{\"@id\":\"https:\\\/\\\/www.organisator.ch\\\/#website\"},\"primaryImageOfPage\":{\"@id\":\"https:\\\/\\\/www.organisator.ch\\\/human-resources\\\/2022-09-16\\\/cyborgs-smartphones-und-new-work-bullshit-am-ostschweizer-personaltag\\\/#primaryimage\"},\"image\":{\"@id\":\"https:\\\/\\\/www.organisator.ch\\\/human-resources\\\/2022-09-16\\\/cyborgs-smartphones-und-new-work-bullshit-am-ostschweizer-personaltag\\\/#primaryimage\"},\"thumbnailUrl\":\"https:\\\/\\\/www.organisator.ch\\\/wp-content\\\/uploads\\\/2022\\\/09\\\/Cyborgs-Smartphones-und-New-Work-Bullshit-am-Ostschweizer-Personaltag_Organisator.jpg\",\"datePublished\":\"2022-09-16T06:11:54+00:00\",\"dateModified\":\"2022-09-26T06:19:54+00:00\",\"description\":\"18. Ostschweizer Personaltag: Wie gestalten Menschen die Zukunft der Arbeit? Wie sehen neue Arbeitswelten aus? Was ist New Work Bullshit?\",\"breadcrumb\":{\"@id\":\"https:\\\/\\\/www.organisator.ch\\\/human-resources\\\/2022-09-16\\\/cyborgs-smartphones-und-new-work-bullshit-am-ostschweizer-personaltag\\\/#breadcrumb\"},\"inLanguage\":\"it-IT\",\"potentialAction\":[{\"@type\":\"ReadAction\",\"target\":[\"https:\\\/\\\/www.organisator.ch\\\/human-resources\\\/2022-09-16\\\/cyborgs-smartphones-und-new-work-bullshit-am-ostschweizer-personaltag\\\/\"]}]},{\"@type\":\"ImageObject\",\"inLanguage\":\"it-IT\",\"@id\":\"https:\\\/\\\/www.organisator.ch\\\/human-resources\\\/2022-09-16\\\/cyborgs-smartphones-und-new-work-bullshit-am-ostschweizer-personaltag\\\/#primaryimage\",\"url\":\"https:\\\/\\\/www.organisator.ch\\\/wp-content\\\/uploads\\\/2022\\\/09\\\/Cyborgs-Smartphones-und-New-Work-Bullshit-am-Ostschweizer-Personaltag_Organisator.jpg\",\"contentUrl\":\"https:\\\/\\\/www.organisator.ch\\\/wp-content\\\/uploads\\\/2022\\\/09\\\/Cyborgs-Smartphones-und-New-Work-Bullshit-am-Ostschweizer-Personaltag_Organisator.jpg\",\"width\":680,\"height\":441,\"caption\":\"Sarah Genner hielt am Ostschweizer Personaltag fest, dass uns das Smartphone uns zu Cyborgs mache. (Bild: Ostschweizer Personaltag)\"},{\"@type\":\"BreadcrumbList\",\"@id\":\"https:\\\/\\\/www.organisator.ch\\\/human-resources\\\/2022-09-16\\\/cyborgs-smartphones-und-new-work-bullshit-am-ostschweizer-personaltag\\\/#breadcrumb\",\"itemListElement\":[{\"@type\":\"ListItem\",\"position\":1,\"name\":\"Home\",\"item\":\"https:\\\/\\\/www.organisator.ch\\\/\"},{\"@type\":\"ListItem\",\"position\":2,\"name\":\"Cyborgs, Smartphones und New Work Bullshit am Ostschweizer Personaltag\"}]},{\"@type\":\"WebSite\",\"@id\":\"https:\\\/\\\/www.organisator.ch\\\/#website\",\"url\":\"https:\\\/\\\/www.organisator.ch\\\/\",\"name\":\"Organisator\",\"description\":\"Kompetent. Praxisnah. Der ORGANISATOR bereitet in 10 Ausgaben pro Jahr die wesentlichen Themen f\u00fcr F\u00fchrungskr\u00e4fte von KMU auf.\",\"publisher\":{\"@id\":\"https:\\\/\\\/www.organisator.ch\\\/#organization\"},\"potentialAction\":[{\"@type\":\"SearchAction\",\"target\":{\"@type\":\"EntryPoint\",\"urlTemplate\":\"https:\\\/\\\/www.organisator.ch\\\/?s={search_term_string}\"},\"query-input\":{\"@type\":\"PropertyValueSpecification\",\"valueRequired\":true,\"valueName\":\"search_term_string\"}}],\"inLanguage\":\"it-IT\"},{\"@type\":\"Organization\",\"@id\":\"https:\\\/\\\/www.organisator.ch\\\/#organization\",\"name\":\"Organisator\",\"url\":\"https:\\\/\\\/www.organisator.ch\\\/\",\"logo\":{\"@type\":\"ImageObject\",\"inLanguage\":\"it-IT\",\"@id\":\"https:\\\/\\\/www.organisator.ch\\\/#\\\/schema\\\/logo\\\/image\\\/\",\"url\":\"https:\\\/\\\/www.organisator.ch\\\/wp-content\\\/uploads\\\/2022\\\/01\\\/Logo_Organisator_Website.png\",\"contentUrl\":\"https:\\\/\\\/www.organisator.ch\\\/wp-content\\\/uploads\\\/2022\\\/01\\\/Logo_Organisator_Website.png\",\"width\":800,\"height\":77,\"caption\":\"Organisator\"},\"image\":{\"@id\":\"https:\\\/\\\/www.organisator.ch\\\/#\\\/schema\\\/logo\\\/image\\\/\"},\"sameAs\":[\"https:\\\/\\\/www.facebook.com\\\/OrganisatorFachmagazin\",\"https:\\\/\\\/www.linkedin.com\\\/showcase\\\/organisator-das-magazin-fr-kmu\",\"https:\\\/\\\/www.xing.com\\\/news\\\/pages\\\/organisator-ch-695\",\"https:\\\/\\\/www.youtube.com\\\/channel\\\/UCGP2Sq0iWaZwT3BdIAQFYpw\"]},{\"@type\":\"Person\",\"@id\":\"https:\\\/\\\/www.organisator.ch\\\/#\\\/schema\\\/person\\\/6f650f90b2842cd4c0cc334b4e36f67e\",\"name\":\"thomas.berner\",\"image\":{\"@type\":\"ImageObject\",\"inLanguage\":\"it-IT\",\"@id\":\"https:\\\/\\\/secure.gravatar.com\\\/avatar\\\/ac5001d2a36cb6c6cd3e50789007ffca834b477b74a2144564522e944eabff61?s=96&d=mm&r=g\",\"url\":\"https:\\\/\\\/secure.gravatar.com\\\/avatar\\\/ac5001d2a36cb6c6cd3e50789007ffca834b477b74a2144564522e944eabff61?s=96&d=mm&r=g\",\"contentUrl\":\"https:\\\/\\\/secure.gravatar.com\\\/avatar\\\/ac5001d2a36cb6c6cd3e50789007ffca834b477b74a2144564522e944eabff61?s=96&d=mm&r=g\",\"caption\":\"thomas.berner\"},\"url\":\"https:\\\/\\\/www.organisator.ch\\\/it\\\/author\\\/thomas-berner\\\/\"}]}<\/script>\n<!-- \/ Yoast SEO plugin. -->","yoast_head_json":{"title":"Cyborgs, smartphone e nuove stronzate sul lavoro alla Giornata HR della Svizzera orientale - Organizzatore","description":"18\u00b0 Ostschweizer Personaltag: come le persone plasmano il futuro del lavoro? Che aspetto hanno i nuovi mondi del lavoro? Che cos'\u00e8 la nuova stronzata del lavoro?","robots":{"index":"index","follow":"follow","max-snippet":"max-snippet:-1","max-image-preview":"max-image-preview:large","max-video-preview":"max-video-preview:-1"},"canonical":"https:\/\/www.organisator.ch\/it\/risorse-umane\/2022-09-16\/cyborgs-smartphones-und-new-work-bullshit-am-ostschweizer-personaltag\/","og_locale":"it_IT","og_type":"article","og_title":"Cyborgs, Smartphones und New Work Bullshit am Ostschweizer Personaltag","og_description":"18. Ostschweizer Personaltag: Wie gestalten Menschen die Zukunft der Arbeit? Wie sehen neue Arbeitswelten aus? Was ist New Work Bullshit?","og_url":"https:\/\/www.organisator.ch\/it\/risorse-umane\/2022-09-16\/cyborgs-smartphones-und-new-work-bullshit-am-ostschweizer-personaltag\/","og_site_name":"Organisator","article_publisher":"https:\/\/www.facebook.com\/OrganisatorFachmagazin","article_published_time":"2022-09-16T06:11:54+00:00","article_modified_time":"2022-09-26T06:19:54+00:00","og_image":[{"width":680,"height":441,"url":"https:\/\/www.organisator.ch\/wp-content\/uploads\/2022\/09\/Cyborgs-Smartphones-und-New-Work-Bullshit-am-Ostschweizer-Personaltag_Organisator.jpg","type":"image\/jpeg"}],"author":"thomas.berner","twitter_card":"summary_large_image","twitter_title":"#Cyborgs, #Smartphones und #NewWorkBullshit am #Ostschweizer #Personaltag","twitter_description":"18. #Ostschweizer Personaltag: Wie gestalten Menschen die Zukunft der Arbeit? Wie sehen neue Arbeitswelten aus? Was ist #NewWorkBullshit?","twitter_image":"https:\/\/www.organisator.ch\/wp-content\/uploads\/2022\/09\/Cyborgs-Smartphones-und-New-Work-Bullshit-am-Ostschweizer-Personaltag_Organisator.jpg","schema":{"@context":"https:\/\/schema.org","@graph":[{"@type":"Article","@id":"https:\/\/www.organisator.ch\/human-resources\/2022-09-16\/cyborgs-smartphones-und-new-work-bullshit-am-ostschweizer-personaltag\/#article","isPartOf":{"@id":"https:\/\/www.organisator.ch\/human-resources\/2022-09-16\/cyborgs-smartphones-und-new-work-bullshit-am-ostschweizer-personaltag\/"},"author":{"name":"thomas.berner","@id":"https:\/\/www.organisator.ch\/#\/schema\/person\/6f650f90b2842cd4c0cc334b4e36f67e"},"headline":"Cyborgs, Smartphones und New Work Bullshit am Ostschweizer Personaltag","datePublished":"2022-09-16T06:11:54+00:00","dateModified":"2022-09-26T06:19:54+00:00","mainEntityOfPage":{"@id":"https:\/\/www.organisator.ch\/human-resources\/2022-09-16\/cyborgs-smartphones-und-new-work-bullshit-am-ostschweizer-personaltag\/"},"wordCount":425,"publisher":{"@id":"https:\/\/www.organisator.ch\/#organization"},"image":{"@id":"https:\/\/www.organisator.ch\/human-resources\/2022-09-16\/cyborgs-smartphones-und-new-work-bullshit-am-ostschweizer-personaltag\/#primaryimage"},"thumbnailUrl":"https:\/\/www.organisator.ch\/wp-content\/uploads\/2022\/09\/Cyborgs-Smartphones-und-New-Work-Bullshit-am-Ostschweizer-Personaltag_Organisator.jpg","keywords":["Fachkongress\/Fachmesse","HRM","Management und Unternehmensf\u00fchrung"],"articleSection":["HUMAN RESOURCES"],"inLanguage":"it-IT"},{"@type":"WebPage","@id":"https:\/\/www.organisator.ch\/human-resources\/2022-09-16\/cyborgs-smartphones-und-new-work-bullshit-am-ostschweizer-personaltag\/","url":"https:\/\/www.organisator.ch\/human-resources\/2022-09-16\/cyborgs-smartphones-und-new-work-bullshit-am-ostschweizer-personaltag\/","name":"Cyborgs, smartphone e nuove stronzate sul lavoro alla Giornata HR della Svizzera orientale - Organizzatore","isPartOf":{"@id":"https:\/\/www.organisator.ch\/#website"},"primaryImageOfPage":{"@id":"https:\/\/www.organisator.ch\/human-resources\/2022-09-16\/cyborgs-smartphones-und-new-work-bullshit-am-ostschweizer-personaltag\/#primaryimage"},"image":{"@id":"https:\/\/www.organisator.ch\/human-resources\/2022-09-16\/cyborgs-smartphones-und-new-work-bullshit-am-ostschweizer-personaltag\/#primaryimage"},"thumbnailUrl":"https:\/\/www.organisator.ch\/wp-content\/uploads\/2022\/09\/Cyborgs-Smartphones-und-New-Work-Bullshit-am-Ostschweizer-Personaltag_Organisator.jpg","datePublished":"2022-09-16T06:11:54+00:00","dateModified":"2022-09-26T06:19:54+00:00","description":"18\u00b0 Ostschweizer Personaltag: come le persone plasmano il futuro del lavoro? Che aspetto hanno i nuovi mondi del lavoro? Che cos'\u00e8 la nuova stronzata del lavoro?","breadcrumb":{"@id":"https:\/\/www.organisator.ch\/human-resources\/2022-09-16\/cyborgs-smartphones-und-new-work-bullshit-am-ostschweizer-personaltag\/#breadcrumb"},"inLanguage":"it-IT","potentialAction":[{"@type":"ReadAction","target":["https:\/\/www.organisator.ch\/human-resources\/2022-09-16\/cyborgs-smartphones-und-new-work-bullshit-am-ostschweizer-personaltag\/"]}]},{"@type":"ImageObject","inLanguage":"it-IT","@id":"https:\/\/www.organisator.ch\/human-resources\/2022-09-16\/cyborgs-smartphones-und-new-work-bullshit-am-ostschweizer-personaltag\/#primaryimage","url":"https:\/\/www.organisator.ch\/wp-content\/uploads\/2022\/09\/Cyborgs-Smartphones-und-New-Work-Bullshit-am-Ostschweizer-Personaltag_Organisator.jpg","contentUrl":"https:\/\/www.organisator.ch\/wp-content\/uploads\/2022\/09\/Cyborgs-Smartphones-und-New-Work-Bullshit-am-Ostschweizer-Personaltag_Organisator.jpg","width":680,"height":441,"caption":"Sarah Genner hielt am Ostschweizer Personaltag fest, dass uns das Smartphone uns zu Cyborgs mache. (Bild: Ostschweizer Personaltag)"},{"@type":"BreadcrumbList","@id":"https:\/\/www.organisator.ch\/human-resources\/2022-09-16\/cyborgs-smartphones-und-new-work-bullshit-am-ostschweizer-personaltag\/#breadcrumb","itemListElement":[{"@type":"ListItem","position":1,"name":"Home","item":"https:\/\/www.organisator.ch\/"},{"@type":"ListItem","position":2,"name":"Cyborgs, Smartphones und New Work Bullshit am Ostschweizer Personaltag"}]},{"@type":"WebSite","@id":"https:\/\/www.organisator.ch\/#website","url":"https:\/\/www.organisator.ch\/","name":"Organizzatore","description":"Competente. Pratico. In 10 numeri all'anno, ORGANISATOR presenta i temi essenziali per i manager delle PMI.","publisher":{"@id":"https:\/\/www.organisator.ch\/#organization"},"potentialAction":[{"@type":"SearchAction","target":{"@type":"EntryPoint","urlTemplate":"https:\/\/www.organisator.ch\/?s={search_term_string}"},"query-input":{"@type":"PropertyValueSpecification","valueRequired":true,"valueName":"search_term_string"}}],"inLanguage":"it-IT"},{"@type":"Organization","@id":"https:\/\/www.organisator.ch\/#organization","name":"Organizzatore","url":"https:\/\/www.organisator.ch\/","logo":{"@type":"ImageObject","inLanguage":"it-IT","@id":"https:\/\/www.organisator.ch\/#\/schema\/logo\/image\/","url":"https:\/\/www.organisator.ch\/wp-content\/uploads\/2022\/01\/Logo_Organisator_Website.png","contentUrl":"https:\/\/www.organisator.ch\/wp-content\/uploads\/2022\/01\/Logo_Organisator_Website.png","width":800,"height":77,"caption":"Organisator"},"image":{"@id":"https:\/\/www.organisator.ch\/#\/schema\/logo\/image\/"},"sameAs":["https:\/\/www.facebook.com\/OrganisatorFachmagazin","https:\/\/www.linkedin.com\/showcase\/organisator-das-magazin-fr-kmu","https:\/\/www.xing.com\/news\/pages\/organisator-ch-695","https:\/\/www.youtube.com\/channel\/UCGP2Sq0iWaZwT3BdIAQFYpw"]},{"@type":"Person","@id":"https:\/\/www.organisator.ch\/#\/schema\/person\/6f650f90b2842cd4c0cc334b4e36f67e","name":"Tommaso.berner","image":{"@type":"ImageObject","inLanguage":"it-IT","@id":"https:\/\/secure.gravatar.com\/avatar\/ac5001d2a36cb6c6cd3e50789007ffca834b477b74a2144564522e944eabff61?s=96&d=mm&r=g","url":"https:\/\/secure.gravatar.com\/avatar\/ac5001d2a36cb6c6cd3e50789007ffca834b477b74a2144564522e944eabff61?s=96&d=mm&r=g","contentUrl":"https:\/\/secure.gravatar.com\/avatar\/ac5001d2a36cb6c6cd3e50789007ffca834b477b74a2144564522e944eabff61?s=96&d=mm&r=g","caption":"thomas.berner"},"url":"https:\/\/www.organisator.ch\/it\/author\/thomas-berner\/"}]}},"_links":{"self":[{"href":"https:\/\/www.organisator.ch\/it\/wp-json\/wp\/v2\/posts\/16952","targetHints":{"allow":["GET"]}}],"collection":[{"href":"https:\/\/www.organisator.ch\/it\/wp-json\/wp\/v2\/posts"}],"about":[{"href":"https:\/\/www.organisator.ch\/it\/wp-json\/wp\/v2\/types\/post"}],"author":[{"embeddable":true,"href":"https:\/\/www.organisator.ch\/it\/wp-json\/wp\/v2\/users\/4"}],"replies":[{"embeddable":true,"href":"https:\/\/www.organisator.ch\/it\/wp-json\/wp\/v2\/comments?post=16952"}],"version-history":[{"count":1,"href":"https:\/\/www.organisator.ch\/it\/wp-json\/wp\/v2\/posts\/16952\/revisions"}],"predecessor-version":[{"id":16954,"href":"https:\/\/www.organisator.ch\/it\/wp-json\/wp\/v2\/posts\/16952\/revisions\/16954"}],"wp:featuredmedia":[{"embeddable":true,"href":"https:\/\/www.organisator.ch\/it\/wp-json\/wp\/v2\/media\/16953"}],"wp:attachment":[{"href":"https:\/\/www.organisator.ch\/it\/wp-json\/wp\/v2\/media?parent=16952"}],"wp:term":[{"taxonomy":"category","embeddable":true,"href":"https:\/\/www.organisator.ch\/it\/wp-json\/wp\/v2\/categories?post=16952"},{"taxonomy":"post_tag","embeddable":true,"href":"https:\/\/www.organisator.ch\/it\/wp-json\/wp\/v2\/tags?post=16952"}],"curies":[{"name":"wp","href":"https:\/\/api.w.org\/{rel}","templated":true}]}}