{"id":16976,"date":"2022-09-19T16:46:17","date_gmt":"2022-09-19T14:46:17","guid":{"rendered":"https:\/\/www.werbewoche.ch\/?p=186509"},"modified":"2024-11-21T11:47:02","modified_gmt":"2024-11-21T10:47:02","slug":"baechli-bergsport-geht-mit-rundum-erneuerter-marke-online-unterstuetzt-von-evoq","status":"publish","type":"post","link":"https:\/\/www.organisator.ch\/it\/marketing\/2022-09-19\/baechli-bergsport-geht-mit-rundum-erneuerter-marke-online-unterstuetzt-von-evoq\/","title":{"rendered":"B\u00e4chli Bergsport va online con un marchio completamente rinnovato - con il supporto di Evoq"},"content":{"rendered":"<p><img class=\"alignnone wp-image-186519 size-full\" src=\"https:\/\/www.werbewoche.ch\/wp-content\/uploads\/2022\/09\/Bildschirmfoto-2022-09-19-um-16.44.45.png\" alt=\"Sport di montagna B\u00e4chli\" width=\"1406\" height=\"803\" \/>Il webshop di B\u00e4chli, anch'esso riprogettato da Evoq nell'ambito del rilancio del marchio, rappresenta un miglioramento decisivo dell'esperienza di acquisto per i clienti. Combina strategicamente i due temi del \"contenuto\" e della \"conversione\". Il design UX mira a una guida ottimale per l'utente e a un'esperienza coerente per il cliente sia sul PC che sulla versione mobile. Un nuovo mega menu offre una rapida panoramica dell'intera gamma di circa 40.000 articoli sugli sport di montagna. L'accesso \u00e8 possibile anche attraverso le varie discipline sportive di montagna. Un sistema di filtri intelligenti porta a risultati di ricerca individuali ottimali. Oltre allo shopping online, non va trascurata la competenza di B\u00e4chli in materia di consulenza. Il cliente trover\u00e0 molte competenze, dalle tabelle delle taglie ai consigli per la cura.<\/p>\r\n<p>Ma gli sport di montagna devono essere soprattutto un'esperienza, per cui il negozio online offre anche notizie e resoconti completi e preparati dalla redazione nel blog e sul sito degli eventi.<\/p>\r\n<p>Con il rilancio del marchio, B\u00e4chli vuole sottolineare le sue radici nell'alpinismo e posizionarsi come il principale rivenditore specializzato negli sport di montagna svizzeri. Oltre al negozio online, le riviste per i clienti sono state anche <em>Ispirazione<\/em> e <em>Selezione<\/em> e anche i rami sono stati adattati al nuovo design.  \"Il nostro marchio sta ricevendo un vero e proprio impulso grazie al rilancio del marchio e al nuovo web shop\", afferma Jan Maurer, Marketing Manager di B\u00e4chli Bergsport. Con 13 filiali in tutta la Svizzera - e ora anche in Ticino dal 30 settembre - l'azienda \u00e8 il pi\u00f9 grande fornitore privato di sport di montagna e prodotti outdoor in Svizzera.<\/p>\r\n<p><a href=\"https:\/\/www.werbewoche.ch\/de\/marketing\/marken\/2022-09-19\/baechli-bergsport-geht-mit-rundum-erneuerter-marke-online-unterstuetzt-von-evoq\/attachment\/01_evoq_baechli_onlineshop\/\"><img class=\"attachment-large size-large\" src=\"https:\/\/www.werbewoche.ch\/wp-content\/uploads\/2022\/09\/01_evoq_Baechli_Onlineshop-1024x768.jpg\" alt=\"\" width=\"768\" height=\"576\" \/><\/a> <a href=\"https:\/\/www.werbewoche.ch\/de\/marketing\/marken\/2022-09-19\/baechli-bergsport-geht-mit-rundum-erneuerter-marke-online-unterstuetzt-von-evoq\/attachment\/02_evoq_baechli_onlineshop\/\"><img class=\"attachment-large size-large\" src=\"https:\/\/www.werbewoche.ch\/wp-content\/uploads\/2022\/09\/02_evoq_Baechli_Onlineshop-1024x768.jpg\" alt=\"\" width=\"768\" height=\"576\" \/><\/a> <a href=\"https:\/\/www.werbewoche.ch\/de\/marketing\/marken\/2022-09-19\/baechli-bergsport-geht-mit-rundum-erneuerter-marke-online-unterstuetzt-von-evoq\/attachment\/03_evoq_baechli_e-board\/\"><img class=\"attachment-large size-large\" src=\"https:\/\/www.werbewoche.ch\/wp-content\/uploads\/2022\/09\/03_evoq_Baechli_e-board-1024x768.jpg\" alt=\"\" width=\"768\" height=\"576\" \/><\/a> <a href=\"https:\/\/www.werbewoche.ch\/de\/marketing\/marken\/2022-09-19\/baechli-bergsport-geht-mit-rundum-erneuerter-marke-online-unterstuetzt-von-evoq\/attachment\/04_evoq_baechli_inserat\/\"><img class=\"attachment-large size-large\" src=\"https:\/\/www.werbewoche.ch\/wp-content\/uploads\/2022\/09\/04_evoq_Baechli_Inserat-1024x768.jpg\" alt=\"\" width=\"768\" height=\"576\" \/><\/a> <a href=\"https:\/\/www.werbewoche.ch\/de\/marketing\/marken\/2022-09-19\/baechli-bergsport-geht-mit-rundum-erneuerter-marke-online-unterstuetzt-von-evoq\/attachment\/05_evoq_baechli_plakat\/\"><img class=\"attachment-large size-large\" src=\"https:\/\/www.werbewoche.ch\/wp-content\/uploads\/2022\/09\/05_evoq_baechli_plakat-1024x768.jpg\" alt=\"\" width=\"768\" height=\"576\" \/><\/a> <a href=\"https:\/\/www.werbewoche.ch\/de\/marketing\/marken\/2022-09-19\/baechli-bergsport-geht-mit-rundum-erneuerter-marke-online-unterstuetzt-von-evoq\/attachment\/06_evoq_baechli_mag\/\"><img class=\"attachment-large size-large\" src=\"https:\/\/www.werbewoche.ch\/wp-content\/uploads\/2022\/09\/06_evoq_baechli_mag-1024x768.jpg\" alt=\"\" width=\"768\" height=\"576\" \/><\/a><\/p>\r\n<hr \/>\r\n<p><strong>Responsabile presso B\u00e4chli Bergsport B\u00e4chli Bergsport:<\/strong> Jan Maurer (responsabile marketing), Michael Roth (vice responsabile marketing) Gernot B\u00f6ttinger (marketing digitale), Tamara Wefers (UX Design). <strong>Responsabile presso Evoq: <\/strong>Christian Sutter. <strong>Consulenza: <\/strong>Susanne Pf\u00e4ffli. <strong>Progettazione UX\/UI:<\/strong> Dominique Haussener, Philipp Schilling, Corinne Brunner. <strong>Grafica: <\/strong>Martin Bettler, Marc Hahn, Amanda Fuchs. <strong>Implementazione del webshop:<\/strong> Metades, Wolfhausen.<\/p>\r\n<p>&nbsp;<\/p>","protected":false},"excerpt":{"rendered":"<p>Der B\u00e4chli-Webshop, der ebenfalls von Evoq im Rahmen des Marken-Relaunchs neu gestaltet wurde, bedeutet f\u00fcr Kundinnen und Kunden eine entscheidende Verbesserung im Einkaufserlebnis. Er vereint strategisch die beiden Themen \u00abContent\u00bb und \u00abConversion\u00bb. Das UX-Design zielt auf eine optimale Benutzerf\u00fchrung und ein durchg\u00e4ngiges Kundenerlebnis sowohl auf dem PC wie auch in der mobilen Version. Ein neues [\u2026]<\/p>\n","protected":false},"author":8,"featured_media":0,"comment_status":"closed","ping_status":"closed","sticky":false,"template":"","format":"standard","meta":{"_acf_changed":false,"_yoast_wpseo_focuskw":"B\u00e4chli Bergsport","_yoast_wpseo_metadesc":"Neuer B\u00e4chli Webshop: Optimiertes Einkaufserlebnis, umfassende Beratung und redaktionelle Inhalte. Jetzt entdecken!","articlekey":"","footnotes":""},"categories":[29],"tags":[3390,3391],"class_list":["post-16976","post","type-post","status-publish","format-standard","hentry","category-marketing","tag-baechli-bergsport","tag-evoq"],"acf":[],"yoast_head":"<!-- This site is optimized with the Yoast SEO plugin v27.5 - https:\/\/yoast.com\/product\/yoast-seo-wordpress\/ -->\n<title>B\u00e4chli Bergsport geht mit rundum erneuerter Marke online \u2013\u00a0unterst\u00fctzt von Evoq - Organisator<\/title>\n<meta name=\"description\" content=\"Neuer B\u00e4chli Webshop: Optimiertes Einkaufserlebnis, umfassende Beratung und redaktionelle Inhalte. Jetzt entdecken!\" \/>\n<meta name=\"robots\" content=\"index, follow, max-snippet:-1, max-image-preview:large, max-video-preview:-1\" \/>\n<link rel=\"canonical\" href=\"https:\/\/www.organisator.ch\/it\/marketing\/2022-09-19\/baechli-bergsport-geht-mit-rundum-erneuerter-marke-online-unterstuetzt-von-evoq\/\" \/>\n<meta property=\"og:locale\" content=\"it_IT\" \/>\n<meta property=\"og:type\" content=\"article\" \/>\n<meta property=\"og:title\" content=\"B\u00e4chli Bergsport geht mit rundum erneuerter Marke online \u2013\u00a0unterst\u00fctzt von Evoq - Organisator\" \/>\n<meta property=\"og:description\" content=\"Neuer B\u00e4chli Webshop: Optimiertes Einkaufserlebnis, umfassende Beratung und redaktionelle Inhalte. Jetzt entdecken!\" \/>\n<meta property=\"og:url\" content=\"https:\/\/www.organisator.ch\/it\/marketing\/2022-09-19\/baechli-bergsport-geht-mit-rundum-erneuerter-marke-online-unterstuetzt-von-evoq\/\" \/>\n<meta property=\"og:site_name\" content=\"Organisator\" \/>\n<meta property=\"article:publisher\" content=\"https:\/\/www.facebook.com\/OrganisatorFachmagazin\" \/>\n<meta property=\"article:published_time\" content=\"2022-09-19T14:46:17+00:00\" \/>\n<meta property=\"article:modified_time\" content=\"2024-11-21T10:47:02+00:00\" \/>\n<meta name=\"author\" content=\"galledia\" \/>\n<meta name=\"twitter:card\" content=\"summary_large_image\" \/>\n<meta name=\"twitter:creator\" content=\"@admin\" \/>\n<script type=\"application\/ld+json\" class=\"yoast-schema-graph\">{\"@context\":\"https:\\\/\\\/schema.org\",\"@graph\":[{\"@type\":\"Article\",\"@id\":\"https:\\\/\\\/www.organisator.ch\\\/marketing\\\/2022-09-19\\\/baechli-bergsport-geht-mit-rundum-erneuerter-marke-online-unterstuetzt-von-evoq\\\/#article\",\"isPartOf\":{\"@id\":\"https:\\\/\\\/www.organisator.ch\\\/marketing\\\/2022-09-19\\\/baechli-bergsport-geht-mit-rundum-erneuerter-marke-online-unterstuetzt-von-evoq\\\/\"},\"author\":{\"name\":\"galledia\",\"@id\":\"https:\\\/\\\/www.organisator.ch\\\/#\\\/schema\\\/person\\\/4e51799071cd2dd1232ac003643ef5f0\"},\"headline\":\"B\u00e4chli Bergsport geht mit rundum erneuerter Marke online \u2013\u00a0unterst\u00fctzt von Evoq\",\"datePublished\":\"2022-09-19T14:46:17+00:00\",\"dateModified\":\"2024-11-21T10:47:02+00:00\",\"mainEntityOfPage\":{\"@id\":\"https:\\\/\\\/www.organisator.ch\\\/marketing\\\/2022-09-19\\\/baechli-bergsport-geht-mit-rundum-erneuerter-marke-online-unterstuetzt-von-evoq\\\/\"},\"wordCount\":301,\"publisher\":{\"@id\":\"https:\\\/\\\/www.organisator.ch\\\/#organization\"},\"image\":{\"@id\":\"https:\\\/\\\/www.organisator.ch\\\/marketing\\\/2022-09-19\\\/baechli-bergsport-geht-mit-rundum-erneuerter-marke-online-unterstuetzt-von-evoq\\\/#primaryimage\"},\"thumbnailUrl\":\"https:\\\/\\\/www.werbewoche.ch\\\/wp-content\\\/uploads\\\/2022\\\/09\\\/Bildschirmfoto-2022-09-19-um-16.44.45.png\",\"keywords\":[\"B\u00e4chli Bergsport\",\"Evoq\"],\"articleSection\":[\"MARKETING\"],\"inLanguage\":\"it-IT\"},{\"@type\":\"WebPage\",\"@id\":\"https:\\\/\\\/www.organisator.ch\\\/marketing\\\/2022-09-19\\\/baechli-bergsport-geht-mit-rundum-erneuerter-marke-online-unterstuetzt-von-evoq\\\/\",\"url\":\"https:\\\/\\\/www.organisator.ch\\\/marketing\\\/2022-09-19\\\/baechli-bergsport-geht-mit-rundum-erneuerter-marke-online-unterstuetzt-von-evoq\\\/\",\"name\":\"B\u00e4chli Bergsport geht mit rundum erneuerter Marke online \u2013\u00a0unterst\u00fctzt von Evoq - Organisator\",\"isPartOf\":{\"@id\":\"https:\\\/\\\/www.organisator.ch\\\/#website\"},\"primaryImageOfPage\":{\"@id\":\"https:\\\/\\\/www.organisator.ch\\\/marketing\\\/2022-09-19\\\/baechli-bergsport-geht-mit-rundum-erneuerter-marke-online-unterstuetzt-von-evoq\\\/#primaryimage\"},\"image\":{\"@id\":\"https:\\\/\\\/www.organisator.ch\\\/marketing\\\/2022-09-19\\\/baechli-bergsport-geht-mit-rundum-erneuerter-marke-online-unterstuetzt-von-evoq\\\/#primaryimage\"},\"thumbnailUrl\":\"https:\\\/\\\/www.werbewoche.ch\\\/wp-content\\\/uploads\\\/2022\\\/09\\\/Bildschirmfoto-2022-09-19-um-16.44.45.png\",\"datePublished\":\"2022-09-19T14:46:17+00:00\",\"dateModified\":\"2024-11-21T10:47:02+00:00\",\"description\":\"Neuer B\u00e4chli Webshop: Optimiertes Einkaufserlebnis, umfassende Beratung und redaktionelle Inhalte. Jetzt entdecken!\",\"breadcrumb\":{\"@id\":\"https:\\\/\\\/www.organisator.ch\\\/marketing\\\/2022-09-19\\\/baechli-bergsport-geht-mit-rundum-erneuerter-marke-online-unterstuetzt-von-evoq\\\/#breadcrumb\"},\"inLanguage\":\"it-IT\",\"potentialAction\":[{\"@type\":\"ReadAction\",\"target\":[\"https:\\\/\\\/www.organisator.ch\\\/marketing\\\/2022-09-19\\\/baechli-bergsport-geht-mit-rundum-erneuerter-marke-online-unterstuetzt-von-evoq\\\/\"]}]},{\"@type\":\"ImageObject\",\"inLanguage\":\"it-IT\",\"@id\":\"https:\\\/\\\/www.organisator.ch\\\/marketing\\\/2022-09-19\\\/baechli-bergsport-geht-mit-rundum-erneuerter-marke-online-unterstuetzt-von-evoq\\\/#primaryimage\",\"url\":\"https:\\\/\\\/www.werbewoche.ch\\\/wp-content\\\/uploads\\\/2022\\\/09\\\/Bildschirmfoto-2022-09-19-um-16.44.45.png\",\"contentUrl\":\"https:\\\/\\\/www.werbewoche.ch\\\/wp-content\\\/uploads\\\/2022\\\/09\\\/Bildschirmfoto-2022-09-19-um-16.44.45.png\"},{\"@type\":\"BreadcrumbList\",\"@id\":\"https:\\\/\\\/www.organisator.ch\\\/marketing\\\/2022-09-19\\\/baechli-bergsport-geht-mit-rundum-erneuerter-marke-online-unterstuetzt-von-evoq\\\/#breadcrumb\",\"itemListElement\":[{\"@type\":\"ListItem\",\"position\":1,\"name\":\"Home\",\"item\":\"https:\\\/\\\/www.organisator.ch\\\/\"},{\"@type\":\"ListItem\",\"position\":2,\"name\":\"B\u00e4chli Bergsport geht mit rundum erneuerter Marke online \u2013\u00a0unterst\u00fctzt von Evoq\"}]},{\"@type\":\"WebSite\",\"@id\":\"https:\\\/\\\/www.organisator.ch\\\/#website\",\"url\":\"https:\\\/\\\/www.organisator.ch\\\/\",\"name\":\"Organisator\",\"description\":\"Kompetent. Praxisnah. Der ORGANISATOR bereitet in 10 Ausgaben pro Jahr die wesentlichen Themen f\u00fcr F\u00fchrungskr\u00e4fte von KMU auf.\",\"publisher\":{\"@id\":\"https:\\\/\\\/www.organisator.ch\\\/#organization\"},\"potentialAction\":[{\"@type\":\"SearchAction\",\"target\":{\"@type\":\"EntryPoint\",\"urlTemplate\":\"https:\\\/\\\/www.organisator.ch\\\/?s={search_term_string}\"},\"query-input\":{\"@type\":\"PropertyValueSpecification\",\"valueRequired\":true,\"valueName\":\"search_term_string\"}}],\"inLanguage\":\"it-IT\"},{\"@type\":\"Organization\",\"@id\":\"https:\\\/\\\/www.organisator.ch\\\/#organization\",\"name\":\"Organisator\",\"url\":\"https:\\\/\\\/www.organisator.ch\\\/\",\"logo\":{\"@type\":\"ImageObject\",\"inLanguage\":\"it-IT\",\"@id\":\"https:\\\/\\\/www.organisator.ch\\\/#\\\/schema\\\/logo\\\/image\\\/\",\"url\":\"https:\\\/\\\/www.organisator.ch\\\/wp-content\\\/uploads\\\/2022\\\/01\\\/Logo_Organisator_Website.png\",\"contentUrl\":\"https:\\\/\\\/www.organisator.ch\\\/wp-content\\\/uploads\\\/2022\\\/01\\\/Logo_Organisator_Website.png\",\"width\":800,\"height\":77,\"caption\":\"Organisator\"},\"image\":{\"@id\":\"https:\\\/\\\/www.organisator.ch\\\/#\\\/schema\\\/logo\\\/image\\\/\"},\"sameAs\":[\"https:\\\/\\\/www.facebook.com\\\/OrganisatorFachmagazin\",\"https:\\\/\\\/www.linkedin.com\\\/showcase\\\/organisator-das-magazin-fr-kmu\",\"https:\\\/\\\/www.xing.com\\\/news\\\/pages\\\/organisator-ch-695\",\"https:\\\/\\\/www.youtube.com\\\/channel\\\/UCGP2Sq0iWaZwT3BdIAQFYpw\"]},{\"@type\":\"Person\",\"@id\":\"https:\\\/\\\/www.organisator.ch\\\/#\\\/schema\\\/person\\\/4e51799071cd2dd1232ac003643ef5f0\",\"name\":\"galledia\",\"image\":{\"@type\":\"ImageObject\",\"inLanguage\":\"it-IT\",\"@id\":\"https:\\\/\\\/secure.gravatar.com\\\/avatar\\\/78a7f90c01fc2bfc875782a0d4922b37cde2cf184ce347b91316d23cd7f69a36?s=96&d=mm&r=g\",\"url\":\"https:\\\/\\\/secure.gravatar.com\\\/avatar\\\/78a7f90c01fc2bfc875782a0d4922b37cde2cf184ce347b91316d23cd7f69a36?s=96&d=mm&r=g\",\"contentUrl\":\"https:\\\/\\\/secure.gravatar.com\\\/avatar\\\/78a7f90c01fc2bfc875782a0d4922b37cde2cf184ce347b91316d23cd7f69a36?s=96&d=mm&r=g\",\"caption\":\"galledia\"},\"sameAs\":[\"https:\\\/\\\/x.com\\\/admin\"],\"url\":\"https:\\\/\\\/www.organisator.ch\\\/it\\\/author\\\/galledia\\\/\"}]}<\/script>\n<!-- \/ Yoast SEO plugin. -->","yoast_head_json":{"title":"B\u00e4chli Bergsport va online con un marchio completamente rinnovato, con il supporto di Evoq - Organizzatore","description":"Nuovo webshop B\u00e4chli: esperienza di acquisto ottimizzata, consigli completi e contenuti editoriali. Scopritelo ora!","robots":{"index":"index","follow":"follow","max-snippet":"max-snippet:-1","max-image-preview":"max-image-preview:large","max-video-preview":"max-video-preview:-1"},"canonical":"https:\/\/www.organisator.ch\/it\/marketing\/2022-09-19\/baechli-bergsport-geht-mit-rundum-erneuerter-marke-online-unterstuetzt-von-evoq\/","og_locale":"it_IT","og_type":"article","og_title":"B\u00e4chli Bergsport geht mit rundum erneuerter Marke online \u2013\u00a0unterst\u00fctzt von Evoq - Organisator","og_description":"Neuer B\u00e4chli Webshop: Optimiertes Einkaufserlebnis, umfassende Beratung und redaktionelle Inhalte. Jetzt entdecken!","og_url":"https:\/\/www.organisator.ch\/it\/marketing\/2022-09-19\/baechli-bergsport-geht-mit-rundum-erneuerter-marke-online-unterstuetzt-von-evoq\/","og_site_name":"Organisator","article_publisher":"https:\/\/www.facebook.com\/OrganisatorFachmagazin","article_published_time":"2022-09-19T14:46:17+00:00","article_modified_time":"2024-11-21T10:47:02+00:00","author":"galledia","twitter_card":"summary_large_image","twitter_creator":"@admin","schema":{"@context":"https:\/\/schema.org","@graph":[{"@type":"Article","@id":"https:\/\/www.organisator.ch\/marketing\/2022-09-19\/baechli-bergsport-geht-mit-rundum-erneuerter-marke-online-unterstuetzt-von-evoq\/#article","isPartOf":{"@id":"https:\/\/www.organisator.ch\/marketing\/2022-09-19\/baechli-bergsport-geht-mit-rundum-erneuerter-marke-online-unterstuetzt-von-evoq\/"},"author":{"name":"galledia","@id":"https:\/\/www.organisator.ch\/#\/schema\/person\/4e51799071cd2dd1232ac003643ef5f0"},"headline":"B\u00e4chli Bergsport geht mit rundum erneuerter Marke online \u2013\u00a0unterst\u00fctzt von Evoq","datePublished":"2022-09-19T14:46:17+00:00","dateModified":"2024-11-21T10:47:02+00:00","mainEntityOfPage":{"@id":"https:\/\/www.organisator.ch\/marketing\/2022-09-19\/baechli-bergsport-geht-mit-rundum-erneuerter-marke-online-unterstuetzt-von-evoq\/"},"wordCount":301,"publisher":{"@id":"https:\/\/www.organisator.ch\/#organization"},"image":{"@id":"https:\/\/www.organisator.ch\/marketing\/2022-09-19\/baechli-bergsport-geht-mit-rundum-erneuerter-marke-online-unterstuetzt-von-evoq\/#primaryimage"},"thumbnailUrl":"https:\/\/www.werbewoche.ch\/wp-content\/uploads\/2022\/09\/Bildschirmfoto-2022-09-19-um-16.44.45.png","keywords":["B\u00e4chli Bergsport","Evoq"],"articleSection":["MARKETING"],"inLanguage":"it-IT"},{"@type":"WebPage","@id":"https:\/\/www.organisator.ch\/marketing\/2022-09-19\/baechli-bergsport-geht-mit-rundum-erneuerter-marke-online-unterstuetzt-von-evoq\/","url":"https:\/\/www.organisator.ch\/marketing\/2022-09-19\/baechli-bergsport-geht-mit-rundum-erneuerter-marke-online-unterstuetzt-von-evoq\/","name":"B\u00e4chli Bergsport va online con un marchio completamente rinnovato, con il supporto di Evoq - Organizzatore","isPartOf":{"@id":"https:\/\/www.organisator.ch\/#website"},"primaryImageOfPage":{"@id":"https:\/\/www.organisator.ch\/marketing\/2022-09-19\/baechli-bergsport-geht-mit-rundum-erneuerter-marke-online-unterstuetzt-von-evoq\/#primaryimage"},"image":{"@id":"https:\/\/www.organisator.ch\/marketing\/2022-09-19\/baechli-bergsport-geht-mit-rundum-erneuerter-marke-online-unterstuetzt-von-evoq\/#primaryimage"},"thumbnailUrl":"https:\/\/www.werbewoche.ch\/wp-content\/uploads\/2022\/09\/Bildschirmfoto-2022-09-19-um-16.44.45.png","datePublished":"2022-09-19T14:46:17+00:00","dateModified":"2024-11-21T10:47:02+00:00","description":"Nuovo webshop B\u00e4chli: esperienza di acquisto ottimizzata, consigli completi e contenuti editoriali. Scopritelo ora!","breadcrumb":{"@id":"https:\/\/www.organisator.ch\/marketing\/2022-09-19\/baechli-bergsport-geht-mit-rundum-erneuerter-marke-online-unterstuetzt-von-evoq\/#breadcrumb"},"inLanguage":"it-IT","potentialAction":[{"@type":"ReadAction","target":["https:\/\/www.organisator.ch\/marketing\/2022-09-19\/baechli-bergsport-geht-mit-rundum-erneuerter-marke-online-unterstuetzt-von-evoq\/"]}]},{"@type":"ImageObject","inLanguage":"it-IT","@id":"https:\/\/www.organisator.ch\/marketing\/2022-09-19\/baechli-bergsport-geht-mit-rundum-erneuerter-marke-online-unterstuetzt-von-evoq\/#primaryimage","url":"https:\/\/www.werbewoche.ch\/wp-content\/uploads\/2022\/09\/Bildschirmfoto-2022-09-19-um-16.44.45.png","contentUrl":"https:\/\/www.werbewoche.ch\/wp-content\/uploads\/2022\/09\/Bildschirmfoto-2022-09-19-um-16.44.45.png"},{"@type":"BreadcrumbList","@id":"https:\/\/www.organisator.ch\/marketing\/2022-09-19\/baechli-bergsport-geht-mit-rundum-erneuerter-marke-online-unterstuetzt-von-evoq\/#breadcrumb","itemListElement":[{"@type":"ListItem","position":1,"name":"Home","item":"https:\/\/www.organisator.ch\/"},{"@type":"ListItem","position":2,"name":"B\u00e4chli Bergsport geht mit rundum erneuerter Marke online \u2013\u00a0unterst\u00fctzt von Evoq"}]},{"@type":"WebSite","@id":"https:\/\/www.organisator.ch\/#website","url":"https:\/\/www.organisator.ch\/","name":"Organizzatore","description":"Competente. Pratico. In 10 numeri all'anno, ORGANISATOR presenta i temi essenziali per i manager delle PMI.","publisher":{"@id":"https:\/\/www.organisator.ch\/#organization"},"potentialAction":[{"@type":"SearchAction","target":{"@type":"EntryPoint","urlTemplate":"https:\/\/www.organisator.ch\/?s={search_term_string}"},"query-input":{"@type":"PropertyValueSpecification","valueRequired":true,"valueName":"search_term_string"}}],"inLanguage":"it-IT"},{"@type":"Organization","@id":"https:\/\/www.organisator.ch\/#organization","name":"Organizzatore","url":"https:\/\/www.organisator.ch\/","logo":{"@type":"ImageObject","inLanguage":"it-IT","@id":"https:\/\/www.organisator.ch\/#\/schema\/logo\/image\/","url":"https:\/\/www.organisator.ch\/wp-content\/uploads\/2022\/01\/Logo_Organisator_Website.png","contentUrl":"https:\/\/www.organisator.ch\/wp-content\/uploads\/2022\/01\/Logo_Organisator_Website.png","width":800,"height":77,"caption":"Organisator"},"image":{"@id":"https:\/\/www.organisator.ch\/#\/schema\/logo\/image\/"},"sameAs":["https:\/\/www.facebook.com\/OrganisatorFachmagazin","https:\/\/www.linkedin.com\/showcase\/organisator-das-magazin-fr-kmu","https:\/\/www.xing.com\/news\/pages\/organisator-ch-695","https:\/\/www.youtube.com\/channel\/UCGP2Sq0iWaZwT3BdIAQFYpw"]},{"@type":"Person","@id":"https:\/\/www.organisator.ch\/#\/schema\/person\/4e51799071cd2dd1232ac003643ef5f0","name":"galledia","image":{"@type":"ImageObject","inLanguage":"it-IT","@id":"https:\/\/secure.gravatar.com\/avatar\/78a7f90c01fc2bfc875782a0d4922b37cde2cf184ce347b91316d23cd7f69a36?s=96&d=mm&r=g","url":"https:\/\/secure.gravatar.com\/avatar\/78a7f90c01fc2bfc875782a0d4922b37cde2cf184ce347b91316d23cd7f69a36?s=96&d=mm&r=g","contentUrl":"https:\/\/secure.gravatar.com\/avatar\/78a7f90c01fc2bfc875782a0d4922b37cde2cf184ce347b91316d23cd7f69a36?s=96&d=mm&r=g","caption":"galledia"},"sameAs":["https:\/\/x.com\/admin"],"url":"https:\/\/www.organisator.ch\/it\/author\/galledia\/"}]}},"_links":{"self":[{"href":"https:\/\/www.organisator.ch\/it\/wp-json\/wp\/v2\/posts\/16976","targetHints":{"allow":["GET"]}}],"collection":[{"href":"https:\/\/www.organisator.ch\/it\/wp-json\/wp\/v2\/posts"}],"about":[{"href":"https:\/\/www.organisator.ch\/it\/wp-json\/wp\/v2\/types\/post"}],"author":[{"embeddable":true,"href":"https:\/\/www.organisator.ch\/it\/wp-json\/wp\/v2\/users\/8"}],"replies":[{"embeddable":true,"href":"https:\/\/www.organisator.ch\/it\/wp-json\/wp\/v2\/comments?post=16976"}],"version-history":[{"count":2,"href":"https:\/\/www.organisator.ch\/it\/wp-json\/wp\/v2\/posts\/16976\/revisions"}],"predecessor-version":[{"id":33794,"href":"https:\/\/www.organisator.ch\/it\/wp-json\/wp\/v2\/posts\/16976\/revisions\/33794"}],"wp:attachment":[{"href":"https:\/\/www.organisator.ch\/it\/wp-json\/wp\/v2\/media?parent=16976"}],"wp:term":[{"taxonomy":"category","embeddable":true,"href":"https:\/\/www.organisator.ch\/it\/wp-json\/wp\/v2\/categories?post=16976"},{"taxonomy":"post_tag","embeddable":true,"href":"https:\/\/www.organisator.ch\/it\/wp-json\/wp\/v2\/tags?post=16976"}],"curies":[{"name":"wp","href":"https:\/\/api.w.org\/{rel}","templated":true}]}}