{"id":1698,"date":"2017-03-30T17:00:07","date_gmt":"2017-03-30T15:00:07","guid":{"rendered":"https:\/\/www.organisator.ch\/?p=1698"},"modified":"2017-03-30T17:00:07","modified_gmt":"2017-03-30T15:00:07","slug":"1698-2","status":"publish","type":"post","link":"https:\/\/www.organisator.ch\/it\/management\/2017-03-30\/1698-2\/","title":{"rendered":"La remunerazione degli amministratori delegati \u00e8 aumentata nelle aziende SLI"},"content":{"rendered":"<figure id=\"attachment_1699\" aria-describedby=\"caption-attachment-1699\" style=\"width: 680px\" class=\"wp-caption alignnone\"><img loading=\"lazy\" decoding=\"async\" class=\"size-medium wp-image-1699\" src=\"https:\/\/www.organisator.ch\/wp-content\/uploads\/2017\/03\/CEO-Vergu\u0308tung-bei-SLI-Unternehmen-gestiegen-org-organisator.jpg\" alt=\"\" width=\"680\" height=\"510\" \/><figcaption id=\"caption-attachment-1699\" class=\"wp-caption-text\">Gli stipendi dei CEO delle aziende SLI sono aumentati significativamente rispetto al 2015. (Immagine: Alyo)<\/figcaption><\/figure>\n<table style=\"height: 1125px;\" width=\"1087\">\n<tbody>\n<tr>\n<td>&nbsp;<\/p>\n<p>&nbsp;<\/p>\n<p>Lo stipendio di un CEO comprende in realt\u00e0 diverse forme di remunerazione: la remunerazione di base fissa, il bonus (versato direttamente o differito) e la remunerazione variabile a lungo termine. La retribuzione diretta media prevista dei dirigenti aziendali nella SLI \u00e8 di 5,88 milioni di franchi nel 2016, con un aumento del 5,0 per cento rispetto all'anno precedente (2015: 5,60 milioni di franchi).<\/p>\n<p>Rispetto ad altre aziende in Europa, i CEO svizzeri sono relativamente compensati attraverso stipendi variabili a lungo termine. Da un lato, pi\u00f9 di un terzo del pacchetto totale \u00e8 concesso sotto forma di cosiddetti incentivi a lungo termine. Il loro pagamento dipende dalla performance a lungo termine dell'azienda e viene effettuato solo dopo un periodo di almeno tre o quattro anni. D'altra parte, il pagamento differito dei bonus contribuisce anche alla struttura a lungo termine della remunerazione variabile. Questo si traduce in un totale di pi\u00f9 di 50% della remunerazione diretta con carattere a lungo termine.<\/p>\n<p><strong>Primi posti individuali<\/strong><\/p>\n<p>Tuttavia, ci sono chiare differenze tra le aziende. Come nel 2015, i CEO di UBS (13,4 milioni di franchi) e Novartis (11,8 milioni di franchi) sono in cima alla lista delle retribuzioni dirette attese nello scorso anno finanziario. Il CEO che \u00e8 entrato nel Credit Suisse nel 2015, con 11,2 milioni di franchi, sposta il massimo dirigente del gruppo Roche (11,0 milioni di franchi) dal terzo posto. Alla fine del confronto delle retribuzioni si trova il CEO di Swisscom con 1,5 milioni di CHF. Le aziende il cui CEO \u00e8 in carica da meno di un anno non sono incluse nei valori medi.<\/p>\n<p>Rispetto al 2015, l'EBIT delle societ\u00e0 SLI \u00e8 aumentato in media del sette per cento a 2,55 miliardi di franchi (2015: 2,38 miliardi di franchi). Anche qui, le differenze all'interno delle societ\u00e0 SLI sono grandi. Adecco \u00e8 in testa con un plus di 261%, mentre l'EBIT di Swatch Group si \u00e8 quasi dimezzato a -45%.<\/p>\n<p>Nel complesso, i risultati aziendali sono in linea con il livello di remunerazione. In undici delle societ\u00e0 SLI considerate, sia l'EBIT che la remunerazione diretta si stanno sviluppando verso l'alto, mentre i guadagni e la remunerazione stanno scendendo in quattro societ\u00e0. Cinque aziende riducono la loro remunerazione quando l'EBIT aumenta, una la mantiene uguale e solo due aziende aumentano la loro remunerazione, anche se riportano un EBIT inferiore a quello del 2015.<\/p>\n<p><strong>Sviluppo internazionale <\/strong><\/p>\n<p>Un'analisi del Dow Jones STOXX Europe 50, l'indice azionario con le 50 pi\u00f9 grandi aziende in Europa, mostra che le migliori aziende svizzere continuano a pagare i loro CEO molto pi\u00f9 che in altri paesi europei. Ad esempio, i CEO dei \"big player\" svizzeri (che sono stati in carica per tutto l'anno nel 2016) hanno ricevuto in media 10,6 milioni di franchi (2015: 10,7 milioni di franchi), una cifra nettamente superiore a quella dei loro colleghi delle societ\u00e0 non svizzere dell'indice. La loro retribuzione diretta media \u00e8 stata di 6,8 milioni di franchi, con un aumento di 3% su base annua (2015: 6,6 milioni di franchi). Tuttavia, un confronto con gli Stati Uniti mette anche queste altezze in prospettiva. Qui, compensi molto pi\u00f9 alti per gli amministratori delegati che in Svizzera o in Europa sono comuni e culturalmente giustificati.<\/p>\n<p><strong>\u00a0\"Say on Pay\" \u00e8 ulteriormente rafforzato<\/strong><br \/>\nPer quanto riguarda gli sviluppi normativi che determinano le condizioni quadro per la remunerazione del comitato esecutivo, l'Europa si trova su un percorso uniforme. Una pietra miliare significativa in questo contesto \u00e8 la direttiva sui diritti degli azionisti, che porter\u00e0 ad una maggiore trasparenza e ad una maggiore influenza degli azionisti (\"Say on Pay\"). La politica di remunerazione e la relazione sulla remunerazione saranno votate a intervalli regolari. I cosiddetti proxy advisor hanno un ruolo speciale da svolgere qui. Supportano gli investitori istituzionali nello sviluppo delle loro raccomandazioni di voto. I piccoli e medi investitori possono anche esternalizzare l'intero processo di voto, compresa la decisione di elezione, ai proxy advisor. \"La pressione sul livello e la struttura della remunerazione dei dirigenti continuer\u00e0 quindi ad aumentare\", spiega Olaf Lang, di Willis Towers Watson.<\/p>\n<p>Maggiori informazioni sullo studio completo saranno presto disponibili <a href=\"https:\/\/www.willistowerswatson.com\/de-CH\/press\/2016\/04\/Remuneration-for-Swiss-CEOs-increased-slightly-in-2015\">qui<\/a><\/p>\n<p>&nbsp;<\/td>\n<\/tr>\n<\/tbody>\n<\/table>\n<p>&nbsp;<\/p>\n<p>&nbsp;<\/p>\n<p>&nbsp;<\/p>","protected":false},"excerpt":{"rendered":"<p>&nbsp; &nbsp; Zu einem CEO-Gehalt\u00a0geh\u00f6ren eigentlich verschiedene Verg\u00fctungen \u2013 die fixe Grundverg\u00fctung, der Bonus (direkt ausbezahlt oder aufgeschoben) sowie die langfristig variable Verg\u00fctung. Die durchschnittlich erwartete Direktverg\u00fctung der Unternehmenslenker im SLI betr\u00e4gt 2016 CHF 5.88 Mio., was im Vorjahresvergleich einer Zunahme von 5.0 Prozent entspricht (2015: CHF 5.60 Mio.). Im Vergleich zu anderen Unternehmen in [&hellip;]<\/p>\n","protected":false},"author":5,"featured_media":1699,"comment_status":"open","ping_status":"open","sticky":false,"template":"","format":"standard","meta":{"_acf_changed":false,"_yoast_wpseo_focuskw":"CEO Verg\u00fctung","_yoast_wpseo_metadesc":"Die Studie \u201eCEO-Verg\u00fctung im SLI 2016\u201c zeigt eine gr\u00f6ssere Entlohnung der CEOs der SLI-Unternehmen 2016 (im Vergleich zum Vorjahr).","articlekey":"","footnotes":""},"categories":[28],"tags":[88,110,436,526],"class_list":["post-1698","post","type-post","status-publish","format-standard","has-post-thumbnail","hentry","category-management","tag-bonus","tag-ceo-loehne","tag-sli-index","tag-willis-towers-watson"],"acf":[],"yoast_head":"<!-- This site is optimized with the Yoast SEO plugin v27.4 - https:\/\/yoast.com\/product\/yoast-seo-wordpress\/ -->\n<title>CEO Verg\u00fctung bei SLI-Unternehmen gestiegen - Organisator<\/title>\n<meta name=\"description\" content=\"Die Studie \u201eCEO-Verg\u00fctung im SLI 2016\u201c zeigt eine gr\u00f6ssere Entlohnung der CEOs der SLI-Unternehmen 2016 (im Vergleich zum Vorjahr).\" \/>\n<meta name=\"robots\" content=\"index, follow, max-snippet:-1, max-image-preview:large, max-video-preview:-1\" \/>\n<link rel=\"canonical\" href=\"https:\/\/www.organisator.ch\/it\/gestione-2\/2017-03-30\/1698-2\/\" \/>\n<meta property=\"og:locale\" content=\"it_IT\" \/>\n<meta property=\"og:type\" content=\"article\" \/>\n<meta property=\"og:title\" content=\"CEO Verg\u00fctung bei SLI-Unternehmen gestiegen - Organisator\" \/>\n<meta property=\"og:description\" content=\"Die Studie \u201eCEO-Verg\u00fctung im SLI 2016\u201c zeigt eine gr\u00f6ssere Entlohnung der CEOs der SLI-Unternehmen 2016 (im Vergleich zum Vorjahr).\" \/>\n<meta property=\"og:url\" content=\"https:\/\/www.organisator.ch\/it\/gestione-2\/2017-03-30\/1698-2\/\" \/>\n<meta property=\"og:site_name\" content=\"Organisator\" \/>\n<meta property=\"article:publisher\" content=\"https:\/\/www.facebook.com\/OrganisatorFachmagazin\" \/>\n<meta property=\"article:published_time\" content=\"2017-03-30T15:00:07+00:00\" \/>\n<meta property=\"og:image\" content=\"https:\/\/www.organisator.ch\/wp-content\/uploads\/2017\/03\/CEO-Vergu\u0308tung-bei-SLI-Unternehmen-gestiegen-org-organisator-scaled.jpg\" \/>\n\t<meta property=\"og:image:width\" content=\"2560\" \/>\n\t<meta property=\"og:image:height\" content=\"1920\" \/>\n\t<meta property=\"og:image:type\" content=\"image\/jpeg\" \/>\n<meta name=\"author\" content=\"michael.merz\" \/>\n<meta name=\"twitter:card\" content=\"summary_large_image\" \/>\n<script type=\"application\/ld+json\" class=\"yoast-schema-graph\">{\"@context\":\"https:\\\/\\\/schema.org\",\"@graph\":[{\"@type\":\"Article\",\"@id\":\"https:\\\/\\\/www.organisator.ch\\\/management\\\/2017-03-30\\\/1698-2\\\/#article\",\"isPartOf\":{\"@id\":\"https:\\\/\\\/www.organisator.ch\\\/management\\\/2017-03-30\\\/1698-2\\\/\"},\"author\":{\"name\":\"michael.merz\",\"@id\":\"https:\\\/\\\/www.organisator.ch\\\/#\\\/schema\\\/person\\\/134708ca9321c57b0362cceb7948ffbd\"},\"headline\":\"CEO Verg\u00fctung bei SLI-Unternehmen gestiegen\",\"datePublished\":\"2017-03-30T15:00:07+00:00\",\"mainEntityOfPage\":{\"@id\":\"https:\\\/\\\/www.organisator.ch\\\/management\\\/2017-03-30\\\/1698-2\\\/\"},\"wordCount\":643,\"commentCount\":0,\"publisher\":{\"@id\":\"https:\\\/\\\/www.organisator.ch\\\/#organization\"},\"image\":{\"@id\":\"https:\\\/\\\/www.organisator.ch\\\/management\\\/2017-03-30\\\/1698-2\\\/#primaryimage\"},\"thumbnailUrl\":\"https:\\\/\\\/www.organisator.ch\\\/wp-content\\\/uploads\\\/2017\\\/03\\\/CEO-Vergu\u0308tung-bei-SLI-Unternehmen-gestiegen-org-organisator-scaled.jpg\",\"keywords\":[\"Bonus\",\"CEO L\u00f6hne\",\"SLI Index\",\"Willis Towers Watson\"],\"articleSection\":[\"MANAGEMENT\"],\"inLanguage\":\"it-IT\"},{\"@type\":\"WebPage\",\"@id\":\"https:\\\/\\\/www.organisator.ch\\\/management\\\/2017-03-30\\\/1698-2\\\/\",\"url\":\"https:\\\/\\\/www.organisator.ch\\\/management\\\/2017-03-30\\\/1698-2\\\/\",\"name\":\"CEO Verg\u00fctung bei SLI-Unternehmen gestiegen - Organisator\",\"isPartOf\":{\"@id\":\"https:\\\/\\\/www.organisator.ch\\\/#website\"},\"primaryImageOfPage\":{\"@id\":\"https:\\\/\\\/www.organisator.ch\\\/management\\\/2017-03-30\\\/1698-2\\\/#primaryimage\"},\"image\":{\"@id\":\"https:\\\/\\\/www.organisator.ch\\\/management\\\/2017-03-30\\\/1698-2\\\/#primaryimage\"},\"thumbnailUrl\":\"https:\\\/\\\/www.organisator.ch\\\/wp-content\\\/uploads\\\/2017\\\/03\\\/CEO-Vergu\u0308tung-bei-SLI-Unternehmen-gestiegen-org-organisator-scaled.jpg\",\"datePublished\":\"2017-03-30T15:00:07+00:00\",\"description\":\"Die Studie \u201eCEO-Verg\u00fctung im SLI 2016\u201c zeigt eine gr\u00f6ssere Entlohnung der CEOs der SLI-Unternehmen 2016 (im Vergleich zum Vorjahr).\",\"breadcrumb\":{\"@id\":\"https:\\\/\\\/www.organisator.ch\\\/management\\\/2017-03-30\\\/1698-2\\\/#breadcrumb\"},\"inLanguage\":\"it-IT\",\"potentialAction\":[{\"@type\":\"ReadAction\",\"target\":[\"https:\\\/\\\/www.organisator.ch\\\/management\\\/2017-03-30\\\/1698-2\\\/\"]}]},{\"@type\":\"ImageObject\",\"inLanguage\":\"it-IT\",\"@id\":\"https:\\\/\\\/www.organisator.ch\\\/management\\\/2017-03-30\\\/1698-2\\\/#primaryimage\",\"url\":\"https:\\\/\\\/www.organisator.ch\\\/wp-content\\\/uploads\\\/2017\\\/03\\\/CEO-Vergu\u0308tung-bei-SLI-Unternehmen-gestiegen-org-organisator-scaled.jpg\",\"contentUrl\":\"https:\\\/\\\/www.organisator.ch\\\/wp-content\\\/uploads\\\/2017\\\/03\\\/CEO-Vergu\u0308tung-bei-SLI-Unternehmen-gestiegen-org-organisator-scaled.jpg\",\"width\":2560,\"height\":1920,\"caption\":\"Die L\u00f6hne der CEOs der SLI-Unternehmen sind im Vergleich zu 2015 erheblich gestiegen. (Bild: Alyo)\"},{\"@type\":\"BreadcrumbList\",\"@id\":\"https:\\\/\\\/www.organisator.ch\\\/management\\\/2017-03-30\\\/1698-2\\\/#breadcrumb\",\"itemListElement\":[{\"@type\":\"ListItem\",\"position\":1,\"name\":\"Home\",\"item\":\"https:\\\/\\\/www.organisator.ch\\\/\"},{\"@type\":\"ListItem\",\"position\":2,\"name\":\"CEO Verg\u00fctung bei SLI-Unternehmen gestiegen\"}]},{\"@type\":\"WebSite\",\"@id\":\"https:\\\/\\\/www.organisator.ch\\\/#website\",\"url\":\"https:\\\/\\\/www.organisator.ch\\\/\",\"name\":\"Organisator\",\"description\":\"Kompetent. Praxisnah. Der ORGANISATOR bereitet in 10 Ausgaben pro Jahr die wesentlichen Themen f\u00fcr F\u00fchrungskr\u00e4fte von KMU auf.\",\"publisher\":{\"@id\":\"https:\\\/\\\/www.organisator.ch\\\/#organization\"},\"potentialAction\":[{\"@type\":\"SearchAction\",\"target\":{\"@type\":\"EntryPoint\",\"urlTemplate\":\"https:\\\/\\\/www.organisator.ch\\\/?s={search_term_string}\"},\"query-input\":{\"@type\":\"PropertyValueSpecification\",\"valueRequired\":true,\"valueName\":\"search_term_string\"}}],\"inLanguage\":\"it-IT\"},{\"@type\":\"Organization\",\"@id\":\"https:\\\/\\\/www.organisator.ch\\\/#organization\",\"name\":\"Organisator\",\"url\":\"https:\\\/\\\/www.organisator.ch\\\/\",\"logo\":{\"@type\":\"ImageObject\",\"inLanguage\":\"it-IT\",\"@id\":\"https:\\\/\\\/www.organisator.ch\\\/#\\\/schema\\\/logo\\\/image\\\/\",\"url\":\"https:\\\/\\\/www.organisator.ch\\\/wp-content\\\/uploads\\\/2022\\\/01\\\/Logo_Organisator_Website.png\",\"contentUrl\":\"https:\\\/\\\/www.organisator.ch\\\/wp-content\\\/uploads\\\/2022\\\/01\\\/Logo_Organisator_Website.png\",\"width\":800,\"height\":77,\"caption\":\"Organisator\"},\"image\":{\"@id\":\"https:\\\/\\\/www.organisator.ch\\\/#\\\/schema\\\/logo\\\/image\\\/\"},\"sameAs\":[\"https:\\\/\\\/www.facebook.com\\\/OrganisatorFachmagazin\",\"https:\\\/\\\/www.linkedin.com\\\/showcase\\\/organisator-das-magazin-fr-kmu\",\"https:\\\/\\\/www.xing.com\\\/news\\\/pages\\\/organisator-ch-695\",\"https:\\\/\\\/www.youtube.com\\\/channel\\\/UCGP2Sq0iWaZwT3BdIAQFYpw\"]},{\"@type\":\"Person\",\"@id\":\"https:\\\/\\\/www.organisator.ch\\\/#\\\/schema\\\/person\\\/134708ca9321c57b0362cceb7948ffbd\",\"name\":\"michael.merz\",\"image\":{\"@type\":\"ImageObject\",\"inLanguage\":\"it-IT\",\"@id\":\"https:\\\/\\\/secure.gravatar.com\\\/avatar\\\/?s=96&d=mm&r=g\",\"url\":\"https:\\\/\\\/secure.gravatar.com\\\/avatar\\\/?s=96&d=mm&r=g\",\"contentUrl\":\"https:\\\/\\\/secure.gravatar.com\\\/avatar\\\/?s=96&d=mm&r=g\",\"caption\":\"michael.merz\"},\"url\":\"https:\\\/\\\/www.organisator.ch\\\/it\\\/author\\\/michael-merz\\\/\"}]}<\/script>\n<!-- \/ Yoast SEO plugin. -->","yoast_head_json":{"title":"La remunerazione degli amministratori delegati \u00e8 aumentata nelle aziende SLI - Organizzatore","description":"Lo studio \"CEO Remuneration in the SLI 2016\" mostra una maggiore remunerazione degli amministratori delegati delle societ\u00e0 SLI nel 2016 (rispetto all'anno precedente).","robots":{"index":"index","follow":"follow","max-snippet":"max-snippet:-1","max-image-preview":"max-image-preview:large","max-video-preview":"max-video-preview:-1"},"canonical":"https:\/\/www.organisator.ch\/it\/gestione-2\/2017-03-30\/1698-2\/","og_locale":"it_IT","og_type":"article","og_title":"CEO Verg\u00fctung bei SLI-Unternehmen gestiegen - Organisator","og_description":"Die Studie \u201eCEO-Verg\u00fctung im SLI 2016\u201c zeigt eine gr\u00f6ssere Entlohnung der CEOs der SLI-Unternehmen 2016 (im Vergleich zum Vorjahr).","og_url":"https:\/\/www.organisator.ch\/it\/gestione-2\/2017-03-30\/1698-2\/","og_site_name":"Organisator","article_publisher":"https:\/\/www.facebook.com\/OrganisatorFachmagazin","article_published_time":"2017-03-30T15:00:07+00:00","og_image":[{"width":2560,"height":1920,"url":"https:\/\/www.organisator.ch\/wp-content\/uploads\/2017\/03\/CEO-Vergu\u0308tung-bei-SLI-Unternehmen-gestiegen-org-organisator-scaled.jpg","type":"image\/jpeg"}],"author":"michael.merz","twitter_card":"summary_large_image","schema":{"@context":"https:\/\/schema.org","@graph":[{"@type":"Article","@id":"https:\/\/www.organisator.ch\/management\/2017-03-30\/1698-2\/#article","isPartOf":{"@id":"https:\/\/www.organisator.ch\/management\/2017-03-30\/1698-2\/"},"author":{"name":"michael.merz","@id":"https:\/\/www.organisator.ch\/#\/schema\/person\/134708ca9321c57b0362cceb7948ffbd"},"headline":"CEO Verg\u00fctung bei SLI-Unternehmen gestiegen","datePublished":"2017-03-30T15:00:07+00:00","mainEntityOfPage":{"@id":"https:\/\/www.organisator.ch\/management\/2017-03-30\/1698-2\/"},"wordCount":643,"commentCount":0,"publisher":{"@id":"https:\/\/www.organisator.ch\/#organization"},"image":{"@id":"https:\/\/www.organisator.ch\/management\/2017-03-30\/1698-2\/#primaryimage"},"thumbnailUrl":"https:\/\/www.organisator.ch\/wp-content\/uploads\/2017\/03\/CEO-Vergu\u0308tung-bei-SLI-Unternehmen-gestiegen-org-organisator-scaled.jpg","keywords":["Bonus","CEO L\u00f6hne","SLI Index","Willis Towers Watson"],"articleSection":["MANAGEMENT"],"inLanguage":"it-IT"},{"@type":"WebPage","@id":"https:\/\/www.organisator.ch\/management\/2017-03-30\/1698-2\/","url":"https:\/\/www.organisator.ch\/management\/2017-03-30\/1698-2\/","name":"La remunerazione degli amministratori delegati \u00e8 aumentata nelle aziende SLI - Organizzatore","isPartOf":{"@id":"https:\/\/www.organisator.ch\/#website"},"primaryImageOfPage":{"@id":"https:\/\/www.organisator.ch\/management\/2017-03-30\/1698-2\/#primaryimage"},"image":{"@id":"https:\/\/www.organisator.ch\/management\/2017-03-30\/1698-2\/#primaryimage"},"thumbnailUrl":"https:\/\/www.organisator.ch\/wp-content\/uploads\/2017\/03\/CEO-Vergu\u0308tung-bei-SLI-Unternehmen-gestiegen-org-organisator-scaled.jpg","datePublished":"2017-03-30T15:00:07+00:00","description":"Lo studio \"CEO Remuneration in the SLI 2016\" mostra una maggiore remunerazione degli amministratori delegati delle societ\u00e0 SLI nel 2016 (rispetto all'anno precedente).","breadcrumb":{"@id":"https:\/\/www.organisator.ch\/management\/2017-03-30\/1698-2\/#breadcrumb"},"inLanguage":"it-IT","potentialAction":[{"@type":"ReadAction","target":["https:\/\/www.organisator.ch\/management\/2017-03-30\/1698-2\/"]}]},{"@type":"ImageObject","inLanguage":"it-IT","@id":"https:\/\/www.organisator.ch\/management\/2017-03-30\/1698-2\/#primaryimage","url":"https:\/\/www.organisator.ch\/wp-content\/uploads\/2017\/03\/CEO-Vergu\u0308tung-bei-SLI-Unternehmen-gestiegen-org-organisator-scaled.jpg","contentUrl":"https:\/\/www.organisator.ch\/wp-content\/uploads\/2017\/03\/CEO-Vergu\u0308tung-bei-SLI-Unternehmen-gestiegen-org-organisator-scaled.jpg","width":2560,"height":1920,"caption":"Die L\u00f6hne der CEOs der SLI-Unternehmen sind im Vergleich zu 2015 erheblich gestiegen. (Bild: Alyo)"},{"@type":"BreadcrumbList","@id":"https:\/\/www.organisator.ch\/management\/2017-03-30\/1698-2\/#breadcrumb","itemListElement":[{"@type":"ListItem","position":1,"name":"Home","item":"https:\/\/www.organisator.ch\/"},{"@type":"ListItem","position":2,"name":"CEO Verg\u00fctung bei SLI-Unternehmen gestiegen"}]},{"@type":"WebSite","@id":"https:\/\/www.organisator.ch\/#website","url":"https:\/\/www.organisator.ch\/","name":"Organizzatore","description":"Competente. Pratico. In 10 numeri all'anno, ORGANISATOR presenta i temi essenziali per i manager delle PMI.","publisher":{"@id":"https:\/\/www.organisator.ch\/#organization"},"potentialAction":[{"@type":"SearchAction","target":{"@type":"EntryPoint","urlTemplate":"https:\/\/www.organisator.ch\/?s={search_term_string}"},"query-input":{"@type":"PropertyValueSpecification","valueRequired":true,"valueName":"search_term_string"}}],"inLanguage":"it-IT"},{"@type":"Organization","@id":"https:\/\/www.organisator.ch\/#organization","name":"Organizzatore","url":"https:\/\/www.organisator.ch\/","logo":{"@type":"ImageObject","inLanguage":"it-IT","@id":"https:\/\/www.organisator.ch\/#\/schema\/logo\/image\/","url":"https:\/\/www.organisator.ch\/wp-content\/uploads\/2022\/01\/Logo_Organisator_Website.png","contentUrl":"https:\/\/www.organisator.ch\/wp-content\/uploads\/2022\/01\/Logo_Organisator_Website.png","width":800,"height":77,"caption":"Organisator"},"image":{"@id":"https:\/\/www.organisator.ch\/#\/schema\/logo\/image\/"},"sameAs":["https:\/\/www.facebook.com\/OrganisatorFachmagazin","https:\/\/www.linkedin.com\/showcase\/organisator-das-magazin-fr-kmu","https:\/\/www.xing.com\/news\/pages\/organisator-ch-695","https:\/\/www.youtube.com\/channel\/UCGP2Sq0iWaZwT3BdIAQFYpw"]},{"@type":"Person","@id":"https:\/\/www.organisator.ch\/#\/schema\/person\/134708ca9321c57b0362cceb7948ffbd","name":"michael.merz","image":{"@type":"ImageObject","inLanguage":"it-IT","@id":"https:\/\/secure.gravatar.com\/avatar\/?s=96&d=mm&r=g","url":"https:\/\/secure.gravatar.com\/avatar\/?s=96&d=mm&r=g","contentUrl":"https:\/\/secure.gravatar.com\/avatar\/?s=96&d=mm&r=g","caption":"michael.merz"},"url":"https:\/\/www.organisator.ch\/it\/author\/michael-merz\/"}]}},"_links":{"self":[{"href":"https:\/\/www.organisator.ch\/it\/wp-json\/wp\/v2\/posts\/1698","targetHints":{"allow":["GET"]}}],"collection":[{"href":"https:\/\/www.organisator.ch\/it\/wp-json\/wp\/v2\/posts"}],"about":[{"href":"https:\/\/www.organisator.ch\/it\/wp-json\/wp\/v2\/types\/post"}],"author":[{"embeddable":true,"href":"https:\/\/www.organisator.ch\/it\/wp-json\/wp\/v2\/users\/5"}],"replies":[{"embeddable":true,"href":"https:\/\/www.organisator.ch\/it\/wp-json\/wp\/v2\/comments?post=1698"}],"version-history":[{"count":0,"href":"https:\/\/www.organisator.ch\/it\/wp-json\/wp\/v2\/posts\/1698\/revisions"}],"wp:featuredmedia":[{"embeddable":true,"href":"https:\/\/www.organisator.ch\/it\/wp-json\/wp\/v2\/media\/1699"}],"wp:attachment":[{"href":"https:\/\/www.organisator.ch\/it\/wp-json\/wp\/v2\/media?parent=1698"}],"wp:term":[{"taxonomy":"category","embeddable":true,"href":"https:\/\/www.organisator.ch\/it\/wp-json\/wp\/v2\/categories?post=1698"},{"taxonomy":"post_tag","embeddable":true,"href":"https:\/\/www.organisator.ch\/it\/wp-json\/wp\/v2\/tags?post=1698"}],"curies":[{"name":"wp","href":"https:\/\/api.w.org\/{rel}","templated":true}]}}