{"id":16992,"date":"2022-09-21T08:42:03","date_gmt":"2022-09-21T06:42:03","guid":{"rendered":"https:\/\/www.organisator.ch\/?p=16992"},"modified":"2022-10-12T09:32:38","modified_gmt":"2022-10-12T07:32:38","slug":"kyburz-switzerland-ist-gewinner-des-prix-svc-wirtschaftsraum-zuerich-2022","status":"publish","type":"post","link":"https:\/\/www.organisator.ch\/it\/management\/2022-09-21\/kyburz-switzerland-ist-gewinner-des-prix-svc-wirtschaftsraum-zuerich-2022\/","title":{"rendered":"Kyburz Svizzera \u00e8 il vincitore del Prix SVC Wirtschaftsraum Z\u00fcrich 2022"},"content":{"rendered":"<figure id=\"attachment_16993\" aria-describedby=\"caption-attachment-16993\" style=\"width: 680px\" class=\"wp-caption alignnone\"><img loading=\"lazy\" decoding=\"async\" class=\"size-full wp-image-16993\" src=\"https:\/\/www.organisator.ch\/wp-content\/uploads\/2022\/09\/Kyburz-Switzerland-ist-Gewinner-des-Prix-SVC-Wirtschaftsraum-Zurich-2022-1_Organisator.jpg\" alt=\"\" width=\"680\" height=\"452\" srcset=\"https:\/\/www.organisator.ch\/wp-content\/uploads\/2022\/09\/Kyburz-Switzerland-ist-Gewinner-des-Prix-SVC-Wirtschaftsraum-Zurich-2022-1_Organisator.jpg 680w, https:\/\/www.organisator.ch\/wp-content\/uploads\/2022\/09\/Kyburz-Switzerland-ist-Gewinner-des-Prix-SVC-Wirtschaftsraum-Zurich-2022-1_Organisator-18x12.jpg 18w, https:\/\/www.organisator.ch\/wp-content\/uploads\/2022\/09\/Kyburz-Switzerland-ist-Gewinner-des-Prix-SVC-Wirtschaftsraum-Zurich-2022-1_Organisator-263x175.jpg 263w, https:\/\/www.organisator.ch\/wp-content\/uploads\/2022\/09\/Kyburz-Switzerland-ist-Gewinner-des-Prix-SVC-Wirtschaftsraum-Zurich-2022-1_Organisator-527x350.jpg 527w, https:\/\/www.organisator.ch\/wp-content\/uploads\/2022\/09\/Kyburz-Switzerland-ist-Gewinner-des-Prix-SVC-Wirtschaftsraum-Zurich-2022-1_Organisator-300x199.jpg 300w\" sizes=\"auto, (max-width: 680px) 100vw, 680px\" \/><figcaption id=\"caption-attachment-16993\" class=\"wp-caption-text\">Martin Kyburz, amministratore delegato e proprietario di Kyburz Svizzera, \u00e8 felice di aver vinto il Prix SVC Wirtschaftsraum Z\u00fcrich. Il presidente dell'USC Andreas Gerber applaude. (Immagine: Thomas Berner)<\/figcaption><\/figure>\n<p>Kyburz Svizzera di Freienstein \u00e8 da oltre 30 anni leader internazionale per le soluzioni di mobilit\u00e0 e trasporto di alta qualit\u00e0. Ci\u00f2 che \u00e8 iniziato nel 1991 con la costruzione di veicoli a energia solare si \u00e8 poi sviluppato nella produzione di veicoli elettrici di alta qualit\u00e0 per aziende di consegna e industriali. La soluzione telematica interna riduce al minimo i processi amministrativi e migliora l'efficienza economica delle grandi flotte. \u00c8 impossibile immaginare le nostre strade senza i veicoli elettrici gialli a tre ruote della Posta, ad esempio. Anche i servizi di consegna in Australia, Finlandia e Islanda si affidano ai veicoli Kyburz. Il processo di riciclaggio delle batterie agli ioni di litio di Kyburz \u00e8 probabilmente il pi\u00f9 efficiente al mondo: secondo l'amministratore delegato e proprietario Martin Kyburz, \u00e8 possibile recuperare il 91% dei materiali riciclabili presenti in una batteria. Il concetto di sostenibilit\u00e0 dei veicoli Kyburz \u00e8 impressionante: dopo otto anni di funzionamento, i veicoli di consegna vengono ritirati, completamente revisionati e possono essere rimessi in servizio come nuovi.<\/p>\n<h3><strong>Martin Kyburz: \"Ehi squadra, questo \u00e8 il vostro premio\".<\/strong><\/h3>\n<p>Daniel L\u00e4ubli, presidente della giuria del Prix SVC Wirtschaftsraum Z\u00fcrich e Senior Partner di McKinsey &amp; Company Zurich, ha reso omaggio al vincitore del primo premio. Ha detto che la storia di crescita dell'azienda, sia a livello nazionale che internazionale, \u00e8 impressionante: \u00e8 stata all'avanguardia fin dalla sua fondazione. \"Soprattutto, la vittoria \u00e8 un tributo al fatto che il team di Kyburz Svizzera \u00e8 composto da appassionati ed esperti armeggiatori, sempre alla ricerca della soluzione al prossimo grande problema.\" Attualmente si dedicano esclusivamente alla produzione di nuove batterie a partire dalle materie prime recuperate dal processo di riciclaggio.<\/p>\n<p>Nel suo discorso di accettazione, Martin Kyburz si \u00e8 concentrato sul suo team: \"Ehi team, questo \u00e8 il vostro premio\", ha gridato ai colleghi presenti. Per lui la vittoria del trofeo \u00e8 una ricompensa per la passione quotidiana nell'innovare e creare posti di lavoro.<\/p>\n<h3><strong>Oltre a Kyburz Svizzera, sono state premiate altre quattro aziende<\/strong><\/h3>\n<p>Il secondo posto \u00e8 andato a G. Bopp &amp; Co. AG di Zurigo, che da decenni \u00e8 uno dei produttori leader a livello mondiale di reti metalliche per applicazioni esigenti e diversificate. Se l'azienda \u00e8 stata fondata nel 1881 per produrre vagli e griglie di alta qualit\u00e0, stabili e affidabili, oggi le maglie sono spesso componenti importanti di processi altamente complessi nell'industria o nella ricerca e sviluppo. David Rolny, membro del consiglio di amministrazione dell'azienda, ha sottolineato con orgoglio che anche la NASA \u00e8 uno dei suoi clienti e che i prodotti di G. Bopp &amp; Co. sono stati utilizzati nelle missioni Apollo sulla luna.<\/p>\n<figure id=\"attachment_16994\" aria-describedby=\"caption-attachment-16994\" style=\"width: 680px\" class=\"wp-caption alignnone\"><img loading=\"lazy\" decoding=\"async\" class=\"size-full wp-image-16994\" src=\"https:\/\/www.organisator.ch\/wp-content\/uploads\/2022\/09\/Kyburz-Switzerland-ist-Gewinner-des-Prix-SVC-Wirtschaftsraum-Zurich-2022-3_Organisator.jpg\" alt=\"\" width=\"680\" height=\"452\" srcset=\"https:\/\/www.organisator.ch\/wp-content\/uploads\/2022\/09\/Kyburz-Switzerland-ist-Gewinner-des-Prix-SVC-Wirtschaftsraum-Zurich-2022-3_Organisator.jpg 680w, https:\/\/www.organisator.ch\/wp-content\/uploads\/2022\/09\/Kyburz-Switzerland-ist-Gewinner-des-Prix-SVC-Wirtschaftsraum-Zurich-2022-3_Organisator-18x12.jpg 18w, https:\/\/www.organisator.ch\/wp-content\/uploads\/2022\/09\/Kyburz-Switzerland-ist-Gewinner-des-Prix-SVC-Wirtschaftsraum-Zurich-2022-3_Organisator-263x175.jpg 263w, https:\/\/www.organisator.ch\/wp-content\/uploads\/2022\/09\/Kyburz-Switzerland-ist-Gewinner-des-Prix-SVC-Wirtschaftsraum-Zurich-2022-3_Organisator-527x350.jpg 527w, https:\/\/www.organisator.ch\/wp-content\/uploads\/2022\/09\/Kyburz-Switzerland-ist-Gewinner-des-Prix-SVC-Wirtschaftsraum-Zurich-2022-3_Organisator-300x199.jpg 300w\" sizes=\"auto, (max-width: 680px) 100vw, 680px\" \/><figcaption id=\"caption-attachment-16994\" class=\"wp-caption-text\">Tensione in attesa della cerimonia di premiazione (da sinistra a destra): Guy Petignat (Falu AG), David Rolny (G. Bopp &amp; Co. AG), Martin Kyburz (Kyburz Switzerland AG), Nils Planzer (Planzer Transport AG) e Marco Hirsbrunner (Polo Sud). (Immagine: Thomas Berner)<\/figcaption><\/figure>\n<p>Il terzo posto \u00e8 andato a Planzer Transport AG, una societ\u00e0 per azioni a conduzione familiare dal 1966. Fedeli al motto \"Tutto da un'unica fonte\", i clienti beneficiano di servizi diversificati e di soluzioni totali nel campo della logistica, dalla logistica di magazzino al trasporto di merci generiche, fino ai servizi per i pacchi. Un'attenzione particolare \u00e8 rivolta al tema della sostenibilit\u00e0. Ad esempio, oltre 60% delle spedizioni coprono la maggior parte della distanza di trasporto in modo ecologico su rotaia. Gli altri premiati della serata sono la Falu AG di R\u00fcti, leader nella produzione di attrezzature per la produzione e il confezionamento di cotton fioc e dischetti di cotone, e la South Pole di Zurigo, sviluppatore di quasi 1.000 progetti di protezione del clima e fornitore leader di soluzioni per la protezione del clima.<\/p>\n<h3><strong>Processo di giuria, messaggio di benvenuto del governo e panel di imprese<\/strong><\/h3>\n<p>Lo Swiss Venture Club (SVC) assegna il Prix SVC Wirtschaftsraum Z\u00fcrich alle piccole e medie imprese (PMI) di successo della regione. In un processo a pi\u00f9 fasi, la giuria di esperti composta da 20 membri ha nominato in anticipo le cinque aziende finaliste e le ha visitate durante un viaggio della giuria. In base a criteri chiaramente definiti, l'azienda vincitrice \u00e8 stata scelta tra tutte quelle candidate.<\/p>\n<p>L'evento festoso ed emozionante, che Nik Hartmann ha condotto ancora una volta con arguzia e competenza, si \u00e8 tenuto alla Kongresshaus di Zurigo con circa 1400 partecipanti. La Consigliera cantonale Carmen Walker Sp\u00e4h ha pronunciato il messaggio di benvenuto e ha sottolineato che gli sviluppi innovativi delle PMI sono la spina dorsale dell'economia di Zurigo. \u00c8 quindi di fondamentale importanza essere all'avanguardia nell'innovazione. Questo crea posti di lavoro e prosperit\u00e0. Nel panel economico sul tema \"Crisi, guerra e cambiamenti climatici: niente pu\u00f2 scuotere l'economia svizzera? Oppure?\", Daniela Bosshardt-Hengartner, consulente di gestione e membro del consiglio di amministrazione, Anita Buchli, direttrice di ZHAW entrepreneurship, Andreas Gerber, presidente di SVC e responsabile di Corporate Clients, Credit Suisse (Svizzera) SA, e Valentin Vogt, presidente dell'Associazione svizzera dei datori di lavoro, hanno fornito approfondimenti sulle sfide attuali e sugli approcci alle soluzioni nell'economia svizzera.<\/p>\n<p>Grande successo ha riscosso anche la tavola rotonda pomeridiana con Ancillo Canepa (Presidente FC Zurigo) e Marinko Jurendic (Responsabile Sport FC Zurigo) su strategie, emozioni e cuore e anima nel guidare l'FCZ attraverso gli alti e bassi del successo sportivo.<\/p>\n<p><em>Fonte e ulteriori informazioni: <a href=\"http:\/\/www.svc.swiss\">www.svc.swiss<\/a><\/em><\/p>","protected":false},"excerpt":{"rendered":"<p>Kyburz Switzerland aus Freienstein ist seit mehr als 30 Jahren internationaler Leader f\u00fcr hochwertige Mobilit\u00e4ts- und Transportl\u00f6sungen. Was im Gr\u00fcndungsjahr 1991 mit der Konstruktion von Solarmobilen begann, hat sich inzwischen zur Produktion von qualitativ hochstehenden Elektrofahrzeuge f\u00fcr Zustell- und Industriebetriebe entwickelt. Die hauseigene Telematik-L\u00f6sung minimiert die administrativen Abl\u00e4ufe und verbessert die Wirtschaftlichkeit grosser Flotten. Nicht [&hellip;]<\/p>\n","protected":false},"author":4,"featured_media":16993,"comment_status":"closed","ping_status":"closed","sticky":false,"template":"","format":"standard","meta":{"_acf_changed":false,"_yoast_wpseo_focuskw":"Kyburz Switzerland","_yoast_wpseo_metadesc":"Kyburz Switzerland AG aus Freienstein ist die Siegerin des Prix SVC Wirtschaftsraum Z\u00fcrich 2022. Der Preis wurde am 20. September verliehen.","articlekey":"","footnotes":""},"categories":[28],"tags":[66,390,492],"class_list":["post-16992","post","type-post","status-publish","format-standard","has-post-thumbnail","hentry","category-management","tag-awards","tag-prix-svc","tag-unternehmen"],"acf":[],"yoast_head":"<!-- This site is optimized with the Yoast SEO plugin v27.5 - https:\/\/yoast.com\/product\/yoast-seo-wordpress\/ -->\n<title>Kyburz Switzerland ist Gewinner des Prix SVC Wirtschaftsraum Z\u00fcrich 2022 - Organisator<\/title>\n<meta name=\"description\" content=\"Kyburz Switzerland AG aus Freienstein ist die Siegerin des Prix SVC Wirtschaftsraum Z\u00fcrich 2022. Der Preis wurde am 20. September verliehen.\" \/>\n<meta name=\"robots\" content=\"index, follow, max-snippet:-1, max-image-preview:large, max-video-preview:-1\" \/>\n<link rel=\"canonical\" href=\"https:\/\/www.organisator.ch\/it\/gestione-2\/2022-09-21\/kyburz-switzerland-ist-gewinner-des-prix-svc-wirtschaftsraum-zuerich-2022\/\" \/>\n<meta property=\"og:locale\" content=\"it_IT\" \/>\n<meta property=\"og:type\" content=\"article\" \/>\n<meta property=\"og:title\" content=\"Kyburz Switzerland ist Gewinner des Prix SVC Wirtschaftsraum Z\u00fcrich 2022\" \/>\n<meta property=\"og:description\" content=\"Kyburz Switzerland AG aus Freienstein ist die Siegerin des Prix SVC Wirtschaftsraum Z\u00fcrich 2022. Der Preis wurde am 20. September verliehen.\" \/>\n<meta property=\"og:url\" content=\"https:\/\/www.organisator.ch\/it\/gestione-2\/2022-09-21\/kyburz-switzerland-ist-gewinner-des-prix-svc-wirtschaftsraum-zuerich-2022\/\" \/>\n<meta property=\"og:site_name\" content=\"Organisator\" \/>\n<meta property=\"article:publisher\" content=\"https:\/\/www.facebook.com\/OrganisatorFachmagazin\" \/>\n<meta property=\"article:published_time\" content=\"2022-09-21T06:42:03+00:00\" \/>\n<meta property=\"article:modified_time\" content=\"2022-10-12T07:32:38+00:00\" \/>\n<meta property=\"og:image\" content=\"https:\/\/www.organisator.ch\/wp-content\/uploads\/2022\/09\/Kyburz-Switzerland-ist-Gewinner-des-Prix-SVC-Wirtschaftsraum-Zurich-2022-1_Organisator.jpg\" \/>\n\t<meta property=\"og:image:width\" content=\"680\" \/>\n\t<meta property=\"og:image:height\" content=\"452\" \/>\n\t<meta property=\"og:image:type\" content=\"image\/jpeg\" \/>\n<meta name=\"author\" content=\"thomas.berner\" \/>\n<meta name=\"twitter:card\" content=\"summary_large_image\" \/>\n<meta name=\"twitter:title\" content=\"#Kyburz Switzerland ist Gewinner des Prix #SVC Wirtschaftsraum Z\u00fcrich 2022\" \/>\n<meta name=\"twitter:description\" content=\"#Kyburz Switzerland AG aus #Freienstein ist die Siegerin des Prix #SVC Wirtschaftsraum Z\u00fcrich 2022. Der Preis wurde am 20. September verliehen.\" \/>\n<meta name=\"twitter:image\" content=\"https:\/\/www.organisator.ch\/wp-content\/uploads\/2022\/09\/Kyburz-Switzerland-ist-Gewinner-des-Prix-SVC-Wirtschaftsraum-Zurich-2022-1_Organisator.jpg\" \/>\n<script type=\"application\/ld+json\" class=\"yoast-schema-graph\">{\"@context\":\"https:\\\/\\\/schema.org\",\"@graph\":[{\"@type\":\"Article\",\"@id\":\"https:\\\/\\\/www.organisator.ch\\\/management\\\/2022-09-21\\\/kyburz-switzerland-ist-gewinner-des-prix-svc-wirtschaftsraum-zuerich-2022\\\/#article\",\"isPartOf\":{\"@id\":\"https:\\\/\\\/www.organisator.ch\\\/management\\\/2022-09-21\\\/kyburz-switzerland-ist-gewinner-des-prix-svc-wirtschaftsraum-zuerich-2022\\\/\"},\"author\":{\"name\":\"thomas.berner\",\"@id\":\"https:\\\/\\\/www.organisator.ch\\\/#\\\/schema\\\/person\\\/6f650f90b2842cd4c0cc334b4e36f67e\"},\"headline\":\"Kyburz Switzerland ist Gewinner des Prix SVC Wirtschaftsraum Z\u00fcrich 2022\",\"datePublished\":\"2022-09-21T06:42:03+00:00\",\"dateModified\":\"2022-10-12T07:32:38+00:00\",\"mainEntityOfPage\":{\"@id\":\"https:\\\/\\\/www.organisator.ch\\\/management\\\/2022-09-21\\\/kyburz-switzerland-ist-gewinner-des-prix-svc-wirtschaftsraum-zuerich-2022\\\/\"},\"wordCount\":877,\"publisher\":{\"@id\":\"https:\\\/\\\/www.organisator.ch\\\/#organization\"},\"image\":{\"@id\":\"https:\\\/\\\/www.organisator.ch\\\/management\\\/2022-09-21\\\/kyburz-switzerland-ist-gewinner-des-prix-svc-wirtschaftsraum-zuerich-2022\\\/#primaryimage\"},\"thumbnailUrl\":\"https:\\\/\\\/www.organisator.ch\\\/wp-content\\\/uploads\\\/2022\\\/09\\\/Kyburz-Switzerland-ist-Gewinner-des-Prix-SVC-Wirtschaftsraum-Zurich-2022-1_Organisator.jpg\",\"keywords\":[\"Awards\",\"Prix SVC\",\"Unternehmen\"],\"articleSection\":[\"MANAGEMENT\"],\"inLanguage\":\"it-IT\"},{\"@type\":\"WebPage\",\"@id\":\"https:\\\/\\\/www.organisator.ch\\\/management\\\/2022-09-21\\\/kyburz-switzerland-ist-gewinner-des-prix-svc-wirtschaftsraum-zuerich-2022\\\/\",\"url\":\"https:\\\/\\\/www.organisator.ch\\\/management\\\/2022-09-21\\\/kyburz-switzerland-ist-gewinner-des-prix-svc-wirtschaftsraum-zuerich-2022\\\/\",\"name\":\"Kyburz Switzerland ist Gewinner des Prix SVC Wirtschaftsraum Z\u00fcrich 2022 - Organisator\",\"isPartOf\":{\"@id\":\"https:\\\/\\\/www.organisator.ch\\\/#website\"},\"primaryImageOfPage\":{\"@id\":\"https:\\\/\\\/www.organisator.ch\\\/management\\\/2022-09-21\\\/kyburz-switzerland-ist-gewinner-des-prix-svc-wirtschaftsraum-zuerich-2022\\\/#primaryimage\"},\"image\":{\"@id\":\"https:\\\/\\\/www.organisator.ch\\\/management\\\/2022-09-21\\\/kyburz-switzerland-ist-gewinner-des-prix-svc-wirtschaftsraum-zuerich-2022\\\/#primaryimage\"},\"thumbnailUrl\":\"https:\\\/\\\/www.organisator.ch\\\/wp-content\\\/uploads\\\/2022\\\/09\\\/Kyburz-Switzerland-ist-Gewinner-des-Prix-SVC-Wirtschaftsraum-Zurich-2022-1_Organisator.jpg\",\"datePublished\":\"2022-09-21T06:42:03+00:00\",\"dateModified\":\"2022-10-12T07:32:38+00:00\",\"description\":\"Kyburz Switzerland AG aus Freienstein ist die Siegerin des Prix SVC Wirtschaftsraum Z\u00fcrich 2022. Der Preis wurde am 20. September verliehen.\",\"breadcrumb\":{\"@id\":\"https:\\\/\\\/www.organisator.ch\\\/management\\\/2022-09-21\\\/kyburz-switzerland-ist-gewinner-des-prix-svc-wirtschaftsraum-zuerich-2022\\\/#breadcrumb\"},\"inLanguage\":\"it-IT\",\"potentialAction\":[{\"@type\":\"ReadAction\",\"target\":[\"https:\\\/\\\/www.organisator.ch\\\/management\\\/2022-09-21\\\/kyburz-switzerland-ist-gewinner-des-prix-svc-wirtschaftsraum-zuerich-2022\\\/\"]}]},{\"@type\":\"ImageObject\",\"inLanguage\":\"it-IT\",\"@id\":\"https:\\\/\\\/www.organisator.ch\\\/management\\\/2022-09-21\\\/kyburz-switzerland-ist-gewinner-des-prix-svc-wirtschaftsraum-zuerich-2022\\\/#primaryimage\",\"url\":\"https:\\\/\\\/www.organisator.ch\\\/wp-content\\\/uploads\\\/2022\\\/09\\\/Kyburz-Switzerland-ist-Gewinner-des-Prix-SVC-Wirtschaftsraum-Zurich-2022-1_Organisator.jpg\",\"contentUrl\":\"https:\\\/\\\/www.organisator.ch\\\/wp-content\\\/uploads\\\/2022\\\/09\\\/Kyburz-Switzerland-ist-Gewinner-des-Prix-SVC-Wirtschaftsraum-Zurich-2022-1_Organisator.jpg\",\"width\":680,\"height\":452,\"caption\":\"Martin Kyburz, Gesch\u00e4ftsf\u00fchrer und Inhaber von Kyburz Switzerland freut sich \u00fcber den Gewinn des Prix SVC Wirtschaftsraums Z\u00fcrich. (Bild: Thomas Berner)\"},{\"@type\":\"BreadcrumbList\",\"@id\":\"https:\\\/\\\/www.organisator.ch\\\/management\\\/2022-09-21\\\/kyburz-switzerland-ist-gewinner-des-prix-svc-wirtschaftsraum-zuerich-2022\\\/#breadcrumb\",\"itemListElement\":[{\"@type\":\"ListItem\",\"position\":1,\"name\":\"Home\",\"item\":\"https:\\\/\\\/www.organisator.ch\\\/\"},{\"@type\":\"ListItem\",\"position\":2,\"name\":\"Kyburz Switzerland ist Gewinner des Prix SVC Wirtschaftsraum Z\u00fcrich 2022\"}]},{\"@type\":\"WebSite\",\"@id\":\"https:\\\/\\\/www.organisator.ch\\\/#website\",\"url\":\"https:\\\/\\\/www.organisator.ch\\\/\",\"name\":\"Organisator\",\"description\":\"Kompetent. Praxisnah. Der ORGANISATOR bereitet in 10 Ausgaben pro Jahr die wesentlichen Themen f\u00fcr F\u00fchrungskr\u00e4fte von KMU auf.\",\"publisher\":{\"@id\":\"https:\\\/\\\/www.organisator.ch\\\/#organization\"},\"potentialAction\":[{\"@type\":\"SearchAction\",\"target\":{\"@type\":\"EntryPoint\",\"urlTemplate\":\"https:\\\/\\\/www.organisator.ch\\\/?s={search_term_string}\"},\"query-input\":{\"@type\":\"PropertyValueSpecification\",\"valueRequired\":true,\"valueName\":\"search_term_string\"}}],\"inLanguage\":\"it-IT\"},{\"@type\":\"Organization\",\"@id\":\"https:\\\/\\\/www.organisator.ch\\\/#organization\",\"name\":\"Organisator\",\"url\":\"https:\\\/\\\/www.organisator.ch\\\/\",\"logo\":{\"@type\":\"ImageObject\",\"inLanguage\":\"it-IT\",\"@id\":\"https:\\\/\\\/www.organisator.ch\\\/#\\\/schema\\\/logo\\\/image\\\/\",\"url\":\"https:\\\/\\\/www.organisator.ch\\\/wp-content\\\/uploads\\\/2022\\\/01\\\/Logo_Organisator_Website.png\",\"contentUrl\":\"https:\\\/\\\/www.organisator.ch\\\/wp-content\\\/uploads\\\/2022\\\/01\\\/Logo_Organisator_Website.png\",\"width\":800,\"height\":77,\"caption\":\"Organisator\"},\"image\":{\"@id\":\"https:\\\/\\\/www.organisator.ch\\\/#\\\/schema\\\/logo\\\/image\\\/\"},\"sameAs\":[\"https:\\\/\\\/www.facebook.com\\\/OrganisatorFachmagazin\",\"https:\\\/\\\/www.linkedin.com\\\/showcase\\\/organisator-das-magazin-fr-kmu\",\"https:\\\/\\\/www.xing.com\\\/news\\\/pages\\\/organisator-ch-695\",\"https:\\\/\\\/www.youtube.com\\\/channel\\\/UCGP2Sq0iWaZwT3BdIAQFYpw\"]},{\"@type\":\"Person\",\"@id\":\"https:\\\/\\\/www.organisator.ch\\\/#\\\/schema\\\/person\\\/6f650f90b2842cd4c0cc334b4e36f67e\",\"name\":\"thomas.berner\",\"image\":{\"@type\":\"ImageObject\",\"inLanguage\":\"it-IT\",\"@id\":\"https:\\\/\\\/secure.gravatar.com\\\/avatar\\\/ac5001d2a36cb6c6cd3e50789007ffca834b477b74a2144564522e944eabff61?s=96&d=mm&r=g\",\"url\":\"https:\\\/\\\/secure.gravatar.com\\\/avatar\\\/ac5001d2a36cb6c6cd3e50789007ffca834b477b74a2144564522e944eabff61?s=96&d=mm&r=g\",\"contentUrl\":\"https:\\\/\\\/secure.gravatar.com\\\/avatar\\\/ac5001d2a36cb6c6cd3e50789007ffca834b477b74a2144564522e944eabff61?s=96&d=mm&r=g\",\"caption\":\"thomas.berner\"},\"url\":\"https:\\\/\\\/www.organisator.ch\\\/it\\\/author\\\/thomas-berner\\\/\"}]}<\/script>\n<!-- \/ Yoast SEO plugin. -->","yoast_head_json":{"title":"Kyburz Svizzera \u00e8 il vincitore del Prix SVC Wirtschaftsraum Z\u00fcrich 2022 - Organizzatore","description":"Kyburz Switzerland AG di Freienstein \u00e8 il vincitore del Prix SVC Wirtschaftsraum Z\u00fcrich 2022, assegnato il 20 settembre.","robots":{"index":"index","follow":"follow","max-snippet":"max-snippet:-1","max-image-preview":"max-image-preview:large","max-video-preview":"max-video-preview:-1"},"canonical":"https:\/\/www.organisator.ch\/it\/gestione-2\/2022-09-21\/kyburz-switzerland-ist-gewinner-des-prix-svc-wirtschaftsraum-zuerich-2022\/","og_locale":"it_IT","og_type":"article","og_title":"Kyburz Switzerland ist Gewinner des Prix SVC Wirtschaftsraum Z\u00fcrich 2022","og_description":"Kyburz Switzerland AG aus Freienstein ist die Siegerin des Prix SVC Wirtschaftsraum Z\u00fcrich 2022. Der Preis wurde am 20. September verliehen.","og_url":"https:\/\/www.organisator.ch\/it\/gestione-2\/2022-09-21\/kyburz-switzerland-ist-gewinner-des-prix-svc-wirtschaftsraum-zuerich-2022\/","og_site_name":"Organisator","article_publisher":"https:\/\/www.facebook.com\/OrganisatorFachmagazin","article_published_time":"2022-09-21T06:42:03+00:00","article_modified_time":"2022-10-12T07:32:38+00:00","og_image":[{"width":680,"height":452,"url":"https:\/\/www.organisator.ch\/wp-content\/uploads\/2022\/09\/Kyburz-Switzerland-ist-Gewinner-des-Prix-SVC-Wirtschaftsraum-Zurich-2022-1_Organisator.jpg","type":"image\/jpeg"}],"author":"thomas.berner","twitter_card":"summary_large_image","twitter_title":"#Kyburz Switzerland ist Gewinner des Prix #SVC Wirtschaftsraum Z\u00fcrich 2022","twitter_description":"#Kyburz Switzerland AG aus #Freienstein ist die Siegerin des Prix #SVC Wirtschaftsraum Z\u00fcrich 2022. Der Preis wurde am 20. September verliehen.","twitter_image":"https:\/\/www.organisator.ch\/wp-content\/uploads\/2022\/09\/Kyburz-Switzerland-ist-Gewinner-des-Prix-SVC-Wirtschaftsraum-Zurich-2022-1_Organisator.jpg","schema":{"@context":"https:\/\/schema.org","@graph":[{"@type":"Article","@id":"https:\/\/www.organisator.ch\/management\/2022-09-21\/kyburz-switzerland-ist-gewinner-des-prix-svc-wirtschaftsraum-zuerich-2022\/#article","isPartOf":{"@id":"https:\/\/www.organisator.ch\/management\/2022-09-21\/kyburz-switzerland-ist-gewinner-des-prix-svc-wirtschaftsraum-zuerich-2022\/"},"author":{"name":"thomas.berner","@id":"https:\/\/www.organisator.ch\/#\/schema\/person\/6f650f90b2842cd4c0cc334b4e36f67e"},"headline":"Kyburz Switzerland ist Gewinner des Prix SVC Wirtschaftsraum Z\u00fcrich 2022","datePublished":"2022-09-21T06:42:03+00:00","dateModified":"2022-10-12T07:32:38+00:00","mainEntityOfPage":{"@id":"https:\/\/www.organisator.ch\/management\/2022-09-21\/kyburz-switzerland-ist-gewinner-des-prix-svc-wirtschaftsraum-zuerich-2022\/"},"wordCount":877,"publisher":{"@id":"https:\/\/www.organisator.ch\/#organization"},"image":{"@id":"https:\/\/www.organisator.ch\/management\/2022-09-21\/kyburz-switzerland-ist-gewinner-des-prix-svc-wirtschaftsraum-zuerich-2022\/#primaryimage"},"thumbnailUrl":"https:\/\/www.organisator.ch\/wp-content\/uploads\/2022\/09\/Kyburz-Switzerland-ist-Gewinner-des-Prix-SVC-Wirtschaftsraum-Zurich-2022-1_Organisator.jpg","keywords":["Awards","Prix SVC","Unternehmen"],"articleSection":["MANAGEMENT"],"inLanguage":"it-IT"},{"@type":"WebPage","@id":"https:\/\/www.organisator.ch\/management\/2022-09-21\/kyburz-switzerland-ist-gewinner-des-prix-svc-wirtschaftsraum-zuerich-2022\/","url":"https:\/\/www.organisator.ch\/management\/2022-09-21\/kyburz-switzerland-ist-gewinner-des-prix-svc-wirtschaftsraum-zuerich-2022\/","name":"Kyburz Svizzera \u00e8 il vincitore del Prix SVC Wirtschaftsraum Z\u00fcrich 2022 - Organizzatore","isPartOf":{"@id":"https:\/\/www.organisator.ch\/#website"},"primaryImageOfPage":{"@id":"https:\/\/www.organisator.ch\/management\/2022-09-21\/kyburz-switzerland-ist-gewinner-des-prix-svc-wirtschaftsraum-zuerich-2022\/#primaryimage"},"image":{"@id":"https:\/\/www.organisator.ch\/management\/2022-09-21\/kyburz-switzerland-ist-gewinner-des-prix-svc-wirtschaftsraum-zuerich-2022\/#primaryimage"},"thumbnailUrl":"https:\/\/www.organisator.ch\/wp-content\/uploads\/2022\/09\/Kyburz-Switzerland-ist-Gewinner-des-Prix-SVC-Wirtschaftsraum-Zurich-2022-1_Organisator.jpg","datePublished":"2022-09-21T06:42:03+00:00","dateModified":"2022-10-12T07:32:38+00:00","description":"Kyburz Switzerland AG di Freienstein \u00e8 il vincitore del Prix SVC Wirtschaftsraum Z\u00fcrich 2022, assegnato il 20 settembre.","breadcrumb":{"@id":"https:\/\/www.organisator.ch\/management\/2022-09-21\/kyburz-switzerland-ist-gewinner-des-prix-svc-wirtschaftsraum-zuerich-2022\/#breadcrumb"},"inLanguage":"it-IT","potentialAction":[{"@type":"ReadAction","target":["https:\/\/www.organisator.ch\/management\/2022-09-21\/kyburz-switzerland-ist-gewinner-des-prix-svc-wirtschaftsraum-zuerich-2022\/"]}]},{"@type":"ImageObject","inLanguage":"it-IT","@id":"https:\/\/www.organisator.ch\/management\/2022-09-21\/kyburz-switzerland-ist-gewinner-des-prix-svc-wirtschaftsraum-zuerich-2022\/#primaryimage","url":"https:\/\/www.organisator.ch\/wp-content\/uploads\/2022\/09\/Kyburz-Switzerland-ist-Gewinner-des-Prix-SVC-Wirtschaftsraum-Zurich-2022-1_Organisator.jpg","contentUrl":"https:\/\/www.organisator.ch\/wp-content\/uploads\/2022\/09\/Kyburz-Switzerland-ist-Gewinner-des-Prix-SVC-Wirtschaftsraum-Zurich-2022-1_Organisator.jpg","width":680,"height":452,"caption":"Martin Kyburz, Gesch\u00e4ftsf\u00fchrer und Inhaber von Kyburz Switzerland freut sich \u00fcber den Gewinn des Prix SVC Wirtschaftsraums Z\u00fcrich. (Bild: Thomas Berner)"},{"@type":"BreadcrumbList","@id":"https:\/\/www.organisator.ch\/management\/2022-09-21\/kyburz-switzerland-ist-gewinner-des-prix-svc-wirtschaftsraum-zuerich-2022\/#breadcrumb","itemListElement":[{"@type":"ListItem","position":1,"name":"Home","item":"https:\/\/www.organisator.ch\/"},{"@type":"ListItem","position":2,"name":"Kyburz Switzerland ist Gewinner des Prix SVC Wirtschaftsraum Z\u00fcrich 2022"}]},{"@type":"WebSite","@id":"https:\/\/www.organisator.ch\/#website","url":"https:\/\/www.organisator.ch\/","name":"Organizzatore","description":"Competente. Pratico. In 10 numeri all'anno, ORGANISATOR presenta i temi essenziali per i manager delle PMI.","publisher":{"@id":"https:\/\/www.organisator.ch\/#organization"},"potentialAction":[{"@type":"SearchAction","target":{"@type":"EntryPoint","urlTemplate":"https:\/\/www.organisator.ch\/?s={search_term_string}"},"query-input":{"@type":"PropertyValueSpecification","valueRequired":true,"valueName":"search_term_string"}}],"inLanguage":"it-IT"},{"@type":"Organization","@id":"https:\/\/www.organisator.ch\/#organization","name":"Organizzatore","url":"https:\/\/www.organisator.ch\/","logo":{"@type":"ImageObject","inLanguage":"it-IT","@id":"https:\/\/www.organisator.ch\/#\/schema\/logo\/image\/","url":"https:\/\/www.organisator.ch\/wp-content\/uploads\/2022\/01\/Logo_Organisator_Website.png","contentUrl":"https:\/\/www.organisator.ch\/wp-content\/uploads\/2022\/01\/Logo_Organisator_Website.png","width":800,"height":77,"caption":"Organisator"},"image":{"@id":"https:\/\/www.organisator.ch\/#\/schema\/logo\/image\/"},"sameAs":["https:\/\/www.facebook.com\/OrganisatorFachmagazin","https:\/\/www.linkedin.com\/showcase\/organisator-das-magazin-fr-kmu","https:\/\/www.xing.com\/news\/pages\/organisator-ch-695","https:\/\/www.youtube.com\/channel\/UCGP2Sq0iWaZwT3BdIAQFYpw"]},{"@type":"Person","@id":"https:\/\/www.organisator.ch\/#\/schema\/person\/6f650f90b2842cd4c0cc334b4e36f67e","name":"Tommaso.berner","image":{"@type":"ImageObject","inLanguage":"it-IT","@id":"https:\/\/secure.gravatar.com\/avatar\/ac5001d2a36cb6c6cd3e50789007ffca834b477b74a2144564522e944eabff61?s=96&d=mm&r=g","url":"https:\/\/secure.gravatar.com\/avatar\/ac5001d2a36cb6c6cd3e50789007ffca834b477b74a2144564522e944eabff61?s=96&d=mm&r=g","contentUrl":"https:\/\/secure.gravatar.com\/avatar\/ac5001d2a36cb6c6cd3e50789007ffca834b477b74a2144564522e944eabff61?s=96&d=mm&r=g","caption":"thomas.berner"},"url":"https:\/\/www.organisator.ch\/it\/author\/thomas-berner\/"}]}},"_links":{"self":[{"href":"https:\/\/www.organisator.ch\/it\/wp-json\/wp\/v2\/posts\/16992","targetHints":{"allow":["GET"]}}],"collection":[{"href":"https:\/\/www.organisator.ch\/it\/wp-json\/wp\/v2\/posts"}],"about":[{"href":"https:\/\/www.organisator.ch\/it\/wp-json\/wp\/v2\/types\/post"}],"author":[{"embeddable":true,"href":"https:\/\/www.organisator.ch\/it\/wp-json\/wp\/v2\/users\/4"}],"replies":[{"embeddable":true,"href":"https:\/\/www.organisator.ch\/it\/wp-json\/wp\/v2\/comments?post=16992"}],"version-history":[{"count":3,"href":"https:\/\/www.organisator.ch\/it\/wp-json\/wp\/v2\/posts\/16992\/revisions"}],"predecessor-version":[{"id":16997,"href":"https:\/\/www.organisator.ch\/it\/wp-json\/wp\/v2\/posts\/16992\/revisions\/16997"}],"wp:featuredmedia":[{"embeddable":true,"href":"https:\/\/www.organisator.ch\/it\/wp-json\/wp\/v2\/media\/16993"}],"wp:attachment":[{"href":"https:\/\/www.organisator.ch\/it\/wp-json\/wp\/v2\/media?parent=16992"}],"wp:term":[{"taxonomy":"category","embeddable":true,"href":"https:\/\/www.organisator.ch\/it\/wp-json\/wp\/v2\/categories?post=16992"},{"taxonomy":"post_tag","embeddable":true,"href":"https:\/\/www.organisator.ch\/it\/wp-json\/wp\/v2\/tags?post=16992"}],"curies":[{"name":"wp","href":"https:\/\/api.w.org\/{rel}","templated":true}]}}