{"id":17065,"date":"2022-09-26T13:23:47","date_gmt":"2022-09-26T11:23:47","guid":{"rendered":"https:\/\/www.m-q.ch\/?p=16929"},"modified":"2024-11-21T08:24:10","modified_gmt":"2024-11-21T07:24:10","slug":"nachhaltige-produktion-mit-energiemanagement-co","status":"publish","type":"post","link":"https:\/\/www.organisator.ch\/it\/operational-excellence\/2022-09-26\/nachhaltige-produktion-mit-energiemanagement-co\/","title":{"rendered":"Produzione sostenibile con gestione dell'energia &amp; Co."},"content":{"rendered":"<figure id=\"attachment_16930\" class=\"wp-caption alignnone\" style=\"width: 680px\" aria-describedby=\"caption-attachment-16930\"><img class=\"alignnone wp-image-16930 size-full\" src=\"https:\/\/www.m-q.ch\/wp-content\/uploads\/2022\/09\/Nachhaltige-Produktion-mit-Energiemanagement-Co_MQ.jpg\" alt=\"Produzione sostenibile\" width=\"680\" height=\"453\" \/>\r\n<figcaption id=\"caption-attachment-16930\" class=\"wp-caption-text\">Passo dopo passo verso una produzione sostenibile e allo stesso tempo economica grazie alla gestione dell'energia. (Immagine: Adobe Stock)<\/figcaption>\r\n<\/figure>\r\n<p>Oggi \u00e8 difficile chiedersi perch\u00e9 la sostenibilit\u00e0 sia importante senza che ci venga ricordata la responsabilit\u00e0 che tutti noi abbiamo nei confronti della societ\u00e0. Ci\u00f2 rende ancora pi\u00f9 interessante scoprire cosa si intende per sostenibilit\u00e0, soprattutto in vista della produzione e di temi di tendenza come l'Industria 4.0. Quindi la domanda non \u00e8 \"perch\u00e9\", ma piuttosto \"come\".<\/p>\r\n<h3>Ecologia e protezione ambientale<\/h3>\r\n<p>Cominciamo da quello pi\u00f9 ovvio, l'ambiente. Sostenibilit\u00e0 in questo ambiente significa che utilizzo solo le materie prime e le risorse assolutamente necessarie. Questo vale sia per i materiali e le macchine che per il personale e l'energia. Nel caso dell'energia, il legame con l'ambiente \u00e8 pi\u00f9 evidente, poich\u00e9 la maggior parte delle forme di energia provoca direttamente l'inquinamento dell'ambiente - vengono prodotti gas di scarico o almeno CO2. Pertanto, una produzione sostenibile richiede rapidamente una gestione dell'energia. Gestione dell'energia significa conoscere il proprio consumo energetico e ottimizzarlo al meglio. Questo include essenzialmente misure per aumentare l'efficienza.<\/p>\r\n<p>Ad esempio, in base ai consumi noti, si pu\u00f2 decidere di produrre un prodotto solo con la macchina che richiede meno energia. Un'altra misura consiste nel ridurre a zero i rifiuti, in modo da non consumare energia inutile. \u00c8 inoltre importante evitare perdite nella distribuzione dell'energia; ad esempio, il sistema di tubazioni per l'aria compressa viene controllato regolarmente per verificare l'assenza di perdite.<\/p>\r\n<p>Il software di gestione dell'energia aiuta le aziende manifatturiere a registrare sistematicamente tutti i consumi e ad attribuirli alle rispettive utenze. In questo modo \u00e8 possibile identificare le risorse che consumano energia e gli ordini con un elevato fabbisogno energetico. A tal fine, la gestione dell'energia deve essere integrata nell'IT di produzione o almeno deve essere in grado di accedere ai dati di produzione relativi agli ordini. Idealmente, la gestione dell'energia fa parte del Manufacturing Execution System (MES), ma esistono anche soluzioni che possono essere utilizzate autonomamente. Oltre alla registrazione e all'analisi del consumo energetico, l'attenzione si concentra in particolare sulla correlazione con i dati degli ordini e gli stati delle macchine. Ad esempio, la gestione dell'energia pu\u00f2 essere utilizzata per determinare la quantit\u00e0 di energia consumata da un determinato ordine e da qui calcolare le cifre chiave che indicano quanta energia \u00e8 stata utilizzata per produrre un singolo articolo. La correlazione con le condizioni della macchina consente di trarre conclusioni su eventuali sprechi durante i periodi non produttivi. Potrebbe essere possibile spegnere macchine selezionate o almeno parti di esse quando non producono. Ad esempio, il nastro trasportatore che porta via i pezzi finiti o il robot di movimentazione che rimuove i pezzi dallo stampo possono essere fermati temporaneamente.<\/p>\r\n<h3>Economia ed efficienza<\/h3>\r\n<p>\u00c8 ovvio che un minor consumo di energia consente di risparmiare l'ambiente. \u00c8 altrettanto ovvio che \u00e8 possibile risparmiare denaro utilizzando meno energia. Dopotutto, l'energia non solo costa, ma negli ultimi anni anche i prezzi di tutti i tipi di energia sono aumentati enormemente. La crescente pressione competitiva nell'industria manifatturiera fa s\u00ec che le aziende siano disposte a ricorrere a qualsiasi mezzo per ridurre i costi di produzione. Oltre all'uso attento delle materie prime, l'aumento dell'efficienza energetica \u00e8 quindi una seconda misura con un elevato potenziale di successo.<\/p>\r\n<p>Anche in questo caso sono evidenti le sinergie tra la gestione dell'energia e altre funzioni IT di produzione. Un altro aspetto interessante in questo contesto \u00e8 la gestione delle quote energetiche. Se si acquistano determinate quote a basso costo, queste devono essere utilizzate in periodi definiti. Ci\u00f2 richiede una pianificazione della produzione orientata all'energia, che pu\u00f2 essere fornita anche da un MES come HYDRA del produttore MPDV. Allo stesso tempo, la pianificazione pu\u00f2 anche evitare i picchi di carico, che comportano costi aggiuntivi per l'acquisto di energia.<\/p>\r\n<p>Soprattutto nell'industria ad alta intensit\u00e0 energetica, la certificazione secondo la norma DIN EN ISO 50001 garantisce ulteriori vantaggi in termini di costi nell'acquisto di energia. Naturalmente, tale certificazione \u00e8 inizialmente costosa, in termini di tempo e denaro. Tuttavia, le aziende manifatturiere non dovrebbero lasciarsi sfuggire questa opportunit\u00e0, soprattutto se sono obbligate a istituire e gestire un sistema di gestione dell'energia secondo la norma DIN EN ISO 50001 a causa del loro elevato consumo energetico.<\/p>\r\n<h3>Miglioramento continuo e a lungo termine<\/h3>\r\n<p>Anche per le misure di riduzione del consumo energetico \u00e8 vero che un'ottimizzazione continua e a lungo termine \u00e8 pi\u00f9 sostenibile di una singola azione. L'energia aggiunge un altro aspetto al processo di miglioramento continuo (CIP) gi\u00e0 in atto nella maggior parte delle aziende.<\/p>\r\n<p>Oltre alle misure interne del CIP, c'\u00e8 anche il cosiddetto obiettivo climatico di 1,5 gradi. Secondo questo obiettivo, le emissioni di gas serra a livello mondiale devono essere ridotte del 45% entro il 2030. Poich\u00e9 la CO2 contribuisce in modo significativo a questo fenomeno e le aziende di produzione, con il loro consumo di energia, hanno una quota significativa, le misure sopra menzionate contribuiscono in ultima analisi alla protezione del clima a lungo termine.<\/p>\r\n<p><em><strong>Autore:<\/strong><\/em><br \/>\r\n<em>Markus Diesner \u00e8 Senior Marketing Specialist Products presso MPDV. Per maggiori informazioni sull'efficienza delle risorse e sulla gestione dell'energia, cliccate qui: <a href=\"https:\/\/www.mpdv.com\/de\/nachhaltige-produktion\/\">https:\/\/www.mpdv.com\/de\/nachhaltige-produktion\/<\/a><\/em><\/p>\n<p class=\"syndicated-attribution\">Questo articolo \u00e8 apparso originariamente su m-q.ch - <a href=\"https:\/\/www.m-q.ch\/de\/nachhaltige-produktion-mit-energiemanagement-co\/\" target=\"_blank\">https:\/\/www.m-q.ch\/de\/nachhaltige-produktion-mit-energiemanagement-co\/<\/a><\/p>","protected":false},"excerpt":{"rendered":"<p>Die Frage, warum Nachhaltigkeit relevant ist, kann man heutzutage kaum mehr stellen, ohne nicht auf die Verantwortung hingewiesen zu werden, die wir alle gegen\u00fcber der Gesellschaft haben. Umso spannender ist es, was denn \u00fcberhaupt mit Nachhaltigkeit gemeint ist \u2013 insbesondere mit Blick auf die Produktion und Trendthemen wie Industrie 4.0. Die Frage lautet also nicht [\u2026]<\/p>\n","protected":false},"author":8,"featured_media":0,"comment_status":"closed","ping_status":"closed","sticky":false,"template":"","format":"standard","meta":{"_acf_changed":false,"_yoast_wpseo_focuskw":"Nachhaltige Produktion","_yoast_wpseo_metadesc":"Nachhaltige Produktion: Schritt f\u00fcr Schritt zur Effizienz dank Energiemanagement. Kosten sparen und Umwelt schonen.","articlekey":"","footnotes":""},"categories":[582],"tags":[3412,3413],"class_list":["post-17065","post","type-post","status-publish","format-standard","hentry","category-operational-excellence","tag-iso-50001","tag-mes-loesungen"],"acf":[],"yoast_head":"<!-- This site is optimized with the Yoast SEO plugin v27.5 - https:\/\/yoast.com\/product\/yoast-seo-wordpress\/ -->\n<title>Nachhaltige Produktion mit Energiemanagement &amp; Co. - Organisator<\/title>\n<meta name=\"description\" content=\"Nachhaltige Produktion: Schritt f\u00fcr Schritt zur Effizienz dank Energiemanagement. Kosten sparen und Umwelt schonen.\" \/>\n<meta name=\"robots\" content=\"index, follow, max-snippet:-1, max-image-preview:large, max-video-preview:-1\" \/>\n<link rel=\"canonical\" href=\"https:\/\/www.organisator.ch\/it\/eccellenza-operativa\/2022-09-26\/nachhaltige-produktion-mit-energiemanagement-co\/\" \/>\n<meta property=\"og:locale\" content=\"it_IT\" \/>\n<meta property=\"og:type\" content=\"article\" \/>\n<meta property=\"og:title\" content=\"Nachhaltige Produktion mit Energiemanagement &amp; Co. - Organisator\" \/>\n<meta property=\"og:description\" content=\"Nachhaltige Produktion: Schritt f\u00fcr Schritt zur Effizienz dank Energiemanagement. Kosten sparen und Umwelt schonen.\" \/>\n<meta property=\"og:url\" content=\"https:\/\/www.organisator.ch\/it\/eccellenza-operativa\/2022-09-26\/nachhaltige-produktion-mit-energiemanagement-co\/\" \/>\n<meta property=\"og:site_name\" content=\"Organisator\" \/>\n<meta property=\"article:publisher\" content=\"https:\/\/www.facebook.com\/OrganisatorFachmagazin\" \/>\n<meta property=\"article:published_time\" content=\"2022-09-26T11:23:47+00:00\" \/>\n<meta property=\"article:modified_time\" content=\"2024-11-21T07:24:10+00:00\" \/>\n<meta name=\"author\" content=\"galledia\" \/>\n<meta name=\"twitter:card\" content=\"summary_large_image\" \/>\n<meta name=\"twitter:creator\" content=\"@admin\" \/>\n<script type=\"application\/ld+json\" class=\"yoast-schema-graph\">{\"@context\":\"https:\\\/\\\/schema.org\",\"@graph\":[{\"@type\":\"Article\",\"@id\":\"https:\\\/\\\/www.organisator.ch\\\/operational-excellence\\\/2022-09-26\\\/nachhaltige-produktion-mit-energiemanagement-co\\\/#article\",\"isPartOf\":{\"@id\":\"https:\\\/\\\/www.organisator.ch\\\/operational-excellence\\\/2022-09-26\\\/nachhaltige-produktion-mit-energiemanagement-co\\\/\"},\"author\":{\"name\":\"galledia\",\"@id\":\"https:\\\/\\\/www.organisator.ch\\\/#\\\/schema\\\/person\\\/4e51799071cd2dd1232ac003643ef5f0\"},\"headline\":\"Nachhaltige Produktion mit Energiemanagement &amp; Co.\",\"datePublished\":\"2022-09-26T11:23:47+00:00\",\"dateModified\":\"2024-11-21T07:24:10+00:00\",\"mainEntityOfPage\":{\"@id\":\"https:\\\/\\\/www.organisator.ch\\\/operational-excellence\\\/2022-09-26\\\/nachhaltige-produktion-mit-energiemanagement-co\\\/\"},\"wordCount\":801,\"publisher\":{\"@id\":\"https:\\\/\\\/www.organisator.ch\\\/#organization\"},\"image\":{\"@id\":\"https:\\\/\\\/www.organisator.ch\\\/operational-excellence\\\/2022-09-26\\\/nachhaltige-produktion-mit-energiemanagement-co\\\/#primaryimage\"},\"thumbnailUrl\":\"https:\\\/\\\/www.m-q.ch\\\/wp-content\\\/uploads\\\/2022\\\/09\\\/Nachhaltige-Produktion-mit-Energiemanagement-Co_MQ.jpg\",\"keywords\":[\"ISO 50001\",\"MES-L\u00f6sungen\"],\"articleSection\":[\"OPERATIONAL EXCELLENCE\"],\"inLanguage\":\"it-IT\"},{\"@type\":\"WebPage\",\"@id\":\"https:\\\/\\\/www.organisator.ch\\\/operational-excellence\\\/2022-09-26\\\/nachhaltige-produktion-mit-energiemanagement-co\\\/\",\"url\":\"https:\\\/\\\/www.organisator.ch\\\/operational-excellence\\\/2022-09-26\\\/nachhaltige-produktion-mit-energiemanagement-co\\\/\",\"name\":\"Nachhaltige Produktion mit Energiemanagement &amp; Co. - Organisator\",\"isPartOf\":{\"@id\":\"https:\\\/\\\/www.organisator.ch\\\/#website\"},\"primaryImageOfPage\":{\"@id\":\"https:\\\/\\\/www.organisator.ch\\\/operational-excellence\\\/2022-09-26\\\/nachhaltige-produktion-mit-energiemanagement-co\\\/#primaryimage\"},\"image\":{\"@id\":\"https:\\\/\\\/www.organisator.ch\\\/operational-excellence\\\/2022-09-26\\\/nachhaltige-produktion-mit-energiemanagement-co\\\/#primaryimage\"},\"thumbnailUrl\":\"https:\\\/\\\/www.m-q.ch\\\/wp-content\\\/uploads\\\/2022\\\/09\\\/Nachhaltige-Produktion-mit-Energiemanagement-Co_MQ.jpg\",\"datePublished\":\"2022-09-26T11:23:47+00:00\",\"dateModified\":\"2024-11-21T07:24:10+00:00\",\"description\":\"Nachhaltige Produktion: Schritt f\u00fcr Schritt zur Effizienz dank Energiemanagement. Kosten sparen und Umwelt schonen.\",\"breadcrumb\":{\"@id\":\"https:\\\/\\\/www.organisator.ch\\\/operational-excellence\\\/2022-09-26\\\/nachhaltige-produktion-mit-energiemanagement-co\\\/#breadcrumb\"},\"inLanguage\":\"it-IT\",\"potentialAction\":[{\"@type\":\"ReadAction\",\"target\":[\"https:\\\/\\\/www.organisator.ch\\\/operational-excellence\\\/2022-09-26\\\/nachhaltige-produktion-mit-energiemanagement-co\\\/\"]}]},{\"@type\":\"ImageObject\",\"inLanguage\":\"it-IT\",\"@id\":\"https:\\\/\\\/www.organisator.ch\\\/operational-excellence\\\/2022-09-26\\\/nachhaltige-produktion-mit-energiemanagement-co\\\/#primaryimage\",\"url\":\"https:\\\/\\\/www.m-q.ch\\\/wp-content\\\/uploads\\\/2022\\\/09\\\/Nachhaltige-Produktion-mit-Energiemanagement-Co_MQ.jpg\",\"contentUrl\":\"https:\\\/\\\/www.m-q.ch\\\/wp-content\\\/uploads\\\/2022\\\/09\\\/Nachhaltige-Produktion-mit-Energiemanagement-Co_MQ.jpg\"},{\"@type\":\"BreadcrumbList\",\"@id\":\"https:\\\/\\\/www.organisator.ch\\\/operational-excellence\\\/2022-09-26\\\/nachhaltige-produktion-mit-energiemanagement-co\\\/#breadcrumb\",\"itemListElement\":[{\"@type\":\"ListItem\",\"position\":1,\"name\":\"Home\",\"item\":\"https:\\\/\\\/www.organisator.ch\\\/\"},{\"@type\":\"ListItem\",\"position\":2,\"name\":\"Nachhaltige Produktion mit Energiemanagement &amp; Co.\"}]},{\"@type\":\"WebSite\",\"@id\":\"https:\\\/\\\/www.organisator.ch\\\/#website\",\"url\":\"https:\\\/\\\/www.organisator.ch\\\/\",\"name\":\"Organisator\",\"description\":\"Kompetent. Praxisnah. Der ORGANISATOR bereitet in 10 Ausgaben pro Jahr die wesentlichen Themen f\u00fcr F\u00fchrungskr\u00e4fte von KMU auf.\",\"publisher\":{\"@id\":\"https:\\\/\\\/www.organisator.ch\\\/#organization\"},\"potentialAction\":[{\"@type\":\"SearchAction\",\"target\":{\"@type\":\"EntryPoint\",\"urlTemplate\":\"https:\\\/\\\/www.organisator.ch\\\/?s={search_term_string}\"},\"query-input\":{\"@type\":\"PropertyValueSpecification\",\"valueRequired\":true,\"valueName\":\"search_term_string\"}}],\"inLanguage\":\"it-IT\"},{\"@type\":\"Organization\",\"@id\":\"https:\\\/\\\/www.organisator.ch\\\/#organization\",\"name\":\"Organisator\",\"url\":\"https:\\\/\\\/www.organisator.ch\\\/\",\"logo\":{\"@type\":\"ImageObject\",\"inLanguage\":\"it-IT\",\"@id\":\"https:\\\/\\\/www.organisator.ch\\\/#\\\/schema\\\/logo\\\/image\\\/\",\"url\":\"https:\\\/\\\/www.organisator.ch\\\/wp-content\\\/uploads\\\/2022\\\/01\\\/Logo_Organisator_Website.png\",\"contentUrl\":\"https:\\\/\\\/www.organisator.ch\\\/wp-content\\\/uploads\\\/2022\\\/01\\\/Logo_Organisator_Website.png\",\"width\":800,\"height\":77,\"caption\":\"Organisator\"},\"image\":{\"@id\":\"https:\\\/\\\/www.organisator.ch\\\/#\\\/schema\\\/logo\\\/image\\\/\"},\"sameAs\":[\"https:\\\/\\\/www.facebook.com\\\/OrganisatorFachmagazin\",\"https:\\\/\\\/www.linkedin.com\\\/showcase\\\/organisator-das-magazin-fr-kmu\",\"https:\\\/\\\/www.xing.com\\\/news\\\/pages\\\/organisator-ch-695\",\"https:\\\/\\\/www.youtube.com\\\/channel\\\/UCGP2Sq0iWaZwT3BdIAQFYpw\"]},{\"@type\":\"Person\",\"@id\":\"https:\\\/\\\/www.organisator.ch\\\/#\\\/schema\\\/person\\\/4e51799071cd2dd1232ac003643ef5f0\",\"name\":\"galledia\",\"image\":{\"@type\":\"ImageObject\",\"inLanguage\":\"it-IT\",\"@id\":\"https:\\\/\\\/secure.gravatar.com\\\/avatar\\\/78a7f90c01fc2bfc875782a0d4922b37cde2cf184ce347b91316d23cd7f69a36?s=96&d=mm&r=g\",\"url\":\"https:\\\/\\\/secure.gravatar.com\\\/avatar\\\/78a7f90c01fc2bfc875782a0d4922b37cde2cf184ce347b91316d23cd7f69a36?s=96&d=mm&r=g\",\"contentUrl\":\"https:\\\/\\\/secure.gravatar.com\\\/avatar\\\/78a7f90c01fc2bfc875782a0d4922b37cde2cf184ce347b91316d23cd7f69a36?s=96&d=mm&r=g\",\"caption\":\"galledia\"},\"sameAs\":[\"https:\\\/\\\/x.com\\\/admin\"],\"url\":\"https:\\\/\\\/www.organisator.ch\\\/it\\\/author\\\/galledia\\\/\"}]}<\/script>\n<!-- \/ Yoast SEO plugin. -->","yoast_head_json":{"title":"Produzione sostenibile con gestione dell'energia &amp; co. - Organizzatore","description":"Produzione sostenibile: passo dopo passo verso l'efficienza grazie alla gestione dell'energia. Risparmiare sui costi e proteggere l'ambiente.","robots":{"index":"index","follow":"follow","max-snippet":"max-snippet:-1","max-image-preview":"max-image-preview:large","max-video-preview":"max-video-preview:-1"},"canonical":"https:\/\/www.organisator.ch\/it\/eccellenza-operativa\/2022-09-26\/nachhaltige-produktion-mit-energiemanagement-co\/","og_locale":"it_IT","og_type":"article","og_title":"Nachhaltige Produktion mit Energiemanagement &amp; Co. - Organisator","og_description":"Nachhaltige Produktion: Schritt f\u00fcr Schritt zur Effizienz dank Energiemanagement. Kosten sparen und Umwelt schonen.","og_url":"https:\/\/www.organisator.ch\/it\/eccellenza-operativa\/2022-09-26\/nachhaltige-produktion-mit-energiemanagement-co\/","og_site_name":"Organisator","article_publisher":"https:\/\/www.facebook.com\/OrganisatorFachmagazin","article_published_time":"2022-09-26T11:23:47+00:00","article_modified_time":"2024-11-21T07:24:10+00:00","author":"galledia","twitter_card":"summary_large_image","twitter_creator":"@admin","schema":{"@context":"https:\/\/schema.org","@graph":[{"@type":"Article","@id":"https:\/\/www.organisator.ch\/operational-excellence\/2022-09-26\/nachhaltige-produktion-mit-energiemanagement-co\/#article","isPartOf":{"@id":"https:\/\/www.organisator.ch\/operational-excellence\/2022-09-26\/nachhaltige-produktion-mit-energiemanagement-co\/"},"author":{"name":"galledia","@id":"https:\/\/www.organisator.ch\/#\/schema\/person\/4e51799071cd2dd1232ac003643ef5f0"},"headline":"Nachhaltige Produktion mit Energiemanagement &amp; Co.","datePublished":"2022-09-26T11:23:47+00:00","dateModified":"2024-11-21T07:24:10+00:00","mainEntityOfPage":{"@id":"https:\/\/www.organisator.ch\/operational-excellence\/2022-09-26\/nachhaltige-produktion-mit-energiemanagement-co\/"},"wordCount":801,"publisher":{"@id":"https:\/\/www.organisator.ch\/#organization"},"image":{"@id":"https:\/\/www.organisator.ch\/operational-excellence\/2022-09-26\/nachhaltige-produktion-mit-energiemanagement-co\/#primaryimage"},"thumbnailUrl":"https:\/\/www.m-q.ch\/wp-content\/uploads\/2022\/09\/Nachhaltige-Produktion-mit-Energiemanagement-Co_MQ.jpg","keywords":["ISO 50001","MES-L\u00f6sungen"],"articleSection":["OPERATIONAL EXCELLENCE"],"inLanguage":"it-IT"},{"@type":"WebPage","@id":"https:\/\/www.organisator.ch\/operational-excellence\/2022-09-26\/nachhaltige-produktion-mit-energiemanagement-co\/","url":"https:\/\/www.organisator.ch\/operational-excellence\/2022-09-26\/nachhaltige-produktion-mit-energiemanagement-co\/","name":"Produzione sostenibile con gestione dell'energia &amp; co. - Organizzatore","isPartOf":{"@id":"https:\/\/www.organisator.ch\/#website"},"primaryImageOfPage":{"@id":"https:\/\/www.organisator.ch\/operational-excellence\/2022-09-26\/nachhaltige-produktion-mit-energiemanagement-co\/#primaryimage"},"image":{"@id":"https:\/\/www.organisator.ch\/operational-excellence\/2022-09-26\/nachhaltige-produktion-mit-energiemanagement-co\/#primaryimage"},"thumbnailUrl":"https:\/\/www.m-q.ch\/wp-content\/uploads\/2022\/09\/Nachhaltige-Produktion-mit-Energiemanagement-Co_MQ.jpg","datePublished":"2022-09-26T11:23:47+00:00","dateModified":"2024-11-21T07:24:10+00:00","description":"Produzione sostenibile: passo dopo passo verso l'efficienza grazie alla gestione dell'energia. Risparmiare sui costi e proteggere l'ambiente.","breadcrumb":{"@id":"https:\/\/www.organisator.ch\/operational-excellence\/2022-09-26\/nachhaltige-produktion-mit-energiemanagement-co\/#breadcrumb"},"inLanguage":"it-IT","potentialAction":[{"@type":"ReadAction","target":["https:\/\/www.organisator.ch\/operational-excellence\/2022-09-26\/nachhaltige-produktion-mit-energiemanagement-co\/"]}]},{"@type":"ImageObject","inLanguage":"it-IT","@id":"https:\/\/www.organisator.ch\/operational-excellence\/2022-09-26\/nachhaltige-produktion-mit-energiemanagement-co\/#primaryimage","url":"https:\/\/www.m-q.ch\/wp-content\/uploads\/2022\/09\/Nachhaltige-Produktion-mit-Energiemanagement-Co_MQ.jpg","contentUrl":"https:\/\/www.m-q.ch\/wp-content\/uploads\/2022\/09\/Nachhaltige-Produktion-mit-Energiemanagement-Co_MQ.jpg"},{"@type":"BreadcrumbList","@id":"https:\/\/www.organisator.ch\/operational-excellence\/2022-09-26\/nachhaltige-produktion-mit-energiemanagement-co\/#breadcrumb","itemListElement":[{"@type":"ListItem","position":1,"name":"Home","item":"https:\/\/www.organisator.ch\/"},{"@type":"ListItem","position":2,"name":"Nachhaltige Produktion mit Energiemanagement &amp; Co."}]},{"@type":"WebSite","@id":"https:\/\/www.organisator.ch\/#website","url":"https:\/\/www.organisator.ch\/","name":"Organizzatore","description":"Competente. Pratico. In 10 numeri all'anno, ORGANISATOR presenta i temi essenziali per i manager delle PMI.","publisher":{"@id":"https:\/\/www.organisator.ch\/#organization"},"potentialAction":[{"@type":"SearchAction","target":{"@type":"EntryPoint","urlTemplate":"https:\/\/www.organisator.ch\/?s={search_term_string}"},"query-input":{"@type":"PropertyValueSpecification","valueRequired":true,"valueName":"search_term_string"}}],"inLanguage":"it-IT"},{"@type":"Organization","@id":"https:\/\/www.organisator.ch\/#organization","name":"Organizzatore","url":"https:\/\/www.organisator.ch\/","logo":{"@type":"ImageObject","inLanguage":"it-IT","@id":"https:\/\/www.organisator.ch\/#\/schema\/logo\/image\/","url":"https:\/\/www.organisator.ch\/wp-content\/uploads\/2022\/01\/Logo_Organisator_Website.png","contentUrl":"https:\/\/www.organisator.ch\/wp-content\/uploads\/2022\/01\/Logo_Organisator_Website.png","width":800,"height":77,"caption":"Organisator"},"image":{"@id":"https:\/\/www.organisator.ch\/#\/schema\/logo\/image\/"},"sameAs":["https:\/\/www.facebook.com\/OrganisatorFachmagazin","https:\/\/www.linkedin.com\/showcase\/organisator-das-magazin-fr-kmu","https:\/\/www.xing.com\/news\/pages\/organisator-ch-695","https:\/\/www.youtube.com\/channel\/UCGP2Sq0iWaZwT3BdIAQFYpw"]},{"@type":"Person","@id":"https:\/\/www.organisator.ch\/#\/schema\/person\/4e51799071cd2dd1232ac003643ef5f0","name":"galledia","image":{"@type":"ImageObject","inLanguage":"it-IT","@id":"https:\/\/secure.gravatar.com\/avatar\/78a7f90c01fc2bfc875782a0d4922b37cde2cf184ce347b91316d23cd7f69a36?s=96&d=mm&r=g","url":"https:\/\/secure.gravatar.com\/avatar\/78a7f90c01fc2bfc875782a0d4922b37cde2cf184ce347b91316d23cd7f69a36?s=96&d=mm&r=g","contentUrl":"https:\/\/secure.gravatar.com\/avatar\/78a7f90c01fc2bfc875782a0d4922b37cde2cf184ce347b91316d23cd7f69a36?s=96&d=mm&r=g","caption":"galledia"},"sameAs":["https:\/\/x.com\/admin"],"url":"https:\/\/www.organisator.ch\/it\/author\/galledia\/"}]}},"_links":{"self":[{"href":"https:\/\/www.organisator.ch\/it\/wp-json\/wp\/v2\/posts\/17065","targetHints":{"allow":["GET"]}}],"collection":[{"href":"https:\/\/www.organisator.ch\/it\/wp-json\/wp\/v2\/posts"}],"about":[{"href":"https:\/\/www.organisator.ch\/it\/wp-json\/wp\/v2\/types\/post"}],"author":[{"embeddable":true,"href":"https:\/\/www.organisator.ch\/it\/wp-json\/wp\/v2\/users\/8"}],"replies":[{"embeddable":true,"href":"https:\/\/www.organisator.ch\/it\/wp-json\/wp\/v2\/comments?post=17065"}],"version-history":[{"count":4,"href":"https:\/\/www.organisator.ch\/it\/wp-json\/wp\/v2\/posts\/17065\/revisions"}],"predecessor-version":[{"id":33766,"href":"https:\/\/www.organisator.ch\/it\/wp-json\/wp\/v2\/posts\/17065\/revisions\/33766"}],"wp:attachment":[{"href":"https:\/\/www.organisator.ch\/it\/wp-json\/wp\/v2\/media?parent=17065"}],"wp:term":[{"taxonomy":"category","embeddable":true,"href":"https:\/\/www.organisator.ch\/it\/wp-json\/wp\/v2\/categories?post=17065"},{"taxonomy":"post_tag","embeddable":true,"href":"https:\/\/www.organisator.ch\/it\/wp-json\/wp\/v2\/tags?post=17065"}],"curies":[{"name":"wp","href":"https:\/\/api.w.org\/{rel}","templated":true}]}}