{"id":17069,"date":"2022-09-26T16:19:42","date_gmt":"2022-09-26T14:19:42","guid":{"rendered":"https:\/\/www.organisator.ch\/?p=17069"},"modified":"2022-09-26T16:19:42","modified_gmt":"2022-09-26T14:19:42","slug":"werkplatz-schweiz-energie-wird-zur-zusaetzlichen-belastungsprobe","status":"publish","type":"post","link":"https:\/\/www.organisator.ch\/it\/operational-excellence\/2022-09-26\/werkplatz-schweiz-energie-wird-zur-zusaetzlichen-belastungsprobe\/","title":{"rendered":"La Svizzera come luogo di lavoro: l'energia diventa un'ulteriore prova di resistenza"},"content":{"rendered":"<figure id=\"attachment_17070\" aria-describedby=\"caption-attachment-17070\" style=\"width: 680px\" class=\"wp-caption alignnone\"><img loading=\"lazy\" decoding=\"async\" class=\"size-full wp-image-17070\" src=\"https:\/\/www.organisator.ch\/wp-content\/uploads\/2022\/09\/Werkplatz-Schweiz-Energie-wird-zur-zusatzlichen-Belastungsprobe_Organisator.jpg\" alt=\"\" width=\"680\" height=\"453\" srcset=\"https:\/\/www.organisator.ch\/wp-content\/uploads\/2022\/09\/Werkplatz-Schweiz-Energie-wird-zur-zusatzlichen-Belastungsprobe_Organisator.jpg 680w, https:\/\/www.organisator.ch\/wp-content\/uploads\/2022\/09\/Werkplatz-Schweiz-Energie-wird-zur-zusatzlichen-Belastungsprobe_Organisator-18x12.jpg 18w, https:\/\/www.organisator.ch\/wp-content\/uploads\/2022\/09\/Werkplatz-Schweiz-Energie-wird-zur-zusatzlichen-Belastungsprobe_Organisator-263x175.jpg 263w, https:\/\/www.organisator.ch\/wp-content\/uploads\/2022\/09\/Werkplatz-Schweiz-Energie-wird-zur-zusatzlichen-Belastungsprobe_Organisator-525x350.jpg 525w, https:\/\/www.organisator.ch\/wp-content\/uploads\/2022\/09\/Werkplatz-Schweiz-Energie-wird-zur-zusatzlichen-Belastungsprobe_Organisator-300x200.jpg 300w\" sizes=\"auto, (max-width: 680px) 100vw, 680px\" \/><figcaption id=\"caption-attachment-17070\" class=\"wp-caption-text\">L'imminente carenza di elettricit\u00e0 e di altre fonti energetiche sta causando difficolt\u00e0 esistenziali alla piazza economica svizzera. (Immagine: Pixabay.com)<\/figcaption><\/figure>\n<p>Come l'ossigeno che respiriamo, l'energia \u00e8 parte della linfa vitale di un'industria manifatturiera. Decenni di stabilit\u00e0 dei prezzi e di sicurezza degli approvvigionamenti energetici sono stati pesantemente colpiti dai recenti sviluppi. Una recente indagine di Swissmechanic mostra che i forti aumenti dei prezzi e l'incombente carenza di energia rappresentano una minaccia esistenziale per molte aziende.<\/p>\n<h3><strong>Situazione critica per la Svizzera come luogo di lavoro<\/strong><\/h3>\n<p>Pi\u00f9 di 160 imprese svizzere del settore meccanico, provenienti da tutte le regioni della Svizzera, hanno espresso il loro parere sugli effetti dello sviluppo delle principali fonti energetiche, elettricit\u00e0 e gas. I massicci aumenti dei prezzi dominano gli acquisti di energia. Per ben due quinti delle PMI, si tratta di almeno il 50%. Alcune aziende riportano addirittura aumenti dei prezzi superiori al 500% e, in alcuni casi, aumenti delle tariffe elettriche fino al 1600%.<\/p>\n<p>Il 60% delle aziende intervistate ha stipulato contratti a lungo termine con i fornitori di energia. Tuttavia, molti di questi contratti sono in scadenza o scadranno alla fine dell'anno. Questo render\u00e0 l'approvvigionamento ancora pi\u00f9 costoso. \"La situazione \u00e8 critica. Non possiamo trasferire questi prezzi sul mercato\", spiega J\u00fcrg Zwahlen, proprietario di Birchmeier Spr\u00fchtechnik AG. \"Le aziende industriali svizzere hanno gi\u00e0 una posizione competitiva enormemente difficile sui mercati esteri a causa del costante apprezzamento del franco. A questo si aggiungono gli esorbitanti aumenti dei costi dell'elettricit\u00e0. Un altro vantaggio localizzativo si sta dissolvendo\".<\/p>\n<h3><strong>Le chiusure minacciano l'esistenza<\/strong><\/h3>\n<p>Un'altra minaccia potrebbe derivare dalla carenza di energia. L'interruzione della fornitura di energia per quattro ore al giorno e per un periodo pi\u00f9 lungo metterebbe a rischio l'esistenza della loro azienda, confermano pi\u00f9 di due terzi delle imprese meccaniche svizzere intervistate. Ci\u00f2 li costringerebbe a ritirarsi dal mercato.<\/p>\n<p>Per Swissmechanic, la priorit\u00e0 assoluta \u00e8 la sicurezza delle forniture di elettricit\u00e0 e gas nel breve termine. \"Divieti, restrizioni e quote, come quelli attualmente presi in considerazione e pianificati dai politici, non devono essere attuati, o solo in casi di estrema emergenza e con il coinvolgimento dell'economia\/delle imprese, e solo per un periodo di tempo limitato\", sottolinea J\u00fcrg Marti, direttore dell'Associazione. Egli sottolinea inoltre il pericolo di un'espansione strisciante dell'apparato statale sulla scia degli obblighi di rendicontazione e delle misure di controllo e sanzione.<\/p>\n<h3><strong>Domanda: Adattare l'utilizzo della rete a prezzi eccessivi<\/strong><\/h3>\n<p>Per alleviare la situazione dell'offerta, Swissmechanic si aspetta sforzi di risparmio volontari da parte di aziende e famiglie. Se queste non sono sufficienti, l'associazione sostiene la proposta dell'Associazione svizzera di categoria, secondo la quale le catene di valore e le industrie stipulano accordi di risparmio energetico con l'offerta economica nazionale, con piani che essa stessa ha sviluppato.<\/p>\n<p>Inoltre, Swissmechanic considera i costi di rete e i prelievi a carico delle comunit\u00e0 come una leva contro l'aumento dei prezzi dell'elettricit\u00e0 e chiede al Consiglio federale di adeguare l'uso eccessivo della rete.<\/p>\n<p>Un approvvigionamento energetico affidabile e conveniente \u00e8 stato la base della Svizzera come sede produttiva per oltre cento anni. Swissmechanic chiede al Consiglio federale e al Parlamento una politica energetica affidabile che crei solide capacit\u00e0 di produzione di elettricit\u00e0 a breve, medio e lungo termine.<\/p>\n<p><em>Fonte: <a href=\"http:\/\/www.swissmechanic.ch\">Swissmechanic<\/a><\/em><\/p>","protected":false},"excerpt":{"rendered":"<p>Wie der Sauerstoff zum Atmen geh\u00f6rt die Energie zum Lebenselixier einer produzierenden Industrie. Die jahrzehntelange Preisstabilit\u00e4t und Versorgungssicherheit in der Energiebereitstellung sind durch die j\u00fcngste Entwicklung massiv in Mitleidenschaft gezogen worden. Eine aktuelle Umfrage von Swissmechanic zeigt, dass die starken Preiserh\u00f6hungen und die sich abzeichnende Energiemangel\u00adlage f\u00fcr viele Betriebe eine existenzielle Bedrohung darstellt. Situation f\u00fcr [&hellip;]<\/p>\n","protected":false},"author":4,"featured_media":17070,"comment_status":"closed","ping_status":"closed","sticky":false,"template":"","format":"standard","meta":{"_acf_changed":false,"_yoast_wpseo_focuskw":"Werkplatz Schweiz","_yoast_wpseo_metadesc":"Werkplatz Schweiz in Gefahr: Die aktuelle Situation im Strom- und Gasmarkt bedroht die KMU der Maschinen-, Metall- und Elektroindustrie.","articlekey":"","footnotes":""},"categories":[582],"tags":[584,3415,3414,503],"class_list":["post-17069","post","type-post","status-publish","format-standard","has-post-thumbnail","hentry","category-operational-excellence","tag-energie","tag-mangellage","tag-swissmechanic","tag-verbaende"],"acf":[],"yoast_head":"<!-- This site is optimized with the Yoast SEO plugin v27.4 - https:\/\/yoast.com\/product\/yoast-seo-wordpress\/ -->\n<title>Werkplatz Schweiz: Energie wird zur zus\u00e4tzlichen Belastungsprobe - Organisator<\/title>\n<meta name=\"description\" content=\"Werkplatz Schweiz in Gefahr: Die aktuelle Situation im Strom- und Gasmarkt bedroht die KMU der Maschinen-, Metall- und Elektroindustrie.\" \/>\n<meta name=\"robots\" content=\"index, follow, max-snippet:-1, max-image-preview:large, max-video-preview:-1\" \/>\n<link rel=\"canonical\" href=\"https:\/\/www.organisator.ch\/it\/eccellenza-operativa\/2022-09-26\/werkplatz-schweiz-energie-wird-zur-zusaetzlichen-belastungsprobe\/\" \/>\n<meta property=\"og:locale\" content=\"it_IT\" \/>\n<meta property=\"og:type\" content=\"article\" \/>\n<meta property=\"og:title\" content=\"Werkplatz Schweiz: Energie wird zur zus\u00e4tzlichen Belastungsprobe\" \/>\n<meta property=\"og:description\" content=\"Werkplatz Schweiz in Gefahr: Die aktuelle Situation im Strom- und Gasmarkt bedroht die KMU der Maschinen-, Metall- und Elektroindustrie.\" \/>\n<meta property=\"og:url\" content=\"https:\/\/www.organisator.ch\/it\/eccellenza-operativa\/2022-09-26\/werkplatz-schweiz-energie-wird-zur-zusaetzlichen-belastungsprobe\/\" \/>\n<meta property=\"og:site_name\" content=\"Organisator\" \/>\n<meta property=\"article:publisher\" content=\"https:\/\/www.facebook.com\/OrganisatorFachmagazin\" \/>\n<meta property=\"article:published_time\" content=\"2022-09-26T14:19:42+00:00\" \/>\n<meta property=\"og:image\" content=\"https:\/\/www.organisator.ch\/wp-content\/uploads\/2022\/09\/Werkplatz-Schweiz-Energie-wird-zur-zusatzlichen-Belastungsprobe_Organisator.jpg\" \/>\n\t<meta property=\"og:image:width\" content=\"680\" \/>\n\t<meta property=\"og:image:height\" content=\"453\" \/>\n\t<meta property=\"og:image:type\" content=\"image\/jpeg\" \/>\n<meta name=\"author\" content=\"thomas.berner\" \/>\n<meta name=\"twitter:card\" content=\"summary_large_image\" \/>\n<meta name=\"twitter:title\" content=\"#Werkplatz Schweiz: #Energie wird zur zus\u00e4tzlichen #Belastungsprobe\" \/>\n<meta name=\"twitter:description\" content=\"#Werkplatz Schweiz in #Gefahr: Die aktuelle Situation im Strom- und #Gasmarkt bedroht die #KMU der Maschinen-, Metall- und Elektroindustrie.\" \/>\n<meta name=\"twitter:image\" content=\"https:\/\/www.organisator.ch\/wp-content\/uploads\/2022\/09\/Werkplatz-Schweiz-Energie-wird-zur-zusatzlichen-Belastungsprobe_Organisator.jpg\" \/>\n<script type=\"application\/ld+json\" class=\"yoast-schema-graph\">{\"@context\":\"https:\\\/\\\/schema.org\",\"@graph\":[{\"@type\":\"Article\",\"@id\":\"https:\\\/\\\/www.organisator.ch\\\/operational-excellence\\\/2022-09-26\\\/werkplatz-schweiz-energie-wird-zur-zusaetzlichen-belastungsprobe\\\/#article\",\"isPartOf\":{\"@id\":\"https:\\\/\\\/www.organisator.ch\\\/operational-excellence\\\/2022-09-26\\\/werkplatz-schweiz-energie-wird-zur-zusaetzlichen-belastungsprobe\\\/\"},\"author\":{\"name\":\"thomas.berner\",\"@id\":\"https:\\\/\\\/www.organisator.ch\\\/#\\\/schema\\\/person\\\/6f650f90b2842cd4c0cc334b4e36f67e\"},\"headline\":\"Werkplatz Schweiz: Energie wird zur zus\u00e4tzlichen Belastungsprobe\",\"datePublished\":\"2022-09-26T14:19:42+00:00\",\"mainEntityOfPage\":{\"@id\":\"https:\\\/\\\/www.organisator.ch\\\/operational-excellence\\\/2022-09-26\\\/werkplatz-schweiz-energie-wird-zur-zusaetzlichen-belastungsprobe\\\/\"},\"wordCount\":502,\"publisher\":{\"@id\":\"https:\\\/\\\/www.organisator.ch\\\/#organization\"},\"image\":{\"@id\":\"https:\\\/\\\/www.organisator.ch\\\/operational-excellence\\\/2022-09-26\\\/werkplatz-schweiz-energie-wird-zur-zusaetzlichen-belastungsprobe\\\/#primaryimage\"},\"thumbnailUrl\":\"https:\\\/\\\/www.organisator.ch\\\/wp-content\\\/uploads\\\/2022\\\/09\\\/Werkplatz-Schweiz-Energie-wird-zur-zusatzlichen-Belastungsprobe_Organisator.jpg\",\"keywords\":[\"ENERGIE\",\"Mangellage\",\"Swissmechanic\",\"Verb\u00e4nde\"],\"articleSection\":[\"OPERATIONAL EXCELLENCE\"],\"inLanguage\":\"it-IT\"},{\"@type\":\"WebPage\",\"@id\":\"https:\\\/\\\/www.organisator.ch\\\/operational-excellence\\\/2022-09-26\\\/werkplatz-schweiz-energie-wird-zur-zusaetzlichen-belastungsprobe\\\/\",\"url\":\"https:\\\/\\\/www.organisator.ch\\\/operational-excellence\\\/2022-09-26\\\/werkplatz-schweiz-energie-wird-zur-zusaetzlichen-belastungsprobe\\\/\",\"name\":\"Werkplatz Schweiz: Energie wird zur zus\u00e4tzlichen Belastungsprobe - Organisator\",\"isPartOf\":{\"@id\":\"https:\\\/\\\/www.organisator.ch\\\/#website\"},\"primaryImageOfPage\":{\"@id\":\"https:\\\/\\\/www.organisator.ch\\\/operational-excellence\\\/2022-09-26\\\/werkplatz-schweiz-energie-wird-zur-zusaetzlichen-belastungsprobe\\\/#primaryimage\"},\"image\":{\"@id\":\"https:\\\/\\\/www.organisator.ch\\\/operational-excellence\\\/2022-09-26\\\/werkplatz-schweiz-energie-wird-zur-zusaetzlichen-belastungsprobe\\\/#primaryimage\"},\"thumbnailUrl\":\"https:\\\/\\\/www.organisator.ch\\\/wp-content\\\/uploads\\\/2022\\\/09\\\/Werkplatz-Schweiz-Energie-wird-zur-zusatzlichen-Belastungsprobe_Organisator.jpg\",\"datePublished\":\"2022-09-26T14:19:42+00:00\",\"description\":\"Werkplatz Schweiz in Gefahr: Die aktuelle Situation im Strom- und Gasmarkt bedroht die KMU der Maschinen-, Metall- und Elektroindustrie.\",\"breadcrumb\":{\"@id\":\"https:\\\/\\\/www.organisator.ch\\\/operational-excellence\\\/2022-09-26\\\/werkplatz-schweiz-energie-wird-zur-zusaetzlichen-belastungsprobe\\\/#breadcrumb\"},\"inLanguage\":\"it-IT\",\"potentialAction\":[{\"@type\":\"ReadAction\",\"target\":[\"https:\\\/\\\/www.organisator.ch\\\/operational-excellence\\\/2022-09-26\\\/werkplatz-schweiz-energie-wird-zur-zusaetzlichen-belastungsprobe\\\/\"]}]},{\"@type\":\"ImageObject\",\"inLanguage\":\"it-IT\",\"@id\":\"https:\\\/\\\/www.organisator.ch\\\/operational-excellence\\\/2022-09-26\\\/werkplatz-schweiz-energie-wird-zur-zusaetzlichen-belastungsprobe\\\/#primaryimage\",\"url\":\"https:\\\/\\\/www.organisator.ch\\\/wp-content\\\/uploads\\\/2022\\\/09\\\/Werkplatz-Schweiz-Energie-wird-zur-zusatzlichen-Belastungsprobe_Organisator.jpg\",\"contentUrl\":\"https:\\\/\\\/www.organisator.ch\\\/wp-content\\\/uploads\\\/2022\\\/09\\\/Werkplatz-Schweiz-Energie-wird-zur-zusatzlichen-Belastungsprobe_Organisator.jpg\",\"width\":680,\"height\":453,\"caption\":\"Drohende Mangellagen bei Strom und anderen Energietr\u00e4gern bringen den Werkplatz Schweiz in existenzielle Schwierigkeiten. (Bild: Pixabay.com)\"},{\"@type\":\"BreadcrumbList\",\"@id\":\"https:\\\/\\\/www.organisator.ch\\\/operational-excellence\\\/2022-09-26\\\/werkplatz-schweiz-energie-wird-zur-zusaetzlichen-belastungsprobe\\\/#breadcrumb\",\"itemListElement\":[{\"@type\":\"ListItem\",\"position\":1,\"name\":\"Home\",\"item\":\"https:\\\/\\\/www.organisator.ch\\\/\"},{\"@type\":\"ListItem\",\"position\":2,\"name\":\"Werkplatz Schweiz: Energie wird zur zus\u00e4tzlichen Belastungsprobe\"}]},{\"@type\":\"WebSite\",\"@id\":\"https:\\\/\\\/www.organisator.ch\\\/#website\",\"url\":\"https:\\\/\\\/www.organisator.ch\\\/\",\"name\":\"Organisator\",\"description\":\"Kompetent. Praxisnah. Der ORGANISATOR bereitet in 10 Ausgaben pro Jahr die wesentlichen Themen f\u00fcr F\u00fchrungskr\u00e4fte von KMU auf.\",\"publisher\":{\"@id\":\"https:\\\/\\\/www.organisator.ch\\\/#organization\"},\"potentialAction\":[{\"@type\":\"SearchAction\",\"target\":{\"@type\":\"EntryPoint\",\"urlTemplate\":\"https:\\\/\\\/www.organisator.ch\\\/?s={search_term_string}\"},\"query-input\":{\"@type\":\"PropertyValueSpecification\",\"valueRequired\":true,\"valueName\":\"search_term_string\"}}],\"inLanguage\":\"it-IT\"},{\"@type\":\"Organization\",\"@id\":\"https:\\\/\\\/www.organisator.ch\\\/#organization\",\"name\":\"Organisator\",\"url\":\"https:\\\/\\\/www.organisator.ch\\\/\",\"logo\":{\"@type\":\"ImageObject\",\"inLanguage\":\"it-IT\",\"@id\":\"https:\\\/\\\/www.organisator.ch\\\/#\\\/schema\\\/logo\\\/image\\\/\",\"url\":\"https:\\\/\\\/www.organisator.ch\\\/wp-content\\\/uploads\\\/2022\\\/01\\\/Logo_Organisator_Website.png\",\"contentUrl\":\"https:\\\/\\\/www.organisator.ch\\\/wp-content\\\/uploads\\\/2022\\\/01\\\/Logo_Organisator_Website.png\",\"width\":800,\"height\":77,\"caption\":\"Organisator\"},\"image\":{\"@id\":\"https:\\\/\\\/www.organisator.ch\\\/#\\\/schema\\\/logo\\\/image\\\/\"},\"sameAs\":[\"https:\\\/\\\/www.facebook.com\\\/OrganisatorFachmagazin\",\"https:\\\/\\\/www.linkedin.com\\\/showcase\\\/organisator-das-magazin-fr-kmu\",\"https:\\\/\\\/www.xing.com\\\/news\\\/pages\\\/organisator-ch-695\",\"https:\\\/\\\/www.youtube.com\\\/channel\\\/UCGP2Sq0iWaZwT3BdIAQFYpw\"]},{\"@type\":\"Person\",\"@id\":\"https:\\\/\\\/www.organisator.ch\\\/#\\\/schema\\\/person\\\/6f650f90b2842cd4c0cc334b4e36f67e\",\"name\":\"thomas.berner\",\"image\":{\"@type\":\"ImageObject\",\"inLanguage\":\"it-IT\",\"@id\":\"https:\\\/\\\/secure.gravatar.com\\\/avatar\\\/ac5001d2a36cb6c6cd3e50789007ffca834b477b74a2144564522e944eabff61?s=96&d=mm&r=g\",\"url\":\"https:\\\/\\\/secure.gravatar.com\\\/avatar\\\/ac5001d2a36cb6c6cd3e50789007ffca834b477b74a2144564522e944eabff61?s=96&d=mm&r=g\",\"contentUrl\":\"https:\\\/\\\/secure.gravatar.com\\\/avatar\\\/ac5001d2a36cb6c6cd3e50789007ffca834b477b74a2144564522e944eabff61?s=96&d=mm&r=g\",\"caption\":\"thomas.berner\"},\"url\":\"https:\\\/\\\/www.organisator.ch\\\/it\\\/author\\\/thomas-berner\\\/\"}]}<\/script>\n<!-- \/ Yoast SEO plugin. -->","yoast_head_json":{"title":"La Svizzera come luogo di lavoro: l'energia diventa un'ulteriore prova di resistenza - Organizzatore","description":"La Svizzera come luogo di lavoro a rischio: l'attuale situazione del mercato dell'elettricit\u00e0 e del gas minaccia le PMI dell'industria meccanica, metallica ed elettrica.","robots":{"index":"index","follow":"follow","max-snippet":"max-snippet:-1","max-image-preview":"max-image-preview:large","max-video-preview":"max-video-preview:-1"},"canonical":"https:\/\/www.organisator.ch\/it\/eccellenza-operativa\/2022-09-26\/werkplatz-schweiz-energie-wird-zur-zusaetzlichen-belastungsprobe\/","og_locale":"it_IT","og_type":"article","og_title":"Werkplatz Schweiz: Energie wird zur zus\u00e4tzlichen Belastungsprobe","og_description":"Werkplatz Schweiz in Gefahr: Die aktuelle Situation im Strom- und Gasmarkt bedroht die KMU der Maschinen-, Metall- und Elektroindustrie.","og_url":"https:\/\/www.organisator.ch\/it\/eccellenza-operativa\/2022-09-26\/werkplatz-schweiz-energie-wird-zur-zusaetzlichen-belastungsprobe\/","og_site_name":"Organisator","article_publisher":"https:\/\/www.facebook.com\/OrganisatorFachmagazin","article_published_time":"2022-09-26T14:19:42+00:00","og_image":[{"width":680,"height":453,"url":"https:\/\/www.organisator.ch\/wp-content\/uploads\/2022\/09\/Werkplatz-Schweiz-Energie-wird-zur-zusatzlichen-Belastungsprobe_Organisator.jpg","type":"image\/jpeg"}],"author":"thomas.berner","twitter_card":"summary_large_image","twitter_title":"#Werkplatz Schweiz: #Energie wird zur zus\u00e4tzlichen #Belastungsprobe","twitter_description":"#Werkplatz Schweiz in #Gefahr: Die aktuelle Situation im Strom- und #Gasmarkt bedroht die #KMU der Maschinen-, Metall- und Elektroindustrie.","twitter_image":"https:\/\/www.organisator.ch\/wp-content\/uploads\/2022\/09\/Werkplatz-Schweiz-Energie-wird-zur-zusatzlichen-Belastungsprobe_Organisator.jpg","schema":{"@context":"https:\/\/schema.org","@graph":[{"@type":"Article","@id":"https:\/\/www.organisator.ch\/operational-excellence\/2022-09-26\/werkplatz-schweiz-energie-wird-zur-zusaetzlichen-belastungsprobe\/#article","isPartOf":{"@id":"https:\/\/www.organisator.ch\/operational-excellence\/2022-09-26\/werkplatz-schweiz-energie-wird-zur-zusaetzlichen-belastungsprobe\/"},"author":{"name":"thomas.berner","@id":"https:\/\/www.organisator.ch\/#\/schema\/person\/6f650f90b2842cd4c0cc334b4e36f67e"},"headline":"Werkplatz Schweiz: Energie wird zur zus\u00e4tzlichen Belastungsprobe","datePublished":"2022-09-26T14:19:42+00:00","mainEntityOfPage":{"@id":"https:\/\/www.organisator.ch\/operational-excellence\/2022-09-26\/werkplatz-schweiz-energie-wird-zur-zusaetzlichen-belastungsprobe\/"},"wordCount":502,"publisher":{"@id":"https:\/\/www.organisator.ch\/#organization"},"image":{"@id":"https:\/\/www.organisator.ch\/operational-excellence\/2022-09-26\/werkplatz-schweiz-energie-wird-zur-zusaetzlichen-belastungsprobe\/#primaryimage"},"thumbnailUrl":"https:\/\/www.organisator.ch\/wp-content\/uploads\/2022\/09\/Werkplatz-Schweiz-Energie-wird-zur-zusatzlichen-Belastungsprobe_Organisator.jpg","keywords":["ENERGIE","Mangellage","Swissmechanic","Verb\u00e4nde"],"articleSection":["OPERATIONAL EXCELLENCE"],"inLanguage":"it-IT"},{"@type":"WebPage","@id":"https:\/\/www.organisator.ch\/operational-excellence\/2022-09-26\/werkplatz-schweiz-energie-wird-zur-zusaetzlichen-belastungsprobe\/","url":"https:\/\/www.organisator.ch\/operational-excellence\/2022-09-26\/werkplatz-schweiz-energie-wird-zur-zusaetzlichen-belastungsprobe\/","name":"La Svizzera come luogo di lavoro: l'energia diventa un'ulteriore prova di resistenza - Organizzatore","isPartOf":{"@id":"https:\/\/www.organisator.ch\/#website"},"primaryImageOfPage":{"@id":"https:\/\/www.organisator.ch\/operational-excellence\/2022-09-26\/werkplatz-schweiz-energie-wird-zur-zusaetzlichen-belastungsprobe\/#primaryimage"},"image":{"@id":"https:\/\/www.organisator.ch\/operational-excellence\/2022-09-26\/werkplatz-schweiz-energie-wird-zur-zusaetzlichen-belastungsprobe\/#primaryimage"},"thumbnailUrl":"https:\/\/www.organisator.ch\/wp-content\/uploads\/2022\/09\/Werkplatz-Schweiz-Energie-wird-zur-zusatzlichen-Belastungsprobe_Organisator.jpg","datePublished":"2022-09-26T14:19:42+00:00","description":"La Svizzera come luogo di lavoro a rischio: l'attuale situazione del mercato dell'elettricit\u00e0 e del gas minaccia le PMI dell'industria meccanica, metallica ed elettrica.","breadcrumb":{"@id":"https:\/\/www.organisator.ch\/operational-excellence\/2022-09-26\/werkplatz-schweiz-energie-wird-zur-zusaetzlichen-belastungsprobe\/#breadcrumb"},"inLanguage":"it-IT","potentialAction":[{"@type":"ReadAction","target":["https:\/\/www.organisator.ch\/operational-excellence\/2022-09-26\/werkplatz-schweiz-energie-wird-zur-zusaetzlichen-belastungsprobe\/"]}]},{"@type":"ImageObject","inLanguage":"it-IT","@id":"https:\/\/www.organisator.ch\/operational-excellence\/2022-09-26\/werkplatz-schweiz-energie-wird-zur-zusaetzlichen-belastungsprobe\/#primaryimage","url":"https:\/\/www.organisator.ch\/wp-content\/uploads\/2022\/09\/Werkplatz-Schweiz-Energie-wird-zur-zusatzlichen-Belastungsprobe_Organisator.jpg","contentUrl":"https:\/\/www.organisator.ch\/wp-content\/uploads\/2022\/09\/Werkplatz-Schweiz-Energie-wird-zur-zusatzlichen-Belastungsprobe_Organisator.jpg","width":680,"height":453,"caption":"Drohende Mangellagen bei Strom und anderen Energietr\u00e4gern bringen den Werkplatz Schweiz in existenzielle Schwierigkeiten. (Bild: Pixabay.com)"},{"@type":"BreadcrumbList","@id":"https:\/\/www.organisator.ch\/operational-excellence\/2022-09-26\/werkplatz-schweiz-energie-wird-zur-zusaetzlichen-belastungsprobe\/#breadcrumb","itemListElement":[{"@type":"ListItem","position":1,"name":"Home","item":"https:\/\/www.organisator.ch\/"},{"@type":"ListItem","position":2,"name":"Werkplatz Schweiz: Energie wird zur zus\u00e4tzlichen Belastungsprobe"}]},{"@type":"WebSite","@id":"https:\/\/www.organisator.ch\/#website","url":"https:\/\/www.organisator.ch\/","name":"Organizzatore","description":"Competente. Pratico. In 10 numeri all'anno, ORGANISATOR presenta i temi essenziali per i manager delle PMI.","publisher":{"@id":"https:\/\/www.organisator.ch\/#organization"},"potentialAction":[{"@type":"SearchAction","target":{"@type":"EntryPoint","urlTemplate":"https:\/\/www.organisator.ch\/?s={search_term_string}"},"query-input":{"@type":"PropertyValueSpecification","valueRequired":true,"valueName":"search_term_string"}}],"inLanguage":"it-IT"},{"@type":"Organization","@id":"https:\/\/www.organisator.ch\/#organization","name":"Organizzatore","url":"https:\/\/www.organisator.ch\/","logo":{"@type":"ImageObject","inLanguage":"it-IT","@id":"https:\/\/www.organisator.ch\/#\/schema\/logo\/image\/","url":"https:\/\/www.organisator.ch\/wp-content\/uploads\/2022\/01\/Logo_Organisator_Website.png","contentUrl":"https:\/\/www.organisator.ch\/wp-content\/uploads\/2022\/01\/Logo_Organisator_Website.png","width":800,"height":77,"caption":"Organisator"},"image":{"@id":"https:\/\/www.organisator.ch\/#\/schema\/logo\/image\/"},"sameAs":["https:\/\/www.facebook.com\/OrganisatorFachmagazin","https:\/\/www.linkedin.com\/showcase\/organisator-das-magazin-fr-kmu","https:\/\/www.xing.com\/news\/pages\/organisator-ch-695","https:\/\/www.youtube.com\/channel\/UCGP2Sq0iWaZwT3BdIAQFYpw"]},{"@type":"Person","@id":"https:\/\/www.organisator.ch\/#\/schema\/person\/6f650f90b2842cd4c0cc334b4e36f67e","name":"Tommaso.berner","image":{"@type":"ImageObject","inLanguage":"it-IT","@id":"https:\/\/secure.gravatar.com\/avatar\/ac5001d2a36cb6c6cd3e50789007ffca834b477b74a2144564522e944eabff61?s=96&d=mm&r=g","url":"https:\/\/secure.gravatar.com\/avatar\/ac5001d2a36cb6c6cd3e50789007ffca834b477b74a2144564522e944eabff61?s=96&d=mm&r=g","contentUrl":"https:\/\/secure.gravatar.com\/avatar\/ac5001d2a36cb6c6cd3e50789007ffca834b477b74a2144564522e944eabff61?s=96&d=mm&r=g","caption":"thomas.berner"},"url":"https:\/\/www.organisator.ch\/it\/author\/thomas-berner\/"}]}},"_links":{"self":[{"href":"https:\/\/www.organisator.ch\/it\/wp-json\/wp\/v2\/posts\/17069","targetHints":{"allow":["GET"]}}],"collection":[{"href":"https:\/\/www.organisator.ch\/it\/wp-json\/wp\/v2\/posts"}],"about":[{"href":"https:\/\/www.organisator.ch\/it\/wp-json\/wp\/v2\/types\/post"}],"author":[{"embeddable":true,"href":"https:\/\/www.organisator.ch\/it\/wp-json\/wp\/v2\/users\/4"}],"replies":[{"embeddable":true,"href":"https:\/\/www.organisator.ch\/it\/wp-json\/wp\/v2\/comments?post=17069"}],"version-history":[{"count":1,"href":"https:\/\/www.organisator.ch\/it\/wp-json\/wp\/v2\/posts\/17069\/revisions"}],"predecessor-version":[{"id":17071,"href":"https:\/\/www.organisator.ch\/it\/wp-json\/wp\/v2\/posts\/17069\/revisions\/17071"}],"wp:featuredmedia":[{"embeddable":true,"href":"https:\/\/www.organisator.ch\/it\/wp-json\/wp\/v2\/media\/17070"}],"wp:attachment":[{"href":"https:\/\/www.organisator.ch\/it\/wp-json\/wp\/v2\/media?parent=17069"}],"wp:term":[{"taxonomy":"category","embeddable":true,"href":"https:\/\/www.organisator.ch\/it\/wp-json\/wp\/v2\/categories?post=17069"},{"taxonomy":"post_tag","embeddable":true,"href":"https:\/\/www.organisator.ch\/it\/wp-json\/wp\/v2\/tags?post=17069"}],"curies":[{"name":"wp","href":"https:\/\/api.w.org\/{rel}","templated":true}]}}